{"id":96196,"date":"2023-04-24T17:47:28","date_gmt":"2023-04-24T15:47:28","guid":{"rendered":"https:\/\/www.iemj.org\/musique-et-musiciens-de-bal-isaac-strauss-au-service-de-napoleon-iii\/"},"modified":"2023-04-25T17:47:14","modified_gmt":"2023-04-25T15:47:14","slug":"musique-et-musiciens-de-bal-isaac-strauss-au-service-de-napoleon-iii","status":"publish","type":"post","link":"https:\/\/www.iemj.org\/es\/musique-et-musiciens-de-bal-isaac-strauss-au-service-de-napoleon-iii\/","title":{"rendered":"Musique et musiciens de bal \u2013 Isaac Strauss au service de Napol\u00e9on III"},"content":{"rendered":"\n<p><\/p>\n\n\n<h1>M\u00fasica y m\u00fasicos de baile &#8211; Isaac Strauss al servicio de Napole\u00f3n III<\/h1>\n<p><strong>Editions Hermann, 01-02-2023<\/strong><\/p>\n<p>Isaac Strauss (1806-1888) <span class=\"footnote_referrer\"><a role=\"button\" tabindex=\"0\" onclick=\"footnote_moveToReference_96196_1('footnote_plugin_reference_96196_1_1');\" onkeypress=\"footnote_moveToReference_96196_1('footnote_plugin_reference_96196_1_1');\" ><sup id=\"footnote_plugin_tooltip_96196_1_1\" class=\"footnote_plugin_tooltip_text\">[1]<\/sup><\/a><span id=\"footnote_plugin_tooltip_text_96196_1_1\" class=\"footnote_tooltip\">Bisabuelo del antrop\u00f3logo Claude L\u00e9vi-Strauss (1908-2009)<\/span><\/span><script type=\"text\/javascript\"> jQuery('#footnote_plugin_tooltip_96196_1_1').tooltip({ tip: '#footnote_plugin_tooltip_text_96196_1_1', tipClass: 'footnote_tooltip', effect: 'fade', predelay: 0, fadeInSpeed: 200, delay: 400, fadeOutSpeed: 200, position: 'top center', relative: true, offset: [-7, 0], });<\/script> fue el maestro de los bailes de la corte de Napole\u00f3n III hasta 1869, dirigi\u00f3 los bailes de la \u00d3pera y los salones del balneario de Vichy, y public\u00f3 unas 500 danzas, principalmente valses, polcas y cuadrillas. Aunque su <em>Quadrille sur Orph\u00e9e aux enfers<\/em> de Offenbach sigue represent\u00e1ndose en todo el mundo, el \u00abStrauss de Par\u00eds\u00bb ha ca\u00eddo en el olvido, confundido sistem\u00e1ticamente con sus hom\u00f3nimos de Viena, Johann Strauss padre e hijo.<\/p>\n<p>Hijo de un modesto violinista y barbero jud\u00edo de Estrasburgo, Strauss empez\u00f3 como violinista en la orquesta del Th\u00e9\u00e2tre-Italien, pero demostr\u00f3 ser un incansable emprendedor. Contribuy\u00f3 al desarrollo de los balnearios termales de Aix-les-Bains y luego, de 1844 a 1860, de Vichy, donde la nobleza y la burgues\u00eda de toda Europa disfrutaban reuni\u00e9ndose en verano. Hizo construir all\u00ed una villa, que a\u00fan existe, en la que se aloj\u00f3 Napole\u00f3n III durante sus dos primeras curas.<\/p>\n<p>Strauss tambi\u00e9n era conocido como coleccionista de arte; su colecci\u00f3n de objetos de arte hebreo, que ahora se conserva en el Mus\u00e9e d\u2019Art et d\u2019Histoire du Juda\u00efsme de Paris (Museo de Arte e Historia Jud\u00eda de Par\u00eds), fue la primera de su clase, expuesta ya en 1878 en la Exposici\u00f3n Universal de Par\u00eds.<\/p>\n<p>En este libro extremadamente bien documentado, Laure Schnapper traza el notable ascenso de un m\u00fasico en la sociedad francesa del Segundo Imperio. En compa\u00f1\u00eda de los grandes y los buenos, Isaac Strauss supo mantenerse modesto, al tiempo que se hac\u00eda indispensable por su trabajo y su eficacia. En este sentido, Isaac Strauss es un s\u00edmbolo perfecto de la integraci\u00f3n de los jud\u00edos que se convirtieron en ciudadanos franceses de confesi\u00f3n jud\u00eda y que contribuyeron al crecimiento y al prestigio de Francia tras la Emancipaci\u00f3n. Como se\u00f1ala Laure Schnapper, \u00abla m\u00fasica ofreci\u00f3 a los jud\u00edos una v\u00eda privilegiada para integrarse en la sociedad francesa\u00bb, siguiendo el ejemplo de Jacques-Fromental Hal\u00e9vy, Jacques Offenbach, Henri Herz, \u00c9mile Waldteufel y \u00c9mile Jonas.<\/p>\n<p><a href=\"https:\/\/www.fnac.com\/a17732558\/Laure-Schnapper-Musique-et-musiciens-de-bal?oref=00000000-0000-0000-0000-000000000000\" target=\"_blank\" rel=\"noopener\">Pedir el libro<\/a><\/p>\n<p><a href=\"https:\/\/www.iemj.org\/es\/strauss-isaac-1806-1888\/\" target=\"_blank\" rel=\"noopener\">Leer la biograf\u00eda de Isaac Strauss<\/a><\/p>\n<p><a href=\"https:\/\/www.iemj.org\/es\/polka-hanouka\/\" target=\"_blank\" rel=\"noopener\">M\u00e1s informaci\u00f3n sobre la Polka Hanukkah de Isaac Strauss dedicada a la dramaturga Rachel<\/a><\/p>\n\n\n<figure class=\"wp-block-embed is-type-video is-provider-youtube wp-block-embed-youtube wp-embed-aspect-16-9 wp-has-aspect-ratio\"><div class=\"wp-block-embed__wrapper\">\n<iframe title=\"Actualit\u00e9 musicale : Herv\u00e9 Roten re\u00e7oit Laure Schnapper\" width=\"640\" height=\"360\" src=\"https:\/\/www.youtube.com\/embed\/IP2kEboPYC8?feature=oembed\" frameborder=\"0\" allow=\"accelerometer; autoplay; clipboard-write; encrypted-media; gyroscope; picture-in-picture; web-share\" referrerpolicy=\"strict-origin-when-cross-origin\" allowfullscreen><\/iframe>\n<\/div><\/figure>\n\n\n\n<hr class=\"wp-block-separator has-alpha-channel-opacity\"\/>\n\n\n\n<p><strong>Escuchar otras piezas de Isaac Strauss grabadas por la pianista Chantal Riou<\/strong><\/p>\n\n\n\n<div class=\"wp-block-columns is-layout-flex wp-container-core-columns-is-layout-9d6595d7 wp-block-columns-is-layout-flex\">\n<div class=\"wp-block-column is-layout-flow wp-block-column-is-layout-flow\">\n<figure class=\"wp-block-embed is-type-video is-provider-youtube wp-block-embed-youtube wp-embed-aspect-16-9 wp-has-aspect-ratio\"><div class=\"wp-block-embed__wrapper\">\n<iframe title=\"Isaac Strauss : Encore une valse !\" width=\"640\" height=\"360\" src=\"https:\/\/www.youtube.com\/embed\/2qtewSnMM4U?feature=oembed\" frameborder=\"0\" allow=\"accelerometer; autoplay; clipboard-write; encrypted-media; gyroscope; picture-in-picture; web-share\" referrerpolicy=\"strict-origin-when-cross-origin\" allowfullscreen><\/iframe>\n<\/div><figcaption class=\"wp-element-caption\"><em><strong>Encore une valse<\/strong><\/em>, serie de valses para piano, compuestos por Isaac Strauss (1806-1888) &#8211; \u00abel Strauss de Par\u00eds\u00bb &#8211; ofrecidos a los suscriptores del semanario Le M\u00e9nestrel en 1873.<br>Chantal Riou, piano Pleyel 1920<\/figcaption><\/figure>\n\n\n\n<p><\/p>\n<\/div>\n\n\n\n<div class=\"wp-block-column is-layout-flow wp-block-column-is-layout-flow\">\n<figure class=\"wp-block-embed is-type-video is-provider-youtube wp-block-embed-youtube wp-embed-aspect-16-9 wp-has-aspect-ratio\"><div class=\"wp-block-embed__wrapper\">\n<iframe title=\"Isaac Strauss : La belle H\u00e9l\u00e8ne (quadrille)\" width=\"640\" height=\"360\" src=\"https:\/\/www.youtube.com\/embed\/dAtkfDzhTvM?feature=oembed\" frameborder=\"0\" allow=\"accelerometer; autoplay; clipboard-write; encrypted-media; gyroscope; picture-in-picture; web-share\" referrerpolicy=\"strict-origin-when-cross-origin\" allowfullscreen><\/iframe>\n<\/div><figcaption class=\"wp-element-caption\"><em><strong>La belle H\u00e9l\u00e8ne<\/strong><\/em>, cuadrilla compuesta sobre la obra de Offenbach por Isaac Strauss (1806-1888), \u00abel Strauss de Par\u00eds\u00bb, para los bailes de la \u00d3pera en 1865. Tambi\u00e9n compuso una polca y un vals sobre la misma op\u00e9ra-bouffe.<br>Chantal Riou, piano Pleyel 1920<\/figcaption><\/figure>\n<\/div>\n\n\n\n<div class=\"wp-block-column is-layout-flow wp-block-column-is-layout-flow\">\n<figure class=\"wp-block-embed is-type-video is-provider-youtube wp-block-embed-youtube wp-embed-aspect-16-9 wp-has-aspect-ratio\"><div class=\"wp-block-embed__wrapper\">\n<iframe title=\"Isaac Strauss  : Orph\u00e9e aux enfers, polka\" width=\"640\" height=\"360\" src=\"https:\/\/www.youtube.com\/embed\/1JqIDefY3Tk?feature=oembed\" frameborder=\"0\" allow=\"accelerometer; autoplay; clipboard-write; encrypted-media; gyroscope; picture-in-picture; web-share\" referrerpolicy=\"strict-origin-when-cross-origin\" allowfullscreen><\/iframe>\n<\/div><figcaption class=\"wp-element-caption\"><em><strong>Orph\u00e9e aux enfers<\/strong><\/em>, polca. Adem\u00e1s de la famosa cuadrilla, interpretada en todo el mundo, Isaac Strauss compuso una polca sobre la obra de Offenbach para los bailes de la \u00d3pera, de la que era director, cuando se estren\u00f3 en 1858.<br>Chantal Riou, piano Pleyel 1920<\/figcaption><\/figure>\n\n\n\n<p><\/p>\n<\/div>\n<\/div>\n<div class=\"speaker-mute footnotes_reference_container\"> <div class=\"footnote_container_prepare\"><p><span role=\"button\" tabindex=\"0\" class=\"footnote_reference_container_label pointer\" onclick=\"footnote_expand_collapse_reference_container_96196_1();\">&#x202F;<\/span><span role=\"button\" tabindex=\"0\" class=\"footnote_reference_container_collapse_button\" style=\"display: none;\" onclick=\"footnote_expand_collapse_reference_container_96196_1();\">[<a id=\"footnote_reference_container_collapse_button_96196_1\">+<\/a>]<\/span><\/p><\/div> <div id=\"footnote_references_container_96196_1\" style=\"\"><table class=\"footnotes_table footnote-reference-container\"><caption class=\"accessibility\">References<\/caption> <tbody> \r\n\r\n<tr class=\"footnotes_plugin_reference_row\"> <th scope=\"row\" class=\"footnote_plugin_index_combi pointer\"  onclick=\"footnote_moveToAnchor_96196_1('footnote_plugin_tooltip_96196_1_1');\"><a id=\"footnote_plugin_reference_96196_1_1\" class=\"footnote_backlink\">1<\/a><\/th> <td class=\"footnote_plugin_text\">Bisabuelo del antrop\u00f3logo Claude L\u00e9vi-Strauss (1908-2009)<\/td><\/tr>\r\n\r\n <\/tbody> <\/table> <\/div><\/div><script type=\"text\/javascript\"> function footnote_expand_reference_container_96196_1() { jQuery('#footnote_references_container_96196_1').show(); jQuery('#footnote_reference_container_collapse_button_96196_1').text('\u2212'); } function footnote_collapse_reference_container_96196_1() { jQuery('#footnote_references_container_96196_1').hide(); jQuery('#footnote_reference_container_collapse_button_96196_1').text('+'); } function footnote_expand_collapse_reference_container_96196_1() { if (jQuery('#footnote_references_container_96196_1').is(':hidden')) { footnote_expand_reference_container_96196_1(); } else { footnote_collapse_reference_container_96196_1(); } } function footnote_moveToReference_96196_1(p_str_TargetID) { footnote_expand_reference_container_96196_1(); var l_obj_Target = jQuery('#' + p_str_TargetID); if (l_obj_Target.length) { jQuery( 'html, body' ).delay( 0 ); jQuery('html, body').animate({ scrollTop: l_obj_Target.offset().top - window.innerHeight * 0.2 }, 380); } } function footnote_moveToAnchor_96196_1(p_str_TargetID) { footnote_expand_reference_container_96196_1(); var l_obj_Target = jQuery('#' + p_str_TargetID); if (l_obj_Target.length) { jQuery( 'html, body' ).delay( 0 ); jQuery('html, body').animate({ scrollTop: l_obj_Target.offset().top - window.innerHeight * 0.2 }, 380); } }<\/script>","protected":false},"excerpt":{"rendered":"<p>M\u00fasica y m\u00fasicos de baile &#8211; Isaac Strauss al servicio de Napole\u00f3n III Editions Hermann, 01-02-2023 Isaac Strauss (1806-1888) [1]Bisabuelo del antrop\u00f3logo Claude L\u00e9vi-Strauss (1908-2009) fue el maestro de los<\/p>\n","protected":false},"author":5,"featured_media":96179,"comment_status":"closed","ping_status":"closed","sticky":false,"template":"","format":"standard","meta":{"_acf_changed":false,"footnotes":""},"categories":[1560,1577,1565],"tags":[],"technique":[],"squelettes":[],"sujet":[],"formation":[],"genre":[],"fonds":[],"tradition":[],"type-de-contenu":[],"interprete-compositeur":[3171],"frise":[],"type-devenement":[],"tableaux-liens-externes":[],"class_list":["post-96196","post","type-post","status-publish","format-standard","has-post-thumbnail","hentry","category-las-collecciones-es","category-libros-articulos-es","category-ultimas-adquisiciones-es","interprete-compositeur-isaac-strauss-es"],"acf":[],"yoast_head":"<!-- This site is optimized with the Yoast SEO plugin v27.3 - https:\/\/yoast.com\/product\/yoast-seo-wordpress\/ -->\n<title>Musique et musiciens de bal \u2013 Isaac Strauss au service de Napol\u00e9on III - Institut Europ\u00e9en des Musiques Juives<\/title>\n<meta name=\"robots\" content=\"index, follow, max-snippet:-1, max-image-preview:large, max-video-preview:-1\" \/>\n<link rel=\"canonical\" href=\"https:\/\/www.iemj.org\/es\/musique-et-musiciens-de-bal-isaac-strauss-au-service-de-napoleon-iii\/\" \/>\n<meta property=\"og:locale\" content=\"es_ES\" \/>\n<meta property=\"og:type\" content=\"article\" \/>\n<meta property=\"og:title\" content=\"Musique et musiciens de bal \u2013 Isaac Strauss au service de Napol\u00e9on III - Institut Europ\u00e9en des Musiques Juives\" \/>\n<meta property=\"og:description\" content=\"M\u00fasica y m\u00fasicos de baile &#8211; Isaac Strauss al servicio de Napole\u00f3n III Editions Hermann, 01-02-2023 Isaac Strauss (1806-1888) [1]Bisabuelo del antrop\u00f3logo Claude L\u00e9vi-Strauss (1908-2009) fue el maestro de los\" \/>\n<meta property=\"og:url\" content=\"https:\/\/www.iemj.org\/es\/musique-et-musiciens-de-bal-isaac-strauss-au-service-de-napoleon-iii\/\" \/>\n<meta property=\"og:site_name\" content=\"Institut Europ\u00e9en des Musiques Juives\" \/>\n<meta property=\"article:publisher\" content=\"https:\/\/www.facebook.com\/MusiquesJuives\/\" \/>\n<meta property=\"article:published_time\" content=\"2023-04-24T15:47:28+00:00\" \/>\n<meta property=\"article:modified_time\" content=\"2023-04-25T15:47:14+00:00\" \/>\n<meta property=\"og:image\" content=\"https:\/\/www.iemj.org\/wp-content\/uploads\/2023\/04\/Couv-Livre_redim.jpg\" \/>\n\t<meta property=\"og:image:width\" content=\"389\" \/>\n\t<meta property=\"og:image:height\" content=\"500\" \/>\n\t<meta property=\"og:image:type\" content=\"image\/jpeg\" \/>\n<meta name=\"author\" content=\"Jacqueline ROTEN\" \/>\n<meta name=\"twitter:card\" content=\"summary_large_image\" \/>\n<meta name=\"twitter:label1\" content=\"Escrito por\" \/>\n\t<meta name=\"twitter:data1\" content=\"Jacqueline ROTEN\" \/>\n\t<meta name=\"twitter:label2\" content=\"Tiempo de lectura\" \/>\n\t<meta name=\"twitter:data2\" content=\"3 minutos\" \/>\n<script type=\"application\/ld+json\" class=\"yoast-schema-graph\">{\"@context\":\"https:\\\/\\\/schema.org\",\"@graph\":[{\"@type\":\"Article\",\"@id\":\"https:\\\/\\\/www.iemj.org\\\/es\\\/musique-et-musiciens-de-bal-isaac-strauss-au-service-de-napoleon-iii\\\/#article\",\"isPartOf\":{\"@id\":\"https:\\\/\\\/www.iemj.org\\\/es\\\/musique-et-musiciens-de-bal-isaac-strauss-au-service-de-napoleon-iii\\\/\"},\"author\":{\"name\":\"Jacqueline ROTEN\",\"@id\":\"https:\\\/\\\/www.iemj.org\\\/es\\\/#\\\/schema\\\/person\\\/358e26c18aca017fcc4cc15437f7279c\"},\"headline\":\"Musique et musiciens de bal \u2013 Isaac Strauss au service de Napol\u00e9on III\",\"datePublished\":\"2023-04-24T15:47:28+00:00\",\"dateModified\":\"2023-04-25T15:47:14+00:00\",\"mainEntityOfPage\":{\"@id\":\"https:\\\/\\\/www.iemj.org\\\/es\\\/musique-et-musiciens-de-bal-isaac-strauss-au-service-de-napoleon-iii\\\/\"},\"wordCount\":576,\"publisher\":{\"@id\":\"https:\\\/\\\/www.iemj.org\\\/es\\\/#organization\"},\"image\":{\"@id\":\"https:\\\/\\\/www.iemj.org\\\/es\\\/musique-et-musiciens-de-bal-isaac-strauss-au-service-de-napoleon-iii\\\/#primaryimage\"},\"thumbnailUrl\":\"https:\\\/\\\/www.iemj.org\\\/wp-content\\\/uploads\\\/2023\\\/04\\\/Couv-Livre_redim.jpg\",\"articleSection\":[\"Las Collecciones\",\"Libros, art\u00edculos\",\"\u00daltimas adquisiciones\"],\"inLanguage\":\"es\"},{\"@type\":\"WebPage\",\"@id\":\"https:\\\/\\\/www.iemj.org\\\/es\\\/musique-et-musiciens-de-bal-isaac-strauss-au-service-de-napoleon-iii\\\/\",\"url\":\"https:\\\/\\\/www.iemj.org\\\/es\\\/musique-et-musiciens-de-bal-isaac-strauss-au-service-de-napoleon-iii\\\/\",\"name\":\"Musique et musiciens de bal \u2013 Isaac Strauss au service de Napol\u00e9on III - Institut Europ\u00e9en des Musiques Juives\",\"isPartOf\":{\"@id\":\"https:\\\/\\\/www.iemj.org\\\/es\\\/#website\"},\"primaryImageOfPage\":{\"@id\":\"https:\\\/\\\/www.iemj.org\\\/es\\\/musique-et-musiciens-de-bal-isaac-strauss-au-service-de-napoleon-iii\\\/#primaryimage\"},\"image\":{\"@id\":\"https:\\\/\\\/www.iemj.org\\\/es\\\/musique-et-musiciens-de-bal-isaac-strauss-au-service-de-napoleon-iii\\\/#primaryimage\"},\"thumbnailUrl\":\"https:\\\/\\\/www.iemj.org\\\/wp-content\\\/uploads\\\/2023\\\/04\\\/Couv-Livre_redim.jpg\",\"datePublished\":\"2023-04-24T15:47:28+00:00\",\"dateModified\":\"2023-04-25T15:47:14+00:00\",\"breadcrumb\":{\"@id\":\"https:\\\/\\\/www.iemj.org\\\/es\\\/musique-et-musiciens-de-bal-isaac-strauss-au-service-de-napoleon-iii\\\/#breadcrumb\"},\"inLanguage\":\"es\",\"potentialAction\":[{\"@type\":\"ReadAction\",\"target\":[\"https:\\\/\\\/www.iemj.org\\\/es\\\/musique-et-musiciens-de-bal-isaac-strauss-au-service-de-napoleon-iii\\\/\"]}]},{\"@type\":\"ImageObject\",\"inLanguage\":\"es\",\"@id\":\"https:\\\/\\\/www.iemj.org\\\/es\\\/musique-et-musiciens-de-bal-isaac-strauss-au-service-de-napoleon-iii\\\/#primaryimage\",\"url\":\"https:\\\/\\\/www.iemj.org\\\/wp-content\\\/uploads\\\/2023\\\/04\\\/Couv-Livre_redim.jpg\",\"contentUrl\":\"https:\\\/\\\/www.iemj.org\\\/wp-content\\\/uploads\\\/2023\\\/04\\\/Couv-Livre_redim.jpg\",\"width\":389,\"height\":500},{\"@type\":\"BreadcrumbList\",\"@id\":\"https:\\\/\\\/www.iemj.org\\\/es\\\/musique-et-musiciens-de-bal-isaac-strauss-au-service-de-napoleon-iii\\\/#breadcrumb\",\"itemListElement\":[{\"@type\":\"ListItem\",\"position\":1,\"name\":\"Accueil\",\"item\":\"https:\\\/\\\/www.iemj.org\\\/es\\\/\"},{\"@type\":\"ListItem\",\"position\":2,\"name\":\"Musique et musiciens de bal \u2013 Isaac Strauss au service de Napol\u00e9on III\"}]},{\"@type\":\"WebSite\",\"@id\":\"https:\\\/\\\/www.iemj.org\\\/es\\\/#website\",\"url\":\"https:\\\/\\\/www.iemj.org\\\/es\\\/\",\"name\":\"Institut Europ\u00e9en des Musiques Juives\",\"description\":\"Des traditions musicales \u00e0 la port\u00e9e de tous\",\"publisher\":{\"@id\":\"https:\\\/\\\/www.iemj.org\\\/es\\\/#organization\"},\"potentialAction\":[{\"@type\":\"SearchAction\",\"target\":{\"@type\":\"EntryPoint\",\"urlTemplate\":\"https:\\\/\\\/www.iemj.org\\\/es\\\/?s={search_term_string}\"},\"query-input\":{\"@type\":\"PropertyValueSpecification\",\"valueRequired\":true,\"valueName\":\"search_term_string\"}}],\"inLanguage\":\"es\"},{\"@type\":\"Organization\",\"@id\":\"https:\\\/\\\/www.iemj.org\\\/es\\\/#organization\",\"name\":\"Institut Europ\u00e9en des Musiques Juives\",\"url\":\"https:\\\/\\\/www.iemj.org\\\/es\\\/\",\"logo\":{\"@type\":\"ImageObject\",\"inLanguage\":\"es\",\"@id\":\"https:\\\/\\\/www.iemj.org\\\/es\\\/#\\\/schema\\\/logo\\\/image\\\/\",\"url\":\"https:\\\/\\\/www.iemj.org\\\/wp-content\\\/uploads\\\/2021\\\/09\\\/Logo-IEMJ-Paypal.jpg\",\"contentUrl\":\"https:\\\/\\\/www.iemj.org\\\/wp-content\\\/uploads\\\/2021\\\/09\\\/Logo-IEMJ-Paypal.jpg\",\"width\":150,\"height\":50,\"caption\":\"Institut Europ\u00e9en des Musiques Juives\"},\"image\":{\"@id\":\"https:\\\/\\\/www.iemj.org\\\/es\\\/#\\\/schema\\\/logo\\\/image\\\/\"},\"sameAs\":[\"https:\\\/\\\/www.facebook.com\\\/MusiquesJuives\\\/\",\"https:\\\/\\\/www.instagram.com\\\/musiquesjuives\\\/\",\"https:\\\/\\\/www.youtube.com\\\/user\\\/musiquesjuives\"]},{\"@type\":\"Person\",\"@id\":\"https:\\\/\\\/www.iemj.org\\\/es\\\/#\\\/schema\\\/person\\\/358e26c18aca017fcc4cc15437f7279c\",\"name\":\"Jacqueline ROTEN\",\"image\":{\"@type\":\"ImageObject\",\"inLanguage\":\"es\",\"@id\":\"https:\\\/\\\/secure.gravatar.com\\\/avatar\\\/5964256d6c6957de3a3505278957e0fb2a35119ac47ea41827a65301213c810b?s=96&d=mm&r=g\",\"url\":\"https:\\\/\\\/secure.gravatar.com\\\/avatar\\\/5964256d6c6957de3a3505278957e0fb2a35119ac47ea41827a65301213c810b?s=96&d=mm&r=g\",\"contentUrl\":\"https:\\\/\\\/secure.gravatar.com\\\/avatar\\\/5964256d6c6957de3a3505278957e0fb2a35119ac47ea41827a65301213c810b?s=96&d=mm&r=g\",\"caption\":\"Jacqueline ROTEN\"}}]}<\/script>\n<!-- \/ Yoast SEO plugin. -->","yoast_head_json":{"title":"Musique et musiciens de bal \u2013 Isaac Strauss au service de Napol\u00e9on III - Institut Europ\u00e9en des Musiques Juives","robots":{"index":"index","follow":"follow","max-snippet":"max-snippet:-1","max-image-preview":"max-image-preview:large","max-video-preview":"max-video-preview:-1"},"canonical":"https:\/\/www.iemj.org\/es\/musique-et-musiciens-de-bal-isaac-strauss-au-service-de-napoleon-iii\/","og_locale":"es_ES","og_type":"article","og_title":"Musique et musiciens de bal \u2013 Isaac Strauss au service de Napol\u00e9on III - Institut Europ\u00e9en des Musiques Juives","og_description":"M\u00fasica y m\u00fasicos de baile &#8211; Isaac Strauss al servicio de Napole\u00f3n III Editions Hermann, 01-02-2023 Isaac Strauss (1806-1888) [1]Bisabuelo del antrop\u00f3logo Claude L\u00e9vi-Strauss (1908-2009) fue el maestro de los","og_url":"https:\/\/www.iemj.org\/es\/musique-et-musiciens-de-bal-isaac-strauss-au-service-de-napoleon-iii\/","og_site_name":"Institut Europ\u00e9en des Musiques Juives","article_publisher":"https:\/\/www.facebook.com\/MusiquesJuives\/","article_published_time":"2023-04-24T15:47:28+00:00","article_modified_time":"2023-04-25T15:47:14+00:00","og_image":[{"width":389,"height":500,"url":"https:\/\/www.iemj.org\/wp-content\/uploads\/2023\/04\/Couv-Livre_redim.jpg","type":"image\/jpeg"}],"author":"Jacqueline ROTEN","twitter_card":"summary_large_image","twitter_misc":{"Escrito por":"Jacqueline ROTEN","Tiempo de lectura":"3 minutos"},"schema":{"@context":"https:\/\/schema.org","@graph":[{"@type":"Article","@id":"https:\/\/www.iemj.org\/es\/musique-et-musiciens-de-bal-isaac-strauss-au-service-de-napoleon-iii\/#article","isPartOf":{"@id":"https:\/\/www.iemj.org\/es\/musique-et-musiciens-de-bal-isaac-strauss-au-service-de-napoleon-iii\/"},"author":{"name":"Jacqueline ROTEN","@id":"https:\/\/www.iemj.org\/es\/#\/schema\/person\/358e26c18aca017fcc4cc15437f7279c"},"headline":"Musique et musiciens de bal \u2013 Isaac Strauss au service de Napol\u00e9on III","datePublished":"2023-04-24T15:47:28+00:00","dateModified":"2023-04-25T15:47:14+00:00","mainEntityOfPage":{"@id":"https:\/\/www.iemj.org\/es\/musique-et-musiciens-de-bal-isaac-strauss-au-service-de-napoleon-iii\/"},"wordCount":576,"publisher":{"@id":"https:\/\/www.iemj.org\/es\/#organization"},"image":{"@id":"https:\/\/www.iemj.org\/es\/musique-et-musiciens-de-bal-isaac-strauss-au-service-de-napoleon-iii\/#primaryimage"},"thumbnailUrl":"https:\/\/www.iemj.org\/wp-content\/uploads\/2023\/04\/Couv-Livre_redim.jpg","articleSection":["Las Collecciones","Libros, art\u00edculos","\u00daltimas adquisiciones"],"inLanguage":"es"},{"@type":"WebPage","@id":"https:\/\/www.iemj.org\/es\/musique-et-musiciens-de-bal-isaac-strauss-au-service-de-napoleon-iii\/","url":"https:\/\/www.iemj.org\/es\/musique-et-musiciens-de-bal-isaac-strauss-au-service-de-napoleon-iii\/","name":"Musique et musiciens de bal \u2013 Isaac Strauss au service de Napol\u00e9on III - Institut Europ\u00e9en des Musiques Juives","isPartOf":{"@id":"https:\/\/www.iemj.org\/es\/#website"},"primaryImageOfPage":{"@id":"https:\/\/www.iemj.org\/es\/musique-et-musiciens-de-bal-isaac-strauss-au-service-de-napoleon-iii\/#primaryimage"},"image":{"@id":"https:\/\/www.iemj.org\/es\/musique-et-musiciens-de-bal-isaac-strauss-au-service-de-napoleon-iii\/#primaryimage"},"thumbnailUrl":"https:\/\/www.iemj.org\/wp-content\/uploads\/2023\/04\/Couv-Livre_redim.jpg","datePublished":"2023-04-24T15:47:28+00:00","dateModified":"2023-04-25T15:47:14+00:00","breadcrumb":{"@id":"https:\/\/www.iemj.org\/es\/musique-et-musiciens-de-bal-isaac-strauss-au-service-de-napoleon-iii\/#breadcrumb"},"inLanguage":"es","potentialAction":[{"@type":"ReadAction","target":["https:\/\/www.iemj.org\/es\/musique-et-musiciens-de-bal-isaac-strauss-au-service-de-napoleon-iii\/"]}]},{"@type":"ImageObject","inLanguage":"es","@id":"https:\/\/www.iemj.org\/es\/musique-et-musiciens-de-bal-isaac-strauss-au-service-de-napoleon-iii\/#primaryimage","url":"https:\/\/www.iemj.org\/wp-content\/uploads\/2023\/04\/Couv-Livre_redim.jpg","contentUrl":"https:\/\/www.iemj.org\/wp-content\/uploads\/2023\/04\/Couv-Livre_redim.jpg","width":389,"height":500},{"@type":"BreadcrumbList","@id":"https:\/\/www.iemj.org\/es\/musique-et-musiciens-de-bal-isaac-strauss-au-service-de-napoleon-iii\/#breadcrumb","itemListElement":[{"@type":"ListItem","position":1,"name":"Accueil","item":"https:\/\/www.iemj.org\/es\/"},{"@type":"ListItem","position":2,"name":"Musique et musiciens de bal \u2013 Isaac Strauss au service de Napol\u00e9on III"}]},{"@type":"WebSite","@id":"https:\/\/www.iemj.org\/es\/#website","url":"https:\/\/www.iemj.org\/es\/","name":"Institut Europ\u00e9en des Musiques Juives","description":"Des traditions musicales \u00e0 la port\u00e9e de tous","publisher":{"@id":"https:\/\/www.iemj.org\/es\/#organization"},"potentialAction":[{"@type":"SearchAction","target":{"@type":"EntryPoint","urlTemplate":"https:\/\/www.iemj.org\/es\/?s={search_term_string}"},"query-input":{"@type":"PropertyValueSpecification","valueRequired":true,"valueName":"search_term_string"}}],"inLanguage":"es"},{"@type":"Organization","@id":"https:\/\/www.iemj.org\/es\/#organization","name":"Institut Europ\u00e9en des Musiques Juives","url":"https:\/\/www.iemj.org\/es\/","logo":{"@type":"ImageObject","inLanguage":"es","@id":"https:\/\/www.iemj.org\/es\/#\/schema\/logo\/image\/","url":"https:\/\/www.iemj.org\/wp-content\/uploads\/2021\/09\/Logo-IEMJ-Paypal.jpg","contentUrl":"https:\/\/www.iemj.org\/wp-content\/uploads\/2021\/09\/Logo-IEMJ-Paypal.jpg","width":150,"height":50,"caption":"Institut Europ\u00e9en des Musiques Juives"},"image":{"@id":"https:\/\/www.iemj.org\/es\/#\/schema\/logo\/image\/"},"sameAs":["https:\/\/www.facebook.com\/MusiquesJuives\/","https:\/\/www.instagram.com\/musiquesjuives\/","https:\/\/www.youtube.com\/user\/musiquesjuives"]},{"@type":"Person","@id":"https:\/\/www.iemj.org\/es\/#\/schema\/person\/358e26c18aca017fcc4cc15437f7279c","name":"Jacqueline ROTEN","image":{"@type":"ImageObject","inLanguage":"es","@id":"https:\/\/secure.gravatar.com\/avatar\/5964256d6c6957de3a3505278957e0fb2a35119ac47ea41827a65301213c810b?s=96&d=mm&r=g","url":"https:\/\/secure.gravatar.com\/avatar\/5964256d6c6957de3a3505278957e0fb2a35119ac47ea41827a65301213c810b?s=96&d=mm&r=g","contentUrl":"https:\/\/secure.gravatar.com\/avatar\/5964256d6c6957de3a3505278957e0fb2a35119ac47ea41827a65301213c810b?s=96&d=mm&r=g","caption":"Jacqueline ROTEN"}}]}},"_links":{"self":[{"href":"https:\/\/www.iemj.org\/es\/wp-json\/wp\/v2\/posts\/96196","targetHints":{"allow":["GET"]}}],"collection":[{"href":"https:\/\/www.iemj.org\/es\/wp-json\/wp\/v2\/posts"}],"about":[{"href":"https:\/\/www.iemj.org\/es\/wp-json\/wp\/v2\/types\/post"}],"author":[{"embeddable":true,"href":"https:\/\/www.iemj.org\/es\/wp-json\/wp\/v2\/users\/5"}],"replies":[{"embeddable":true,"href":"https:\/\/www.iemj.org\/es\/wp-json\/wp\/v2\/comments?post=96196"}],"version-history":[{"count":0,"href":"https:\/\/www.iemj.org\/es\/wp-json\/wp\/v2\/posts\/96196\/revisions"}],"wp:featuredmedia":[{"embeddable":true,"href":"https:\/\/www.iemj.org\/es\/wp-json\/wp\/v2\/media\/96179"}],"wp:attachment":[{"href":"https:\/\/www.iemj.org\/es\/wp-json\/wp\/v2\/media?parent=96196"}],"wp:term":[{"taxonomy":"category","embeddable":true,"href":"https:\/\/www.iemj.org\/es\/wp-json\/wp\/v2\/categories?post=96196"},{"taxonomy":"post_tag","embeddable":true,"href":"https:\/\/www.iemj.org\/es\/wp-json\/wp\/v2\/tags?post=96196"},{"taxonomy":"technique","embeddable":true,"href":"https:\/\/www.iemj.org\/es\/wp-json\/wp\/v2\/technique?post=96196"},{"taxonomy":"squelettes","embeddable":true,"href":"https:\/\/www.iemj.org\/es\/wp-json\/wp\/v2\/squelettes?post=96196"},{"taxonomy":"sujet","embeddable":true,"href":"https:\/\/www.iemj.org\/es\/wp-json\/wp\/v2\/sujet?post=96196"},{"taxonomy":"formation","embeddable":true,"href":"https:\/\/www.iemj.org\/es\/wp-json\/wp\/v2\/formation?post=96196"},{"taxonomy":"genre","embeddable":true,"href":"https:\/\/www.iemj.org\/es\/wp-json\/wp\/v2\/genre?post=96196"},{"taxonomy":"fonds","embeddable":true,"href":"https:\/\/www.iemj.org\/es\/wp-json\/wp\/v2\/fonds?post=96196"},{"taxonomy":"tradition","embeddable":true,"href":"https:\/\/www.iemj.org\/es\/wp-json\/wp\/v2\/tradition?post=96196"},{"taxonomy":"type-de-contenu","embeddable":true,"href":"https:\/\/www.iemj.org\/es\/wp-json\/wp\/v2\/type-de-contenu?post=96196"},{"taxonomy":"interprete-compositeur","embeddable":true,"href":"https:\/\/www.iemj.org\/es\/wp-json\/wp\/v2\/interprete-compositeur?post=96196"},{"taxonomy":"frise","embeddable":true,"href":"https:\/\/www.iemj.org\/es\/wp-json\/wp\/v2\/frise?post=96196"},{"taxonomy":"type-devenement","embeddable":true,"href":"https:\/\/www.iemj.org\/es\/wp-json\/wp\/v2\/type-devenement?post=96196"},{"taxonomy":"tableaux-liens-externes","embeddable":true,"href":"https:\/\/www.iemj.org\/es\/wp-json\/wp\/v2\/tableaux-liens-externes?post=96196"}],"curies":[{"name":"wp","href":"https:\/\/api.w.org\/{rel}","templated":true}]}}