{"id":97190,"date":"2018-10-03T09:44:01","date_gmt":"2018-10-03T07:44:01","guid":{"rendered":"https:\/\/www.iemj.org\/concert-exposition-a-la-chapelle-en-serval-hommage-a-fernand-halphen\/"},"modified":"2023-05-24T17:34:29","modified_gmt":"2023-05-24T15:34:29","slug":"concert-exposition-a-la-chapelle-en-serval-hommage-a-fernand-halphen","status":"publish","type":"post","link":"https:\/\/www.iemj.org\/es\/concert-exposition-a-la-chapelle-en-serval-hommage-a-fernand-halphen\/","title":{"rendered":"Concierto &#8211; Exposici\u00f3n en La Chapelle-en-Serval, Homenaje a Fernand Halphen"},"content":{"rendered":"\n<p><\/p>\n\n\n<p><\/p>\n<p><!--more--><\/p>\n<p>Con ocasi\u00f3n de la exposici\u00f3n del centenario del final de la Primera Guerra Mundial, y para rendir homenaje a todos los \u201cMorts pour la France\u201d (Muertos por Francia) de La Chapelle-en-Serval y de Orry-la-ville, en presencia del Se\u00f1or Daniel Dray, Alcalde de La Chapelle-en-Serval, del Se\u00f1or Henri y de la Se\u00f1ora Nad\u00e8ge Lefebvre Presidenta del Consejo Departamental de Oise, el sal\u00f3n de Fiestas de La Chapelle-en-Serval se llamar\u00e1 \u201csala Fernand Halphen\u201d, en homenaje a este compositor que gan\u00f3 el premio de Roma y edificador del castillo Mont Royal, muerto por Francia.<\/p>\n<p><strong><img fetchpriority=\"high\" decoding=\"async\" class=\" alignright size-full wp-image-21036\" src=\"https:\/\/www.iemj.org\/wp-content\/uploads\/2018\/10\/20181007_144852_001_-_redim.jpg\" alt=\"20181007_144852_001_-_redim.jpg\" width=\"168\" height=\"298\" align=\"right\">Inauguraci\u00f3n de la Sala Fernand Halphen seguida de un concierto:<\/strong><br>Se rendir\u00e1 un homenaje al Capit\u00e1n <a href=\"https:\/\/www.iemj.org\/es\/halphen-fernand-1872-1917\/\">Fernand Halphen<\/a> del 13\u00b0 regimiento de Infanter\u00eda, autor compositor de una sinfon\u00eda, de cientos de melod\u00edas, de una \u00f3pera \u00ab le Cor fleuri \u00bb y otras obras, muerto por Francia el 16 de mayo de 1917.<\/p>\n<p>El concierto, en torno a sus obras, se llevar\u00e1 a cabo en presencia de su familia y numerosos representantes electos cuyos Se\u00f1ores J\u00e9r\u00f4me Bascher, \u00c9ric Woerth, S\u00e9nateur, Diputado de Oise y Herv\u00e9 Roten, Directo del Instituto Europeo de M\u00fasicas Jud\u00edas, representando a su Presidenta la Se\u00f1ora Laure Schnapper.<\/p>\n<p>Concierto dirigido por <strong>Christophe Chauvet<\/strong> al piano, acompa\u00f1ado por <strong>Elodie KIMMEL<\/strong> (soprano), <strong>Kledis REXHO<\/strong> (viol\u00edn), y <strong>Martin BARRAL<\/strong> (violonchelo).<\/p>\n<p><em><img decoding=\"async\" class=\" alignleft size-full wp-image-21038\" src=\"https:\/\/www.iemj.org\/wp-content\/uploads\/2018\/10\/20181007_145106_-_pour_aricle_site.jpg\" alt=\"20181007_145106_-_pour_aricle_site.jpg\" width=\"166\" height=\"296\" align=\"left\"><\/em><\/p>\n<p><em>Entrada libre<\/em><br>\u2013 \u2013 \u2013 \u2013 \u2013<br>Homenaje<em> que terminar\u00e1 con un aperitivo.<\/em><\/p>\n<p><em>&nbsp;<\/em><\/p>\n<h2><strong><a href=\"https:\/\/www.iemj.org\/es\/concert-hommage-a-fernand-halphen-a-la-chapelle-en-serval\/\" target=\"_blank\" rel=\"noopener\">Ver fragmentos del concierto<\/a><\/strong><\/h2>\n<p><\/p>\n<p><strong>Informaci\u00f3n y reservaciones<\/strong>: Ayuntamiento de La Chapelle-en-Serval<br>Tel : 03 44 54 60 29 o correo electr\u00f3nico: <a href=\"mairie@lces.fr\">mairie@lces.fr<\/a><\/p>\n<p><\/p>\n<p style=\"text-align: center;\">\u25ca\u25ca\u25ca\u25ca\u25ca\u25ca\u25ca<\/p>\n\n\n<div class=\"wp-block-columns is-layout-flex wp-container-core-columns-is-layout-9d6595d7 wp-block-columns-is-layout-flex\">\n<div class=\"wp-block-column is-layout-flow wp-block-column-is-layout-flow\">\n<figure class=\"wp-block-image size-large\"><img decoding=\"async\" src=\"https:\/\/www.iemj.org\/wp-content\/uploads\/2018\/10\/20181007_144738_-_redim.jpg\" alt=\"\"\/><\/figure>\n<\/div>\n\n\n\n<div class=\"wp-block-column is-layout-flow wp-block-column-is-layout-flow\">\n<figure class=\"wp-block-image size-large is-resized\"><img decoding=\"async\" src=\"https:\/\/www.iemj.org\/wp-content\/uploads\/2018\/10\/20181007_144800_-_redim.jpg\" alt=\"\" width=\"298\" height=\"168\"\/><\/figure>\n<\/div>\n<\/div>\n\n\n\n<div class=\"wp-block-columns is-layout-flex wp-container-core-columns-is-layout-9d6595d7 wp-block-columns-is-layout-flex\">\n<div class=\"wp-block-column is-layout-flow wp-block-column-is-layout-flow\">\n<figure class=\"wp-block-image size-large\"><img decoding=\"async\" src=\"https:\/\/www.iemj.org\/wp-content\/uploads\/2018\/10\/20181007_150814_-_redim.jpg\" alt=\"\"\/><\/figure>\n<\/div>\n\n\n\n<div class=\"wp-block-column is-layout-flow wp-block-column-is-layout-flow\">\n<figure class=\"wp-block-image size-large\"><img decoding=\"async\" src=\"https:\/\/www.iemj.org\/wp-content\/uploads\/2018\/10\/20181007_144656_-_redim.jpg\" alt=\"\"\/><\/figure>\n<\/div>\n<\/div>\n","protected":false},"excerpt":{"rendered":"","protected":false},"author":5,"featured_media":97191,"comment_status":"closed","ping_status":"open","sticky":false,"template":"","format":"standard","meta":{"_acf_changed":false,"footnotes":""},"categories":[1380,1372],"tags":[3422],"technique":[],"squelettes":[],"sujet":[],"formation":[],"genre":[],"fonds":[],"tradition":[],"type-de-contenu":[],"interprete-compositeur":[3166],"frise":[],"type-devenement":[],"tableaux-liens-externes":[],"class_list":["post-97190","post","type-post","status-publish","format-standard","has-post-thumbnail","hentry","category-conciertos-manifestaciones-es","category-manifestaciones-es","tag-eventos-asociados-es","interprete-compositeur-fernand-halphen-es"],"acf":[],"yoast_head":"<!-- This site is optimized with the Yoast SEO plugin v27.3 - https:\/\/yoast.com\/product\/yoast-seo-wordpress\/ -->\n<title>Concierto - Exposici\u00f3n en La Chapelle-en-Serval, Homenaje a Fernand Halphen - Institut Europ\u00e9en des Musiques Juives<\/title>\n<meta name=\"robots\" content=\"noindex, follow\" \/>\n<meta property=\"og:locale\" content=\"es_ES\" \/>\n<meta property=\"og:type\" content=\"article\" \/>\n<meta property=\"og:title\" content=\"Concierto - Exposici\u00f3n en La Chapelle-en-Serval, Homenaje a Fernand Halphen - Institut Europ\u00e9en des Musiques Juives\" \/>\n<meta property=\"og:url\" content=\"https:\/\/www.iemj.org\/es\/concert-exposition-a-la-chapelle-en-serval-hommage-a-fernand-halphen\/\" \/>\n<meta property=\"og:site_name\" content=\"Institut Europ\u00e9en des Musiques Juives\" \/>\n<meta property=\"article:publisher\" content=\"https:\/\/www.facebook.com\/MusiquesJuives\/\" \/>\n<meta property=\"article:published_time\" content=\"2018-10-03T07:44:01+00:00\" \/>\n<meta property=\"article:modified_time\" content=\"2023-05-24T15:34:29+00:00\" \/>\n<meta property=\"og:image\" content=\"https:\/\/www.iemj.org\/wp-content\/uploads\/2018\/10\/arton3645.jpg\" \/>\n\t<meta property=\"og:image:width\" content=\"300\" \/>\n\t<meta property=\"og:image:height\" content=\"212\" \/>\n\t<meta property=\"og:image:type\" content=\"image\/jpeg\" \/>\n<meta name=\"author\" content=\"Jacqueline ROTEN\" \/>\n<meta name=\"twitter:card\" content=\"summary_large_image\" \/>\n<meta name=\"twitter:label1\" content=\"Escrito por\" \/>\n\t<meta name=\"twitter:data1\" content=\"Jacqueline ROTEN\" \/>\n\t<meta name=\"twitter:label2\" content=\"Tiempo de lectura\" \/>\n\t<meta name=\"twitter:data2\" content=\"3 minutos\" \/>\n<script type=\"application\/ld+json\" class=\"yoast-schema-graph\">{\"@context\":\"https:\\\/\\\/schema.org\",\"@graph\":[{\"@type\":\"Article\",\"@id\":\"https:\\\/\\\/www.iemj.org\\\/es\\\/concert-exposition-a-la-chapelle-en-serval-hommage-a-fernand-halphen\\\/#article\",\"isPartOf\":{\"@id\":\"https:\\\/\\\/www.iemj.org\\\/es\\\/concert-exposition-a-la-chapelle-en-serval-hommage-a-fernand-halphen\\\/\"},\"author\":{\"name\":\"Jacqueline ROTEN\",\"@id\":\"https:\\\/\\\/www.iemj.org\\\/es\\\/#\\\/schema\\\/person\\\/358e26c18aca017fcc4cc15437f7279c\"},\"headline\":\"Concierto &#8211; Exposici\u00f3n en La Chapelle-en-Serval, Homenaje a Fernand Halphen\",\"datePublished\":\"2018-10-03T07:44:01+00:00\",\"dateModified\":\"2023-05-24T15:34:29+00:00\",\"mainEntityOfPage\":{\"@id\":\"https:\\\/\\\/www.iemj.org\\\/es\\\/concert-exposition-a-la-chapelle-en-serval-hommage-a-fernand-halphen\\\/\"},\"wordCount\":265,\"publisher\":{\"@id\":\"https:\\\/\\\/www.iemj.org\\\/es\\\/#organization\"},\"image\":{\"@id\":\"https:\\\/\\\/www.iemj.org\\\/es\\\/concert-exposition-a-la-chapelle-en-serval-hommage-a-fernand-halphen\\\/#primaryimage\"},\"thumbnailUrl\":\"https:\\\/\\\/www.iemj.org\\\/wp-content\\\/uploads\\\/2018\\\/10\\\/arton3645.jpg\",\"keywords\":[\"Eventos asociados\"],\"articleSection\":[\"Conciertos\",\"Manifestaciones\"],\"inLanguage\":\"es\"},{\"@type\":\"WebPage\",\"@id\":\"https:\\\/\\\/www.iemj.org\\\/es\\\/concert-exposition-a-la-chapelle-en-serval-hommage-a-fernand-halphen\\\/\",\"url\":\"https:\\\/\\\/www.iemj.org\\\/es\\\/concert-exposition-a-la-chapelle-en-serval-hommage-a-fernand-halphen\\\/\",\"name\":\"Concierto - Exposici\u00f3n en La Chapelle-en-Serval, Homenaje a Fernand Halphen - Institut Europ\u00e9en des Musiques Juives\",\"isPartOf\":{\"@id\":\"https:\\\/\\\/www.iemj.org\\\/es\\\/#website\"},\"primaryImageOfPage\":{\"@id\":\"https:\\\/\\\/www.iemj.org\\\/es\\\/concert-exposition-a-la-chapelle-en-serval-hommage-a-fernand-halphen\\\/#primaryimage\"},\"image\":{\"@id\":\"https:\\\/\\\/www.iemj.org\\\/es\\\/concert-exposition-a-la-chapelle-en-serval-hommage-a-fernand-halphen\\\/#primaryimage\"},\"thumbnailUrl\":\"https:\\\/\\\/www.iemj.org\\\/wp-content\\\/uploads\\\/2018\\\/10\\\/arton3645.jpg\",\"datePublished\":\"2018-10-03T07:44:01+00:00\",\"dateModified\":\"2023-05-24T15:34:29+00:00\",\"breadcrumb\":{\"@id\":\"https:\\\/\\\/www.iemj.org\\\/es\\\/concert-exposition-a-la-chapelle-en-serval-hommage-a-fernand-halphen\\\/#breadcrumb\"},\"inLanguage\":\"es\",\"potentialAction\":[{\"@type\":\"ReadAction\",\"target\":[\"https:\\\/\\\/www.iemj.org\\\/es\\\/concert-exposition-a-la-chapelle-en-serval-hommage-a-fernand-halphen\\\/\"]}]},{\"@type\":\"ImageObject\",\"inLanguage\":\"es\",\"@id\":\"https:\\\/\\\/www.iemj.org\\\/es\\\/concert-exposition-a-la-chapelle-en-serval-hommage-a-fernand-halphen\\\/#primaryimage\",\"url\":\"https:\\\/\\\/www.iemj.org\\\/wp-content\\\/uploads\\\/2018\\\/10\\\/arton3645.jpg\",\"contentUrl\":\"https:\\\/\\\/www.iemj.org\\\/wp-content\\\/uploads\\\/2018\\\/10\\\/arton3645.jpg\",\"width\":300,\"height\":212},{\"@type\":\"BreadcrumbList\",\"@id\":\"https:\\\/\\\/www.iemj.org\\\/es\\\/concert-exposition-a-la-chapelle-en-serval-hommage-a-fernand-halphen\\\/#breadcrumb\",\"itemListElement\":[{\"@type\":\"ListItem\",\"position\":1,\"name\":\"Accueil\",\"item\":\"https:\\\/\\\/www.iemj.org\\\/es\\\/\"},{\"@type\":\"ListItem\",\"position\":2,\"name\":\"Concierto &#8211; Exposici\u00f3n en La Chapelle-en-Serval, Homenaje a Fernand Halphen\"}]},{\"@type\":\"WebSite\",\"@id\":\"https:\\\/\\\/www.iemj.org\\\/es\\\/#website\",\"url\":\"https:\\\/\\\/www.iemj.org\\\/es\\\/\",\"name\":\"Institut Europ\u00e9en des Musiques Juives\",\"description\":\"Des traditions musicales \u00e0 la port\u00e9e de tous\",\"publisher\":{\"@id\":\"https:\\\/\\\/www.iemj.org\\\/es\\\/#organization\"},\"potentialAction\":[{\"@type\":\"SearchAction\",\"target\":{\"@type\":\"EntryPoint\",\"urlTemplate\":\"https:\\\/\\\/www.iemj.org\\\/es\\\/?s={search_term_string}\"},\"query-input\":{\"@type\":\"PropertyValueSpecification\",\"valueRequired\":true,\"valueName\":\"search_term_string\"}}],\"inLanguage\":\"es\"},{\"@type\":\"Organization\",\"@id\":\"https:\\\/\\\/www.iemj.org\\\/es\\\/#organization\",\"name\":\"Institut Europ\u00e9en des Musiques Juives\",\"url\":\"https:\\\/\\\/www.iemj.org\\\/es\\\/\",\"logo\":{\"@type\":\"ImageObject\",\"inLanguage\":\"es\",\"@id\":\"https:\\\/\\\/www.iemj.org\\\/es\\\/#\\\/schema\\\/logo\\\/image\\\/\",\"url\":\"https:\\\/\\\/www.iemj.org\\\/wp-content\\\/uploads\\\/2021\\\/09\\\/Logo-IEMJ-Paypal.jpg\",\"contentUrl\":\"https:\\\/\\\/www.iemj.org\\\/wp-content\\\/uploads\\\/2021\\\/09\\\/Logo-IEMJ-Paypal.jpg\",\"width\":150,\"height\":50,\"caption\":\"Institut Europ\u00e9en des Musiques Juives\"},\"image\":{\"@id\":\"https:\\\/\\\/www.iemj.org\\\/es\\\/#\\\/schema\\\/logo\\\/image\\\/\"},\"sameAs\":[\"https:\\\/\\\/www.facebook.com\\\/MusiquesJuives\\\/\",\"https:\\\/\\\/www.instagram.com\\\/musiquesjuives\\\/\",\"https:\\\/\\\/www.youtube.com\\\/user\\\/musiquesjuives\"]},{\"@type\":\"Person\",\"@id\":\"https:\\\/\\\/www.iemj.org\\\/es\\\/#\\\/schema\\\/person\\\/358e26c18aca017fcc4cc15437f7279c\",\"name\":\"Jacqueline ROTEN\",\"image\":{\"@type\":\"ImageObject\",\"inLanguage\":\"es\",\"@id\":\"https:\\\/\\\/secure.gravatar.com\\\/avatar\\\/5964256d6c6957de3a3505278957e0fb2a35119ac47ea41827a65301213c810b?s=96&d=mm&r=g\",\"url\":\"https:\\\/\\\/secure.gravatar.com\\\/avatar\\\/5964256d6c6957de3a3505278957e0fb2a35119ac47ea41827a65301213c810b?s=96&d=mm&r=g\",\"contentUrl\":\"https:\\\/\\\/secure.gravatar.com\\\/avatar\\\/5964256d6c6957de3a3505278957e0fb2a35119ac47ea41827a65301213c810b?s=96&d=mm&r=g\",\"caption\":\"Jacqueline ROTEN\"}}]}<\/script>\n<!-- \/ Yoast SEO plugin. -->","yoast_head_json":{"title":"Concierto - Exposici\u00f3n en La Chapelle-en-Serval, Homenaje a Fernand Halphen - Institut Europ\u00e9en des Musiques Juives","robots":{"index":"noindex","follow":"follow"},"og_locale":"es_ES","og_type":"article","og_title":"Concierto - Exposici\u00f3n en La Chapelle-en-Serval, Homenaje a Fernand Halphen - Institut Europ\u00e9en des Musiques Juives","og_url":"https:\/\/www.iemj.org\/es\/concert-exposition-a-la-chapelle-en-serval-hommage-a-fernand-halphen\/","og_site_name":"Institut Europ\u00e9en des Musiques Juives","article_publisher":"https:\/\/www.facebook.com\/MusiquesJuives\/","article_published_time":"2018-10-03T07:44:01+00:00","article_modified_time":"2023-05-24T15:34:29+00:00","og_image":[{"width":300,"height":212,"url":"https:\/\/www.iemj.org\/wp-content\/uploads\/2018\/10\/arton3645.jpg","type":"image\/jpeg"}],"author":"Jacqueline ROTEN","twitter_card":"summary_large_image","twitter_misc":{"Escrito por":"Jacqueline ROTEN","Tiempo de lectura":"3 minutos"},"schema":{"@context":"https:\/\/schema.org","@graph":[{"@type":"Article","@id":"https:\/\/www.iemj.org\/es\/concert-exposition-a-la-chapelle-en-serval-hommage-a-fernand-halphen\/#article","isPartOf":{"@id":"https:\/\/www.iemj.org\/es\/concert-exposition-a-la-chapelle-en-serval-hommage-a-fernand-halphen\/"},"author":{"name":"Jacqueline ROTEN","@id":"https:\/\/www.iemj.org\/es\/#\/schema\/person\/358e26c18aca017fcc4cc15437f7279c"},"headline":"Concierto &#8211; Exposici\u00f3n en La Chapelle-en-Serval, Homenaje a Fernand Halphen","datePublished":"2018-10-03T07:44:01+00:00","dateModified":"2023-05-24T15:34:29+00:00","mainEntityOfPage":{"@id":"https:\/\/www.iemj.org\/es\/concert-exposition-a-la-chapelle-en-serval-hommage-a-fernand-halphen\/"},"wordCount":265,"publisher":{"@id":"https:\/\/www.iemj.org\/es\/#organization"},"image":{"@id":"https:\/\/www.iemj.org\/es\/concert-exposition-a-la-chapelle-en-serval-hommage-a-fernand-halphen\/#primaryimage"},"thumbnailUrl":"https:\/\/www.iemj.org\/wp-content\/uploads\/2018\/10\/arton3645.jpg","keywords":["Eventos asociados"],"articleSection":["Conciertos","Manifestaciones"],"inLanguage":"es"},{"@type":"WebPage","@id":"https:\/\/www.iemj.org\/es\/concert-exposition-a-la-chapelle-en-serval-hommage-a-fernand-halphen\/","url":"https:\/\/www.iemj.org\/es\/concert-exposition-a-la-chapelle-en-serval-hommage-a-fernand-halphen\/","name":"Concierto - Exposici\u00f3n en La Chapelle-en-Serval, Homenaje a Fernand Halphen - Institut Europ\u00e9en des Musiques Juives","isPartOf":{"@id":"https:\/\/www.iemj.org\/es\/#website"},"primaryImageOfPage":{"@id":"https:\/\/www.iemj.org\/es\/concert-exposition-a-la-chapelle-en-serval-hommage-a-fernand-halphen\/#primaryimage"},"image":{"@id":"https:\/\/www.iemj.org\/es\/concert-exposition-a-la-chapelle-en-serval-hommage-a-fernand-halphen\/#primaryimage"},"thumbnailUrl":"https:\/\/www.iemj.org\/wp-content\/uploads\/2018\/10\/arton3645.jpg","datePublished":"2018-10-03T07:44:01+00:00","dateModified":"2023-05-24T15:34:29+00:00","breadcrumb":{"@id":"https:\/\/www.iemj.org\/es\/concert-exposition-a-la-chapelle-en-serval-hommage-a-fernand-halphen\/#breadcrumb"},"inLanguage":"es","potentialAction":[{"@type":"ReadAction","target":["https:\/\/www.iemj.org\/es\/concert-exposition-a-la-chapelle-en-serval-hommage-a-fernand-halphen\/"]}]},{"@type":"ImageObject","inLanguage":"es","@id":"https:\/\/www.iemj.org\/es\/concert-exposition-a-la-chapelle-en-serval-hommage-a-fernand-halphen\/#primaryimage","url":"https:\/\/www.iemj.org\/wp-content\/uploads\/2018\/10\/arton3645.jpg","contentUrl":"https:\/\/www.iemj.org\/wp-content\/uploads\/2018\/10\/arton3645.jpg","width":300,"height":212},{"@type":"BreadcrumbList","@id":"https:\/\/www.iemj.org\/es\/concert-exposition-a-la-chapelle-en-serval-hommage-a-fernand-halphen\/#breadcrumb","itemListElement":[{"@type":"ListItem","position":1,"name":"Accueil","item":"https:\/\/www.iemj.org\/es\/"},{"@type":"ListItem","position":2,"name":"Concierto &#8211; Exposici\u00f3n en La Chapelle-en-Serval, Homenaje a Fernand Halphen"}]},{"@type":"WebSite","@id":"https:\/\/www.iemj.org\/es\/#website","url":"https:\/\/www.iemj.org\/es\/","name":"Institut Europ\u00e9en des Musiques Juives","description":"Des traditions musicales \u00e0 la port\u00e9e de tous","publisher":{"@id":"https:\/\/www.iemj.org\/es\/#organization"},"potentialAction":[{"@type":"SearchAction","target":{"@type":"EntryPoint","urlTemplate":"https:\/\/www.iemj.org\/es\/?s={search_term_string}"},"query-input":{"@type":"PropertyValueSpecification","valueRequired":true,"valueName":"search_term_string"}}],"inLanguage":"es"},{"@type":"Organization","@id":"https:\/\/www.iemj.org\/es\/#organization","name":"Institut Europ\u00e9en des Musiques Juives","url":"https:\/\/www.iemj.org\/es\/","logo":{"@type":"ImageObject","inLanguage":"es","@id":"https:\/\/www.iemj.org\/es\/#\/schema\/logo\/image\/","url":"https:\/\/www.iemj.org\/wp-content\/uploads\/2021\/09\/Logo-IEMJ-Paypal.jpg","contentUrl":"https:\/\/www.iemj.org\/wp-content\/uploads\/2021\/09\/Logo-IEMJ-Paypal.jpg","width":150,"height":50,"caption":"Institut Europ\u00e9en des Musiques Juives"},"image":{"@id":"https:\/\/www.iemj.org\/es\/#\/schema\/logo\/image\/"},"sameAs":["https:\/\/www.facebook.com\/MusiquesJuives\/","https:\/\/www.instagram.com\/musiquesjuives\/","https:\/\/www.youtube.com\/user\/musiquesjuives"]},{"@type":"Person","@id":"https:\/\/www.iemj.org\/es\/#\/schema\/person\/358e26c18aca017fcc4cc15437f7279c","name":"Jacqueline ROTEN","image":{"@type":"ImageObject","inLanguage":"es","@id":"https:\/\/secure.gravatar.com\/avatar\/5964256d6c6957de3a3505278957e0fb2a35119ac47ea41827a65301213c810b?s=96&d=mm&r=g","url":"https:\/\/secure.gravatar.com\/avatar\/5964256d6c6957de3a3505278957e0fb2a35119ac47ea41827a65301213c810b?s=96&d=mm&r=g","contentUrl":"https:\/\/secure.gravatar.com\/avatar\/5964256d6c6957de3a3505278957e0fb2a35119ac47ea41827a65301213c810b?s=96&d=mm&r=g","caption":"Jacqueline ROTEN"}}]}},"_links":{"self":[{"href":"https:\/\/www.iemj.org\/es\/wp-json\/wp\/v2\/posts\/97190","targetHints":{"allow":["GET"]}}],"collection":[{"href":"https:\/\/www.iemj.org\/es\/wp-json\/wp\/v2\/posts"}],"about":[{"href":"https:\/\/www.iemj.org\/es\/wp-json\/wp\/v2\/types\/post"}],"author":[{"embeddable":true,"href":"https:\/\/www.iemj.org\/es\/wp-json\/wp\/v2\/users\/5"}],"replies":[{"embeddable":true,"href":"https:\/\/www.iemj.org\/es\/wp-json\/wp\/v2\/comments?post=97190"}],"version-history":[{"count":0,"href":"https:\/\/www.iemj.org\/es\/wp-json\/wp\/v2\/posts\/97190\/revisions"}],"wp:featuredmedia":[{"embeddable":true,"href":"https:\/\/www.iemj.org\/es\/wp-json\/wp\/v2\/media\/97191"}],"wp:attachment":[{"href":"https:\/\/www.iemj.org\/es\/wp-json\/wp\/v2\/media?parent=97190"}],"wp:term":[{"taxonomy":"category","embeddable":true,"href":"https:\/\/www.iemj.org\/es\/wp-json\/wp\/v2\/categories?post=97190"},{"taxonomy":"post_tag","embeddable":true,"href":"https:\/\/www.iemj.org\/es\/wp-json\/wp\/v2\/tags?post=97190"},{"taxonomy":"technique","embeddable":true,"href":"https:\/\/www.iemj.org\/es\/wp-json\/wp\/v2\/technique?post=97190"},{"taxonomy":"squelettes","embeddable":true,"href":"https:\/\/www.iemj.org\/es\/wp-json\/wp\/v2\/squelettes?post=97190"},{"taxonomy":"sujet","embeddable":true,"href":"https:\/\/www.iemj.org\/es\/wp-json\/wp\/v2\/sujet?post=97190"},{"taxonomy":"formation","embeddable":true,"href":"https:\/\/www.iemj.org\/es\/wp-json\/wp\/v2\/formation?post=97190"},{"taxonomy":"genre","embeddable":true,"href":"https:\/\/www.iemj.org\/es\/wp-json\/wp\/v2\/genre?post=97190"},{"taxonomy":"fonds","embeddable":true,"href":"https:\/\/www.iemj.org\/es\/wp-json\/wp\/v2\/fonds?post=97190"},{"taxonomy":"tradition","embeddable":true,"href":"https:\/\/www.iemj.org\/es\/wp-json\/wp\/v2\/tradition?post=97190"},{"taxonomy":"type-de-contenu","embeddable":true,"href":"https:\/\/www.iemj.org\/es\/wp-json\/wp\/v2\/type-de-contenu?post=97190"},{"taxonomy":"interprete-compositeur","embeddable":true,"href":"https:\/\/www.iemj.org\/es\/wp-json\/wp\/v2\/interprete-compositeur?post=97190"},{"taxonomy":"frise","embeddable":true,"href":"https:\/\/www.iemj.org\/es\/wp-json\/wp\/v2\/frise?post=97190"},{"taxonomy":"type-devenement","embeddable":true,"href":"https:\/\/www.iemj.org\/es\/wp-json\/wp\/v2\/type-devenement?post=97190"},{"taxonomy":"tableaux-liens-externes","embeddable":true,"href":"https:\/\/www.iemj.org\/es\/wp-json\/wp\/v2\/tableaux-liens-externes?post=97190"}],"curies":[{"name":"wp","href":"https:\/\/api.w.org\/{rel}","templated":true}]}}