{"id":97245,"date":"2018-04-17T10:46:42","date_gmt":"2018-04-17T08:46:42","guid":{"rendered":"https:\/\/www.iemj.org\/conference-hatikva-odyssee-lyrique-histoire-et-origine-de-lhymne-national-israelien\/"},"modified":"2023-05-25T10:48:20","modified_gmt":"2023-05-25T08:48:20","slug":"conference-hatikva-odyssee-lyrique-histoire-et-origine-de-lhymne-national-israelien","status":"publish","type":"post","link":"https:\/\/www.iemj.org\/es\/conference-hatikva-odyssee-lyrique-histoire-et-origine-de-lhymne-national-israelien\/","title":{"rendered":"Conferencia Hatikva \u2013 Odisea L\u00edrica, Historia y Origen del Himno Nacional Israel\u00ed"},"content":{"rendered":"<p>Por medio de m\u00fasicas, fotograf\u00edas y v\u00eddeos, Th\u00e9a Herz nos narra la incre\u00edble odisea de este canto que iba a convertirse en el vector de la creencia sionista.<\/p>\n<p>Si el autor de los versos de la Hatikva es famoso (Naftali H. Imber, nacido en Galicia en 1856), el origen de su melod\u00eda es mucho m\u00e1s enigm\u00e1tico. A menudo se atribuye al compositor checo Smetana (1824-1884) que la usa en su poema sinf\u00f3nico La Moldau, Th\u00e9a Herz nos muestra, pruebas sonoras en apoyo, que esta melod\u00eda se escucha por m\u00e1s de 500 a\u00f1os. Encontramos partes de la melod\u00eda en muchas piezas musicales de iglesia, de sinagoga, o de cortes de distintos pa\u00edses: Italia, Francia, Suiza o en las m\u00fasicas populares de Europa del Este.<\/p>\n<p>Esta conferencia audiovisual, extraordinariamente orquestada, termina con algunas de las interpretaciones m\u00e1s memorables del himno nacional israel\u00ed<\/p>\n<p><em> <strong>Th\u00e9a Herz<\/strong> creci\u00f3 en Israel. Sensibilizada a la m\u00fasica por su madre, music\u00f3loga y cr\u00edtica musical de distintos peri\u00f3dicos israel\u00edes, estuvo inmersa en la literatura y la canci\u00f3n hebrea. Desde hace unos a\u00f1os, asocia su formaci\u00f3n de investigadora universitaria (MBA de la universidad de Tel Aviv y Doctorado de Psicolog\u00eda en la Universidad Par\u00eds V) con los temas musicales israel\u00edes. As\u00ed que ley\u00f3 trabajos de etnom\u00fasicologos, de historiadores, y recuper\u00f3 documentos de archivos, para unirlos y presentarlos de manera amigable al p\u00fablico franc\u00f3fono<\/em><\/p>\n<p>PAF : 5 \u20ac<\/p>\n<p><a href=\"http:\/\/www.festivaldesculturesjuives.org\/billetterie-en-ligne\/\" target=\"_blank\" rel=\"noopener\">Reserva su entrada<\/a><br \/>\n<a href=\"http:\/\/www.festivaldesculturesjuives.org\/\" target=\"_blank\" rel=\"noopener\">Reserva su entrada P\u00e1gina web del Festival de Culturas Jud\u00edas<\/a><\/p>\n<p><a href=\"https:\/\/www.iemj.org\/histoire-de-la-hatikva-lhymne-national-israelien\/\" target=\"_blank\" rel=\"noopener\">Escuchar el programa de radio del IEMJ y Th\u00e9a Herz sur la Hatikva<\/a><\/p>\n","protected":false},"excerpt":{"rendered":"<p>Por medio de m\u00fasicas, fotograf\u00edas y v\u00eddeos, Th\u00e9a Herz nos narra la incre\u00edble odisea de este canto que iba a convertirse en el vector de la creencia sionista. Si el<\/p>\n","protected":false},"author":5,"featured_media":97246,"comment_status":"closed","ping_status":"open","sticky":false,"template":"","format":"standard","meta":{"_acf_changed":false,"footnotes":""},"categories":[1384,1372],"tags":[2223],"technique":[],"squelettes":[],"sujet":[],"formation":[],"genre":[],"fonds":[],"tradition":[],"type-de-contenu":[],"interprete-compositeur":[],"frise":[],"type-devenement":[],"tableaux-liens-externes":[],"class_list":["post-97245","post","type-post","status-publish","format-standard","has-post-thumbnail","hentry","category-clases-conferencias-es","category-manifestaciones-es","tag-eventos-iemj-es"],"acf":[],"yoast_head":"<!-- This site is optimized with the Yoast SEO plugin v27.3 - https:\/\/yoast.com\/product\/yoast-seo-wordpress\/ -->\n<title>Conferencia Hatikva \u2013 Odisea L\u00edrica, Historia y Origen del Himno Nacional Israel\u00ed - Institut Europ\u00e9en des Musiques Juives<\/title>\n<meta name=\"robots\" content=\"noindex, follow\" \/>\n<meta property=\"og:locale\" content=\"es_ES\" \/>\n<meta property=\"og:type\" content=\"article\" \/>\n<meta property=\"og:title\" content=\"Conferencia Hatikva \u2013 Odisea L\u00edrica, Historia y Origen del Himno Nacional Israel\u00ed - Institut Europ\u00e9en des Musiques Juives\" \/>\n<meta property=\"og:description\" content=\"Por medio de m\u00fasicas, fotograf\u00edas y v\u00eddeos, Th\u00e9a Herz nos narra la incre\u00edble odisea de este canto que iba a convertirse en el vector de la creencia sionista. Si el\" \/>\n<meta property=\"og:url\" content=\"https:\/\/www.iemj.org\/es\/conference-hatikva-odyssee-lyrique-histoire-et-origine-de-lhymne-national-israelien\/\" \/>\n<meta property=\"og:site_name\" content=\"Institut Europ\u00e9en des Musiques Juives\" \/>\n<meta property=\"article:publisher\" content=\"https:\/\/www.facebook.com\/MusiquesJuives\/\" \/>\n<meta property=\"article:published_time\" content=\"2018-04-17T08:46:42+00:00\" \/>\n<meta property=\"article:modified_time\" content=\"2023-05-25T08:48:20+00:00\" \/>\n<meta property=\"og:image\" content=\"https:\/\/www.iemj.org\/wp-content\/uploads\/2018\/04\/arton3338.jpg\" \/>\n\t<meta property=\"og:image:width\" content=\"303\" \/>\n\t<meta property=\"og:image:height\" content=\"448\" \/>\n\t<meta property=\"og:image:type\" content=\"image\/jpeg\" \/>\n<meta name=\"author\" content=\"Jacqueline ROTEN\" \/>\n<meta name=\"twitter:card\" content=\"summary_large_image\" \/>\n<meta name=\"twitter:label1\" content=\"Escrito por\" \/>\n\t<meta name=\"twitter:data1\" content=\"Jacqueline ROTEN\" \/>\n\t<meta name=\"twitter:label2\" content=\"Tiempo de lectura\" \/>\n\t<meta name=\"twitter:data2\" content=\"2 minutos\" \/>\n<script type=\"application\/ld+json\" class=\"yoast-schema-graph\">{\"@context\":\"https:\\\/\\\/schema.org\",\"@graph\":[{\"@type\":\"Article\",\"@id\":\"https:\\\/\\\/www.iemj.org\\\/es\\\/conference-hatikva-odyssee-lyrique-histoire-et-origine-de-lhymne-national-israelien\\\/#article\",\"isPartOf\":{\"@id\":\"https:\\\/\\\/www.iemj.org\\\/es\\\/conference-hatikva-odyssee-lyrique-histoire-et-origine-de-lhymne-national-israelien\\\/\"},\"author\":{\"name\":\"Jacqueline ROTEN\",\"@id\":\"https:\\\/\\\/www.iemj.org\\\/es\\\/#\\\/schema\\\/person\\\/358e26c18aca017fcc4cc15437f7279c\"},\"headline\":\"Conferencia Hatikva \u2013 Odisea L\u00edrica, Historia y Origen del Himno Nacional Israel\u00ed\",\"datePublished\":\"2018-04-17T08:46:42+00:00\",\"dateModified\":\"2023-05-25T08:48:20+00:00\",\"mainEntityOfPage\":{\"@id\":\"https:\\\/\\\/www.iemj.org\\\/es\\\/conference-hatikva-odyssee-lyrique-histoire-et-origine-de-lhymne-national-israelien\\\/\"},\"wordCount\":295,\"publisher\":{\"@id\":\"https:\\\/\\\/www.iemj.org\\\/es\\\/#organization\"},\"image\":{\"@id\":\"https:\\\/\\\/www.iemj.org\\\/es\\\/conference-hatikva-odyssee-lyrique-histoire-et-origine-de-lhymne-national-israelien\\\/#primaryimage\"},\"thumbnailUrl\":\"https:\\\/\\\/www.iemj.org\\\/wp-content\\\/uploads\\\/2018\\\/04\\\/arton3338.jpg\",\"keywords\":[\"Eventos IEMJ\"],\"articleSection\":[\"Clases \\\/ Conferencias\",\"Manifestaciones\"],\"inLanguage\":\"es\"},{\"@type\":\"WebPage\",\"@id\":\"https:\\\/\\\/www.iemj.org\\\/es\\\/conference-hatikva-odyssee-lyrique-histoire-et-origine-de-lhymne-national-israelien\\\/\",\"url\":\"https:\\\/\\\/www.iemj.org\\\/es\\\/conference-hatikva-odyssee-lyrique-histoire-et-origine-de-lhymne-national-israelien\\\/\",\"name\":\"Conferencia Hatikva \u2013 Odisea L\u00edrica, Historia y Origen del Himno Nacional Israel\u00ed - Institut Europ\u00e9en des Musiques Juives\",\"isPartOf\":{\"@id\":\"https:\\\/\\\/www.iemj.org\\\/es\\\/#website\"},\"primaryImageOfPage\":{\"@id\":\"https:\\\/\\\/www.iemj.org\\\/es\\\/conference-hatikva-odyssee-lyrique-histoire-et-origine-de-lhymne-national-israelien\\\/#primaryimage\"},\"image\":{\"@id\":\"https:\\\/\\\/www.iemj.org\\\/es\\\/conference-hatikva-odyssee-lyrique-histoire-et-origine-de-lhymne-national-israelien\\\/#primaryimage\"},\"thumbnailUrl\":\"https:\\\/\\\/www.iemj.org\\\/wp-content\\\/uploads\\\/2018\\\/04\\\/arton3338.jpg\",\"datePublished\":\"2018-04-17T08:46:42+00:00\",\"dateModified\":\"2023-05-25T08:48:20+00:00\",\"breadcrumb\":{\"@id\":\"https:\\\/\\\/www.iemj.org\\\/es\\\/conference-hatikva-odyssee-lyrique-histoire-et-origine-de-lhymne-national-israelien\\\/#breadcrumb\"},\"inLanguage\":\"es\",\"potentialAction\":[{\"@type\":\"ReadAction\",\"target\":[\"https:\\\/\\\/www.iemj.org\\\/es\\\/conference-hatikva-odyssee-lyrique-histoire-et-origine-de-lhymne-national-israelien\\\/\"]}]},{\"@type\":\"ImageObject\",\"inLanguage\":\"es\",\"@id\":\"https:\\\/\\\/www.iemj.org\\\/es\\\/conference-hatikva-odyssee-lyrique-histoire-et-origine-de-lhymne-national-israelien\\\/#primaryimage\",\"url\":\"https:\\\/\\\/www.iemj.org\\\/wp-content\\\/uploads\\\/2018\\\/04\\\/arton3338.jpg\",\"contentUrl\":\"https:\\\/\\\/www.iemj.org\\\/wp-content\\\/uploads\\\/2018\\\/04\\\/arton3338.jpg\",\"width\":303,\"height\":448},{\"@type\":\"BreadcrumbList\",\"@id\":\"https:\\\/\\\/www.iemj.org\\\/es\\\/conference-hatikva-odyssee-lyrique-histoire-et-origine-de-lhymne-national-israelien\\\/#breadcrumb\",\"itemListElement\":[{\"@type\":\"ListItem\",\"position\":1,\"name\":\"Accueil\",\"item\":\"https:\\\/\\\/www.iemj.org\\\/es\\\/\"},{\"@type\":\"ListItem\",\"position\":2,\"name\":\"Conferencia Hatikva \u2013 Odisea L\u00edrica, Historia y Origen del Himno Nacional Israel\u00ed\"}]},{\"@type\":\"WebSite\",\"@id\":\"https:\\\/\\\/www.iemj.org\\\/es\\\/#website\",\"url\":\"https:\\\/\\\/www.iemj.org\\\/es\\\/\",\"name\":\"Institut Europ\u00e9en des Musiques Juives\",\"description\":\"Des traditions musicales \u00e0 la port\u00e9e de tous\",\"publisher\":{\"@id\":\"https:\\\/\\\/www.iemj.org\\\/es\\\/#organization\"},\"potentialAction\":[{\"@type\":\"SearchAction\",\"target\":{\"@type\":\"EntryPoint\",\"urlTemplate\":\"https:\\\/\\\/www.iemj.org\\\/es\\\/?s={search_term_string}\"},\"query-input\":{\"@type\":\"PropertyValueSpecification\",\"valueRequired\":true,\"valueName\":\"search_term_string\"}}],\"inLanguage\":\"es\"},{\"@type\":\"Organization\",\"@id\":\"https:\\\/\\\/www.iemj.org\\\/es\\\/#organization\",\"name\":\"Institut Europ\u00e9en des Musiques Juives\",\"url\":\"https:\\\/\\\/www.iemj.org\\\/es\\\/\",\"logo\":{\"@type\":\"ImageObject\",\"inLanguage\":\"es\",\"@id\":\"https:\\\/\\\/www.iemj.org\\\/es\\\/#\\\/schema\\\/logo\\\/image\\\/\",\"url\":\"https:\\\/\\\/www.iemj.org\\\/wp-content\\\/uploads\\\/2021\\\/09\\\/Logo-IEMJ-Paypal.jpg\",\"contentUrl\":\"https:\\\/\\\/www.iemj.org\\\/wp-content\\\/uploads\\\/2021\\\/09\\\/Logo-IEMJ-Paypal.jpg\",\"width\":150,\"height\":50,\"caption\":\"Institut Europ\u00e9en des Musiques Juives\"},\"image\":{\"@id\":\"https:\\\/\\\/www.iemj.org\\\/es\\\/#\\\/schema\\\/logo\\\/image\\\/\"},\"sameAs\":[\"https:\\\/\\\/www.facebook.com\\\/MusiquesJuives\\\/\",\"https:\\\/\\\/www.instagram.com\\\/musiquesjuives\\\/\",\"https:\\\/\\\/www.youtube.com\\\/user\\\/musiquesjuives\"]},{\"@type\":\"Person\",\"@id\":\"https:\\\/\\\/www.iemj.org\\\/es\\\/#\\\/schema\\\/person\\\/358e26c18aca017fcc4cc15437f7279c\",\"name\":\"Jacqueline ROTEN\",\"image\":{\"@type\":\"ImageObject\",\"inLanguage\":\"es\",\"@id\":\"https:\\\/\\\/secure.gravatar.com\\\/avatar\\\/5964256d6c6957de3a3505278957e0fb2a35119ac47ea41827a65301213c810b?s=96&d=mm&r=g\",\"url\":\"https:\\\/\\\/secure.gravatar.com\\\/avatar\\\/5964256d6c6957de3a3505278957e0fb2a35119ac47ea41827a65301213c810b?s=96&d=mm&r=g\",\"contentUrl\":\"https:\\\/\\\/secure.gravatar.com\\\/avatar\\\/5964256d6c6957de3a3505278957e0fb2a35119ac47ea41827a65301213c810b?s=96&d=mm&r=g\",\"caption\":\"Jacqueline ROTEN\"}}]}<\/script>\n<!-- \/ Yoast SEO plugin. -->","yoast_head_json":{"title":"Conferencia Hatikva \u2013 Odisea L\u00edrica, Historia y Origen del Himno Nacional Israel\u00ed - Institut Europ\u00e9en des Musiques Juives","robots":{"index":"noindex","follow":"follow"},"og_locale":"es_ES","og_type":"article","og_title":"Conferencia Hatikva \u2013 Odisea L\u00edrica, Historia y Origen del Himno Nacional Israel\u00ed - Institut Europ\u00e9en des Musiques Juives","og_description":"Por medio de m\u00fasicas, fotograf\u00edas y v\u00eddeos, Th\u00e9a Herz nos narra la incre\u00edble odisea de este canto que iba a convertirse en el vector de la creencia sionista. Si el","og_url":"https:\/\/www.iemj.org\/es\/conference-hatikva-odyssee-lyrique-histoire-et-origine-de-lhymne-national-israelien\/","og_site_name":"Institut Europ\u00e9en des Musiques Juives","article_publisher":"https:\/\/www.facebook.com\/MusiquesJuives\/","article_published_time":"2018-04-17T08:46:42+00:00","article_modified_time":"2023-05-25T08:48:20+00:00","og_image":[{"width":303,"height":448,"url":"https:\/\/www.iemj.org\/wp-content\/uploads\/2018\/04\/arton3338.jpg","type":"image\/jpeg"}],"author":"Jacqueline ROTEN","twitter_card":"summary_large_image","twitter_misc":{"Escrito por":"Jacqueline ROTEN","Tiempo de lectura":"2 minutos"},"schema":{"@context":"https:\/\/schema.org","@graph":[{"@type":"Article","@id":"https:\/\/www.iemj.org\/es\/conference-hatikva-odyssee-lyrique-histoire-et-origine-de-lhymne-national-israelien\/#article","isPartOf":{"@id":"https:\/\/www.iemj.org\/es\/conference-hatikva-odyssee-lyrique-histoire-et-origine-de-lhymne-national-israelien\/"},"author":{"name":"Jacqueline ROTEN","@id":"https:\/\/www.iemj.org\/es\/#\/schema\/person\/358e26c18aca017fcc4cc15437f7279c"},"headline":"Conferencia Hatikva \u2013 Odisea L\u00edrica, Historia y Origen del Himno Nacional Israel\u00ed","datePublished":"2018-04-17T08:46:42+00:00","dateModified":"2023-05-25T08:48:20+00:00","mainEntityOfPage":{"@id":"https:\/\/www.iemj.org\/es\/conference-hatikva-odyssee-lyrique-histoire-et-origine-de-lhymne-national-israelien\/"},"wordCount":295,"publisher":{"@id":"https:\/\/www.iemj.org\/es\/#organization"},"image":{"@id":"https:\/\/www.iemj.org\/es\/conference-hatikva-odyssee-lyrique-histoire-et-origine-de-lhymne-national-israelien\/#primaryimage"},"thumbnailUrl":"https:\/\/www.iemj.org\/wp-content\/uploads\/2018\/04\/arton3338.jpg","keywords":["Eventos IEMJ"],"articleSection":["Clases \/ Conferencias","Manifestaciones"],"inLanguage":"es"},{"@type":"WebPage","@id":"https:\/\/www.iemj.org\/es\/conference-hatikva-odyssee-lyrique-histoire-et-origine-de-lhymne-national-israelien\/","url":"https:\/\/www.iemj.org\/es\/conference-hatikva-odyssee-lyrique-histoire-et-origine-de-lhymne-national-israelien\/","name":"Conferencia Hatikva \u2013 Odisea L\u00edrica, Historia y Origen del Himno Nacional Israel\u00ed - Institut Europ\u00e9en des Musiques Juives","isPartOf":{"@id":"https:\/\/www.iemj.org\/es\/#website"},"primaryImageOfPage":{"@id":"https:\/\/www.iemj.org\/es\/conference-hatikva-odyssee-lyrique-histoire-et-origine-de-lhymne-national-israelien\/#primaryimage"},"image":{"@id":"https:\/\/www.iemj.org\/es\/conference-hatikva-odyssee-lyrique-histoire-et-origine-de-lhymne-national-israelien\/#primaryimage"},"thumbnailUrl":"https:\/\/www.iemj.org\/wp-content\/uploads\/2018\/04\/arton3338.jpg","datePublished":"2018-04-17T08:46:42+00:00","dateModified":"2023-05-25T08:48:20+00:00","breadcrumb":{"@id":"https:\/\/www.iemj.org\/es\/conference-hatikva-odyssee-lyrique-histoire-et-origine-de-lhymne-national-israelien\/#breadcrumb"},"inLanguage":"es","potentialAction":[{"@type":"ReadAction","target":["https:\/\/www.iemj.org\/es\/conference-hatikva-odyssee-lyrique-histoire-et-origine-de-lhymne-national-israelien\/"]}]},{"@type":"ImageObject","inLanguage":"es","@id":"https:\/\/www.iemj.org\/es\/conference-hatikva-odyssee-lyrique-histoire-et-origine-de-lhymne-national-israelien\/#primaryimage","url":"https:\/\/www.iemj.org\/wp-content\/uploads\/2018\/04\/arton3338.jpg","contentUrl":"https:\/\/www.iemj.org\/wp-content\/uploads\/2018\/04\/arton3338.jpg","width":303,"height":448},{"@type":"BreadcrumbList","@id":"https:\/\/www.iemj.org\/es\/conference-hatikva-odyssee-lyrique-histoire-et-origine-de-lhymne-national-israelien\/#breadcrumb","itemListElement":[{"@type":"ListItem","position":1,"name":"Accueil","item":"https:\/\/www.iemj.org\/es\/"},{"@type":"ListItem","position":2,"name":"Conferencia Hatikva \u2013 Odisea L\u00edrica, Historia y Origen del Himno Nacional Israel\u00ed"}]},{"@type":"WebSite","@id":"https:\/\/www.iemj.org\/es\/#website","url":"https:\/\/www.iemj.org\/es\/","name":"Institut Europ\u00e9en des Musiques Juives","description":"Des traditions musicales \u00e0 la port\u00e9e de tous","publisher":{"@id":"https:\/\/www.iemj.org\/es\/#organization"},"potentialAction":[{"@type":"SearchAction","target":{"@type":"EntryPoint","urlTemplate":"https:\/\/www.iemj.org\/es\/?s={search_term_string}"},"query-input":{"@type":"PropertyValueSpecification","valueRequired":true,"valueName":"search_term_string"}}],"inLanguage":"es"},{"@type":"Organization","@id":"https:\/\/www.iemj.org\/es\/#organization","name":"Institut Europ\u00e9en des Musiques Juives","url":"https:\/\/www.iemj.org\/es\/","logo":{"@type":"ImageObject","inLanguage":"es","@id":"https:\/\/www.iemj.org\/es\/#\/schema\/logo\/image\/","url":"https:\/\/www.iemj.org\/wp-content\/uploads\/2021\/09\/Logo-IEMJ-Paypal.jpg","contentUrl":"https:\/\/www.iemj.org\/wp-content\/uploads\/2021\/09\/Logo-IEMJ-Paypal.jpg","width":150,"height":50,"caption":"Institut Europ\u00e9en des Musiques Juives"},"image":{"@id":"https:\/\/www.iemj.org\/es\/#\/schema\/logo\/image\/"},"sameAs":["https:\/\/www.facebook.com\/MusiquesJuives\/","https:\/\/www.instagram.com\/musiquesjuives\/","https:\/\/www.youtube.com\/user\/musiquesjuives"]},{"@type":"Person","@id":"https:\/\/www.iemj.org\/es\/#\/schema\/person\/358e26c18aca017fcc4cc15437f7279c","name":"Jacqueline ROTEN","image":{"@type":"ImageObject","inLanguage":"es","@id":"https:\/\/secure.gravatar.com\/avatar\/5964256d6c6957de3a3505278957e0fb2a35119ac47ea41827a65301213c810b?s=96&d=mm&r=g","url":"https:\/\/secure.gravatar.com\/avatar\/5964256d6c6957de3a3505278957e0fb2a35119ac47ea41827a65301213c810b?s=96&d=mm&r=g","contentUrl":"https:\/\/secure.gravatar.com\/avatar\/5964256d6c6957de3a3505278957e0fb2a35119ac47ea41827a65301213c810b?s=96&d=mm&r=g","caption":"Jacqueline ROTEN"}}]}},"_links":{"self":[{"href":"https:\/\/www.iemj.org\/es\/wp-json\/wp\/v2\/posts\/97245","targetHints":{"allow":["GET"]}}],"collection":[{"href":"https:\/\/www.iemj.org\/es\/wp-json\/wp\/v2\/posts"}],"about":[{"href":"https:\/\/www.iemj.org\/es\/wp-json\/wp\/v2\/types\/post"}],"author":[{"embeddable":true,"href":"https:\/\/www.iemj.org\/es\/wp-json\/wp\/v2\/users\/5"}],"replies":[{"embeddable":true,"href":"https:\/\/www.iemj.org\/es\/wp-json\/wp\/v2\/comments?post=97245"}],"version-history":[{"count":0,"href":"https:\/\/www.iemj.org\/es\/wp-json\/wp\/v2\/posts\/97245\/revisions"}],"wp:featuredmedia":[{"embeddable":true,"href":"https:\/\/www.iemj.org\/es\/wp-json\/wp\/v2\/media\/97246"}],"wp:attachment":[{"href":"https:\/\/www.iemj.org\/es\/wp-json\/wp\/v2\/media?parent=97245"}],"wp:term":[{"taxonomy":"category","embeddable":true,"href":"https:\/\/www.iemj.org\/es\/wp-json\/wp\/v2\/categories?post=97245"},{"taxonomy":"post_tag","embeddable":true,"href":"https:\/\/www.iemj.org\/es\/wp-json\/wp\/v2\/tags?post=97245"},{"taxonomy":"technique","embeddable":true,"href":"https:\/\/www.iemj.org\/es\/wp-json\/wp\/v2\/technique?post=97245"},{"taxonomy":"squelettes","embeddable":true,"href":"https:\/\/www.iemj.org\/es\/wp-json\/wp\/v2\/squelettes?post=97245"},{"taxonomy":"sujet","embeddable":true,"href":"https:\/\/www.iemj.org\/es\/wp-json\/wp\/v2\/sujet?post=97245"},{"taxonomy":"formation","embeddable":true,"href":"https:\/\/www.iemj.org\/es\/wp-json\/wp\/v2\/formation?post=97245"},{"taxonomy":"genre","embeddable":true,"href":"https:\/\/www.iemj.org\/es\/wp-json\/wp\/v2\/genre?post=97245"},{"taxonomy":"fonds","embeddable":true,"href":"https:\/\/www.iemj.org\/es\/wp-json\/wp\/v2\/fonds?post=97245"},{"taxonomy":"tradition","embeddable":true,"href":"https:\/\/www.iemj.org\/es\/wp-json\/wp\/v2\/tradition?post=97245"},{"taxonomy":"type-de-contenu","embeddable":true,"href":"https:\/\/www.iemj.org\/es\/wp-json\/wp\/v2\/type-de-contenu?post=97245"},{"taxonomy":"interprete-compositeur","embeddable":true,"href":"https:\/\/www.iemj.org\/es\/wp-json\/wp\/v2\/interprete-compositeur?post=97245"},{"taxonomy":"frise","embeddable":true,"href":"https:\/\/www.iemj.org\/es\/wp-json\/wp\/v2\/frise?post=97245"},{"taxonomy":"type-devenement","embeddable":true,"href":"https:\/\/www.iemj.org\/es\/wp-json\/wp\/v2\/type-devenement?post=97245"},{"taxonomy":"tableaux-liens-externes","embeddable":true,"href":"https:\/\/www.iemj.org\/es\/wp-json\/wp\/v2\/tableaux-liens-externes?post=97245"}],"curies":[{"name":"wp","href":"https:\/\/api.w.org\/{rel}","templated":true}]}}