{"id":97270,"date":"2022-02-22T14:30:08","date_gmt":"2022-02-22T13:30:08","guid":{"rendered":"https:\/\/www.iemj.org\/conference-internationale-hambourg-de-la-musique-de-la-synagogue-portugaise-au-xixe-siecle-a-lere-de-rolf-lieberman-au-xxe-siecle\/"},"modified":"2023-05-25T12:14:59","modified_gmt":"2023-05-25T10:14:59","slug":"conference-internationale-hambourg-de-la-musique-de-la-synagogue-portugaise-au-xixe-siecle-a-lere-de-rolf-lieberman-au-xxe-siecle","status":"publish","type":"post","link":"https:\/\/www.iemj.org\/es\/conference-internationale-hambourg-de-la-musique-de-la-synagogue-portugaise-au-xixe-siecle-a-lere-de-rolf-lieberman-au-xxe-siecle\/","title":{"rendered":"Conferencia Internacional &#8211; HAMBURGO &#8211; De la m\u00fasica sinagogal portuguesa del siglo XIX a la \u00e9poca de Rolf Lieberman en el siglo XX"},"content":{"rendered":"\n<p><\/p>\n\n\n<h3><strong>Conferencia internacional en la Universidad de M\u00fasica de Hamburgo del 1 al 3 de marzo de 2022<\/strong><\/h3>\n<p><strong>Hochschule f\u00fcr Musik und Theater Hamburg &#8211; <\/strong><strong>Harvestehuder Weg 12, 20148 Hamburg, Allemagne<\/strong><\/p>\n<p><!--more--><\/p>\n<p>La presencia de la cultura jud\u00eda en Europa se remonta a la \u00e9poca del Imperio Romano. En 2021, Alemania celebr\u00f3 1700 a\u00f1os de presencia, de vida y de cultura jud\u00edas.<\/p>\n<p>En 2020, la ciudad de Hamburgo ha decidido reconstruir la gran sinagoga de Bornplatz, destruida en 1938 durante la Kristallnacht. Con este motivo, la Universidad de M\u00fasica de Hamburgo organiza una conferencia internacional sobre la m\u00fasica jud\u00eda en Hamburgo, pasado y presente, en la que participar\u00e1 <strong>Herv\u00e9 Roten, Director del IEMJ<\/strong>, junto con Edwin Seroussi (Jerusal\u00e9n), Jasha Nemtsov (Weimar), Reinhard Flender (Hamburgo) y Yuval Shaked (Haifa).<\/p>\n<p><strong>Ver las conferencias en <a href=\"https:\/\/www.hfmt-hamburg.de\/veranstaltungen\/spielstaetten\/details\/367\/\" target=\"_blank\" rel=\"noopener\">YouTube<\/a><\/strong><\/p>\n<p><strong>Martes 1 de marzo 2020 <a href=\"https:\/\/www.hfmt-hamburg.de\/veranstaltungen\/details\/9423\/\">Jewish Music Research<\/a><\/strong><br \/><strong>Mi\u00e9rcoles 2 de marzo\u00a02022 <a href=\"https:\/\/www.hfmt-hamburg.de\/veranstaltungen\/details\/9424\/\">Jewish Music Research<\/a><\/strong><br \/><strong>Jueves 3 de marzo\u00a02022 <a href=\"https:\/\/www.hfmt-hamburg.de\/veranstaltungen\/details\/9425\/\">Jewish Music Research<\/a><\/strong><\/p>\n<p><strong><a href=\"https:\/\/www.youtube.com\/watch?v=01qBSpz4a7I\" target=\"_blank\" rel=\"noopener\">Pulse aqu\u00ed<\/a> para ver la retransmisi\u00f3n en directo<\/strong><\/p>\n<p><strong>Interesados:\u00a0<\/strong><\/p>\n<ul>\n<li><strong>Jan Phillip Sprick,<\/strong>Vicepresidente de la Universidad de M\u00fasica de Hamburgo<\/li>\n<li><strong>Edwin Seroussi, <\/strong>Director del Centro de Investigaci\u00f3n de M\u00fasica Jud\u00eda de la Universidad Hebrea de Jerusal\u00e9n y profesor visitante de Estudios Jud\u00edos en el Dartmouth College.<\/li>\n<li><strong>Herv\u00e9 Roten, <\/strong>Director del Instituto Europeo de M\u00fasicas Jud\u00edas, etnomusic\u00f3logo, doctor en musicolog\u00eda por la Universidad de Par\u00eds IV Sorbona<\/li>\n<li><strong>Jascha Nemtsov, <\/strong>pianista y profesor de historia de la m\u00fasica jud\u00eda en la Hochschule f\u00fcr Musik Franz Liszt de Weimar<\/li>\n<li><strong>Reinhard Flender<\/strong>, Director del Instituto de Investigaci\u00f3n para la Innovaci\u00f3n Cultural de la Universidad de M\u00fasica y Teatro de Hamburgo, compositor e investigador musicol\u00f3gico alem\u00e1n.\u00a0\u00a0<\/li>\n<li><strong>Yuval Shaked<\/strong>, Director del Departamento de M\u00fasica de la Universidad de Haifa y compositor<\/li>\n<\/ul>\n<h3><strong>Programa:<\/strong><\/h3>\n<ul>\n<li><strong>Martes 1 de marzo<\/strong>\n<ul>\n<li><strong>15h00 &#8211; 16h30 Edwin Seroussi(Jerusal\u00e9n) Discurso inaugural y sesi\u00f3n de apertura <\/strong><\/li>\n<\/ul>\n<\/li>\n<\/ul>\n<p style=\"padding-left: 80px;\">Un encuentro musical inesperado: m\u00fasica lit\u00fargica hispano-portuguesa en las sinagogas alemanas<\/p>\n<ul>\n<li style=\"list-style-type: none;\">\n<ul>\n<li><strong>17h00 &#8211; 18h30 Herv\u00e9 Roten (Par\u00eds) Conferencia y debate<\/strong><br \/>La introducci\u00f3n de la notaci\u00f3n musical occidental y del \u00f3rgano en las comunidades hispano-portuguesas francesas en el siglo XIX: cambios y continuidades<\/li>\n<\/ul>\n<\/li>\n<\/ul>\n<ul>\n<li><strong>Mi\u00e9rcoles 2 de marzo<\/strong>\n<ul>\n<li><strong>15h00 &#8211; 16h30 Jascha Nemtsov (Weimar) Conferencia y debate<\/strong><br \/>Leon Kornitzer, Cantor del Templo Reformado de Hamburgo y su diario (Der j\u00fcdische Kantor)<\/li>\n<li><strong>17 h &#8211; 18 h 30 Jascha Nemtsov, Herv\u00e9 Roten, Edwin Seroussi, Reinhard Flender <\/strong>(moderaci\u00f3n) &#8211; Mesa redonda<br \/>Identidad cultural y asimilaci\u00f3n &#8211; M\u00fasica jud\u00eda en Alemania y Francia en el siglo XIX.<\/li>\n<\/ul>\n<\/li>\n<\/ul>\n<ul>\n<li><strong>Jueves 3 de marzo<\/strong>\n<ul>\n<li><strong>15h00 &#8211; 16h30 <\/strong> <strong>Reinhard Flender Conferencia y debate<\/strong><br \/>Rolf Liebermann &#8211; Innovaci\u00f3n cultural para Hamburgo, de la NDR a la Staatsoper<\/li>\n<li><strong>17h00 &#8211; 18h30 Yuval Shaked (Haifa) Conferencia y debate<\/strong><br \/>La \u00f3pera \u00abDer Turm\u00bb &#8211; La colaboraci\u00f3n del compositor Josef Tal con el libretista Hans Keller tal como fue concebida y reflejada en su correspondencia.<\/li>\n<\/ul>\n<\/li>\n<\/ul>\n<p><em>Entrada gratuita<\/em><\/p>\n\n\n<p><\/p>\n","protected":false},"excerpt":{"rendered":"<p>Conferencia internacional en la Universidad de M\u00fasica de Hamburgo del 1 al 3 de marzo de 2022 Hochschule f\u00fcr Musik und Theater Hamburg &#8211; Harvestehuder Weg 12, 20148 Hamburg, Allemagne<\/p>\n","protected":false},"author":5,"featured_media":81218,"comment_status":"closed","ping_status":"closed","sticky":false,"template":"","format":"standard","meta":{"_acf_changed":false,"footnotes":""},"categories":[1384,1372],"tags":[3422],"technique":[],"squelettes":[],"sujet":[],"formation":[],"genre":[],"fonds":[],"tradition":[],"type-de-contenu":[],"interprete-compositeur":[],"frise":[],"type-devenement":[],"tableaux-liens-externes":[],"class_list":["post-97270","post","type-post","status-publish","format-standard","has-post-thumbnail","hentry","category-clases-conferencias-es","category-manifestaciones-es","tag-eventos-asociados-es"],"acf":[],"yoast_head":"<!-- This site is optimized with the Yoast SEO plugin v27.3 - https:\/\/yoast.com\/product\/yoast-seo-wordpress\/ -->\n<title>Conferencia Internacional - HAMBURGO - De la m\u00fasica sinagogal portuguesa del siglo XIX a la \u00e9poca de Rolf Lieberman en el siglo XX - Institut Europ\u00e9en des Musiques Juives<\/title>\n<meta name=\"robots\" content=\"index, follow, max-snippet:-1, max-image-preview:large, max-video-preview:-1\" \/>\n<link rel=\"canonical\" href=\"https:\/\/www.iemj.org\/es\/conference-internationale-hambourg-de-la-musique-de-la-synagogue-portugaise-au-xixe-siecle-a-lere-de-rolf-lieberman-au-xxe-siecle\/\" \/>\n<meta property=\"og:locale\" content=\"es_ES\" \/>\n<meta property=\"og:type\" content=\"article\" \/>\n<meta property=\"og:title\" content=\"Conferencia Internacional - HAMBURGO - De la m\u00fasica sinagogal portuguesa del siglo XIX a la \u00e9poca de Rolf Lieberman en el siglo XX - Institut Europ\u00e9en des Musiques Juives\" \/>\n<meta property=\"og:description\" content=\"Conferencia internacional en la Universidad de M\u00fasica de Hamburgo del 1 al 3 de marzo de 2022 Hochschule f\u00fcr Musik und Theater Hamburg &#8211; Harvestehuder Weg 12, 20148 Hamburg, Allemagne\" \/>\n<meta property=\"og:url\" content=\"https:\/\/www.iemj.org\/es\/conference-internationale-hambourg-de-la-musique-de-la-synagogue-portugaise-au-xixe-siecle-a-lere-de-rolf-lieberman-au-xxe-siecle\/\" \/>\n<meta property=\"og:site_name\" content=\"Institut Europ\u00e9en des Musiques Juives\" \/>\n<meta property=\"article:publisher\" content=\"https:\/\/www.facebook.com\/MusiquesJuives\/\" \/>\n<meta property=\"article:published_time\" content=\"2022-02-22T13:30:08+00:00\" \/>\n<meta property=\"article:modified_time\" content=\"2023-05-25T10:14:59+00:00\" \/>\n<meta property=\"og:image\" content=\"https:\/\/www.iemj.org\/wp-content\/uploads\/2022\/02\/Conference-Hambourg.jpg\" \/>\n\t<meta property=\"og:image:width\" content=\"494\" \/>\n\t<meta property=\"og:image:height\" content=\"331\" \/>\n\t<meta property=\"og:image:type\" content=\"image\/jpeg\" \/>\n<meta name=\"author\" content=\"Jacqueline ROTEN\" \/>\n<meta name=\"twitter:card\" content=\"summary_large_image\" \/>\n<meta name=\"twitter:label1\" content=\"Escrito por\" \/>\n\t<meta name=\"twitter:data1\" content=\"Jacqueline ROTEN\" \/>\n\t<meta name=\"twitter:label2\" content=\"Tiempo de lectura\" \/>\n\t<meta name=\"twitter:data2\" content=\"3 minutos\" \/>\n<script type=\"application\/ld+json\" class=\"yoast-schema-graph\">{\"@context\":\"https:\\\/\\\/schema.org\",\"@graph\":[{\"@type\":\"Article\",\"@id\":\"https:\\\/\\\/www.iemj.org\\\/es\\\/conference-internationale-hambourg-de-la-musique-de-la-synagogue-portugaise-au-xixe-siecle-a-lere-de-rolf-lieberman-au-xxe-siecle\\\/#article\",\"isPartOf\":{\"@id\":\"https:\\\/\\\/www.iemj.org\\\/es\\\/conference-internationale-hambourg-de-la-musique-de-la-synagogue-portugaise-au-xixe-siecle-a-lere-de-rolf-lieberman-au-xxe-siecle\\\/\"},\"author\":{\"name\":\"Jacqueline ROTEN\",\"@id\":\"https:\\\/\\\/www.iemj.org\\\/es\\\/#\\\/schema\\\/person\\\/358e26c18aca017fcc4cc15437f7279c\"},\"headline\":\"Conferencia Internacional &#8211; HAMBURGO &#8211; De la m\u00fasica sinagogal portuguesa del siglo XIX a la \u00e9poca de Rolf Lieberman en el siglo XX\",\"datePublished\":\"2022-02-22T13:30:08+00:00\",\"dateModified\":\"2023-05-25T10:14:59+00:00\",\"mainEntityOfPage\":{\"@id\":\"https:\\\/\\\/www.iemj.org\\\/es\\\/conference-internationale-hambourg-de-la-musique-de-la-synagogue-portugaise-au-xixe-siecle-a-lere-de-rolf-lieberman-au-xxe-siecle\\\/\"},\"wordCount\":508,\"publisher\":{\"@id\":\"https:\\\/\\\/www.iemj.org\\\/es\\\/#organization\"},\"image\":{\"@id\":\"https:\\\/\\\/www.iemj.org\\\/es\\\/conference-internationale-hambourg-de-la-musique-de-la-synagogue-portugaise-au-xixe-siecle-a-lere-de-rolf-lieberman-au-xxe-siecle\\\/#primaryimage\"},\"thumbnailUrl\":\"https:\\\/\\\/www.iemj.org\\\/wp-content\\\/uploads\\\/2022\\\/02\\\/Conference-Hambourg.jpg\",\"keywords\":[\"Eventos asociados\"],\"articleSection\":[\"Clases \\\/ Conferencias\",\"Manifestaciones\"],\"inLanguage\":\"es\"},{\"@type\":\"WebPage\",\"@id\":\"https:\\\/\\\/www.iemj.org\\\/es\\\/conference-internationale-hambourg-de-la-musique-de-la-synagogue-portugaise-au-xixe-siecle-a-lere-de-rolf-lieberman-au-xxe-siecle\\\/\",\"url\":\"https:\\\/\\\/www.iemj.org\\\/es\\\/conference-internationale-hambourg-de-la-musique-de-la-synagogue-portugaise-au-xixe-siecle-a-lere-de-rolf-lieberman-au-xxe-siecle\\\/\",\"name\":\"Conferencia Internacional - HAMBURGO - De la m\u00fasica sinagogal portuguesa del siglo XIX a la \u00e9poca de Rolf Lieberman en el siglo XX - Institut Europ\u00e9en des Musiques Juives\",\"isPartOf\":{\"@id\":\"https:\\\/\\\/www.iemj.org\\\/es\\\/#website\"},\"primaryImageOfPage\":{\"@id\":\"https:\\\/\\\/www.iemj.org\\\/es\\\/conference-internationale-hambourg-de-la-musique-de-la-synagogue-portugaise-au-xixe-siecle-a-lere-de-rolf-lieberman-au-xxe-siecle\\\/#primaryimage\"},\"image\":{\"@id\":\"https:\\\/\\\/www.iemj.org\\\/es\\\/conference-internationale-hambourg-de-la-musique-de-la-synagogue-portugaise-au-xixe-siecle-a-lere-de-rolf-lieberman-au-xxe-siecle\\\/#primaryimage\"},\"thumbnailUrl\":\"https:\\\/\\\/www.iemj.org\\\/wp-content\\\/uploads\\\/2022\\\/02\\\/Conference-Hambourg.jpg\",\"datePublished\":\"2022-02-22T13:30:08+00:00\",\"dateModified\":\"2023-05-25T10:14:59+00:00\",\"breadcrumb\":{\"@id\":\"https:\\\/\\\/www.iemj.org\\\/es\\\/conference-internationale-hambourg-de-la-musique-de-la-synagogue-portugaise-au-xixe-siecle-a-lere-de-rolf-lieberman-au-xxe-siecle\\\/#breadcrumb\"},\"inLanguage\":\"es\",\"potentialAction\":[{\"@type\":\"ReadAction\",\"target\":[\"https:\\\/\\\/www.iemj.org\\\/es\\\/conference-internationale-hambourg-de-la-musique-de-la-synagogue-portugaise-au-xixe-siecle-a-lere-de-rolf-lieberman-au-xxe-siecle\\\/\"]}]},{\"@type\":\"ImageObject\",\"inLanguage\":\"es\",\"@id\":\"https:\\\/\\\/www.iemj.org\\\/es\\\/conference-internationale-hambourg-de-la-musique-de-la-synagogue-portugaise-au-xixe-siecle-a-lere-de-rolf-lieberman-au-xxe-siecle\\\/#primaryimage\",\"url\":\"https:\\\/\\\/www.iemj.org\\\/wp-content\\\/uploads\\\/2022\\\/02\\\/Conference-Hambourg.jpg\",\"contentUrl\":\"https:\\\/\\\/www.iemj.org\\\/wp-content\\\/uploads\\\/2022\\\/02\\\/Conference-Hambourg.jpg\",\"width\":494,\"height\":331},{\"@type\":\"BreadcrumbList\",\"@id\":\"https:\\\/\\\/www.iemj.org\\\/es\\\/conference-internationale-hambourg-de-la-musique-de-la-synagogue-portugaise-au-xixe-siecle-a-lere-de-rolf-lieberman-au-xxe-siecle\\\/#breadcrumb\",\"itemListElement\":[{\"@type\":\"ListItem\",\"position\":1,\"name\":\"Accueil\",\"item\":\"https:\\\/\\\/www.iemj.org\\\/es\\\/\"},{\"@type\":\"ListItem\",\"position\":2,\"name\":\"Conferencia Internacional &#8211; HAMBURGO &#8211; De la m\u00fasica sinagogal portuguesa del siglo XIX a la \u00e9poca de Rolf Lieberman en el siglo XX\"}]},{\"@type\":\"WebSite\",\"@id\":\"https:\\\/\\\/www.iemj.org\\\/es\\\/#website\",\"url\":\"https:\\\/\\\/www.iemj.org\\\/es\\\/\",\"name\":\"Institut Europ\u00e9en des Musiques Juives\",\"description\":\"Des traditions musicales \u00e0 la port\u00e9e de tous\",\"publisher\":{\"@id\":\"https:\\\/\\\/www.iemj.org\\\/es\\\/#organization\"},\"potentialAction\":[{\"@type\":\"SearchAction\",\"target\":{\"@type\":\"EntryPoint\",\"urlTemplate\":\"https:\\\/\\\/www.iemj.org\\\/es\\\/?s={search_term_string}\"},\"query-input\":{\"@type\":\"PropertyValueSpecification\",\"valueRequired\":true,\"valueName\":\"search_term_string\"}}],\"inLanguage\":\"es\"},{\"@type\":\"Organization\",\"@id\":\"https:\\\/\\\/www.iemj.org\\\/es\\\/#organization\",\"name\":\"Institut Europ\u00e9en des Musiques Juives\",\"url\":\"https:\\\/\\\/www.iemj.org\\\/es\\\/\",\"logo\":{\"@type\":\"ImageObject\",\"inLanguage\":\"es\",\"@id\":\"https:\\\/\\\/www.iemj.org\\\/es\\\/#\\\/schema\\\/logo\\\/image\\\/\",\"url\":\"https:\\\/\\\/www.iemj.org\\\/wp-content\\\/uploads\\\/2021\\\/09\\\/Logo-IEMJ-Paypal.jpg\",\"contentUrl\":\"https:\\\/\\\/www.iemj.org\\\/wp-content\\\/uploads\\\/2021\\\/09\\\/Logo-IEMJ-Paypal.jpg\",\"width\":150,\"height\":50,\"caption\":\"Institut Europ\u00e9en des Musiques Juives\"},\"image\":{\"@id\":\"https:\\\/\\\/www.iemj.org\\\/es\\\/#\\\/schema\\\/logo\\\/image\\\/\"},\"sameAs\":[\"https:\\\/\\\/www.facebook.com\\\/MusiquesJuives\\\/\",\"https:\\\/\\\/www.instagram.com\\\/musiquesjuives\\\/\",\"https:\\\/\\\/www.youtube.com\\\/user\\\/musiquesjuives\"]},{\"@type\":\"Person\",\"@id\":\"https:\\\/\\\/www.iemj.org\\\/es\\\/#\\\/schema\\\/person\\\/358e26c18aca017fcc4cc15437f7279c\",\"name\":\"Jacqueline ROTEN\",\"image\":{\"@type\":\"ImageObject\",\"inLanguage\":\"es\",\"@id\":\"https:\\\/\\\/secure.gravatar.com\\\/avatar\\\/5964256d6c6957de3a3505278957e0fb2a35119ac47ea41827a65301213c810b?s=96&d=mm&r=g\",\"url\":\"https:\\\/\\\/secure.gravatar.com\\\/avatar\\\/5964256d6c6957de3a3505278957e0fb2a35119ac47ea41827a65301213c810b?s=96&d=mm&r=g\",\"contentUrl\":\"https:\\\/\\\/secure.gravatar.com\\\/avatar\\\/5964256d6c6957de3a3505278957e0fb2a35119ac47ea41827a65301213c810b?s=96&d=mm&r=g\",\"caption\":\"Jacqueline ROTEN\"}}]}<\/script>\n<!-- \/ Yoast SEO plugin. -->","yoast_head_json":{"title":"Conferencia Internacional - HAMBURGO - De la m\u00fasica sinagogal portuguesa del siglo XIX a la \u00e9poca de Rolf Lieberman en el siglo XX - Institut Europ\u00e9en des Musiques Juives","robots":{"index":"index","follow":"follow","max-snippet":"max-snippet:-1","max-image-preview":"max-image-preview:large","max-video-preview":"max-video-preview:-1"},"canonical":"https:\/\/www.iemj.org\/es\/conference-internationale-hambourg-de-la-musique-de-la-synagogue-portugaise-au-xixe-siecle-a-lere-de-rolf-lieberman-au-xxe-siecle\/","og_locale":"es_ES","og_type":"article","og_title":"Conferencia Internacional - HAMBURGO - De la m\u00fasica sinagogal portuguesa del siglo XIX a la \u00e9poca de Rolf Lieberman en el siglo XX - Institut Europ\u00e9en des Musiques Juives","og_description":"Conferencia internacional en la Universidad de M\u00fasica de Hamburgo del 1 al 3 de marzo de 2022 Hochschule f\u00fcr Musik und Theater Hamburg &#8211; Harvestehuder Weg 12, 20148 Hamburg, Allemagne","og_url":"https:\/\/www.iemj.org\/es\/conference-internationale-hambourg-de-la-musique-de-la-synagogue-portugaise-au-xixe-siecle-a-lere-de-rolf-lieberman-au-xxe-siecle\/","og_site_name":"Institut Europ\u00e9en des Musiques Juives","article_publisher":"https:\/\/www.facebook.com\/MusiquesJuives\/","article_published_time":"2022-02-22T13:30:08+00:00","article_modified_time":"2023-05-25T10:14:59+00:00","og_image":[{"width":494,"height":331,"url":"https:\/\/www.iemj.org\/wp-content\/uploads\/2022\/02\/Conference-Hambourg.jpg","type":"image\/jpeg"}],"author":"Jacqueline ROTEN","twitter_card":"summary_large_image","twitter_misc":{"Escrito por":"Jacqueline ROTEN","Tiempo de lectura":"3 minutos"},"schema":{"@context":"https:\/\/schema.org","@graph":[{"@type":"Article","@id":"https:\/\/www.iemj.org\/es\/conference-internationale-hambourg-de-la-musique-de-la-synagogue-portugaise-au-xixe-siecle-a-lere-de-rolf-lieberman-au-xxe-siecle\/#article","isPartOf":{"@id":"https:\/\/www.iemj.org\/es\/conference-internationale-hambourg-de-la-musique-de-la-synagogue-portugaise-au-xixe-siecle-a-lere-de-rolf-lieberman-au-xxe-siecle\/"},"author":{"name":"Jacqueline ROTEN","@id":"https:\/\/www.iemj.org\/es\/#\/schema\/person\/358e26c18aca017fcc4cc15437f7279c"},"headline":"Conferencia Internacional &#8211; HAMBURGO &#8211; De la m\u00fasica sinagogal portuguesa del siglo XIX a la \u00e9poca de Rolf Lieberman en el siglo XX","datePublished":"2022-02-22T13:30:08+00:00","dateModified":"2023-05-25T10:14:59+00:00","mainEntityOfPage":{"@id":"https:\/\/www.iemj.org\/es\/conference-internationale-hambourg-de-la-musique-de-la-synagogue-portugaise-au-xixe-siecle-a-lere-de-rolf-lieberman-au-xxe-siecle\/"},"wordCount":508,"publisher":{"@id":"https:\/\/www.iemj.org\/es\/#organization"},"image":{"@id":"https:\/\/www.iemj.org\/es\/conference-internationale-hambourg-de-la-musique-de-la-synagogue-portugaise-au-xixe-siecle-a-lere-de-rolf-lieberman-au-xxe-siecle\/#primaryimage"},"thumbnailUrl":"https:\/\/www.iemj.org\/wp-content\/uploads\/2022\/02\/Conference-Hambourg.jpg","keywords":["Eventos asociados"],"articleSection":["Clases \/ Conferencias","Manifestaciones"],"inLanguage":"es"},{"@type":"WebPage","@id":"https:\/\/www.iemj.org\/es\/conference-internationale-hambourg-de-la-musique-de-la-synagogue-portugaise-au-xixe-siecle-a-lere-de-rolf-lieberman-au-xxe-siecle\/","url":"https:\/\/www.iemj.org\/es\/conference-internationale-hambourg-de-la-musique-de-la-synagogue-portugaise-au-xixe-siecle-a-lere-de-rolf-lieberman-au-xxe-siecle\/","name":"Conferencia Internacional - HAMBURGO - De la m\u00fasica sinagogal portuguesa del siglo XIX a la \u00e9poca de Rolf Lieberman en el siglo XX - Institut Europ\u00e9en des Musiques Juives","isPartOf":{"@id":"https:\/\/www.iemj.org\/es\/#website"},"primaryImageOfPage":{"@id":"https:\/\/www.iemj.org\/es\/conference-internationale-hambourg-de-la-musique-de-la-synagogue-portugaise-au-xixe-siecle-a-lere-de-rolf-lieberman-au-xxe-siecle\/#primaryimage"},"image":{"@id":"https:\/\/www.iemj.org\/es\/conference-internationale-hambourg-de-la-musique-de-la-synagogue-portugaise-au-xixe-siecle-a-lere-de-rolf-lieberman-au-xxe-siecle\/#primaryimage"},"thumbnailUrl":"https:\/\/www.iemj.org\/wp-content\/uploads\/2022\/02\/Conference-Hambourg.jpg","datePublished":"2022-02-22T13:30:08+00:00","dateModified":"2023-05-25T10:14:59+00:00","breadcrumb":{"@id":"https:\/\/www.iemj.org\/es\/conference-internationale-hambourg-de-la-musique-de-la-synagogue-portugaise-au-xixe-siecle-a-lere-de-rolf-lieberman-au-xxe-siecle\/#breadcrumb"},"inLanguage":"es","potentialAction":[{"@type":"ReadAction","target":["https:\/\/www.iemj.org\/es\/conference-internationale-hambourg-de-la-musique-de-la-synagogue-portugaise-au-xixe-siecle-a-lere-de-rolf-lieberman-au-xxe-siecle\/"]}]},{"@type":"ImageObject","inLanguage":"es","@id":"https:\/\/www.iemj.org\/es\/conference-internationale-hambourg-de-la-musique-de-la-synagogue-portugaise-au-xixe-siecle-a-lere-de-rolf-lieberman-au-xxe-siecle\/#primaryimage","url":"https:\/\/www.iemj.org\/wp-content\/uploads\/2022\/02\/Conference-Hambourg.jpg","contentUrl":"https:\/\/www.iemj.org\/wp-content\/uploads\/2022\/02\/Conference-Hambourg.jpg","width":494,"height":331},{"@type":"BreadcrumbList","@id":"https:\/\/www.iemj.org\/es\/conference-internationale-hambourg-de-la-musique-de-la-synagogue-portugaise-au-xixe-siecle-a-lere-de-rolf-lieberman-au-xxe-siecle\/#breadcrumb","itemListElement":[{"@type":"ListItem","position":1,"name":"Accueil","item":"https:\/\/www.iemj.org\/es\/"},{"@type":"ListItem","position":2,"name":"Conferencia Internacional &#8211; HAMBURGO &#8211; De la m\u00fasica sinagogal portuguesa del siglo XIX a la \u00e9poca de Rolf Lieberman en el siglo XX"}]},{"@type":"WebSite","@id":"https:\/\/www.iemj.org\/es\/#website","url":"https:\/\/www.iemj.org\/es\/","name":"Institut Europ\u00e9en des Musiques Juives","description":"Des traditions musicales \u00e0 la port\u00e9e de tous","publisher":{"@id":"https:\/\/www.iemj.org\/es\/#organization"},"potentialAction":[{"@type":"SearchAction","target":{"@type":"EntryPoint","urlTemplate":"https:\/\/www.iemj.org\/es\/?s={search_term_string}"},"query-input":{"@type":"PropertyValueSpecification","valueRequired":true,"valueName":"search_term_string"}}],"inLanguage":"es"},{"@type":"Organization","@id":"https:\/\/www.iemj.org\/es\/#organization","name":"Institut Europ\u00e9en des Musiques Juives","url":"https:\/\/www.iemj.org\/es\/","logo":{"@type":"ImageObject","inLanguage":"es","@id":"https:\/\/www.iemj.org\/es\/#\/schema\/logo\/image\/","url":"https:\/\/www.iemj.org\/wp-content\/uploads\/2021\/09\/Logo-IEMJ-Paypal.jpg","contentUrl":"https:\/\/www.iemj.org\/wp-content\/uploads\/2021\/09\/Logo-IEMJ-Paypal.jpg","width":150,"height":50,"caption":"Institut Europ\u00e9en des Musiques Juives"},"image":{"@id":"https:\/\/www.iemj.org\/es\/#\/schema\/logo\/image\/"},"sameAs":["https:\/\/www.facebook.com\/MusiquesJuives\/","https:\/\/www.instagram.com\/musiquesjuives\/","https:\/\/www.youtube.com\/user\/musiquesjuives"]},{"@type":"Person","@id":"https:\/\/www.iemj.org\/es\/#\/schema\/person\/358e26c18aca017fcc4cc15437f7279c","name":"Jacqueline ROTEN","image":{"@type":"ImageObject","inLanguage":"es","@id":"https:\/\/secure.gravatar.com\/avatar\/5964256d6c6957de3a3505278957e0fb2a35119ac47ea41827a65301213c810b?s=96&d=mm&r=g","url":"https:\/\/secure.gravatar.com\/avatar\/5964256d6c6957de3a3505278957e0fb2a35119ac47ea41827a65301213c810b?s=96&d=mm&r=g","contentUrl":"https:\/\/secure.gravatar.com\/avatar\/5964256d6c6957de3a3505278957e0fb2a35119ac47ea41827a65301213c810b?s=96&d=mm&r=g","caption":"Jacqueline ROTEN"}}]}},"_links":{"self":[{"href":"https:\/\/www.iemj.org\/es\/wp-json\/wp\/v2\/posts\/97270","targetHints":{"allow":["GET"]}}],"collection":[{"href":"https:\/\/www.iemj.org\/es\/wp-json\/wp\/v2\/posts"}],"about":[{"href":"https:\/\/www.iemj.org\/es\/wp-json\/wp\/v2\/types\/post"}],"author":[{"embeddable":true,"href":"https:\/\/www.iemj.org\/es\/wp-json\/wp\/v2\/users\/5"}],"replies":[{"embeddable":true,"href":"https:\/\/www.iemj.org\/es\/wp-json\/wp\/v2\/comments?post=97270"}],"version-history":[{"count":0,"href":"https:\/\/www.iemj.org\/es\/wp-json\/wp\/v2\/posts\/97270\/revisions"}],"wp:featuredmedia":[{"embeddable":true,"href":"https:\/\/www.iemj.org\/es\/wp-json\/wp\/v2\/media\/81218"}],"wp:attachment":[{"href":"https:\/\/www.iemj.org\/es\/wp-json\/wp\/v2\/media?parent=97270"}],"wp:term":[{"taxonomy":"category","embeddable":true,"href":"https:\/\/www.iemj.org\/es\/wp-json\/wp\/v2\/categories?post=97270"},{"taxonomy":"post_tag","embeddable":true,"href":"https:\/\/www.iemj.org\/es\/wp-json\/wp\/v2\/tags?post=97270"},{"taxonomy":"technique","embeddable":true,"href":"https:\/\/www.iemj.org\/es\/wp-json\/wp\/v2\/technique?post=97270"},{"taxonomy":"squelettes","embeddable":true,"href":"https:\/\/www.iemj.org\/es\/wp-json\/wp\/v2\/squelettes?post=97270"},{"taxonomy":"sujet","embeddable":true,"href":"https:\/\/www.iemj.org\/es\/wp-json\/wp\/v2\/sujet?post=97270"},{"taxonomy":"formation","embeddable":true,"href":"https:\/\/www.iemj.org\/es\/wp-json\/wp\/v2\/formation?post=97270"},{"taxonomy":"genre","embeddable":true,"href":"https:\/\/www.iemj.org\/es\/wp-json\/wp\/v2\/genre?post=97270"},{"taxonomy":"fonds","embeddable":true,"href":"https:\/\/www.iemj.org\/es\/wp-json\/wp\/v2\/fonds?post=97270"},{"taxonomy":"tradition","embeddable":true,"href":"https:\/\/www.iemj.org\/es\/wp-json\/wp\/v2\/tradition?post=97270"},{"taxonomy":"type-de-contenu","embeddable":true,"href":"https:\/\/www.iemj.org\/es\/wp-json\/wp\/v2\/type-de-contenu?post=97270"},{"taxonomy":"interprete-compositeur","embeddable":true,"href":"https:\/\/www.iemj.org\/es\/wp-json\/wp\/v2\/interprete-compositeur?post=97270"},{"taxonomy":"frise","embeddable":true,"href":"https:\/\/www.iemj.org\/es\/wp-json\/wp\/v2\/frise?post=97270"},{"taxonomy":"type-devenement","embeddable":true,"href":"https:\/\/www.iemj.org\/es\/wp-json\/wp\/v2\/type-devenement?post=97270"},{"taxonomy":"tableaux-liens-externes","embeddable":true,"href":"https:\/\/www.iemj.org\/es\/wp-json\/wp\/v2\/tableaux-liens-externes?post=97270"}],"curies":[{"name":"wp","href":"https:\/\/api.w.org\/{rel}","templated":true}]}}