{"id":97433,"date":"2017-07-06T09:50:26","date_gmt":"2017-07-06T07:50:26","guid":{"rendered":"https:\/\/www.iemj.org\/grand-concert-de-gala-de-linstitut-europeen-des-musiques-juives-3e-edition\/"},"modified":"2023-06-07T14:57:19","modified_gmt":"2023-06-07T12:57:19","slug":"grand-concert-de-gala-de-linstitut-europeen-des-musiques-juives-3e-edition","status":"publish","type":"post","link":"https:\/\/www.iemj.org\/es\/grand-concert-de-gala-de-linstitut-europeen-des-musiques-juives-3e-edition\/","title":{"rendered":"Gran concierto de gala del Instituto Europeo de M\u00fasicas Jud\u00edas &#8211; 3era Edici\u00f3n"},"content":{"rendered":"\n<p><\/p>\n\n\n<h3>\u00a0<\/h3>\n<p><!--more--><\/p>\n<h3>\u00a0<\/h3>\n<h3 style=\"text-align: center;\"><strong>DOMINGO 12 DE NOVIEMBRE DE 2017, a las 17:30, Sala Cortot \u2013 78 rue Cardinet, 75017 Par\u00eds<\/strong><\/h3>\n<p>\u00a0<\/p>\n<center>\n<p>El Instituto Europeo de M\u00fasicas Jud\u00edas tiene el placer de invitarles a su Gran Concierto de Gala<\/p>\n<\/center><center>\n<p>\u201cLa m\u00fasica jud\u00eda en todas sus formas\u201d \u2013 3era edici\u00f3n<\/p>\n<\/center>\n<p>\u00a0<\/p>\n<p>\u00a0<\/p>\n<center><br \/><img fetchpriority=\"high\" decoding=\"async\" src=\"https:\/\/www.iemj.org\/wp-content\/uploads\/2017\/07\/bandeau_photos_artistes_gala_2017_pour_site_redim-50_.jpg\" alt=\"bandeau_photos_artistes_gala_2017_pour_site_redim-50_.jpg\" width=\"512\" height=\"132\" align=\"center\" \/><\/center><center><\/center><center><strong>PROGRAMA<\/strong><br \/><strong>1era parte<\/strong><br \/><strong>EL RELOJ DE ARENA<\/strong><\/center><center>\n<p><strong>Un viaje musical por dentro del alma jud\u00eda propuesto por Virginie Constant<\/strong><\/p>\n<\/center><center>\n<p>Con Virginie Constant (violonchelo) y Simon Zaoui (piano)<\/p>\n<\/center>\n<p>A imagen del reloj de arena en el cual corre el Tiempo de la Historia, esa primera parte del concierto nos har\u00e1 viajar al ritmo de las obras profanas y sagradas principalmente escritas en la primera mitad del siglo 20 por compositores en busca de una identidad musical jud\u00eda. De esa manera se podr\u00e1 escuchar obras de Joseph Achron, Ernest Bloch, Gideon Klein, Lazare Saminski, Mark Warshawsky\u2026<\/p>\n<p>\u00a0<\/p>\n<p>\u00a0<\/p>\n<center><strong>2nda parte<\/strong><br \/><strong>KLEZMER TRANS\u2019AFRICANA<\/strong><br \/><strong>Una creaci\u00f3n mundial de Denis Cuniot<\/strong><\/center><center>\n<p>Con Denis Cuniot (piano), Julien Andr\u00e9 (percusiones africanas), Jean-Philippe Viret (contrabjo)<br \/>y la intervenci\u00f3n excepcional de la bailarina africana Aminata Traor\u00e9<\/p>\n<\/center>\n<p>Tras la creaci\u00f3n de su \u00ab Raga klezmer \u00bb en 2015, Denis Cuniot mir\u00f3 hacia \u00c1frica para un nuevo espect\u00e1culo que acerca a las m\u00fasicas africana y klezmer, ambas basadas en el baile, la espiritualidad y el trance. Un espect\u00e1culo colorido donde la onda africana se une con la m\u00fasica klezmer para el disfrute de todos\u2026<\/p>\n<p>Tras este concierto, seguir\u00e1 una <strong>copa de la amistad<\/strong> con los artistas (reservado para las <strong>entradas<\/strong> <strong>de oro, plata y platino<\/strong>).<\/p>\n<p><br \/><strong>Precios:<\/strong> 15 \u20ac* \u2013 25 \u20ac \u2013 50 \u20ac** \u2013 100 \u20ac** \u2013 200 \u20ac** \u2013 500 \u20ac**<\/p>\n<p>* Tarifa para los miembros del IEMJ al d\u00eda con el pago de sus cuotas (n\u00famero de entradas limitado)<br \/>** con un recibo Cerfa en la parte donaci\u00f3n, la donaci\u00f3n representa el precio de la entrada con un descuento de 15 \u20ac<\/p>\n<p>(Ejemplo: para la compra de una entrada de 100 \u20ac, recibir\u00e1 un Cerfa de 85 \u20ac)<\/p>\n<p><strong>Se recomienda reservar previamente<\/strong> al 01 45 82 20 52.<\/p>\n<p>Contacto: Jacqueline Roten: 01 45 82 20 52 \u2013 <a href=\"contact@iemj.org\">contact@iemj.org<\/a><br \/><a href=\"https:\/\/boutique.iemj.org\/fr\/billetterie\/205-concert-de-gala-du-12-novembre-2017.html\"><strong>COMPREN SUS ENTRADAS EN L\u00cdNEA <\/strong> <\/a><br \/><strong><em>Se<\/em><em> pueden comprar los billetes en la taquilla<\/em><em>, el d\u00eda del concierto, APERTURA DE LA TAQUILLA a partir de las 16:45<\/em><\/strong><\/p>\n<p>Tambi\u00e9n puede <a href=\"https:\/\/www.iemj.org\/es\/hacer-una-donacion\/\" target=\"_blank\" rel=\"noopener\">apoyar al Instituto Europeo de M\u00fasicas Jud\u00edas efectuando una donaci\u00f3n en l\u00ednea<\/a>. Recibir\u00e1 un Cerfa.Recibir\u00e1 un Cerfa.<\/p>\n<p><a href=\"https:\/\/www.iemj.org\/es\/hacer-una-donacion\/\"><img decoding=\"async\" class=\"alignright\" src=\"https:\/\/www.iemj.org\/wp-content\/uploads\/2017\/07\/logo_faire_un_don-2.jpg\" alt=\"logo_faire_un_don-2.jpg\" width=\"132\" height=\"62\" align=\"left\" \/><\/a><br \/><strong>Informaci\u00f3n pr\u00e1ctica\u00a0<\/strong><br \/><strong>SALLE CORTOT<\/strong>, Ecole Normale de Musique de Paris, 78 rue Cardinet, 75017 Paris<br \/>T\u00e9l : (0)1 47 63 47 48<br \/><a href=\"salle.cortot@ecolenormalecortot.com\">salle.cortot@ecolenormalecortot.com<\/a><br \/><a href=\"http:\/\/www.sallecortot.com\/\">http:\/\/www.sallecortot.com\/<\/a><br \/><a href=\"http:\/\/www.sallecortot.com\/infos_pratiques.htm\">http:\/\/www.sallecortot.com\/infos_pratiques.html<\/a><br \/><strong>Acceso:<br \/><\/strong>Metro : l\u00ednea 3, estaci\u00f3n Malesherbes | L\u00ednea 2, estaci\u00f3n Monceau<br \/>B\u00fas : l\u00edneas 31, 94 | Coche : aparcamiento Villiers, 14 avenue de Villiers | Taxi : estaci\u00f3n en 155 bd Malesherbes<br \/>V\u00e9lib\u2019 : 64 rue de Tocqueville o 20 rue de Phalsbourg | Autolib\u2019 : 46 Avenue de Villiers | 22bis rue Legendre<\/p>\n<h2><a href=\"https:\/\/www.iemj.org\/es\/videos-du-concert-de-gala-de-linstitut-europeen-des-musiques-juives-edition-2017\/\" target=\"_blank\" rel=\"noopener\">Ver fragmentos del concierto<\/a><\/h2>\n<h2>\u00a0<\/h2>","protected":false},"excerpt":{"rendered":"<p>\u00a0<\/p>\n","protected":false},"author":5,"featured_media":97434,"comment_status":"closed","ping_status":"open","sticky":false,"template":"","format":"standard","meta":{"_acf_changed":false,"footnotes":""},"categories":[1380,1372],"tags":[2223],"technique":[],"squelettes":[],"sujet":[],"formation":[],"genre":[],"fonds":[],"tradition":[],"type-de-contenu":[],"interprete-compositeur":[],"frise":[],"type-devenement":[],"tableaux-liens-externes":[],"class_list":["post-97433","post","type-post","status-publish","format-standard","has-post-thumbnail","hentry","category-conciertos-manifestaciones-es","category-manifestaciones-es","tag-eventos-iemj-es"],"acf":[],"yoast_head":"<!-- This site is optimized with the Yoast SEO plugin v27.3 - https:\/\/yoast.com\/product\/yoast-seo-wordpress\/ -->\n<title>Gran concierto de gala del Instituto Europeo de M\u00fasicas Jud\u00edas - 3era Edici\u00f3n - Institut Europ\u00e9en des Musiques Juives<\/title>\n<meta name=\"robots\" content=\"noindex, follow\" \/>\n<meta property=\"og:locale\" content=\"es_ES\" \/>\n<meta property=\"og:type\" content=\"article\" \/>\n<meta property=\"og:title\" content=\"Gran concierto de gala del Instituto Europeo de M\u00fasicas Jud\u00edas - 3era Edici\u00f3n - Institut Europ\u00e9en des Musiques Juives\" \/>\n<meta property=\"og:description\" content=\"\u00a0\" \/>\n<meta property=\"og:url\" content=\"https:\/\/www.iemj.org\/es\/grand-concert-de-gala-de-linstitut-europeen-des-musiques-juives-3e-edition\/\" \/>\n<meta property=\"og:site_name\" content=\"Institut Europ\u00e9en des Musiques Juives\" \/>\n<meta property=\"article:publisher\" content=\"https:\/\/www.facebook.com\/MusiquesJuives\/\" \/>\n<meta property=\"article:published_time\" content=\"2017-07-06T07:50:26+00:00\" \/>\n<meta property=\"article:modified_time\" content=\"2023-06-07T12:57:19+00:00\" \/>\n<meta property=\"og:image\" content=\"https:\/\/www.iemj.org\/wp-content\/uploads\/2017\/07\/arton2396-e1620046973895.jpg\" \/>\n\t<meta property=\"og:image:width\" content=\"350\" \/>\n\t<meta property=\"og:image:height\" content=\"496\" \/>\n\t<meta property=\"og:image:type\" content=\"image\/jpeg\" \/>\n<meta name=\"author\" content=\"Jacqueline ROTEN\" \/>\n<meta name=\"twitter:card\" content=\"summary_large_image\" \/>\n<meta name=\"twitter:label1\" content=\"Escrito por\" \/>\n\t<meta name=\"twitter:data1\" content=\"Jacqueline ROTEN\" \/>\n\t<meta name=\"twitter:label2\" content=\"Tiempo de lectura\" \/>\n\t<meta name=\"twitter:data2\" content=\"3 minutos\" \/>\n<script type=\"application\/ld+json\" class=\"yoast-schema-graph\">{\"@context\":\"https:\\\/\\\/schema.org\",\"@graph\":[{\"@type\":\"Article\",\"@id\":\"https:\\\/\\\/www.iemj.org\\\/es\\\/grand-concert-de-gala-de-linstitut-europeen-des-musiques-juives-3e-edition\\\/#article\",\"isPartOf\":{\"@id\":\"https:\\\/\\\/www.iemj.org\\\/es\\\/grand-concert-de-gala-de-linstitut-europeen-des-musiques-juives-3e-edition\\\/\"},\"author\":{\"name\":\"Jacqueline ROTEN\",\"@id\":\"https:\\\/\\\/www.iemj.org\\\/es\\\/#\\\/schema\\\/person\\\/358e26c18aca017fcc4cc15437f7279c\"},\"headline\":\"Gran concierto de gala del Instituto Europeo de M\u00fasicas Jud\u00edas &#8211; 3era Edici\u00f3n\",\"datePublished\":\"2017-07-06T07:50:26+00:00\",\"dateModified\":\"2023-06-07T12:57:19+00:00\",\"mainEntityOfPage\":{\"@id\":\"https:\\\/\\\/www.iemj.org\\\/es\\\/grand-concert-de-gala-de-linstitut-europeen-des-musiques-juives-3e-edition\\\/\"},\"wordCount\":462,\"publisher\":{\"@id\":\"https:\\\/\\\/www.iemj.org\\\/es\\\/#organization\"},\"image\":{\"@id\":\"https:\\\/\\\/www.iemj.org\\\/es\\\/grand-concert-de-gala-de-linstitut-europeen-des-musiques-juives-3e-edition\\\/#primaryimage\"},\"thumbnailUrl\":\"https:\\\/\\\/www.iemj.org\\\/wp-content\\\/uploads\\\/2017\\\/07\\\/arton2396-e1620046973895.jpg\",\"keywords\":[\"Eventos IEMJ\"],\"articleSection\":[\"Conciertos\",\"Manifestaciones\"],\"inLanguage\":\"es\"},{\"@type\":\"WebPage\",\"@id\":\"https:\\\/\\\/www.iemj.org\\\/es\\\/grand-concert-de-gala-de-linstitut-europeen-des-musiques-juives-3e-edition\\\/\",\"url\":\"https:\\\/\\\/www.iemj.org\\\/es\\\/grand-concert-de-gala-de-linstitut-europeen-des-musiques-juives-3e-edition\\\/\",\"name\":\"Gran concierto de gala del Instituto Europeo de M\u00fasicas Jud\u00edas - 3era Edici\u00f3n - Institut Europ\u00e9en des Musiques Juives\",\"isPartOf\":{\"@id\":\"https:\\\/\\\/www.iemj.org\\\/es\\\/#website\"},\"primaryImageOfPage\":{\"@id\":\"https:\\\/\\\/www.iemj.org\\\/es\\\/grand-concert-de-gala-de-linstitut-europeen-des-musiques-juives-3e-edition\\\/#primaryimage\"},\"image\":{\"@id\":\"https:\\\/\\\/www.iemj.org\\\/es\\\/grand-concert-de-gala-de-linstitut-europeen-des-musiques-juives-3e-edition\\\/#primaryimage\"},\"thumbnailUrl\":\"https:\\\/\\\/www.iemj.org\\\/wp-content\\\/uploads\\\/2017\\\/07\\\/arton2396-e1620046973895.jpg\",\"datePublished\":\"2017-07-06T07:50:26+00:00\",\"dateModified\":\"2023-06-07T12:57:19+00:00\",\"breadcrumb\":{\"@id\":\"https:\\\/\\\/www.iemj.org\\\/es\\\/grand-concert-de-gala-de-linstitut-europeen-des-musiques-juives-3e-edition\\\/#breadcrumb\"},\"inLanguage\":\"es\",\"potentialAction\":[{\"@type\":\"ReadAction\",\"target\":[\"https:\\\/\\\/www.iemj.org\\\/es\\\/grand-concert-de-gala-de-linstitut-europeen-des-musiques-juives-3e-edition\\\/\"]}]},{\"@type\":\"ImageObject\",\"inLanguage\":\"es\",\"@id\":\"https:\\\/\\\/www.iemj.org\\\/es\\\/grand-concert-de-gala-de-linstitut-europeen-des-musiques-juives-3e-edition\\\/#primaryimage\",\"url\":\"https:\\\/\\\/www.iemj.org\\\/wp-content\\\/uploads\\\/2017\\\/07\\\/arton2396-e1620046973895.jpg\",\"contentUrl\":\"https:\\\/\\\/www.iemj.org\\\/wp-content\\\/uploads\\\/2017\\\/07\\\/arton2396-e1620046973895.jpg\",\"width\":350,\"height\":496},{\"@type\":\"BreadcrumbList\",\"@id\":\"https:\\\/\\\/www.iemj.org\\\/es\\\/grand-concert-de-gala-de-linstitut-europeen-des-musiques-juives-3e-edition\\\/#breadcrumb\",\"itemListElement\":[{\"@type\":\"ListItem\",\"position\":1,\"name\":\"Accueil\",\"item\":\"https:\\\/\\\/www.iemj.org\\\/es\\\/\"},{\"@type\":\"ListItem\",\"position\":2,\"name\":\"Gran concierto de gala del Instituto Europeo de M\u00fasicas Jud\u00edas &#8211; 3era Edici\u00f3n\"}]},{\"@type\":\"WebSite\",\"@id\":\"https:\\\/\\\/www.iemj.org\\\/es\\\/#website\",\"url\":\"https:\\\/\\\/www.iemj.org\\\/es\\\/\",\"name\":\"Institut Europ\u00e9en des Musiques Juives\",\"description\":\"Des traditions musicales \u00e0 la port\u00e9e de tous\",\"publisher\":{\"@id\":\"https:\\\/\\\/www.iemj.org\\\/es\\\/#organization\"},\"potentialAction\":[{\"@type\":\"SearchAction\",\"target\":{\"@type\":\"EntryPoint\",\"urlTemplate\":\"https:\\\/\\\/www.iemj.org\\\/es\\\/?s={search_term_string}\"},\"query-input\":{\"@type\":\"PropertyValueSpecification\",\"valueRequired\":true,\"valueName\":\"search_term_string\"}}],\"inLanguage\":\"es\"},{\"@type\":\"Organization\",\"@id\":\"https:\\\/\\\/www.iemj.org\\\/es\\\/#organization\",\"name\":\"Institut Europ\u00e9en des Musiques Juives\",\"url\":\"https:\\\/\\\/www.iemj.org\\\/es\\\/\",\"logo\":{\"@type\":\"ImageObject\",\"inLanguage\":\"es\",\"@id\":\"https:\\\/\\\/www.iemj.org\\\/es\\\/#\\\/schema\\\/logo\\\/image\\\/\",\"url\":\"https:\\\/\\\/www.iemj.org\\\/wp-content\\\/uploads\\\/2021\\\/09\\\/Logo-IEMJ-Paypal.jpg\",\"contentUrl\":\"https:\\\/\\\/www.iemj.org\\\/wp-content\\\/uploads\\\/2021\\\/09\\\/Logo-IEMJ-Paypal.jpg\",\"width\":150,\"height\":50,\"caption\":\"Institut Europ\u00e9en des Musiques Juives\"},\"image\":{\"@id\":\"https:\\\/\\\/www.iemj.org\\\/es\\\/#\\\/schema\\\/logo\\\/image\\\/\"},\"sameAs\":[\"https:\\\/\\\/www.facebook.com\\\/MusiquesJuives\\\/\",\"https:\\\/\\\/www.instagram.com\\\/musiquesjuives\\\/\",\"https:\\\/\\\/www.youtube.com\\\/user\\\/musiquesjuives\"]},{\"@type\":\"Person\",\"@id\":\"https:\\\/\\\/www.iemj.org\\\/es\\\/#\\\/schema\\\/person\\\/358e26c18aca017fcc4cc15437f7279c\",\"name\":\"Jacqueline ROTEN\",\"image\":{\"@type\":\"ImageObject\",\"inLanguage\":\"es\",\"@id\":\"https:\\\/\\\/secure.gravatar.com\\\/avatar\\\/5964256d6c6957de3a3505278957e0fb2a35119ac47ea41827a65301213c810b?s=96&d=mm&r=g\",\"url\":\"https:\\\/\\\/secure.gravatar.com\\\/avatar\\\/5964256d6c6957de3a3505278957e0fb2a35119ac47ea41827a65301213c810b?s=96&d=mm&r=g\",\"contentUrl\":\"https:\\\/\\\/secure.gravatar.com\\\/avatar\\\/5964256d6c6957de3a3505278957e0fb2a35119ac47ea41827a65301213c810b?s=96&d=mm&r=g\",\"caption\":\"Jacqueline ROTEN\"}}]}<\/script>\n<!-- \/ Yoast SEO plugin. -->","yoast_head_json":{"title":"Gran concierto de gala del Instituto Europeo de M\u00fasicas Jud\u00edas - 3era Edici\u00f3n - Institut Europ\u00e9en des Musiques Juives","robots":{"index":"noindex","follow":"follow"},"og_locale":"es_ES","og_type":"article","og_title":"Gran concierto de gala del Instituto Europeo de M\u00fasicas Jud\u00edas - 3era Edici\u00f3n - Institut Europ\u00e9en des Musiques Juives","og_description":"\u00a0","og_url":"https:\/\/www.iemj.org\/es\/grand-concert-de-gala-de-linstitut-europeen-des-musiques-juives-3e-edition\/","og_site_name":"Institut Europ\u00e9en des Musiques Juives","article_publisher":"https:\/\/www.facebook.com\/MusiquesJuives\/","article_published_time":"2017-07-06T07:50:26+00:00","article_modified_time":"2023-06-07T12:57:19+00:00","og_image":[{"width":350,"height":496,"url":"https:\/\/www.iemj.org\/wp-content\/uploads\/2017\/07\/arton2396-e1620046973895.jpg","type":"image\/jpeg"}],"author":"Jacqueline ROTEN","twitter_card":"summary_large_image","twitter_misc":{"Escrito por":"Jacqueline ROTEN","Tiempo de lectura":"3 minutos"},"schema":{"@context":"https:\/\/schema.org","@graph":[{"@type":"Article","@id":"https:\/\/www.iemj.org\/es\/grand-concert-de-gala-de-linstitut-europeen-des-musiques-juives-3e-edition\/#article","isPartOf":{"@id":"https:\/\/www.iemj.org\/es\/grand-concert-de-gala-de-linstitut-europeen-des-musiques-juives-3e-edition\/"},"author":{"name":"Jacqueline ROTEN","@id":"https:\/\/www.iemj.org\/es\/#\/schema\/person\/358e26c18aca017fcc4cc15437f7279c"},"headline":"Gran concierto de gala del Instituto Europeo de M\u00fasicas Jud\u00edas &#8211; 3era Edici\u00f3n","datePublished":"2017-07-06T07:50:26+00:00","dateModified":"2023-06-07T12:57:19+00:00","mainEntityOfPage":{"@id":"https:\/\/www.iemj.org\/es\/grand-concert-de-gala-de-linstitut-europeen-des-musiques-juives-3e-edition\/"},"wordCount":462,"publisher":{"@id":"https:\/\/www.iemj.org\/es\/#organization"},"image":{"@id":"https:\/\/www.iemj.org\/es\/grand-concert-de-gala-de-linstitut-europeen-des-musiques-juives-3e-edition\/#primaryimage"},"thumbnailUrl":"https:\/\/www.iemj.org\/wp-content\/uploads\/2017\/07\/arton2396-e1620046973895.jpg","keywords":["Eventos IEMJ"],"articleSection":["Conciertos","Manifestaciones"],"inLanguage":"es"},{"@type":"WebPage","@id":"https:\/\/www.iemj.org\/es\/grand-concert-de-gala-de-linstitut-europeen-des-musiques-juives-3e-edition\/","url":"https:\/\/www.iemj.org\/es\/grand-concert-de-gala-de-linstitut-europeen-des-musiques-juives-3e-edition\/","name":"Gran concierto de gala del Instituto Europeo de M\u00fasicas Jud\u00edas - 3era Edici\u00f3n - Institut Europ\u00e9en des Musiques Juives","isPartOf":{"@id":"https:\/\/www.iemj.org\/es\/#website"},"primaryImageOfPage":{"@id":"https:\/\/www.iemj.org\/es\/grand-concert-de-gala-de-linstitut-europeen-des-musiques-juives-3e-edition\/#primaryimage"},"image":{"@id":"https:\/\/www.iemj.org\/es\/grand-concert-de-gala-de-linstitut-europeen-des-musiques-juives-3e-edition\/#primaryimage"},"thumbnailUrl":"https:\/\/www.iemj.org\/wp-content\/uploads\/2017\/07\/arton2396-e1620046973895.jpg","datePublished":"2017-07-06T07:50:26+00:00","dateModified":"2023-06-07T12:57:19+00:00","breadcrumb":{"@id":"https:\/\/www.iemj.org\/es\/grand-concert-de-gala-de-linstitut-europeen-des-musiques-juives-3e-edition\/#breadcrumb"},"inLanguage":"es","potentialAction":[{"@type":"ReadAction","target":["https:\/\/www.iemj.org\/es\/grand-concert-de-gala-de-linstitut-europeen-des-musiques-juives-3e-edition\/"]}]},{"@type":"ImageObject","inLanguage":"es","@id":"https:\/\/www.iemj.org\/es\/grand-concert-de-gala-de-linstitut-europeen-des-musiques-juives-3e-edition\/#primaryimage","url":"https:\/\/www.iemj.org\/wp-content\/uploads\/2017\/07\/arton2396-e1620046973895.jpg","contentUrl":"https:\/\/www.iemj.org\/wp-content\/uploads\/2017\/07\/arton2396-e1620046973895.jpg","width":350,"height":496},{"@type":"BreadcrumbList","@id":"https:\/\/www.iemj.org\/es\/grand-concert-de-gala-de-linstitut-europeen-des-musiques-juives-3e-edition\/#breadcrumb","itemListElement":[{"@type":"ListItem","position":1,"name":"Accueil","item":"https:\/\/www.iemj.org\/es\/"},{"@type":"ListItem","position":2,"name":"Gran concierto de gala del Instituto Europeo de M\u00fasicas Jud\u00edas &#8211; 3era Edici\u00f3n"}]},{"@type":"WebSite","@id":"https:\/\/www.iemj.org\/es\/#website","url":"https:\/\/www.iemj.org\/es\/","name":"Institut Europ\u00e9en des Musiques Juives","description":"Des traditions musicales \u00e0 la port\u00e9e de tous","publisher":{"@id":"https:\/\/www.iemj.org\/es\/#organization"},"potentialAction":[{"@type":"SearchAction","target":{"@type":"EntryPoint","urlTemplate":"https:\/\/www.iemj.org\/es\/?s={search_term_string}"},"query-input":{"@type":"PropertyValueSpecification","valueRequired":true,"valueName":"search_term_string"}}],"inLanguage":"es"},{"@type":"Organization","@id":"https:\/\/www.iemj.org\/es\/#organization","name":"Institut Europ\u00e9en des Musiques Juives","url":"https:\/\/www.iemj.org\/es\/","logo":{"@type":"ImageObject","inLanguage":"es","@id":"https:\/\/www.iemj.org\/es\/#\/schema\/logo\/image\/","url":"https:\/\/www.iemj.org\/wp-content\/uploads\/2021\/09\/Logo-IEMJ-Paypal.jpg","contentUrl":"https:\/\/www.iemj.org\/wp-content\/uploads\/2021\/09\/Logo-IEMJ-Paypal.jpg","width":150,"height":50,"caption":"Institut Europ\u00e9en des Musiques Juives"},"image":{"@id":"https:\/\/www.iemj.org\/es\/#\/schema\/logo\/image\/"},"sameAs":["https:\/\/www.facebook.com\/MusiquesJuives\/","https:\/\/www.instagram.com\/musiquesjuives\/","https:\/\/www.youtube.com\/user\/musiquesjuives"]},{"@type":"Person","@id":"https:\/\/www.iemj.org\/es\/#\/schema\/person\/358e26c18aca017fcc4cc15437f7279c","name":"Jacqueline ROTEN","image":{"@type":"ImageObject","inLanguage":"es","@id":"https:\/\/secure.gravatar.com\/avatar\/5964256d6c6957de3a3505278957e0fb2a35119ac47ea41827a65301213c810b?s=96&d=mm&r=g","url":"https:\/\/secure.gravatar.com\/avatar\/5964256d6c6957de3a3505278957e0fb2a35119ac47ea41827a65301213c810b?s=96&d=mm&r=g","contentUrl":"https:\/\/secure.gravatar.com\/avatar\/5964256d6c6957de3a3505278957e0fb2a35119ac47ea41827a65301213c810b?s=96&d=mm&r=g","caption":"Jacqueline ROTEN"}}]}},"_links":{"self":[{"href":"https:\/\/www.iemj.org\/es\/wp-json\/wp\/v2\/posts\/97433","targetHints":{"allow":["GET"]}}],"collection":[{"href":"https:\/\/www.iemj.org\/es\/wp-json\/wp\/v2\/posts"}],"about":[{"href":"https:\/\/www.iemj.org\/es\/wp-json\/wp\/v2\/types\/post"}],"author":[{"embeddable":true,"href":"https:\/\/www.iemj.org\/es\/wp-json\/wp\/v2\/users\/5"}],"replies":[{"embeddable":true,"href":"https:\/\/www.iemj.org\/es\/wp-json\/wp\/v2\/comments?post=97433"}],"version-history":[{"count":0,"href":"https:\/\/www.iemj.org\/es\/wp-json\/wp\/v2\/posts\/97433\/revisions"}],"wp:featuredmedia":[{"embeddable":true,"href":"https:\/\/www.iemj.org\/es\/wp-json\/wp\/v2\/media\/97434"}],"wp:attachment":[{"href":"https:\/\/www.iemj.org\/es\/wp-json\/wp\/v2\/media?parent=97433"}],"wp:term":[{"taxonomy":"category","embeddable":true,"href":"https:\/\/www.iemj.org\/es\/wp-json\/wp\/v2\/categories?post=97433"},{"taxonomy":"post_tag","embeddable":true,"href":"https:\/\/www.iemj.org\/es\/wp-json\/wp\/v2\/tags?post=97433"},{"taxonomy":"technique","embeddable":true,"href":"https:\/\/www.iemj.org\/es\/wp-json\/wp\/v2\/technique?post=97433"},{"taxonomy":"squelettes","embeddable":true,"href":"https:\/\/www.iemj.org\/es\/wp-json\/wp\/v2\/squelettes?post=97433"},{"taxonomy":"sujet","embeddable":true,"href":"https:\/\/www.iemj.org\/es\/wp-json\/wp\/v2\/sujet?post=97433"},{"taxonomy":"formation","embeddable":true,"href":"https:\/\/www.iemj.org\/es\/wp-json\/wp\/v2\/formation?post=97433"},{"taxonomy":"genre","embeddable":true,"href":"https:\/\/www.iemj.org\/es\/wp-json\/wp\/v2\/genre?post=97433"},{"taxonomy":"fonds","embeddable":true,"href":"https:\/\/www.iemj.org\/es\/wp-json\/wp\/v2\/fonds?post=97433"},{"taxonomy":"tradition","embeddable":true,"href":"https:\/\/www.iemj.org\/es\/wp-json\/wp\/v2\/tradition?post=97433"},{"taxonomy":"type-de-contenu","embeddable":true,"href":"https:\/\/www.iemj.org\/es\/wp-json\/wp\/v2\/type-de-contenu?post=97433"},{"taxonomy":"interprete-compositeur","embeddable":true,"href":"https:\/\/www.iemj.org\/es\/wp-json\/wp\/v2\/interprete-compositeur?post=97433"},{"taxonomy":"frise","embeddable":true,"href":"https:\/\/www.iemj.org\/es\/wp-json\/wp\/v2\/frise?post=97433"},{"taxonomy":"type-devenement","embeddable":true,"href":"https:\/\/www.iemj.org\/es\/wp-json\/wp\/v2\/type-devenement?post=97433"},{"taxonomy":"tableaux-liens-externes","embeddable":true,"href":"https:\/\/www.iemj.org\/es\/wp-json\/wp\/v2\/tableaux-liens-externes?post=97433"}],"curies":[{"name":"wp","href":"https:\/\/api.w.org\/{rel}","templated":true}]}}