{"id":97615,"date":"2016-07-08T14:48:41","date_gmt":"2016-07-08T12:48:41","guid":{"rendered":"https:\/\/www.iemj.org\/grand-concert-de-gala-de-linstitut-europeen-des-musiques-juives-2e-edition\/"},"modified":"2023-06-01T17:51:48","modified_gmt":"2023-06-01T15:51:48","slug":"grand-concert-de-gala-de-linstitut-europeen-des-musiques-juives-2e-edition","status":"publish","type":"post","link":"https:\/\/www.iemj.org\/es\/grand-concert-de-gala-de-linstitut-europeen-des-musiques-juives-2e-edition\/","title":{"rendered":"Gran concierto de gala del Instituto Europeo de M\u00fasicas Jud\u00edas \u2013 2nda Edici\u00f3n"},"content":{"rendered":"<h2 style=\"text-align: center;\">DOMINGO 6 DE NOVIEMBRE DE 2016, a las 18H,<\/h2>\n<h2 style=\"text-align: center;\">Salle Cortot &#8211; 78 rue Cardinet, 75017 Paris<\/h2>\n<h3 style=\"text-align: center;\"><strong>El Instituto Europeo de M\u00fasicas Jud\u00edas tiene el placer de invitarles a su Gran Concierto de Gala<\/strong><\/h3>\n<h3><\/h3>\n<h3 style=\"text-align: center;\"><strong>\u201cLa m\u00fasica jud\u00eda en todas sus formas\u201d \u2013 2nda edici\u00f3n<\/strong><\/h3>\n<h4 style=\"text-align: center;\"><strong>PROGRAMA<\/strong><\/h4>\n<p><center><\/p>\n<p>\u2013 LITURGIA JUD\u00cdAS DESDE EL SIGLO 17 HASTA EL SIGLO 20: <strong>Coro<\/strong> de la sinagoga Kehilat Gesher<\/p>\n<p>\u2013 MELOD\u00cdAS SEFARD\u00cdES Y POLIFON\u00cdAS B\u00daLGARAS: <strong>Cuarteto<\/strong> Balkanes &amp; David Bruley<\/p>\n<p>\u2013 M\u00daSICA KLEZMER Y SALSA CUBANA: Cigarillos en el Shtruddle y sus 9 m\u00fasicos<\/p>\n<p style=\"text-align: left;\">Tras este concierto, seguir\u00e1 un <strong>c\u00f3ctel<\/strong> con los artistas (reservado para las <strong>entradas<\/strong> de oro y plata)<\/p>\n<p style=\"text-align: left;\">Precios: 25 \u20ac \u2013 50 \u20ac* \u2013 100 \u20ac* \u2013 200 \u20ac* (*con un recibo Cerfa)<\/p>\n<p style=\"text-align: left;\"><span style=\"font-size: revert; background-color: var(--bs-body-bg); color: var(--bs-body-color); font-family: var(--bs-body-font-family); font-weight: var(--bs-body-font-weight);\">Se recomienda reservar previamente al 01 45 82 20 52.<br \/>\n<strong>Contacto<\/strong> : Jacqueline Roten : 01 45 82 20 52 \u2013 <\/span><a style=\"font-size: revert; background-color: var(--bs-body-bg); font-family: var(--bs-body-font-family); font-weight: var(--bs-body-font-weight);\" href=\"https:\/\/www.iemj.org\/grand-concert-de-gala-de-linstitut-europeen-des-musiques-juives-2e-edition\/contact@iemj.org\">contact@iemj.org<\/a><\/p>\n<p style=\"text-align: left;\"><strong>SE PUEDEN COMPRAR LOS BILLETES EN EL SITIO, el d\u00eda del concierto, APERTURA DE LA TAQUILLA a partir de las 17 H<\/strong><\/p>\n<p style=\"text-align: left;\"><a href=\"https:\/\/www.iemj.org\/wp-content\/uploads\/2016\/11\/programme_concert_gala_iemj_2016.pdf\" target=\"_blank\" rel=\"noopener\">Consultar el programa del concierto de Gala del IEMJ 2016<\/a><\/p>\n<p style=\"text-align: left;\">Tambi\u00e9n puede <a href=\"https:\/\/www.iemj.org\/es\/hacer-una-donacion\/\" target=\"_blank\" rel=\"noopener\">apoyar al Instituto Europeo de M\u00fasicas Jud\u00edas<\/a> efectuando una donaci\u00f3n en l\u00ednea. Recibir\u00e1 un Cerfa. Por cualquiera donaci\u00f3n superior a 200 \u20ac, recibir\u00e1 una entrada Premium.<\/p>\n<p><a href=\"https:\/\/www.iemj.org\/es\/hacer-una-donacion\/\" target=\"_blank\" rel=\"noopener\"><img decoding=\"async\" class=\"alignleft\" src=\"https:\/\/www.paypalobjects.com\/fr_FR\/FR\/i\/btn\/btn_donateCC_LG.gif\" alt=\"\" width=\"196\" height=\"47\" \/><\/a><\/p>\n<p style=\"text-align: left;\"><strong>Informaci\u00f3n pr\u00e1ctica:<\/strong><\/p>\n<p style=\"text-align: left;\"><strong>SALLE CORTOT<\/strong>, Ecole Normale de Musique de Paris, 78 rue Cardinet, 75017 Paris<br \/>\nT\u00e9l : (0)1 47 63 47 48<br \/>\n<a href=\"https:\/\/www.iemj.org\/grand-concert-de-gala-de-linstitut-europeen-des-musiques-juives-2e-edition\/salle.cortot@ecolenormalecortot.com\">salle.cortot@ecolenormalecortot.com<\/a><br \/>\n<a href=\"http:\/\/www.sallecortot.com\/\">http:\/\/www.sallecortot.com\/<\/a><br \/>\n<a href=\"http:\/\/www.sallecortot.com\/infos_pratiques.htm\">http:\/\/www.sallecortot.com\/infos_pratiques.htm<\/a><\/p>\n<p style=\"text-align: left;\"><strong>Acceso<\/strong>:<br \/>\nMetro: l\u00ednea 3, estaci\u00f3n Malesherbes | l\u00ednea 2, estaci\u00f3n Monceau<br \/>\nB\u00fas: l\u00edneas 31, 94 | Coche: aparcamiento Villiers, 14 avenue de Villiers | Taxi: estaci\u00f3n en 155 bd Malesherbes<br \/>\nV\u00e9lib\u2019: 64 rue de Tocqueville o 20 rue de Phalsbourg | Autolib\u2019: 46 Avenue de Villiers | 22bis rue Legendre<\/p>\n<p style=\"text-align: left;\"><a href=\"https:\/\/www.iemj.org\/wp-content\/uploads\/2016\/10\/20160927_iemj_flyer_a5_pixart-ok-compressee-2.pdf\">Flyer concert gala IEMJ 2016<\/a><\/p>\n<p style=\"text-align: left;\"><a href=\"https:\/\/www.iemj.org\/es\/videos-du-concert-de-gala-de-linstitut-europeen-des-musiques-juives-edition-2016\/\"><strong>Ver fragmentos del concierto<\/strong><\/a><\/p>\n<p><\/center><\/p>\n","protected":false},"excerpt":{"rendered":"<p>DOMINGO 6 DE NOVIEMBRE DE 2016, a las 18H, Salle Cortot &#8211; 78 rue Cardinet, 75017 Paris El Instituto Europeo de M\u00fasicas Jud\u00edas tiene el placer de invitarles a su<\/p>\n","protected":false},"author":5,"featured_media":97616,"comment_status":"closed","ping_status":"open","sticky":false,"template":"","format":"standard","meta":{"_acf_changed":false,"footnotes":""},"categories":[1380,1372],"tags":[2223],"technique":[],"squelettes":[],"sujet":[],"formation":[],"genre":[],"fonds":[],"tradition":[],"type-de-contenu":[],"interprete-compositeur":[],"frise":[],"type-devenement":[],"tableaux-liens-externes":[],"class_list":["post-97615","post","type-post","status-publish","format-standard","has-post-thumbnail","hentry","category-conciertos-manifestaciones-es","category-manifestaciones-es","tag-eventos-iemj-es"],"acf":[],"yoast_head":"<!-- This site is optimized with the Yoast SEO plugin v27.3 - https:\/\/yoast.com\/product\/yoast-seo-wordpress\/ -->\n<title>Gran concierto de gala del Instituto Europeo de M\u00fasicas Jud\u00edas \u2013 2nda Edici\u00f3n - Institut Europ\u00e9en des Musiques Juives<\/title>\n<meta name=\"robots\" content=\"noindex, follow\" \/>\n<meta property=\"og:locale\" content=\"es_ES\" \/>\n<meta property=\"og:type\" content=\"article\" \/>\n<meta property=\"og:title\" content=\"Gran concierto de gala del Instituto Europeo de M\u00fasicas Jud\u00edas \u2013 2nda Edici\u00f3n - Institut Europ\u00e9en des Musiques Juives\" \/>\n<meta property=\"og:description\" content=\"DOMINGO 6 DE NOVIEMBRE DE 2016, a las 18H, Salle Cortot &#8211; 78 rue Cardinet, 75017 Paris El Instituto Europeo de M\u00fasicas Jud\u00edas tiene el placer de invitarles a su\" \/>\n<meta property=\"og:url\" content=\"https:\/\/www.iemj.org\/es\/grand-concert-de-gala-de-linstitut-europeen-des-musiques-juives-2e-edition\/\" \/>\n<meta property=\"og:site_name\" content=\"Institut Europ\u00e9en des Musiques Juives\" \/>\n<meta property=\"article:publisher\" content=\"https:\/\/www.facebook.com\/MusiquesJuives\/\" \/>\n<meta property=\"article:published_time\" content=\"2016-07-08T12:48:41+00:00\" \/>\n<meta property=\"article:modified_time\" content=\"2023-06-01T15:51:48+00:00\" \/>\n<meta property=\"og:image\" content=\"https:\/\/www.iemj.org\/wp-content\/uploads\/2016\/07\/arton1807.jpg\" \/>\n\t<meta property=\"og:image:width\" content=\"317\" \/>\n\t<meta property=\"og:image:height\" content=\"448\" \/>\n\t<meta property=\"og:image:type\" content=\"image\/jpeg\" \/>\n<meta name=\"author\" content=\"Jacqueline ROTEN\" \/>\n<meta name=\"twitter:card\" content=\"summary_large_image\" \/>\n<meta name=\"twitter:label1\" content=\"Escrito por\" \/>\n\t<meta name=\"twitter:data1\" content=\"Jacqueline ROTEN\" \/>\n\t<meta name=\"twitter:label2\" content=\"Tiempo de lectura\" \/>\n\t<meta name=\"twitter:data2\" content=\"2 minutos\" \/>\n<script type=\"application\/ld+json\" class=\"yoast-schema-graph\">{\"@context\":\"https:\\\/\\\/schema.org\",\"@graph\":[{\"@type\":\"Article\",\"@id\":\"https:\\\/\\\/www.iemj.org\\\/es\\\/grand-concert-de-gala-de-linstitut-europeen-des-musiques-juives-2e-edition\\\/#article\",\"isPartOf\":{\"@id\":\"https:\\\/\\\/www.iemj.org\\\/es\\\/grand-concert-de-gala-de-linstitut-europeen-des-musiques-juives-2e-edition\\\/\"},\"author\":{\"name\":\"Jacqueline ROTEN\",\"@id\":\"https:\\\/\\\/www.iemj.org\\\/es\\\/#\\\/schema\\\/person\\\/358e26c18aca017fcc4cc15437f7279c\"},\"headline\":\"Gran concierto de gala del Instituto Europeo de M\u00fasicas Jud\u00edas \u2013 2nda Edici\u00f3n\",\"datePublished\":\"2016-07-08T12:48:41+00:00\",\"dateModified\":\"2023-06-01T15:51:48+00:00\",\"mainEntityOfPage\":{\"@id\":\"https:\\\/\\\/www.iemj.org\\\/es\\\/grand-concert-de-gala-de-linstitut-europeen-des-musiques-juives-2e-edition\\\/\"},\"wordCount\":284,\"publisher\":{\"@id\":\"https:\\\/\\\/www.iemj.org\\\/es\\\/#organization\"},\"image\":{\"@id\":\"https:\\\/\\\/www.iemj.org\\\/es\\\/grand-concert-de-gala-de-linstitut-europeen-des-musiques-juives-2e-edition\\\/#primaryimage\"},\"thumbnailUrl\":\"https:\\\/\\\/www.iemj.org\\\/wp-content\\\/uploads\\\/2016\\\/07\\\/arton1807.jpg\",\"keywords\":[\"Eventos IEMJ\"],\"articleSection\":[\"Conciertos\",\"Manifestaciones\"],\"inLanguage\":\"es\"},{\"@type\":\"WebPage\",\"@id\":\"https:\\\/\\\/www.iemj.org\\\/es\\\/grand-concert-de-gala-de-linstitut-europeen-des-musiques-juives-2e-edition\\\/\",\"url\":\"https:\\\/\\\/www.iemj.org\\\/es\\\/grand-concert-de-gala-de-linstitut-europeen-des-musiques-juives-2e-edition\\\/\",\"name\":\"Gran concierto de gala del Instituto Europeo de M\u00fasicas Jud\u00edas \u2013 2nda Edici\u00f3n - Institut Europ\u00e9en des Musiques Juives\",\"isPartOf\":{\"@id\":\"https:\\\/\\\/www.iemj.org\\\/es\\\/#website\"},\"primaryImageOfPage\":{\"@id\":\"https:\\\/\\\/www.iemj.org\\\/es\\\/grand-concert-de-gala-de-linstitut-europeen-des-musiques-juives-2e-edition\\\/#primaryimage\"},\"image\":{\"@id\":\"https:\\\/\\\/www.iemj.org\\\/es\\\/grand-concert-de-gala-de-linstitut-europeen-des-musiques-juives-2e-edition\\\/#primaryimage\"},\"thumbnailUrl\":\"https:\\\/\\\/www.iemj.org\\\/wp-content\\\/uploads\\\/2016\\\/07\\\/arton1807.jpg\",\"datePublished\":\"2016-07-08T12:48:41+00:00\",\"dateModified\":\"2023-06-01T15:51:48+00:00\",\"breadcrumb\":{\"@id\":\"https:\\\/\\\/www.iemj.org\\\/es\\\/grand-concert-de-gala-de-linstitut-europeen-des-musiques-juives-2e-edition\\\/#breadcrumb\"},\"inLanguage\":\"es\",\"potentialAction\":[{\"@type\":\"ReadAction\",\"target\":[\"https:\\\/\\\/www.iemj.org\\\/es\\\/grand-concert-de-gala-de-linstitut-europeen-des-musiques-juives-2e-edition\\\/\"]}]},{\"@type\":\"ImageObject\",\"inLanguage\":\"es\",\"@id\":\"https:\\\/\\\/www.iemj.org\\\/es\\\/grand-concert-de-gala-de-linstitut-europeen-des-musiques-juives-2e-edition\\\/#primaryimage\",\"url\":\"https:\\\/\\\/www.iemj.org\\\/wp-content\\\/uploads\\\/2016\\\/07\\\/arton1807.jpg\",\"contentUrl\":\"https:\\\/\\\/www.iemj.org\\\/wp-content\\\/uploads\\\/2016\\\/07\\\/arton1807.jpg\",\"width\":317,\"height\":448},{\"@type\":\"BreadcrumbList\",\"@id\":\"https:\\\/\\\/www.iemj.org\\\/es\\\/grand-concert-de-gala-de-linstitut-europeen-des-musiques-juives-2e-edition\\\/#breadcrumb\",\"itemListElement\":[{\"@type\":\"ListItem\",\"position\":1,\"name\":\"Accueil\",\"item\":\"https:\\\/\\\/www.iemj.org\\\/es\\\/\"},{\"@type\":\"ListItem\",\"position\":2,\"name\":\"Gran concierto de gala del Instituto Europeo de M\u00fasicas Jud\u00edas \u2013 2nda Edici\u00f3n\"}]},{\"@type\":\"WebSite\",\"@id\":\"https:\\\/\\\/www.iemj.org\\\/es\\\/#website\",\"url\":\"https:\\\/\\\/www.iemj.org\\\/es\\\/\",\"name\":\"Institut Europ\u00e9en des Musiques Juives\",\"description\":\"Des traditions musicales \u00e0 la port\u00e9e de tous\",\"publisher\":{\"@id\":\"https:\\\/\\\/www.iemj.org\\\/es\\\/#organization\"},\"potentialAction\":[{\"@type\":\"SearchAction\",\"target\":{\"@type\":\"EntryPoint\",\"urlTemplate\":\"https:\\\/\\\/www.iemj.org\\\/es\\\/?s={search_term_string}\"},\"query-input\":{\"@type\":\"PropertyValueSpecification\",\"valueRequired\":true,\"valueName\":\"search_term_string\"}}],\"inLanguage\":\"es\"},{\"@type\":\"Organization\",\"@id\":\"https:\\\/\\\/www.iemj.org\\\/es\\\/#organization\",\"name\":\"Institut Europ\u00e9en des Musiques Juives\",\"url\":\"https:\\\/\\\/www.iemj.org\\\/es\\\/\",\"logo\":{\"@type\":\"ImageObject\",\"inLanguage\":\"es\",\"@id\":\"https:\\\/\\\/www.iemj.org\\\/es\\\/#\\\/schema\\\/logo\\\/image\\\/\",\"url\":\"https:\\\/\\\/www.iemj.org\\\/wp-content\\\/uploads\\\/2021\\\/09\\\/Logo-IEMJ-Paypal.jpg\",\"contentUrl\":\"https:\\\/\\\/www.iemj.org\\\/wp-content\\\/uploads\\\/2021\\\/09\\\/Logo-IEMJ-Paypal.jpg\",\"width\":150,\"height\":50,\"caption\":\"Institut Europ\u00e9en des Musiques Juives\"},\"image\":{\"@id\":\"https:\\\/\\\/www.iemj.org\\\/es\\\/#\\\/schema\\\/logo\\\/image\\\/\"},\"sameAs\":[\"https:\\\/\\\/www.facebook.com\\\/MusiquesJuives\\\/\",\"https:\\\/\\\/www.instagram.com\\\/musiquesjuives\\\/\",\"https:\\\/\\\/www.youtube.com\\\/user\\\/musiquesjuives\"]},{\"@type\":\"Person\",\"@id\":\"https:\\\/\\\/www.iemj.org\\\/es\\\/#\\\/schema\\\/person\\\/358e26c18aca017fcc4cc15437f7279c\",\"name\":\"Jacqueline ROTEN\",\"image\":{\"@type\":\"ImageObject\",\"inLanguage\":\"es\",\"@id\":\"https:\\\/\\\/secure.gravatar.com\\\/avatar\\\/5964256d6c6957de3a3505278957e0fb2a35119ac47ea41827a65301213c810b?s=96&d=mm&r=g\",\"url\":\"https:\\\/\\\/secure.gravatar.com\\\/avatar\\\/5964256d6c6957de3a3505278957e0fb2a35119ac47ea41827a65301213c810b?s=96&d=mm&r=g\",\"contentUrl\":\"https:\\\/\\\/secure.gravatar.com\\\/avatar\\\/5964256d6c6957de3a3505278957e0fb2a35119ac47ea41827a65301213c810b?s=96&d=mm&r=g\",\"caption\":\"Jacqueline ROTEN\"}}]}<\/script>\n<!-- \/ Yoast SEO plugin. -->","yoast_head_json":{"title":"Gran concierto de gala del Instituto Europeo de M\u00fasicas Jud\u00edas \u2013 2nda Edici\u00f3n - Institut Europ\u00e9en des Musiques Juives","robots":{"index":"noindex","follow":"follow"},"og_locale":"es_ES","og_type":"article","og_title":"Gran concierto de gala del Instituto Europeo de M\u00fasicas Jud\u00edas \u2013 2nda Edici\u00f3n - Institut Europ\u00e9en des Musiques Juives","og_description":"DOMINGO 6 DE NOVIEMBRE DE 2016, a las 18H, Salle Cortot &#8211; 78 rue Cardinet, 75017 Paris El Instituto Europeo de M\u00fasicas Jud\u00edas tiene el placer de invitarles a su","og_url":"https:\/\/www.iemj.org\/es\/grand-concert-de-gala-de-linstitut-europeen-des-musiques-juives-2e-edition\/","og_site_name":"Institut Europ\u00e9en des Musiques Juives","article_publisher":"https:\/\/www.facebook.com\/MusiquesJuives\/","article_published_time":"2016-07-08T12:48:41+00:00","article_modified_time":"2023-06-01T15:51:48+00:00","og_image":[{"width":317,"height":448,"url":"https:\/\/www.iemj.org\/wp-content\/uploads\/2016\/07\/arton1807.jpg","type":"image\/jpeg"}],"author":"Jacqueline ROTEN","twitter_card":"summary_large_image","twitter_misc":{"Escrito por":"Jacqueline ROTEN","Tiempo de lectura":"2 minutos"},"schema":{"@context":"https:\/\/schema.org","@graph":[{"@type":"Article","@id":"https:\/\/www.iemj.org\/es\/grand-concert-de-gala-de-linstitut-europeen-des-musiques-juives-2e-edition\/#article","isPartOf":{"@id":"https:\/\/www.iemj.org\/es\/grand-concert-de-gala-de-linstitut-europeen-des-musiques-juives-2e-edition\/"},"author":{"name":"Jacqueline ROTEN","@id":"https:\/\/www.iemj.org\/es\/#\/schema\/person\/358e26c18aca017fcc4cc15437f7279c"},"headline":"Gran concierto de gala del Instituto Europeo de M\u00fasicas Jud\u00edas \u2013 2nda Edici\u00f3n","datePublished":"2016-07-08T12:48:41+00:00","dateModified":"2023-06-01T15:51:48+00:00","mainEntityOfPage":{"@id":"https:\/\/www.iemj.org\/es\/grand-concert-de-gala-de-linstitut-europeen-des-musiques-juives-2e-edition\/"},"wordCount":284,"publisher":{"@id":"https:\/\/www.iemj.org\/es\/#organization"},"image":{"@id":"https:\/\/www.iemj.org\/es\/grand-concert-de-gala-de-linstitut-europeen-des-musiques-juives-2e-edition\/#primaryimage"},"thumbnailUrl":"https:\/\/www.iemj.org\/wp-content\/uploads\/2016\/07\/arton1807.jpg","keywords":["Eventos IEMJ"],"articleSection":["Conciertos","Manifestaciones"],"inLanguage":"es"},{"@type":"WebPage","@id":"https:\/\/www.iemj.org\/es\/grand-concert-de-gala-de-linstitut-europeen-des-musiques-juives-2e-edition\/","url":"https:\/\/www.iemj.org\/es\/grand-concert-de-gala-de-linstitut-europeen-des-musiques-juives-2e-edition\/","name":"Gran concierto de gala del Instituto Europeo de M\u00fasicas Jud\u00edas \u2013 2nda Edici\u00f3n - Institut Europ\u00e9en des Musiques Juives","isPartOf":{"@id":"https:\/\/www.iemj.org\/es\/#website"},"primaryImageOfPage":{"@id":"https:\/\/www.iemj.org\/es\/grand-concert-de-gala-de-linstitut-europeen-des-musiques-juives-2e-edition\/#primaryimage"},"image":{"@id":"https:\/\/www.iemj.org\/es\/grand-concert-de-gala-de-linstitut-europeen-des-musiques-juives-2e-edition\/#primaryimage"},"thumbnailUrl":"https:\/\/www.iemj.org\/wp-content\/uploads\/2016\/07\/arton1807.jpg","datePublished":"2016-07-08T12:48:41+00:00","dateModified":"2023-06-01T15:51:48+00:00","breadcrumb":{"@id":"https:\/\/www.iemj.org\/es\/grand-concert-de-gala-de-linstitut-europeen-des-musiques-juives-2e-edition\/#breadcrumb"},"inLanguage":"es","potentialAction":[{"@type":"ReadAction","target":["https:\/\/www.iemj.org\/es\/grand-concert-de-gala-de-linstitut-europeen-des-musiques-juives-2e-edition\/"]}]},{"@type":"ImageObject","inLanguage":"es","@id":"https:\/\/www.iemj.org\/es\/grand-concert-de-gala-de-linstitut-europeen-des-musiques-juives-2e-edition\/#primaryimage","url":"https:\/\/www.iemj.org\/wp-content\/uploads\/2016\/07\/arton1807.jpg","contentUrl":"https:\/\/www.iemj.org\/wp-content\/uploads\/2016\/07\/arton1807.jpg","width":317,"height":448},{"@type":"BreadcrumbList","@id":"https:\/\/www.iemj.org\/es\/grand-concert-de-gala-de-linstitut-europeen-des-musiques-juives-2e-edition\/#breadcrumb","itemListElement":[{"@type":"ListItem","position":1,"name":"Accueil","item":"https:\/\/www.iemj.org\/es\/"},{"@type":"ListItem","position":2,"name":"Gran concierto de gala del Instituto Europeo de M\u00fasicas Jud\u00edas \u2013 2nda Edici\u00f3n"}]},{"@type":"WebSite","@id":"https:\/\/www.iemj.org\/es\/#website","url":"https:\/\/www.iemj.org\/es\/","name":"Institut Europ\u00e9en des Musiques Juives","description":"Des traditions musicales \u00e0 la port\u00e9e de tous","publisher":{"@id":"https:\/\/www.iemj.org\/es\/#organization"},"potentialAction":[{"@type":"SearchAction","target":{"@type":"EntryPoint","urlTemplate":"https:\/\/www.iemj.org\/es\/?s={search_term_string}"},"query-input":{"@type":"PropertyValueSpecification","valueRequired":true,"valueName":"search_term_string"}}],"inLanguage":"es"},{"@type":"Organization","@id":"https:\/\/www.iemj.org\/es\/#organization","name":"Institut Europ\u00e9en des Musiques Juives","url":"https:\/\/www.iemj.org\/es\/","logo":{"@type":"ImageObject","inLanguage":"es","@id":"https:\/\/www.iemj.org\/es\/#\/schema\/logo\/image\/","url":"https:\/\/www.iemj.org\/wp-content\/uploads\/2021\/09\/Logo-IEMJ-Paypal.jpg","contentUrl":"https:\/\/www.iemj.org\/wp-content\/uploads\/2021\/09\/Logo-IEMJ-Paypal.jpg","width":150,"height":50,"caption":"Institut Europ\u00e9en des Musiques Juives"},"image":{"@id":"https:\/\/www.iemj.org\/es\/#\/schema\/logo\/image\/"},"sameAs":["https:\/\/www.facebook.com\/MusiquesJuives\/","https:\/\/www.instagram.com\/musiquesjuives\/","https:\/\/www.youtube.com\/user\/musiquesjuives"]},{"@type":"Person","@id":"https:\/\/www.iemj.org\/es\/#\/schema\/person\/358e26c18aca017fcc4cc15437f7279c","name":"Jacqueline ROTEN","image":{"@type":"ImageObject","inLanguage":"es","@id":"https:\/\/secure.gravatar.com\/avatar\/5964256d6c6957de3a3505278957e0fb2a35119ac47ea41827a65301213c810b?s=96&d=mm&r=g","url":"https:\/\/secure.gravatar.com\/avatar\/5964256d6c6957de3a3505278957e0fb2a35119ac47ea41827a65301213c810b?s=96&d=mm&r=g","contentUrl":"https:\/\/secure.gravatar.com\/avatar\/5964256d6c6957de3a3505278957e0fb2a35119ac47ea41827a65301213c810b?s=96&d=mm&r=g","caption":"Jacqueline ROTEN"}}]}},"_links":{"self":[{"href":"https:\/\/www.iemj.org\/es\/wp-json\/wp\/v2\/posts\/97615","targetHints":{"allow":["GET"]}}],"collection":[{"href":"https:\/\/www.iemj.org\/es\/wp-json\/wp\/v2\/posts"}],"about":[{"href":"https:\/\/www.iemj.org\/es\/wp-json\/wp\/v2\/types\/post"}],"author":[{"embeddable":true,"href":"https:\/\/www.iemj.org\/es\/wp-json\/wp\/v2\/users\/5"}],"replies":[{"embeddable":true,"href":"https:\/\/www.iemj.org\/es\/wp-json\/wp\/v2\/comments?post=97615"}],"version-history":[{"count":0,"href":"https:\/\/www.iemj.org\/es\/wp-json\/wp\/v2\/posts\/97615\/revisions"}],"wp:featuredmedia":[{"embeddable":true,"href":"https:\/\/www.iemj.org\/es\/wp-json\/wp\/v2\/media\/97616"}],"wp:attachment":[{"href":"https:\/\/www.iemj.org\/es\/wp-json\/wp\/v2\/media?parent=97615"}],"wp:term":[{"taxonomy":"category","embeddable":true,"href":"https:\/\/www.iemj.org\/es\/wp-json\/wp\/v2\/categories?post=97615"},{"taxonomy":"post_tag","embeddable":true,"href":"https:\/\/www.iemj.org\/es\/wp-json\/wp\/v2\/tags?post=97615"},{"taxonomy":"technique","embeddable":true,"href":"https:\/\/www.iemj.org\/es\/wp-json\/wp\/v2\/technique?post=97615"},{"taxonomy":"squelettes","embeddable":true,"href":"https:\/\/www.iemj.org\/es\/wp-json\/wp\/v2\/squelettes?post=97615"},{"taxonomy":"sujet","embeddable":true,"href":"https:\/\/www.iemj.org\/es\/wp-json\/wp\/v2\/sujet?post=97615"},{"taxonomy":"formation","embeddable":true,"href":"https:\/\/www.iemj.org\/es\/wp-json\/wp\/v2\/formation?post=97615"},{"taxonomy":"genre","embeddable":true,"href":"https:\/\/www.iemj.org\/es\/wp-json\/wp\/v2\/genre?post=97615"},{"taxonomy":"fonds","embeddable":true,"href":"https:\/\/www.iemj.org\/es\/wp-json\/wp\/v2\/fonds?post=97615"},{"taxonomy":"tradition","embeddable":true,"href":"https:\/\/www.iemj.org\/es\/wp-json\/wp\/v2\/tradition?post=97615"},{"taxonomy":"type-de-contenu","embeddable":true,"href":"https:\/\/www.iemj.org\/es\/wp-json\/wp\/v2\/type-de-contenu?post=97615"},{"taxonomy":"interprete-compositeur","embeddable":true,"href":"https:\/\/www.iemj.org\/es\/wp-json\/wp\/v2\/interprete-compositeur?post=97615"},{"taxonomy":"frise","embeddable":true,"href":"https:\/\/www.iemj.org\/es\/wp-json\/wp\/v2\/frise?post=97615"},{"taxonomy":"type-devenement","embeddable":true,"href":"https:\/\/www.iemj.org\/es\/wp-json\/wp\/v2\/type-devenement?post=97615"},{"taxonomy":"tableaux-liens-externes","embeddable":true,"href":"https:\/\/www.iemj.org\/es\/wp-json\/wp\/v2\/tableaux-liens-externes?post=97615"}],"curies":[{"name":"wp","href":"https:\/\/api.w.org\/{rel}","templated":true}]}}