{"id":97702,"date":"2020-01-21T12:13:37","date_gmt":"2020-01-21T11:13:37","guid":{"rendered":"https:\/\/www.iemj.org\/la-nuit-de-la-theologie-4e-edition\/"},"modified":"2025-10-03T10:16:06","modified_gmt":"2025-10-03T08:16:06","slug":"la-nuit-de-la-theologie-4e-edition","status":"publish","type":"post","link":"https:\/\/www.iemj.org\/es\/la-nuit-de-la-theologie-4e-edition\/","title":{"rendered":"La noche de la Teolog\u00eda \u2013 4ta Edici\u00f3n"},"content":{"rendered":"<p class=\"post_excerpt\">Jueves 30 de enero de 2020 de 19:00 a 23:30. Una noche dedicada a los v\u00ednculos entre m\u00fasica y religi\u00f3n, luego a la cuesti\u00f3n ecol\u00f3gica, concebida y organizada por la Villa Gillet y la Institution des Chartreux, en el marco de la Nuit des Id\u00e9es. En colaboraci\u00f3n con el Fonds de dotation des Chartreux y RCF.<\/p>\n<p><!--more--><\/p>\n<p>La Villa Gillet y la Institution des Chartreux presentan la 4ta edici\u00f3n de La Noche de la Teolog\u00eda : la oportunidad de desmostrar que la cuesti\u00f3n religiosa concierne a todos los ciudadanos, que sea vinculada o no con el ejercicio de la fe.<\/p>\n<p><strong>PROGRAMA<\/strong><\/p>\n<p>18:30 | Escuchar lo sagrado<br \/>\nQue sea un acompa\u00f1amiento de los cultos, una expresi\u00f3n de los creyentes o la obra de compositores no religiosos, la m\u00fasica tiene un lugar particular en el seno de las religiones. \u00bf Qu\u00e9 papel desempe\u00f1a la religi\u00f3n en la cultura musical ?<\/p>\n<p><a href=\"https:\/\/www.villagillet.net\/invites\/jean-during\">Jean During<\/a>, etnomusic\u00f3logo, especialista de las m\u00fasicas de Asia Central,<br \/>\n<a href=\"https:\/\/www.villagillet.net\/invites\/herve-roten\">Herv\u00e9 Roten<\/a>, music\u00f3logo especialista de las m\u00fasicas jud\u00edas,<br \/>\n<a href=\"https:\/\/www.villagillet.net\/invites\/jean-clement-jollet\">Jean-Cl\u00e9ment Jollet<\/a>, music\u00f3logo,<\/p>\n<p><span lang=\"ES\" style=\"color: #171717;\">Presentado por Fran\u00e7ois-Xavier Szymczak, productor en France Musique.<\/span><\/p>\n<p>20h \u2013 20h30 | Momento de convivencia con una sopa<\/p>\n<p>20h30 | Concierto<br \/>\nPaz, Salam, Shalom : concierto del conjunto Canticum Novum dirigido por Emmanuel Bardon.<\/p>\n<p>21h30 | \u00bf La cuesti\u00f3n ecol\u00f3gica en el centro de las religiones ?<br \/>\nConversaci\u00f3n precidida por la lectura del Sermon aux oiseaux de St Fran\u00e7ois d\u2019Assise, texto de Joseph Delteil por Gr\u00e9goire Ingold, actor y director de escena de la compa\u00f1\u00eda Balagan Syst\u00e8me.<\/p>\n<p>Debate : La toma de conciencia de la cuesti\u00f3n medioambiental de nuestras sociedades lleva a las religiones a cuestionarse y a plantearse este tema. \u00bf La conversi\u00f3n ecol\u00f3gica : dogma, conversi\u00f3n espiritual o efecto de peso muerto ?<br \/>\nCon :<br \/>\n<a href=\"https:\/\/www.villagillet.net\/invites\/nissim-sultan\">Nissim Sultan<\/a>, rabino en Grenoble<br \/>\nMohammed Taleb, fil\u00f3sofo, conferenciante e instructor<br \/>\nPresentado por Philippe Lansac, productor en RCF.<\/p>\n<p>5 \u20ac \/ Gratuito para los alumnos de secundaria, los estudiantes, los solicitantes de empleo y los beneficiarios de la prestaci\u00f3n social m\u00ednima.<\/p>\n<p><a href=\"https:\/\/www.villagillet.net\/evenements\/la-nuit-de-la-theologie-4eme-edition\">M\u00e1s informaci\u00f3n<\/a><\/p>\n<h2><a href=\"https:\/\/www.iemj.org\/es\/entendre-le-sacre\/\" target=\"_blank\" rel=\"noopener\">Escuchar la conferencia de Herv\u00e9 Roten<\/a><\/h2>\n","protected":false},"excerpt":{"rendered":"<p>Jueves 30 de enero de 2020 de 19:00 a 23:30. Una noche dedicada a los v\u00ednculos entre m\u00fasica y religi\u00f3n, luego a la cuesti\u00f3n ecol\u00f3gica, concebida y organizada por la<\/p>\n","protected":false},"author":1045,"featured_media":97703,"comment_status":"closed","ping_status":"closed","sticky":false,"template":"","format":"standard","meta":{"_acf_changed":false,"footnotes":""},"categories":[1384,1372],"tags":[3422],"technique":[],"squelettes":[],"sujet":[],"formation":[],"genre":[],"fonds":[],"tradition":[],"type-de-contenu":[],"interprete-compositeur":[],"frise":[],"type-devenement":[],"tableaux-liens-externes":[],"class_list":["post-97702","post","type-post","status-publish","format-standard","has-post-thumbnail","hentry","category-clases-conferencias-es","category-manifestaciones-es","tag-eventos-asociados-es"],"acf":[],"yoast_head":"<!-- This site is optimized with the Yoast SEO plugin v27.3 - https:\/\/yoast.com\/product\/yoast-seo-wordpress\/ -->\n<title>La noche de la Teolog\u00eda \u2013 4ta Edici\u00f3n - Institut Europ\u00e9en des Musiques Juives<\/title>\n<meta name=\"robots\" content=\"noindex, follow\" \/>\n<meta property=\"og:locale\" content=\"es_ES\" \/>\n<meta property=\"og:type\" content=\"article\" \/>\n<meta property=\"og:title\" content=\"La noche de la Teolog\u00eda \u2013 4ta Edici\u00f3n - Institut Europ\u00e9en des Musiques Juives\" \/>\n<meta property=\"og:description\" content=\"Jueves 30 de enero de 2020 de 19:00 a 23:30. Una noche dedicada a los v\u00ednculos entre m\u00fasica y religi\u00f3n, luego a la cuesti\u00f3n ecol\u00f3gica, concebida y organizada por la\" \/>\n<meta property=\"og:url\" content=\"https:\/\/www.iemj.org\/es\/la-nuit-de-la-theologie-4e-edition\/\" \/>\n<meta property=\"og:site_name\" content=\"Institut Europ\u00e9en des Musiques Juives\" \/>\n<meta property=\"article:publisher\" content=\"https:\/\/www.facebook.com\/MusiquesJuives\/\" \/>\n<meta property=\"article:published_time\" content=\"2020-01-21T11:13:37+00:00\" \/>\n<meta property=\"article:modified_time\" content=\"2025-10-03T08:16:06+00:00\" \/>\n<meta property=\"og:image\" content=\"https:\/\/www.iemj.org\/wp-content\/uploads\/2020\/01\/arton4493.jpg\" \/>\n\t<meta property=\"og:image:width\" content=\"297\" \/>\n\t<meta property=\"og:image:height\" content=\"284\" \/>\n\t<meta property=\"og:image:type\" content=\"image\/jpeg\" \/>\n<meta name=\"author\" content=\"Herv\u00e9 Roten\" \/>\n<meta name=\"twitter:card\" content=\"summary_large_image\" \/>\n<meta name=\"twitter:label1\" content=\"Escrito por\" \/>\n\t<meta name=\"twitter:data1\" content=\"Herv\u00e9 Roten\" \/>\n\t<meta name=\"twitter:label2\" content=\"Tiempo de lectura\" \/>\n\t<meta name=\"twitter:data2\" content=\"2 minutos\" \/>\n<script type=\"application\/ld+json\" class=\"yoast-schema-graph\">{\"@context\":\"https:\\\/\\\/schema.org\",\"@graph\":[{\"@type\":\"Article\",\"@id\":\"https:\\\/\\\/www.iemj.org\\\/es\\\/la-nuit-de-la-theologie-4e-edition\\\/#article\",\"isPartOf\":{\"@id\":\"https:\\\/\\\/www.iemj.org\\\/es\\\/la-nuit-de-la-theologie-4e-edition\\\/\"},\"author\":{\"name\":\"Herv\u00e9 Roten\",\"@id\":\"https:\\\/\\\/www.iemj.org\\\/es\\\/#\\\/schema\\\/person\\\/906134402c29d5c76e7b726261dd4bbd\"},\"headline\":\"La noche de la Teolog\u00eda \u2013 4ta Edici\u00f3n\",\"datePublished\":\"2020-01-21T11:13:37+00:00\",\"dateModified\":\"2025-10-03T08:16:06+00:00\",\"mainEntityOfPage\":{\"@id\":\"https:\\\/\\\/www.iemj.org\\\/es\\\/la-nuit-de-la-theologie-4e-edition\\\/\"},\"wordCount\":359,\"publisher\":{\"@id\":\"https:\\\/\\\/www.iemj.org\\\/es\\\/#organization\"},\"image\":{\"@id\":\"https:\\\/\\\/www.iemj.org\\\/es\\\/la-nuit-de-la-theologie-4e-edition\\\/#primaryimage\"},\"thumbnailUrl\":\"https:\\\/\\\/www.iemj.org\\\/wp-content\\\/uploads\\\/2020\\\/01\\\/arton4493.jpg\",\"keywords\":[\"Eventos asociados\"],\"articleSection\":[\"Clases \\\/ Conferencias\",\"Manifestaciones\"],\"inLanguage\":\"es\"},{\"@type\":\"WebPage\",\"@id\":\"https:\\\/\\\/www.iemj.org\\\/es\\\/la-nuit-de-la-theologie-4e-edition\\\/\",\"url\":\"https:\\\/\\\/www.iemj.org\\\/es\\\/la-nuit-de-la-theologie-4e-edition\\\/\",\"name\":\"La noche de la Teolog\u00eda \u2013 4ta Edici\u00f3n - Institut Europ\u00e9en des Musiques Juives\",\"isPartOf\":{\"@id\":\"https:\\\/\\\/www.iemj.org\\\/es\\\/#website\"},\"primaryImageOfPage\":{\"@id\":\"https:\\\/\\\/www.iemj.org\\\/es\\\/la-nuit-de-la-theologie-4e-edition\\\/#primaryimage\"},\"image\":{\"@id\":\"https:\\\/\\\/www.iemj.org\\\/es\\\/la-nuit-de-la-theologie-4e-edition\\\/#primaryimage\"},\"thumbnailUrl\":\"https:\\\/\\\/www.iemj.org\\\/wp-content\\\/uploads\\\/2020\\\/01\\\/arton4493.jpg\",\"datePublished\":\"2020-01-21T11:13:37+00:00\",\"dateModified\":\"2025-10-03T08:16:06+00:00\",\"breadcrumb\":{\"@id\":\"https:\\\/\\\/www.iemj.org\\\/es\\\/la-nuit-de-la-theologie-4e-edition\\\/#breadcrumb\"},\"inLanguage\":\"es\",\"potentialAction\":[{\"@type\":\"ReadAction\",\"target\":[\"https:\\\/\\\/www.iemj.org\\\/es\\\/la-nuit-de-la-theologie-4e-edition\\\/\"]}]},{\"@type\":\"ImageObject\",\"inLanguage\":\"es\",\"@id\":\"https:\\\/\\\/www.iemj.org\\\/es\\\/la-nuit-de-la-theologie-4e-edition\\\/#primaryimage\",\"url\":\"https:\\\/\\\/www.iemj.org\\\/wp-content\\\/uploads\\\/2020\\\/01\\\/arton4493.jpg\",\"contentUrl\":\"https:\\\/\\\/www.iemj.org\\\/wp-content\\\/uploads\\\/2020\\\/01\\\/arton4493.jpg\",\"width\":297,\"height\":284},{\"@type\":\"BreadcrumbList\",\"@id\":\"https:\\\/\\\/www.iemj.org\\\/es\\\/la-nuit-de-la-theologie-4e-edition\\\/#breadcrumb\",\"itemListElement\":[{\"@type\":\"ListItem\",\"position\":1,\"name\":\"Accueil\",\"item\":\"https:\\\/\\\/www.iemj.org\\\/es\\\/\"},{\"@type\":\"ListItem\",\"position\":2,\"name\":\"La noche de la Teolog\u00eda \u2013 4ta Edici\u00f3n\"}]},{\"@type\":\"WebSite\",\"@id\":\"https:\\\/\\\/www.iemj.org\\\/es\\\/#website\",\"url\":\"https:\\\/\\\/www.iemj.org\\\/es\\\/\",\"name\":\"Institut Europ\u00e9en des Musiques Juives\",\"description\":\"Des traditions musicales \u00e0 la port\u00e9e de tous\",\"publisher\":{\"@id\":\"https:\\\/\\\/www.iemj.org\\\/es\\\/#organization\"},\"potentialAction\":[{\"@type\":\"SearchAction\",\"target\":{\"@type\":\"EntryPoint\",\"urlTemplate\":\"https:\\\/\\\/www.iemj.org\\\/es\\\/?s={search_term_string}\"},\"query-input\":{\"@type\":\"PropertyValueSpecification\",\"valueRequired\":true,\"valueName\":\"search_term_string\"}}],\"inLanguage\":\"es\"},{\"@type\":\"Organization\",\"@id\":\"https:\\\/\\\/www.iemj.org\\\/es\\\/#organization\",\"name\":\"Institut Europ\u00e9en des Musiques Juives\",\"url\":\"https:\\\/\\\/www.iemj.org\\\/es\\\/\",\"logo\":{\"@type\":\"ImageObject\",\"inLanguage\":\"es\",\"@id\":\"https:\\\/\\\/www.iemj.org\\\/es\\\/#\\\/schema\\\/logo\\\/image\\\/\",\"url\":\"https:\\\/\\\/www.iemj.org\\\/wp-content\\\/uploads\\\/2021\\\/09\\\/Logo-IEMJ-Paypal.jpg\",\"contentUrl\":\"https:\\\/\\\/www.iemj.org\\\/wp-content\\\/uploads\\\/2021\\\/09\\\/Logo-IEMJ-Paypal.jpg\",\"width\":150,\"height\":50,\"caption\":\"Institut Europ\u00e9en des Musiques Juives\"},\"image\":{\"@id\":\"https:\\\/\\\/www.iemj.org\\\/es\\\/#\\\/schema\\\/logo\\\/image\\\/\"},\"sameAs\":[\"https:\\\/\\\/www.facebook.com\\\/MusiquesJuives\\\/\",\"https:\\\/\\\/www.instagram.com\\\/musiquesjuives\\\/\",\"https:\\\/\\\/www.youtube.com\\\/user\\\/musiquesjuives\"]},{\"@type\":\"Person\",\"@id\":\"https:\\\/\\\/www.iemj.org\\\/es\\\/#\\\/schema\\\/person\\\/906134402c29d5c76e7b726261dd4bbd\",\"name\":\"Herv\u00e9 Roten\",\"image\":{\"@type\":\"ImageObject\",\"inLanguage\":\"es\",\"@id\":\"https:\\\/\\\/secure.gravatar.com\\\/avatar\\\/f96ad2db538a26481f18384936b5cd0610c92d390c4dc382209216d455f685ff?s=96&d=mm&r=g\",\"url\":\"https:\\\/\\\/secure.gravatar.com\\\/avatar\\\/f96ad2db538a26481f18384936b5cd0610c92d390c4dc382209216d455f685ff?s=96&d=mm&r=g\",\"contentUrl\":\"https:\\\/\\\/secure.gravatar.com\\\/avatar\\\/f96ad2db538a26481f18384936b5cd0610c92d390c4dc382209216d455f685ff?s=96&d=mm&r=g\",\"caption\":\"Herv\u00e9 Roten\"}}]}<\/script>\n<!-- \/ Yoast SEO plugin. -->","yoast_head_json":{"title":"La noche de la Teolog\u00eda \u2013 4ta Edici\u00f3n - Institut Europ\u00e9en des Musiques Juives","robots":{"index":"noindex","follow":"follow"},"og_locale":"es_ES","og_type":"article","og_title":"La noche de la Teolog\u00eda \u2013 4ta Edici\u00f3n - Institut Europ\u00e9en des Musiques Juives","og_description":"Jueves 30 de enero de 2020 de 19:00 a 23:30. Una noche dedicada a los v\u00ednculos entre m\u00fasica y religi\u00f3n, luego a la cuesti\u00f3n ecol\u00f3gica, concebida y organizada por la","og_url":"https:\/\/www.iemj.org\/es\/la-nuit-de-la-theologie-4e-edition\/","og_site_name":"Institut Europ\u00e9en des Musiques Juives","article_publisher":"https:\/\/www.facebook.com\/MusiquesJuives\/","article_published_time":"2020-01-21T11:13:37+00:00","article_modified_time":"2025-10-03T08:16:06+00:00","og_image":[{"width":297,"height":284,"url":"https:\/\/www.iemj.org\/wp-content\/uploads\/2020\/01\/arton4493.jpg","type":"image\/jpeg"}],"author":"Herv\u00e9 Roten","twitter_card":"summary_large_image","twitter_misc":{"Escrito por":"Herv\u00e9 Roten","Tiempo de lectura":"2 minutos"},"schema":{"@context":"https:\/\/schema.org","@graph":[{"@type":"Article","@id":"https:\/\/www.iemj.org\/es\/la-nuit-de-la-theologie-4e-edition\/#article","isPartOf":{"@id":"https:\/\/www.iemj.org\/es\/la-nuit-de-la-theologie-4e-edition\/"},"author":{"name":"Herv\u00e9 Roten","@id":"https:\/\/www.iemj.org\/es\/#\/schema\/person\/906134402c29d5c76e7b726261dd4bbd"},"headline":"La noche de la Teolog\u00eda \u2013 4ta Edici\u00f3n","datePublished":"2020-01-21T11:13:37+00:00","dateModified":"2025-10-03T08:16:06+00:00","mainEntityOfPage":{"@id":"https:\/\/www.iemj.org\/es\/la-nuit-de-la-theologie-4e-edition\/"},"wordCount":359,"publisher":{"@id":"https:\/\/www.iemj.org\/es\/#organization"},"image":{"@id":"https:\/\/www.iemj.org\/es\/la-nuit-de-la-theologie-4e-edition\/#primaryimage"},"thumbnailUrl":"https:\/\/www.iemj.org\/wp-content\/uploads\/2020\/01\/arton4493.jpg","keywords":["Eventos asociados"],"articleSection":["Clases \/ Conferencias","Manifestaciones"],"inLanguage":"es"},{"@type":"WebPage","@id":"https:\/\/www.iemj.org\/es\/la-nuit-de-la-theologie-4e-edition\/","url":"https:\/\/www.iemj.org\/es\/la-nuit-de-la-theologie-4e-edition\/","name":"La noche de la Teolog\u00eda \u2013 4ta Edici\u00f3n - Institut Europ\u00e9en des Musiques Juives","isPartOf":{"@id":"https:\/\/www.iemj.org\/es\/#website"},"primaryImageOfPage":{"@id":"https:\/\/www.iemj.org\/es\/la-nuit-de-la-theologie-4e-edition\/#primaryimage"},"image":{"@id":"https:\/\/www.iemj.org\/es\/la-nuit-de-la-theologie-4e-edition\/#primaryimage"},"thumbnailUrl":"https:\/\/www.iemj.org\/wp-content\/uploads\/2020\/01\/arton4493.jpg","datePublished":"2020-01-21T11:13:37+00:00","dateModified":"2025-10-03T08:16:06+00:00","breadcrumb":{"@id":"https:\/\/www.iemj.org\/es\/la-nuit-de-la-theologie-4e-edition\/#breadcrumb"},"inLanguage":"es","potentialAction":[{"@type":"ReadAction","target":["https:\/\/www.iemj.org\/es\/la-nuit-de-la-theologie-4e-edition\/"]}]},{"@type":"ImageObject","inLanguage":"es","@id":"https:\/\/www.iemj.org\/es\/la-nuit-de-la-theologie-4e-edition\/#primaryimage","url":"https:\/\/www.iemj.org\/wp-content\/uploads\/2020\/01\/arton4493.jpg","contentUrl":"https:\/\/www.iemj.org\/wp-content\/uploads\/2020\/01\/arton4493.jpg","width":297,"height":284},{"@type":"BreadcrumbList","@id":"https:\/\/www.iemj.org\/es\/la-nuit-de-la-theologie-4e-edition\/#breadcrumb","itemListElement":[{"@type":"ListItem","position":1,"name":"Accueil","item":"https:\/\/www.iemj.org\/es\/"},{"@type":"ListItem","position":2,"name":"La noche de la Teolog\u00eda \u2013 4ta Edici\u00f3n"}]},{"@type":"WebSite","@id":"https:\/\/www.iemj.org\/es\/#website","url":"https:\/\/www.iemj.org\/es\/","name":"Institut Europ\u00e9en des Musiques Juives","description":"Des traditions musicales \u00e0 la port\u00e9e de tous","publisher":{"@id":"https:\/\/www.iemj.org\/es\/#organization"},"potentialAction":[{"@type":"SearchAction","target":{"@type":"EntryPoint","urlTemplate":"https:\/\/www.iemj.org\/es\/?s={search_term_string}"},"query-input":{"@type":"PropertyValueSpecification","valueRequired":true,"valueName":"search_term_string"}}],"inLanguage":"es"},{"@type":"Organization","@id":"https:\/\/www.iemj.org\/es\/#organization","name":"Institut Europ\u00e9en des Musiques Juives","url":"https:\/\/www.iemj.org\/es\/","logo":{"@type":"ImageObject","inLanguage":"es","@id":"https:\/\/www.iemj.org\/es\/#\/schema\/logo\/image\/","url":"https:\/\/www.iemj.org\/wp-content\/uploads\/2021\/09\/Logo-IEMJ-Paypal.jpg","contentUrl":"https:\/\/www.iemj.org\/wp-content\/uploads\/2021\/09\/Logo-IEMJ-Paypal.jpg","width":150,"height":50,"caption":"Institut Europ\u00e9en des Musiques Juives"},"image":{"@id":"https:\/\/www.iemj.org\/es\/#\/schema\/logo\/image\/"},"sameAs":["https:\/\/www.facebook.com\/MusiquesJuives\/","https:\/\/www.instagram.com\/musiquesjuives\/","https:\/\/www.youtube.com\/user\/musiquesjuives"]},{"@type":"Person","@id":"https:\/\/www.iemj.org\/es\/#\/schema\/person\/906134402c29d5c76e7b726261dd4bbd","name":"Herv\u00e9 Roten","image":{"@type":"ImageObject","inLanguage":"es","@id":"https:\/\/secure.gravatar.com\/avatar\/f96ad2db538a26481f18384936b5cd0610c92d390c4dc382209216d455f685ff?s=96&d=mm&r=g","url":"https:\/\/secure.gravatar.com\/avatar\/f96ad2db538a26481f18384936b5cd0610c92d390c4dc382209216d455f685ff?s=96&d=mm&r=g","contentUrl":"https:\/\/secure.gravatar.com\/avatar\/f96ad2db538a26481f18384936b5cd0610c92d390c4dc382209216d455f685ff?s=96&d=mm&r=g","caption":"Herv\u00e9 Roten"}}]}},"_links":{"self":[{"href":"https:\/\/www.iemj.org\/es\/wp-json\/wp\/v2\/posts\/97702","targetHints":{"allow":["GET"]}}],"collection":[{"href":"https:\/\/www.iemj.org\/es\/wp-json\/wp\/v2\/posts"}],"about":[{"href":"https:\/\/www.iemj.org\/es\/wp-json\/wp\/v2\/types\/post"}],"author":[{"embeddable":true,"href":"https:\/\/www.iemj.org\/es\/wp-json\/wp\/v2\/users\/1045"}],"replies":[{"embeddable":true,"href":"https:\/\/www.iemj.org\/es\/wp-json\/wp\/v2\/comments?post=97702"}],"version-history":[{"count":1,"href":"https:\/\/www.iemj.org\/es\/wp-json\/wp\/v2\/posts\/97702\/revisions"}],"predecessor-version":[{"id":126276,"href":"https:\/\/www.iemj.org\/es\/wp-json\/wp\/v2\/posts\/97702\/revisions\/126276"}],"wp:featuredmedia":[{"embeddable":true,"href":"https:\/\/www.iemj.org\/es\/wp-json\/wp\/v2\/media\/97703"}],"wp:attachment":[{"href":"https:\/\/www.iemj.org\/es\/wp-json\/wp\/v2\/media?parent=97702"}],"wp:term":[{"taxonomy":"category","embeddable":true,"href":"https:\/\/www.iemj.org\/es\/wp-json\/wp\/v2\/categories?post=97702"},{"taxonomy":"post_tag","embeddable":true,"href":"https:\/\/www.iemj.org\/es\/wp-json\/wp\/v2\/tags?post=97702"},{"taxonomy":"technique","embeddable":true,"href":"https:\/\/www.iemj.org\/es\/wp-json\/wp\/v2\/technique?post=97702"},{"taxonomy":"squelettes","embeddable":true,"href":"https:\/\/www.iemj.org\/es\/wp-json\/wp\/v2\/squelettes?post=97702"},{"taxonomy":"sujet","embeddable":true,"href":"https:\/\/www.iemj.org\/es\/wp-json\/wp\/v2\/sujet?post=97702"},{"taxonomy":"formation","embeddable":true,"href":"https:\/\/www.iemj.org\/es\/wp-json\/wp\/v2\/formation?post=97702"},{"taxonomy":"genre","embeddable":true,"href":"https:\/\/www.iemj.org\/es\/wp-json\/wp\/v2\/genre?post=97702"},{"taxonomy":"fonds","embeddable":true,"href":"https:\/\/www.iemj.org\/es\/wp-json\/wp\/v2\/fonds?post=97702"},{"taxonomy":"tradition","embeddable":true,"href":"https:\/\/www.iemj.org\/es\/wp-json\/wp\/v2\/tradition?post=97702"},{"taxonomy":"type-de-contenu","embeddable":true,"href":"https:\/\/www.iemj.org\/es\/wp-json\/wp\/v2\/type-de-contenu?post=97702"},{"taxonomy":"interprete-compositeur","embeddable":true,"href":"https:\/\/www.iemj.org\/es\/wp-json\/wp\/v2\/interprete-compositeur?post=97702"},{"taxonomy":"frise","embeddable":true,"href":"https:\/\/www.iemj.org\/es\/wp-json\/wp\/v2\/frise?post=97702"},{"taxonomy":"type-devenement","embeddable":true,"href":"https:\/\/www.iemj.org\/es\/wp-json\/wp\/v2\/type-devenement?post=97702"},{"taxonomy":"tableaux-liens-externes","embeddable":true,"href":"https:\/\/www.iemj.org\/es\/wp-json\/wp\/v2\/tableaux-liens-externes?post=97702"}],"curies":[{"name":"wp","href":"https:\/\/api.w.org\/{rel}","templated":true}]}}