{"id":97740,"date":"2019-10-30T12:28:31","date_gmt":"2019-10-30T11:28:31","guid":{"rendered":"https:\/\/www.iemj.org\/les-musiques-juives-un-objet-singulier-pluriel\/"},"modified":"2023-06-22T16:29:36","modified_gmt":"2023-06-22T14:29:36","slug":"les-musiques-juives-un-objet-singulier-pluriel","status":"publish","type":"post","link":"https:\/\/www.iemj.org\/es\/les-musiques-juives-un-objet-singulier-pluriel\/","title":{"rendered":"M\u00fasica jud\u00eda: un objeto singular y plural"},"content":{"rendered":"<p>El Centro Cardenal Bea es el Instituto de Estudios Judaicos y Relaciones Judeo-Cristianas de la Universidad Gregoriana, que atrae a estudiantes, en su mayor\u00eda cat\u00f3licos que se preparan para el sacerdocio o para servir en la Iglesia, procedentes de m\u00e1s de 120 pa\u00edses de todo el mundo. El <a href=\"https:\/\/www.unigre.it\/en\/ua\/centres\/cardinal-bea-for-judaic-studies\">Centro Cardenal Bea de Estudios Judaicos<\/a> goza de una colaboraci\u00f3n privilegiada con la Universidad Hebrea de Jerusal\u00e9n, que se traduce en intercambios regulares de estudiantes y profesores.<br \/>\nDurante este curso 2019-2020, el Centro Cardenal Bea organiza un ciclo de tres conferencias sobre el tema del arte en di\u00e1logo, que incluye m\u00fasica, literatura y artes visuales.<\/p>\n<p><img fetchpriority=\"high\" decoding=\"async\" class=\"wp-image-25954  alignright\" src=\"https:\/\/www.iemj.org\/wp-content\/uploads\/2019\/10\/locandina_def_6novembre_capture.jpg\" alt=\"locandina_def_6novembre_capture.jpg\" width=\"300\" height=\"424\" align=\"middle\" srcset=\"https:\/\/www.iemj.org\/wp-content\/uploads\/2019\/10\/locandina_def_6novembre_capture.jpg 614w, https:\/\/www.iemj.org\/wp-content\/uploads\/2019\/10\/locandina_def_6novembre_capture-212x300.jpg 212w, https:\/\/www.iemj.org\/wp-content\/uploads\/2019\/10\/locandina_def_6novembre_capture-600x849.jpg 600w\" sizes=\"(max-width: 300px) 100vw, 300px\" \/>En este contexto, Herv\u00e9 Roten, etnomusic\u00f3logo y director del Institut Europ\u00e9en des Musiques Juives, pronunciar\u00e1 una conferencia sobre la singular pluralidad de la m\u00fasica jud\u00eda.<br \/>\nSu hom\u00f3logo ser\u00e1 el music\u00f3logo y te\u00f3logo Philippe Charru, jefe del departamento de Est\u00e9tica del Centre S\u00e8vres &#8211; Facult\u00e9s J\u00e9suites de Par\u00eds y titular del gran \u00f3rgano de Saint-Ignace. Presentar\u00e1 una comparaci\u00f3n entre el <em>Incarnatus est<\/em> de Bach y el de Mozart, para mostrar c\u00f3mo la propia escritura musical refleja diferentes concepciones religiosas del cristianismo.<br \/>\nEste di\u00e1logo entre la m\u00fasica jud\u00eda y la cristiana estar\u00e1 moderado por Claudio Procaccia, Director del Departamento de Cultura Jud\u00eda de la Comunidad Jud\u00eda de Roma.<\/p>\n<p><center><\/p>\n<h2 style=\"text-align: left;\"><a href=\"https:\/\/www.iemj.org\/es\/les-musiques-juives-un-objet-singulier-pluriel-2\/\" target=\"_blank\" rel=\"noopener\"><img decoding=\"async\" class=\"  alignleft wp-image-25952\" src=\"https:\/\/www.iemj.org\/wp-content\/uploads\/2019\/10\/vignette_video_youtube_conference_les_musiques_juives_un_objet_singulier_pluriel.jpg\" alt=\"vignette_video_youtube_conference_les_musiques_juives_un_objet_singulier_pluriel.jpg\" width=\"202\" height=\"118\" align=\"left\"><\/a><\/h2>\n<p><\/center><\/p>\n<h2 style=\"text-align: left;\"><a href=\"https:\/\/www.iemj.org\/es\/les-musiques-juives-un-objet-singulier-pluriel-2\/\" target=\"_blank\" rel=\"noopener\">Ver la conferencia grabada (en ingl\u00e9s)<\/a><\/h2>\n<p><center><\/p>\n<p><\/center><\/p>\n","protected":false},"excerpt":{"rendered":"<p>El Centro Cardenal Bea es el Instituto de Estudios Judaicos y Relaciones Judeo-Cristianas de la Universidad Gregoriana, que atrae a estudiantes, en su mayor\u00eda cat\u00f3licos que se preparan para el<\/p>\n","protected":false},"author":5,"featured_media":97741,"comment_status":"closed","ping_status":"closed","sticky":false,"template":"","format":"standard","meta":{"_acf_changed":false,"footnotes":""},"categories":[1384,1372],"tags":[2223],"technique":[],"squelettes":[],"sujet":[],"formation":[],"genre":[],"fonds":[],"tradition":[],"type-de-contenu":[],"interprete-compositeur":[],"frise":[],"type-devenement":[],"tableaux-liens-externes":[],"class_list":["post-97740","post","type-post","status-publish","format-standard","has-post-thumbnail","hentry","category-clases-conferencias-es","category-manifestaciones-es","tag-eventos-iemj-es"],"acf":[],"yoast_head":"<!-- This site is optimized with the Yoast SEO plugin v27.3 - https:\/\/yoast.com\/product\/yoast-seo-wordpress\/ -->\n<title>M\u00fasica jud\u00eda: un objeto singular y plural - Institut Europ\u00e9en des Musiques Juives<\/title>\n<meta name=\"robots\" content=\"noindex, follow\" \/>\n<meta property=\"og:locale\" content=\"es_ES\" \/>\n<meta property=\"og:type\" content=\"article\" \/>\n<meta property=\"og:title\" content=\"M\u00fasica jud\u00eda: un objeto singular y plural - Institut Europ\u00e9en des Musiques Juives\" \/>\n<meta property=\"og:description\" content=\"El Centro Cardenal Bea es el Instituto de Estudios Judaicos y Relaciones Judeo-Cristianas de la Universidad Gregoriana, que atrae a estudiantes, en su mayor\u00eda cat\u00f3licos que se preparan para el\" \/>\n<meta property=\"og:url\" content=\"https:\/\/www.iemj.org\/es\/les-musiques-juives-un-objet-singulier-pluriel\/\" \/>\n<meta property=\"og:site_name\" content=\"Institut Europ\u00e9en des Musiques Juives\" \/>\n<meta property=\"article:publisher\" content=\"https:\/\/www.facebook.com\/MusiquesJuives\/\" \/>\n<meta property=\"article:published_time\" content=\"2019-10-30T11:28:31+00:00\" \/>\n<meta property=\"article:modified_time\" content=\"2023-06-22T14:29:36+00:00\" \/>\n<meta property=\"og:image\" content=\"https:\/\/www.iemj.org\/wp-content\/uploads\/2019\/10\/arton4364.jpg\" \/>\n\t<meta property=\"og:image:width\" content=\"225\" \/>\n\t<meta property=\"og:image:height\" content=\"225\" \/>\n\t<meta property=\"og:image:type\" content=\"image\/jpeg\" \/>\n<meta name=\"author\" content=\"Jacqueline ROTEN\" \/>\n<meta name=\"twitter:card\" content=\"summary_large_image\" \/>\n<meta name=\"twitter:label1\" content=\"Escrito por\" \/>\n\t<meta name=\"twitter:data1\" content=\"Jacqueline ROTEN\" \/>\n\t<meta name=\"twitter:label2\" content=\"Tiempo de lectura\" \/>\n\t<meta name=\"twitter:data2\" content=\"2 minutos\" \/>\n<script type=\"application\/ld+json\" class=\"yoast-schema-graph\">{\"@context\":\"https:\\\/\\\/schema.org\",\"@graph\":[{\"@type\":\"Article\",\"@id\":\"https:\\\/\\\/www.iemj.org\\\/es\\\/les-musiques-juives-un-objet-singulier-pluriel\\\/#article\",\"isPartOf\":{\"@id\":\"https:\\\/\\\/www.iemj.org\\\/es\\\/les-musiques-juives-un-objet-singulier-pluriel\\\/\"},\"author\":{\"name\":\"Jacqueline ROTEN\",\"@id\":\"https:\\\/\\\/www.iemj.org\\\/es\\\/#\\\/schema\\\/person\\\/358e26c18aca017fcc4cc15437f7279c\"},\"headline\":\"M\u00fasica jud\u00eda: un objeto singular y plural\",\"datePublished\":\"2019-10-30T11:28:31+00:00\",\"dateModified\":\"2023-06-22T14:29:36+00:00\",\"mainEntityOfPage\":{\"@id\":\"https:\\\/\\\/www.iemj.org\\\/es\\\/les-musiques-juives-un-objet-singulier-pluriel\\\/\"},\"wordCount\":251,\"publisher\":{\"@id\":\"https:\\\/\\\/www.iemj.org\\\/es\\\/#organization\"},\"image\":{\"@id\":\"https:\\\/\\\/www.iemj.org\\\/es\\\/les-musiques-juives-un-objet-singulier-pluriel\\\/#primaryimage\"},\"thumbnailUrl\":\"https:\\\/\\\/www.iemj.org\\\/wp-content\\\/uploads\\\/2019\\\/10\\\/arton4364.jpg\",\"keywords\":[\"Eventos IEMJ\"],\"articleSection\":[\"Clases \\\/ Conferencias\",\"Manifestaciones\"],\"inLanguage\":\"es\"},{\"@type\":\"WebPage\",\"@id\":\"https:\\\/\\\/www.iemj.org\\\/es\\\/les-musiques-juives-un-objet-singulier-pluriel\\\/\",\"url\":\"https:\\\/\\\/www.iemj.org\\\/es\\\/les-musiques-juives-un-objet-singulier-pluriel\\\/\",\"name\":\"M\u00fasica jud\u00eda: un objeto singular y plural - Institut Europ\u00e9en des Musiques Juives\",\"isPartOf\":{\"@id\":\"https:\\\/\\\/www.iemj.org\\\/es\\\/#website\"},\"primaryImageOfPage\":{\"@id\":\"https:\\\/\\\/www.iemj.org\\\/es\\\/les-musiques-juives-un-objet-singulier-pluriel\\\/#primaryimage\"},\"image\":{\"@id\":\"https:\\\/\\\/www.iemj.org\\\/es\\\/les-musiques-juives-un-objet-singulier-pluriel\\\/#primaryimage\"},\"thumbnailUrl\":\"https:\\\/\\\/www.iemj.org\\\/wp-content\\\/uploads\\\/2019\\\/10\\\/arton4364.jpg\",\"datePublished\":\"2019-10-30T11:28:31+00:00\",\"dateModified\":\"2023-06-22T14:29:36+00:00\",\"breadcrumb\":{\"@id\":\"https:\\\/\\\/www.iemj.org\\\/es\\\/les-musiques-juives-un-objet-singulier-pluriel\\\/#breadcrumb\"},\"inLanguage\":\"es\",\"potentialAction\":[{\"@type\":\"ReadAction\",\"target\":[\"https:\\\/\\\/www.iemj.org\\\/es\\\/les-musiques-juives-un-objet-singulier-pluriel\\\/\"]}]},{\"@type\":\"ImageObject\",\"inLanguage\":\"es\",\"@id\":\"https:\\\/\\\/www.iemj.org\\\/es\\\/les-musiques-juives-un-objet-singulier-pluriel\\\/#primaryimage\",\"url\":\"https:\\\/\\\/www.iemj.org\\\/wp-content\\\/uploads\\\/2019\\\/10\\\/arton4364.jpg\",\"contentUrl\":\"https:\\\/\\\/www.iemj.org\\\/wp-content\\\/uploads\\\/2019\\\/10\\\/arton4364.jpg\",\"width\":225,\"height\":225},{\"@type\":\"BreadcrumbList\",\"@id\":\"https:\\\/\\\/www.iemj.org\\\/es\\\/les-musiques-juives-un-objet-singulier-pluriel\\\/#breadcrumb\",\"itemListElement\":[{\"@type\":\"ListItem\",\"position\":1,\"name\":\"Accueil\",\"item\":\"https:\\\/\\\/www.iemj.org\\\/es\\\/\"},{\"@type\":\"ListItem\",\"position\":2,\"name\":\"M\u00fasica jud\u00eda: un objeto singular y plural\"}]},{\"@type\":\"WebSite\",\"@id\":\"https:\\\/\\\/www.iemj.org\\\/es\\\/#website\",\"url\":\"https:\\\/\\\/www.iemj.org\\\/es\\\/\",\"name\":\"Institut Europ\u00e9en des Musiques Juives\",\"description\":\"Des traditions musicales \u00e0 la port\u00e9e de tous\",\"publisher\":{\"@id\":\"https:\\\/\\\/www.iemj.org\\\/es\\\/#organization\"},\"potentialAction\":[{\"@type\":\"SearchAction\",\"target\":{\"@type\":\"EntryPoint\",\"urlTemplate\":\"https:\\\/\\\/www.iemj.org\\\/es\\\/?s={search_term_string}\"},\"query-input\":{\"@type\":\"PropertyValueSpecification\",\"valueRequired\":true,\"valueName\":\"search_term_string\"}}],\"inLanguage\":\"es\"},{\"@type\":\"Organization\",\"@id\":\"https:\\\/\\\/www.iemj.org\\\/es\\\/#organization\",\"name\":\"Institut Europ\u00e9en des Musiques Juives\",\"url\":\"https:\\\/\\\/www.iemj.org\\\/es\\\/\",\"logo\":{\"@type\":\"ImageObject\",\"inLanguage\":\"es\",\"@id\":\"https:\\\/\\\/www.iemj.org\\\/es\\\/#\\\/schema\\\/logo\\\/image\\\/\",\"url\":\"https:\\\/\\\/www.iemj.org\\\/wp-content\\\/uploads\\\/2021\\\/09\\\/Logo-IEMJ-Paypal.jpg\",\"contentUrl\":\"https:\\\/\\\/www.iemj.org\\\/wp-content\\\/uploads\\\/2021\\\/09\\\/Logo-IEMJ-Paypal.jpg\",\"width\":150,\"height\":50,\"caption\":\"Institut Europ\u00e9en des Musiques Juives\"},\"image\":{\"@id\":\"https:\\\/\\\/www.iemj.org\\\/es\\\/#\\\/schema\\\/logo\\\/image\\\/\"},\"sameAs\":[\"https:\\\/\\\/www.facebook.com\\\/MusiquesJuives\\\/\",\"https:\\\/\\\/www.instagram.com\\\/musiquesjuives\\\/\",\"https:\\\/\\\/www.youtube.com\\\/user\\\/musiquesjuives\"]},{\"@type\":\"Person\",\"@id\":\"https:\\\/\\\/www.iemj.org\\\/es\\\/#\\\/schema\\\/person\\\/358e26c18aca017fcc4cc15437f7279c\",\"name\":\"Jacqueline ROTEN\",\"image\":{\"@type\":\"ImageObject\",\"inLanguage\":\"es\",\"@id\":\"https:\\\/\\\/secure.gravatar.com\\\/avatar\\\/5964256d6c6957de3a3505278957e0fb2a35119ac47ea41827a65301213c810b?s=96&d=mm&r=g\",\"url\":\"https:\\\/\\\/secure.gravatar.com\\\/avatar\\\/5964256d6c6957de3a3505278957e0fb2a35119ac47ea41827a65301213c810b?s=96&d=mm&r=g\",\"contentUrl\":\"https:\\\/\\\/secure.gravatar.com\\\/avatar\\\/5964256d6c6957de3a3505278957e0fb2a35119ac47ea41827a65301213c810b?s=96&d=mm&r=g\",\"caption\":\"Jacqueline ROTEN\"}}]}<\/script>\n<!-- \/ Yoast SEO plugin. -->","yoast_head_json":{"title":"M\u00fasica jud\u00eda: un objeto singular y plural - Institut Europ\u00e9en des Musiques Juives","robots":{"index":"noindex","follow":"follow"},"og_locale":"es_ES","og_type":"article","og_title":"M\u00fasica jud\u00eda: un objeto singular y plural - Institut Europ\u00e9en des Musiques Juives","og_description":"El Centro Cardenal Bea es el Instituto de Estudios Judaicos y Relaciones Judeo-Cristianas de la Universidad Gregoriana, que atrae a estudiantes, en su mayor\u00eda cat\u00f3licos que se preparan para el","og_url":"https:\/\/www.iemj.org\/es\/les-musiques-juives-un-objet-singulier-pluriel\/","og_site_name":"Institut Europ\u00e9en des Musiques Juives","article_publisher":"https:\/\/www.facebook.com\/MusiquesJuives\/","article_published_time":"2019-10-30T11:28:31+00:00","article_modified_time":"2023-06-22T14:29:36+00:00","og_image":[{"width":225,"height":225,"url":"https:\/\/www.iemj.org\/wp-content\/uploads\/2019\/10\/arton4364.jpg","type":"image\/jpeg"}],"author":"Jacqueline ROTEN","twitter_card":"summary_large_image","twitter_misc":{"Escrito por":"Jacqueline ROTEN","Tiempo de lectura":"2 minutos"},"schema":{"@context":"https:\/\/schema.org","@graph":[{"@type":"Article","@id":"https:\/\/www.iemj.org\/es\/les-musiques-juives-un-objet-singulier-pluriel\/#article","isPartOf":{"@id":"https:\/\/www.iemj.org\/es\/les-musiques-juives-un-objet-singulier-pluriel\/"},"author":{"name":"Jacqueline ROTEN","@id":"https:\/\/www.iemj.org\/es\/#\/schema\/person\/358e26c18aca017fcc4cc15437f7279c"},"headline":"M\u00fasica jud\u00eda: un objeto singular y plural","datePublished":"2019-10-30T11:28:31+00:00","dateModified":"2023-06-22T14:29:36+00:00","mainEntityOfPage":{"@id":"https:\/\/www.iemj.org\/es\/les-musiques-juives-un-objet-singulier-pluriel\/"},"wordCount":251,"publisher":{"@id":"https:\/\/www.iemj.org\/es\/#organization"},"image":{"@id":"https:\/\/www.iemj.org\/es\/les-musiques-juives-un-objet-singulier-pluriel\/#primaryimage"},"thumbnailUrl":"https:\/\/www.iemj.org\/wp-content\/uploads\/2019\/10\/arton4364.jpg","keywords":["Eventos IEMJ"],"articleSection":["Clases \/ Conferencias","Manifestaciones"],"inLanguage":"es"},{"@type":"WebPage","@id":"https:\/\/www.iemj.org\/es\/les-musiques-juives-un-objet-singulier-pluriel\/","url":"https:\/\/www.iemj.org\/es\/les-musiques-juives-un-objet-singulier-pluriel\/","name":"M\u00fasica jud\u00eda: un objeto singular y plural - Institut Europ\u00e9en des Musiques Juives","isPartOf":{"@id":"https:\/\/www.iemj.org\/es\/#website"},"primaryImageOfPage":{"@id":"https:\/\/www.iemj.org\/es\/les-musiques-juives-un-objet-singulier-pluriel\/#primaryimage"},"image":{"@id":"https:\/\/www.iemj.org\/es\/les-musiques-juives-un-objet-singulier-pluriel\/#primaryimage"},"thumbnailUrl":"https:\/\/www.iemj.org\/wp-content\/uploads\/2019\/10\/arton4364.jpg","datePublished":"2019-10-30T11:28:31+00:00","dateModified":"2023-06-22T14:29:36+00:00","breadcrumb":{"@id":"https:\/\/www.iemj.org\/es\/les-musiques-juives-un-objet-singulier-pluriel\/#breadcrumb"},"inLanguage":"es","potentialAction":[{"@type":"ReadAction","target":["https:\/\/www.iemj.org\/es\/les-musiques-juives-un-objet-singulier-pluriel\/"]}]},{"@type":"ImageObject","inLanguage":"es","@id":"https:\/\/www.iemj.org\/es\/les-musiques-juives-un-objet-singulier-pluriel\/#primaryimage","url":"https:\/\/www.iemj.org\/wp-content\/uploads\/2019\/10\/arton4364.jpg","contentUrl":"https:\/\/www.iemj.org\/wp-content\/uploads\/2019\/10\/arton4364.jpg","width":225,"height":225},{"@type":"BreadcrumbList","@id":"https:\/\/www.iemj.org\/es\/les-musiques-juives-un-objet-singulier-pluriel\/#breadcrumb","itemListElement":[{"@type":"ListItem","position":1,"name":"Accueil","item":"https:\/\/www.iemj.org\/es\/"},{"@type":"ListItem","position":2,"name":"M\u00fasica jud\u00eda: un objeto singular y plural"}]},{"@type":"WebSite","@id":"https:\/\/www.iemj.org\/es\/#website","url":"https:\/\/www.iemj.org\/es\/","name":"Institut Europ\u00e9en des Musiques Juives","description":"Des traditions musicales \u00e0 la port\u00e9e de tous","publisher":{"@id":"https:\/\/www.iemj.org\/es\/#organization"},"potentialAction":[{"@type":"SearchAction","target":{"@type":"EntryPoint","urlTemplate":"https:\/\/www.iemj.org\/es\/?s={search_term_string}"},"query-input":{"@type":"PropertyValueSpecification","valueRequired":true,"valueName":"search_term_string"}}],"inLanguage":"es"},{"@type":"Organization","@id":"https:\/\/www.iemj.org\/es\/#organization","name":"Institut Europ\u00e9en des Musiques Juives","url":"https:\/\/www.iemj.org\/es\/","logo":{"@type":"ImageObject","inLanguage":"es","@id":"https:\/\/www.iemj.org\/es\/#\/schema\/logo\/image\/","url":"https:\/\/www.iemj.org\/wp-content\/uploads\/2021\/09\/Logo-IEMJ-Paypal.jpg","contentUrl":"https:\/\/www.iemj.org\/wp-content\/uploads\/2021\/09\/Logo-IEMJ-Paypal.jpg","width":150,"height":50,"caption":"Institut Europ\u00e9en des Musiques Juives"},"image":{"@id":"https:\/\/www.iemj.org\/es\/#\/schema\/logo\/image\/"},"sameAs":["https:\/\/www.facebook.com\/MusiquesJuives\/","https:\/\/www.instagram.com\/musiquesjuives\/","https:\/\/www.youtube.com\/user\/musiquesjuives"]},{"@type":"Person","@id":"https:\/\/www.iemj.org\/es\/#\/schema\/person\/358e26c18aca017fcc4cc15437f7279c","name":"Jacqueline ROTEN","image":{"@type":"ImageObject","inLanguage":"es","@id":"https:\/\/secure.gravatar.com\/avatar\/5964256d6c6957de3a3505278957e0fb2a35119ac47ea41827a65301213c810b?s=96&d=mm&r=g","url":"https:\/\/secure.gravatar.com\/avatar\/5964256d6c6957de3a3505278957e0fb2a35119ac47ea41827a65301213c810b?s=96&d=mm&r=g","contentUrl":"https:\/\/secure.gravatar.com\/avatar\/5964256d6c6957de3a3505278957e0fb2a35119ac47ea41827a65301213c810b?s=96&d=mm&r=g","caption":"Jacqueline ROTEN"}}]}},"_links":{"self":[{"href":"https:\/\/www.iemj.org\/es\/wp-json\/wp\/v2\/posts\/97740","targetHints":{"allow":["GET"]}}],"collection":[{"href":"https:\/\/www.iemj.org\/es\/wp-json\/wp\/v2\/posts"}],"about":[{"href":"https:\/\/www.iemj.org\/es\/wp-json\/wp\/v2\/types\/post"}],"author":[{"embeddable":true,"href":"https:\/\/www.iemj.org\/es\/wp-json\/wp\/v2\/users\/5"}],"replies":[{"embeddable":true,"href":"https:\/\/www.iemj.org\/es\/wp-json\/wp\/v2\/comments?post=97740"}],"version-history":[{"count":0,"href":"https:\/\/www.iemj.org\/es\/wp-json\/wp\/v2\/posts\/97740\/revisions"}],"wp:featuredmedia":[{"embeddable":true,"href":"https:\/\/www.iemj.org\/es\/wp-json\/wp\/v2\/media\/97741"}],"wp:attachment":[{"href":"https:\/\/www.iemj.org\/es\/wp-json\/wp\/v2\/media?parent=97740"}],"wp:term":[{"taxonomy":"category","embeddable":true,"href":"https:\/\/www.iemj.org\/es\/wp-json\/wp\/v2\/categories?post=97740"},{"taxonomy":"post_tag","embeddable":true,"href":"https:\/\/www.iemj.org\/es\/wp-json\/wp\/v2\/tags?post=97740"},{"taxonomy":"technique","embeddable":true,"href":"https:\/\/www.iemj.org\/es\/wp-json\/wp\/v2\/technique?post=97740"},{"taxonomy":"squelettes","embeddable":true,"href":"https:\/\/www.iemj.org\/es\/wp-json\/wp\/v2\/squelettes?post=97740"},{"taxonomy":"sujet","embeddable":true,"href":"https:\/\/www.iemj.org\/es\/wp-json\/wp\/v2\/sujet?post=97740"},{"taxonomy":"formation","embeddable":true,"href":"https:\/\/www.iemj.org\/es\/wp-json\/wp\/v2\/formation?post=97740"},{"taxonomy":"genre","embeddable":true,"href":"https:\/\/www.iemj.org\/es\/wp-json\/wp\/v2\/genre?post=97740"},{"taxonomy":"fonds","embeddable":true,"href":"https:\/\/www.iemj.org\/es\/wp-json\/wp\/v2\/fonds?post=97740"},{"taxonomy":"tradition","embeddable":true,"href":"https:\/\/www.iemj.org\/es\/wp-json\/wp\/v2\/tradition?post=97740"},{"taxonomy":"type-de-contenu","embeddable":true,"href":"https:\/\/www.iemj.org\/es\/wp-json\/wp\/v2\/type-de-contenu?post=97740"},{"taxonomy":"interprete-compositeur","embeddable":true,"href":"https:\/\/www.iemj.org\/es\/wp-json\/wp\/v2\/interprete-compositeur?post=97740"},{"taxonomy":"frise","embeddable":true,"href":"https:\/\/www.iemj.org\/es\/wp-json\/wp\/v2\/frise?post=97740"},{"taxonomy":"type-devenement","embeddable":true,"href":"https:\/\/www.iemj.org\/es\/wp-json\/wp\/v2\/type-devenement?post=97740"},{"taxonomy":"tableaux-liens-externes","embeddable":true,"href":"https:\/\/www.iemj.org\/es\/wp-json\/wp\/v2\/tableaux-liens-externes?post=97740"}],"curies":[{"name":"wp","href":"https:\/\/api.w.org\/{rel}","templated":true}]}}