{"id":97761,"date":"2019-06-25T10:58:26","date_gmt":"2019-06-25T08:58:26","guid":{"rendered":"https:\/\/www.iemj.org\/colloque-a-hanovre-magnifiee-et-sanctifiee-la-musique-des-prieres-juives-ii\/"},"modified":"2023-06-05T14:38:15","modified_gmt":"2023-06-05T12:38:15","slug":"colloque-a-hanovre-magnifiee-et-sanctifiee-la-musique-des-prieres-juives-ii","status":"publish","type":"post","link":"https:\/\/www.iemj.org\/es\/colloque-a-hanovre-magnifiee-et-sanctifiee-la-musique-des-prieres-juives-ii\/","title":{"rendered":"Conferencia en Hannover: Magnificada y santificada, la m\u00fasica de las oraciones jud\u00edas"},"content":{"rendered":"<p>Esta nueva edici\u00f3n sigue al \u00e9xito del anterior simposio dedicado a la m\u00fasica de las oraciones jud\u00edas, que tuvo lugar en la Universidad de Leeds (Inglaterra) en 2015.<\/p>\n<p>Este simposio est\u00e1 organizado conjuntamente por el <a href=\"https:\/\/www.iemj.org\/europaische-zentrum-fur-judische-musik-ezjm\/\">Europ\u00e4ische Zentrum f\u00fcr J\u00fcdische Musik (EZJM)<\/a> de la Universidad de Hannover y el Ala Acad\u00e9mica de la Asociaci\u00f3n Europea de Cantores.<\/p>\n<p>Cuenta con el apoyo del UCLA Lowell Milken Fund for American Jewish Music de la Herb Alpert School of Music de la Universidad de Leeds y del <a href=\"https:\/\/www.iemj.org\/jewish-music-institute\/\">Jewish Music Institute SOAS<\/a>, Universidad de Londres.<\/p>\n<p><strong>Y no se pierda la conferencia de Herv\u00e9 Roten, director del Instituto Europeo de M\u00fasica Jud\u00eda, el domingo 12 de septiembre de 2019 a las 9:30 horas, titulada \u00abLa salmodia en la tradici\u00f3n judeo-portuguesa (en Francia): procedimientos de formulaci\u00f3n y sintaxis musical\u00bb.<\/strong><\/p>\n<p><a href=\"https:\/\/www.ezjm.hmtm-hannover.de\/fileadmin\/www.ezjm\/Konferenzen\/M_SII_Programme_September_2019.pdf\">Consulte el programa<\/a><br \/>\n<a href=\"https:\/\/www.ezjm.hmtm-hannover.de\/fileadmin\/www.ezjm\/Konferenzen\/MSII_Information_sheet_for_Conference_delegates.pdf\">Otra informaci\u00f3n pr\u00e1ctica<\/a>.<\/p>\n<p><strong>Reservas e informaci\u00f3n:<\/strong><br \/>\n<a href=\"https:\/\/www.ezjm.hmtm-hannover.de\/de\/aktuelles\/meldungen\/magnified-and-sanctified\/\">https:\/\/www.ezjm.hmtm-hannover.de\/de\/aktuelles\/meldungen\/magnified-and-sanctified\/<\/a><\/p>\n","protected":false},"excerpt":{"rendered":"<p>Esta nueva edici\u00f3n sigue al \u00e9xito del anterior simposio dedicado a la m\u00fasica de las oraciones jud\u00edas, que tuvo lugar en la Universidad de Leeds (Inglaterra) en 2015. Este simposio<\/p>\n","protected":false},"author":5,"featured_media":97762,"comment_status":"open","ping_status":"open","sticky":false,"template":"","format":"standard","meta":{"_acf_changed":false,"footnotes":""},"categories":[1376,1372],"tags":[3422],"technique":[],"squelettes":[],"sujet":[],"formation":[],"genre":[],"fonds":[],"tradition":[],"type-de-contenu":[],"interprete-compositeur":[],"frise":[],"type-devenement":[],"tableaux-liens-externes":[],"class_list":["post-97761","post","type-post","status-publish","format-standard","has-post-thumbnail","hentry","category-coloquio-es","category-manifestaciones-es","tag-eventos-asociados-es"],"acf":[],"yoast_head":"<!-- This site is optimized with the Yoast SEO plugin v27.3 - https:\/\/yoast.com\/product\/yoast-seo-wordpress\/ -->\n<title>Conferencia en Hannover: Magnificada y santificada, la m\u00fasica de las oraciones jud\u00edas - Institut Europ\u00e9en des Musiques Juives<\/title>\n<meta name=\"robots\" content=\"noindex, follow\" \/>\n<meta property=\"og:locale\" content=\"es_ES\" \/>\n<meta property=\"og:type\" content=\"article\" \/>\n<meta property=\"og:title\" content=\"Conferencia en Hannover: Magnificada y santificada, la m\u00fasica de las oraciones jud\u00edas - Institut Europ\u00e9en des Musiques Juives\" \/>\n<meta property=\"og:description\" content=\"Esta nueva edici\u00f3n sigue al \u00e9xito del anterior simposio dedicado a la m\u00fasica de las oraciones jud\u00edas, que tuvo lugar en la Universidad de Leeds (Inglaterra) en 2015. Este simposio\" \/>\n<meta property=\"og:url\" content=\"https:\/\/www.iemj.org\/es\/colloque-a-hanovre-magnifiee-et-sanctifiee-la-musique-des-prieres-juives-ii\/\" \/>\n<meta property=\"og:site_name\" content=\"Institut Europ\u00e9en des Musiques Juives\" \/>\n<meta property=\"article:publisher\" content=\"https:\/\/www.facebook.com\/MusiquesJuives\/\" \/>\n<meta property=\"article:published_time\" content=\"2019-06-25T08:58:26+00:00\" \/>\n<meta property=\"article:modified_time\" content=\"2023-06-05T12:38:15+00:00\" \/>\n<meta property=\"og:image\" content=\"https:\/\/www.iemj.org\/wp-content\/uploads\/2019\/06\/arton4233.png\" \/>\n\t<meta property=\"og:image:width\" content=\"327\" \/>\n\t<meta property=\"og:image:height\" content=\"521\" \/>\n\t<meta property=\"og:image:type\" content=\"image\/png\" \/>\n<meta name=\"author\" content=\"Jacqueline ROTEN\" \/>\n<meta name=\"twitter:card\" content=\"summary_large_image\" \/>\n<meta name=\"twitter:label1\" content=\"Escrito por\" \/>\n\t<meta name=\"twitter:data1\" content=\"Jacqueline ROTEN\" \/>\n\t<meta name=\"twitter:label2\" content=\"Tiempo de lectura\" \/>\n\t<meta name=\"twitter:data2\" content=\"1 minuto\" \/>\n<script type=\"application\/ld+json\" class=\"yoast-schema-graph\">{\"@context\":\"https:\\\/\\\/schema.org\",\"@graph\":[{\"@type\":\"Article\",\"@id\":\"https:\\\/\\\/www.iemj.org\\\/es\\\/colloque-a-hanovre-magnifiee-et-sanctifiee-la-musique-des-prieres-juives-ii\\\/#article\",\"isPartOf\":{\"@id\":\"https:\\\/\\\/www.iemj.org\\\/es\\\/colloque-a-hanovre-magnifiee-et-sanctifiee-la-musique-des-prieres-juives-ii\\\/\"},\"author\":{\"name\":\"Jacqueline ROTEN\",\"@id\":\"https:\\\/\\\/www.iemj.org\\\/es\\\/#\\\/schema\\\/person\\\/358e26c18aca017fcc4cc15437f7279c\"},\"headline\":\"Conferencia en Hannover: Magnificada y santificada, la m\u00fasica de las oraciones jud\u00edas\",\"datePublished\":\"2019-06-25T08:58:26+00:00\",\"dateModified\":\"2023-06-05T12:38:15+00:00\",\"mainEntityOfPage\":{\"@id\":\"https:\\\/\\\/www.iemj.org\\\/es\\\/colloque-a-hanovre-magnifiee-et-sanctifiee-la-musique-des-prieres-juives-ii\\\/\"},\"wordCount\":175,\"commentCount\":0,\"publisher\":{\"@id\":\"https:\\\/\\\/www.iemj.org\\\/es\\\/#organization\"},\"image\":{\"@id\":\"https:\\\/\\\/www.iemj.org\\\/es\\\/colloque-a-hanovre-magnifiee-et-sanctifiee-la-musique-des-prieres-juives-ii\\\/#primaryimage\"},\"thumbnailUrl\":\"https:\\\/\\\/www.iemj.org\\\/wp-content\\\/uploads\\\/2019\\\/06\\\/arton4233.png\",\"keywords\":[\"Eventos asociados\"],\"articleSection\":[\"Coloquio\",\"Manifestaciones\"],\"inLanguage\":\"es\",\"potentialAction\":[{\"@type\":\"CommentAction\",\"name\":\"Comment\",\"target\":[\"https:\\\/\\\/www.iemj.org\\\/es\\\/colloque-a-hanovre-magnifiee-et-sanctifiee-la-musique-des-prieres-juives-ii\\\/#respond\"]}]},{\"@type\":\"WebPage\",\"@id\":\"https:\\\/\\\/www.iemj.org\\\/es\\\/colloque-a-hanovre-magnifiee-et-sanctifiee-la-musique-des-prieres-juives-ii\\\/\",\"url\":\"https:\\\/\\\/www.iemj.org\\\/es\\\/colloque-a-hanovre-magnifiee-et-sanctifiee-la-musique-des-prieres-juives-ii\\\/\",\"name\":\"Conferencia en Hannover: Magnificada y santificada, la m\u00fasica de las oraciones jud\u00edas - Institut Europ\u00e9en des Musiques Juives\",\"isPartOf\":{\"@id\":\"https:\\\/\\\/www.iemj.org\\\/es\\\/#website\"},\"primaryImageOfPage\":{\"@id\":\"https:\\\/\\\/www.iemj.org\\\/es\\\/colloque-a-hanovre-magnifiee-et-sanctifiee-la-musique-des-prieres-juives-ii\\\/#primaryimage\"},\"image\":{\"@id\":\"https:\\\/\\\/www.iemj.org\\\/es\\\/colloque-a-hanovre-magnifiee-et-sanctifiee-la-musique-des-prieres-juives-ii\\\/#primaryimage\"},\"thumbnailUrl\":\"https:\\\/\\\/www.iemj.org\\\/wp-content\\\/uploads\\\/2019\\\/06\\\/arton4233.png\",\"datePublished\":\"2019-06-25T08:58:26+00:00\",\"dateModified\":\"2023-06-05T12:38:15+00:00\",\"breadcrumb\":{\"@id\":\"https:\\\/\\\/www.iemj.org\\\/es\\\/colloque-a-hanovre-magnifiee-et-sanctifiee-la-musique-des-prieres-juives-ii\\\/#breadcrumb\"},\"inLanguage\":\"es\",\"potentialAction\":[{\"@type\":\"ReadAction\",\"target\":[\"https:\\\/\\\/www.iemj.org\\\/es\\\/colloque-a-hanovre-magnifiee-et-sanctifiee-la-musique-des-prieres-juives-ii\\\/\"]}]},{\"@type\":\"ImageObject\",\"inLanguage\":\"es\",\"@id\":\"https:\\\/\\\/www.iemj.org\\\/es\\\/colloque-a-hanovre-magnifiee-et-sanctifiee-la-musique-des-prieres-juives-ii\\\/#primaryimage\",\"url\":\"https:\\\/\\\/www.iemj.org\\\/wp-content\\\/uploads\\\/2019\\\/06\\\/arton4233.png\",\"contentUrl\":\"https:\\\/\\\/www.iemj.org\\\/wp-content\\\/uploads\\\/2019\\\/06\\\/arton4233.png\",\"width\":327,\"height\":521},{\"@type\":\"BreadcrumbList\",\"@id\":\"https:\\\/\\\/www.iemj.org\\\/es\\\/colloque-a-hanovre-magnifiee-et-sanctifiee-la-musique-des-prieres-juives-ii\\\/#breadcrumb\",\"itemListElement\":[{\"@type\":\"ListItem\",\"position\":1,\"name\":\"Accueil\",\"item\":\"https:\\\/\\\/www.iemj.org\\\/es\\\/\"},{\"@type\":\"ListItem\",\"position\":2,\"name\":\"Conferencia en Hannover: Magnificada y santificada, la m\u00fasica de las oraciones jud\u00edas\"}]},{\"@type\":\"WebSite\",\"@id\":\"https:\\\/\\\/www.iemj.org\\\/es\\\/#website\",\"url\":\"https:\\\/\\\/www.iemj.org\\\/es\\\/\",\"name\":\"Institut Europ\u00e9en des Musiques Juives\",\"description\":\"Des traditions musicales \u00e0 la port\u00e9e de tous\",\"publisher\":{\"@id\":\"https:\\\/\\\/www.iemj.org\\\/es\\\/#organization\"},\"potentialAction\":[{\"@type\":\"SearchAction\",\"target\":{\"@type\":\"EntryPoint\",\"urlTemplate\":\"https:\\\/\\\/www.iemj.org\\\/es\\\/?s={search_term_string}\"},\"query-input\":{\"@type\":\"PropertyValueSpecification\",\"valueRequired\":true,\"valueName\":\"search_term_string\"}}],\"inLanguage\":\"es\"},{\"@type\":\"Organization\",\"@id\":\"https:\\\/\\\/www.iemj.org\\\/es\\\/#organization\",\"name\":\"Institut Europ\u00e9en des Musiques Juives\",\"url\":\"https:\\\/\\\/www.iemj.org\\\/es\\\/\",\"logo\":{\"@type\":\"ImageObject\",\"inLanguage\":\"es\",\"@id\":\"https:\\\/\\\/www.iemj.org\\\/es\\\/#\\\/schema\\\/logo\\\/image\\\/\",\"url\":\"https:\\\/\\\/www.iemj.org\\\/wp-content\\\/uploads\\\/2021\\\/09\\\/Logo-IEMJ-Paypal.jpg\",\"contentUrl\":\"https:\\\/\\\/www.iemj.org\\\/wp-content\\\/uploads\\\/2021\\\/09\\\/Logo-IEMJ-Paypal.jpg\",\"width\":150,\"height\":50,\"caption\":\"Institut Europ\u00e9en des Musiques Juives\"},\"image\":{\"@id\":\"https:\\\/\\\/www.iemj.org\\\/es\\\/#\\\/schema\\\/logo\\\/image\\\/\"},\"sameAs\":[\"https:\\\/\\\/www.facebook.com\\\/MusiquesJuives\\\/\",\"https:\\\/\\\/www.instagram.com\\\/musiquesjuives\\\/\",\"https:\\\/\\\/www.youtube.com\\\/user\\\/musiquesjuives\"]},{\"@type\":\"Person\",\"@id\":\"https:\\\/\\\/www.iemj.org\\\/es\\\/#\\\/schema\\\/person\\\/358e26c18aca017fcc4cc15437f7279c\",\"name\":\"Jacqueline ROTEN\",\"image\":{\"@type\":\"ImageObject\",\"inLanguage\":\"es\",\"@id\":\"https:\\\/\\\/secure.gravatar.com\\\/avatar\\\/5964256d6c6957de3a3505278957e0fb2a35119ac47ea41827a65301213c810b?s=96&d=mm&r=g\",\"url\":\"https:\\\/\\\/secure.gravatar.com\\\/avatar\\\/5964256d6c6957de3a3505278957e0fb2a35119ac47ea41827a65301213c810b?s=96&d=mm&r=g\",\"contentUrl\":\"https:\\\/\\\/secure.gravatar.com\\\/avatar\\\/5964256d6c6957de3a3505278957e0fb2a35119ac47ea41827a65301213c810b?s=96&d=mm&r=g\",\"caption\":\"Jacqueline ROTEN\"}}]}<\/script>\n<!-- \/ Yoast SEO plugin. -->","yoast_head_json":{"title":"Conferencia en Hannover: Magnificada y santificada, la m\u00fasica de las oraciones jud\u00edas - Institut Europ\u00e9en des Musiques Juives","robots":{"index":"noindex","follow":"follow"},"og_locale":"es_ES","og_type":"article","og_title":"Conferencia en Hannover: Magnificada y santificada, la m\u00fasica de las oraciones jud\u00edas - Institut Europ\u00e9en des Musiques Juives","og_description":"Esta nueva edici\u00f3n sigue al \u00e9xito del anterior simposio dedicado a la m\u00fasica de las oraciones jud\u00edas, que tuvo lugar en la Universidad de Leeds (Inglaterra) en 2015. Este simposio","og_url":"https:\/\/www.iemj.org\/es\/colloque-a-hanovre-magnifiee-et-sanctifiee-la-musique-des-prieres-juives-ii\/","og_site_name":"Institut Europ\u00e9en des Musiques Juives","article_publisher":"https:\/\/www.facebook.com\/MusiquesJuives\/","article_published_time":"2019-06-25T08:58:26+00:00","article_modified_time":"2023-06-05T12:38:15+00:00","og_image":[{"width":327,"height":521,"url":"https:\/\/www.iemj.org\/wp-content\/uploads\/2019\/06\/arton4233.png","type":"image\/png"}],"author":"Jacqueline ROTEN","twitter_card":"summary_large_image","twitter_misc":{"Escrito por":"Jacqueline ROTEN","Tiempo de lectura":"1 minuto"},"schema":{"@context":"https:\/\/schema.org","@graph":[{"@type":"Article","@id":"https:\/\/www.iemj.org\/es\/colloque-a-hanovre-magnifiee-et-sanctifiee-la-musique-des-prieres-juives-ii\/#article","isPartOf":{"@id":"https:\/\/www.iemj.org\/es\/colloque-a-hanovre-magnifiee-et-sanctifiee-la-musique-des-prieres-juives-ii\/"},"author":{"name":"Jacqueline ROTEN","@id":"https:\/\/www.iemj.org\/es\/#\/schema\/person\/358e26c18aca017fcc4cc15437f7279c"},"headline":"Conferencia en Hannover: Magnificada y santificada, la m\u00fasica de las oraciones jud\u00edas","datePublished":"2019-06-25T08:58:26+00:00","dateModified":"2023-06-05T12:38:15+00:00","mainEntityOfPage":{"@id":"https:\/\/www.iemj.org\/es\/colloque-a-hanovre-magnifiee-et-sanctifiee-la-musique-des-prieres-juives-ii\/"},"wordCount":175,"commentCount":0,"publisher":{"@id":"https:\/\/www.iemj.org\/es\/#organization"},"image":{"@id":"https:\/\/www.iemj.org\/es\/colloque-a-hanovre-magnifiee-et-sanctifiee-la-musique-des-prieres-juives-ii\/#primaryimage"},"thumbnailUrl":"https:\/\/www.iemj.org\/wp-content\/uploads\/2019\/06\/arton4233.png","keywords":["Eventos asociados"],"articleSection":["Coloquio","Manifestaciones"],"inLanguage":"es","potentialAction":[{"@type":"CommentAction","name":"Comment","target":["https:\/\/www.iemj.org\/es\/colloque-a-hanovre-magnifiee-et-sanctifiee-la-musique-des-prieres-juives-ii\/#respond"]}]},{"@type":"WebPage","@id":"https:\/\/www.iemj.org\/es\/colloque-a-hanovre-magnifiee-et-sanctifiee-la-musique-des-prieres-juives-ii\/","url":"https:\/\/www.iemj.org\/es\/colloque-a-hanovre-magnifiee-et-sanctifiee-la-musique-des-prieres-juives-ii\/","name":"Conferencia en Hannover: Magnificada y santificada, la m\u00fasica de las oraciones jud\u00edas - Institut Europ\u00e9en des Musiques Juives","isPartOf":{"@id":"https:\/\/www.iemj.org\/es\/#website"},"primaryImageOfPage":{"@id":"https:\/\/www.iemj.org\/es\/colloque-a-hanovre-magnifiee-et-sanctifiee-la-musique-des-prieres-juives-ii\/#primaryimage"},"image":{"@id":"https:\/\/www.iemj.org\/es\/colloque-a-hanovre-magnifiee-et-sanctifiee-la-musique-des-prieres-juives-ii\/#primaryimage"},"thumbnailUrl":"https:\/\/www.iemj.org\/wp-content\/uploads\/2019\/06\/arton4233.png","datePublished":"2019-06-25T08:58:26+00:00","dateModified":"2023-06-05T12:38:15+00:00","breadcrumb":{"@id":"https:\/\/www.iemj.org\/es\/colloque-a-hanovre-magnifiee-et-sanctifiee-la-musique-des-prieres-juives-ii\/#breadcrumb"},"inLanguage":"es","potentialAction":[{"@type":"ReadAction","target":["https:\/\/www.iemj.org\/es\/colloque-a-hanovre-magnifiee-et-sanctifiee-la-musique-des-prieres-juives-ii\/"]}]},{"@type":"ImageObject","inLanguage":"es","@id":"https:\/\/www.iemj.org\/es\/colloque-a-hanovre-magnifiee-et-sanctifiee-la-musique-des-prieres-juives-ii\/#primaryimage","url":"https:\/\/www.iemj.org\/wp-content\/uploads\/2019\/06\/arton4233.png","contentUrl":"https:\/\/www.iemj.org\/wp-content\/uploads\/2019\/06\/arton4233.png","width":327,"height":521},{"@type":"BreadcrumbList","@id":"https:\/\/www.iemj.org\/es\/colloque-a-hanovre-magnifiee-et-sanctifiee-la-musique-des-prieres-juives-ii\/#breadcrumb","itemListElement":[{"@type":"ListItem","position":1,"name":"Accueil","item":"https:\/\/www.iemj.org\/es\/"},{"@type":"ListItem","position":2,"name":"Conferencia en Hannover: Magnificada y santificada, la m\u00fasica de las oraciones jud\u00edas"}]},{"@type":"WebSite","@id":"https:\/\/www.iemj.org\/es\/#website","url":"https:\/\/www.iemj.org\/es\/","name":"Institut Europ\u00e9en des Musiques Juives","description":"Des traditions musicales \u00e0 la port\u00e9e de tous","publisher":{"@id":"https:\/\/www.iemj.org\/es\/#organization"},"potentialAction":[{"@type":"SearchAction","target":{"@type":"EntryPoint","urlTemplate":"https:\/\/www.iemj.org\/es\/?s={search_term_string}"},"query-input":{"@type":"PropertyValueSpecification","valueRequired":true,"valueName":"search_term_string"}}],"inLanguage":"es"},{"@type":"Organization","@id":"https:\/\/www.iemj.org\/es\/#organization","name":"Institut Europ\u00e9en des Musiques Juives","url":"https:\/\/www.iemj.org\/es\/","logo":{"@type":"ImageObject","inLanguage":"es","@id":"https:\/\/www.iemj.org\/es\/#\/schema\/logo\/image\/","url":"https:\/\/www.iemj.org\/wp-content\/uploads\/2021\/09\/Logo-IEMJ-Paypal.jpg","contentUrl":"https:\/\/www.iemj.org\/wp-content\/uploads\/2021\/09\/Logo-IEMJ-Paypal.jpg","width":150,"height":50,"caption":"Institut Europ\u00e9en des Musiques Juives"},"image":{"@id":"https:\/\/www.iemj.org\/es\/#\/schema\/logo\/image\/"},"sameAs":["https:\/\/www.facebook.com\/MusiquesJuives\/","https:\/\/www.instagram.com\/musiquesjuives\/","https:\/\/www.youtube.com\/user\/musiquesjuives"]},{"@type":"Person","@id":"https:\/\/www.iemj.org\/es\/#\/schema\/person\/358e26c18aca017fcc4cc15437f7279c","name":"Jacqueline ROTEN","image":{"@type":"ImageObject","inLanguage":"es","@id":"https:\/\/secure.gravatar.com\/avatar\/5964256d6c6957de3a3505278957e0fb2a35119ac47ea41827a65301213c810b?s=96&d=mm&r=g","url":"https:\/\/secure.gravatar.com\/avatar\/5964256d6c6957de3a3505278957e0fb2a35119ac47ea41827a65301213c810b?s=96&d=mm&r=g","contentUrl":"https:\/\/secure.gravatar.com\/avatar\/5964256d6c6957de3a3505278957e0fb2a35119ac47ea41827a65301213c810b?s=96&d=mm&r=g","caption":"Jacqueline ROTEN"}}]}},"_links":{"self":[{"href":"https:\/\/www.iemj.org\/es\/wp-json\/wp\/v2\/posts\/97761","targetHints":{"allow":["GET"]}}],"collection":[{"href":"https:\/\/www.iemj.org\/es\/wp-json\/wp\/v2\/posts"}],"about":[{"href":"https:\/\/www.iemj.org\/es\/wp-json\/wp\/v2\/types\/post"}],"author":[{"embeddable":true,"href":"https:\/\/www.iemj.org\/es\/wp-json\/wp\/v2\/users\/5"}],"replies":[{"embeddable":true,"href":"https:\/\/www.iemj.org\/es\/wp-json\/wp\/v2\/comments?post=97761"}],"version-history":[{"count":0,"href":"https:\/\/www.iemj.org\/es\/wp-json\/wp\/v2\/posts\/97761\/revisions"}],"wp:featuredmedia":[{"embeddable":true,"href":"https:\/\/www.iemj.org\/es\/wp-json\/wp\/v2\/media\/97762"}],"wp:attachment":[{"href":"https:\/\/www.iemj.org\/es\/wp-json\/wp\/v2\/media?parent=97761"}],"wp:term":[{"taxonomy":"category","embeddable":true,"href":"https:\/\/www.iemj.org\/es\/wp-json\/wp\/v2\/categories?post=97761"},{"taxonomy":"post_tag","embeddable":true,"href":"https:\/\/www.iemj.org\/es\/wp-json\/wp\/v2\/tags?post=97761"},{"taxonomy":"technique","embeddable":true,"href":"https:\/\/www.iemj.org\/es\/wp-json\/wp\/v2\/technique?post=97761"},{"taxonomy":"squelettes","embeddable":true,"href":"https:\/\/www.iemj.org\/es\/wp-json\/wp\/v2\/squelettes?post=97761"},{"taxonomy":"sujet","embeddable":true,"href":"https:\/\/www.iemj.org\/es\/wp-json\/wp\/v2\/sujet?post=97761"},{"taxonomy":"formation","embeddable":true,"href":"https:\/\/www.iemj.org\/es\/wp-json\/wp\/v2\/formation?post=97761"},{"taxonomy":"genre","embeddable":true,"href":"https:\/\/www.iemj.org\/es\/wp-json\/wp\/v2\/genre?post=97761"},{"taxonomy":"fonds","embeddable":true,"href":"https:\/\/www.iemj.org\/es\/wp-json\/wp\/v2\/fonds?post=97761"},{"taxonomy":"tradition","embeddable":true,"href":"https:\/\/www.iemj.org\/es\/wp-json\/wp\/v2\/tradition?post=97761"},{"taxonomy":"type-de-contenu","embeddable":true,"href":"https:\/\/www.iemj.org\/es\/wp-json\/wp\/v2\/type-de-contenu?post=97761"},{"taxonomy":"interprete-compositeur","embeddable":true,"href":"https:\/\/www.iemj.org\/es\/wp-json\/wp\/v2\/interprete-compositeur?post=97761"},{"taxonomy":"frise","embeddable":true,"href":"https:\/\/www.iemj.org\/es\/wp-json\/wp\/v2\/frise?post=97761"},{"taxonomy":"type-devenement","embeddable":true,"href":"https:\/\/www.iemj.org\/es\/wp-json\/wp\/v2\/type-devenement?post=97761"},{"taxonomy":"tableaux-liens-externes","embeddable":true,"href":"https:\/\/www.iemj.org\/es\/wp-json\/wp\/v2\/tableaux-liens-externes?post=97761"}],"curies":[{"name":"wp","href":"https:\/\/api.w.org\/{rel}","templated":true}]}}