{"id":97790,"date":"2019-06-25T10:03:19","date_gmt":"2019-06-25T08:03:19","guid":{"rendered":"https:\/\/www.iemj.org\/colloque-musica-judaica-musique-juive-entre-tradition-orale-et-tradition-ecrite\/"},"modified":"2023-06-05T15:16:10","modified_gmt":"2023-06-05T13:16:10","slug":"colloque-musica-judaica-musique-juive-entre-tradition-orale-et-tradition-ecrite","status":"publish","type":"post","link":"https:\/\/www.iemj.org\/es\/colloque-musica-judaica-musique-juive-entre-tradition-orale-et-tradition-ecrite\/","title":{"rendered":"Colloque Musica Judaica: la m\u00fasica jud\u00eda entre la tradici\u00f3n oral y la escrita"},"content":{"rendered":"<p>Musica Judaica re\u00fane a investigadores, especialistas, int\u00e9rpretes y cantantes en un congreso dedicado a la relaci\u00f3n (interdependencia, interferencia, etc.) que las tradiciones orales y escritas jud\u00edas han mantenido con las culturas europeas, desde la Edad Media hasta la Shoah.<\/p>\n<p>Las sucesivas ponencias explorar\u00e1n cuestiones como la \u00abautenticidad\u00bb, la divisi\u00f3n artificial entre lo sagrado y lo profano, y la contribuci\u00f3n de la m\u00fasica como fuente para escribir la historia jud\u00eda.<\/p>\n<p>El simposio est\u00e1 organizado por Marton Ribary (Universidad de Manchester) y Diana Matut (Halle-Wittenberg \/ Heidelberg) e incluir\u00e1 dos mesas redondas y cuatro conferencias, la principal a cargo de Mark Kligman (UCLA), seguidas de un concierto con Alexander Knapp (SOAS) al piano, el rabino cantor Gershon Silins y el coro Joyful Company of Singers dirigido por Peter Broadbent.<\/p>\n<p><strong>Herv\u00e9 Roten, Director del Instituto Europeo de M\u00fasica Jud\u00eda, intervendr\u00e1 en dos ocasiones:<\/strong><\/p>\n<ul>\n<li>Domingo 14 de julio a las 14:30 h: mesa redonda junto a Diana Matut (Halle-Wittenberg\/Heidelberg), Martha Stellmacher (Centro Europeo de M\u00fasica Jud\u00eda, Hannover) y Mark Kligman (Universidad de California, Los \u00c1ngeles) sobre: \u00ab<strong>El futuro de las colecciones de m\u00fasica jud\u00eda<\/strong>\u00ab.<\/li>\n<li>Lunes 15 de julio a las 10.30 h: conferencia \u00abLa influencia de la m\u00fasica escrita occidental en las tradiciones judeo-portuguesas de Francia en el siglo XIX\u00bb (\u00ab<strong>L&#8217;influence de la musique occidentale \u00e9crite sur les traditions jud\u00e9o-portugaises de France au 19\u00e8me si\u00e8cle<\/strong>\u00ab)<\/li>\n<\/ul>\n<p><a href=\"https:\/\/www.iemj.org\/wp-content\/uploads\/2019\/06\/Musica-Judaica-Brochure-v7.pdf\">Programa Coloquio M\u00fasica Judaica Oxford 07-2019<\/a><\/p>\n<p><strong>Reservas:<\/strong><br \/>\nTel: +44 (0)1865 610422<br \/>\nenquiries@ochjs.ac.uk<\/p>\n","protected":false},"excerpt":{"rendered":"<p>Musica Judaica re\u00fane a investigadores, especialistas, int\u00e9rpretes y cantantes en un congreso dedicado a la relaci\u00f3n (interdependencia, interferencia, etc.) que las tradiciones orales y escritas jud\u00edas han mantenido con las<\/p>\n","protected":false},"author":5,"featured_media":97791,"comment_status":"open","ping_status":"open","sticky":false,"template":"","format":"standard","meta":{"_acf_changed":false,"footnotes":""},"categories":[1376,1372],"tags":[3422],"technique":[],"squelettes":[],"sujet":[],"formation":[],"genre":[],"fonds":[],"tradition":[],"type-de-contenu":[],"interprete-compositeur":[],"frise":[],"type-devenement":[],"tableaux-liens-externes":[],"class_list":["post-97790","post","type-post","status-publish","format-standard","has-post-thumbnail","hentry","category-coloquio-es","category-manifestaciones-es","tag-eventos-asociados-es"],"acf":[],"yoast_head":"<!-- This site is optimized with the Yoast SEO plugin v27.3 - https:\/\/yoast.com\/product\/yoast-seo-wordpress\/ -->\n<title>Colloque Musica Judaica: la m\u00fasica jud\u00eda entre la tradici\u00f3n oral y la escrita - Institut Europ\u00e9en des Musiques Juives<\/title>\n<meta name=\"robots\" content=\"noindex, follow\" \/>\n<meta property=\"og:locale\" content=\"es_ES\" \/>\n<meta property=\"og:type\" content=\"article\" \/>\n<meta property=\"og:title\" content=\"Colloque Musica Judaica: la m\u00fasica jud\u00eda entre la tradici\u00f3n oral y la escrita - Institut Europ\u00e9en des Musiques Juives\" \/>\n<meta property=\"og:description\" content=\"Musica Judaica re\u00fane a investigadores, especialistas, int\u00e9rpretes y cantantes en un congreso dedicado a la relaci\u00f3n (interdependencia, interferencia, etc.) que las tradiciones orales y escritas jud\u00edas han mantenido con las\" \/>\n<meta property=\"og:url\" content=\"https:\/\/www.iemj.org\/es\/colloque-musica-judaica-musique-juive-entre-tradition-orale-et-tradition-ecrite\/\" \/>\n<meta property=\"og:site_name\" content=\"Institut Europ\u00e9en des Musiques Juives\" \/>\n<meta property=\"article:publisher\" content=\"https:\/\/www.facebook.com\/MusiquesJuives\/\" \/>\n<meta property=\"article:published_time\" content=\"2019-06-25T08:03:19+00:00\" \/>\n<meta property=\"article:modified_time\" content=\"2023-06-05T13:16:10+00:00\" \/>\n<meta property=\"og:image\" content=\"https:\/\/www.iemj.org\/wp-content\/uploads\/2019\/06\/arton4230.jpg\" \/>\n\t<meta property=\"og:image:width\" content=\"301\" \/>\n\t<meta property=\"og:image:height\" content=\"448\" \/>\n\t<meta property=\"og:image:type\" content=\"image\/jpeg\" \/>\n<meta name=\"author\" content=\"Jacqueline ROTEN\" \/>\n<meta name=\"twitter:card\" content=\"summary_large_image\" \/>\n<meta name=\"twitter:label1\" content=\"Escrito por\" \/>\n\t<meta name=\"twitter:data1\" content=\"Jacqueline ROTEN\" \/>\n\t<meta name=\"twitter:label2\" content=\"Tiempo de lectura\" \/>\n\t<meta name=\"twitter:data2\" content=\"2 minutos\" \/>\n<script type=\"application\/ld+json\" class=\"yoast-schema-graph\">{\"@context\":\"https:\\\/\\\/schema.org\",\"@graph\":[{\"@type\":\"Article\",\"@id\":\"https:\\\/\\\/www.iemj.org\\\/es\\\/colloque-musica-judaica-musique-juive-entre-tradition-orale-et-tradition-ecrite\\\/#article\",\"isPartOf\":{\"@id\":\"https:\\\/\\\/www.iemj.org\\\/es\\\/colloque-musica-judaica-musique-juive-entre-tradition-orale-et-tradition-ecrite\\\/\"},\"author\":{\"name\":\"Jacqueline ROTEN\",\"@id\":\"https:\\\/\\\/www.iemj.org\\\/es\\\/#\\\/schema\\\/person\\\/358e26c18aca017fcc4cc15437f7279c\"},\"headline\":\"Colloque Musica Judaica: la m\u00fasica jud\u00eda entre la tradici\u00f3n oral y la escrita\",\"datePublished\":\"2019-06-25T08:03:19+00:00\",\"dateModified\":\"2023-06-05T13:16:10+00:00\",\"mainEntityOfPage\":{\"@id\":\"https:\\\/\\\/www.iemj.org\\\/es\\\/colloque-musica-judaica-musique-juive-entre-tradition-orale-et-tradition-ecrite\\\/\"},\"wordCount\":265,\"commentCount\":0,\"publisher\":{\"@id\":\"https:\\\/\\\/www.iemj.org\\\/es\\\/#organization\"},\"image\":{\"@id\":\"https:\\\/\\\/www.iemj.org\\\/es\\\/colloque-musica-judaica-musique-juive-entre-tradition-orale-et-tradition-ecrite\\\/#primaryimage\"},\"thumbnailUrl\":\"https:\\\/\\\/www.iemj.org\\\/wp-content\\\/uploads\\\/2019\\\/06\\\/arton4230.jpg\",\"keywords\":[\"Eventos asociados\"],\"articleSection\":[\"Coloquio\",\"Manifestaciones\"],\"inLanguage\":\"es\",\"potentialAction\":[{\"@type\":\"CommentAction\",\"name\":\"Comment\",\"target\":[\"https:\\\/\\\/www.iemj.org\\\/es\\\/colloque-musica-judaica-musique-juive-entre-tradition-orale-et-tradition-ecrite\\\/#respond\"]}]},{\"@type\":\"WebPage\",\"@id\":\"https:\\\/\\\/www.iemj.org\\\/es\\\/colloque-musica-judaica-musique-juive-entre-tradition-orale-et-tradition-ecrite\\\/\",\"url\":\"https:\\\/\\\/www.iemj.org\\\/es\\\/colloque-musica-judaica-musique-juive-entre-tradition-orale-et-tradition-ecrite\\\/\",\"name\":\"Colloque Musica Judaica: la m\u00fasica jud\u00eda entre la tradici\u00f3n oral y la escrita - Institut Europ\u00e9en des Musiques Juives\",\"isPartOf\":{\"@id\":\"https:\\\/\\\/www.iemj.org\\\/es\\\/#website\"},\"primaryImageOfPage\":{\"@id\":\"https:\\\/\\\/www.iemj.org\\\/es\\\/colloque-musica-judaica-musique-juive-entre-tradition-orale-et-tradition-ecrite\\\/#primaryimage\"},\"image\":{\"@id\":\"https:\\\/\\\/www.iemj.org\\\/es\\\/colloque-musica-judaica-musique-juive-entre-tradition-orale-et-tradition-ecrite\\\/#primaryimage\"},\"thumbnailUrl\":\"https:\\\/\\\/www.iemj.org\\\/wp-content\\\/uploads\\\/2019\\\/06\\\/arton4230.jpg\",\"datePublished\":\"2019-06-25T08:03:19+00:00\",\"dateModified\":\"2023-06-05T13:16:10+00:00\",\"breadcrumb\":{\"@id\":\"https:\\\/\\\/www.iemj.org\\\/es\\\/colloque-musica-judaica-musique-juive-entre-tradition-orale-et-tradition-ecrite\\\/#breadcrumb\"},\"inLanguage\":\"es\",\"potentialAction\":[{\"@type\":\"ReadAction\",\"target\":[\"https:\\\/\\\/www.iemj.org\\\/es\\\/colloque-musica-judaica-musique-juive-entre-tradition-orale-et-tradition-ecrite\\\/\"]}]},{\"@type\":\"ImageObject\",\"inLanguage\":\"es\",\"@id\":\"https:\\\/\\\/www.iemj.org\\\/es\\\/colloque-musica-judaica-musique-juive-entre-tradition-orale-et-tradition-ecrite\\\/#primaryimage\",\"url\":\"https:\\\/\\\/www.iemj.org\\\/wp-content\\\/uploads\\\/2019\\\/06\\\/arton4230.jpg\",\"contentUrl\":\"https:\\\/\\\/www.iemj.org\\\/wp-content\\\/uploads\\\/2019\\\/06\\\/arton4230.jpg\",\"width\":301,\"height\":448},{\"@type\":\"BreadcrumbList\",\"@id\":\"https:\\\/\\\/www.iemj.org\\\/es\\\/colloque-musica-judaica-musique-juive-entre-tradition-orale-et-tradition-ecrite\\\/#breadcrumb\",\"itemListElement\":[{\"@type\":\"ListItem\",\"position\":1,\"name\":\"Accueil\",\"item\":\"https:\\\/\\\/www.iemj.org\\\/es\\\/\"},{\"@type\":\"ListItem\",\"position\":2,\"name\":\"Colloque Musica Judaica: la m\u00fasica jud\u00eda entre la tradici\u00f3n oral y la escrita\"}]},{\"@type\":\"WebSite\",\"@id\":\"https:\\\/\\\/www.iemj.org\\\/es\\\/#website\",\"url\":\"https:\\\/\\\/www.iemj.org\\\/es\\\/\",\"name\":\"Institut Europ\u00e9en des Musiques Juives\",\"description\":\"Des traditions musicales \u00e0 la port\u00e9e de tous\",\"publisher\":{\"@id\":\"https:\\\/\\\/www.iemj.org\\\/es\\\/#organization\"},\"potentialAction\":[{\"@type\":\"SearchAction\",\"target\":{\"@type\":\"EntryPoint\",\"urlTemplate\":\"https:\\\/\\\/www.iemj.org\\\/es\\\/?s={search_term_string}\"},\"query-input\":{\"@type\":\"PropertyValueSpecification\",\"valueRequired\":true,\"valueName\":\"search_term_string\"}}],\"inLanguage\":\"es\"},{\"@type\":\"Organization\",\"@id\":\"https:\\\/\\\/www.iemj.org\\\/es\\\/#organization\",\"name\":\"Institut Europ\u00e9en des Musiques Juives\",\"url\":\"https:\\\/\\\/www.iemj.org\\\/es\\\/\",\"logo\":{\"@type\":\"ImageObject\",\"inLanguage\":\"es\",\"@id\":\"https:\\\/\\\/www.iemj.org\\\/es\\\/#\\\/schema\\\/logo\\\/image\\\/\",\"url\":\"https:\\\/\\\/www.iemj.org\\\/wp-content\\\/uploads\\\/2021\\\/09\\\/Logo-IEMJ-Paypal.jpg\",\"contentUrl\":\"https:\\\/\\\/www.iemj.org\\\/wp-content\\\/uploads\\\/2021\\\/09\\\/Logo-IEMJ-Paypal.jpg\",\"width\":150,\"height\":50,\"caption\":\"Institut Europ\u00e9en des Musiques Juives\"},\"image\":{\"@id\":\"https:\\\/\\\/www.iemj.org\\\/es\\\/#\\\/schema\\\/logo\\\/image\\\/\"},\"sameAs\":[\"https:\\\/\\\/www.facebook.com\\\/MusiquesJuives\\\/\",\"https:\\\/\\\/www.instagram.com\\\/musiquesjuives\\\/\",\"https:\\\/\\\/www.youtube.com\\\/user\\\/musiquesjuives\"]},{\"@type\":\"Person\",\"@id\":\"https:\\\/\\\/www.iemj.org\\\/es\\\/#\\\/schema\\\/person\\\/358e26c18aca017fcc4cc15437f7279c\",\"name\":\"Jacqueline ROTEN\",\"image\":{\"@type\":\"ImageObject\",\"inLanguage\":\"es\",\"@id\":\"https:\\\/\\\/secure.gravatar.com\\\/avatar\\\/5964256d6c6957de3a3505278957e0fb2a35119ac47ea41827a65301213c810b?s=96&d=mm&r=g\",\"url\":\"https:\\\/\\\/secure.gravatar.com\\\/avatar\\\/5964256d6c6957de3a3505278957e0fb2a35119ac47ea41827a65301213c810b?s=96&d=mm&r=g\",\"contentUrl\":\"https:\\\/\\\/secure.gravatar.com\\\/avatar\\\/5964256d6c6957de3a3505278957e0fb2a35119ac47ea41827a65301213c810b?s=96&d=mm&r=g\",\"caption\":\"Jacqueline ROTEN\"}}]}<\/script>\n<!-- \/ Yoast SEO plugin. -->","yoast_head_json":{"title":"Colloque Musica Judaica: la m\u00fasica jud\u00eda entre la tradici\u00f3n oral y la escrita - Institut Europ\u00e9en des Musiques Juives","robots":{"index":"noindex","follow":"follow"},"og_locale":"es_ES","og_type":"article","og_title":"Colloque Musica Judaica: la m\u00fasica jud\u00eda entre la tradici\u00f3n oral y la escrita - Institut Europ\u00e9en des Musiques Juives","og_description":"Musica Judaica re\u00fane a investigadores, especialistas, int\u00e9rpretes y cantantes en un congreso dedicado a la relaci\u00f3n (interdependencia, interferencia, etc.) que las tradiciones orales y escritas jud\u00edas han mantenido con las","og_url":"https:\/\/www.iemj.org\/es\/colloque-musica-judaica-musique-juive-entre-tradition-orale-et-tradition-ecrite\/","og_site_name":"Institut Europ\u00e9en des Musiques Juives","article_publisher":"https:\/\/www.facebook.com\/MusiquesJuives\/","article_published_time":"2019-06-25T08:03:19+00:00","article_modified_time":"2023-06-05T13:16:10+00:00","og_image":[{"width":301,"height":448,"url":"https:\/\/www.iemj.org\/wp-content\/uploads\/2019\/06\/arton4230.jpg","type":"image\/jpeg"}],"author":"Jacqueline ROTEN","twitter_card":"summary_large_image","twitter_misc":{"Escrito por":"Jacqueline ROTEN","Tiempo de lectura":"2 minutos"},"schema":{"@context":"https:\/\/schema.org","@graph":[{"@type":"Article","@id":"https:\/\/www.iemj.org\/es\/colloque-musica-judaica-musique-juive-entre-tradition-orale-et-tradition-ecrite\/#article","isPartOf":{"@id":"https:\/\/www.iemj.org\/es\/colloque-musica-judaica-musique-juive-entre-tradition-orale-et-tradition-ecrite\/"},"author":{"name":"Jacqueline ROTEN","@id":"https:\/\/www.iemj.org\/es\/#\/schema\/person\/358e26c18aca017fcc4cc15437f7279c"},"headline":"Colloque Musica Judaica: la m\u00fasica jud\u00eda entre la tradici\u00f3n oral y la escrita","datePublished":"2019-06-25T08:03:19+00:00","dateModified":"2023-06-05T13:16:10+00:00","mainEntityOfPage":{"@id":"https:\/\/www.iemj.org\/es\/colloque-musica-judaica-musique-juive-entre-tradition-orale-et-tradition-ecrite\/"},"wordCount":265,"commentCount":0,"publisher":{"@id":"https:\/\/www.iemj.org\/es\/#organization"},"image":{"@id":"https:\/\/www.iemj.org\/es\/colloque-musica-judaica-musique-juive-entre-tradition-orale-et-tradition-ecrite\/#primaryimage"},"thumbnailUrl":"https:\/\/www.iemj.org\/wp-content\/uploads\/2019\/06\/arton4230.jpg","keywords":["Eventos asociados"],"articleSection":["Coloquio","Manifestaciones"],"inLanguage":"es","potentialAction":[{"@type":"CommentAction","name":"Comment","target":["https:\/\/www.iemj.org\/es\/colloque-musica-judaica-musique-juive-entre-tradition-orale-et-tradition-ecrite\/#respond"]}]},{"@type":"WebPage","@id":"https:\/\/www.iemj.org\/es\/colloque-musica-judaica-musique-juive-entre-tradition-orale-et-tradition-ecrite\/","url":"https:\/\/www.iemj.org\/es\/colloque-musica-judaica-musique-juive-entre-tradition-orale-et-tradition-ecrite\/","name":"Colloque Musica Judaica: la m\u00fasica jud\u00eda entre la tradici\u00f3n oral y la escrita - Institut Europ\u00e9en des Musiques Juives","isPartOf":{"@id":"https:\/\/www.iemj.org\/es\/#website"},"primaryImageOfPage":{"@id":"https:\/\/www.iemj.org\/es\/colloque-musica-judaica-musique-juive-entre-tradition-orale-et-tradition-ecrite\/#primaryimage"},"image":{"@id":"https:\/\/www.iemj.org\/es\/colloque-musica-judaica-musique-juive-entre-tradition-orale-et-tradition-ecrite\/#primaryimage"},"thumbnailUrl":"https:\/\/www.iemj.org\/wp-content\/uploads\/2019\/06\/arton4230.jpg","datePublished":"2019-06-25T08:03:19+00:00","dateModified":"2023-06-05T13:16:10+00:00","breadcrumb":{"@id":"https:\/\/www.iemj.org\/es\/colloque-musica-judaica-musique-juive-entre-tradition-orale-et-tradition-ecrite\/#breadcrumb"},"inLanguage":"es","potentialAction":[{"@type":"ReadAction","target":["https:\/\/www.iemj.org\/es\/colloque-musica-judaica-musique-juive-entre-tradition-orale-et-tradition-ecrite\/"]}]},{"@type":"ImageObject","inLanguage":"es","@id":"https:\/\/www.iemj.org\/es\/colloque-musica-judaica-musique-juive-entre-tradition-orale-et-tradition-ecrite\/#primaryimage","url":"https:\/\/www.iemj.org\/wp-content\/uploads\/2019\/06\/arton4230.jpg","contentUrl":"https:\/\/www.iemj.org\/wp-content\/uploads\/2019\/06\/arton4230.jpg","width":301,"height":448},{"@type":"BreadcrumbList","@id":"https:\/\/www.iemj.org\/es\/colloque-musica-judaica-musique-juive-entre-tradition-orale-et-tradition-ecrite\/#breadcrumb","itemListElement":[{"@type":"ListItem","position":1,"name":"Accueil","item":"https:\/\/www.iemj.org\/es\/"},{"@type":"ListItem","position":2,"name":"Colloque Musica Judaica: la m\u00fasica jud\u00eda entre la tradici\u00f3n oral y la escrita"}]},{"@type":"WebSite","@id":"https:\/\/www.iemj.org\/es\/#website","url":"https:\/\/www.iemj.org\/es\/","name":"Institut Europ\u00e9en des Musiques Juives","description":"Des traditions musicales \u00e0 la port\u00e9e de tous","publisher":{"@id":"https:\/\/www.iemj.org\/es\/#organization"},"potentialAction":[{"@type":"SearchAction","target":{"@type":"EntryPoint","urlTemplate":"https:\/\/www.iemj.org\/es\/?s={search_term_string}"},"query-input":{"@type":"PropertyValueSpecification","valueRequired":true,"valueName":"search_term_string"}}],"inLanguage":"es"},{"@type":"Organization","@id":"https:\/\/www.iemj.org\/es\/#organization","name":"Institut Europ\u00e9en des Musiques Juives","url":"https:\/\/www.iemj.org\/es\/","logo":{"@type":"ImageObject","inLanguage":"es","@id":"https:\/\/www.iemj.org\/es\/#\/schema\/logo\/image\/","url":"https:\/\/www.iemj.org\/wp-content\/uploads\/2021\/09\/Logo-IEMJ-Paypal.jpg","contentUrl":"https:\/\/www.iemj.org\/wp-content\/uploads\/2021\/09\/Logo-IEMJ-Paypal.jpg","width":150,"height":50,"caption":"Institut Europ\u00e9en des Musiques Juives"},"image":{"@id":"https:\/\/www.iemj.org\/es\/#\/schema\/logo\/image\/"},"sameAs":["https:\/\/www.facebook.com\/MusiquesJuives\/","https:\/\/www.instagram.com\/musiquesjuives\/","https:\/\/www.youtube.com\/user\/musiquesjuives"]},{"@type":"Person","@id":"https:\/\/www.iemj.org\/es\/#\/schema\/person\/358e26c18aca017fcc4cc15437f7279c","name":"Jacqueline ROTEN","image":{"@type":"ImageObject","inLanguage":"es","@id":"https:\/\/secure.gravatar.com\/avatar\/5964256d6c6957de3a3505278957e0fb2a35119ac47ea41827a65301213c810b?s=96&d=mm&r=g","url":"https:\/\/secure.gravatar.com\/avatar\/5964256d6c6957de3a3505278957e0fb2a35119ac47ea41827a65301213c810b?s=96&d=mm&r=g","contentUrl":"https:\/\/secure.gravatar.com\/avatar\/5964256d6c6957de3a3505278957e0fb2a35119ac47ea41827a65301213c810b?s=96&d=mm&r=g","caption":"Jacqueline ROTEN"}}]}},"_links":{"self":[{"href":"https:\/\/www.iemj.org\/es\/wp-json\/wp\/v2\/posts\/97790","targetHints":{"allow":["GET"]}}],"collection":[{"href":"https:\/\/www.iemj.org\/es\/wp-json\/wp\/v2\/posts"}],"about":[{"href":"https:\/\/www.iemj.org\/es\/wp-json\/wp\/v2\/types\/post"}],"author":[{"embeddable":true,"href":"https:\/\/www.iemj.org\/es\/wp-json\/wp\/v2\/users\/5"}],"replies":[{"embeddable":true,"href":"https:\/\/www.iemj.org\/es\/wp-json\/wp\/v2\/comments?post=97790"}],"version-history":[{"count":0,"href":"https:\/\/www.iemj.org\/es\/wp-json\/wp\/v2\/posts\/97790\/revisions"}],"wp:featuredmedia":[{"embeddable":true,"href":"https:\/\/www.iemj.org\/es\/wp-json\/wp\/v2\/media\/97791"}],"wp:attachment":[{"href":"https:\/\/www.iemj.org\/es\/wp-json\/wp\/v2\/media?parent=97790"}],"wp:term":[{"taxonomy":"category","embeddable":true,"href":"https:\/\/www.iemj.org\/es\/wp-json\/wp\/v2\/categories?post=97790"},{"taxonomy":"post_tag","embeddable":true,"href":"https:\/\/www.iemj.org\/es\/wp-json\/wp\/v2\/tags?post=97790"},{"taxonomy":"technique","embeddable":true,"href":"https:\/\/www.iemj.org\/es\/wp-json\/wp\/v2\/technique?post=97790"},{"taxonomy":"squelettes","embeddable":true,"href":"https:\/\/www.iemj.org\/es\/wp-json\/wp\/v2\/squelettes?post=97790"},{"taxonomy":"sujet","embeddable":true,"href":"https:\/\/www.iemj.org\/es\/wp-json\/wp\/v2\/sujet?post=97790"},{"taxonomy":"formation","embeddable":true,"href":"https:\/\/www.iemj.org\/es\/wp-json\/wp\/v2\/formation?post=97790"},{"taxonomy":"genre","embeddable":true,"href":"https:\/\/www.iemj.org\/es\/wp-json\/wp\/v2\/genre?post=97790"},{"taxonomy":"fonds","embeddable":true,"href":"https:\/\/www.iemj.org\/es\/wp-json\/wp\/v2\/fonds?post=97790"},{"taxonomy":"tradition","embeddable":true,"href":"https:\/\/www.iemj.org\/es\/wp-json\/wp\/v2\/tradition?post=97790"},{"taxonomy":"type-de-contenu","embeddable":true,"href":"https:\/\/www.iemj.org\/es\/wp-json\/wp\/v2\/type-de-contenu?post=97790"},{"taxonomy":"interprete-compositeur","embeddable":true,"href":"https:\/\/www.iemj.org\/es\/wp-json\/wp\/v2\/interprete-compositeur?post=97790"},{"taxonomy":"frise","embeddable":true,"href":"https:\/\/www.iemj.org\/es\/wp-json\/wp\/v2\/frise?post=97790"},{"taxonomy":"type-devenement","embeddable":true,"href":"https:\/\/www.iemj.org\/es\/wp-json\/wp\/v2\/type-devenement?post=97790"},{"taxonomy":"tableaux-liens-externes","embeddable":true,"href":"https:\/\/www.iemj.org\/es\/wp-json\/wp\/v2\/tableaux-liens-externes?post=97790"}],"curies":[{"name":"wp","href":"https:\/\/api.w.org\/{rel}","templated":true}]}}