{"id":97815,"date":"2019-05-14T15:09:56","date_gmt":"2019-05-14T13:09:56","guid":{"rendered":"https:\/\/www.iemj.org\/musique-et-cuisine-juives-des-mets-et-des-sons\/"},"modified":"2023-06-05T15:35:43","modified_gmt":"2023-06-05T13:35:43","slug":"musique-et-cuisine-juives-des-mets-et-des-sons","status":"publish","type":"post","link":"https:\/\/www.iemj.org\/es\/musique-et-cuisine-juives-des-mets-et-des-sons\/","title":{"rendered":"M\u00fasica y cocina jud\u00edas: comida y sonido"},"content":{"rendered":"<p><!--more--><\/p>\n<p><strong>Programa propuesto por el Institut Europ\u00e9en des Musiques Juives y el Cercle Bernard Lazare<\/strong><\/p>\n<p><strong>8:45 h: charla audiovisual de Herv\u00e9 Roten &#8211; M\u00fasica y cocina jud\u00edas: comida y sonido<\/strong><br \/>\nLa cocina jud\u00eda es una lengua (\u00bfpickel fleish?) por derecho propio. Como sustrato de la madre jud\u00eda, nutre a los ni\u00f1os de sus traumas y los ancla en su identidad jud\u00eda. Todos aquellos platos que am\u00e1bamos u odi\u00e1bamos, los evocamos con fervor, pasados los 40 a\u00f1os. Las borekas de nuestra madre, su sublime h\u00edgado picado, su cusc\u00fas real, nos devuelven a una infancia bendita en la que la vida era sencilla: \u00a1o com\u00edamos lo que hab\u00eda en el plato o \u00e9ramos responsables de la muerte inminente de nuestra madre! Pero la cocina jud\u00eda no es s\u00f3lo culpa, tambi\u00e9n es un placer para las papilas gustativas. Tanto es as\u00ed que muchos artistas le cantan con humor y nostalgia.<br \/>\nDesde la receta del gefilte fish hasta el pescado completo o la berencena turca, hay multitud de canciones que se pueden saborear con fruici\u00f3n, \u00a1y todo sin engordar ni un gramo!<br \/>\nCon gran sentido del humor, Herv\u00e9 Roten desvela los secretos de la gastronom\u00eda jud\u00eda a trav\u00e9s de canciones en yiddish, judeoespa\u00f1ol y oriental.<br \/>\n<strong>Tarde de degustaci\u00f3n, conferencia y concierto: 10 euros <em>(gratuito para los miembros del CBL y del IEMJ)<\/em><\/strong>.<\/p>\n<p><center><strong><em><br \/>\n&#8211; &#8211; &#8211; &#8211; &#8211; <\/em><\/strong><\/center><\/p>\n<h2><strong>Ver la conferencia:<\/strong><br \/>\n<a href=\"https:\/\/www.iemj.org\/es\/cuisine-et-musique-juives\/\"><img fetchpriority=\"high\" decoding=\"async\" class=\" aligncenter size-full wp-image-23885\" src=\"https:\/\/www.iemj.org\/wp-content\/uploads\/2019\/05\/conf_herve.jpg\" alt=\"conf_herve.jpg\" width=\"500\" height=\"161\" align=\"center\" \/><\/a><\/h2>\n<p><strong><em>9:45pm: Jacinta&#8217;s Tastes and Colours<br \/>\nUn fest\u00edn de canciones apetitosas que har\u00e1n mentir al proverbial \u00ab\u00a1la barriga hambrienta no tiene o\u00eddos!\u00bb.<\/em><\/strong><\/p>\n<p><center><br \/>\n<strong>&#8211; &#8211; &#8211; &#8211; &#8211; <\/strong><\/center><strong><em>Reservas: https:\/\/www.festivaldesculturesjuives.org\/<\/em><\/strong><\/p>\n<p><img decoding=\"async\" class=\" aligncenter  wp-image-23887\" src=\"https:\/\/www.iemj.org\/wp-content\/uploads\/2019\/05\/affiche_fcj_2019_capture.jpg\" alt=\"affiche_fcj_2019_capture.jpg\" width=\"500\" height=\"748\" align=\"center\" srcset=\"https:\/\/www.iemj.org\/wp-content\/uploads\/2019\/05\/affiche_fcj_2019_capture.jpg 600w, https:\/\/www.iemj.org\/wp-content\/uploads\/2019\/05\/affiche_fcj_2019_capture-200x300.jpg 200w\" sizes=\"(max-width: 500px) 100vw, 500px\" \/><\/p>\n","protected":false},"excerpt":{"rendered":"","protected":false},"author":5,"featured_media":97816,"comment_status":"open","ping_status":"open","sticky":false,"template":"","format":"standard","meta":{"_acf_changed":false,"footnotes":""},"categories":[1384,1372],"tags":[2223],"technique":[],"squelettes":[],"sujet":[],"formation":[],"genre":[],"fonds":[],"tradition":[],"type-de-contenu":[],"interprete-compositeur":[],"frise":[],"type-devenement":[],"tableaux-liens-externes":[],"class_list":["post-97815","post","type-post","status-publish","format-standard","has-post-thumbnail","hentry","category-clases-conferencias-es","category-manifestaciones-es","tag-eventos-iemj-es"],"acf":[],"yoast_head":"<!-- This site is optimized with the Yoast SEO plugin v27.3 - https:\/\/yoast.com\/product\/yoast-seo-wordpress\/ -->\n<title>M\u00fasica y cocina jud\u00edas: comida y sonido - Institut Europ\u00e9en des Musiques Juives<\/title>\n<meta name=\"robots\" content=\"noindex, follow\" \/>\n<meta property=\"og:locale\" content=\"es_ES\" \/>\n<meta property=\"og:type\" content=\"article\" \/>\n<meta property=\"og:title\" content=\"M\u00fasica y cocina jud\u00edas: comida y sonido - Institut Europ\u00e9en des Musiques Juives\" \/>\n<meta property=\"og:url\" content=\"https:\/\/www.iemj.org\/es\/musique-et-cuisine-juives-des-mets-et-des-sons\/\" \/>\n<meta property=\"og:site_name\" content=\"Institut Europ\u00e9en des Musiques Juives\" \/>\n<meta property=\"article:publisher\" content=\"https:\/\/www.facebook.com\/MusiquesJuives\/\" \/>\n<meta property=\"article:published_time\" content=\"2019-05-14T13:09:56+00:00\" \/>\n<meta property=\"article:modified_time\" content=\"2023-06-05T13:35:43+00:00\" \/>\n<meta property=\"og:image\" content=\"https:\/\/www.iemj.org\/wp-content\/uploads\/2019\/05\/arton4148.jpg\" \/>\n\t<meta property=\"og:image:width\" content=\"304\" \/>\n\t<meta property=\"og:image:height\" content=\"448\" \/>\n\t<meta property=\"og:image:type\" content=\"image\/jpeg\" \/>\n<meta name=\"author\" content=\"Jacqueline ROTEN\" \/>\n<meta name=\"twitter:card\" content=\"summary_large_image\" \/>\n<meta name=\"twitter:label1\" content=\"Escrito por\" \/>\n\t<meta name=\"twitter:data1\" content=\"Jacqueline ROTEN\" \/>\n\t<meta name=\"twitter:label2\" content=\"Tiempo de lectura\" \/>\n\t<meta name=\"twitter:data2\" content=\"2 minutos\" \/>\n<script type=\"application\/ld+json\" class=\"yoast-schema-graph\">{\"@context\":\"https:\\\/\\\/schema.org\",\"@graph\":[{\"@type\":\"Article\",\"@id\":\"https:\\\/\\\/www.iemj.org\\\/es\\\/musique-et-cuisine-juives-des-mets-et-des-sons\\\/#article\",\"isPartOf\":{\"@id\":\"https:\\\/\\\/www.iemj.org\\\/es\\\/musique-et-cuisine-juives-des-mets-et-des-sons\\\/\"},\"author\":{\"name\":\"Jacqueline ROTEN\",\"@id\":\"https:\\\/\\\/www.iemj.org\\\/es\\\/#\\\/schema\\\/person\\\/358e26c18aca017fcc4cc15437f7279c\"},\"headline\":\"M\u00fasica y cocina jud\u00edas: comida y sonido\",\"datePublished\":\"2019-05-14T13:09:56+00:00\",\"dateModified\":\"2023-06-05T13:35:43+00:00\",\"mainEntityOfPage\":{\"@id\":\"https:\\\/\\\/www.iemj.org\\\/es\\\/musique-et-cuisine-juives-des-mets-et-des-sons\\\/\"},\"wordCount\":289,\"commentCount\":0,\"publisher\":{\"@id\":\"https:\\\/\\\/www.iemj.org\\\/es\\\/#organization\"},\"image\":{\"@id\":\"https:\\\/\\\/www.iemj.org\\\/es\\\/musique-et-cuisine-juives-des-mets-et-des-sons\\\/#primaryimage\"},\"thumbnailUrl\":\"https:\\\/\\\/www.iemj.org\\\/wp-content\\\/uploads\\\/2019\\\/05\\\/arton4148.jpg\",\"keywords\":[\"Eventos IEMJ\"],\"articleSection\":[\"Clases \\\/ Conferencias\",\"Manifestaciones\"],\"inLanguage\":\"es\",\"potentialAction\":[{\"@type\":\"CommentAction\",\"name\":\"Comment\",\"target\":[\"https:\\\/\\\/www.iemj.org\\\/es\\\/musique-et-cuisine-juives-des-mets-et-des-sons\\\/#respond\"]}]},{\"@type\":\"WebPage\",\"@id\":\"https:\\\/\\\/www.iemj.org\\\/es\\\/musique-et-cuisine-juives-des-mets-et-des-sons\\\/\",\"url\":\"https:\\\/\\\/www.iemj.org\\\/es\\\/musique-et-cuisine-juives-des-mets-et-des-sons\\\/\",\"name\":\"M\u00fasica y cocina jud\u00edas: comida y sonido - Institut Europ\u00e9en des Musiques Juives\",\"isPartOf\":{\"@id\":\"https:\\\/\\\/www.iemj.org\\\/es\\\/#website\"},\"primaryImageOfPage\":{\"@id\":\"https:\\\/\\\/www.iemj.org\\\/es\\\/musique-et-cuisine-juives-des-mets-et-des-sons\\\/#primaryimage\"},\"image\":{\"@id\":\"https:\\\/\\\/www.iemj.org\\\/es\\\/musique-et-cuisine-juives-des-mets-et-des-sons\\\/#primaryimage\"},\"thumbnailUrl\":\"https:\\\/\\\/www.iemj.org\\\/wp-content\\\/uploads\\\/2019\\\/05\\\/arton4148.jpg\",\"datePublished\":\"2019-05-14T13:09:56+00:00\",\"dateModified\":\"2023-06-05T13:35:43+00:00\",\"breadcrumb\":{\"@id\":\"https:\\\/\\\/www.iemj.org\\\/es\\\/musique-et-cuisine-juives-des-mets-et-des-sons\\\/#breadcrumb\"},\"inLanguage\":\"es\",\"potentialAction\":[{\"@type\":\"ReadAction\",\"target\":[\"https:\\\/\\\/www.iemj.org\\\/es\\\/musique-et-cuisine-juives-des-mets-et-des-sons\\\/\"]}]},{\"@type\":\"ImageObject\",\"inLanguage\":\"es\",\"@id\":\"https:\\\/\\\/www.iemj.org\\\/es\\\/musique-et-cuisine-juives-des-mets-et-des-sons\\\/#primaryimage\",\"url\":\"https:\\\/\\\/www.iemj.org\\\/wp-content\\\/uploads\\\/2019\\\/05\\\/arton4148.jpg\",\"contentUrl\":\"https:\\\/\\\/www.iemj.org\\\/wp-content\\\/uploads\\\/2019\\\/05\\\/arton4148.jpg\",\"width\":304,\"height\":448},{\"@type\":\"BreadcrumbList\",\"@id\":\"https:\\\/\\\/www.iemj.org\\\/es\\\/musique-et-cuisine-juives-des-mets-et-des-sons\\\/#breadcrumb\",\"itemListElement\":[{\"@type\":\"ListItem\",\"position\":1,\"name\":\"Accueil\",\"item\":\"https:\\\/\\\/www.iemj.org\\\/es\\\/\"},{\"@type\":\"ListItem\",\"position\":2,\"name\":\"M\u00fasica y cocina jud\u00edas: comida y sonido\"}]},{\"@type\":\"WebSite\",\"@id\":\"https:\\\/\\\/www.iemj.org\\\/es\\\/#website\",\"url\":\"https:\\\/\\\/www.iemj.org\\\/es\\\/\",\"name\":\"Institut Europ\u00e9en des Musiques Juives\",\"description\":\"Des traditions musicales \u00e0 la port\u00e9e de tous\",\"publisher\":{\"@id\":\"https:\\\/\\\/www.iemj.org\\\/es\\\/#organization\"},\"potentialAction\":[{\"@type\":\"SearchAction\",\"target\":{\"@type\":\"EntryPoint\",\"urlTemplate\":\"https:\\\/\\\/www.iemj.org\\\/es\\\/?s={search_term_string}\"},\"query-input\":{\"@type\":\"PropertyValueSpecification\",\"valueRequired\":true,\"valueName\":\"search_term_string\"}}],\"inLanguage\":\"es\"},{\"@type\":\"Organization\",\"@id\":\"https:\\\/\\\/www.iemj.org\\\/es\\\/#organization\",\"name\":\"Institut Europ\u00e9en des Musiques Juives\",\"url\":\"https:\\\/\\\/www.iemj.org\\\/es\\\/\",\"logo\":{\"@type\":\"ImageObject\",\"inLanguage\":\"es\",\"@id\":\"https:\\\/\\\/www.iemj.org\\\/es\\\/#\\\/schema\\\/logo\\\/image\\\/\",\"url\":\"https:\\\/\\\/www.iemj.org\\\/wp-content\\\/uploads\\\/2021\\\/09\\\/Logo-IEMJ-Paypal.jpg\",\"contentUrl\":\"https:\\\/\\\/www.iemj.org\\\/wp-content\\\/uploads\\\/2021\\\/09\\\/Logo-IEMJ-Paypal.jpg\",\"width\":150,\"height\":50,\"caption\":\"Institut Europ\u00e9en des Musiques Juives\"},\"image\":{\"@id\":\"https:\\\/\\\/www.iemj.org\\\/es\\\/#\\\/schema\\\/logo\\\/image\\\/\"},\"sameAs\":[\"https:\\\/\\\/www.facebook.com\\\/MusiquesJuives\\\/\",\"https:\\\/\\\/www.instagram.com\\\/musiquesjuives\\\/\",\"https:\\\/\\\/www.youtube.com\\\/user\\\/musiquesjuives\"]},{\"@type\":\"Person\",\"@id\":\"https:\\\/\\\/www.iemj.org\\\/es\\\/#\\\/schema\\\/person\\\/358e26c18aca017fcc4cc15437f7279c\",\"name\":\"Jacqueline ROTEN\",\"image\":{\"@type\":\"ImageObject\",\"inLanguage\":\"es\",\"@id\":\"https:\\\/\\\/secure.gravatar.com\\\/avatar\\\/5964256d6c6957de3a3505278957e0fb2a35119ac47ea41827a65301213c810b?s=96&d=mm&r=g\",\"url\":\"https:\\\/\\\/secure.gravatar.com\\\/avatar\\\/5964256d6c6957de3a3505278957e0fb2a35119ac47ea41827a65301213c810b?s=96&d=mm&r=g\",\"contentUrl\":\"https:\\\/\\\/secure.gravatar.com\\\/avatar\\\/5964256d6c6957de3a3505278957e0fb2a35119ac47ea41827a65301213c810b?s=96&d=mm&r=g\",\"caption\":\"Jacqueline ROTEN\"}}]}<\/script>\n<!-- \/ Yoast SEO plugin. -->","yoast_head_json":{"title":"M\u00fasica y cocina jud\u00edas: comida y sonido - Institut Europ\u00e9en des Musiques Juives","robots":{"index":"noindex","follow":"follow"},"og_locale":"es_ES","og_type":"article","og_title":"M\u00fasica y cocina jud\u00edas: comida y sonido - Institut Europ\u00e9en des Musiques Juives","og_url":"https:\/\/www.iemj.org\/es\/musique-et-cuisine-juives-des-mets-et-des-sons\/","og_site_name":"Institut Europ\u00e9en des Musiques Juives","article_publisher":"https:\/\/www.facebook.com\/MusiquesJuives\/","article_published_time":"2019-05-14T13:09:56+00:00","article_modified_time":"2023-06-05T13:35:43+00:00","og_image":[{"width":304,"height":448,"url":"https:\/\/www.iemj.org\/wp-content\/uploads\/2019\/05\/arton4148.jpg","type":"image\/jpeg"}],"author":"Jacqueline ROTEN","twitter_card":"summary_large_image","twitter_misc":{"Escrito por":"Jacqueline ROTEN","Tiempo de lectura":"2 minutos"},"schema":{"@context":"https:\/\/schema.org","@graph":[{"@type":"Article","@id":"https:\/\/www.iemj.org\/es\/musique-et-cuisine-juives-des-mets-et-des-sons\/#article","isPartOf":{"@id":"https:\/\/www.iemj.org\/es\/musique-et-cuisine-juives-des-mets-et-des-sons\/"},"author":{"name":"Jacqueline ROTEN","@id":"https:\/\/www.iemj.org\/es\/#\/schema\/person\/358e26c18aca017fcc4cc15437f7279c"},"headline":"M\u00fasica y cocina jud\u00edas: comida y sonido","datePublished":"2019-05-14T13:09:56+00:00","dateModified":"2023-06-05T13:35:43+00:00","mainEntityOfPage":{"@id":"https:\/\/www.iemj.org\/es\/musique-et-cuisine-juives-des-mets-et-des-sons\/"},"wordCount":289,"commentCount":0,"publisher":{"@id":"https:\/\/www.iemj.org\/es\/#organization"},"image":{"@id":"https:\/\/www.iemj.org\/es\/musique-et-cuisine-juives-des-mets-et-des-sons\/#primaryimage"},"thumbnailUrl":"https:\/\/www.iemj.org\/wp-content\/uploads\/2019\/05\/arton4148.jpg","keywords":["Eventos IEMJ"],"articleSection":["Clases \/ Conferencias","Manifestaciones"],"inLanguage":"es","potentialAction":[{"@type":"CommentAction","name":"Comment","target":["https:\/\/www.iemj.org\/es\/musique-et-cuisine-juives-des-mets-et-des-sons\/#respond"]}]},{"@type":"WebPage","@id":"https:\/\/www.iemj.org\/es\/musique-et-cuisine-juives-des-mets-et-des-sons\/","url":"https:\/\/www.iemj.org\/es\/musique-et-cuisine-juives-des-mets-et-des-sons\/","name":"M\u00fasica y cocina jud\u00edas: comida y sonido - Institut Europ\u00e9en des Musiques Juives","isPartOf":{"@id":"https:\/\/www.iemj.org\/es\/#website"},"primaryImageOfPage":{"@id":"https:\/\/www.iemj.org\/es\/musique-et-cuisine-juives-des-mets-et-des-sons\/#primaryimage"},"image":{"@id":"https:\/\/www.iemj.org\/es\/musique-et-cuisine-juives-des-mets-et-des-sons\/#primaryimage"},"thumbnailUrl":"https:\/\/www.iemj.org\/wp-content\/uploads\/2019\/05\/arton4148.jpg","datePublished":"2019-05-14T13:09:56+00:00","dateModified":"2023-06-05T13:35:43+00:00","breadcrumb":{"@id":"https:\/\/www.iemj.org\/es\/musique-et-cuisine-juives-des-mets-et-des-sons\/#breadcrumb"},"inLanguage":"es","potentialAction":[{"@type":"ReadAction","target":["https:\/\/www.iemj.org\/es\/musique-et-cuisine-juives-des-mets-et-des-sons\/"]}]},{"@type":"ImageObject","inLanguage":"es","@id":"https:\/\/www.iemj.org\/es\/musique-et-cuisine-juives-des-mets-et-des-sons\/#primaryimage","url":"https:\/\/www.iemj.org\/wp-content\/uploads\/2019\/05\/arton4148.jpg","contentUrl":"https:\/\/www.iemj.org\/wp-content\/uploads\/2019\/05\/arton4148.jpg","width":304,"height":448},{"@type":"BreadcrumbList","@id":"https:\/\/www.iemj.org\/es\/musique-et-cuisine-juives-des-mets-et-des-sons\/#breadcrumb","itemListElement":[{"@type":"ListItem","position":1,"name":"Accueil","item":"https:\/\/www.iemj.org\/es\/"},{"@type":"ListItem","position":2,"name":"M\u00fasica y cocina jud\u00edas: comida y sonido"}]},{"@type":"WebSite","@id":"https:\/\/www.iemj.org\/es\/#website","url":"https:\/\/www.iemj.org\/es\/","name":"Institut Europ\u00e9en des Musiques Juives","description":"Des traditions musicales \u00e0 la port\u00e9e de tous","publisher":{"@id":"https:\/\/www.iemj.org\/es\/#organization"},"potentialAction":[{"@type":"SearchAction","target":{"@type":"EntryPoint","urlTemplate":"https:\/\/www.iemj.org\/es\/?s={search_term_string}"},"query-input":{"@type":"PropertyValueSpecification","valueRequired":true,"valueName":"search_term_string"}}],"inLanguage":"es"},{"@type":"Organization","@id":"https:\/\/www.iemj.org\/es\/#organization","name":"Institut Europ\u00e9en des Musiques Juives","url":"https:\/\/www.iemj.org\/es\/","logo":{"@type":"ImageObject","inLanguage":"es","@id":"https:\/\/www.iemj.org\/es\/#\/schema\/logo\/image\/","url":"https:\/\/www.iemj.org\/wp-content\/uploads\/2021\/09\/Logo-IEMJ-Paypal.jpg","contentUrl":"https:\/\/www.iemj.org\/wp-content\/uploads\/2021\/09\/Logo-IEMJ-Paypal.jpg","width":150,"height":50,"caption":"Institut Europ\u00e9en des Musiques Juives"},"image":{"@id":"https:\/\/www.iemj.org\/es\/#\/schema\/logo\/image\/"},"sameAs":["https:\/\/www.facebook.com\/MusiquesJuives\/","https:\/\/www.instagram.com\/musiquesjuives\/","https:\/\/www.youtube.com\/user\/musiquesjuives"]},{"@type":"Person","@id":"https:\/\/www.iemj.org\/es\/#\/schema\/person\/358e26c18aca017fcc4cc15437f7279c","name":"Jacqueline ROTEN","image":{"@type":"ImageObject","inLanguage":"es","@id":"https:\/\/secure.gravatar.com\/avatar\/5964256d6c6957de3a3505278957e0fb2a35119ac47ea41827a65301213c810b?s=96&d=mm&r=g","url":"https:\/\/secure.gravatar.com\/avatar\/5964256d6c6957de3a3505278957e0fb2a35119ac47ea41827a65301213c810b?s=96&d=mm&r=g","contentUrl":"https:\/\/secure.gravatar.com\/avatar\/5964256d6c6957de3a3505278957e0fb2a35119ac47ea41827a65301213c810b?s=96&d=mm&r=g","caption":"Jacqueline ROTEN"}}]}},"_links":{"self":[{"href":"https:\/\/www.iemj.org\/es\/wp-json\/wp\/v2\/posts\/97815","targetHints":{"allow":["GET"]}}],"collection":[{"href":"https:\/\/www.iemj.org\/es\/wp-json\/wp\/v2\/posts"}],"about":[{"href":"https:\/\/www.iemj.org\/es\/wp-json\/wp\/v2\/types\/post"}],"author":[{"embeddable":true,"href":"https:\/\/www.iemj.org\/es\/wp-json\/wp\/v2\/users\/5"}],"replies":[{"embeddable":true,"href":"https:\/\/www.iemj.org\/es\/wp-json\/wp\/v2\/comments?post=97815"}],"version-history":[{"count":0,"href":"https:\/\/www.iemj.org\/es\/wp-json\/wp\/v2\/posts\/97815\/revisions"}],"wp:featuredmedia":[{"embeddable":true,"href":"https:\/\/www.iemj.org\/es\/wp-json\/wp\/v2\/media\/97816"}],"wp:attachment":[{"href":"https:\/\/www.iemj.org\/es\/wp-json\/wp\/v2\/media?parent=97815"}],"wp:term":[{"taxonomy":"category","embeddable":true,"href":"https:\/\/www.iemj.org\/es\/wp-json\/wp\/v2\/categories?post=97815"},{"taxonomy":"post_tag","embeddable":true,"href":"https:\/\/www.iemj.org\/es\/wp-json\/wp\/v2\/tags?post=97815"},{"taxonomy":"technique","embeddable":true,"href":"https:\/\/www.iemj.org\/es\/wp-json\/wp\/v2\/technique?post=97815"},{"taxonomy":"squelettes","embeddable":true,"href":"https:\/\/www.iemj.org\/es\/wp-json\/wp\/v2\/squelettes?post=97815"},{"taxonomy":"sujet","embeddable":true,"href":"https:\/\/www.iemj.org\/es\/wp-json\/wp\/v2\/sujet?post=97815"},{"taxonomy":"formation","embeddable":true,"href":"https:\/\/www.iemj.org\/es\/wp-json\/wp\/v2\/formation?post=97815"},{"taxonomy":"genre","embeddable":true,"href":"https:\/\/www.iemj.org\/es\/wp-json\/wp\/v2\/genre?post=97815"},{"taxonomy":"fonds","embeddable":true,"href":"https:\/\/www.iemj.org\/es\/wp-json\/wp\/v2\/fonds?post=97815"},{"taxonomy":"tradition","embeddable":true,"href":"https:\/\/www.iemj.org\/es\/wp-json\/wp\/v2\/tradition?post=97815"},{"taxonomy":"type-de-contenu","embeddable":true,"href":"https:\/\/www.iemj.org\/es\/wp-json\/wp\/v2\/type-de-contenu?post=97815"},{"taxonomy":"interprete-compositeur","embeddable":true,"href":"https:\/\/www.iemj.org\/es\/wp-json\/wp\/v2\/interprete-compositeur?post=97815"},{"taxonomy":"frise","embeddable":true,"href":"https:\/\/www.iemj.org\/es\/wp-json\/wp\/v2\/frise?post=97815"},{"taxonomy":"type-devenement","embeddable":true,"href":"https:\/\/www.iemj.org\/es\/wp-json\/wp\/v2\/type-devenement?post=97815"},{"taxonomy":"tableaux-liens-externes","embeddable":true,"href":"https:\/\/www.iemj.org\/es\/wp-json\/wp\/v2\/tableaux-liens-externes?post=97815"}],"curies":[{"name":"wp","href":"https:\/\/api.w.org\/{rel}","templated":true}]}}