{"id":97845,"date":"2019-04-08T19:30:00","date_gmt":"2019-04-08T17:30:00","guid":{"rendered":"https:\/\/www.iemj.org\/la-melodie-du-kol-nidre-sources-interpretations-et-nouvelles-compositions\/"},"modified":"2023-06-20T11:43:18","modified_gmt":"2023-06-20T09:43:18","slug":"la-melodie-du-kol-nidre-sources-interpretations-et-nouvelles-compositions","status":"publish","type":"post","link":"https:\/\/www.iemj.org\/es\/la-melodie-du-kol-nidre-sources-interpretations-et-nouvelles-compositions\/","title":{"rendered":"La melod\u00eda del Kol Nidre: Fuentes, Interpretaciones y Nuevas Composiciones"},"content":{"rendered":"<p>\u201cKol Nidre\u201d fue con estas palabras que empez\u00f3 la impresionante e impactante oraci\u00f3n que ha introducido las veinticuatro horas del d\u00eda m\u00e1s solemne del a\u00f1o jud\u00edo, Yom Kippur. Mientras la m\u00fasica de las oraciones jud\u00edas es generalmente muy diversa de una comunidad a otra, la melod\u00eda del Kol Nidre es la misma en todas las comunidades asquenaz\u00edes.<\/p>\n<p>Esa \u00abanomal\u00eda musical\u00bb aviv\u00f3 la fe de los creyentes e inspir\u00f3 a muchos compositores, de Max Bruch a John Zorn, de Louis Lewandowski a Joachim Stutschewsky. Esta conferencia audiovisual de <strong>Herv\u00e9 Roten<\/strong> nos har\u00e1 viajar a trav\u00e9s del tiempo y del espacio musical al coraz\u00f3n de la liturgia jud\u00eda y su m\u00fasica.<\/p>\n<p><strong>SE RECOMIENDA REGISTRARSE PREVIAMENTE<\/strong><\/p>\n<p><a href=\"https:\/\/www.weezevent.com\/leslundisdewiesel\" target=\"_blank\" rel=\"noopener\">Reservaci\u00f3n en l\u00ednea<\/a><\/p>\n<p><strong>Tel:<\/strong> 01.53.20.52.61<\/p>\n<p><strong>Tarifas:<\/strong><br \/>\n10\u20ac tarifa normal<br \/>\n7\u20ac tarifa reducida<\/p>\n<p><img fetchpriority=\"high\" decoding=\"async\" class=\" aligncenter size-full wp-image-22973\" src=\"https:\/\/www.iemj.org\/wp-content\/uploads\/2019\/04\/conference_kol_nidre_h_roten_du_8_avril_2019_grande_50_.jpg\" alt=\"conference_kol_nidre_h_roten_du_8_avril_2019_grande_50_.jpg\" width=\"746\" height=\"557\" align=\"center\"><\/p>\n","protected":false},"excerpt":{"rendered":"<p>\u201cKol Nidre\u201d fue con estas palabras que empez\u00f3 la impresionante e impactante oraci\u00f3n que ha introducido las veinticuatro horas del d\u00eda m\u00e1s solemne del a\u00f1o jud\u00edo, Yom Kippur. Mientras la<\/p>\n","protected":false},"author":1095,"featured_media":97846,"comment_status":"open","ping_status":"open","sticky":false,"template":"","format":"standard","meta":{"_acf_changed":false,"footnotes":""},"categories":[1384,1372],"tags":[3422],"technique":[],"squelettes":[],"sujet":[],"formation":[],"genre":[],"fonds":[],"tradition":[],"type-de-contenu":[],"interprete-compositeur":[],"frise":[],"type-devenement":[],"tableaux-liens-externes":[],"class_list":["post-97845","post","type-post","status-publish","format-standard","has-post-thumbnail","hentry","category-clases-conferencias-es","category-manifestaciones-es","tag-eventos-asociados-es"],"acf":[],"yoast_head":"<!-- This site is optimized with the Yoast SEO plugin v27.3 - https:\/\/yoast.com\/product\/yoast-seo-wordpress\/ -->\n<title>La melod\u00eda del Kol Nidre: Fuentes, Interpretaciones y Nuevas Composiciones - Institut Europ\u00e9en des Musiques Juives<\/title>\n<meta name=\"robots\" content=\"noindex, follow\" \/>\n<meta property=\"og:locale\" content=\"es_ES\" \/>\n<meta property=\"og:type\" content=\"article\" \/>\n<meta property=\"og:title\" content=\"La melod\u00eda del Kol Nidre: Fuentes, Interpretaciones y Nuevas Composiciones - Institut Europ\u00e9en des Musiques Juives\" \/>\n<meta property=\"og:description\" content=\"\u201cKol Nidre\u201d fue con estas palabras que empez\u00f3 la impresionante e impactante oraci\u00f3n que ha introducido las veinticuatro horas del d\u00eda m\u00e1s solemne del a\u00f1o jud\u00edo, Yom Kippur. Mientras la\" \/>\n<meta property=\"og:url\" content=\"https:\/\/www.iemj.org\/es\/la-melodie-du-kol-nidre-sources-interpretations-et-nouvelles-compositions\/\" \/>\n<meta property=\"og:site_name\" content=\"Institut Europ\u00e9en des Musiques Juives\" \/>\n<meta property=\"article:publisher\" content=\"https:\/\/www.facebook.com\/MusiquesJuives\/\" \/>\n<meta property=\"article:published_time\" content=\"2019-04-08T17:30:00+00:00\" \/>\n<meta property=\"article:modified_time\" content=\"2023-06-20T09:43:18+00:00\" \/>\n<meta property=\"og:image\" content=\"https:\/\/www.iemj.org\/wp-content\/uploads\/2019\/04\/arton3980-e1620036640218.png\" \/>\n\t<meta property=\"og:image:width\" content=\"350\" \/>\n\t<meta property=\"og:image:height\" content=\"197\" \/>\n\t<meta property=\"og:image:type\" content=\"image\/png\" \/>\n<meta name=\"author\" content=\"Espace Culturel et Universitaire Juif d&#039;Europe\" \/>\n<meta name=\"twitter:card\" content=\"summary_large_image\" \/>\n<meta name=\"twitter:label1\" content=\"Escrito por\" \/>\n\t<meta name=\"twitter:data1\" content=\"Espace Culturel et Universitaire Juif d&#039;Europe\" \/>\n\t<meta name=\"twitter:label2\" content=\"Tiempo de lectura\" \/>\n\t<meta name=\"twitter:data2\" content=\"1 minuto\" \/>\n<script type=\"application\/ld+json\" class=\"yoast-schema-graph\">{\"@context\":\"https:\\\/\\\/schema.org\",\"@graph\":[{\"@type\":\"Article\",\"@id\":\"https:\\\/\\\/www.iemj.org\\\/es\\\/la-melodie-du-kol-nidre-sources-interpretations-et-nouvelles-compositions\\\/#article\",\"isPartOf\":{\"@id\":\"https:\\\/\\\/www.iemj.org\\\/es\\\/la-melodie-du-kol-nidre-sources-interpretations-et-nouvelles-compositions\\\/\"},\"author\":{\"name\":\"Espace Culturel et Universitaire Juif d'Europe\",\"@id\":\"https:\\\/\\\/www.iemj.org\\\/es\\\/#\\\/schema\\\/person\\\/52c977945df7ce740726c5e2ad0089ac\"},\"headline\":\"La melod\u00eda del Kol Nidre: Fuentes, Interpretaciones y Nuevas Composiciones\",\"datePublished\":\"2019-04-08T17:30:00+00:00\",\"dateModified\":\"2023-06-20T09:43:18+00:00\",\"mainEntityOfPage\":{\"@id\":\"https:\\\/\\\/www.iemj.org\\\/es\\\/la-melodie-du-kol-nidre-sources-interpretations-et-nouvelles-compositions\\\/\"},\"wordCount\":149,\"commentCount\":0,\"publisher\":{\"@id\":\"https:\\\/\\\/www.iemj.org\\\/es\\\/#organization\"},\"image\":{\"@id\":\"https:\\\/\\\/www.iemj.org\\\/es\\\/la-melodie-du-kol-nidre-sources-interpretations-et-nouvelles-compositions\\\/#primaryimage\"},\"thumbnailUrl\":\"https:\\\/\\\/www.iemj.org\\\/wp-content\\\/uploads\\\/2019\\\/04\\\/arton3980-e1620036640218.png\",\"keywords\":[\"Eventos asociados\"],\"articleSection\":[\"Clases \\\/ Conferencias\",\"Manifestaciones\"],\"inLanguage\":\"es\",\"potentialAction\":[{\"@type\":\"CommentAction\",\"name\":\"Comment\",\"target\":[\"https:\\\/\\\/www.iemj.org\\\/es\\\/la-melodie-du-kol-nidre-sources-interpretations-et-nouvelles-compositions\\\/#respond\"]}]},{\"@type\":\"WebPage\",\"@id\":\"https:\\\/\\\/www.iemj.org\\\/es\\\/la-melodie-du-kol-nidre-sources-interpretations-et-nouvelles-compositions\\\/\",\"url\":\"https:\\\/\\\/www.iemj.org\\\/es\\\/la-melodie-du-kol-nidre-sources-interpretations-et-nouvelles-compositions\\\/\",\"name\":\"La melod\u00eda del Kol Nidre: Fuentes, Interpretaciones y Nuevas Composiciones - Institut Europ\u00e9en des Musiques Juives\",\"isPartOf\":{\"@id\":\"https:\\\/\\\/www.iemj.org\\\/es\\\/#website\"},\"primaryImageOfPage\":{\"@id\":\"https:\\\/\\\/www.iemj.org\\\/es\\\/la-melodie-du-kol-nidre-sources-interpretations-et-nouvelles-compositions\\\/#primaryimage\"},\"image\":{\"@id\":\"https:\\\/\\\/www.iemj.org\\\/es\\\/la-melodie-du-kol-nidre-sources-interpretations-et-nouvelles-compositions\\\/#primaryimage\"},\"thumbnailUrl\":\"https:\\\/\\\/www.iemj.org\\\/wp-content\\\/uploads\\\/2019\\\/04\\\/arton3980-e1620036640218.png\",\"datePublished\":\"2019-04-08T17:30:00+00:00\",\"dateModified\":\"2023-06-20T09:43:18+00:00\",\"breadcrumb\":{\"@id\":\"https:\\\/\\\/www.iemj.org\\\/es\\\/la-melodie-du-kol-nidre-sources-interpretations-et-nouvelles-compositions\\\/#breadcrumb\"},\"inLanguage\":\"es\",\"potentialAction\":[{\"@type\":\"ReadAction\",\"target\":[\"https:\\\/\\\/www.iemj.org\\\/es\\\/la-melodie-du-kol-nidre-sources-interpretations-et-nouvelles-compositions\\\/\"]}]},{\"@type\":\"ImageObject\",\"inLanguage\":\"es\",\"@id\":\"https:\\\/\\\/www.iemj.org\\\/es\\\/la-melodie-du-kol-nidre-sources-interpretations-et-nouvelles-compositions\\\/#primaryimage\",\"url\":\"https:\\\/\\\/www.iemj.org\\\/wp-content\\\/uploads\\\/2019\\\/04\\\/arton3980-e1620036640218.png\",\"contentUrl\":\"https:\\\/\\\/www.iemj.org\\\/wp-content\\\/uploads\\\/2019\\\/04\\\/arton3980-e1620036640218.png\",\"width\":350,\"height\":197},{\"@type\":\"BreadcrumbList\",\"@id\":\"https:\\\/\\\/www.iemj.org\\\/es\\\/la-melodie-du-kol-nidre-sources-interpretations-et-nouvelles-compositions\\\/#breadcrumb\",\"itemListElement\":[{\"@type\":\"ListItem\",\"position\":1,\"name\":\"Accueil\",\"item\":\"https:\\\/\\\/www.iemj.org\\\/es\\\/\"},{\"@type\":\"ListItem\",\"position\":2,\"name\":\"La melod\u00eda del Kol Nidre: Fuentes, Interpretaciones y Nuevas Composiciones\"}]},{\"@type\":\"WebSite\",\"@id\":\"https:\\\/\\\/www.iemj.org\\\/es\\\/#website\",\"url\":\"https:\\\/\\\/www.iemj.org\\\/es\\\/\",\"name\":\"Institut Europ\u00e9en des Musiques Juives\",\"description\":\"Des traditions musicales \u00e0 la port\u00e9e de tous\",\"publisher\":{\"@id\":\"https:\\\/\\\/www.iemj.org\\\/es\\\/#organization\"},\"potentialAction\":[{\"@type\":\"SearchAction\",\"target\":{\"@type\":\"EntryPoint\",\"urlTemplate\":\"https:\\\/\\\/www.iemj.org\\\/es\\\/?s={search_term_string}\"},\"query-input\":{\"@type\":\"PropertyValueSpecification\",\"valueRequired\":true,\"valueName\":\"search_term_string\"}}],\"inLanguage\":\"es\"},{\"@type\":\"Organization\",\"@id\":\"https:\\\/\\\/www.iemj.org\\\/es\\\/#organization\",\"name\":\"Institut Europ\u00e9en des Musiques Juives\",\"url\":\"https:\\\/\\\/www.iemj.org\\\/es\\\/\",\"logo\":{\"@type\":\"ImageObject\",\"inLanguage\":\"es\",\"@id\":\"https:\\\/\\\/www.iemj.org\\\/es\\\/#\\\/schema\\\/logo\\\/image\\\/\",\"url\":\"https:\\\/\\\/www.iemj.org\\\/wp-content\\\/uploads\\\/2021\\\/09\\\/Logo-IEMJ-Paypal.jpg\",\"contentUrl\":\"https:\\\/\\\/www.iemj.org\\\/wp-content\\\/uploads\\\/2021\\\/09\\\/Logo-IEMJ-Paypal.jpg\",\"width\":150,\"height\":50,\"caption\":\"Institut Europ\u00e9en des Musiques Juives\"},\"image\":{\"@id\":\"https:\\\/\\\/www.iemj.org\\\/es\\\/#\\\/schema\\\/logo\\\/image\\\/\"},\"sameAs\":[\"https:\\\/\\\/www.facebook.com\\\/MusiquesJuives\\\/\",\"https:\\\/\\\/www.instagram.com\\\/musiquesjuives\\\/\",\"https:\\\/\\\/www.youtube.com\\\/user\\\/musiquesjuives\"]},{\"@type\":\"Person\",\"@id\":\"https:\\\/\\\/www.iemj.org\\\/es\\\/#\\\/schema\\\/person\\\/52c977945df7ce740726c5e2ad0089ac\",\"name\":\"Espace Culturel et Universitaire Juif d'Europe\",\"image\":{\"@type\":\"ImageObject\",\"inLanguage\":\"es\",\"@id\":\"https:\\\/\\\/secure.gravatar.com\\\/avatar\\\/19d0c551eee6737154b87437e7d6463ea6b8d85986761baa7ed5b6aaefd3e8b8?s=96&d=mm&r=g\",\"url\":\"https:\\\/\\\/secure.gravatar.com\\\/avatar\\\/19d0c551eee6737154b87437e7d6463ea6b8d85986761baa7ed5b6aaefd3e8b8?s=96&d=mm&r=g\",\"contentUrl\":\"https:\\\/\\\/secure.gravatar.com\\\/avatar\\\/19d0c551eee6737154b87437e7d6463ea6b8d85986761baa7ed5b6aaefd3e8b8?s=96&d=mm&r=g\",\"caption\":\"Espace Culturel et Universitaire Juif d'Europe\"}}]}<\/script>\n<!-- \/ Yoast SEO plugin. -->","yoast_head_json":{"title":"La melod\u00eda del Kol Nidre: Fuentes, Interpretaciones y Nuevas Composiciones - Institut Europ\u00e9en des Musiques Juives","robots":{"index":"noindex","follow":"follow"},"og_locale":"es_ES","og_type":"article","og_title":"La melod\u00eda del Kol Nidre: Fuentes, Interpretaciones y Nuevas Composiciones - Institut Europ\u00e9en des Musiques Juives","og_description":"\u201cKol Nidre\u201d fue con estas palabras que empez\u00f3 la impresionante e impactante oraci\u00f3n que ha introducido las veinticuatro horas del d\u00eda m\u00e1s solemne del a\u00f1o jud\u00edo, Yom Kippur. Mientras la","og_url":"https:\/\/www.iemj.org\/es\/la-melodie-du-kol-nidre-sources-interpretations-et-nouvelles-compositions\/","og_site_name":"Institut Europ\u00e9en des Musiques Juives","article_publisher":"https:\/\/www.facebook.com\/MusiquesJuives\/","article_published_time":"2019-04-08T17:30:00+00:00","article_modified_time":"2023-06-20T09:43:18+00:00","og_image":[{"width":350,"height":197,"url":"https:\/\/www.iemj.org\/wp-content\/uploads\/2019\/04\/arton3980-e1620036640218.png","type":"image\/png"}],"author":"Espace Culturel et Universitaire Juif d'Europe","twitter_card":"summary_large_image","twitter_misc":{"Escrito por":"Espace Culturel et Universitaire Juif d'Europe","Tiempo de lectura":"1 minuto"},"schema":{"@context":"https:\/\/schema.org","@graph":[{"@type":"Article","@id":"https:\/\/www.iemj.org\/es\/la-melodie-du-kol-nidre-sources-interpretations-et-nouvelles-compositions\/#article","isPartOf":{"@id":"https:\/\/www.iemj.org\/es\/la-melodie-du-kol-nidre-sources-interpretations-et-nouvelles-compositions\/"},"author":{"name":"Espace Culturel et Universitaire Juif d'Europe","@id":"https:\/\/www.iemj.org\/es\/#\/schema\/person\/52c977945df7ce740726c5e2ad0089ac"},"headline":"La melod\u00eda del Kol Nidre: Fuentes, Interpretaciones y Nuevas Composiciones","datePublished":"2019-04-08T17:30:00+00:00","dateModified":"2023-06-20T09:43:18+00:00","mainEntityOfPage":{"@id":"https:\/\/www.iemj.org\/es\/la-melodie-du-kol-nidre-sources-interpretations-et-nouvelles-compositions\/"},"wordCount":149,"commentCount":0,"publisher":{"@id":"https:\/\/www.iemj.org\/es\/#organization"},"image":{"@id":"https:\/\/www.iemj.org\/es\/la-melodie-du-kol-nidre-sources-interpretations-et-nouvelles-compositions\/#primaryimage"},"thumbnailUrl":"https:\/\/www.iemj.org\/wp-content\/uploads\/2019\/04\/arton3980-e1620036640218.png","keywords":["Eventos asociados"],"articleSection":["Clases \/ Conferencias","Manifestaciones"],"inLanguage":"es","potentialAction":[{"@type":"CommentAction","name":"Comment","target":["https:\/\/www.iemj.org\/es\/la-melodie-du-kol-nidre-sources-interpretations-et-nouvelles-compositions\/#respond"]}]},{"@type":"WebPage","@id":"https:\/\/www.iemj.org\/es\/la-melodie-du-kol-nidre-sources-interpretations-et-nouvelles-compositions\/","url":"https:\/\/www.iemj.org\/es\/la-melodie-du-kol-nidre-sources-interpretations-et-nouvelles-compositions\/","name":"La melod\u00eda del Kol Nidre: Fuentes, Interpretaciones y Nuevas Composiciones - Institut Europ\u00e9en des Musiques Juives","isPartOf":{"@id":"https:\/\/www.iemj.org\/es\/#website"},"primaryImageOfPage":{"@id":"https:\/\/www.iemj.org\/es\/la-melodie-du-kol-nidre-sources-interpretations-et-nouvelles-compositions\/#primaryimage"},"image":{"@id":"https:\/\/www.iemj.org\/es\/la-melodie-du-kol-nidre-sources-interpretations-et-nouvelles-compositions\/#primaryimage"},"thumbnailUrl":"https:\/\/www.iemj.org\/wp-content\/uploads\/2019\/04\/arton3980-e1620036640218.png","datePublished":"2019-04-08T17:30:00+00:00","dateModified":"2023-06-20T09:43:18+00:00","breadcrumb":{"@id":"https:\/\/www.iemj.org\/es\/la-melodie-du-kol-nidre-sources-interpretations-et-nouvelles-compositions\/#breadcrumb"},"inLanguage":"es","potentialAction":[{"@type":"ReadAction","target":["https:\/\/www.iemj.org\/es\/la-melodie-du-kol-nidre-sources-interpretations-et-nouvelles-compositions\/"]}]},{"@type":"ImageObject","inLanguage":"es","@id":"https:\/\/www.iemj.org\/es\/la-melodie-du-kol-nidre-sources-interpretations-et-nouvelles-compositions\/#primaryimage","url":"https:\/\/www.iemj.org\/wp-content\/uploads\/2019\/04\/arton3980-e1620036640218.png","contentUrl":"https:\/\/www.iemj.org\/wp-content\/uploads\/2019\/04\/arton3980-e1620036640218.png","width":350,"height":197},{"@type":"BreadcrumbList","@id":"https:\/\/www.iemj.org\/es\/la-melodie-du-kol-nidre-sources-interpretations-et-nouvelles-compositions\/#breadcrumb","itemListElement":[{"@type":"ListItem","position":1,"name":"Accueil","item":"https:\/\/www.iemj.org\/es\/"},{"@type":"ListItem","position":2,"name":"La melod\u00eda del Kol Nidre: Fuentes, Interpretaciones y Nuevas Composiciones"}]},{"@type":"WebSite","@id":"https:\/\/www.iemj.org\/es\/#website","url":"https:\/\/www.iemj.org\/es\/","name":"Institut Europ\u00e9en des Musiques Juives","description":"Des traditions musicales \u00e0 la port\u00e9e de tous","publisher":{"@id":"https:\/\/www.iemj.org\/es\/#organization"},"potentialAction":[{"@type":"SearchAction","target":{"@type":"EntryPoint","urlTemplate":"https:\/\/www.iemj.org\/es\/?s={search_term_string}"},"query-input":{"@type":"PropertyValueSpecification","valueRequired":true,"valueName":"search_term_string"}}],"inLanguage":"es"},{"@type":"Organization","@id":"https:\/\/www.iemj.org\/es\/#organization","name":"Institut Europ\u00e9en des Musiques Juives","url":"https:\/\/www.iemj.org\/es\/","logo":{"@type":"ImageObject","inLanguage":"es","@id":"https:\/\/www.iemj.org\/es\/#\/schema\/logo\/image\/","url":"https:\/\/www.iemj.org\/wp-content\/uploads\/2021\/09\/Logo-IEMJ-Paypal.jpg","contentUrl":"https:\/\/www.iemj.org\/wp-content\/uploads\/2021\/09\/Logo-IEMJ-Paypal.jpg","width":150,"height":50,"caption":"Institut Europ\u00e9en des Musiques Juives"},"image":{"@id":"https:\/\/www.iemj.org\/es\/#\/schema\/logo\/image\/"},"sameAs":["https:\/\/www.facebook.com\/MusiquesJuives\/","https:\/\/www.instagram.com\/musiquesjuives\/","https:\/\/www.youtube.com\/user\/musiquesjuives"]},{"@type":"Person","@id":"https:\/\/www.iemj.org\/es\/#\/schema\/person\/52c977945df7ce740726c5e2ad0089ac","name":"Espace Culturel et Universitaire Juif d'Europe","image":{"@type":"ImageObject","inLanguage":"es","@id":"https:\/\/secure.gravatar.com\/avatar\/19d0c551eee6737154b87437e7d6463ea6b8d85986761baa7ed5b6aaefd3e8b8?s=96&d=mm&r=g","url":"https:\/\/secure.gravatar.com\/avatar\/19d0c551eee6737154b87437e7d6463ea6b8d85986761baa7ed5b6aaefd3e8b8?s=96&d=mm&r=g","contentUrl":"https:\/\/secure.gravatar.com\/avatar\/19d0c551eee6737154b87437e7d6463ea6b8d85986761baa7ed5b6aaefd3e8b8?s=96&d=mm&r=g","caption":"Espace Culturel et Universitaire Juif d'Europe"}}]}},"_links":{"self":[{"href":"https:\/\/www.iemj.org\/es\/wp-json\/wp\/v2\/posts\/97845","targetHints":{"allow":["GET"]}}],"collection":[{"href":"https:\/\/www.iemj.org\/es\/wp-json\/wp\/v2\/posts"}],"about":[{"href":"https:\/\/www.iemj.org\/es\/wp-json\/wp\/v2\/types\/post"}],"author":[{"embeddable":true,"href":"https:\/\/www.iemj.org\/es\/wp-json\/wp\/v2\/users\/1095"}],"replies":[{"embeddable":true,"href":"https:\/\/www.iemj.org\/es\/wp-json\/wp\/v2\/comments?post=97845"}],"version-history":[{"count":0,"href":"https:\/\/www.iemj.org\/es\/wp-json\/wp\/v2\/posts\/97845\/revisions"}],"wp:featuredmedia":[{"embeddable":true,"href":"https:\/\/www.iemj.org\/es\/wp-json\/wp\/v2\/media\/97846"}],"wp:attachment":[{"href":"https:\/\/www.iemj.org\/es\/wp-json\/wp\/v2\/media?parent=97845"}],"wp:term":[{"taxonomy":"category","embeddable":true,"href":"https:\/\/www.iemj.org\/es\/wp-json\/wp\/v2\/categories?post=97845"},{"taxonomy":"post_tag","embeddable":true,"href":"https:\/\/www.iemj.org\/es\/wp-json\/wp\/v2\/tags?post=97845"},{"taxonomy":"technique","embeddable":true,"href":"https:\/\/www.iemj.org\/es\/wp-json\/wp\/v2\/technique?post=97845"},{"taxonomy":"squelettes","embeddable":true,"href":"https:\/\/www.iemj.org\/es\/wp-json\/wp\/v2\/squelettes?post=97845"},{"taxonomy":"sujet","embeddable":true,"href":"https:\/\/www.iemj.org\/es\/wp-json\/wp\/v2\/sujet?post=97845"},{"taxonomy":"formation","embeddable":true,"href":"https:\/\/www.iemj.org\/es\/wp-json\/wp\/v2\/formation?post=97845"},{"taxonomy":"genre","embeddable":true,"href":"https:\/\/www.iemj.org\/es\/wp-json\/wp\/v2\/genre?post=97845"},{"taxonomy":"fonds","embeddable":true,"href":"https:\/\/www.iemj.org\/es\/wp-json\/wp\/v2\/fonds?post=97845"},{"taxonomy":"tradition","embeddable":true,"href":"https:\/\/www.iemj.org\/es\/wp-json\/wp\/v2\/tradition?post=97845"},{"taxonomy":"type-de-contenu","embeddable":true,"href":"https:\/\/www.iemj.org\/es\/wp-json\/wp\/v2\/type-de-contenu?post=97845"},{"taxonomy":"interprete-compositeur","embeddable":true,"href":"https:\/\/www.iemj.org\/es\/wp-json\/wp\/v2\/interprete-compositeur?post=97845"},{"taxonomy":"frise","embeddable":true,"href":"https:\/\/www.iemj.org\/es\/wp-json\/wp\/v2\/frise?post=97845"},{"taxonomy":"type-devenement","embeddable":true,"href":"https:\/\/www.iemj.org\/es\/wp-json\/wp\/v2\/type-devenement?post=97845"},{"taxonomy":"tableaux-liens-externes","embeddable":true,"href":"https:\/\/www.iemj.org\/es\/wp-json\/wp\/v2\/tableaux-liens-externes?post=97845"}],"curies":[{"name":"wp","href":"https:\/\/api.w.org\/{rel}","templated":true}]}}