{"id":97894,"date":"2015-10-20T11:58:00","date_gmt":"2015-10-20T09:58:00","guid":{"rendered":"https:\/\/www.iemj.org\/grand-concert-de-gala-de-linstitut-europeen-des-musiques-juives\/"},"modified":"2023-06-07T16:31:40","modified_gmt":"2023-06-07T14:31:40","slug":"grand-concert-de-gala-de-linstitut-europeen-des-musiques-juives","status":"publish","type":"post","link":"https:\/\/www.iemj.org\/es\/grand-concert-de-gala-de-linstitut-europeen-des-musiques-juives\/","title":{"rendered":"Gran concierto de gala del Instituto Europeo de M\u00fasicas Jud\u00edas"},"content":{"rendered":"<p><strong>Organizado por la Fundaci\u00f3n Henriette Halphen, bajo los auspicios de la Fondation du Juda\u00efsme Fran\u00e7ais<\/strong><\/p>\n<p><!--more--><\/p>\n\n\n<h2 class=\"wp-block-heading has-text-align-center post_excerpt\"><strong>Domingo 8 de noviembre de 2015 a las 17:30<\/strong><\/h2>\n\n\n\n<h2 class=\"wp-block-heading has-text-align-center post_excerpt\"><strong>Teatro<\/strong> <strong>Adyar &#8211; 4, square Rapp, 75007 Paris<\/strong><\/h2>\n\n\n\n<h2 class=\"wp-block-heading post_excerpt\">&nbsp;<\/h2>\n\n\n\n<h1 class=\"wp-block-heading\">&nbsp;<\/h1>\n\n\n\n<h2 class=\"wp-block-heading has-text-align-center\"><br>El Instituto Europeo de M\u00fasicas Jud\u00edas tiene el placer de invitarles a su gran concierto de gala<\/h2>\n\n\n\n<!--more-->\n\n\n\n<h2 class=\"wp-block-heading has-text-align-center\"><strong>\u201cLa m\u00fasica jud\u00eda en todas sus formas\u201d<\/strong><\/h2>\n\n\n\n<h1 class=\"wp-block-heading\">&nbsp;<\/h1>\n\n\n\n<p class=\"has-text-align-left\"><strong>Ce concert, compos\u00e9 de musiques classiques, klezmer, chansons yiddish et jud\u00e9o-espagnoles, sera suivi d&#8217;un cocktail.<\/strong><\/p>\n\n\n\n<p>Tras este concierto, compuesto por m\u00fasicas cl\u00e1sicas, klezmer, canciones yiddish y judeoespa\u00f1olas, seguir\u00e1 un c\u00f3ctel.<\/p>\n\n\n\n<h2 class=\"wp-block-heading alignwide has-text-align-center\">PROGRAMA DEL CONCIERTO<\/h2>\n\n\n\n<h3 class=\"wp-block-heading has-text-align-center\">M\u00daSICA CL\u00c1SICA<\/h3>\n\n\n\n<p class=\"has-text-align-center\"><strong>Fernand Halphen<\/strong><\/p>\n\n\n\n<p class=\"has-text-align-center\">\u2013 Feuillet d\u2019album, para piano<br>\u2013 Andante religioso para violonchelo y piano<br>\u2013 Sonata para piano y viol\u00edn \u2013 1er movimiento<\/p>\n\n\n\n<p class=\"has-text-align-center\"><strong>Alberto Hemsi<br><\/strong>\u2013 2\u00e8me Suite Sefardie (1956) para piano y alto (creaci\u00f3n francesa)<\/p>\n\n\n\n<p class=\"has-text-align-center\"><strong>Serge Kaufmann<br><\/strong>\u2013 Petite suite Klezmer para clarinete y piano (creaci\u00f3n mundial)<\/p>\n\n\n\n<p class=\"has-text-align-center\"><strong>Georges Enesco<br><\/strong>\u2013 Nocturne Ville d\u2019Avrayen para piano,viol\u00edn, alto y violonchelo (creaci\u00f3n mundial de la versi\u00f3n original)<\/p>\n\n\n\n<p>Con: Martine Bailly, violonchelo ; Philippe Cuper, clarinete ; Yun-Yang Lee, piano ; Florin Szigeti, viol\u00edn ; Ralph Szigeti, alto<\/p>\n\n\n\n<h3 class=\"wp-block-heading has-text-align-center\">CANTOS TRADICIONALES JUDEOESPA\u00d1OLeS<\/h3>\n\n\n\n<p>Con : Keren Esther (canto) y Narciso Sa\u00fal (guitarra)<\/p>\n\n\n\n<h3 class=\"wp-block-heading has-text-align-center\">CANCIONES YIDDISH Y M\u00daSICA KLEZMER<\/h3>\n\n\n\n<p>Con : Ensemble Yerushe : El\u00e9onore Biezunski (canto y viol\u00edn) \u2013 Stephen Harrison (contrabajo) \u2013 Michel Schick (clarinete) \u2013 Piotr Odrekhivskyy (acorde\u00f3n)<\/p>\n\n\n\n<p><a href=\"https:\/\/www.iemj.org\/IMG\/pdf\/20151002_iemj_flyer_ok-2.pdf\">Consultar el programa del concierto<\/a><\/p>\n\n\n\n<p><a href=\"https:\/\/www.iemj.org\/IMG\/pdf\/dossier_presse_concert_gala_iemj_08-11-2015-2.pdf\" target=\"_blank\" rel=\"noreferrer noopener\">Consultar el dossier de prensa<\/a><\/p>\n\n\n\n<p><strong><a href=\"https:\/\/www.iemj.org\/es\/videos-du-concert-de-gala-de-linstitut-europeen-des-musiques-juives-edition-2015\/\" target=\"_blank\" rel=\"noreferrer noopener\">Ver fragmentos del concierto de gala<\/a><\/strong><\/p>\n\n\n\n<p><strong>Informaci\u00f3n pr\u00e1ctica:<br><\/strong>Teatro Adyar \u2013 4, square Rapp, 75007 Par\u00eds<br>Metro: Ecole Militaire, RER C: Pont de l\u2019Alma, B\u00fas: 42 \u2013 63 \u2013 69 \u2013 80 \u2013 87 \u2013 92<br>Precios: 25 \u20ac \u2013 50 \u20ac* \u2013 100 \u20ac* \u2013 200 \u20ac* (*con recibo Cerfa)<br>Se recomienda reservar previamente al 01 45 82 20 52.<br>Contacto : Jacqueline Roten : 01 45 82 20 52 \u2013 \u2013 <a href=\"contact@iemj.org\">contact@iemj.org<\/a><\/p>\n\n\n\n<p><a href=\"http:\/\/boutique.iemj.org\/fr\/home\/143-concert-de-gala-du-8-novembre-2015.html\"><strong>Comprar su billete en l\u00ednea (pago seguro)<\/strong><\/a><\/p>\n\n\n\n<p>Tambi\u00e9n puede apoyar al Instituto Europeo de M\u00fasicas Jud\u00edas efectuando una donaci\u00f3n en l\u00ednea. Recibir\u00e1 un Cerfa. Por cualquiera donaci\u00f3n superior a 200 \u20ac, recibir\u00e1 una entrada Premium.<\/p>\n\n\n\n<p><\/p>\n","protected":false},"excerpt":{"rendered":"<p>Organizado por la Fundaci\u00f3n Henriette Halphen, bajo los auspicios de la Fondation du Juda\u00efsme Fran\u00e7ais<\/p>\n","protected":false},"author":1045,"featured_media":97895,"comment_status":"closed","ping_status":"open","sticky":false,"template":"","format":"standard","meta":{"_acf_changed":false,"footnotes":""},"categories":[1380,1372],"tags":[2223],"technique":[],"squelettes":[],"sujet":[],"formation":[],"genre":[],"fonds":[],"tradition":[],"type-de-contenu":[],"interprete-compositeur":[],"frise":[],"type-devenement":[],"tableaux-liens-externes":[],"class_list":["post-97894","post","type-post","status-publish","format-standard","has-post-thumbnail","hentry","category-conciertos-manifestaciones-es","category-manifestaciones-es","tag-eventos-iemj-es"],"acf":[],"yoast_head":"<!-- This site is optimized with the Yoast SEO plugin v27.3 - https:\/\/yoast.com\/product\/yoast-seo-wordpress\/ -->\n<title>Gran concierto de gala del Instituto Europeo de M\u00fasicas Jud\u00edas - Institut Europ\u00e9en des Musiques Juives<\/title>\n<meta name=\"robots\" content=\"noindex, follow\" \/>\n<meta property=\"og:locale\" content=\"es_ES\" \/>\n<meta property=\"og:type\" content=\"article\" \/>\n<meta property=\"og:title\" content=\"Gran concierto de gala del Instituto Europeo de M\u00fasicas Jud\u00edas - Institut Europ\u00e9en des Musiques Juives\" \/>\n<meta property=\"og:description\" content=\"Organizado por la Fundaci\u00f3n Henriette Halphen, bajo los auspicios de la Fondation du Juda\u00efsme Fran\u00e7ais\" \/>\n<meta property=\"og:url\" content=\"https:\/\/www.iemj.org\/es\/grand-concert-de-gala-de-linstitut-europeen-des-musiques-juives\/\" \/>\n<meta property=\"og:site_name\" content=\"Institut Europ\u00e9en des Musiques Juives\" \/>\n<meta property=\"article:publisher\" content=\"https:\/\/www.facebook.com\/MusiquesJuives\/\" \/>\n<meta property=\"article:published_time\" content=\"2015-10-20T09:58:00+00:00\" \/>\n<meta property=\"article:modified_time\" content=\"2023-06-07T14:31:40+00:00\" \/>\n<meta property=\"og:image\" content=\"https:\/\/www.iemj.org\/wp-content\/uploads\/2015\/10\/arton1131-e1620056563112.jpg\" \/>\n\t<meta property=\"og:image:width\" content=\"350\" \/>\n\t<meta property=\"og:image:height\" content=\"374\" \/>\n\t<meta property=\"og:image:type\" content=\"image\/jpeg\" \/>\n<meta name=\"author\" content=\"Herv\u00e9 Roten\" \/>\n<meta name=\"twitter:card\" content=\"summary_large_image\" \/>\n<meta name=\"twitter:label1\" content=\"Escrito por\" \/>\n\t<meta name=\"twitter:data1\" content=\"Herv\u00e9 Roten\" \/>\n\t<meta name=\"twitter:label2\" content=\"Tiempo de lectura\" \/>\n\t<meta name=\"twitter:data2\" content=\"2 minutos\" \/>\n<script type=\"application\/ld+json\" class=\"yoast-schema-graph\">{\"@context\":\"https:\\\/\\\/schema.org\",\"@graph\":[{\"@type\":\"Article\",\"@id\":\"https:\\\/\\\/www.iemj.org\\\/es\\\/grand-concert-de-gala-de-linstitut-europeen-des-musiques-juives\\\/#article\",\"isPartOf\":{\"@id\":\"https:\\\/\\\/www.iemj.org\\\/es\\\/grand-concert-de-gala-de-linstitut-europeen-des-musiques-juives\\\/\"},\"author\":{\"name\":\"Herv\u00e9 Roten\",\"@id\":\"https:\\\/\\\/www.iemj.org\\\/es\\\/#\\\/schema\\\/person\\\/906134402c29d5c76e7b726261dd4bbd\"},\"headline\":\"Gran concierto de gala del Instituto Europeo de M\u00fasicas Jud\u00edas\",\"datePublished\":\"2015-10-20T09:58:00+00:00\",\"dateModified\":\"2023-06-07T14:31:40+00:00\",\"mainEntityOfPage\":{\"@id\":\"https:\\\/\\\/www.iemj.org\\\/es\\\/grand-concert-de-gala-de-linstitut-europeen-des-musiques-juives\\\/\"},\"wordCount\":329,\"publisher\":{\"@id\":\"https:\\\/\\\/www.iemj.org\\\/es\\\/#organization\"},\"image\":{\"@id\":\"https:\\\/\\\/www.iemj.org\\\/es\\\/grand-concert-de-gala-de-linstitut-europeen-des-musiques-juives\\\/#primaryimage\"},\"thumbnailUrl\":\"https:\\\/\\\/www.iemj.org\\\/wp-content\\\/uploads\\\/2015\\\/10\\\/arton1131-e1620056563112.jpg\",\"keywords\":[\"Eventos IEMJ\"],\"articleSection\":[\"Conciertos\",\"Manifestaciones\"],\"inLanguage\":\"es\"},{\"@type\":\"WebPage\",\"@id\":\"https:\\\/\\\/www.iemj.org\\\/es\\\/grand-concert-de-gala-de-linstitut-europeen-des-musiques-juives\\\/\",\"url\":\"https:\\\/\\\/www.iemj.org\\\/es\\\/grand-concert-de-gala-de-linstitut-europeen-des-musiques-juives\\\/\",\"name\":\"Gran concierto de gala del Instituto Europeo de M\u00fasicas Jud\u00edas - Institut Europ\u00e9en des Musiques Juives\",\"isPartOf\":{\"@id\":\"https:\\\/\\\/www.iemj.org\\\/es\\\/#website\"},\"primaryImageOfPage\":{\"@id\":\"https:\\\/\\\/www.iemj.org\\\/es\\\/grand-concert-de-gala-de-linstitut-europeen-des-musiques-juives\\\/#primaryimage\"},\"image\":{\"@id\":\"https:\\\/\\\/www.iemj.org\\\/es\\\/grand-concert-de-gala-de-linstitut-europeen-des-musiques-juives\\\/#primaryimage\"},\"thumbnailUrl\":\"https:\\\/\\\/www.iemj.org\\\/wp-content\\\/uploads\\\/2015\\\/10\\\/arton1131-e1620056563112.jpg\",\"datePublished\":\"2015-10-20T09:58:00+00:00\",\"dateModified\":\"2023-06-07T14:31:40+00:00\",\"breadcrumb\":{\"@id\":\"https:\\\/\\\/www.iemj.org\\\/es\\\/grand-concert-de-gala-de-linstitut-europeen-des-musiques-juives\\\/#breadcrumb\"},\"inLanguage\":\"es\",\"potentialAction\":[{\"@type\":\"ReadAction\",\"target\":[\"https:\\\/\\\/www.iemj.org\\\/es\\\/grand-concert-de-gala-de-linstitut-europeen-des-musiques-juives\\\/\"]}]},{\"@type\":\"ImageObject\",\"inLanguage\":\"es\",\"@id\":\"https:\\\/\\\/www.iemj.org\\\/es\\\/grand-concert-de-gala-de-linstitut-europeen-des-musiques-juives\\\/#primaryimage\",\"url\":\"https:\\\/\\\/www.iemj.org\\\/wp-content\\\/uploads\\\/2015\\\/10\\\/arton1131-e1620056563112.jpg\",\"contentUrl\":\"https:\\\/\\\/www.iemj.org\\\/wp-content\\\/uploads\\\/2015\\\/10\\\/arton1131-e1620056563112.jpg\",\"width\":350,\"height\":374},{\"@type\":\"BreadcrumbList\",\"@id\":\"https:\\\/\\\/www.iemj.org\\\/es\\\/grand-concert-de-gala-de-linstitut-europeen-des-musiques-juives\\\/#breadcrumb\",\"itemListElement\":[{\"@type\":\"ListItem\",\"position\":1,\"name\":\"Accueil\",\"item\":\"https:\\\/\\\/www.iemj.org\\\/es\\\/\"},{\"@type\":\"ListItem\",\"position\":2,\"name\":\"Gran concierto de gala del Instituto Europeo de M\u00fasicas Jud\u00edas\"}]},{\"@type\":\"WebSite\",\"@id\":\"https:\\\/\\\/www.iemj.org\\\/es\\\/#website\",\"url\":\"https:\\\/\\\/www.iemj.org\\\/es\\\/\",\"name\":\"Institut Europ\u00e9en des Musiques Juives\",\"description\":\"Des traditions musicales \u00e0 la port\u00e9e de tous\",\"publisher\":{\"@id\":\"https:\\\/\\\/www.iemj.org\\\/es\\\/#organization\"},\"potentialAction\":[{\"@type\":\"SearchAction\",\"target\":{\"@type\":\"EntryPoint\",\"urlTemplate\":\"https:\\\/\\\/www.iemj.org\\\/es\\\/?s={search_term_string}\"},\"query-input\":{\"@type\":\"PropertyValueSpecification\",\"valueRequired\":true,\"valueName\":\"search_term_string\"}}],\"inLanguage\":\"es\"},{\"@type\":\"Organization\",\"@id\":\"https:\\\/\\\/www.iemj.org\\\/es\\\/#organization\",\"name\":\"Institut Europ\u00e9en des Musiques Juives\",\"url\":\"https:\\\/\\\/www.iemj.org\\\/es\\\/\",\"logo\":{\"@type\":\"ImageObject\",\"inLanguage\":\"es\",\"@id\":\"https:\\\/\\\/www.iemj.org\\\/es\\\/#\\\/schema\\\/logo\\\/image\\\/\",\"url\":\"https:\\\/\\\/www.iemj.org\\\/wp-content\\\/uploads\\\/2021\\\/09\\\/Logo-IEMJ-Paypal.jpg\",\"contentUrl\":\"https:\\\/\\\/www.iemj.org\\\/wp-content\\\/uploads\\\/2021\\\/09\\\/Logo-IEMJ-Paypal.jpg\",\"width\":150,\"height\":50,\"caption\":\"Institut Europ\u00e9en des Musiques Juives\"},\"image\":{\"@id\":\"https:\\\/\\\/www.iemj.org\\\/es\\\/#\\\/schema\\\/logo\\\/image\\\/\"},\"sameAs\":[\"https:\\\/\\\/www.facebook.com\\\/MusiquesJuives\\\/\",\"https:\\\/\\\/www.instagram.com\\\/musiquesjuives\\\/\",\"https:\\\/\\\/www.youtube.com\\\/user\\\/musiquesjuives\"]},{\"@type\":\"Person\",\"@id\":\"https:\\\/\\\/www.iemj.org\\\/es\\\/#\\\/schema\\\/person\\\/906134402c29d5c76e7b726261dd4bbd\",\"name\":\"Herv\u00e9 Roten\",\"image\":{\"@type\":\"ImageObject\",\"inLanguage\":\"es\",\"@id\":\"https:\\\/\\\/secure.gravatar.com\\\/avatar\\\/f96ad2db538a26481f18384936b5cd0610c92d390c4dc382209216d455f685ff?s=96&d=mm&r=g\",\"url\":\"https:\\\/\\\/secure.gravatar.com\\\/avatar\\\/f96ad2db538a26481f18384936b5cd0610c92d390c4dc382209216d455f685ff?s=96&d=mm&r=g\",\"contentUrl\":\"https:\\\/\\\/secure.gravatar.com\\\/avatar\\\/f96ad2db538a26481f18384936b5cd0610c92d390c4dc382209216d455f685ff?s=96&d=mm&r=g\",\"caption\":\"Herv\u00e9 Roten\"}}]}<\/script>\n<!-- \/ Yoast SEO plugin. -->","yoast_head_json":{"title":"Gran concierto de gala del Instituto Europeo de M\u00fasicas Jud\u00edas - Institut Europ\u00e9en des Musiques Juives","robots":{"index":"noindex","follow":"follow"},"og_locale":"es_ES","og_type":"article","og_title":"Gran concierto de gala del Instituto Europeo de M\u00fasicas Jud\u00edas - Institut Europ\u00e9en des Musiques Juives","og_description":"Organizado por la Fundaci\u00f3n Henriette Halphen, bajo los auspicios de la Fondation du Juda\u00efsme Fran\u00e7ais","og_url":"https:\/\/www.iemj.org\/es\/grand-concert-de-gala-de-linstitut-europeen-des-musiques-juives\/","og_site_name":"Institut Europ\u00e9en des Musiques Juives","article_publisher":"https:\/\/www.facebook.com\/MusiquesJuives\/","article_published_time":"2015-10-20T09:58:00+00:00","article_modified_time":"2023-06-07T14:31:40+00:00","og_image":[{"width":350,"height":374,"url":"https:\/\/www.iemj.org\/wp-content\/uploads\/2015\/10\/arton1131-e1620056563112.jpg","type":"image\/jpeg"}],"author":"Herv\u00e9 Roten","twitter_card":"summary_large_image","twitter_misc":{"Escrito por":"Herv\u00e9 Roten","Tiempo de lectura":"2 minutos"},"schema":{"@context":"https:\/\/schema.org","@graph":[{"@type":"Article","@id":"https:\/\/www.iemj.org\/es\/grand-concert-de-gala-de-linstitut-europeen-des-musiques-juives\/#article","isPartOf":{"@id":"https:\/\/www.iemj.org\/es\/grand-concert-de-gala-de-linstitut-europeen-des-musiques-juives\/"},"author":{"name":"Herv\u00e9 Roten","@id":"https:\/\/www.iemj.org\/es\/#\/schema\/person\/906134402c29d5c76e7b726261dd4bbd"},"headline":"Gran concierto de gala del Instituto Europeo de M\u00fasicas Jud\u00edas","datePublished":"2015-10-20T09:58:00+00:00","dateModified":"2023-06-07T14:31:40+00:00","mainEntityOfPage":{"@id":"https:\/\/www.iemj.org\/es\/grand-concert-de-gala-de-linstitut-europeen-des-musiques-juives\/"},"wordCount":329,"publisher":{"@id":"https:\/\/www.iemj.org\/es\/#organization"},"image":{"@id":"https:\/\/www.iemj.org\/es\/grand-concert-de-gala-de-linstitut-europeen-des-musiques-juives\/#primaryimage"},"thumbnailUrl":"https:\/\/www.iemj.org\/wp-content\/uploads\/2015\/10\/arton1131-e1620056563112.jpg","keywords":["Eventos IEMJ"],"articleSection":["Conciertos","Manifestaciones"],"inLanguage":"es"},{"@type":"WebPage","@id":"https:\/\/www.iemj.org\/es\/grand-concert-de-gala-de-linstitut-europeen-des-musiques-juives\/","url":"https:\/\/www.iemj.org\/es\/grand-concert-de-gala-de-linstitut-europeen-des-musiques-juives\/","name":"Gran concierto de gala del Instituto Europeo de M\u00fasicas Jud\u00edas - Institut Europ\u00e9en des Musiques Juives","isPartOf":{"@id":"https:\/\/www.iemj.org\/es\/#website"},"primaryImageOfPage":{"@id":"https:\/\/www.iemj.org\/es\/grand-concert-de-gala-de-linstitut-europeen-des-musiques-juives\/#primaryimage"},"image":{"@id":"https:\/\/www.iemj.org\/es\/grand-concert-de-gala-de-linstitut-europeen-des-musiques-juives\/#primaryimage"},"thumbnailUrl":"https:\/\/www.iemj.org\/wp-content\/uploads\/2015\/10\/arton1131-e1620056563112.jpg","datePublished":"2015-10-20T09:58:00+00:00","dateModified":"2023-06-07T14:31:40+00:00","breadcrumb":{"@id":"https:\/\/www.iemj.org\/es\/grand-concert-de-gala-de-linstitut-europeen-des-musiques-juives\/#breadcrumb"},"inLanguage":"es","potentialAction":[{"@type":"ReadAction","target":["https:\/\/www.iemj.org\/es\/grand-concert-de-gala-de-linstitut-europeen-des-musiques-juives\/"]}]},{"@type":"ImageObject","inLanguage":"es","@id":"https:\/\/www.iemj.org\/es\/grand-concert-de-gala-de-linstitut-europeen-des-musiques-juives\/#primaryimage","url":"https:\/\/www.iemj.org\/wp-content\/uploads\/2015\/10\/arton1131-e1620056563112.jpg","contentUrl":"https:\/\/www.iemj.org\/wp-content\/uploads\/2015\/10\/arton1131-e1620056563112.jpg","width":350,"height":374},{"@type":"BreadcrumbList","@id":"https:\/\/www.iemj.org\/es\/grand-concert-de-gala-de-linstitut-europeen-des-musiques-juives\/#breadcrumb","itemListElement":[{"@type":"ListItem","position":1,"name":"Accueil","item":"https:\/\/www.iemj.org\/es\/"},{"@type":"ListItem","position":2,"name":"Gran concierto de gala del Instituto Europeo de M\u00fasicas Jud\u00edas"}]},{"@type":"WebSite","@id":"https:\/\/www.iemj.org\/es\/#website","url":"https:\/\/www.iemj.org\/es\/","name":"Institut Europ\u00e9en des Musiques Juives","description":"Des traditions musicales \u00e0 la port\u00e9e de tous","publisher":{"@id":"https:\/\/www.iemj.org\/es\/#organization"},"potentialAction":[{"@type":"SearchAction","target":{"@type":"EntryPoint","urlTemplate":"https:\/\/www.iemj.org\/es\/?s={search_term_string}"},"query-input":{"@type":"PropertyValueSpecification","valueRequired":true,"valueName":"search_term_string"}}],"inLanguage":"es"},{"@type":"Organization","@id":"https:\/\/www.iemj.org\/es\/#organization","name":"Institut Europ\u00e9en des Musiques Juives","url":"https:\/\/www.iemj.org\/es\/","logo":{"@type":"ImageObject","inLanguage":"es","@id":"https:\/\/www.iemj.org\/es\/#\/schema\/logo\/image\/","url":"https:\/\/www.iemj.org\/wp-content\/uploads\/2021\/09\/Logo-IEMJ-Paypal.jpg","contentUrl":"https:\/\/www.iemj.org\/wp-content\/uploads\/2021\/09\/Logo-IEMJ-Paypal.jpg","width":150,"height":50,"caption":"Institut Europ\u00e9en des Musiques Juives"},"image":{"@id":"https:\/\/www.iemj.org\/es\/#\/schema\/logo\/image\/"},"sameAs":["https:\/\/www.facebook.com\/MusiquesJuives\/","https:\/\/www.instagram.com\/musiquesjuives\/","https:\/\/www.youtube.com\/user\/musiquesjuives"]},{"@type":"Person","@id":"https:\/\/www.iemj.org\/es\/#\/schema\/person\/906134402c29d5c76e7b726261dd4bbd","name":"Herv\u00e9 Roten","image":{"@type":"ImageObject","inLanguage":"es","@id":"https:\/\/secure.gravatar.com\/avatar\/f96ad2db538a26481f18384936b5cd0610c92d390c4dc382209216d455f685ff?s=96&d=mm&r=g","url":"https:\/\/secure.gravatar.com\/avatar\/f96ad2db538a26481f18384936b5cd0610c92d390c4dc382209216d455f685ff?s=96&d=mm&r=g","contentUrl":"https:\/\/secure.gravatar.com\/avatar\/f96ad2db538a26481f18384936b5cd0610c92d390c4dc382209216d455f685ff?s=96&d=mm&r=g","caption":"Herv\u00e9 Roten"}}]}},"_links":{"self":[{"href":"https:\/\/www.iemj.org\/es\/wp-json\/wp\/v2\/posts\/97894","targetHints":{"allow":["GET"]}}],"collection":[{"href":"https:\/\/www.iemj.org\/es\/wp-json\/wp\/v2\/posts"}],"about":[{"href":"https:\/\/www.iemj.org\/es\/wp-json\/wp\/v2\/types\/post"}],"author":[{"embeddable":true,"href":"https:\/\/www.iemj.org\/es\/wp-json\/wp\/v2\/users\/1045"}],"replies":[{"embeddable":true,"href":"https:\/\/www.iemj.org\/es\/wp-json\/wp\/v2\/comments?post=97894"}],"version-history":[{"count":0,"href":"https:\/\/www.iemj.org\/es\/wp-json\/wp\/v2\/posts\/97894\/revisions"}],"wp:featuredmedia":[{"embeddable":true,"href":"https:\/\/www.iemj.org\/es\/wp-json\/wp\/v2\/media\/97895"}],"wp:attachment":[{"href":"https:\/\/www.iemj.org\/es\/wp-json\/wp\/v2\/media?parent=97894"}],"wp:term":[{"taxonomy":"category","embeddable":true,"href":"https:\/\/www.iemj.org\/es\/wp-json\/wp\/v2\/categories?post=97894"},{"taxonomy":"post_tag","embeddable":true,"href":"https:\/\/www.iemj.org\/es\/wp-json\/wp\/v2\/tags?post=97894"},{"taxonomy":"technique","embeddable":true,"href":"https:\/\/www.iemj.org\/es\/wp-json\/wp\/v2\/technique?post=97894"},{"taxonomy":"squelettes","embeddable":true,"href":"https:\/\/www.iemj.org\/es\/wp-json\/wp\/v2\/squelettes?post=97894"},{"taxonomy":"sujet","embeddable":true,"href":"https:\/\/www.iemj.org\/es\/wp-json\/wp\/v2\/sujet?post=97894"},{"taxonomy":"formation","embeddable":true,"href":"https:\/\/www.iemj.org\/es\/wp-json\/wp\/v2\/formation?post=97894"},{"taxonomy":"genre","embeddable":true,"href":"https:\/\/www.iemj.org\/es\/wp-json\/wp\/v2\/genre?post=97894"},{"taxonomy":"fonds","embeddable":true,"href":"https:\/\/www.iemj.org\/es\/wp-json\/wp\/v2\/fonds?post=97894"},{"taxonomy":"tradition","embeddable":true,"href":"https:\/\/www.iemj.org\/es\/wp-json\/wp\/v2\/tradition?post=97894"},{"taxonomy":"type-de-contenu","embeddable":true,"href":"https:\/\/www.iemj.org\/es\/wp-json\/wp\/v2\/type-de-contenu?post=97894"},{"taxonomy":"interprete-compositeur","embeddable":true,"href":"https:\/\/www.iemj.org\/es\/wp-json\/wp\/v2\/interprete-compositeur?post=97894"},{"taxonomy":"frise","embeddable":true,"href":"https:\/\/www.iemj.org\/es\/wp-json\/wp\/v2\/frise?post=97894"},{"taxonomy":"type-devenement","embeddable":true,"href":"https:\/\/www.iemj.org\/es\/wp-json\/wp\/v2\/type-devenement?post=97894"},{"taxonomy":"tableaux-liens-externes","embeddable":true,"href":"https:\/\/www.iemj.org\/es\/wp-json\/wp\/v2\/tableaux-liens-externes?post=97894"}],"curies":[{"name":"wp","href":"https:\/\/api.w.org\/{rel}","templated":true}]}}