{"id":98213,"date":"2018-04-17T11:45:19","date_gmt":"2018-04-17T09:45:19","guid":{"rendered":"https:\/\/www.iemj.org\/le-sablier-du-temps-un-voyage-musical-au-coeur-de-lame-juive\/"},"modified":"2023-06-19T12:55:23","modified_gmt":"2023-06-19T10:55:23","slug":"le-sablier-du-temps-un-voyage-musical-au-coeur-de-lame-juive","status":"publish","type":"post","link":"https:\/\/www.iemj.org\/es\/le-sablier-du-temps-un-voyage-musical-au-coeur-de-lame-juive\/","title":{"rendered":"Le Sablier du temps &#8211; El reloj de arena -, un viaje musical por dentro del alma jud\u00eda"},"content":{"rendered":"<p>Interpretado por la violonchelista Virginie Constant y el pianista Simon Zaoui, este concierto nos propone obras escritas durante la primera mitad del siglo 20 por compositores en busca de una identidad musical jud\u00eda, ya sea Ernest Bloch, Lazare Saminsky o tambi\u00e9n Joseph Achron. Algunos, como Gideon Klein murieron tr\u00e1gicamente por culpa de esta b\u00fasqueda durante el Holocausto. Por \u00faltimo, otros como Mieczyslaw Weinberg o Serge Kaufmann, perpet\u00faan su memoria.<\/p>\n<p>A imagen del reloj de arena en el que se derrite el Tiempo de la Historia y del cual ser\u00edamos los granos de arena, este concierto tiene la ambici\u00f3n de harcernos viajar por los entresijos del alma jud\u00eda en su forma m\u00e1s universal: \u00a1su m\u00fasica!<\/p>\n<p><img fetchpriority=\"high\" decoding=\"async\" class=\" alignleft size-full wp-image-19262\" src=\"https:\/\/www.iemj.org\/wp-content\/uploads\/2018\/04\/virginie_constant.jpg\" alt=\"virginie_constant.jpg\" width=\"187\" height=\"270\" align=\"left\" \/><img decoding=\"async\" class=\" aligncenter size-full wp-image-19264\" src=\"https:\/\/www.iemj.org\/wp-content\/uploads\/2018\/04\/simon_zaoui.jpg\" alt=\"simon_zaoui.jpg\" width=\"179\" height=\"270\" align=\"center\" \/><\/p>\n<p>AYUNTAMIENTO DEL 3\u00b0 DISTRITO<br \/>\n2, rue Eug\u00e8ne Spuller, Par\u00eds 3\u00b0<br \/>\nEntrada<em> libre sin reservaci\u00f3n \/ participaci\u00f3n libre<\/em><br \/>\n<strong>Informaci\u00f3n<\/strong> al 01 45 82 20 52, <a href=\"contact@iemj.org\">contact@iemj.org<\/a>, www.iemj.org<br \/>\n<a href=\"http:\/\/www.festivaldesculturesjuives.org\/18h-le-sablier-du-temps\/\" target=\"_blank\" rel=\"noopener\">P\u00e1gina web del Festival des Cultures Juives<\/a><\/p>\n<p><a href=\"https:\/\/www.iemj.org\/es\/le-sablier-du-temps-un-voyage-musical-a-travers-lame-juive\/\" target=\"_blank\" rel=\"noopener\">Escuchar fragmentos del CD \u201cLe sablier du temps\u201d publicado por el IEMJ<\/a><\/p>\n","protected":false},"excerpt":{"rendered":"<p>Interpretado por la violonchelista Virginie Constant y el pianista Simon Zaoui, este concierto nos propone obras escritas durante la primera mitad del siglo 20 por compositores en busca de una<\/p>\n","protected":false},"author":5,"featured_media":98214,"comment_status":"closed","ping_status":"open","sticky":false,"template":"","format":"standard","meta":{"_acf_changed":false,"footnotes":""},"categories":[1380,1372],"tags":[2223],"technique":[],"squelettes":[],"sujet":[],"formation":[],"genre":[],"fonds":[],"tradition":[],"type-de-contenu":[],"interprete-compositeur":[],"frise":[],"type-devenement":[],"tableaux-liens-externes":[],"class_list":["post-98213","post","type-post","status-publish","format-standard","has-post-thumbnail","hentry","category-conciertos-manifestaciones-es","category-manifestaciones-es","tag-eventos-iemj-es"],"acf":[],"yoast_head":"<!-- This site is optimized with the Yoast SEO plugin v27.3 - https:\/\/yoast.com\/product\/yoast-seo-wordpress\/ -->\n<title>Le Sablier du temps - El reloj de arena -, un viaje musical por dentro del alma jud\u00eda - Institut Europ\u00e9en des Musiques Juives<\/title>\n<meta name=\"robots\" content=\"noindex, follow\" \/>\n<meta property=\"og:locale\" content=\"es_ES\" \/>\n<meta property=\"og:type\" content=\"article\" \/>\n<meta property=\"og:title\" content=\"Le Sablier du temps - El reloj de arena -, un viaje musical por dentro del alma jud\u00eda - Institut Europ\u00e9en des Musiques Juives\" \/>\n<meta property=\"og:description\" content=\"Interpretado por la violonchelista Virginie Constant y el pianista Simon Zaoui, este concierto nos propone obras escritas durante la primera mitad del siglo 20 por compositores en busca de una\" \/>\n<meta property=\"og:url\" content=\"https:\/\/www.iemj.org\/es\/le-sablier-du-temps-un-voyage-musical-au-coeur-de-lame-juive\/\" \/>\n<meta property=\"og:site_name\" content=\"Institut Europ\u00e9en des Musiques Juives\" \/>\n<meta property=\"article:publisher\" content=\"https:\/\/www.facebook.com\/MusiquesJuives\/\" \/>\n<meta property=\"article:published_time\" content=\"2018-04-17T09:45:19+00:00\" \/>\n<meta property=\"article:modified_time\" content=\"2023-06-19T10:55:23+00:00\" \/>\n<meta property=\"og:image\" content=\"https:\/\/www.iemj.org\/wp-content\/uploads\/2018\/04\/arton3339.jpg\" \/>\n\t<meta property=\"og:image:width\" content=\"303\" \/>\n\t<meta property=\"og:image:height\" content=\"448\" \/>\n\t<meta property=\"og:image:type\" content=\"image\/jpeg\" \/>\n<meta name=\"author\" content=\"Jacqueline ROTEN\" \/>\n<meta name=\"twitter:card\" content=\"summary_large_image\" \/>\n<meta name=\"twitter:label1\" content=\"Escrito por\" \/>\n\t<meta name=\"twitter:data1\" content=\"Jacqueline ROTEN\" \/>\n\t<meta name=\"twitter:label2\" content=\"Tiempo de lectura\" \/>\n\t<meta name=\"twitter:data2\" content=\"2 minutos\" \/>\n<script type=\"application\/ld+json\" class=\"yoast-schema-graph\">{\"@context\":\"https:\\\/\\\/schema.org\",\"@graph\":[{\"@type\":\"Article\",\"@id\":\"https:\\\/\\\/www.iemj.org\\\/es\\\/le-sablier-du-temps-un-voyage-musical-au-coeur-de-lame-juive\\\/#article\",\"isPartOf\":{\"@id\":\"https:\\\/\\\/www.iemj.org\\\/es\\\/le-sablier-du-temps-un-voyage-musical-au-coeur-de-lame-juive\\\/\"},\"author\":{\"name\":\"Jacqueline ROTEN\",\"@id\":\"https:\\\/\\\/www.iemj.org\\\/es\\\/#\\\/schema\\\/person\\\/358e26c18aca017fcc4cc15437f7279c\"},\"headline\":\"Le Sablier du temps &#8211; El reloj de arena -, un viaje musical por dentro del alma jud\u00eda\",\"datePublished\":\"2018-04-17T09:45:19+00:00\",\"dateModified\":\"2023-06-19T10:55:23+00:00\",\"mainEntityOfPage\":{\"@id\":\"https:\\\/\\\/www.iemj.org\\\/es\\\/le-sablier-du-temps-un-voyage-musical-au-coeur-de-lame-juive\\\/\"},\"wordCount\":188,\"publisher\":{\"@id\":\"https:\\\/\\\/www.iemj.org\\\/es\\\/#organization\"},\"image\":{\"@id\":\"https:\\\/\\\/www.iemj.org\\\/es\\\/le-sablier-du-temps-un-voyage-musical-au-coeur-de-lame-juive\\\/#primaryimage\"},\"thumbnailUrl\":\"https:\\\/\\\/www.iemj.org\\\/wp-content\\\/uploads\\\/2018\\\/04\\\/arton3339.jpg\",\"keywords\":[\"Eventos IEMJ\"],\"articleSection\":[\"Conciertos\",\"Manifestaciones\"],\"inLanguage\":\"es\"},{\"@type\":\"WebPage\",\"@id\":\"https:\\\/\\\/www.iemj.org\\\/es\\\/le-sablier-du-temps-un-voyage-musical-au-coeur-de-lame-juive\\\/\",\"url\":\"https:\\\/\\\/www.iemj.org\\\/es\\\/le-sablier-du-temps-un-voyage-musical-au-coeur-de-lame-juive\\\/\",\"name\":\"Le Sablier du temps - El reloj de arena -, un viaje musical por dentro del alma jud\u00eda - Institut Europ\u00e9en des Musiques Juives\",\"isPartOf\":{\"@id\":\"https:\\\/\\\/www.iemj.org\\\/es\\\/#website\"},\"primaryImageOfPage\":{\"@id\":\"https:\\\/\\\/www.iemj.org\\\/es\\\/le-sablier-du-temps-un-voyage-musical-au-coeur-de-lame-juive\\\/#primaryimage\"},\"image\":{\"@id\":\"https:\\\/\\\/www.iemj.org\\\/es\\\/le-sablier-du-temps-un-voyage-musical-au-coeur-de-lame-juive\\\/#primaryimage\"},\"thumbnailUrl\":\"https:\\\/\\\/www.iemj.org\\\/wp-content\\\/uploads\\\/2018\\\/04\\\/arton3339.jpg\",\"datePublished\":\"2018-04-17T09:45:19+00:00\",\"dateModified\":\"2023-06-19T10:55:23+00:00\",\"breadcrumb\":{\"@id\":\"https:\\\/\\\/www.iemj.org\\\/es\\\/le-sablier-du-temps-un-voyage-musical-au-coeur-de-lame-juive\\\/#breadcrumb\"},\"inLanguage\":\"es\",\"potentialAction\":[{\"@type\":\"ReadAction\",\"target\":[\"https:\\\/\\\/www.iemj.org\\\/es\\\/le-sablier-du-temps-un-voyage-musical-au-coeur-de-lame-juive\\\/\"]}]},{\"@type\":\"ImageObject\",\"inLanguage\":\"es\",\"@id\":\"https:\\\/\\\/www.iemj.org\\\/es\\\/le-sablier-du-temps-un-voyage-musical-au-coeur-de-lame-juive\\\/#primaryimage\",\"url\":\"https:\\\/\\\/www.iemj.org\\\/wp-content\\\/uploads\\\/2018\\\/04\\\/arton3339.jpg\",\"contentUrl\":\"https:\\\/\\\/www.iemj.org\\\/wp-content\\\/uploads\\\/2018\\\/04\\\/arton3339.jpg\",\"width\":303,\"height\":448},{\"@type\":\"BreadcrumbList\",\"@id\":\"https:\\\/\\\/www.iemj.org\\\/es\\\/le-sablier-du-temps-un-voyage-musical-au-coeur-de-lame-juive\\\/#breadcrumb\",\"itemListElement\":[{\"@type\":\"ListItem\",\"position\":1,\"name\":\"Accueil\",\"item\":\"https:\\\/\\\/www.iemj.org\\\/es\\\/\"},{\"@type\":\"ListItem\",\"position\":2,\"name\":\"Le Sablier du temps &#8211; El reloj de arena -, un viaje musical por dentro del alma jud\u00eda\"}]},{\"@type\":\"WebSite\",\"@id\":\"https:\\\/\\\/www.iemj.org\\\/es\\\/#website\",\"url\":\"https:\\\/\\\/www.iemj.org\\\/es\\\/\",\"name\":\"Institut Europ\u00e9en des Musiques Juives\",\"description\":\"Des traditions musicales \u00e0 la port\u00e9e de tous\",\"publisher\":{\"@id\":\"https:\\\/\\\/www.iemj.org\\\/es\\\/#organization\"},\"potentialAction\":[{\"@type\":\"SearchAction\",\"target\":{\"@type\":\"EntryPoint\",\"urlTemplate\":\"https:\\\/\\\/www.iemj.org\\\/es\\\/?s={search_term_string}\"},\"query-input\":{\"@type\":\"PropertyValueSpecification\",\"valueRequired\":true,\"valueName\":\"search_term_string\"}}],\"inLanguage\":\"es\"},{\"@type\":\"Organization\",\"@id\":\"https:\\\/\\\/www.iemj.org\\\/es\\\/#organization\",\"name\":\"Institut Europ\u00e9en des Musiques Juives\",\"url\":\"https:\\\/\\\/www.iemj.org\\\/es\\\/\",\"logo\":{\"@type\":\"ImageObject\",\"inLanguage\":\"es\",\"@id\":\"https:\\\/\\\/www.iemj.org\\\/es\\\/#\\\/schema\\\/logo\\\/image\\\/\",\"url\":\"https:\\\/\\\/www.iemj.org\\\/wp-content\\\/uploads\\\/2021\\\/09\\\/Logo-IEMJ-Paypal.jpg\",\"contentUrl\":\"https:\\\/\\\/www.iemj.org\\\/wp-content\\\/uploads\\\/2021\\\/09\\\/Logo-IEMJ-Paypal.jpg\",\"width\":150,\"height\":50,\"caption\":\"Institut Europ\u00e9en des Musiques Juives\"},\"image\":{\"@id\":\"https:\\\/\\\/www.iemj.org\\\/es\\\/#\\\/schema\\\/logo\\\/image\\\/\"},\"sameAs\":[\"https:\\\/\\\/www.facebook.com\\\/MusiquesJuives\\\/\",\"https:\\\/\\\/www.instagram.com\\\/musiquesjuives\\\/\",\"https:\\\/\\\/www.youtube.com\\\/user\\\/musiquesjuives\"]},{\"@type\":\"Person\",\"@id\":\"https:\\\/\\\/www.iemj.org\\\/es\\\/#\\\/schema\\\/person\\\/358e26c18aca017fcc4cc15437f7279c\",\"name\":\"Jacqueline ROTEN\",\"image\":{\"@type\":\"ImageObject\",\"inLanguage\":\"es\",\"@id\":\"https:\\\/\\\/secure.gravatar.com\\\/avatar\\\/5964256d6c6957de3a3505278957e0fb2a35119ac47ea41827a65301213c810b?s=96&d=mm&r=g\",\"url\":\"https:\\\/\\\/secure.gravatar.com\\\/avatar\\\/5964256d6c6957de3a3505278957e0fb2a35119ac47ea41827a65301213c810b?s=96&d=mm&r=g\",\"contentUrl\":\"https:\\\/\\\/secure.gravatar.com\\\/avatar\\\/5964256d6c6957de3a3505278957e0fb2a35119ac47ea41827a65301213c810b?s=96&d=mm&r=g\",\"caption\":\"Jacqueline ROTEN\"}}]}<\/script>\n<!-- \/ Yoast SEO plugin. -->","yoast_head_json":{"title":"Le Sablier du temps - El reloj de arena -, un viaje musical por dentro del alma jud\u00eda - Institut Europ\u00e9en des Musiques Juives","robots":{"index":"noindex","follow":"follow"},"og_locale":"es_ES","og_type":"article","og_title":"Le Sablier du temps - El reloj de arena -, un viaje musical por dentro del alma jud\u00eda - Institut Europ\u00e9en des Musiques Juives","og_description":"Interpretado por la violonchelista Virginie Constant y el pianista Simon Zaoui, este concierto nos propone obras escritas durante la primera mitad del siglo 20 por compositores en busca de una","og_url":"https:\/\/www.iemj.org\/es\/le-sablier-du-temps-un-voyage-musical-au-coeur-de-lame-juive\/","og_site_name":"Institut Europ\u00e9en des Musiques Juives","article_publisher":"https:\/\/www.facebook.com\/MusiquesJuives\/","article_published_time":"2018-04-17T09:45:19+00:00","article_modified_time":"2023-06-19T10:55:23+00:00","og_image":[{"width":303,"height":448,"url":"https:\/\/www.iemj.org\/wp-content\/uploads\/2018\/04\/arton3339.jpg","type":"image\/jpeg"}],"author":"Jacqueline ROTEN","twitter_card":"summary_large_image","twitter_misc":{"Escrito por":"Jacqueline ROTEN","Tiempo de lectura":"2 minutos"},"schema":{"@context":"https:\/\/schema.org","@graph":[{"@type":"Article","@id":"https:\/\/www.iemj.org\/es\/le-sablier-du-temps-un-voyage-musical-au-coeur-de-lame-juive\/#article","isPartOf":{"@id":"https:\/\/www.iemj.org\/es\/le-sablier-du-temps-un-voyage-musical-au-coeur-de-lame-juive\/"},"author":{"name":"Jacqueline ROTEN","@id":"https:\/\/www.iemj.org\/es\/#\/schema\/person\/358e26c18aca017fcc4cc15437f7279c"},"headline":"Le Sablier du temps &#8211; El reloj de arena -, un viaje musical por dentro del alma jud\u00eda","datePublished":"2018-04-17T09:45:19+00:00","dateModified":"2023-06-19T10:55:23+00:00","mainEntityOfPage":{"@id":"https:\/\/www.iemj.org\/es\/le-sablier-du-temps-un-voyage-musical-au-coeur-de-lame-juive\/"},"wordCount":188,"publisher":{"@id":"https:\/\/www.iemj.org\/es\/#organization"},"image":{"@id":"https:\/\/www.iemj.org\/es\/le-sablier-du-temps-un-voyage-musical-au-coeur-de-lame-juive\/#primaryimage"},"thumbnailUrl":"https:\/\/www.iemj.org\/wp-content\/uploads\/2018\/04\/arton3339.jpg","keywords":["Eventos IEMJ"],"articleSection":["Conciertos","Manifestaciones"],"inLanguage":"es"},{"@type":"WebPage","@id":"https:\/\/www.iemj.org\/es\/le-sablier-du-temps-un-voyage-musical-au-coeur-de-lame-juive\/","url":"https:\/\/www.iemj.org\/es\/le-sablier-du-temps-un-voyage-musical-au-coeur-de-lame-juive\/","name":"Le Sablier du temps - El reloj de arena -, un viaje musical por dentro del alma jud\u00eda - Institut Europ\u00e9en des Musiques Juives","isPartOf":{"@id":"https:\/\/www.iemj.org\/es\/#website"},"primaryImageOfPage":{"@id":"https:\/\/www.iemj.org\/es\/le-sablier-du-temps-un-voyage-musical-au-coeur-de-lame-juive\/#primaryimage"},"image":{"@id":"https:\/\/www.iemj.org\/es\/le-sablier-du-temps-un-voyage-musical-au-coeur-de-lame-juive\/#primaryimage"},"thumbnailUrl":"https:\/\/www.iemj.org\/wp-content\/uploads\/2018\/04\/arton3339.jpg","datePublished":"2018-04-17T09:45:19+00:00","dateModified":"2023-06-19T10:55:23+00:00","breadcrumb":{"@id":"https:\/\/www.iemj.org\/es\/le-sablier-du-temps-un-voyage-musical-au-coeur-de-lame-juive\/#breadcrumb"},"inLanguage":"es","potentialAction":[{"@type":"ReadAction","target":["https:\/\/www.iemj.org\/es\/le-sablier-du-temps-un-voyage-musical-au-coeur-de-lame-juive\/"]}]},{"@type":"ImageObject","inLanguage":"es","@id":"https:\/\/www.iemj.org\/es\/le-sablier-du-temps-un-voyage-musical-au-coeur-de-lame-juive\/#primaryimage","url":"https:\/\/www.iemj.org\/wp-content\/uploads\/2018\/04\/arton3339.jpg","contentUrl":"https:\/\/www.iemj.org\/wp-content\/uploads\/2018\/04\/arton3339.jpg","width":303,"height":448},{"@type":"BreadcrumbList","@id":"https:\/\/www.iemj.org\/es\/le-sablier-du-temps-un-voyage-musical-au-coeur-de-lame-juive\/#breadcrumb","itemListElement":[{"@type":"ListItem","position":1,"name":"Accueil","item":"https:\/\/www.iemj.org\/es\/"},{"@type":"ListItem","position":2,"name":"Le Sablier du temps &#8211; El reloj de arena -, un viaje musical por dentro del alma jud\u00eda"}]},{"@type":"WebSite","@id":"https:\/\/www.iemj.org\/es\/#website","url":"https:\/\/www.iemj.org\/es\/","name":"Institut Europ\u00e9en des Musiques Juives","description":"Des traditions musicales \u00e0 la port\u00e9e de tous","publisher":{"@id":"https:\/\/www.iemj.org\/es\/#organization"},"potentialAction":[{"@type":"SearchAction","target":{"@type":"EntryPoint","urlTemplate":"https:\/\/www.iemj.org\/es\/?s={search_term_string}"},"query-input":{"@type":"PropertyValueSpecification","valueRequired":true,"valueName":"search_term_string"}}],"inLanguage":"es"},{"@type":"Organization","@id":"https:\/\/www.iemj.org\/es\/#organization","name":"Institut Europ\u00e9en des Musiques Juives","url":"https:\/\/www.iemj.org\/es\/","logo":{"@type":"ImageObject","inLanguage":"es","@id":"https:\/\/www.iemj.org\/es\/#\/schema\/logo\/image\/","url":"https:\/\/www.iemj.org\/wp-content\/uploads\/2021\/09\/Logo-IEMJ-Paypal.jpg","contentUrl":"https:\/\/www.iemj.org\/wp-content\/uploads\/2021\/09\/Logo-IEMJ-Paypal.jpg","width":150,"height":50,"caption":"Institut Europ\u00e9en des Musiques Juives"},"image":{"@id":"https:\/\/www.iemj.org\/es\/#\/schema\/logo\/image\/"},"sameAs":["https:\/\/www.facebook.com\/MusiquesJuives\/","https:\/\/www.instagram.com\/musiquesjuives\/","https:\/\/www.youtube.com\/user\/musiquesjuives"]},{"@type":"Person","@id":"https:\/\/www.iemj.org\/es\/#\/schema\/person\/358e26c18aca017fcc4cc15437f7279c","name":"Jacqueline ROTEN","image":{"@type":"ImageObject","inLanguage":"es","@id":"https:\/\/secure.gravatar.com\/avatar\/5964256d6c6957de3a3505278957e0fb2a35119ac47ea41827a65301213c810b?s=96&d=mm&r=g","url":"https:\/\/secure.gravatar.com\/avatar\/5964256d6c6957de3a3505278957e0fb2a35119ac47ea41827a65301213c810b?s=96&d=mm&r=g","contentUrl":"https:\/\/secure.gravatar.com\/avatar\/5964256d6c6957de3a3505278957e0fb2a35119ac47ea41827a65301213c810b?s=96&d=mm&r=g","caption":"Jacqueline ROTEN"}}]}},"_links":{"self":[{"href":"https:\/\/www.iemj.org\/es\/wp-json\/wp\/v2\/posts\/98213","targetHints":{"allow":["GET"]}}],"collection":[{"href":"https:\/\/www.iemj.org\/es\/wp-json\/wp\/v2\/posts"}],"about":[{"href":"https:\/\/www.iemj.org\/es\/wp-json\/wp\/v2\/types\/post"}],"author":[{"embeddable":true,"href":"https:\/\/www.iemj.org\/es\/wp-json\/wp\/v2\/users\/5"}],"replies":[{"embeddable":true,"href":"https:\/\/www.iemj.org\/es\/wp-json\/wp\/v2\/comments?post=98213"}],"version-history":[{"count":0,"href":"https:\/\/www.iemj.org\/es\/wp-json\/wp\/v2\/posts\/98213\/revisions"}],"wp:featuredmedia":[{"embeddable":true,"href":"https:\/\/www.iemj.org\/es\/wp-json\/wp\/v2\/media\/98214"}],"wp:attachment":[{"href":"https:\/\/www.iemj.org\/es\/wp-json\/wp\/v2\/media?parent=98213"}],"wp:term":[{"taxonomy":"category","embeddable":true,"href":"https:\/\/www.iemj.org\/es\/wp-json\/wp\/v2\/categories?post=98213"},{"taxonomy":"post_tag","embeddable":true,"href":"https:\/\/www.iemj.org\/es\/wp-json\/wp\/v2\/tags?post=98213"},{"taxonomy":"technique","embeddable":true,"href":"https:\/\/www.iemj.org\/es\/wp-json\/wp\/v2\/technique?post=98213"},{"taxonomy":"squelettes","embeddable":true,"href":"https:\/\/www.iemj.org\/es\/wp-json\/wp\/v2\/squelettes?post=98213"},{"taxonomy":"sujet","embeddable":true,"href":"https:\/\/www.iemj.org\/es\/wp-json\/wp\/v2\/sujet?post=98213"},{"taxonomy":"formation","embeddable":true,"href":"https:\/\/www.iemj.org\/es\/wp-json\/wp\/v2\/formation?post=98213"},{"taxonomy":"genre","embeddable":true,"href":"https:\/\/www.iemj.org\/es\/wp-json\/wp\/v2\/genre?post=98213"},{"taxonomy":"fonds","embeddable":true,"href":"https:\/\/www.iemj.org\/es\/wp-json\/wp\/v2\/fonds?post=98213"},{"taxonomy":"tradition","embeddable":true,"href":"https:\/\/www.iemj.org\/es\/wp-json\/wp\/v2\/tradition?post=98213"},{"taxonomy":"type-de-contenu","embeddable":true,"href":"https:\/\/www.iemj.org\/es\/wp-json\/wp\/v2\/type-de-contenu?post=98213"},{"taxonomy":"interprete-compositeur","embeddable":true,"href":"https:\/\/www.iemj.org\/es\/wp-json\/wp\/v2\/interprete-compositeur?post=98213"},{"taxonomy":"frise","embeddable":true,"href":"https:\/\/www.iemj.org\/es\/wp-json\/wp\/v2\/frise?post=98213"},{"taxonomy":"type-devenement","embeddable":true,"href":"https:\/\/www.iemj.org\/es\/wp-json\/wp\/v2\/type-devenement?post=98213"},{"taxonomy":"tableaux-liens-externes","embeddable":true,"href":"https:\/\/www.iemj.org\/es\/wp-json\/wp\/v2\/tableaux-liens-externes?post=98213"}],"curies":[{"name":"wp","href":"https:\/\/api.w.org\/{rel}","templated":true}]}}