{"id":98423,"date":"2016-06-21T16:21:54","date_gmt":"2016-06-21T14:21:54","guid":{"rendered":"https:\/\/www.iemj.org\/liemj-10-ans-deja\/"},"modified":"2025-12-29T10:51:30","modified_gmt":"2025-12-29T09:51:30","slug":"liemj-10-ans-deja","status":"publish","type":"post","link":"https:\/\/www.iemj.org\/es\/liemj-10-ans-deja\/","title":{"rendered":"IEMJ &#8211; \u00a110 a\u00f1os despu\u00e9s!"},"content":{"rendered":"\n<p>Fundado en 2006, el IEMJ celebr\u00f3 en 2016 sus 10 a\u00f1os de existencia. 10 a\u00f1os tan ocupados que permitieron convertir hoy en d\u00eda el IEMJ en el principal centro europeo de fondos y documentaci\u00f3n sobre las m\u00fasicas jud\u00edas.<br>\u00a1Algunas explicaciones y 2 v\u00eddeo para contar una historia extraordinaria!<\/p>\n\n\n\n<div style=\"height:12px\" aria-hidden=\"true\" class=\"wp-block-spacer\"><\/div>\n\n\n\n<p><strong>G\u00e9nesis del IEMJ: referencias cronol\u00f3gicas<\/strong><\/p>\n\n\n\n<p>Febrero de 2000: Herv\u00e9 Roten, Doctor en Musicolog\u00eda, fue contratado por Nelly Hansson, Directora de la Fundaci\u00f3n del Juda\u00edsmo Franc\u00e9s, para emprender un programa de preservaci\u00f3n y&nbsp; valorizaci\u00f3n de las m\u00fasicas jud\u00edas en Francia.<\/p>\n\n\n\n<p>2001-2002: Tras una fase de recogida e inventario de los archivos musicales, Herv\u00e9 Roten evalu\u00f3 por primera vez la situaci\u00f3n cr\u00edtica del patrimonio musical jud\u00edo franc\u00e9s.<\/p>\n\n\n\n<p>Octubre de 2002 \u2013 septiembre de 2003: Grabaci\u00f3n y publicaci\u00f3n de los dos primeros CD de la FJF (M\u00fasicas<em> de la sinagoga de Burdeos y<\/em> M\u00fasicas<em> judeofrancesas de los siglos 18 y 19<\/em>) en la colecci\u00f3n Patrimonios Musicales de los Jud\u00edos de Francia.<\/p>\n\n\n\n<p>2 de julio de 2004: Herv\u00e9 Roten sucedi\u00f3 a Isra\u00ebl Adler y Simha Arom, en el puesto de Director de Yuval, asociaci\u00f3n francesa para la preservaci\u00f3n de las tradiciones musicales jud\u00edas.<\/p>\n\n\n\n<p>Junio de 2005: La Fundaci\u00f3n del juda\u00edsmo franc\u00e9s y Yuval decidieron colaborar agrupando sus colecciones musicales en un mismo lugar y utilizando juntos sus medios de acci\u00f3n en el \u00e1mbito musical.<\/p>\n\n\n\n<p>A principios de 2006 : un grupo de tres estudiantes de las universidades de Marne-la-Vall\u00e9e y Par\u00eds VIII \u2013 Saint Denis trabajaron en la realizaci\u00f3n de una p\u00e1gina web y una base de datos dedicada a indexar y consultar en l\u00ednea las colecciones del futuro Centro Franc\u00e9s de M\u00fasicas Jud\u00edas (CFMJ).<br><strong>Al mismo tiempo, otras tres estudiantes de Marne-la-Vall\u00e9e realizaron una pel\u00edcula de presentaci\u00f3n de las futuras actividades del CFMJ (ver el v\u00eddeo abajo)<\/strong><\/p>\n\n\n\n<figure class=\"wp-block-embed is-type-video is-provider-youtube wp-block-embed-youtube wp-embed-aspect-16-9 wp-has-aspect-ratio\"><div class=\"wp-block-embed__wrapper\">\n<iframe title=\"Centre Fran\u00e7ais des Musiques Juives (2006)\" width=\"640\" height=\"360\" src=\"https:\/\/www.youtube.com\/embed\/aphA6FIf4iA?feature=oembed\" frameborder=\"0\" allow=\"accelerometer; autoplay; clipboard-write; encrypted-media; gyroscope; picture-in-picture; web-share\" referrerpolicy=\"strict-origin-when-cross-origin\" allowfullscreen><\/iframe>\n<\/div><\/figure>\n\n\n\n<p><strong>Junio de 2006 \u2013 Creaci\u00f3n del Centro Franc\u00e9s de M\u00fasicas Jud\u00edas (CFMJ)<\/strong>, gracias al impulso de la Fundaci\u00f3n Henriette Halphen, bajo los auspicios de la FJF, y su generosa donante Isabelle Friedman.<br>El CFMJ, fundado por la Fundaci\u00f3n del Juda\u00edsmo Franc\u00e9s y Yuval, se estableci\u00f3 en una sala de las instalaciones de la FJF, donde empez\u00f3 su trabjo de digitalizaci\u00f3n e indexaci\u00f3n de los fondos musicales, como por ejemplo los archivos del compositor de origen judeoespa\u00f1ol <a href=\"https:\/\/www.iemj.org\/es\/hemsi-alberto-1898-1975\/\">Alberto Hemsi<\/a> (1896-1975), del compositor y mecenas <a href=\"https:\/\/www.iemj.org\/es\/halphen-fernand-1872-1917\/\">Fernand Halphen<\/a> (1872-1917) o tambi\u00e9n del cantor de origen polaco <a href=\"https:\/\/www.iemj.org\/es\/berlinski-shalom-1918-2008\/\">Shalom Berlinski<\/a> (1918-2008).<\/p>\n\n\n\n<p>A partir del 2006, los objetivos del CFMJ, antepasado del IEMJ, son claros:<br>\u00ab Centro de recursos y de investigaci\u00f3n, el CFMJ podr\u00e1 recibir, adem\u00e1s de los universitarios,&nbsp; becarios de instituciones asociadas [\u2026] A largo plazo, su vocaci\u00f3n es la de reunir otros organismos investigando en el mismo \u00e1mbito en Europa para establecer una red europea de m\u00fasicas jud\u00edas.<br>Luego una p\u00e1gina web permitir\u00e1 acceder a un conjunto de datos tem\u00e1ticos relacionados con estas m\u00fasicas. La idea consiste en proponer un recorrido guiado y pedag\u00f3gico a visitantes del sitio que desean una iniciaci\u00f3n a un campo que se enriquece cada d\u00eda. Es prevista la puesta en l\u00ednea de una biblioteca digital permitiendo escuchar fragmentos de obras pertenecientes a las colecciones de la biblioteca musical. Por \u00faltimo, se har\u00e1 hincapi\u00e9 en la actualidad de estas m\u00fasicas jud\u00edas tanto desde la perspectiva del repertorio como la de la creaci\u00f3n. \u00bb Fragmentos<em> del bolet\u00edn de la FJF \/ Newsletter de la Fundaci\u00f3n del juda\u00edsmo franc\u00e9s.<\/em><\/p>\n\n\n\n<p>Noviembre de 2008 \u2013 marzo de 2009: el CFMJ se mud\u00f3 a instalaciones m\u00e1s grandes, justo encima de la Fundaci\u00f3n del Juda\u00edsmo Franc\u00e9s y se volvi\u00f3 Asociaci\u00f3n seg\u00fan la ley de 1901. Se rode\u00f3 de una decena de voluntarios y el equivalente de un empleado a tiempo completo.<\/p>\n\n\n\n<p>Julio de 2012 : bajo el impulso de la nueva direcci\u00f3n de la FJF, en particular su director Patrick Chasqu\u00e8s, el Centro Franc\u00e9s de M\u00fasicas Jud\u00edas se convirti\u00f3 en el Instituto Europeo de M\u00fasicas Jud\u00edas (IEMJ) con una misi\u00f3n ampliada :<\/p>\n\n\n\n<p>\u2013 recopilaci\u00f3n, digitalizaci\u00f3n y publicaci\u00f3n en l\u00ednea del patrimonio musical jud\u00edo<br>\u2013 creaci\u00f3n de una estructura editorial (CD, partituras\u2026)<br>\u2013 organizaci\u00f3n regular de eventos (talleres musicales, formaciones, conferencias, conciertos\u2026) con miras a destacar el patrimonio musical jud\u00edo en todas sus formas<br>\u2013 creaci\u00f3n de un festival de M\u00fasicas Jud\u00edas de Par\u00eds y de la regi\u00f3n Ile de France (proyecto no realizado hoy en d\u00eda)<br>\u2013 constituci\u00f3n de una red europea de centros de m\u00fasicas jud\u00edas, con la organizaci\u00f3n cada 3-4 a\u00f1os de Jornadas Europeas de M\u00fasicas Jud\u00edas (proyecto no realizado hoy en d\u00eda).<\/p>\n\n\n\n<p>Septiembre de 2012: el IEMJ se mud\u00f3 a sus instalaciones de la calle Nationale \u2013 Par\u00eds 13\u00b0. \u00a1 130 m2 plenamente dedicados al trabajo patrimonial sobre las m\u00fasicas jud\u00edas !<\/p>\n\n\n\n<p>2013 a 2016: El equipo contrat\u00f3 a tres nuevos empleados y ocho voluntarios. Tres nuevas colecciones de discos aparecieron (Colecciones Descubrimientos, Archivos y Cl\u00e1sicos) y m\u00e1s de 22 partituras de m\u00fasicas fueron publicadas por las Ediciones del IEMJ.<\/p>\n\n\n\n<p>En 2016, las colecciones musicales del IEMJ incluyen casi 80.000 archivos de sonido, 150.000 p\u00e1ginas de partituras, miles de fotos, v\u00eddeos y archivos diversos (cartas, programas de concierto\u2026). Estos documentos son totalmente o parcialmente disponibles en el sitio o en el <a href=\"http:\/\/www.rachelnet.net\/F\/?func=file&amp;file_name=find-b&amp;local_base=rebie&amp;con_lng=fre\">cat\u00e1logo Rachel<\/a>, accesible desde nuestra p\u00e1gina web.<\/p>\n\n\n\n<p>Adem\u00e1s, el IEMJ manda cada semana a sus miembros y asociados un bolet\u00edn de noticias proponiendo muchos recursos en l\u00ednea. La p\u00e1gina <a href=\"https:\/\/www.iemj.org\/es\/\">web del IEMJ<\/a> atrae cada mes cerca de 8.000 visitantes. Por \u00faltimo, el IEMJ organiza cada a\u00f1o un <a href=\"https:\/\/www.iemj.org\/?s=Concert+de+gala+&amp;search_type=main&amp;submit=Search\">gran concierto de gala<\/a> y una decena de eventos (talleres de canto, conferencias, coloquios, conciertos) en colaboraci\u00f3n con las instituciones jud\u00edas m\u00e1s importantes (FSJU, MAHJ, AIU, Instituto Elie Wiesel\u2026) y no jud\u00edas (Festival de Ile-de-France, Ayuntamiento de Par\u00eds\u2026).<\/p>\n\n\n\n<p><a href=\"https:\/\/www.iemj.org\/es\/les-publications-musicales-de-liemj\/\">Escuchar una selecci\u00f3n musical de nuestras publicaciones<\/a><\/p>\n\n\n\n<figure class=\"wp-block-embed is-type-video is-provider-youtube wp-block-embed-youtube wp-embed-aspect-16-9 wp-has-aspect-ratio\"><div class=\"wp-block-embed__wrapper\">\n<iframe title=\"Une journ\u00e9e \u00e0 l&#039;IEMJ\" width=\"640\" height=\"360\" src=\"https:\/\/www.youtube.com\/embed\/S5tCkzsBjvI?feature=oembed\" frameborder=\"0\" allow=\"accelerometer; autoplay; clipboard-write; encrypted-media; gyroscope; picture-in-picture; web-share\" referrerpolicy=\"strict-origin-when-cross-origin\" allowfullscreen><\/iframe>\n<\/div><figcaption class=\"wp-element-caption\"><strong>Descubra un d\u00eda en el IEMJ en 2016<\/strong><\/figcaption><\/figure>\n","protected":false},"excerpt":{"rendered":"<p>Fundado en 2006, el IEMJ celebr\u00f3 en 2016 sus 10 a\u00f1os de existencia. 10 a\u00f1os tan ocupados que permitieron convertir hoy en d\u00eda el IEMJ en el principal centro europeo<\/p>\n","protected":false},"author":5,"featured_media":98424,"comment_status":"closed","ping_status":"closed","sticky":false,"template":"","format":"standard","meta":{"_acf_changed":false,"footnotes":""},"categories":[1372],"tags":[],"technique":[],"squelettes":[],"sujet":[],"formation":[],"genre":[],"fonds":[],"tradition":[],"type-de-contenu":[],"interprete-compositeur":[],"frise":[],"type-devenement":[],"tableaux-liens-externes":[],"class_list":["post-98423","post","type-post","status-publish","format-standard","has-post-thumbnail","hentry","category-manifestaciones-es"],"acf":[],"yoast_head":"<!-- This site is optimized with the Yoast SEO plugin v27.3 - https:\/\/yoast.com\/product\/yoast-seo-wordpress\/ -->\n<title>IEMJ - \u00a110 a\u00f1os despu\u00e9s! - Institut Europ\u00e9en des Musiques Juives<\/title>\n<meta name=\"robots\" content=\"noindex, follow\" \/>\n<meta property=\"og:locale\" content=\"es_ES\" \/>\n<meta property=\"og:type\" content=\"article\" \/>\n<meta property=\"og:title\" content=\"IEMJ - \u00a110 a\u00f1os despu\u00e9s! - Institut Europ\u00e9en des Musiques Juives\" \/>\n<meta property=\"og:description\" content=\"Fundado en 2006, el IEMJ celebr\u00f3 en 2016 sus 10 a\u00f1os de existencia. 10 a\u00f1os tan ocupados que permitieron convertir hoy en d\u00eda el IEMJ en el principal centro europeo\" \/>\n<meta property=\"og:url\" content=\"https:\/\/www.iemj.org\/es\/liemj-10-ans-deja\/\" \/>\n<meta property=\"og:site_name\" content=\"Institut Europ\u00e9en des Musiques Juives\" \/>\n<meta property=\"article:publisher\" content=\"https:\/\/www.facebook.com\/MusiquesJuives\/\" \/>\n<meta property=\"article:published_time\" content=\"2016-06-21T14:21:54+00:00\" \/>\n<meta property=\"article:modified_time\" content=\"2025-12-29T09:51:30+00:00\" \/>\n<meta property=\"og:image\" content=\"https:\/\/www.iemj.org\/wp-content\/uploads\/2016\/06\/arton1785.jpg\" \/>\n\t<meta property=\"og:image:width\" content=\"448\" \/>\n\t<meta property=\"og:image:height\" content=\"317\" \/>\n\t<meta property=\"og:image:type\" content=\"image\/jpeg\" \/>\n<meta name=\"author\" content=\"Jacqueline ROTEN\" \/>\n<meta name=\"twitter:card\" content=\"summary_large_image\" \/>\n<meta name=\"twitter:label1\" content=\"Escrito por\" \/>\n\t<meta name=\"twitter:data1\" content=\"Jacqueline ROTEN\" \/>\n\t<meta name=\"twitter:label2\" content=\"Tiempo de lectura\" \/>\n\t<meta name=\"twitter:data2\" content=\"5 minutos\" \/>\n<script type=\"application\/ld+json\" class=\"yoast-schema-graph\">{\"@context\":\"https:\\\/\\\/schema.org\",\"@graph\":[{\"@type\":\"Article\",\"@id\":\"https:\\\/\\\/www.iemj.org\\\/es\\\/liemj-10-ans-deja\\\/#article\",\"isPartOf\":{\"@id\":\"https:\\\/\\\/www.iemj.org\\\/es\\\/liemj-10-ans-deja\\\/\"},\"author\":{\"name\":\"Jacqueline ROTEN\",\"@id\":\"https:\\\/\\\/www.iemj.org\\\/es\\\/#\\\/schema\\\/person\\\/358e26c18aca017fcc4cc15437f7279c\"},\"headline\":\"IEMJ &#8211; \u00a110 a\u00f1os despu\u00e9s!\",\"datePublished\":\"2016-06-21T14:21:54+00:00\",\"dateModified\":\"2025-12-29T09:51:30+00:00\",\"mainEntityOfPage\":{\"@id\":\"https:\\\/\\\/www.iemj.org\\\/es\\\/liemj-10-ans-deja\\\/\"},\"wordCount\":1046,\"publisher\":{\"@id\":\"https:\\\/\\\/www.iemj.org\\\/es\\\/#organization\"},\"image\":{\"@id\":\"https:\\\/\\\/www.iemj.org\\\/es\\\/liemj-10-ans-deja\\\/#primaryimage\"},\"thumbnailUrl\":\"https:\\\/\\\/www.iemj.org\\\/wp-content\\\/uploads\\\/2016\\\/06\\\/arton1785.jpg\",\"articleSection\":[\"Manifestaciones\"],\"inLanguage\":\"es\"},{\"@type\":\"WebPage\",\"@id\":\"https:\\\/\\\/www.iemj.org\\\/es\\\/liemj-10-ans-deja\\\/\",\"url\":\"https:\\\/\\\/www.iemj.org\\\/es\\\/liemj-10-ans-deja\\\/\",\"name\":\"IEMJ - \u00a110 a\u00f1os despu\u00e9s! - Institut Europ\u00e9en des Musiques Juives\",\"isPartOf\":{\"@id\":\"https:\\\/\\\/www.iemj.org\\\/es\\\/#website\"},\"primaryImageOfPage\":{\"@id\":\"https:\\\/\\\/www.iemj.org\\\/es\\\/liemj-10-ans-deja\\\/#primaryimage\"},\"image\":{\"@id\":\"https:\\\/\\\/www.iemj.org\\\/es\\\/liemj-10-ans-deja\\\/#primaryimage\"},\"thumbnailUrl\":\"https:\\\/\\\/www.iemj.org\\\/wp-content\\\/uploads\\\/2016\\\/06\\\/arton1785.jpg\",\"datePublished\":\"2016-06-21T14:21:54+00:00\",\"dateModified\":\"2025-12-29T09:51:30+00:00\",\"breadcrumb\":{\"@id\":\"https:\\\/\\\/www.iemj.org\\\/es\\\/liemj-10-ans-deja\\\/#breadcrumb\"},\"inLanguage\":\"es\",\"potentialAction\":[{\"@type\":\"ReadAction\",\"target\":[\"https:\\\/\\\/www.iemj.org\\\/es\\\/liemj-10-ans-deja\\\/\"]}]},{\"@type\":\"ImageObject\",\"inLanguage\":\"es\",\"@id\":\"https:\\\/\\\/www.iemj.org\\\/es\\\/liemj-10-ans-deja\\\/#primaryimage\",\"url\":\"https:\\\/\\\/www.iemj.org\\\/wp-content\\\/uploads\\\/2016\\\/06\\\/arton1785.jpg\",\"contentUrl\":\"https:\\\/\\\/www.iemj.org\\\/wp-content\\\/uploads\\\/2016\\\/06\\\/arton1785.jpg\",\"width\":448,\"height\":317},{\"@type\":\"BreadcrumbList\",\"@id\":\"https:\\\/\\\/www.iemj.org\\\/es\\\/liemj-10-ans-deja\\\/#breadcrumb\",\"itemListElement\":[{\"@type\":\"ListItem\",\"position\":1,\"name\":\"Accueil\",\"item\":\"https:\\\/\\\/www.iemj.org\\\/es\\\/\"},{\"@type\":\"ListItem\",\"position\":2,\"name\":\"IEMJ &#8211; \u00a110 a\u00f1os despu\u00e9s!\"}]},{\"@type\":\"WebSite\",\"@id\":\"https:\\\/\\\/www.iemj.org\\\/es\\\/#website\",\"url\":\"https:\\\/\\\/www.iemj.org\\\/es\\\/\",\"name\":\"Institut Europ\u00e9en des Musiques Juives\",\"description\":\"Des traditions musicales \u00e0 la port\u00e9e de tous\",\"publisher\":{\"@id\":\"https:\\\/\\\/www.iemj.org\\\/es\\\/#organization\"},\"potentialAction\":[{\"@type\":\"SearchAction\",\"target\":{\"@type\":\"EntryPoint\",\"urlTemplate\":\"https:\\\/\\\/www.iemj.org\\\/es\\\/?s={search_term_string}\"},\"query-input\":{\"@type\":\"PropertyValueSpecification\",\"valueRequired\":true,\"valueName\":\"search_term_string\"}}],\"inLanguage\":\"es\"},{\"@type\":\"Organization\",\"@id\":\"https:\\\/\\\/www.iemj.org\\\/es\\\/#organization\",\"name\":\"Institut Europ\u00e9en des Musiques Juives\",\"url\":\"https:\\\/\\\/www.iemj.org\\\/es\\\/\",\"logo\":{\"@type\":\"ImageObject\",\"inLanguage\":\"es\",\"@id\":\"https:\\\/\\\/www.iemj.org\\\/es\\\/#\\\/schema\\\/logo\\\/image\\\/\",\"url\":\"https:\\\/\\\/www.iemj.org\\\/wp-content\\\/uploads\\\/2021\\\/09\\\/Logo-IEMJ-Paypal.jpg\",\"contentUrl\":\"https:\\\/\\\/www.iemj.org\\\/wp-content\\\/uploads\\\/2021\\\/09\\\/Logo-IEMJ-Paypal.jpg\",\"width\":150,\"height\":50,\"caption\":\"Institut Europ\u00e9en des Musiques Juives\"},\"image\":{\"@id\":\"https:\\\/\\\/www.iemj.org\\\/es\\\/#\\\/schema\\\/logo\\\/image\\\/\"},\"sameAs\":[\"https:\\\/\\\/www.facebook.com\\\/MusiquesJuives\\\/\",\"https:\\\/\\\/www.instagram.com\\\/musiquesjuives\\\/\",\"https:\\\/\\\/www.youtube.com\\\/user\\\/musiquesjuives\"]},{\"@type\":\"Person\",\"@id\":\"https:\\\/\\\/www.iemj.org\\\/es\\\/#\\\/schema\\\/person\\\/358e26c18aca017fcc4cc15437f7279c\",\"name\":\"Jacqueline ROTEN\",\"image\":{\"@type\":\"ImageObject\",\"inLanguage\":\"es\",\"@id\":\"https:\\\/\\\/secure.gravatar.com\\\/avatar\\\/5964256d6c6957de3a3505278957e0fb2a35119ac47ea41827a65301213c810b?s=96&d=mm&r=g\",\"url\":\"https:\\\/\\\/secure.gravatar.com\\\/avatar\\\/5964256d6c6957de3a3505278957e0fb2a35119ac47ea41827a65301213c810b?s=96&d=mm&r=g\",\"contentUrl\":\"https:\\\/\\\/secure.gravatar.com\\\/avatar\\\/5964256d6c6957de3a3505278957e0fb2a35119ac47ea41827a65301213c810b?s=96&d=mm&r=g\",\"caption\":\"Jacqueline ROTEN\"}}]}<\/script>\n<!-- \/ Yoast SEO plugin. -->","yoast_head_json":{"title":"IEMJ - \u00a110 a\u00f1os despu\u00e9s! - Institut Europ\u00e9en des Musiques Juives","robots":{"index":"noindex","follow":"follow"},"og_locale":"es_ES","og_type":"article","og_title":"IEMJ - \u00a110 a\u00f1os despu\u00e9s! - Institut Europ\u00e9en des Musiques Juives","og_description":"Fundado en 2006, el IEMJ celebr\u00f3 en 2016 sus 10 a\u00f1os de existencia. 10 a\u00f1os tan ocupados que permitieron convertir hoy en d\u00eda el IEMJ en el principal centro europeo","og_url":"https:\/\/www.iemj.org\/es\/liemj-10-ans-deja\/","og_site_name":"Institut Europ\u00e9en des Musiques Juives","article_publisher":"https:\/\/www.facebook.com\/MusiquesJuives\/","article_published_time":"2016-06-21T14:21:54+00:00","article_modified_time":"2025-12-29T09:51:30+00:00","og_image":[{"width":448,"height":317,"url":"https:\/\/www.iemj.org\/wp-content\/uploads\/2016\/06\/arton1785.jpg","type":"image\/jpeg"}],"author":"Jacqueline ROTEN","twitter_card":"summary_large_image","twitter_misc":{"Escrito por":"Jacqueline ROTEN","Tiempo de lectura":"5 minutos"},"schema":{"@context":"https:\/\/schema.org","@graph":[{"@type":"Article","@id":"https:\/\/www.iemj.org\/es\/liemj-10-ans-deja\/#article","isPartOf":{"@id":"https:\/\/www.iemj.org\/es\/liemj-10-ans-deja\/"},"author":{"name":"Jacqueline ROTEN","@id":"https:\/\/www.iemj.org\/es\/#\/schema\/person\/358e26c18aca017fcc4cc15437f7279c"},"headline":"IEMJ &#8211; \u00a110 a\u00f1os despu\u00e9s!","datePublished":"2016-06-21T14:21:54+00:00","dateModified":"2025-12-29T09:51:30+00:00","mainEntityOfPage":{"@id":"https:\/\/www.iemj.org\/es\/liemj-10-ans-deja\/"},"wordCount":1046,"publisher":{"@id":"https:\/\/www.iemj.org\/es\/#organization"},"image":{"@id":"https:\/\/www.iemj.org\/es\/liemj-10-ans-deja\/#primaryimage"},"thumbnailUrl":"https:\/\/www.iemj.org\/wp-content\/uploads\/2016\/06\/arton1785.jpg","articleSection":["Manifestaciones"],"inLanguage":"es"},{"@type":"WebPage","@id":"https:\/\/www.iemj.org\/es\/liemj-10-ans-deja\/","url":"https:\/\/www.iemj.org\/es\/liemj-10-ans-deja\/","name":"IEMJ - \u00a110 a\u00f1os despu\u00e9s! - Institut Europ\u00e9en des Musiques Juives","isPartOf":{"@id":"https:\/\/www.iemj.org\/es\/#website"},"primaryImageOfPage":{"@id":"https:\/\/www.iemj.org\/es\/liemj-10-ans-deja\/#primaryimage"},"image":{"@id":"https:\/\/www.iemj.org\/es\/liemj-10-ans-deja\/#primaryimage"},"thumbnailUrl":"https:\/\/www.iemj.org\/wp-content\/uploads\/2016\/06\/arton1785.jpg","datePublished":"2016-06-21T14:21:54+00:00","dateModified":"2025-12-29T09:51:30+00:00","breadcrumb":{"@id":"https:\/\/www.iemj.org\/es\/liemj-10-ans-deja\/#breadcrumb"},"inLanguage":"es","potentialAction":[{"@type":"ReadAction","target":["https:\/\/www.iemj.org\/es\/liemj-10-ans-deja\/"]}]},{"@type":"ImageObject","inLanguage":"es","@id":"https:\/\/www.iemj.org\/es\/liemj-10-ans-deja\/#primaryimage","url":"https:\/\/www.iemj.org\/wp-content\/uploads\/2016\/06\/arton1785.jpg","contentUrl":"https:\/\/www.iemj.org\/wp-content\/uploads\/2016\/06\/arton1785.jpg","width":448,"height":317},{"@type":"BreadcrumbList","@id":"https:\/\/www.iemj.org\/es\/liemj-10-ans-deja\/#breadcrumb","itemListElement":[{"@type":"ListItem","position":1,"name":"Accueil","item":"https:\/\/www.iemj.org\/es\/"},{"@type":"ListItem","position":2,"name":"IEMJ &#8211; \u00a110 a\u00f1os despu\u00e9s!"}]},{"@type":"WebSite","@id":"https:\/\/www.iemj.org\/es\/#website","url":"https:\/\/www.iemj.org\/es\/","name":"Institut Europ\u00e9en des Musiques Juives","description":"Des traditions musicales \u00e0 la port\u00e9e de tous","publisher":{"@id":"https:\/\/www.iemj.org\/es\/#organization"},"potentialAction":[{"@type":"SearchAction","target":{"@type":"EntryPoint","urlTemplate":"https:\/\/www.iemj.org\/es\/?s={search_term_string}"},"query-input":{"@type":"PropertyValueSpecification","valueRequired":true,"valueName":"search_term_string"}}],"inLanguage":"es"},{"@type":"Organization","@id":"https:\/\/www.iemj.org\/es\/#organization","name":"Institut Europ\u00e9en des Musiques Juives","url":"https:\/\/www.iemj.org\/es\/","logo":{"@type":"ImageObject","inLanguage":"es","@id":"https:\/\/www.iemj.org\/es\/#\/schema\/logo\/image\/","url":"https:\/\/www.iemj.org\/wp-content\/uploads\/2021\/09\/Logo-IEMJ-Paypal.jpg","contentUrl":"https:\/\/www.iemj.org\/wp-content\/uploads\/2021\/09\/Logo-IEMJ-Paypal.jpg","width":150,"height":50,"caption":"Institut Europ\u00e9en des Musiques Juives"},"image":{"@id":"https:\/\/www.iemj.org\/es\/#\/schema\/logo\/image\/"},"sameAs":["https:\/\/www.facebook.com\/MusiquesJuives\/","https:\/\/www.instagram.com\/musiquesjuives\/","https:\/\/www.youtube.com\/user\/musiquesjuives"]},{"@type":"Person","@id":"https:\/\/www.iemj.org\/es\/#\/schema\/person\/358e26c18aca017fcc4cc15437f7279c","name":"Jacqueline ROTEN","image":{"@type":"ImageObject","inLanguage":"es","@id":"https:\/\/secure.gravatar.com\/avatar\/5964256d6c6957de3a3505278957e0fb2a35119ac47ea41827a65301213c810b?s=96&d=mm&r=g","url":"https:\/\/secure.gravatar.com\/avatar\/5964256d6c6957de3a3505278957e0fb2a35119ac47ea41827a65301213c810b?s=96&d=mm&r=g","contentUrl":"https:\/\/secure.gravatar.com\/avatar\/5964256d6c6957de3a3505278957e0fb2a35119ac47ea41827a65301213c810b?s=96&d=mm&r=g","caption":"Jacqueline ROTEN"}}]}},"_links":{"self":[{"href":"https:\/\/www.iemj.org\/es\/wp-json\/wp\/v2\/posts\/98423","targetHints":{"allow":["GET"]}}],"collection":[{"href":"https:\/\/www.iemj.org\/es\/wp-json\/wp\/v2\/posts"}],"about":[{"href":"https:\/\/www.iemj.org\/es\/wp-json\/wp\/v2\/types\/post"}],"author":[{"embeddable":true,"href":"https:\/\/www.iemj.org\/es\/wp-json\/wp\/v2\/users\/5"}],"replies":[{"embeddable":true,"href":"https:\/\/www.iemj.org\/es\/wp-json\/wp\/v2\/comments?post=98423"}],"version-history":[{"count":1,"href":"https:\/\/www.iemj.org\/es\/wp-json\/wp\/v2\/posts\/98423\/revisions"}],"predecessor-version":[{"id":128622,"href":"https:\/\/www.iemj.org\/es\/wp-json\/wp\/v2\/posts\/98423\/revisions\/128622"}],"wp:featuredmedia":[{"embeddable":true,"href":"https:\/\/www.iemj.org\/es\/wp-json\/wp\/v2\/media\/98424"}],"wp:attachment":[{"href":"https:\/\/www.iemj.org\/es\/wp-json\/wp\/v2\/media?parent=98423"}],"wp:term":[{"taxonomy":"category","embeddable":true,"href":"https:\/\/www.iemj.org\/es\/wp-json\/wp\/v2\/categories?post=98423"},{"taxonomy":"post_tag","embeddable":true,"href":"https:\/\/www.iemj.org\/es\/wp-json\/wp\/v2\/tags?post=98423"},{"taxonomy":"technique","embeddable":true,"href":"https:\/\/www.iemj.org\/es\/wp-json\/wp\/v2\/technique?post=98423"},{"taxonomy":"squelettes","embeddable":true,"href":"https:\/\/www.iemj.org\/es\/wp-json\/wp\/v2\/squelettes?post=98423"},{"taxonomy":"sujet","embeddable":true,"href":"https:\/\/www.iemj.org\/es\/wp-json\/wp\/v2\/sujet?post=98423"},{"taxonomy":"formation","embeddable":true,"href":"https:\/\/www.iemj.org\/es\/wp-json\/wp\/v2\/formation?post=98423"},{"taxonomy":"genre","embeddable":true,"href":"https:\/\/www.iemj.org\/es\/wp-json\/wp\/v2\/genre?post=98423"},{"taxonomy":"fonds","embeddable":true,"href":"https:\/\/www.iemj.org\/es\/wp-json\/wp\/v2\/fonds?post=98423"},{"taxonomy":"tradition","embeddable":true,"href":"https:\/\/www.iemj.org\/es\/wp-json\/wp\/v2\/tradition?post=98423"},{"taxonomy":"type-de-contenu","embeddable":true,"href":"https:\/\/www.iemj.org\/es\/wp-json\/wp\/v2\/type-de-contenu?post=98423"},{"taxonomy":"interprete-compositeur","embeddable":true,"href":"https:\/\/www.iemj.org\/es\/wp-json\/wp\/v2\/interprete-compositeur?post=98423"},{"taxonomy":"frise","embeddable":true,"href":"https:\/\/www.iemj.org\/es\/wp-json\/wp\/v2\/frise?post=98423"},{"taxonomy":"type-devenement","embeddable":true,"href":"https:\/\/www.iemj.org\/es\/wp-json\/wp\/v2\/type-devenement?post=98423"},{"taxonomy":"tableaux-liens-externes","embeddable":true,"href":"https:\/\/www.iemj.org\/es\/wp-json\/wp\/v2\/tableaux-liens-externes?post=98423"}],"curies":[{"name":"wp","href":"https:\/\/api.w.org\/{rel}","templated":true}]}}