{"id":98678,"date":"2013-06-28T17:04:00","date_gmt":"2013-06-28T15:04:00","guid":{"rendered":"https:\/\/www.iemj.org\/deuxieme-universite-dete-judeo-espagnole-a-paris\/"},"modified":"2023-06-28T10:23:40","modified_gmt":"2023-06-28T08:23:40","slug":"deuxieme-universite-dete-judeo-espagnole-a-paris","status":"publish","type":"post","link":"https:\/\/www.iemj.org\/es\/deuxieme-universite-dete-judeo-espagnole-a-paris\/","title":{"rendered":"Segunda escuela de verano judeoespa\u00f1ola en Par\u00eds"},"content":{"rendered":"<p><strong>DEL 7 AL 12 DE JULIO DE 2013 en el Centro Edmond Safra \u2013 6 bis calle Michel-Ange \u2013 Par\u00eds 16\u00b0<\/strong><\/p>\n<p><!--more--><\/p>\n<p>En julio de 2012, la primera Escuela de verano judeoespa\u00f1ola, organizada por Aki Estamos, la AIU, el IEMJ y el INALCO, reun\u00eda m\u00e1s de 130 participantes alrededor de la cultura judeoespa\u00f1ola.<\/p>\n<p>En 2013, la segunda Escuela de verano judeoespa\u00f1ola propone nuevas actividades y nuevos temas. Entre los temas elegidos este a\u00f1o, la aventura marrana ocupa un lugar importante. Tambi\u00e9n se tratar\u00e1n Turqu\u00eda, Espa\u00f1a y Marruecos a trav\u00e9s de las intervenciones de los invitados, sin olvidar el inevitable trabajo de memoria y genealog\u00eda para proyectarse mejor hacia el futuro.<br \/>\nLa m\u00fasica y los cantos estar\u00e1n presentes con talleres por la ma\u00f1ana, tres conferencias y cinco conciertos de noche.<\/p>\n<p>El Instituto Europeo de M\u00fasicas Jud\u00edas, colaborador del evento, estar\u00e1 presente a trav\u00e9s de la comunicaci\u00f3n de su director Herv\u00e9 Roten, sobre \u201cla tradici\u00f3n musical de las comunidades marranas del suroeste de Francia\u201d, durante la mesa redonda \u201cTrayectorias y singularidades marranas\u201d del 8 de julio de 2013.<\/p>\n<p>Recordamos que la Escuela de verano judeoespa\u00f1ola est\u00e1 abierta para todo p\u00fablico solo por registrarse.<\/p>\n<p>Precio: de 1 a 5 d\u00edas : 50 a 200 \u20ac<\/p>\n<p><object id=\"_fp_0.18288300931453705\" data=\"http:\/\/www.akadem.org\/public\/video-embed\/flowplayer\/flowplayer.commercial-3.2.16.swf\" type=\"application\/x-shockwave-flash\" name=\"player\" width=\"555\" height=\"416\"><param value=\"true\" name=\"allowfullscreen\" \/><param value=\"always\" name=\"allowscriptaccess\" \/><param value=\"transparent\" name=\"wmode\" \/><param value=\"high\" name=\"quality\" \/><param name=\"movie\" value=\"http:\/\/www.akadem.org\/public\/video-embed\/flowplayer\/flowplayer.commercial-3.2.16.swf\" \/><param value=\"config=%7B%22clip%22%3A%7B%22autoPlay%22%3Atrue%2C%22scaling%22%3A%22fit%22%2C%22url%22%3A%22mp4%3A2455_BC_MULTI.mp4%22%2C%22provider%22%3A%22rtmp%22%7D%2C%22key%22%3A%22%23%24eb18927a7b324f257ba%22%2C%22logo%22%3A%7B%22linkUrl%22%3A%22%22%2C%22width%22%3A100%2C%22left%22%3A5%2C%22url%22%3A%22http%3A\/\/www.akadem.org\/public\/video-embed\/logo-akadem-videoplayer.png%22%2C%22height%22%3A25%2C%22fullscreenOnly%22%3Afalse%2C%22top%22%3A10%2C%22displayTime%22%3A100%7D%2C%22plugins%22%3A%7B%22sharing%22%3A%7B%22twitter%22%3Afalse%2C%22buttons%22%3A%7B%22overColor%22%3A%22%23ff0000%22%7D%2C%22embed%22%3Afalse%2C%22email%22%3Afalse%2C%22facebook%22%3Afalse%2C%22callType%22%3A%22default%22%2C%22share%22%3Afalse%2C%22url%22%3A%22http%3A\/\/www.akadem.org\/public\/video-embed\/flowplayer.sharing-3.2.8.swf%22%7D%2C%22rtmp%22%3A%7B%22callType%22%3A%22default%22%2C%22netConnectionUrl%22%3A%22rtmp%3A\/\/akadem-vod.streaminternet.com\/vod%22%2C%22url%22%3A%22flowplayer.rtmp-3.2.3.swf%22%7D%2C%22controls%22%3A%7B%22url%22%3A%22org.flowplayer.controls.Controls%22%2C%22callType%22%3A%22default%22%7D%2C%22dock%22%3A%7B%22autoHide%22%3A%7B%22fullscreenOnly%22%3Afalse%2C%22hideDelay%22%3A100%7D%2C%22horizontal%22%3Afalse%2C%22right%22%3A15%2C%22width%22%3A%2210pct%22%7D%7D%2C%22playlist%22%3A%5B%7B%22autoPlay%22%3Atrue%2C%22scaling%22%3A%22fit%22%2C%22url%22%3A%22mp4%3A2455_BC_MULTI.mp4%22%2C%22ipadUrl%22%3A%22http%3A\/\/akadem-vod.streaminternet.com\/vod\/2455_BC_MULTI.mp4%22%2C%22provider%22%3A%22rtmp%22%7D%5D%7D\" name=\"flashvars\" \/><video controls=\"controls\" width=\"555\" height=\"416\"><source src=\"http:\/\/akadem-vod.streaminternet.com\/vod\/2455_BC_MULTI.mp4\" \/><\/video><\/object><\/p>\n<p><span style=\"color: #6e6e6e; font-size: 11px; font-family: arial; display: block; margin-top: 8px;\"> En partenariat avec <a style=\"color: #ad0800;\" href=\"http:\/\/www.akadem.org\/_articles\/830\/53830.php\" target=\"_blank\" rel=\"noopener noreferrer\">akadem<\/a><\/span><br \/>\n<a href=\"https:\/\/www.iemj.org\/wp-content\/uploads\/2013\/06\/brochure_ueje_2013.pdf\" target=\"_blank\" rel=\"noopener\">Consultar el Folleto UEJE 2013<\/a><\/p>\n","protected":false},"excerpt":{"rendered":"<p>DEL 7 AL 12 DE JULIO DE 2013 en el Centro Edmond Safra \u2013 6 bis calle Michel-Ange \u2013 Par\u00eds 16\u00b0<\/p>\n","protected":false},"author":1045,"featured_media":98679,"comment_status":"closed","ping_status":"closed","sticky":false,"template":"","format":"standard","meta":{"_acf_changed":false,"footnotes":""},"categories":[1420,1372],"tags":[3422],"technique":[],"squelettes":[],"sujet":[],"formation":[],"genre":[],"fonds":[],"tradition":[],"type-de-contenu":[],"interprete-compositeur":[],"frise":[],"type-devenement":[],"tableaux-liens-externes":[],"class_list":["post-98678","post","type-post","status-publish","format-standard","has-post-thumbnail","hentry","category-clases-conferencias-2-es","category-manifestaciones-es","tag-eventos-asociados-es"],"acf":[],"yoast_head":"<!-- This site is optimized with the Yoast SEO plugin v27.3 - https:\/\/yoast.com\/product\/yoast-seo-wordpress\/ -->\n<title>Segunda escuela de verano judeoespa\u00f1ola en Par\u00eds - Institut Europ\u00e9en des Musiques Juives<\/title>\n<meta name=\"robots\" content=\"index, follow, max-snippet:-1, max-image-preview:large, max-video-preview:-1\" \/>\n<link rel=\"canonical\" href=\"https:\/\/www.iemj.org\/es\/deuxieme-universite-dete-judeo-espagnole-a-paris\/\" \/>\n<meta property=\"og:locale\" content=\"es_ES\" \/>\n<meta property=\"og:type\" content=\"article\" \/>\n<meta property=\"og:title\" content=\"Segunda escuela de verano judeoespa\u00f1ola en Par\u00eds - Institut Europ\u00e9en des Musiques Juives\" \/>\n<meta property=\"og:description\" content=\"DEL 7 AL 12 DE JULIO DE 2013 en el Centro Edmond Safra \u2013 6 bis calle Michel-Ange \u2013 Par\u00eds 16\u00b0\" \/>\n<meta property=\"og:url\" content=\"https:\/\/www.iemj.org\/es\/deuxieme-universite-dete-judeo-espagnole-a-paris\/\" \/>\n<meta property=\"og:site_name\" content=\"Institut Europ\u00e9en des Musiques Juives\" \/>\n<meta property=\"article:publisher\" content=\"https:\/\/www.facebook.com\/MusiquesJuives\/\" \/>\n<meta property=\"article:published_time\" content=\"2013-06-28T15:04:00+00:00\" \/>\n<meta property=\"article:modified_time\" content=\"2023-06-28T08:23:40+00:00\" \/>\n<meta property=\"og:image\" content=\"https:\/\/www.iemj.org\/wp-content\/uploads\/2013\/06\/arton722.jpg\" \/>\n\t<meta property=\"og:image:width\" content=\"377\" \/>\n\t<meta property=\"og:image:height\" content=\"567\" \/>\n\t<meta property=\"og:image:type\" content=\"image\/jpeg\" \/>\n<meta name=\"author\" content=\"Herv\u00e9 Roten\" \/>\n<meta name=\"twitter:card\" content=\"summary_large_image\" \/>\n<meta name=\"twitter:label1\" content=\"Escrito por\" \/>\n\t<meta name=\"twitter:data1\" content=\"Herv\u00e9 Roten\" \/>\n\t<meta name=\"twitter:label2\" content=\"Tiempo de lectura\" \/>\n\t<meta name=\"twitter:data2\" content=\"2 minutos\" \/>\n<script type=\"application\/ld+json\" class=\"yoast-schema-graph\">{\"@context\":\"https:\\\/\\\/schema.org\",\"@graph\":[{\"@type\":\"Article\",\"@id\":\"https:\\\/\\\/www.iemj.org\\\/es\\\/deuxieme-universite-dete-judeo-espagnole-a-paris\\\/#article\",\"isPartOf\":{\"@id\":\"https:\\\/\\\/www.iemj.org\\\/es\\\/deuxieme-universite-dete-judeo-espagnole-a-paris\\\/\"},\"author\":{\"name\":\"Herv\u00e9 Roten\",\"@id\":\"https:\\\/\\\/www.iemj.org\\\/es\\\/#\\\/schema\\\/person\\\/906134402c29d5c76e7b726261dd4bbd\"},\"headline\":\"Segunda escuela de verano judeoespa\u00f1ola en Par\u00eds\",\"datePublished\":\"2013-06-28T15:04:00+00:00\",\"dateModified\":\"2023-06-28T08:23:40+00:00\",\"mainEntityOfPage\":{\"@id\":\"https:\\\/\\\/www.iemj.org\\\/es\\\/deuxieme-universite-dete-judeo-espagnole-a-paris\\\/\"},\"wordCount\":224,\"publisher\":{\"@id\":\"https:\\\/\\\/www.iemj.org\\\/es\\\/#organization\"},\"image\":{\"@id\":\"https:\\\/\\\/www.iemj.org\\\/es\\\/deuxieme-universite-dete-judeo-espagnole-a-paris\\\/#primaryimage\"},\"thumbnailUrl\":\"https:\\\/\\\/www.iemj.org\\\/wp-content\\\/uploads\\\/2013\\\/06\\\/arton722.jpg\",\"keywords\":[\"Eventos asociados\"],\"articleSection\":[\"Clases \\\/ Conferencias\",\"Manifestaciones\"],\"inLanguage\":\"es\"},{\"@type\":\"WebPage\",\"@id\":\"https:\\\/\\\/www.iemj.org\\\/es\\\/deuxieme-universite-dete-judeo-espagnole-a-paris\\\/\",\"url\":\"https:\\\/\\\/www.iemj.org\\\/es\\\/deuxieme-universite-dete-judeo-espagnole-a-paris\\\/\",\"name\":\"Segunda escuela de verano judeoespa\u00f1ola en Par\u00eds - Institut Europ\u00e9en des Musiques Juives\",\"isPartOf\":{\"@id\":\"https:\\\/\\\/www.iemj.org\\\/es\\\/#website\"},\"primaryImageOfPage\":{\"@id\":\"https:\\\/\\\/www.iemj.org\\\/es\\\/deuxieme-universite-dete-judeo-espagnole-a-paris\\\/#primaryimage\"},\"image\":{\"@id\":\"https:\\\/\\\/www.iemj.org\\\/es\\\/deuxieme-universite-dete-judeo-espagnole-a-paris\\\/#primaryimage\"},\"thumbnailUrl\":\"https:\\\/\\\/www.iemj.org\\\/wp-content\\\/uploads\\\/2013\\\/06\\\/arton722.jpg\",\"datePublished\":\"2013-06-28T15:04:00+00:00\",\"dateModified\":\"2023-06-28T08:23:40+00:00\",\"breadcrumb\":{\"@id\":\"https:\\\/\\\/www.iemj.org\\\/es\\\/deuxieme-universite-dete-judeo-espagnole-a-paris\\\/#breadcrumb\"},\"inLanguage\":\"es\",\"potentialAction\":[{\"@type\":\"ReadAction\",\"target\":[\"https:\\\/\\\/www.iemj.org\\\/es\\\/deuxieme-universite-dete-judeo-espagnole-a-paris\\\/\"]}]},{\"@type\":\"ImageObject\",\"inLanguage\":\"es\",\"@id\":\"https:\\\/\\\/www.iemj.org\\\/es\\\/deuxieme-universite-dete-judeo-espagnole-a-paris\\\/#primaryimage\",\"url\":\"https:\\\/\\\/www.iemj.org\\\/wp-content\\\/uploads\\\/2013\\\/06\\\/arton722.jpg\",\"contentUrl\":\"https:\\\/\\\/www.iemj.org\\\/wp-content\\\/uploads\\\/2013\\\/06\\\/arton722.jpg\",\"width\":377,\"height\":567},{\"@type\":\"BreadcrumbList\",\"@id\":\"https:\\\/\\\/www.iemj.org\\\/es\\\/deuxieme-universite-dete-judeo-espagnole-a-paris\\\/#breadcrumb\",\"itemListElement\":[{\"@type\":\"ListItem\",\"position\":1,\"name\":\"Accueil\",\"item\":\"https:\\\/\\\/www.iemj.org\\\/es\\\/\"},{\"@type\":\"ListItem\",\"position\":2,\"name\":\"Segunda escuela de verano judeoespa\u00f1ola en Par\u00eds\"}]},{\"@type\":\"WebSite\",\"@id\":\"https:\\\/\\\/www.iemj.org\\\/es\\\/#website\",\"url\":\"https:\\\/\\\/www.iemj.org\\\/es\\\/\",\"name\":\"Institut Europ\u00e9en des Musiques Juives\",\"description\":\"Des traditions musicales \u00e0 la port\u00e9e de tous\",\"publisher\":{\"@id\":\"https:\\\/\\\/www.iemj.org\\\/es\\\/#organization\"},\"potentialAction\":[{\"@type\":\"SearchAction\",\"target\":{\"@type\":\"EntryPoint\",\"urlTemplate\":\"https:\\\/\\\/www.iemj.org\\\/es\\\/?s={search_term_string}\"},\"query-input\":{\"@type\":\"PropertyValueSpecification\",\"valueRequired\":true,\"valueName\":\"search_term_string\"}}],\"inLanguage\":\"es\"},{\"@type\":\"Organization\",\"@id\":\"https:\\\/\\\/www.iemj.org\\\/es\\\/#organization\",\"name\":\"Institut Europ\u00e9en des Musiques Juives\",\"url\":\"https:\\\/\\\/www.iemj.org\\\/es\\\/\",\"logo\":{\"@type\":\"ImageObject\",\"inLanguage\":\"es\",\"@id\":\"https:\\\/\\\/www.iemj.org\\\/es\\\/#\\\/schema\\\/logo\\\/image\\\/\",\"url\":\"https:\\\/\\\/www.iemj.org\\\/wp-content\\\/uploads\\\/2021\\\/09\\\/Logo-IEMJ-Paypal.jpg\",\"contentUrl\":\"https:\\\/\\\/www.iemj.org\\\/wp-content\\\/uploads\\\/2021\\\/09\\\/Logo-IEMJ-Paypal.jpg\",\"width\":150,\"height\":50,\"caption\":\"Institut Europ\u00e9en des Musiques Juives\"},\"image\":{\"@id\":\"https:\\\/\\\/www.iemj.org\\\/es\\\/#\\\/schema\\\/logo\\\/image\\\/\"},\"sameAs\":[\"https:\\\/\\\/www.facebook.com\\\/MusiquesJuives\\\/\",\"https:\\\/\\\/www.instagram.com\\\/musiquesjuives\\\/\",\"https:\\\/\\\/www.youtube.com\\\/user\\\/musiquesjuives\"]},{\"@type\":\"Person\",\"@id\":\"https:\\\/\\\/www.iemj.org\\\/es\\\/#\\\/schema\\\/person\\\/906134402c29d5c76e7b726261dd4bbd\",\"name\":\"Herv\u00e9 Roten\",\"image\":{\"@type\":\"ImageObject\",\"inLanguage\":\"es\",\"@id\":\"https:\\\/\\\/secure.gravatar.com\\\/avatar\\\/f96ad2db538a26481f18384936b5cd0610c92d390c4dc382209216d455f685ff?s=96&d=mm&r=g\",\"url\":\"https:\\\/\\\/secure.gravatar.com\\\/avatar\\\/f96ad2db538a26481f18384936b5cd0610c92d390c4dc382209216d455f685ff?s=96&d=mm&r=g\",\"contentUrl\":\"https:\\\/\\\/secure.gravatar.com\\\/avatar\\\/f96ad2db538a26481f18384936b5cd0610c92d390c4dc382209216d455f685ff?s=96&d=mm&r=g\",\"caption\":\"Herv\u00e9 Roten\"}}]}<\/script>\n<!-- \/ Yoast SEO plugin. -->","yoast_head_json":{"title":"Segunda escuela de verano judeoespa\u00f1ola en Par\u00eds - Institut Europ\u00e9en des Musiques Juives","robots":{"index":"index","follow":"follow","max-snippet":"max-snippet:-1","max-image-preview":"max-image-preview:large","max-video-preview":"max-video-preview:-1"},"canonical":"https:\/\/www.iemj.org\/es\/deuxieme-universite-dete-judeo-espagnole-a-paris\/","og_locale":"es_ES","og_type":"article","og_title":"Segunda escuela de verano judeoespa\u00f1ola en Par\u00eds - Institut Europ\u00e9en des Musiques Juives","og_description":"DEL 7 AL 12 DE JULIO DE 2013 en el Centro Edmond Safra \u2013 6 bis calle Michel-Ange \u2013 Par\u00eds 16\u00b0","og_url":"https:\/\/www.iemj.org\/es\/deuxieme-universite-dete-judeo-espagnole-a-paris\/","og_site_name":"Institut Europ\u00e9en des Musiques Juives","article_publisher":"https:\/\/www.facebook.com\/MusiquesJuives\/","article_published_time":"2013-06-28T15:04:00+00:00","article_modified_time":"2023-06-28T08:23:40+00:00","og_image":[{"width":377,"height":567,"url":"https:\/\/www.iemj.org\/wp-content\/uploads\/2013\/06\/arton722.jpg","type":"image\/jpeg"}],"author":"Herv\u00e9 Roten","twitter_card":"summary_large_image","twitter_misc":{"Escrito por":"Herv\u00e9 Roten","Tiempo de lectura":"2 minutos"},"schema":{"@context":"https:\/\/schema.org","@graph":[{"@type":"Article","@id":"https:\/\/www.iemj.org\/es\/deuxieme-universite-dete-judeo-espagnole-a-paris\/#article","isPartOf":{"@id":"https:\/\/www.iemj.org\/es\/deuxieme-universite-dete-judeo-espagnole-a-paris\/"},"author":{"name":"Herv\u00e9 Roten","@id":"https:\/\/www.iemj.org\/es\/#\/schema\/person\/906134402c29d5c76e7b726261dd4bbd"},"headline":"Segunda escuela de verano judeoespa\u00f1ola en Par\u00eds","datePublished":"2013-06-28T15:04:00+00:00","dateModified":"2023-06-28T08:23:40+00:00","mainEntityOfPage":{"@id":"https:\/\/www.iemj.org\/es\/deuxieme-universite-dete-judeo-espagnole-a-paris\/"},"wordCount":224,"publisher":{"@id":"https:\/\/www.iemj.org\/es\/#organization"},"image":{"@id":"https:\/\/www.iemj.org\/es\/deuxieme-universite-dete-judeo-espagnole-a-paris\/#primaryimage"},"thumbnailUrl":"https:\/\/www.iemj.org\/wp-content\/uploads\/2013\/06\/arton722.jpg","keywords":["Eventos asociados"],"articleSection":["Clases \/ Conferencias","Manifestaciones"],"inLanguage":"es"},{"@type":"WebPage","@id":"https:\/\/www.iemj.org\/es\/deuxieme-universite-dete-judeo-espagnole-a-paris\/","url":"https:\/\/www.iemj.org\/es\/deuxieme-universite-dete-judeo-espagnole-a-paris\/","name":"Segunda escuela de verano judeoespa\u00f1ola en Par\u00eds - Institut Europ\u00e9en des Musiques Juives","isPartOf":{"@id":"https:\/\/www.iemj.org\/es\/#website"},"primaryImageOfPage":{"@id":"https:\/\/www.iemj.org\/es\/deuxieme-universite-dete-judeo-espagnole-a-paris\/#primaryimage"},"image":{"@id":"https:\/\/www.iemj.org\/es\/deuxieme-universite-dete-judeo-espagnole-a-paris\/#primaryimage"},"thumbnailUrl":"https:\/\/www.iemj.org\/wp-content\/uploads\/2013\/06\/arton722.jpg","datePublished":"2013-06-28T15:04:00+00:00","dateModified":"2023-06-28T08:23:40+00:00","breadcrumb":{"@id":"https:\/\/www.iemj.org\/es\/deuxieme-universite-dete-judeo-espagnole-a-paris\/#breadcrumb"},"inLanguage":"es","potentialAction":[{"@type":"ReadAction","target":["https:\/\/www.iemj.org\/es\/deuxieme-universite-dete-judeo-espagnole-a-paris\/"]}]},{"@type":"ImageObject","inLanguage":"es","@id":"https:\/\/www.iemj.org\/es\/deuxieme-universite-dete-judeo-espagnole-a-paris\/#primaryimage","url":"https:\/\/www.iemj.org\/wp-content\/uploads\/2013\/06\/arton722.jpg","contentUrl":"https:\/\/www.iemj.org\/wp-content\/uploads\/2013\/06\/arton722.jpg","width":377,"height":567},{"@type":"BreadcrumbList","@id":"https:\/\/www.iemj.org\/es\/deuxieme-universite-dete-judeo-espagnole-a-paris\/#breadcrumb","itemListElement":[{"@type":"ListItem","position":1,"name":"Accueil","item":"https:\/\/www.iemj.org\/es\/"},{"@type":"ListItem","position":2,"name":"Segunda escuela de verano judeoespa\u00f1ola en Par\u00eds"}]},{"@type":"WebSite","@id":"https:\/\/www.iemj.org\/es\/#website","url":"https:\/\/www.iemj.org\/es\/","name":"Institut Europ\u00e9en des Musiques Juives","description":"Des traditions musicales \u00e0 la port\u00e9e de tous","publisher":{"@id":"https:\/\/www.iemj.org\/es\/#organization"},"potentialAction":[{"@type":"SearchAction","target":{"@type":"EntryPoint","urlTemplate":"https:\/\/www.iemj.org\/es\/?s={search_term_string}"},"query-input":{"@type":"PropertyValueSpecification","valueRequired":true,"valueName":"search_term_string"}}],"inLanguage":"es"},{"@type":"Organization","@id":"https:\/\/www.iemj.org\/es\/#organization","name":"Institut Europ\u00e9en des Musiques Juives","url":"https:\/\/www.iemj.org\/es\/","logo":{"@type":"ImageObject","inLanguage":"es","@id":"https:\/\/www.iemj.org\/es\/#\/schema\/logo\/image\/","url":"https:\/\/www.iemj.org\/wp-content\/uploads\/2021\/09\/Logo-IEMJ-Paypal.jpg","contentUrl":"https:\/\/www.iemj.org\/wp-content\/uploads\/2021\/09\/Logo-IEMJ-Paypal.jpg","width":150,"height":50,"caption":"Institut Europ\u00e9en des Musiques Juives"},"image":{"@id":"https:\/\/www.iemj.org\/es\/#\/schema\/logo\/image\/"},"sameAs":["https:\/\/www.facebook.com\/MusiquesJuives\/","https:\/\/www.instagram.com\/musiquesjuives\/","https:\/\/www.youtube.com\/user\/musiquesjuives"]},{"@type":"Person","@id":"https:\/\/www.iemj.org\/es\/#\/schema\/person\/906134402c29d5c76e7b726261dd4bbd","name":"Herv\u00e9 Roten","image":{"@type":"ImageObject","inLanguage":"es","@id":"https:\/\/secure.gravatar.com\/avatar\/f96ad2db538a26481f18384936b5cd0610c92d390c4dc382209216d455f685ff?s=96&d=mm&r=g","url":"https:\/\/secure.gravatar.com\/avatar\/f96ad2db538a26481f18384936b5cd0610c92d390c4dc382209216d455f685ff?s=96&d=mm&r=g","contentUrl":"https:\/\/secure.gravatar.com\/avatar\/f96ad2db538a26481f18384936b5cd0610c92d390c4dc382209216d455f685ff?s=96&d=mm&r=g","caption":"Herv\u00e9 Roten"}}]}},"_links":{"self":[{"href":"https:\/\/www.iemj.org\/es\/wp-json\/wp\/v2\/posts\/98678","targetHints":{"allow":["GET"]}}],"collection":[{"href":"https:\/\/www.iemj.org\/es\/wp-json\/wp\/v2\/posts"}],"about":[{"href":"https:\/\/www.iemj.org\/es\/wp-json\/wp\/v2\/types\/post"}],"author":[{"embeddable":true,"href":"https:\/\/www.iemj.org\/es\/wp-json\/wp\/v2\/users\/1045"}],"replies":[{"embeddable":true,"href":"https:\/\/www.iemj.org\/es\/wp-json\/wp\/v2\/comments?post=98678"}],"version-history":[{"count":0,"href":"https:\/\/www.iemj.org\/es\/wp-json\/wp\/v2\/posts\/98678\/revisions"}],"wp:featuredmedia":[{"embeddable":true,"href":"https:\/\/www.iemj.org\/es\/wp-json\/wp\/v2\/media\/98679"}],"wp:attachment":[{"href":"https:\/\/www.iemj.org\/es\/wp-json\/wp\/v2\/media?parent=98678"}],"wp:term":[{"taxonomy":"category","embeddable":true,"href":"https:\/\/www.iemj.org\/es\/wp-json\/wp\/v2\/categories?post=98678"},{"taxonomy":"post_tag","embeddable":true,"href":"https:\/\/www.iemj.org\/es\/wp-json\/wp\/v2\/tags?post=98678"},{"taxonomy":"technique","embeddable":true,"href":"https:\/\/www.iemj.org\/es\/wp-json\/wp\/v2\/technique?post=98678"},{"taxonomy":"squelettes","embeddable":true,"href":"https:\/\/www.iemj.org\/es\/wp-json\/wp\/v2\/squelettes?post=98678"},{"taxonomy":"sujet","embeddable":true,"href":"https:\/\/www.iemj.org\/es\/wp-json\/wp\/v2\/sujet?post=98678"},{"taxonomy":"formation","embeddable":true,"href":"https:\/\/www.iemj.org\/es\/wp-json\/wp\/v2\/formation?post=98678"},{"taxonomy":"genre","embeddable":true,"href":"https:\/\/www.iemj.org\/es\/wp-json\/wp\/v2\/genre?post=98678"},{"taxonomy":"fonds","embeddable":true,"href":"https:\/\/www.iemj.org\/es\/wp-json\/wp\/v2\/fonds?post=98678"},{"taxonomy":"tradition","embeddable":true,"href":"https:\/\/www.iemj.org\/es\/wp-json\/wp\/v2\/tradition?post=98678"},{"taxonomy":"type-de-contenu","embeddable":true,"href":"https:\/\/www.iemj.org\/es\/wp-json\/wp\/v2\/type-de-contenu?post=98678"},{"taxonomy":"interprete-compositeur","embeddable":true,"href":"https:\/\/www.iemj.org\/es\/wp-json\/wp\/v2\/interprete-compositeur?post=98678"},{"taxonomy":"frise","embeddable":true,"href":"https:\/\/www.iemj.org\/es\/wp-json\/wp\/v2\/frise?post=98678"},{"taxonomy":"type-devenement","embeddable":true,"href":"https:\/\/www.iemj.org\/es\/wp-json\/wp\/v2\/type-devenement?post=98678"},{"taxonomy":"tableaux-liens-externes","embeddable":true,"href":"https:\/\/www.iemj.org\/es\/wp-json\/wp\/v2\/tableaux-liens-externes?post=98678"}],"curies":[{"name":"wp","href":"https:\/\/api.w.org\/{rel}","templated":true}]}}