{"id":98694,"date":"2018-10-10T16:34:33","date_gmt":"2018-10-10T14:34:33","guid":{"rendered":"https:\/\/www.iemj.org\/colloque-concert-isaac-strauss-musicien-et-collectionneur-sous-le-second-empire\/"},"modified":"2023-06-28T11:25:49","modified_gmt":"2023-06-28T09:25:49","slug":"colloque-concert-isaac-strauss-musicien-et-collectionneur-sous-le-second-empire","status":"publish","type":"post","link":"https:\/\/www.iemj.org\/es\/colloque-concert-isaac-strauss-musicien-et-collectionneur-sous-le-second-empire\/","title":{"rendered":"Coloquio \/ Concierto : Isaac Strauss, M\u00fasico y Coleccionista bajo el Segundo Imperio"},"content":{"rendered":"<h2><em>Programa de radio y v\u00eddeo sobre Isaac Strauss al pie de la p\u00e1gina<\/em><\/h2>\n<p>Con la participaci\u00f3n de Dominique Jarrass\u00e9, universidad de Burdeos III; C\u00e9dric Kleinklaus, m\u00fasico ; Corinne Legoy, universidad de Orl\u00e9ans ; Xavier Mauduit, historiador y periodista en Arte ; Laure Schnapper y Jean-Claude Yon<\/p>\n<p>Isaac Strauss (1806-1888), bisabuelo de Claude L\u00e9vi-Strauss, constituy\u00f3 en el siglo XIX una colecci\u00f3n importante de obras y objetos de arte, en la cual los judaica son el origen de la colecci\u00f3n del mahJ. Pudo dedicarse a su pasi\u00f3n por la colecci\u00f3n gracias a una carrera musical excepcional.<\/p>\n<p>Cercano de la emperatriz Eugania, el \u00ab Strauss de Par\u00eds \u00bb, primero violinista, se convirti\u00f3 en director de orquesta, compositor y empresario de conciertos, especialmente en Vichy y en la \u00d3pera de Par\u00eds, hasta el final del Segundo Imperio.<br \/>\nSu carrera como director de orquesta y la m\u00fasica que compuso para los bailes nunca hab\u00edan sido estudiadas hasta ahora.<\/p>\n<p><a href=\"https:\/\/www.iemj.org\/concert-isaac-strauss-par-lorchestre-eugenie\/\">Coloquio seguido de un concierto a las 17h30<\/a><\/p>\n<p>Por la <strong>Orquesta<\/strong> <strong>Eugenia<\/strong>, orquesta de sal\u00f3n de tradici\u00f3n parisina<br \/>\nDirecci\u00f3n musical por Marc-Antoine Pingeon<br \/>\nPiano, viol\u00edn, violonchelo, oboe, corneta, contrabajo, percusiones<\/p>\n<p>Esta jornada finalizar\u00e1 con un concierto que permitir\u00e1 el descubrimiento de las piezas (valses, marchas, bailes de sal\u00f3n, polcas, romanzas) del immenso cat\u00e1logo de Isaac Strauss, y en particular La Marcha Imperial, que abr\u00eda cada baile oficial en las Tuller\u00edas y otras composiciones de sus contempor\u00e1neos y herederos.<\/p>\n<p>En relaci\u00f3n con el encuentro \u00ab De la colecci\u00f3n Isaac Strauss al mahJ \u00bb, el jueves 11 de octubre de 2018 a las 19h30.<\/p>\n<p><strong>Programa<\/strong><\/p>\n<p>&gt; 10h30<br \/>\nLos fastos del Segundo Imperio<br \/>\nJean-Claude Yon, universidad de Versalles-Saint-Quentin-en-Yvelines, EPHE<br \/>\n&gt; 11h<br \/>\nLa carrera de Isaac Strauss. Elementos de biograf\u00eda<br \/>\nLaure Schnapper, EHESS<br \/>\n&gt; 11h30<br \/>\nLas colecciones de Isaac Strauss<br \/>\nDominique Jarrass\u00e9, universidad de Burdeos III<br \/>\n&gt; 12h<br \/>\nDebate con el p\u00fablico<\/p>\n<p>Pausa para el almuerzo<\/p>\n<p>&gt; 14h<br \/>\nEl servicio de la m\u00fasica de la capilla y de la habitaci\u00f3n en la Casa del Emperador<br \/>\nXavier Mauduit, historiador y periodista Arte<br \/>\n&gt; 14h30<br \/>\n\u00ab \u00a1 Musard est\u00e1 muerto: viva Strauss ! \u00bb, los bailes de la \u00d3pera, del Napole\u00f3n de la contradanza al Tamerl\u00e1n del vals<br \/>\nCorinne Legoy, universidad de Orl\u00e9ans<br \/>\n&gt; 15h<br \/>\nStrauss empresario<br \/>\nLaure Schnapper, EHESS, y C\u00e9dric Kleinklaus, m\u00fasico<br \/>\n&gt; 15h30<br \/>\nStrauss compositor<br \/>\nLaure Schnapper y C\u00e9dric Kleinklaus<br \/>\n&gt; 16h<br \/>\nDebate con el p\u00fablico<\/p>\n<p>Con el apoyo del EHESS, del EPHE, del laboratorio SAPRAT, de la universidad de Versalles Saint-Quentin-en-Yvelines y del Instituto europeo de m\u00fasicas jud\u00edas.<\/p>\n<p>Gratuito con reserva previa dentro del l\u00edmite de plazas disponibles<\/p>\n<p><a href=\"https:\/\/www.iemj.org\/concert-isaac-strauss-par-lorchestre-eugenie\/\">Ver el v\u00eddeo sobre la Jornada de estudio Isaac Strauss<\/a><\/p>\n<p><a href=\"https:\/\/www.iemj.org\/classique-vous-avez-dit-classique-isaac-strauss\/\">Escuchar el programa de radio de Laure Schnapper sobre Isaac Strauss<\/a><\/p>\n","protected":false},"excerpt":{"rendered":"<p>Programa de radio y v\u00eddeo sobre Isaac Strauss al pie de la p\u00e1gina Con la participaci\u00f3n de Dominique Jarrass\u00e9, universidad de Burdeos III; C\u00e9dric Kleinklaus, m\u00fasico ; Corinne Legoy, universidad<\/p>\n","protected":false},"author":5,"featured_media":98695,"comment_status":"closed","ping_status":"open","sticky":false,"template":"","format":"standard","meta":{"_acf_changed":false,"footnotes":""},"categories":[1376,1372],"tags":[3422],"technique":[],"squelettes":[],"sujet":[],"formation":[],"genre":[],"fonds":[],"tradition":[],"type-de-contenu":[],"interprete-compositeur":[],"frise":[],"type-devenement":[],"tableaux-liens-externes":[],"class_list":["post-98694","post","type-post","status-publish","format-standard","has-post-thumbnail","hentry","category-coloquio-es","category-manifestaciones-es","tag-eventos-asociados-es"],"acf":[],"yoast_head":"<!-- This site is optimized with the Yoast SEO plugin v27.3 - https:\/\/yoast.com\/product\/yoast-seo-wordpress\/ -->\n<title>Coloquio \/ Concierto : Isaac Strauss, M\u00fasico y Coleccionista bajo el Segundo Imperio - Institut Europ\u00e9en des Musiques Juives<\/title>\n<meta name=\"robots\" content=\"index, follow, max-snippet:-1, max-image-preview:large, max-video-preview:-1\" \/>\n<link rel=\"canonical\" href=\"https:\/\/www.iemj.org\/es\/colloque-concert-isaac-strauss-musicien-et-collectionneur-sous-le-second-empire\/\" \/>\n<meta property=\"og:locale\" content=\"es_ES\" \/>\n<meta property=\"og:type\" content=\"article\" \/>\n<meta property=\"og:title\" content=\"Coloquio \/ Concierto : Isaac Strauss, M\u00fasico y Coleccionista bajo el Segundo Imperio - Institut Europ\u00e9en des Musiques Juives\" \/>\n<meta property=\"og:description\" content=\"Programa de radio y v\u00eddeo sobre Isaac Strauss al pie de la p\u00e1gina Con la participaci\u00f3n de Dominique Jarrass\u00e9, universidad de Burdeos III; C\u00e9dric Kleinklaus, m\u00fasico ; Corinne Legoy, universidad\" \/>\n<meta property=\"og:url\" content=\"https:\/\/www.iemj.org\/es\/colloque-concert-isaac-strauss-musicien-et-collectionneur-sous-le-second-empire\/\" \/>\n<meta property=\"og:site_name\" content=\"Institut Europ\u00e9en des Musiques Juives\" \/>\n<meta property=\"article:publisher\" content=\"https:\/\/www.facebook.com\/MusiquesJuives\/\" \/>\n<meta property=\"article:published_time\" content=\"2018-10-10T14:34:33+00:00\" \/>\n<meta property=\"article:modified_time\" content=\"2023-06-28T09:25:49+00:00\" \/>\n<meta property=\"og:image\" content=\"https:\/\/www.iemj.org\/wp-content\/uploads\/2018\/10\/arton3666.jpg\" \/>\n\t<meta property=\"og:image:width\" content=\"322\" \/>\n\t<meta property=\"og:image:height\" content=\"448\" \/>\n\t<meta property=\"og:image:type\" content=\"image\/jpeg\" \/>\n<meta name=\"author\" content=\"Jacqueline ROTEN\" \/>\n<meta name=\"twitter:card\" content=\"summary_large_image\" \/>\n<meta name=\"twitter:label1\" content=\"Escrito por\" \/>\n\t<meta name=\"twitter:data1\" content=\"Jacqueline ROTEN\" \/>\n\t<meta name=\"twitter:label2\" content=\"Tiempo de lectura\" \/>\n\t<meta name=\"twitter:data2\" content=\"3 minutos\" \/>\n<script type=\"application\/ld+json\" class=\"yoast-schema-graph\">{\"@context\":\"https:\\\/\\\/schema.org\",\"@graph\":[{\"@type\":\"Article\",\"@id\":\"https:\\\/\\\/www.iemj.org\\\/es\\\/colloque-concert-isaac-strauss-musicien-et-collectionneur-sous-le-second-empire\\\/#article\",\"isPartOf\":{\"@id\":\"https:\\\/\\\/www.iemj.org\\\/es\\\/colloque-concert-isaac-strauss-musicien-et-collectionneur-sous-le-second-empire\\\/\"},\"author\":{\"name\":\"Jacqueline ROTEN\",\"@id\":\"https:\\\/\\\/www.iemj.org\\\/es\\\/#\\\/schema\\\/person\\\/358e26c18aca017fcc4cc15437f7279c\"},\"headline\":\"Coloquio \\\/ Concierto : Isaac Strauss, M\u00fasico y Coleccionista bajo el Segundo Imperio\",\"datePublished\":\"2018-10-10T14:34:33+00:00\",\"dateModified\":\"2023-06-28T09:25:49+00:00\",\"mainEntityOfPage\":{\"@id\":\"https:\\\/\\\/www.iemj.org\\\/es\\\/colloque-concert-isaac-strauss-musicien-et-collectionneur-sous-le-second-empire\\\/\"},\"wordCount\":480,\"publisher\":{\"@id\":\"https:\\\/\\\/www.iemj.org\\\/es\\\/#organization\"},\"image\":{\"@id\":\"https:\\\/\\\/www.iemj.org\\\/es\\\/colloque-concert-isaac-strauss-musicien-et-collectionneur-sous-le-second-empire\\\/#primaryimage\"},\"thumbnailUrl\":\"https:\\\/\\\/www.iemj.org\\\/wp-content\\\/uploads\\\/2018\\\/10\\\/arton3666.jpg\",\"keywords\":[\"Eventos asociados\"],\"articleSection\":[\"Coloquio\",\"Manifestaciones\"],\"inLanguage\":\"es\"},{\"@type\":\"WebPage\",\"@id\":\"https:\\\/\\\/www.iemj.org\\\/es\\\/colloque-concert-isaac-strauss-musicien-et-collectionneur-sous-le-second-empire\\\/\",\"url\":\"https:\\\/\\\/www.iemj.org\\\/es\\\/colloque-concert-isaac-strauss-musicien-et-collectionneur-sous-le-second-empire\\\/\",\"name\":\"Coloquio \\\/ Concierto : Isaac Strauss, M\u00fasico y Coleccionista bajo el Segundo Imperio - Institut Europ\u00e9en des Musiques Juives\",\"isPartOf\":{\"@id\":\"https:\\\/\\\/www.iemj.org\\\/es\\\/#website\"},\"primaryImageOfPage\":{\"@id\":\"https:\\\/\\\/www.iemj.org\\\/es\\\/colloque-concert-isaac-strauss-musicien-et-collectionneur-sous-le-second-empire\\\/#primaryimage\"},\"image\":{\"@id\":\"https:\\\/\\\/www.iemj.org\\\/es\\\/colloque-concert-isaac-strauss-musicien-et-collectionneur-sous-le-second-empire\\\/#primaryimage\"},\"thumbnailUrl\":\"https:\\\/\\\/www.iemj.org\\\/wp-content\\\/uploads\\\/2018\\\/10\\\/arton3666.jpg\",\"datePublished\":\"2018-10-10T14:34:33+00:00\",\"dateModified\":\"2023-06-28T09:25:49+00:00\",\"breadcrumb\":{\"@id\":\"https:\\\/\\\/www.iemj.org\\\/es\\\/colloque-concert-isaac-strauss-musicien-et-collectionneur-sous-le-second-empire\\\/#breadcrumb\"},\"inLanguage\":\"es\",\"potentialAction\":[{\"@type\":\"ReadAction\",\"target\":[\"https:\\\/\\\/www.iemj.org\\\/es\\\/colloque-concert-isaac-strauss-musicien-et-collectionneur-sous-le-second-empire\\\/\"]}]},{\"@type\":\"ImageObject\",\"inLanguage\":\"es\",\"@id\":\"https:\\\/\\\/www.iemj.org\\\/es\\\/colloque-concert-isaac-strauss-musicien-et-collectionneur-sous-le-second-empire\\\/#primaryimage\",\"url\":\"https:\\\/\\\/www.iemj.org\\\/wp-content\\\/uploads\\\/2018\\\/10\\\/arton3666.jpg\",\"contentUrl\":\"https:\\\/\\\/www.iemj.org\\\/wp-content\\\/uploads\\\/2018\\\/10\\\/arton3666.jpg\",\"width\":322,\"height\":448},{\"@type\":\"BreadcrumbList\",\"@id\":\"https:\\\/\\\/www.iemj.org\\\/es\\\/colloque-concert-isaac-strauss-musicien-et-collectionneur-sous-le-second-empire\\\/#breadcrumb\",\"itemListElement\":[{\"@type\":\"ListItem\",\"position\":1,\"name\":\"Accueil\",\"item\":\"https:\\\/\\\/www.iemj.org\\\/es\\\/\"},{\"@type\":\"ListItem\",\"position\":2,\"name\":\"Coloquio \\\/ Concierto : Isaac Strauss, M\u00fasico y Coleccionista bajo el Segundo Imperio\"}]},{\"@type\":\"WebSite\",\"@id\":\"https:\\\/\\\/www.iemj.org\\\/es\\\/#website\",\"url\":\"https:\\\/\\\/www.iemj.org\\\/es\\\/\",\"name\":\"Institut Europ\u00e9en des Musiques Juives\",\"description\":\"Des traditions musicales \u00e0 la port\u00e9e de tous\",\"publisher\":{\"@id\":\"https:\\\/\\\/www.iemj.org\\\/es\\\/#organization\"},\"potentialAction\":[{\"@type\":\"SearchAction\",\"target\":{\"@type\":\"EntryPoint\",\"urlTemplate\":\"https:\\\/\\\/www.iemj.org\\\/es\\\/?s={search_term_string}\"},\"query-input\":{\"@type\":\"PropertyValueSpecification\",\"valueRequired\":true,\"valueName\":\"search_term_string\"}}],\"inLanguage\":\"es\"},{\"@type\":\"Organization\",\"@id\":\"https:\\\/\\\/www.iemj.org\\\/es\\\/#organization\",\"name\":\"Institut Europ\u00e9en des Musiques Juives\",\"url\":\"https:\\\/\\\/www.iemj.org\\\/es\\\/\",\"logo\":{\"@type\":\"ImageObject\",\"inLanguage\":\"es\",\"@id\":\"https:\\\/\\\/www.iemj.org\\\/es\\\/#\\\/schema\\\/logo\\\/image\\\/\",\"url\":\"https:\\\/\\\/www.iemj.org\\\/wp-content\\\/uploads\\\/2021\\\/09\\\/Logo-IEMJ-Paypal.jpg\",\"contentUrl\":\"https:\\\/\\\/www.iemj.org\\\/wp-content\\\/uploads\\\/2021\\\/09\\\/Logo-IEMJ-Paypal.jpg\",\"width\":150,\"height\":50,\"caption\":\"Institut Europ\u00e9en des Musiques Juives\"},\"image\":{\"@id\":\"https:\\\/\\\/www.iemj.org\\\/es\\\/#\\\/schema\\\/logo\\\/image\\\/\"},\"sameAs\":[\"https:\\\/\\\/www.facebook.com\\\/MusiquesJuives\\\/\",\"https:\\\/\\\/www.instagram.com\\\/musiquesjuives\\\/\",\"https:\\\/\\\/www.youtube.com\\\/user\\\/musiquesjuives\"]},{\"@type\":\"Person\",\"@id\":\"https:\\\/\\\/www.iemj.org\\\/es\\\/#\\\/schema\\\/person\\\/358e26c18aca017fcc4cc15437f7279c\",\"name\":\"Jacqueline ROTEN\",\"image\":{\"@type\":\"ImageObject\",\"inLanguage\":\"es\",\"@id\":\"https:\\\/\\\/secure.gravatar.com\\\/avatar\\\/5964256d6c6957de3a3505278957e0fb2a35119ac47ea41827a65301213c810b?s=96&d=mm&r=g\",\"url\":\"https:\\\/\\\/secure.gravatar.com\\\/avatar\\\/5964256d6c6957de3a3505278957e0fb2a35119ac47ea41827a65301213c810b?s=96&d=mm&r=g\",\"contentUrl\":\"https:\\\/\\\/secure.gravatar.com\\\/avatar\\\/5964256d6c6957de3a3505278957e0fb2a35119ac47ea41827a65301213c810b?s=96&d=mm&r=g\",\"caption\":\"Jacqueline ROTEN\"}}]}<\/script>\n<!-- \/ Yoast SEO plugin. -->","yoast_head_json":{"title":"Coloquio \/ Concierto : Isaac Strauss, M\u00fasico y Coleccionista bajo el Segundo Imperio - Institut Europ\u00e9en des Musiques Juives","robots":{"index":"index","follow":"follow","max-snippet":"max-snippet:-1","max-image-preview":"max-image-preview:large","max-video-preview":"max-video-preview:-1"},"canonical":"https:\/\/www.iemj.org\/es\/colloque-concert-isaac-strauss-musicien-et-collectionneur-sous-le-second-empire\/","og_locale":"es_ES","og_type":"article","og_title":"Coloquio \/ Concierto : Isaac Strauss, M\u00fasico y Coleccionista bajo el Segundo Imperio - Institut Europ\u00e9en des Musiques Juives","og_description":"Programa de radio y v\u00eddeo sobre Isaac Strauss al pie de la p\u00e1gina Con la participaci\u00f3n de Dominique Jarrass\u00e9, universidad de Burdeos III; C\u00e9dric Kleinklaus, m\u00fasico ; Corinne Legoy, universidad","og_url":"https:\/\/www.iemj.org\/es\/colloque-concert-isaac-strauss-musicien-et-collectionneur-sous-le-second-empire\/","og_site_name":"Institut Europ\u00e9en des Musiques Juives","article_publisher":"https:\/\/www.facebook.com\/MusiquesJuives\/","article_published_time":"2018-10-10T14:34:33+00:00","article_modified_time":"2023-06-28T09:25:49+00:00","og_image":[{"width":322,"height":448,"url":"https:\/\/www.iemj.org\/wp-content\/uploads\/2018\/10\/arton3666.jpg","type":"image\/jpeg"}],"author":"Jacqueline ROTEN","twitter_card":"summary_large_image","twitter_misc":{"Escrito por":"Jacqueline ROTEN","Tiempo de lectura":"3 minutos"},"schema":{"@context":"https:\/\/schema.org","@graph":[{"@type":"Article","@id":"https:\/\/www.iemj.org\/es\/colloque-concert-isaac-strauss-musicien-et-collectionneur-sous-le-second-empire\/#article","isPartOf":{"@id":"https:\/\/www.iemj.org\/es\/colloque-concert-isaac-strauss-musicien-et-collectionneur-sous-le-second-empire\/"},"author":{"name":"Jacqueline ROTEN","@id":"https:\/\/www.iemj.org\/es\/#\/schema\/person\/358e26c18aca017fcc4cc15437f7279c"},"headline":"Coloquio \/ Concierto : Isaac Strauss, M\u00fasico y Coleccionista bajo el Segundo Imperio","datePublished":"2018-10-10T14:34:33+00:00","dateModified":"2023-06-28T09:25:49+00:00","mainEntityOfPage":{"@id":"https:\/\/www.iemj.org\/es\/colloque-concert-isaac-strauss-musicien-et-collectionneur-sous-le-second-empire\/"},"wordCount":480,"publisher":{"@id":"https:\/\/www.iemj.org\/es\/#organization"},"image":{"@id":"https:\/\/www.iemj.org\/es\/colloque-concert-isaac-strauss-musicien-et-collectionneur-sous-le-second-empire\/#primaryimage"},"thumbnailUrl":"https:\/\/www.iemj.org\/wp-content\/uploads\/2018\/10\/arton3666.jpg","keywords":["Eventos asociados"],"articleSection":["Coloquio","Manifestaciones"],"inLanguage":"es"},{"@type":"WebPage","@id":"https:\/\/www.iemj.org\/es\/colloque-concert-isaac-strauss-musicien-et-collectionneur-sous-le-second-empire\/","url":"https:\/\/www.iemj.org\/es\/colloque-concert-isaac-strauss-musicien-et-collectionneur-sous-le-second-empire\/","name":"Coloquio \/ Concierto : Isaac Strauss, M\u00fasico y Coleccionista bajo el Segundo Imperio - Institut Europ\u00e9en des Musiques Juives","isPartOf":{"@id":"https:\/\/www.iemj.org\/es\/#website"},"primaryImageOfPage":{"@id":"https:\/\/www.iemj.org\/es\/colloque-concert-isaac-strauss-musicien-et-collectionneur-sous-le-second-empire\/#primaryimage"},"image":{"@id":"https:\/\/www.iemj.org\/es\/colloque-concert-isaac-strauss-musicien-et-collectionneur-sous-le-second-empire\/#primaryimage"},"thumbnailUrl":"https:\/\/www.iemj.org\/wp-content\/uploads\/2018\/10\/arton3666.jpg","datePublished":"2018-10-10T14:34:33+00:00","dateModified":"2023-06-28T09:25:49+00:00","breadcrumb":{"@id":"https:\/\/www.iemj.org\/es\/colloque-concert-isaac-strauss-musicien-et-collectionneur-sous-le-second-empire\/#breadcrumb"},"inLanguage":"es","potentialAction":[{"@type":"ReadAction","target":["https:\/\/www.iemj.org\/es\/colloque-concert-isaac-strauss-musicien-et-collectionneur-sous-le-second-empire\/"]}]},{"@type":"ImageObject","inLanguage":"es","@id":"https:\/\/www.iemj.org\/es\/colloque-concert-isaac-strauss-musicien-et-collectionneur-sous-le-second-empire\/#primaryimage","url":"https:\/\/www.iemj.org\/wp-content\/uploads\/2018\/10\/arton3666.jpg","contentUrl":"https:\/\/www.iemj.org\/wp-content\/uploads\/2018\/10\/arton3666.jpg","width":322,"height":448},{"@type":"BreadcrumbList","@id":"https:\/\/www.iemj.org\/es\/colloque-concert-isaac-strauss-musicien-et-collectionneur-sous-le-second-empire\/#breadcrumb","itemListElement":[{"@type":"ListItem","position":1,"name":"Accueil","item":"https:\/\/www.iemj.org\/es\/"},{"@type":"ListItem","position":2,"name":"Coloquio \/ Concierto : Isaac Strauss, M\u00fasico y Coleccionista bajo el Segundo Imperio"}]},{"@type":"WebSite","@id":"https:\/\/www.iemj.org\/es\/#website","url":"https:\/\/www.iemj.org\/es\/","name":"Institut Europ\u00e9en des Musiques Juives","description":"Des traditions musicales \u00e0 la port\u00e9e de tous","publisher":{"@id":"https:\/\/www.iemj.org\/es\/#organization"},"potentialAction":[{"@type":"SearchAction","target":{"@type":"EntryPoint","urlTemplate":"https:\/\/www.iemj.org\/es\/?s={search_term_string}"},"query-input":{"@type":"PropertyValueSpecification","valueRequired":true,"valueName":"search_term_string"}}],"inLanguage":"es"},{"@type":"Organization","@id":"https:\/\/www.iemj.org\/es\/#organization","name":"Institut Europ\u00e9en des Musiques Juives","url":"https:\/\/www.iemj.org\/es\/","logo":{"@type":"ImageObject","inLanguage":"es","@id":"https:\/\/www.iemj.org\/es\/#\/schema\/logo\/image\/","url":"https:\/\/www.iemj.org\/wp-content\/uploads\/2021\/09\/Logo-IEMJ-Paypal.jpg","contentUrl":"https:\/\/www.iemj.org\/wp-content\/uploads\/2021\/09\/Logo-IEMJ-Paypal.jpg","width":150,"height":50,"caption":"Institut Europ\u00e9en des Musiques Juives"},"image":{"@id":"https:\/\/www.iemj.org\/es\/#\/schema\/logo\/image\/"},"sameAs":["https:\/\/www.facebook.com\/MusiquesJuives\/","https:\/\/www.instagram.com\/musiquesjuives\/","https:\/\/www.youtube.com\/user\/musiquesjuives"]},{"@type":"Person","@id":"https:\/\/www.iemj.org\/es\/#\/schema\/person\/358e26c18aca017fcc4cc15437f7279c","name":"Jacqueline ROTEN","image":{"@type":"ImageObject","inLanguage":"es","@id":"https:\/\/secure.gravatar.com\/avatar\/5964256d6c6957de3a3505278957e0fb2a35119ac47ea41827a65301213c810b?s=96&d=mm&r=g","url":"https:\/\/secure.gravatar.com\/avatar\/5964256d6c6957de3a3505278957e0fb2a35119ac47ea41827a65301213c810b?s=96&d=mm&r=g","contentUrl":"https:\/\/secure.gravatar.com\/avatar\/5964256d6c6957de3a3505278957e0fb2a35119ac47ea41827a65301213c810b?s=96&d=mm&r=g","caption":"Jacqueline ROTEN"}}]}},"_links":{"self":[{"href":"https:\/\/www.iemj.org\/es\/wp-json\/wp\/v2\/posts\/98694","targetHints":{"allow":["GET"]}}],"collection":[{"href":"https:\/\/www.iemj.org\/es\/wp-json\/wp\/v2\/posts"}],"about":[{"href":"https:\/\/www.iemj.org\/es\/wp-json\/wp\/v2\/types\/post"}],"author":[{"embeddable":true,"href":"https:\/\/www.iemj.org\/es\/wp-json\/wp\/v2\/users\/5"}],"replies":[{"embeddable":true,"href":"https:\/\/www.iemj.org\/es\/wp-json\/wp\/v2\/comments?post=98694"}],"version-history":[{"count":0,"href":"https:\/\/www.iemj.org\/es\/wp-json\/wp\/v2\/posts\/98694\/revisions"}],"wp:featuredmedia":[{"embeddable":true,"href":"https:\/\/www.iemj.org\/es\/wp-json\/wp\/v2\/media\/98695"}],"wp:attachment":[{"href":"https:\/\/www.iemj.org\/es\/wp-json\/wp\/v2\/media?parent=98694"}],"wp:term":[{"taxonomy":"category","embeddable":true,"href":"https:\/\/www.iemj.org\/es\/wp-json\/wp\/v2\/categories?post=98694"},{"taxonomy":"post_tag","embeddable":true,"href":"https:\/\/www.iemj.org\/es\/wp-json\/wp\/v2\/tags?post=98694"},{"taxonomy":"technique","embeddable":true,"href":"https:\/\/www.iemj.org\/es\/wp-json\/wp\/v2\/technique?post=98694"},{"taxonomy":"squelettes","embeddable":true,"href":"https:\/\/www.iemj.org\/es\/wp-json\/wp\/v2\/squelettes?post=98694"},{"taxonomy":"sujet","embeddable":true,"href":"https:\/\/www.iemj.org\/es\/wp-json\/wp\/v2\/sujet?post=98694"},{"taxonomy":"formation","embeddable":true,"href":"https:\/\/www.iemj.org\/es\/wp-json\/wp\/v2\/formation?post=98694"},{"taxonomy":"genre","embeddable":true,"href":"https:\/\/www.iemj.org\/es\/wp-json\/wp\/v2\/genre?post=98694"},{"taxonomy":"fonds","embeddable":true,"href":"https:\/\/www.iemj.org\/es\/wp-json\/wp\/v2\/fonds?post=98694"},{"taxonomy":"tradition","embeddable":true,"href":"https:\/\/www.iemj.org\/es\/wp-json\/wp\/v2\/tradition?post=98694"},{"taxonomy":"type-de-contenu","embeddable":true,"href":"https:\/\/www.iemj.org\/es\/wp-json\/wp\/v2\/type-de-contenu?post=98694"},{"taxonomy":"interprete-compositeur","embeddable":true,"href":"https:\/\/www.iemj.org\/es\/wp-json\/wp\/v2\/interprete-compositeur?post=98694"},{"taxonomy":"frise","embeddable":true,"href":"https:\/\/www.iemj.org\/es\/wp-json\/wp\/v2\/frise?post=98694"},{"taxonomy":"type-devenement","embeddable":true,"href":"https:\/\/www.iemj.org\/es\/wp-json\/wp\/v2\/type-devenement?post=98694"},{"taxonomy":"tableaux-liens-externes","embeddable":true,"href":"https:\/\/www.iemj.org\/es\/wp-json\/wp\/v2\/tableaux-liens-externes?post=98694"}],"curies":[{"name":"wp","href":"https:\/\/api.w.org\/{rel}","templated":true}]}}