{"id":99350,"date":"2023-07-04T15:47:53","date_gmt":"2023-07-04T13:47:53","guid":{"rendered":"https:\/\/www.iemj.org\/la-nouvelle-scene-juive\/"},"modified":"2024-02-15T15:52:58","modified_gmt":"2024-02-15T14:52:58","slug":"la-nouvelle-scene-juive","status":"publish","type":"post","link":"https:\/\/www.iemj.org\/es\/la-nouvelle-scene-juive\/","title":{"rendered":"La nueva escena jud\u00eda"},"content":{"rendered":"<p>La nueva escena jud\u00eda est\u00e1 ligada a la aparici\u00f3n de la m\u00fasica de fusi\u00f3n, t\u00e9rmino utilizado para describir la mezcla de g\u00e9neros musicales como el rap con el rock. El rock suele considerarse una de las primeras m\u00fasicas de fusi\u00f3n, en el sentido de que es el resultado de la uni\u00f3n del rhythm and blues y de la m\u00fasica country.<\/p>\n<p>Desde el fin de los a\u00f1os 60, y con la llegada de la globalizaci\u00f3n, la m\u00fasica se ha vuelto cada vez m\u00e1s mestiza. La introducci\u00f3n del tratamiento electr\u00f3nico de la m\u00fasica aceler\u00f3 esta tendencia, sobre todo a partir de los a\u00f1os ochenta.<\/p>\n<p>Las m\u00fasicas jud\u00edas no han escapado a este fen\u00f3meno, con la aparici\u00f3n de una nueva escena jud\u00eda que mezcla el klezmer, el yiddish, el judeoespa\u00f1ol y la m\u00fasica oriental con el jazz, el rock, el punk, el rap, el latino y el hip-hop&#8230;<\/p>\n<p>La lista de reproducci\u00f3n a continuacion presenta s\u00f3lo una \u00ednfima selecci\u00f3n de la riqueza de esta nueva escena jud\u00eda, que se expresa actualmente en todo el mundo. Entre los promotores de este renacimiento musical jud\u00edo se encuentran <a href=\"https:\/\/www.tzadik.com\/\" target=\"_blank\" rel=\"noopener\">John Zorn y su sello Tzadik<\/a>, fundado en Nueva York en 1995, que hasta la fecha ha producido 189 CD de la colecci\u00f3n <em>Radical Jewish Culture<\/em>. O Claude Zwimer y Bruno Nahon, que fundaron en 2003 en Par\u00eds el sello <a href=\"http:\/\/www.jumu.fr\/archives_jumu.html\">Jumu (Nu Juwish Music)<\/a>, que \u00abtrae el pasado al presente, enchufa el klezmer al electro, concierta enlaces entre raperos en florete y el clarinete yid, y mezcla el judeo\u00e1rabe con el hip-hop\u00bb. Jumu ha producido una docena de CD y organizado varios conciertos con m\u00fasicos de Estados Unidos (Matisyahu), Canad\u00e1 (SoCalled), Reino Unido (Sophie Solomon, Oi va voi), Holanda (Amsterdam Klezmer Band) y Francia (Anakronic Electro Orkestra).<\/p>\n<p>Por \u00faltimo, varios grupos franceses, como <a href=\"https:\/\/www.iemj.org\/en\/horse-raddish-4\/\" target=\"_blank\" rel=\"noopener\">Horse Raddish<\/a> y Klunk, han producido \u00e1lbumes de jazz-rock, rap y klezmer punk.<\/p>\n<p>M\u00e1s informaci\u00f3n sobre los artistas de esta lista de reproducci\u00f3n:<\/p>\n<ul>\n<li><a href=\"https:\/\/www.anakronic.com\/bio\" target=\"_blank\" rel=\"noopener\">Anakronic<\/a><\/li>\n<li><a href=\"https:\/\/fr.wikipedia.org\/wiki\/Socalled\" target=\"_blank\" rel=\"noopener\">SoCalled<\/a><\/li>\n<li><a href=\"https:\/\/es.wikipedia.org\/wiki\/David_Krakauer\" target=\"_blank\" rel=\"noopener\">David Krakauer<\/a><\/li>\n<li><a href=\"https:\/\/en.wikipedia.org\/wiki\/Amsterdam_Klezmer_Band\" target=\"_blank\" rel=\"noopener\">Amsterdam Klezmer Band<\/a><\/li>\n<li><a href=\"https:\/\/es.wikipedia.org\/wiki\/Balkan_Beat_Box\" target=\"_blank\" rel=\"noopener\">Balkan Beat Box<\/a><\/li>\n<li><a href=\"http:\/\/klunk.fr\/\" target=\"_blank\" rel=\"noopener\">Klunk<\/a><\/li>\n<li><a href=\"https:\/\/es.wikipedia.org\/wiki\/Hip_Hop_Hood%C3%ADos\" target=\"_blank\" rel=\"noopener\">Hip Hop Hood\u00edos<\/a><\/li>\n<li><a href=\"https:\/\/guillaumedettmar.com\/paris-klezmer-band\/\" target=\"_blank\" rel=\"noopener\">Paris Klezmer Band<\/a><\/li>\n<li><a href=\"https:\/\/en.wikipedia.org\/wiki\/Shimi_Tavori\" target=\"_blank\" rel=\"noopener\">Shimi Tavori<\/a> &amp; <a href=\"https:\/\/aish.com\/authors\/201416921\/\" target=\"_blank\" rel=\"noopener\">Francky Perez<\/a><\/li>\n<li><a href=\"https:\/\/www.yom.fr\/\" target=\"_blank\" rel=\"noopener\">Yom<\/a><\/li>\n<\/ul>\n<p><a href=\"https:\/\/www.iemj.org\/es\/rock-hard-rock-metal-punk-et-musiques-juives\/\" target=\"_blank\" rel=\"noopener\">Leer el art\u00edculo ROCK, HARD ROCK, METAL, PUNK Y M\u00daSICAS JUD\u00cdAS<\/a><\/p>\n<p>Escuchar los programas de radio: <a href=\"https:\/\/www.iemj.org\/en\/electric-yiddish-from-jazz-rock-to-punk\/\" target=\"_blank\" rel=\"noopener\">ELECTRIC YIDDISH : FROM JAZZ ROCK TO PUNK<\/a> y\u00a0<a href=\"https:\/\/www.iemj.org\/en\/extreme-jewish-music-from-punk-rock-to-heavy-metal\/\" target=\"_blank\" rel=\"noopener\">EXTREME JEWISH MUSIC \u2013 FROM PUNK-ROCK TO HEAVY METAL<\/a><\/p>\n\n\n<figure class=\"wp-block-image alignwide size-large\"><img fetchpriority=\"high\" decoding=\"async\" width=\"1024\" height=\"146\" src=\"https:\/\/www.iemj.org\/wp-content\/uploads\/2023\/01\/Bandeau-Playlist_ES2-1024x146.jpg\" alt=\"\" class=\"wp-image-93117\" srcset=\"https:\/\/www.iemj.org\/wp-content\/uploads\/2023\/01\/Bandeau-Playlist_ES2-1024x146.jpg 1024w, https:\/\/www.iemj.org\/wp-content\/uploads\/2023\/01\/Bandeau-Playlist_ES2-300x43.jpg 300w, https:\/\/www.iemj.org\/wp-content\/uploads\/2023\/01\/Bandeau-Playlist_ES2-768x110.jpg 768w, https:\/\/www.iemj.org\/wp-content\/uploads\/2023\/01\/Bandeau-Playlist_ES2-1536x220.jpg 1536w, https:\/\/www.iemj.org\/wp-content\/uploads\/2023\/01\/Bandeau-Playlist_ES2-600x86.jpg 600w, https:\/\/www.iemj.org\/wp-content\/uploads\/2023\/01\/Bandeau-Playlist_ES2.jpg 1608w\" sizes=\"(max-width: 1024px) 100vw, 1024px\" \/><\/figure>\n","protected":false},"excerpt":{"rendered":"<p>La nueva escena jud\u00eda est\u00e1 ligada a la aparici\u00f3n de la m\u00fasica de fusi\u00f3n, t\u00e9rmino utilizado para describir la mezcla de g\u00e9neros musicales como el rap con el rock. El<\/p>\n","protected":false},"author":5,"featured_media":99292,"comment_status":"closed","ping_status":"open","sticky":false,"template":"","format":"standard","meta":{"_acf_changed":false,"footnotes":""},"categories":[1535],"tags":[],"technique":[],"squelettes":[],"sujet":[],"formation":[],"genre":[1873,1884,1886,1870,1867],"fonds":[],"tradition":[],"type-de-contenu":[],"interprete-compositeur":[],"frise":[],"type-devenement":[],"tableaux-liens-externes":[],"class_list":["post-99350","post","type-post","status-publish","format-standard","has-post-thumbnail","hentry","category-listas-de-reproduccion-es","genre-dub-hip-hop-es","genre-electro-es","genre-jazz-es","genre-punk-es","genre-rock-es"],"acf":[],"yoast_head":"<!-- This site is optimized with the Yoast SEO plugin v27.3 - https:\/\/yoast.com\/product\/yoast-seo-wordpress\/ -->\n<title>La nueva escena jud\u00eda - Institut Europ\u00e9en des Musiques Juives<\/title>\n<meta name=\"robots\" content=\"index, follow, max-snippet:-1, max-image-preview:large, max-video-preview:-1\" \/>\n<link rel=\"canonical\" href=\"https:\/\/www.iemj.org\/es\/la-nouvelle-scene-juive\/\" \/>\n<meta property=\"og:locale\" content=\"es_ES\" \/>\n<meta property=\"og:type\" content=\"article\" \/>\n<meta property=\"og:title\" content=\"La nueva escena jud\u00eda - Institut Europ\u00e9en des Musiques Juives\" \/>\n<meta property=\"og:description\" content=\"La nueva escena jud\u00eda est\u00e1 ligada a la aparici\u00f3n de la m\u00fasica de fusi\u00f3n, t\u00e9rmino utilizado para describir la mezcla de g\u00e9neros musicales como el rap con el rock. El\" \/>\n<meta property=\"og:url\" content=\"https:\/\/www.iemj.org\/es\/la-nouvelle-scene-juive\/\" \/>\n<meta property=\"og:site_name\" content=\"Institut Europ\u00e9en des Musiques Juives\" \/>\n<meta property=\"article:publisher\" content=\"https:\/\/www.facebook.com\/MusiquesJuives\/\" \/>\n<meta property=\"article:published_time\" content=\"2023-07-04T13:47:53+00:00\" \/>\n<meta property=\"article:modified_time\" content=\"2024-02-15T14:52:58+00:00\" \/>\n<meta property=\"og:image\" content=\"https:\/\/www.iemj.org\/wp-content\/uploads\/2023\/07\/Logo-playlist-ete-Nlle-Mus.-J.jpg\" \/>\n\t<meta property=\"og:image:width\" content=\"500\" \/>\n\t<meta property=\"og:image:height\" content=\"500\" \/>\n\t<meta property=\"og:image:type\" content=\"image\/jpeg\" \/>\n<meta name=\"author\" content=\"Jacqueline ROTEN\" \/>\n<meta name=\"twitter:card\" content=\"summary_large_image\" \/>\n<meta name=\"twitter:label1\" content=\"Escrito por\" \/>\n\t<meta name=\"twitter:data1\" content=\"Jacqueline ROTEN\" \/>\n\t<meta name=\"twitter:label2\" content=\"Tiempo de lectura\" \/>\n\t<meta name=\"twitter:data2\" content=\"3 minutos\" \/>\n<script type=\"application\/ld+json\" class=\"yoast-schema-graph\">{\"@context\":\"https:\\\/\\\/schema.org\",\"@graph\":[{\"@type\":\"Article\",\"@id\":\"https:\\\/\\\/www.iemj.org\\\/es\\\/la-nouvelle-scene-juive\\\/#article\",\"isPartOf\":{\"@id\":\"https:\\\/\\\/www.iemj.org\\\/es\\\/la-nouvelle-scene-juive\\\/\"},\"author\":{\"name\":\"Jacqueline ROTEN\",\"@id\":\"https:\\\/\\\/www.iemj.org\\\/es\\\/#\\\/schema\\\/person\\\/358e26c18aca017fcc4cc15437f7279c\"},\"headline\":\"La nueva escena jud\u00eda\",\"datePublished\":\"2023-07-04T13:47:53+00:00\",\"dateModified\":\"2024-02-15T14:52:58+00:00\",\"mainEntityOfPage\":{\"@id\":\"https:\\\/\\\/www.iemj.org\\\/es\\\/la-nouvelle-scene-juive\\\/\"},\"wordCount\":415,\"publisher\":{\"@id\":\"https:\\\/\\\/www.iemj.org\\\/es\\\/#organization\"},\"image\":{\"@id\":\"https:\\\/\\\/www.iemj.org\\\/es\\\/la-nouvelle-scene-juive\\\/#primaryimage\"},\"thumbnailUrl\":\"https:\\\/\\\/www.iemj.org\\\/wp-content\\\/uploads\\\/2023\\\/07\\\/Logo-playlist-ete-Nlle-Mus.-J.jpg\",\"articleSection\":[\"Listas de reproducci\u00f3n\"],\"inLanguage\":\"es\"},{\"@type\":\"WebPage\",\"@id\":\"https:\\\/\\\/www.iemj.org\\\/es\\\/la-nouvelle-scene-juive\\\/\",\"url\":\"https:\\\/\\\/www.iemj.org\\\/es\\\/la-nouvelle-scene-juive\\\/\",\"name\":\"La nueva escena jud\u00eda - Institut Europ\u00e9en des Musiques Juives\",\"isPartOf\":{\"@id\":\"https:\\\/\\\/www.iemj.org\\\/es\\\/#website\"},\"primaryImageOfPage\":{\"@id\":\"https:\\\/\\\/www.iemj.org\\\/es\\\/la-nouvelle-scene-juive\\\/#primaryimage\"},\"image\":{\"@id\":\"https:\\\/\\\/www.iemj.org\\\/es\\\/la-nouvelle-scene-juive\\\/#primaryimage\"},\"thumbnailUrl\":\"https:\\\/\\\/www.iemj.org\\\/wp-content\\\/uploads\\\/2023\\\/07\\\/Logo-playlist-ete-Nlle-Mus.-J.jpg\",\"datePublished\":\"2023-07-04T13:47:53+00:00\",\"dateModified\":\"2024-02-15T14:52:58+00:00\",\"breadcrumb\":{\"@id\":\"https:\\\/\\\/www.iemj.org\\\/es\\\/la-nouvelle-scene-juive\\\/#breadcrumb\"},\"inLanguage\":\"es\",\"potentialAction\":[{\"@type\":\"ReadAction\",\"target\":[\"https:\\\/\\\/www.iemj.org\\\/es\\\/la-nouvelle-scene-juive\\\/\"]}]},{\"@type\":\"ImageObject\",\"inLanguage\":\"es\",\"@id\":\"https:\\\/\\\/www.iemj.org\\\/es\\\/la-nouvelle-scene-juive\\\/#primaryimage\",\"url\":\"https:\\\/\\\/www.iemj.org\\\/wp-content\\\/uploads\\\/2023\\\/07\\\/Logo-playlist-ete-Nlle-Mus.-J.jpg\",\"contentUrl\":\"https:\\\/\\\/www.iemj.org\\\/wp-content\\\/uploads\\\/2023\\\/07\\\/Logo-playlist-ete-Nlle-Mus.-J.jpg\",\"width\":500,\"height\":500},{\"@type\":\"BreadcrumbList\",\"@id\":\"https:\\\/\\\/www.iemj.org\\\/es\\\/la-nouvelle-scene-juive\\\/#breadcrumb\",\"itemListElement\":[{\"@type\":\"ListItem\",\"position\":1,\"name\":\"Accueil\",\"item\":\"https:\\\/\\\/www.iemj.org\\\/es\\\/\"},{\"@type\":\"ListItem\",\"position\":2,\"name\":\"La nueva escena jud\u00eda\"}]},{\"@type\":\"WebSite\",\"@id\":\"https:\\\/\\\/www.iemj.org\\\/es\\\/#website\",\"url\":\"https:\\\/\\\/www.iemj.org\\\/es\\\/\",\"name\":\"Institut Europ\u00e9en des Musiques Juives\",\"description\":\"Des traditions musicales \u00e0 la port\u00e9e de tous\",\"publisher\":{\"@id\":\"https:\\\/\\\/www.iemj.org\\\/es\\\/#organization\"},\"potentialAction\":[{\"@type\":\"SearchAction\",\"target\":{\"@type\":\"EntryPoint\",\"urlTemplate\":\"https:\\\/\\\/www.iemj.org\\\/es\\\/?s={search_term_string}\"},\"query-input\":{\"@type\":\"PropertyValueSpecification\",\"valueRequired\":true,\"valueName\":\"search_term_string\"}}],\"inLanguage\":\"es\"},{\"@type\":\"Organization\",\"@id\":\"https:\\\/\\\/www.iemj.org\\\/es\\\/#organization\",\"name\":\"Institut Europ\u00e9en des Musiques Juives\",\"url\":\"https:\\\/\\\/www.iemj.org\\\/es\\\/\",\"logo\":{\"@type\":\"ImageObject\",\"inLanguage\":\"es\",\"@id\":\"https:\\\/\\\/www.iemj.org\\\/es\\\/#\\\/schema\\\/logo\\\/image\\\/\",\"url\":\"https:\\\/\\\/www.iemj.org\\\/wp-content\\\/uploads\\\/2021\\\/09\\\/Logo-IEMJ-Paypal.jpg\",\"contentUrl\":\"https:\\\/\\\/www.iemj.org\\\/wp-content\\\/uploads\\\/2021\\\/09\\\/Logo-IEMJ-Paypal.jpg\",\"width\":150,\"height\":50,\"caption\":\"Institut Europ\u00e9en des Musiques Juives\"},\"image\":{\"@id\":\"https:\\\/\\\/www.iemj.org\\\/es\\\/#\\\/schema\\\/logo\\\/image\\\/\"},\"sameAs\":[\"https:\\\/\\\/www.facebook.com\\\/MusiquesJuives\\\/\",\"https:\\\/\\\/www.instagram.com\\\/musiquesjuives\\\/\",\"https:\\\/\\\/www.youtube.com\\\/user\\\/musiquesjuives\"]},{\"@type\":\"Person\",\"@id\":\"https:\\\/\\\/www.iemj.org\\\/es\\\/#\\\/schema\\\/person\\\/358e26c18aca017fcc4cc15437f7279c\",\"name\":\"Jacqueline ROTEN\",\"image\":{\"@type\":\"ImageObject\",\"inLanguage\":\"es\",\"@id\":\"https:\\\/\\\/secure.gravatar.com\\\/avatar\\\/5964256d6c6957de3a3505278957e0fb2a35119ac47ea41827a65301213c810b?s=96&d=mm&r=g\",\"url\":\"https:\\\/\\\/secure.gravatar.com\\\/avatar\\\/5964256d6c6957de3a3505278957e0fb2a35119ac47ea41827a65301213c810b?s=96&d=mm&r=g\",\"contentUrl\":\"https:\\\/\\\/secure.gravatar.com\\\/avatar\\\/5964256d6c6957de3a3505278957e0fb2a35119ac47ea41827a65301213c810b?s=96&d=mm&r=g\",\"caption\":\"Jacqueline ROTEN\"}}]}<\/script>\n<!-- \/ Yoast SEO plugin. -->","yoast_head_json":{"title":"La nueva escena jud\u00eda - Institut Europ\u00e9en des Musiques Juives","robots":{"index":"index","follow":"follow","max-snippet":"max-snippet:-1","max-image-preview":"max-image-preview:large","max-video-preview":"max-video-preview:-1"},"canonical":"https:\/\/www.iemj.org\/es\/la-nouvelle-scene-juive\/","og_locale":"es_ES","og_type":"article","og_title":"La nueva escena jud\u00eda - Institut Europ\u00e9en des Musiques Juives","og_description":"La nueva escena jud\u00eda est\u00e1 ligada a la aparici\u00f3n de la m\u00fasica de fusi\u00f3n, t\u00e9rmino utilizado para describir la mezcla de g\u00e9neros musicales como el rap con el rock. El","og_url":"https:\/\/www.iemj.org\/es\/la-nouvelle-scene-juive\/","og_site_name":"Institut Europ\u00e9en des Musiques Juives","article_publisher":"https:\/\/www.facebook.com\/MusiquesJuives\/","article_published_time":"2023-07-04T13:47:53+00:00","article_modified_time":"2024-02-15T14:52:58+00:00","og_image":[{"width":500,"height":500,"url":"https:\/\/www.iemj.org\/wp-content\/uploads\/2023\/07\/Logo-playlist-ete-Nlle-Mus.-J.jpg","type":"image\/jpeg"}],"author":"Jacqueline ROTEN","twitter_card":"summary_large_image","twitter_misc":{"Escrito por":"Jacqueline ROTEN","Tiempo de lectura":"3 minutos"},"schema":{"@context":"https:\/\/schema.org","@graph":[{"@type":"Article","@id":"https:\/\/www.iemj.org\/es\/la-nouvelle-scene-juive\/#article","isPartOf":{"@id":"https:\/\/www.iemj.org\/es\/la-nouvelle-scene-juive\/"},"author":{"name":"Jacqueline ROTEN","@id":"https:\/\/www.iemj.org\/es\/#\/schema\/person\/358e26c18aca017fcc4cc15437f7279c"},"headline":"La nueva escena jud\u00eda","datePublished":"2023-07-04T13:47:53+00:00","dateModified":"2024-02-15T14:52:58+00:00","mainEntityOfPage":{"@id":"https:\/\/www.iemj.org\/es\/la-nouvelle-scene-juive\/"},"wordCount":415,"publisher":{"@id":"https:\/\/www.iemj.org\/es\/#organization"},"image":{"@id":"https:\/\/www.iemj.org\/es\/la-nouvelle-scene-juive\/#primaryimage"},"thumbnailUrl":"https:\/\/www.iemj.org\/wp-content\/uploads\/2023\/07\/Logo-playlist-ete-Nlle-Mus.-J.jpg","articleSection":["Listas de reproducci\u00f3n"],"inLanguage":"es"},{"@type":"WebPage","@id":"https:\/\/www.iemj.org\/es\/la-nouvelle-scene-juive\/","url":"https:\/\/www.iemj.org\/es\/la-nouvelle-scene-juive\/","name":"La nueva escena jud\u00eda - Institut Europ\u00e9en des Musiques Juives","isPartOf":{"@id":"https:\/\/www.iemj.org\/es\/#website"},"primaryImageOfPage":{"@id":"https:\/\/www.iemj.org\/es\/la-nouvelle-scene-juive\/#primaryimage"},"image":{"@id":"https:\/\/www.iemj.org\/es\/la-nouvelle-scene-juive\/#primaryimage"},"thumbnailUrl":"https:\/\/www.iemj.org\/wp-content\/uploads\/2023\/07\/Logo-playlist-ete-Nlle-Mus.-J.jpg","datePublished":"2023-07-04T13:47:53+00:00","dateModified":"2024-02-15T14:52:58+00:00","breadcrumb":{"@id":"https:\/\/www.iemj.org\/es\/la-nouvelle-scene-juive\/#breadcrumb"},"inLanguage":"es","potentialAction":[{"@type":"ReadAction","target":["https:\/\/www.iemj.org\/es\/la-nouvelle-scene-juive\/"]}]},{"@type":"ImageObject","inLanguage":"es","@id":"https:\/\/www.iemj.org\/es\/la-nouvelle-scene-juive\/#primaryimage","url":"https:\/\/www.iemj.org\/wp-content\/uploads\/2023\/07\/Logo-playlist-ete-Nlle-Mus.-J.jpg","contentUrl":"https:\/\/www.iemj.org\/wp-content\/uploads\/2023\/07\/Logo-playlist-ete-Nlle-Mus.-J.jpg","width":500,"height":500},{"@type":"BreadcrumbList","@id":"https:\/\/www.iemj.org\/es\/la-nouvelle-scene-juive\/#breadcrumb","itemListElement":[{"@type":"ListItem","position":1,"name":"Accueil","item":"https:\/\/www.iemj.org\/es\/"},{"@type":"ListItem","position":2,"name":"La nueva escena jud\u00eda"}]},{"@type":"WebSite","@id":"https:\/\/www.iemj.org\/es\/#website","url":"https:\/\/www.iemj.org\/es\/","name":"Institut Europ\u00e9en des Musiques Juives","description":"Des traditions musicales \u00e0 la port\u00e9e de tous","publisher":{"@id":"https:\/\/www.iemj.org\/es\/#organization"},"potentialAction":[{"@type":"SearchAction","target":{"@type":"EntryPoint","urlTemplate":"https:\/\/www.iemj.org\/es\/?s={search_term_string}"},"query-input":{"@type":"PropertyValueSpecification","valueRequired":true,"valueName":"search_term_string"}}],"inLanguage":"es"},{"@type":"Organization","@id":"https:\/\/www.iemj.org\/es\/#organization","name":"Institut Europ\u00e9en des Musiques Juives","url":"https:\/\/www.iemj.org\/es\/","logo":{"@type":"ImageObject","inLanguage":"es","@id":"https:\/\/www.iemj.org\/es\/#\/schema\/logo\/image\/","url":"https:\/\/www.iemj.org\/wp-content\/uploads\/2021\/09\/Logo-IEMJ-Paypal.jpg","contentUrl":"https:\/\/www.iemj.org\/wp-content\/uploads\/2021\/09\/Logo-IEMJ-Paypal.jpg","width":150,"height":50,"caption":"Institut Europ\u00e9en des Musiques Juives"},"image":{"@id":"https:\/\/www.iemj.org\/es\/#\/schema\/logo\/image\/"},"sameAs":["https:\/\/www.facebook.com\/MusiquesJuives\/","https:\/\/www.instagram.com\/musiquesjuives\/","https:\/\/www.youtube.com\/user\/musiquesjuives"]},{"@type":"Person","@id":"https:\/\/www.iemj.org\/es\/#\/schema\/person\/358e26c18aca017fcc4cc15437f7279c","name":"Jacqueline ROTEN","image":{"@type":"ImageObject","inLanguage":"es","@id":"https:\/\/secure.gravatar.com\/avatar\/5964256d6c6957de3a3505278957e0fb2a35119ac47ea41827a65301213c810b?s=96&d=mm&r=g","url":"https:\/\/secure.gravatar.com\/avatar\/5964256d6c6957de3a3505278957e0fb2a35119ac47ea41827a65301213c810b?s=96&d=mm&r=g","contentUrl":"https:\/\/secure.gravatar.com\/avatar\/5964256d6c6957de3a3505278957e0fb2a35119ac47ea41827a65301213c810b?s=96&d=mm&r=g","caption":"Jacqueline ROTEN"}}]}},"_links":{"self":[{"href":"https:\/\/www.iemj.org\/es\/wp-json\/wp\/v2\/posts\/99350","targetHints":{"allow":["GET"]}}],"collection":[{"href":"https:\/\/www.iemj.org\/es\/wp-json\/wp\/v2\/posts"}],"about":[{"href":"https:\/\/www.iemj.org\/es\/wp-json\/wp\/v2\/types\/post"}],"author":[{"embeddable":true,"href":"https:\/\/www.iemj.org\/es\/wp-json\/wp\/v2\/users\/5"}],"replies":[{"embeddable":true,"href":"https:\/\/www.iemj.org\/es\/wp-json\/wp\/v2\/comments?post=99350"}],"version-history":[{"count":0,"href":"https:\/\/www.iemj.org\/es\/wp-json\/wp\/v2\/posts\/99350\/revisions"}],"wp:featuredmedia":[{"embeddable":true,"href":"https:\/\/www.iemj.org\/es\/wp-json\/wp\/v2\/media\/99292"}],"wp:attachment":[{"href":"https:\/\/www.iemj.org\/es\/wp-json\/wp\/v2\/media?parent=99350"}],"wp:term":[{"taxonomy":"category","embeddable":true,"href":"https:\/\/www.iemj.org\/es\/wp-json\/wp\/v2\/categories?post=99350"},{"taxonomy":"post_tag","embeddable":true,"href":"https:\/\/www.iemj.org\/es\/wp-json\/wp\/v2\/tags?post=99350"},{"taxonomy":"technique","embeddable":true,"href":"https:\/\/www.iemj.org\/es\/wp-json\/wp\/v2\/technique?post=99350"},{"taxonomy":"squelettes","embeddable":true,"href":"https:\/\/www.iemj.org\/es\/wp-json\/wp\/v2\/squelettes?post=99350"},{"taxonomy":"sujet","embeddable":true,"href":"https:\/\/www.iemj.org\/es\/wp-json\/wp\/v2\/sujet?post=99350"},{"taxonomy":"formation","embeddable":true,"href":"https:\/\/www.iemj.org\/es\/wp-json\/wp\/v2\/formation?post=99350"},{"taxonomy":"genre","embeddable":true,"href":"https:\/\/www.iemj.org\/es\/wp-json\/wp\/v2\/genre?post=99350"},{"taxonomy":"fonds","embeddable":true,"href":"https:\/\/www.iemj.org\/es\/wp-json\/wp\/v2\/fonds?post=99350"},{"taxonomy":"tradition","embeddable":true,"href":"https:\/\/www.iemj.org\/es\/wp-json\/wp\/v2\/tradition?post=99350"},{"taxonomy":"type-de-contenu","embeddable":true,"href":"https:\/\/www.iemj.org\/es\/wp-json\/wp\/v2\/type-de-contenu?post=99350"},{"taxonomy":"interprete-compositeur","embeddable":true,"href":"https:\/\/www.iemj.org\/es\/wp-json\/wp\/v2\/interprete-compositeur?post=99350"},{"taxonomy":"frise","embeddable":true,"href":"https:\/\/www.iemj.org\/es\/wp-json\/wp\/v2\/frise?post=99350"},{"taxonomy":"type-devenement","embeddable":true,"href":"https:\/\/www.iemj.org\/es\/wp-json\/wp\/v2\/type-devenement?post=99350"},{"taxonomy":"tableaux-liens-externes","embeddable":true,"href":"https:\/\/www.iemj.org\/es\/wp-json\/wp\/v2\/tableaux-liens-externes?post=99350"}],"curies":[{"name":"wp","href":"https:\/\/api.w.org\/{rel}","templated":true}]}}