{"id":99760,"date":"2018-04-25T10:47:53","date_gmt":"2018-04-25T08:47:53","guid":{"rendered":"https:\/\/www.iemj.org\/ventanas-altas-de-saloniki\/"},"modified":"2025-09-18T18:33:08","modified_gmt":"2025-09-18T16:33:08","slug":"ventanas-altas-de-saloniki","status":"publish","type":"post","link":"https:\/\/www.iemj.org\/es\/ventanas-altas-de-saloniki\/","title":{"rendered":"Ventanas altas de Saloniki"},"content":{"rendered":"<p>Doble CD, publicado en 2013 por la Universidad de Haifa &#8211; 36 canciones del repertorio tradicional y moderno de los jud\u00edos de Sal\u00f3nica.<\/p>\n<p><!--more--><\/p>\n<p>Entre las comunidades jud\u00edas que se asentaron en torno al Mediterr\u00e1neo tras la expulsi\u00f3n de los jud\u00edos de la Pen\u00ednsula Ib\u00e9rica, la comunidad de Sal\u00f3nica ocupa un lugar especial por su importancia demogr\u00e1fica y la intensidad de los intercambios sociales y culturales que en ella se desarrollaron. En 1906, los jud\u00edos representaban casi la mitad de los habitantes de la ciudad, es decir, 47.312 de una poblaci\u00f3n estimada de 98.930 habitantes. La deportaci\u00f3n masiva de los jud\u00edos salonios por los nazis en 1943 marc\u00f3 el fin de una presencia jud\u00eda atestiguada ya en el Nuevo Testamento en el siglo I d.C.<\/p>\n<p>El doble CD <em>Ventanas altas de Saloniki &#8211; Sephardic songs, coplas and ballads from Thessaloniki<\/em> re\u00fane canciones procedentes de investigaciones y grabaciones de campo realizadas por <a href=\"https:\/\/www.iemj.org\/es\/weich-shahak-susana\/\" target=\"_blank\" rel=\"noopener\"><strong>Susana Weich-Shahak<\/strong><\/a>, profesora de la Universidad de Haifa, desde 1975. Estas grabaciones cobran una nueva vida gracias a los cantantes <strong>Orit Perlman<\/strong> y <strong>Kobi Zarco<\/strong>, acompa\u00f1ados por los m\u00fasicos estudiantes de la Universidad de Haifa.<\/p>\n<p>El primer CD est\u00e1 dedicado a los g\u00e9neros tradicionales del repertorio sefard\u00ed: <em>cantigas<\/em>, <em>romanceros<\/em> y <em>coplas<\/em>. El segundo CD, que demuestra la vitalidad de esta tradici\u00f3n hasta nuestros d\u00edas, incluye canciones compuestas en el siglo XX, en particular adaptaciones de canciones populares sobre nuevos textos en judeoespa\u00f1ol, o arias del repertorio teatral sefard\u00ed. Por \u00faltimo, algunas canciones describen eventos hist\u00f3ricos que afectaron a los jud\u00edos en el siglo XX.<\/p>\n<p>Este doble CD va acompa\u00f1ado de un hermoso folleto que contiene informaci\u00f3n sobre la historia de la comunidad jud\u00eda de Sal\u00f3nica, la lengua tradicional de los jud\u00edos de Sal\u00f3nica y las canciones del repertorio.<\/p>\n<p>2 CD, 2 horas de m\u00fasica para escuchar solo o en compa\u00f1\u00eda&#8230;<\/p>\n<p><a href=\"http:\/\/hcc.haifa.ac.il\/index.php?option=com_content&amp;view=article&amp;id=3443&amp;catid=145&amp;Itemid=225&amp;lang=en\" target=\"_blank\" rel=\"noopener\">M\u00e1s informaci\u00f3n<\/a><\/p>\n<h2><a href=\"https:\/\/www.iemj.org\/es\/produit\/ventanas-altas-de-saloniki\/\"><strong>Pedir el CD en la tienda del IEMJ<\/strong><\/a><\/h2>\n<p>\u00a0<\/p>\n\n<div class=\"wp-block-image\">\n<figure class=\"aligncenter size-large\"><img fetchpriority=\"high\" decoding=\"async\" width=\"1024\" height=\"133\" src=\"https:\/\/www.iemj.org\/wp-content\/uploads\/2024\/03\/AUDIO-PLAYER-1024x133.png\" alt=\"\" class=\"wp-image-110610\" srcset=\"https:\/\/www.iemj.org\/wp-content\/uploads\/2024\/03\/AUDIO-PLAYER-1024x133.png 1024w, https:\/\/www.iemj.org\/wp-content\/uploads\/2024\/03\/AUDIO-PLAYER-300x39.png 300w, https:\/\/www.iemj.org\/wp-content\/uploads\/2024\/03\/AUDIO-PLAYER-768x100.png 768w, https:\/\/www.iemj.org\/wp-content\/uploads\/2024\/03\/AUDIO-PLAYER-600x78.png 600w, https:\/\/www.iemj.org\/wp-content\/uploads\/2024\/03\/AUDIO-PLAYER.png 1210w\" sizes=\"(max-width: 1024px) 100vw, 1024px\" \/><\/figure>\n<\/div>\n\n\n<div class=\"wp-block-file\"><a id=\"wp-block-file--media-df9ffc7a-1058-40f2-83b3-fd366a020fe3\" href=\"https:\/\/www.iemj.org\/wp-content\/uploads\/2018\/04\/cd_939a_01.mp3\">Ventanas altas tienes tu (extrait)<\/a><\/div>\n\n\n\n<div class=\"wp-block-file\"><a id=\"wp-block-file--media-5ce03c44-3024-414d-861d-128f315911ef\" href=\"https:\/\/www.iemj.org\/wp-content\/uploads\/2018\/04\/cd_939a_04.mp3\">Ni blanka sos (extrait)<\/a><\/div>\n\n\n\n<div class=\"wp-block-file\"><a id=\"wp-block-file--media-b7ee10b3-17e1-4351-9e1d-c485864c0dbd\" href=\"https:\/\/www.iemj.org\/wp-content\/uploads\/2018\/04\/cd_939a_11.mp3\">Un lunes por la manana (extrait)<\/a><\/div>\n\n\n\n<div class=\"wp-block-file\"><a id=\"wp-block-file--media-ca8e643d-fd21-4267-a080-5e62a490cfb6\" href=\"https:\/\/www.iemj.org\/wp-content\/uploads\/2018\/04\/cd_939a_19.mp3\">Alabar kero al Dio (extrait)<\/a><\/div>\n\n\n\n<div class=\"wp-block-file\"><a id=\"wp-block-file--media-23d0ebc1-f303-49da-a27c-78a9141e8d82\" href=\"https:\/\/www.iemj.org\/wp-content\/uploads\/2018\/04\/cd_939b_08.mp3\">Ya sabes que yo so nina kurnasa (extrait)<\/a><\/div>\n\n\n\n<div class=\"wp-block-file\"><a id=\"wp-block-file--media-36c4fbba-04f8-4439-bd1f-f996c2857d4f\" href=\"https:\/\/www.iemj.org\/wp-content\/uploads\/2018\/04\/cd_939b_11.mp3\">Esther, tu lucia figura (extrait)<\/a><\/div>\n\n\n\n<div class=\"wp-block-file\"><a id=\"wp-block-file--media-0db1db98-eda6-44a6-a0d1-5f5126a6fbfe\" href=\"https:\/\/www.iemj.org\/wp-content\/uploads\/2018\/04\/cd_939b_15.mp3\">Vamos a la Palestina (extrait)<\/a><\/div>\n","protected":false},"excerpt":{"rendered":"<p>Doble CD, publicado en 2013 por la Universidad de Haifa &#8211; 36 canciones del repertorio tradicional y moderno de los jud\u00edos de Sal\u00f3nica.<\/p>\n","protected":false},"author":1048,"featured_media":99761,"comment_status":"closed","ping_status":"closed","sticky":false,"template":"","format":"standard","meta":{"_acf_changed":false,"footnotes":""},"categories":[1568,1565],"tags":[],"technique":[],"squelettes":[],"sujet":[],"formation":[],"genre":[],"fonds":[],"tradition":[],"type-de-contenu":[],"interprete-compositeur":[],"frise":[],"type-devenement":[],"tableaux-liens-externes":[],"class_list":["post-99760","post","type-post","status-publish","format-standard","has-post-thumbnail","hentry","category-cd-es","category-ultimas-adquisiciones-es"],"acf":[],"yoast_head":"<!-- This site is optimized with the Yoast SEO plugin v27.3 - https:\/\/yoast.com\/product\/yoast-seo-wordpress\/ -->\n<title>Ventanas altas de Saloniki - Institut Europ\u00e9en des Musiques Juives<\/title>\n<meta name=\"robots\" content=\"index, follow, max-snippet:-1, max-image-preview:large, max-video-preview:-1\" \/>\n<link rel=\"canonical\" href=\"https:\/\/www.iemj.org\/es\/ventanas-altas-de-saloniki\/\" \/>\n<meta property=\"og:locale\" content=\"es_ES\" \/>\n<meta property=\"og:type\" content=\"article\" \/>\n<meta property=\"og:title\" content=\"Ventanas altas de Saloniki - Institut Europ\u00e9en des Musiques Juives\" \/>\n<meta property=\"og:description\" content=\"Doble CD, publicado en 2013 por la Universidad de Haifa &#8211; 36 canciones del repertorio tradicional y moderno de los jud\u00edos de Sal\u00f3nica.\" \/>\n<meta property=\"og:url\" content=\"https:\/\/www.iemj.org\/es\/ventanas-altas-de-saloniki\/\" \/>\n<meta property=\"og:site_name\" content=\"Institut Europ\u00e9en des Musiques Juives\" \/>\n<meta property=\"article:publisher\" content=\"https:\/\/www.facebook.com\/MusiquesJuives\/\" \/>\n<meta property=\"article:published_time\" content=\"2018-04-25T08:47:53+00:00\" \/>\n<meta property=\"article:modified_time\" content=\"2025-09-18T16:33:08+00:00\" \/>\n<meta property=\"og:image\" content=\"https:\/\/www.iemj.org\/wp-content\/uploads\/2018\/04\/arton3359-e1619185477280.jpg\" \/>\n\t<meta property=\"og:image:width\" content=\"350\" \/>\n\t<meta property=\"og:image:height\" content=\"302\" \/>\n\t<meta property=\"og:image:type\" content=\"image\/jpeg\" \/>\n<meta name=\"author\" content=\"Jean-Gabriel Davis\" \/>\n<meta name=\"twitter:card\" content=\"summary_large_image\" \/>\n<meta name=\"twitter:label1\" content=\"Escrito por\" \/>\n\t<meta name=\"twitter:data1\" content=\"Jean-Gabriel Davis\" \/>\n\t<meta name=\"twitter:label2\" content=\"Tiempo de lectura\" \/>\n\t<meta name=\"twitter:data2\" content=\"3 minutos\" \/>\n<script type=\"application\/ld+json\" class=\"yoast-schema-graph\">{\"@context\":\"https:\\\/\\\/schema.org\",\"@graph\":[{\"@type\":\"Article\",\"@id\":\"https:\\\/\\\/www.iemj.org\\\/es\\\/ventanas-altas-de-saloniki\\\/#article\",\"isPartOf\":{\"@id\":\"https:\\\/\\\/www.iemj.org\\\/es\\\/ventanas-altas-de-saloniki\\\/\"},\"author\":{\"name\":\"Jean-Gabriel Davis\",\"@id\":\"https:\\\/\\\/www.iemj.org\\\/es\\\/#\\\/schema\\\/person\\\/c9bc1c386a3749579a2d675e72a18666\"},\"headline\":\"Ventanas altas de Saloniki\",\"datePublished\":\"2018-04-25T08:47:53+00:00\",\"dateModified\":\"2025-09-18T16:33:08+00:00\",\"mainEntityOfPage\":{\"@id\":\"https:\\\/\\\/www.iemj.org\\\/es\\\/ventanas-altas-de-saloniki\\\/\"},\"wordCount\":378,\"publisher\":{\"@id\":\"https:\\\/\\\/www.iemj.org\\\/es\\\/#organization\"},\"image\":{\"@id\":\"https:\\\/\\\/www.iemj.org\\\/es\\\/ventanas-altas-de-saloniki\\\/#primaryimage\"},\"thumbnailUrl\":\"https:\\\/\\\/www.iemj.org\\\/wp-content\\\/uploads\\\/2018\\\/04\\\/arton3359-e1619185477280.jpg\",\"articleSection\":[\"CD\",\"\u00daltimas adquisiciones\"],\"inLanguage\":\"es\"},{\"@type\":\"WebPage\",\"@id\":\"https:\\\/\\\/www.iemj.org\\\/es\\\/ventanas-altas-de-saloniki\\\/\",\"url\":\"https:\\\/\\\/www.iemj.org\\\/es\\\/ventanas-altas-de-saloniki\\\/\",\"name\":\"Ventanas altas de Saloniki - Institut Europ\u00e9en des Musiques Juives\",\"isPartOf\":{\"@id\":\"https:\\\/\\\/www.iemj.org\\\/es\\\/#website\"},\"primaryImageOfPage\":{\"@id\":\"https:\\\/\\\/www.iemj.org\\\/es\\\/ventanas-altas-de-saloniki\\\/#primaryimage\"},\"image\":{\"@id\":\"https:\\\/\\\/www.iemj.org\\\/es\\\/ventanas-altas-de-saloniki\\\/#primaryimage\"},\"thumbnailUrl\":\"https:\\\/\\\/www.iemj.org\\\/wp-content\\\/uploads\\\/2018\\\/04\\\/arton3359-e1619185477280.jpg\",\"datePublished\":\"2018-04-25T08:47:53+00:00\",\"dateModified\":\"2025-09-18T16:33:08+00:00\",\"breadcrumb\":{\"@id\":\"https:\\\/\\\/www.iemj.org\\\/es\\\/ventanas-altas-de-saloniki\\\/#breadcrumb\"},\"inLanguage\":\"es\",\"potentialAction\":[{\"@type\":\"ReadAction\",\"target\":[\"https:\\\/\\\/www.iemj.org\\\/es\\\/ventanas-altas-de-saloniki\\\/\"]}]},{\"@type\":\"ImageObject\",\"inLanguage\":\"es\",\"@id\":\"https:\\\/\\\/www.iemj.org\\\/es\\\/ventanas-altas-de-saloniki\\\/#primaryimage\",\"url\":\"https:\\\/\\\/www.iemj.org\\\/wp-content\\\/uploads\\\/2018\\\/04\\\/arton3359-e1619185477280.jpg\",\"contentUrl\":\"https:\\\/\\\/www.iemj.org\\\/wp-content\\\/uploads\\\/2018\\\/04\\\/arton3359-e1619185477280.jpg\",\"width\":350,\"height\":302},{\"@type\":\"BreadcrumbList\",\"@id\":\"https:\\\/\\\/www.iemj.org\\\/es\\\/ventanas-altas-de-saloniki\\\/#breadcrumb\",\"itemListElement\":[{\"@type\":\"ListItem\",\"position\":1,\"name\":\"Accueil\",\"item\":\"https:\\\/\\\/www.iemj.org\\\/es\\\/\"},{\"@type\":\"ListItem\",\"position\":2,\"name\":\"Ventanas altas de Saloniki\"}]},{\"@type\":\"WebSite\",\"@id\":\"https:\\\/\\\/www.iemj.org\\\/es\\\/#website\",\"url\":\"https:\\\/\\\/www.iemj.org\\\/es\\\/\",\"name\":\"Institut Europ\u00e9en des Musiques Juives\",\"description\":\"Des traditions musicales \u00e0 la port\u00e9e de tous\",\"publisher\":{\"@id\":\"https:\\\/\\\/www.iemj.org\\\/es\\\/#organization\"},\"potentialAction\":[{\"@type\":\"SearchAction\",\"target\":{\"@type\":\"EntryPoint\",\"urlTemplate\":\"https:\\\/\\\/www.iemj.org\\\/es\\\/?s={search_term_string}\"},\"query-input\":{\"@type\":\"PropertyValueSpecification\",\"valueRequired\":true,\"valueName\":\"search_term_string\"}}],\"inLanguage\":\"es\"},{\"@type\":\"Organization\",\"@id\":\"https:\\\/\\\/www.iemj.org\\\/es\\\/#organization\",\"name\":\"Institut Europ\u00e9en des Musiques Juives\",\"url\":\"https:\\\/\\\/www.iemj.org\\\/es\\\/\",\"logo\":{\"@type\":\"ImageObject\",\"inLanguage\":\"es\",\"@id\":\"https:\\\/\\\/www.iemj.org\\\/es\\\/#\\\/schema\\\/logo\\\/image\\\/\",\"url\":\"https:\\\/\\\/www.iemj.org\\\/wp-content\\\/uploads\\\/2021\\\/09\\\/Logo-IEMJ-Paypal.jpg\",\"contentUrl\":\"https:\\\/\\\/www.iemj.org\\\/wp-content\\\/uploads\\\/2021\\\/09\\\/Logo-IEMJ-Paypal.jpg\",\"width\":150,\"height\":50,\"caption\":\"Institut Europ\u00e9en des Musiques Juives\"},\"image\":{\"@id\":\"https:\\\/\\\/www.iemj.org\\\/es\\\/#\\\/schema\\\/logo\\\/image\\\/\"},\"sameAs\":[\"https:\\\/\\\/www.facebook.com\\\/MusiquesJuives\\\/\",\"https:\\\/\\\/www.instagram.com\\\/musiquesjuives\\\/\",\"https:\\\/\\\/www.youtube.com\\\/user\\\/musiquesjuives\"]},{\"@type\":\"Person\",\"@id\":\"https:\\\/\\\/www.iemj.org\\\/es\\\/#\\\/schema\\\/person\\\/c9bc1c386a3749579a2d675e72a18666\",\"name\":\"Jean-Gabriel Davis\",\"image\":{\"@type\":\"ImageObject\",\"inLanguage\":\"es\",\"@id\":\"https:\\\/\\\/secure.gravatar.com\\\/avatar\\\/2b90d67bdf392c9b3a21fab87c0fa7edaf1fb3a058172a1ffd61033fcec7aec1?s=96&d=mm&r=g\",\"url\":\"https:\\\/\\\/secure.gravatar.com\\\/avatar\\\/2b90d67bdf392c9b3a21fab87c0fa7edaf1fb3a058172a1ffd61033fcec7aec1?s=96&d=mm&r=g\",\"contentUrl\":\"https:\\\/\\\/secure.gravatar.com\\\/avatar\\\/2b90d67bdf392c9b3a21fab87c0fa7edaf1fb3a058172a1ffd61033fcec7aec1?s=96&d=mm&r=g\",\"caption\":\"Jean-Gabriel Davis\"}}]}<\/script>\n<!-- \/ Yoast SEO plugin. -->","yoast_head_json":{"title":"Ventanas altas de Saloniki - Institut Europ\u00e9en des Musiques Juives","robots":{"index":"index","follow":"follow","max-snippet":"max-snippet:-1","max-image-preview":"max-image-preview:large","max-video-preview":"max-video-preview:-1"},"canonical":"https:\/\/www.iemj.org\/es\/ventanas-altas-de-saloniki\/","og_locale":"es_ES","og_type":"article","og_title":"Ventanas altas de Saloniki - Institut Europ\u00e9en des Musiques Juives","og_description":"Doble CD, publicado en 2013 por la Universidad de Haifa &#8211; 36 canciones del repertorio tradicional y moderno de los jud\u00edos de Sal\u00f3nica.","og_url":"https:\/\/www.iemj.org\/es\/ventanas-altas-de-saloniki\/","og_site_name":"Institut Europ\u00e9en des Musiques Juives","article_publisher":"https:\/\/www.facebook.com\/MusiquesJuives\/","article_published_time":"2018-04-25T08:47:53+00:00","article_modified_time":"2025-09-18T16:33:08+00:00","og_image":[{"width":350,"height":302,"url":"https:\/\/www.iemj.org\/wp-content\/uploads\/2018\/04\/arton3359-e1619185477280.jpg","type":"image\/jpeg"}],"author":"Jean-Gabriel Davis","twitter_card":"summary_large_image","twitter_misc":{"Escrito por":"Jean-Gabriel Davis","Tiempo de lectura":"3 minutos"},"schema":{"@context":"https:\/\/schema.org","@graph":[{"@type":"Article","@id":"https:\/\/www.iemj.org\/es\/ventanas-altas-de-saloniki\/#article","isPartOf":{"@id":"https:\/\/www.iemj.org\/es\/ventanas-altas-de-saloniki\/"},"author":{"name":"Jean-Gabriel Davis","@id":"https:\/\/www.iemj.org\/es\/#\/schema\/person\/c9bc1c386a3749579a2d675e72a18666"},"headline":"Ventanas altas de Saloniki","datePublished":"2018-04-25T08:47:53+00:00","dateModified":"2025-09-18T16:33:08+00:00","mainEntityOfPage":{"@id":"https:\/\/www.iemj.org\/es\/ventanas-altas-de-saloniki\/"},"wordCount":378,"publisher":{"@id":"https:\/\/www.iemj.org\/es\/#organization"},"image":{"@id":"https:\/\/www.iemj.org\/es\/ventanas-altas-de-saloniki\/#primaryimage"},"thumbnailUrl":"https:\/\/www.iemj.org\/wp-content\/uploads\/2018\/04\/arton3359-e1619185477280.jpg","articleSection":["CD","\u00daltimas adquisiciones"],"inLanguage":"es"},{"@type":"WebPage","@id":"https:\/\/www.iemj.org\/es\/ventanas-altas-de-saloniki\/","url":"https:\/\/www.iemj.org\/es\/ventanas-altas-de-saloniki\/","name":"Ventanas altas de Saloniki - Institut Europ\u00e9en des Musiques Juives","isPartOf":{"@id":"https:\/\/www.iemj.org\/es\/#website"},"primaryImageOfPage":{"@id":"https:\/\/www.iemj.org\/es\/ventanas-altas-de-saloniki\/#primaryimage"},"image":{"@id":"https:\/\/www.iemj.org\/es\/ventanas-altas-de-saloniki\/#primaryimage"},"thumbnailUrl":"https:\/\/www.iemj.org\/wp-content\/uploads\/2018\/04\/arton3359-e1619185477280.jpg","datePublished":"2018-04-25T08:47:53+00:00","dateModified":"2025-09-18T16:33:08+00:00","breadcrumb":{"@id":"https:\/\/www.iemj.org\/es\/ventanas-altas-de-saloniki\/#breadcrumb"},"inLanguage":"es","potentialAction":[{"@type":"ReadAction","target":["https:\/\/www.iemj.org\/es\/ventanas-altas-de-saloniki\/"]}]},{"@type":"ImageObject","inLanguage":"es","@id":"https:\/\/www.iemj.org\/es\/ventanas-altas-de-saloniki\/#primaryimage","url":"https:\/\/www.iemj.org\/wp-content\/uploads\/2018\/04\/arton3359-e1619185477280.jpg","contentUrl":"https:\/\/www.iemj.org\/wp-content\/uploads\/2018\/04\/arton3359-e1619185477280.jpg","width":350,"height":302},{"@type":"BreadcrumbList","@id":"https:\/\/www.iemj.org\/es\/ventanas-altas-de-saloniki\/#breadcrumb","itemListElement":[{"@type":"ListItem","position":1,"name":"Accueil","item":"https:\/\/www.iemj.org\/es\/"},{"@type":"ListItem","position":2,"name":"Ventanas altas de Saloniki"}]},{"@type":"WebSite","@id":"https:\/\/www.iemj.org\/es\/#website","url":"https:\/\/www.iemj.org\/es\/","name":"Institut Europ\u00e9en des Musiques Juives","description":"Des traditions musicales \u00e0 la port\u00e9e de tous","publisher":{"@id":"https:\/\/www.iemj.org\/es\/#organization"},"potentialAction":[{"@type":"SearchAction","target":{"@type":"EntryPoint","urlTemplate":"https:\/\/www.iemj.org\/es\/?s={search_term_string}"},"query-input":{"@type":"PropertyValueSpecification","valueRequired":true,"valueName":"search_term_string"}}],"inLanguage":"es"},{"@type":"Organization","@id":"https:\/\/www.iemj.org\/es\/#organization","name":"Institut Europ\u00e9en des Musiques Juives","url":"https:\/\/www.iemj.org\/es\/","logo":{"@type":"ImageObject","inLanguage":"es","@id":"https:\/\/www.iemj.org\/es\/#\/schema\/logo\/image\/","url":"https:\/\/www.iemj.org\/wp-content\/uploads\/2021\/09\/Logo-IEMJ-Paypal.jpg","contentUrl":"https:\/\/www.iemj.org\/wp-content\/uploads\/2021\/09\/Logo-IEMJ-Paypal.jpg","width":150,"height":50,"caption":"Institut Europ\u00e9en des Musiques Juives"},"image":{"@id":"https:\/\/www.iemj.org\/es\/#\/schema\/logo\/image\/"},"sameAs":["https:\/\/www.facebook.com\/MusiquesJuives\/","https:\/\/www.instagram.com\/musiquesjuives\/","https:\/\/www.youtube.com\/user\/musiquesjuives"]},{"@type":"Person","@id":"https:\/\/www.iemj.org\/es\/#\/schema\/person\/c9bc1c386a3749579a2d675e72a18666","name":"Jean-Gabriel Davis","image":{"@type":"ImageObject","inLanguage":"es","@id":"https:\/\/secure.gravatar.com\/avatar\/2b90d67bdf392c9b3a21fab87c0fa7edaf1fb3a058172a1ffd61033fcec7aec1?s=96&d=mm&r=g","url":"https:\/\/secure.gravatar.com\/avatar\/2b90d67bdf392c9b3a21fab87c0fa7edaf1fb3a058172a1ffd61033fcec7aec1?s=96&d=mm&r=g","contentUrl":"https:\/\/secure.gravatar.com\/avatar\/2b90d67bdf392c9b3a21fab87c0fa7edaf1fb3a058172a1ffd61033fcec7aec1?s=96&d=mm&r=g","caption":"Jean-Gabriel Davis"}}]}},"_links":{"self":[{"href":"https:\/\/www.iemj.org\/es\/wp-json\/wp\/v2\/posts\/99760","targetHints":{"allow":["GET"]}}],"collection":[{"href":"https:\/\/www.iemj.org\/es\/wp-json\/wp\/v2\/posts"}],"about":[{"href":"https:\/\/www.iemj.org\/es\/wp-json\/wp\/v2\/types\/post"}],"author":[{"embeddable":true,"href":"https:\/\/www.iemj.org\/es\/wp-json\/wp\/v2\/users\/1048"}],"replies":[{"embeddable":true,"href":"https:\/\/www.iemj.org\/es\/wp-json\/wp\/v2\/comments?post=99760"}],"version-history":[{"count":0,"href":"https:\/\/www.iemj.org\/es\/wp-json\/wp\/v2\/posts\/99760\/revisions"}],"wp:featuredmedia":[{"embeddable":true,"href":"https:\/\/www.iemj.org\/es\/wp-json\/wp\/v2\/media\/99761"}],"wp:attachment":[{"href":"https:\/\/www.iemj.org\/es\/wp-json\/wp\/v2\/media?parent=99760"}],"wp:term":[{"taxonomy":"category","embeddable":true,"href":"https:\/\/www.iemj.org\/es\/wp-json\/wp\/v2\/categories?post=99760"},{"taxonomy":"post_tag","embeddable":true,"href":"https:\/\/www.iemj.org\/es\/wp-json\/wp\/v2\/tags?post=99760"},{"taxonomy":"technique","embeddable":true,"href":"https:\/\/www.iemj.org\/es\/wp-json\/wp\/v2\/technique?post=99760"},{"taxonomy":"squelettes","embeddable":true,"href":"https:\/\/www.iemj.org\/es\/wp-json\/wp\/v2\/squelettes?post=99760"},{"taxonomy":"sujet","embeddable":true,"href":"https:\/\/www.iemj.org\/es\/wp-json\/wp\/v2\/sujet?post=99760"},{"taxonomy":"formation","embeddable":true,"href":"https:\/\/www.iemj.org\/es\/wp-json\/wp\/v2\/formation?post=99760"},{"taxonomy":"genre","embeddable":true,"href":"https:\/\/www.iemj.org\/es\/wp-json\/wp\/v2\/genre?post=99760"},{"taxonomy":"fonds","embeddable":true,"href":"https:\/\/www.iemj.org\/es\/wp-json\/wp\/v2\/fonds?post=99760"},{"taxonomy":"tradition","embeddable":true,"href":"https:\/\/www.iemj.org\/es\/wp-json\/wp\/v2\/tradition?post=99760"},{"taxonomy":"type-de-contenu","embeddable":true,"href":"https:\/\/www.iemj.org\/es\/wp-json\/wp\/v2\/type-de-contenu?post=99760"},{"taxonomy":"interprete-compositeur","embeddable":true,"href":"https:\/\/www.iemj.org\/es\/wp-json\/wp\/v2\/interprete-compositeur?post=99760"},{"taxonomy":"frise","embeddable":true,"href":"https:\/\/www.iemj.org\/es\/wp-json\/wp\/v2\/frise?post=99760"},{"taxonomy":"type-devenement","embeddable":true,"href":"https:\/\/www.iemj.org\/es\/wp-json\/wp\/v2\/type-devenement?post=99760"},{"taxonomy":"tableaux-liens-externes","embeddable":true,"href":"https:\/\/www.iemj.org\/es\/wp-json\/wp\/v2\/tableaux-liens-externes?post=99760"}],"curies":[{"name":"wp","href":"https:\/\/api.w.org\/{rel}","templated":true}]}}