{"id":99820,"date":"2018-03-19T17:50:47","date_gmt":"2018-03-19T16:50:47","guid":{"rendered":"https:\/\/www.iemj.org\/coplas-sefardies-de-alberto-hemsi-vol-1\/"},"modified":"2025-02-25T15:35:22","modified_gmt":"2025-02-25T14:35:22","slug":"coplas-sefardies-de-alberto-hemsi-vol-1","status":"publish","type":"post","link":"https:\/\/www.iemj.org\/es\/coplas-sefardies-de-alberto-hemsi-vol-1\/","title":{"rendered":"Coplas Sefardies de Alberto Hemsi &#8211; Vol.1"},"content":{"rendered":"<p>Con la grabaci\u00f3n de las Coplas Sefard\u00edes de Alberto Hemsi, Assaf Levitin (cantor de la sinagoga liberal de Hannover) y el pianista Naaman Wagner nos hacen redescubrir un mundo de la cultura jud\u00eda europea casi desaparecido, con motivo del 120 aniversario del nacimiento del compositor Alberto Hemsi (1898-1975).<\/p>\n<p>Alberto Hemsi era un ferviente admirador del folclore sefard\u00ed y de sus tradiciones musicales. Como pianista y compositor, recopil\u00f3 230 poemas y melod\u00edas de las comunidades sefard\u00edes del antiguo Imperio Otomano entre 1923 y 1937. De este amplio corpus, Hemsi seleccion\u00f3 60 melod\u00edas tradicionales para las que compuso \u00abpartes para piano, cuya realizaci\u00f3n result\u00f3 bastante complicada, ya que no se trataba en absoluto de \u00abacompa\u00f1ar\u00bb simplemente dichas canciones, sino de enmarcarlas en peque\u00f1os cuadros sinf\u00f3nicos, con el fin de sugerir en la medida de lo posible, la atm\u00f3sfera, el estado de \u00e1nimo, el tema y la melod\u00eda\u00bb.<\/p>\n<p>Las Coplas Sefard\u00edes de Alberto Hemsi ofrecen una visi\u00f3n renovada de la tradici\u00f3n oral judeo-espa\u00f1ola, magnificada por el pensamiento creativo del compositor. Esta simbiosis entre la canci\u00f3n tradicional y el arte culto, la espontaneidad oral y el pensamiento escrito, es particularmente acertada en la obra de Alberto Hemsi, un compositor al servicio de la cultura sefard\u00ed.<\/p>\n<p>Este primer volumen de un conjunto de 3 CD presenta 24 magn\u00edficas canciones judeo-espa\u00f1olas.<\/p>\n<p>Que se escuche sin moderaci\u00f3n.<\/p>\n<p><a href=\"https:\/\/www.iemj.org\/es\/hemsi-alberto-1898-1975\/\" target=\"_blank\" rel=\"noopener\">M\u00e1s informaci\u00f3n sobre Alberto Hemsi<\/a><br \/><a href=\"https:\/\/www.rondeau.de\/New-Releases\/Alberto-Hemsi-Coplas-Sefardies-Vol-1::420.html?language=en\" target=\"_blank\" rel=\"noopener\">Comprar el CD Coplas Sefardies &#8211; Canciones judeo-espa\u00f1olas de Alberto Hemsi &#8211; Vol.1<\/a><br \/><a href=\"https:\/\/www.iemj.org\/es\/fonds-alberto-hemsi\/\" target=\"_blank\" rel=\"noopener\">Consultar los archivos de Alberto Hemsi conservados en el IEMJ<\/a><\/p>\n<p><img decoding=\"async\" class=\"alignnone  wp-image-110610\" src=\"https:\/\/www.iemj.org\/wp-content\/uploads\/2024\/03\/AUDIO-PLAYER-300x39.png\" alt=\"\" width=\"615\" height=\"80\" srcset=\"https:\/\/www.iemj.org\/wp-content\/uploads\/2024\/03\/AUDIO-PLAYER-300x39.png 300w, https:\/\/www.iemj.org\/wp-content\/uploads\/2024\/03\/AUDIO-PLAYER-1024x133.png 1024w, https:\/\/www.iemj.org\/wp-content\/uploads\/2024\/03\/AUDIO-PLAYER-768x100.png 768w, https:\/\/www.iemj.org\/wp-content\/uploads\/2024\/03\/AUDIO-PLAYER-600x78.png 600w, https:\/\/www.iemj.org\/wp-content\/uploads\/2024\/03\/AUDIO-PLAYER.png 1210w\" sizes=\"(max-width: 615px) 100vw, 615px\" \/><\/p>\n\n\n<div class=\"wp-block-file\"><a id=\"wp-block-file--media-559e851b-a790-4cc9-85c6-6dd59b5ccbdb\" href=\"https:\/\/www.iemj.org\/wp-content\/uploads\/2018\/03\/cd_903_01.mp3\">Yo tomi una muchacha (extrait), op.7<\/a><\/div>\n\n\n\n<div class=\"wp-block-file\"><a id=\"wp-block-file--media-810bd9a3-57ba-4d5e-9d48-aa74ec40a800\" href=\"https:\/\/www.iemj.org\/wp-content\/uploads\/2018\/03\/cd_903_02.mp3\">Durme, durme hermosa donzella (extrait), op.7<\/a><\/div>\n\n\n\n<div class=\"wp-block-file\"><a id=\"wp-block-file--media-4e7ecba7-2bdb-4a72-99ec-b42ca28b88f2\" href=\"https:\/\/www.iemj.org\/wp-content\/uploads\/2018\/03\/cd_903_08.mp3\">El rey por muncha madruga (extrait), op.8<\/a><\/div>\n\n\n\n<div class=\"wp-block-file\"><a id=\"wp-block-file--media-d8ae9924-0c94-44dc-8e18-a216e1771e23\" href=\"https:\/\/www.iemj.org\/wp-content\/uploads\/2018\/03\/cd_903_09.mp3\">Tres hijas tiene el buen rey (extrait), op.8<\/a><\/div>\n\n\n\n<div class=\"wp-block-file\"><a id=\"wp-block-file--media-308bea58-adbc-4a1f-a272-dd1e02281a05\" href=\"https:\/\/www.iemj.org\/wp-content\/uploads\/2018\/03\/cd_903_17.mp3\">Yo me alevanti un lunes (extrait), op.13<\/a><\/div>\n\n\n\n<div class=\"wp-block-file\"><a id=\"wp-block-file--media-0a452a0e-5844-4bc7-aad3-898a777e1dad\" href=\"https:\/\/www.iemj.org\/wp-content\/uploads\/2018\/03\/cd_903_19.mp3\">Triste este la infanta (extrait), op. 18<\/a><\/div>\n","protected":false},"excerpt":{"rendered":"<p>Con la grabaci\u00f3n de las Coplas Sefard\u00edes de Alberto Hemsi, Assaf Levitin (cantor de la sinagoga liberal de Hannover) y el pianista Naaman Wagner nos hacen redescubrir un mundo de<\/p>\n","protected":false},"author":1048,"featured_media":99821,"comment_status":"closed","ping_status":"open","sticky":false,"template":"","format":"standard","meta":{"_acf_changed":false,"footnotes":""},"categories":[1568,1565],"tags":[],"technique":[],"squelettes":[],"sujet":[],"formation":[],"genre":[1889,1899],"fonds":[],"tradition":[],"type-de-contenu":[],"interprete-compositeur":[3080],"frise":[],"type-devenement":[],"tableaux-liens-externes":[],"class_list":["post-99820","post","type-post","status-publish","format-standard","has-post-thumbnail","hentry","category-cd-es","category-ultimas-adquisiciones-es","genre-judeo-espanol-es","genre-musica-clasica-es","interprete-compositeur-alberto-hemsi-es"],"acf":[],"yoast_head":"<!-- This site is optimized with the Yoast SEO plugin v27.3 - https:\/\/yoast.com\/product\/yoast-seo-wordpress\/ -->\n<title>Coplas Sefardies de Alberto Hemsi - Vol.1 - Institut Europ\u00e9en des Musiques Juives<\/title>\n<meta name=\"robots\" content=\"index, follow, max-snippet:-1, max-image-preview:large, max-video-preview:-1\" \/>\n<link rel=\"canonical\" href=\"https:\/\/www.iemj.org\/es\/coplas-sefardies-de-alberto-hemsi-vol-1\/\" \/>\n<meta property=\"og:locale\" content=\"es_ES\" \/>\n<meta property=\"og:type\" content=\"article\" \/>\n<meta property=\"og:title\" content=\"Coplas Sefardies de Alberto Hemsi - Vol.1 - Institut Europ\u00e9en des Musiques Juives\" \/>\n<meta property=\"og:description\" content=\"Con la grabaci\u00f3n de las Coplas Sefard\u00edes de Alberto Hemsi, Assaf Levitin (cantor de la sinagoga liberal de Hannover) y el pianista Naaman Wagner nos hacen redescubrir un mundo de\" \/>\n<meta property=\"og:url\" content=\"https:\/\/www.iemj.org\/es\/coplas-sefardies-de-alberto-hemsi-vol-1\/\" \/>\n<meta property=\"og:site_name\" content=\"Institut Europ\u00e9en des Musiques Juives\" \/>\n<meta property=\"article:publisher\" content=\"https:\/\/www.facebook.com\/MusiquesJuives\/\" \/>\n<meta property=\"article:published_time\" content=\"2018-03-19T16:50:47+00:00\" \/>\n<meta property=\"article:modified_time\" content=\"2025-02-25T14:35:22+00:00\" \/>\n<meta property=\"og:image\" content=\"https:\/\/www.iemj.org\/wp-content\/uploads\/2018\/03\/arton3239-e1619186177465.jpg\" \/>\n\t<meta property=\"og:image:width\" content=\"350\" \/>\n\t<meta property=\"og:image:height\" content=\"337\" \/>\n\t<meta property=\"og:image:type\" content=\"image\/jpeg\" \/>\n<meta name=\"author\" content=\"Jean-Gabriel Davis\" \/>\n<meta name=\"twitter:card\" content=\"summary_large_image\" \/>\n<meta name=\"twitter:label1\" content=\"Escrito por\" \/>\n\t<meta name=\"twitter:data1\" content=\"Jean-Gabriel Davis\" \/>\n\t<meta name=\"twitter:label2\" content=\"Tiempo de lectura\" \/>\n\t<meta name=\"twitter:data2\" content=\"2 minutos\" \/>\n<script type=\"application\/ld+json\" class=\"yoast-schema-graph\">{\"@context\":\"https:\\\/\\\/schema.org\",\"@graph\":[{\"@type\":\"Article\",\"@id\":\"https:\\\/\\\/www.iemj.org\\\/es\\\/coplas-sefardies-de-alberto-hemsi-vol-1\\\/#article\",\"isPartOf\":{\"@id\":\"https:\\\/\\\/www.iemj.org\\\/es\\\/coplas-sefardies-de-alberto-hemsi-vol-1\\\/\"},\"author\":{\"name\":\"Jean-Gabriel Davis\",\"@id\":\"https:\\\/\\\/www.iemj.org\\\/es\\\/#\\\/schema\\\/person\\\/c9bc1c386a3749579a2d675e72a18666\"},\"headline\":\"Coplas Sefardies de Alberto Hemsi &#8211; Vol.1\",\"datePublished\":\"2018-03-19T16:50:47+00:00\",\"dateModified\":\"2025-02-25T14:35:22+00:00\",\"mainEntityOfPage\":{\"@id\":\"https:\\\/\\\/www.iemj.org\\\/es\\\/coplas-sefardies-de-alberto-hemsi-vol-1\\\/\"},\"wordCount\":311,\"publisher\":{\"@id\":\"https:\\\/\\\/www.iemj.org\\\/es\\\/#organization\"},\"image\":{\"@id\":\"https:\\\/\\\/www.iemj.org\\\/es\\\/coplas-sefardies-de-alberto-hemsi-vol-1\\\/#primaryimage\"},\"thumbnailUrl\":\"https:\\\/\\\/www.iemj.org\\\/wp-content\\\/uploads\\\/2018\\\/03\\\/arton3239-e1619186177465.jpg\",\"articleSection\":[\"CD\",\"\u00daltimas adquisiciones\"],\"inLanguage\":\"es\"},{\"@type\":\"WebPage\",\"@id\":\"https:\\\/\\\/www.iemj.org\\\/es\\\/coplas-sefardies-de-alberto-hemsi-vol-1\\\/\",\"url\":\"https:\\\/\\\/www.iemj.org\\\/es\\\/coplas-sefardies-de-alberto-hemsi-vol-1\\\/\",\"name\":\"Coplas Sefardies de Alberto Hemsi - Vol.1 - Institut Europ\u00e9en des Musiques Juives\",\"isPartOf\":{\"@id\":\"https:\\\/\\\/www.iemj.org\\\/es\\\/#website\"},\"primaryImageOfPage\":{\"@id\":\"https:\\\/\\\/www.iemj.org\\\/es\\\/coplas-sefardies-de-alberto-hemsi-vol-1\\\/#primaryimage\"},\"image\":{\"@id\":\"https:\\\/\\\/www.iemj.org\\\/es\\\/coplas-sefardies-de-alberto-hemsi-vol-1\\\/#primaryimage\"},\"thumbnailUrl\":\"https:\\\/\\\/www.iemj.org\\\/wp-content\\\/uploads\\\/2018\\\/03\\\/arton3239-e1619186177465.jpg\",\"datePublished\":\"2018-03-19T16:50:47+00:00\",\"dateModified\":\"2025-02-25T14:35:22+00:00\",\"breadcrumb\":{\"@id\":\"https:\\\/\\\/www.iemj.org\\\/es\\\/coplas-sefardies-de-alberto-hemsi-vol-1\\\/#breadcrumb\"},\"inLanguage\":\"es\",\"potentialAction\":[{\"@type\":\"ReadAction\",\"target\":[\"https:\\\/\\\/www.iemj.org\\\/es\\\/coplas-sefardies-de-alberto-hemsi-vol-1\\\/\"]}]},{\"@type\":\"ImageObject\",\"inLanguage\":\"es\",\"@id\":\"https:\\\/\\\/www.iemj.org\\\/es\\\/coplas-sefardies-de-alberto-hemsi-vol-1\\\/#primaryimage\",\"url\":\"https:\\\/\\\/www.iemj.org\\\/wp-content\\\/uploads\\\/2018\\\/03\\\/arton3239-e1619186177465.jpg\",\"contentUrl\":\"https:\\\/\\\/www.iemj.org\\\/wp-content\\\/uploads\\\/2018\\\/03\\\/arton3239-e1619186177465.jpg\",\"width\":350,\"height\":337},{\"@type\":\"BreadcrumbList\",\"@id\":\"https:\\\/\\\/www.iemj.org\\\/es\\\/coplas-sefardies-de-alberto-hemsi-vol-1\\\/#breadcrumb\",\"itemListElement\":[{\"@type\":\"ListItem\",\"position\":1,\"name\":\"Accueil\",\"item\":\"https:\\\/\\\/www.iemj.org\\\/es\\\/\"},{\"@type\":\"ListItem\",\"position\":2,\"name\":\"Coplas Sefardies de Alberto Hemsi &#8211; Vol.1\"}]},{\"@type\":\"WebSite\",\"@id\":\"https:\\\/\\\/www.iemj.org\\\/es\\\/#website\",\"url\":\"https:\\\/\\\/www.iemj.org\\\/es\\\/\",\"name\":\"Institut Europ\u00e9en des Musiques Juives\",\"description\":\"Des traditions musicales \u00e0 la port\u00e9e de tous\",\"publisher\":{\"@id\":\"https:\\\/\\\/www.iemj.org\\\/es\\\/#organization\"},\"potentialAction\":[{\"@type\":\"SearchAction\",\"target\":{\"@type\":\"EntryPoint\",\"urlTemplate\":\"https:\\\/\\\/www.iemj.org\\\/es\\\/?s={search_term_string}\"},\"query-input\":{\"@type\":\"PropertyValueSpecification\",\"valueRequired\":true,\"valueName\":\"search_term_string\"}}],\"inLanguage\":\"es\"},{\"@type\":\"Organization\",\"@id\":\"https:\\\/\\\/www.iemj.org\\\/es\\\/#organization\",\"name\":\"Institut Europ\u00e9en des Musiques Juives\",\"url\":\"https:\\\/\\\/www.iemj.org\\\/es\\\/\",\"logo\":{\"@type\":\"ImageObject\",\"inLanguage\":\"es\",\"@id\":\"https:\\\/\\\/www.iemj.org\\\/es\\\/#\\\/schema\\\/logo\\\/image\\\/\",\"url\":\"https:\\\/\\\/www.iemj.org\\\/wp-content\\\/uploads\\\/2021\\\/09\\\/Logo-IEMJ-Paypal.jpg\",\"contentUrl\":\"https:\\\/\\\/www.iemj.org\\\/wp-content\\\/uploads\\\/2021\\\/09\\\/Logo-IEMJ-Paypal.jpg\",\"width\":150,\"height\":50,\"caption\":\"Institut Europ\u00e9en des Musiques Juives\"},\"image\":{\"@id\":\"https:\\\/\\\/www.iemj.org\\\/es\\\/#\\\/schema\\\/logo\\\/image\\\/\"},\"sameAs\":[\"https:\\\/\\\/www.facebook.com\\\/MusiquesJuives\\\/\",\"https:\\\/\\\/www.instagram.com\\\/musiquesjuives\\\/\",\"https:\\\/\\\/www.youtube.com\\\/user\\\/musiquesjuives\"]},{\"@type\":\"Person\",\"@id\":\"https:\\\/\\\/www.iemj.org\\\/es\\\/#\\\/schema\\\/person\\\/c9bc1c386a3749579a2d675e72a18666\",\"name\":\"Jean-Gabriel Davis\",\"image\":{\"@type\":\"ImageObject\",\"inLanguage\":\"es\",\"@id\":\"https:\\\/\\\/secure.gravatar.com\\\/avatar\\\/2b90d67bdf392c9b3a21fab87c0fa7edaf1fb3a058172a1ffd61033fcec7aec1?s=96&d=mm&r=g\",\"url\":\"https:\\\/\\\/secure.gravatar.com\\\/avatar\\\/2b90d67bdf392c9b3a21fab87c0fa7edaf1fb3a058172a1ffd61033fcec7aec1?s=96&d=mm&r=g\",\"contentUrl\":\"https:\\\/\\\/secure.gravatar.com\\\/avatar\\\/2b90d67bdf392c9b3a21fab87c0fa7edaf1fb3a058172a1ffd61033fcec7aec1?s=96&d=mm&r=g\",\"caption\":\"Jean-Gabriel Davis\"}}]}<\/script>\n<!-- \/ Yoast SEO plugin. -->","yoast_head_json":{"title":"Coplas Sefardies de Alberto Hemsi - Vol.1 - Institut Europ\u00e9en des Musiques Juives","robots":{"index":"index","follow":"follow","max-snippet":"max-snippet:-1","max-image-preview":"max-image-preview:large","max-video-preview":"max-video-preview:-1"},"canonical":"https:\/\/www.iemj.org\/es\/coplas-sefardies-de-alberto-hemsi-vol-1\/","og_locale":"es_ES","og_type":"article","og_title":"Coplas Sefardies de Alberto Hemsi - Vol.1 - Institut Europ\u00e9en des Musiques Juives","og_description":"Con la grabaci\u00f3n de las Coplas Sefard\u00edes de Alberto Hemsi, Assaf Levitin (cantor de la sinagoga liberal de Hannover) y el pianista Naaman Wagner nos hacen redescubrir un mundo de","og_url":"https:\/\/www.iemj.org\/es\/coplas-sefardies-de-alberto-hemsi-vol-1\/","og_site_name":"Institut Europ\u00e9en des Musiques Juives","article_publisher":"https:\/\/www.facebook.com\/MusiquesJuives\/","article_published_time":"2018-03-19T16:50:47+00:00","article_modified_time":"2025-02-25T14:35:22+00:00","og_image":[{"width":350,"height":337,"url":"https:\/\/www.iemj.org\/wp-content\/uploads\/2018\/03\/arton3239-e1619186177465.jpg","type":"image\/jpeg"}],"author":"Jean-Gabriel Davis","twitter_card":"summary_large_image","twitter_misc":{"Escrito por":"Jean-Gabriel Davis","Tiempo de lectura":"2 minutos"},"schema":{"@context":"https:\/\/schema.org","@graph":[{"@type":"Article","@id":"https:\/\/www.iemj.org\/es\/coplas-sefardies-de-alberto-hemsi-vol-1\/#article","isPartOf":{"@id":"https:\/\/www.iemj.org\/es\/coplas-sefardies-de-alberto-hemsi-vol-1\/"},"author":{"name":"Jean-Gabriel Davis","@id":"https:\/\/www.iemj.org\/es\/#\/schema\/person\/c9bc1c386a3749579a2d675e72a18666"},"headline":"Coplas Sefardies de Alberto Hemsi &#8211; Vol.1","datePublished":"2018-03-19T16:50:47+00:00","dateModified":"2025-02-25T14:35:22+00:00","mainEntityOfPage":{"@id":"https:\/\/www.iemj.org\/es\/coplas-sefardies-de-alberto-hemsi-vol-1\/"},"wordCount":311,"publisher":{"@id":"https:\/\/www.iemj.org\/es\/#organization"},"image":{"@id":"https:\/\/www.iemj.org\/es\/coplas-sefardies-de-alberto-hemsi-vol-1\/#primaryimage"},"thumbnailUrl":"https:\/\/www.iemj.org\/wp-content\/uploads\/2018\/03\/arton3239-e1619186177465.jpg","articleSection":["CD","\u00daltimas adquisiciones"],"inLanguage":"es"},{"@type":"WebPage","@id":"https:\/\/www.iemj.org\/es\/coplas-sefardies-de-alberto-hemsi-vol-1\/","url":"https:\/\/www.iemj.org\/es\/coplas-sefardies-de-alberto-hemsi-vol-1\/","name":"Coplas Sefardies de Alberto Hemsi - Vol.1 - Institut Europ\u00e9en des Musiques Juives","isPartOf":{"@id":"https:\/\/www.iemj.org\/es\/#website"},"primaryImageOfPage":{"@id":"https:\/\/www.iemj.org\/es\/coplas-sefardies-de-alberto-hemsi-vol-1\/#primaryimage"},"image":{"@id":"https:\/\/www.iemj.org\/es\/coplas-sefardies-de-alberto-hemsi-vol-1\/#primaryimage"},"thumbnailUrl":"https:\/\/www.iemj.org\/wp-content\/uploads\/2018\/03\/arton3239-e1619186177465.jpg","datePublished":"2018-03-19T16:50:47+00:00","dateModified":"2025-02-25T14:35:22+00:00","breadcrumb":{"@id":"https:\/\/www.iemj.org\/es\/coplas-sefardies-de-alberto-hemsi-vol-1\/#breadcrumb"},"inLanguage":"es","potentialAction":[{"@type":"ReadAction","target":["https:\/\/www.iemj.org\/es\/coplas-sefardies-de-alberto-hemsi-vol-1\/"]}]},{"@type":"ImageObject","inLanguage":"es","@id":"https:\/\/www.iemj.org\/es\/coplas-sefardies-de-alberto-hemsi-vol-1\/#primaryimage","url":"https:\/\/www.iemj.org\/wp-content\/uploads\/2018\/03\/arton3239-e1619186177465.jpg","contentUrl":"https:\/\/www.iemj.org\/wp-content\/uploads\/2018\/03\/arton3239-e1619186177465.jpg","width":350,"height":337},{"@type":"BreadcrumbList","@id":"https:\/\/www.iemj.org\/es\/coplas-sefardies-de-alberto-hemsi-vol-1\/#breadcrumb","itemListElement":[{"@type":"ListItem","position":1,"name":"Accueil","item":"https:\/\/www.iemj.org\/es\/"},{"@type":"ListItem","position":2,"name":"Coplas Sefardies de Alberto Hemsi &#8211; Vol.1"}]},{"@type":"WebSite","@id":"https:\/\/www.iemj.org\/es\/#website","url":"https:\/\/www.iemj.org\/es\/","name":"Institut Europ\u00e9en des Musiques Juives","description":"Des traditions musicales \u00e0 la port\u00e9e de tous","publisher":{"@id":"https:\/\/www.iemj.org\/es\/#organization"},"potentialAction":[{"@type":"SearchAction","target":{"@type":"EntryPoint","urlTemplate":"https:\/\/www.iemj.org\/es\/?s={search_term_string}"},"query-input":{"@type":"PropertyValueSpecification","valueRequired":true,"valueName":"search_term_string"}}],"inLanguage":"es"},{"@type":"Organization","@id":"https:\/\/www.iemj.org\/es\/#organization","name":"Institut Europ\u00e9en des Musiques Juives","url":"https:\/\/www.iemj.org\/es\/","logo":{"@type":"ImageObject","inLanguage":"es","@id":"https:\/\/www.iemj.org\/es\/#\/schema\/logo\/image\/","url":"https:\/\/www.iemj.org\/wp-content\/uploads\/2021\/09\/Logo-IEMJ-Paypal.jpg","contentUrl":"https:\/\/www.iemj.org\/wp-content\/uploads\/2021\/09\/Logo-IEMJ-Paypal.jpg","width":150,"height":50,"caption":"Institut Europ\u00e9en des Musiques Juives"},"image":{"@id":"https:\/\/www.iemj.org\/es\/#\/schema\/logo\/image\/"},"sameAs":["https:\/\/www.facebook.com\/MusiquesJuives\/","https:\/\/www.instagram.com\/musiquesjuives\/","https:\/\/www.youtube.com\/user\/musiquesjuives"]},{"@type":"Person","@id":"https:\/\/www.iemj.org\/es\/#\/schema\/person\/c9bc1c386a3749579a2d675e72a18666","name":"Jean-Gabriel Davis","image":{"@type":"ImageObject","inLanguage":"es","@id":"https:\/\/secure.gravatar.com\/avatar\/2b90d67bdf392c9b3a21fab87c0fa7edaf1fb3a058172a1ffd61033fcec7aec1?s=96&d=mm&r=g","url":"https:\/\/secure.gravatar.com\/avatar\/2b90d67bdf392c9b3a21fab87c0fa7edaf1fb3a058172a1ffd61033fcec7aec1?s=96&d=mm&r=g","contentUrl":"https:\/\/secure.gravatar.com\/avatar\/2b90d67bdf392c9b3a21fab87c0fa7edaf1fb3a058172a1ffd61033fcec7aec1?s=96&d=mm&r=g","caption":"Jean-Gabriel Davis"}}]}},"_links":{"self":[{"href":"https:\/\/www.iemj.org\/es\/wp-json\/wp\/v2\/posts\/99820","targetHints":{"allow":["GET"]}}],"collection":[{"href":"https:\/\/www.iemj.org\/es\/wp-json\/wp\/v2\/posts"}],"about":[{"href":"https:\/\/www.iemj.org\/es\/wp-json\/wp\/v2\/types\/post"}],"author":[{"embeddable":true,"href":"https:\/\/www.iemj.org\/es\/wp-json\/wp\/v2\/users\/1048"}],"replies":[{"embeddable":true,"href":"https:\/\/www.iemj.org\/es\/wp-json\/wp\/v2\/comments?post=99820"}],"version-history":[{"count":0,"href":"https:\/\/www.iemj.org\/es\/wp-json\/wp\/v2\/posts\/99820\/revisions"}],"wp:featuredmedia":[{"embeddable":true,"href":"https:\/\/www.iemj.org\/es\/wp-json\/wp\/v2\/media\/99821"}],"wp:attachment":[{"href":"https:\/\/www.iemj.org\/es\/wp-json\/wp\/v2\/media?parent=99820"}],"wp:term":[{"taxonomy":"category","embeddable":true,"href":"https:\/\/www.iemj.org\/es\/wp-json\/wp\/v2\/categories?post=99820"},{"taxonomy":"post_tag","embeddable":true,"href":"https:\/\/www.iemj.org\/es\/wp-json\/wp\/v2\/tags?post=99820"},{"taxonomy":"technique","embeddable":true,"href":"https:\/\/www.iemj.org\/es\/wp-json\/wp\/v2\/technique?post=99820"},{"taxonomy":"squelettes","embeddable":true,"href":"https:\/\/www.iemj.org\/es\/wp-json\/wp\/v2\/squelettes?post=99820"},{"taxonomy":"sujet","embeddable":true,"href":"https:\/\/www.iemj.org\/es\/wp-json\/wp\/v2\/sujet?post=99820"},{"taxonomy":"formation","embeddable":true,"href":"https:\/\/www.iemj.org\/es\/wp-json\/wp\/v2\/formation?post=99820"},{"taxonomy":"genre","embeddable":true,"href":"https:\/\/www.iemj.org\/es\/wp-json\/wp\/v2\/genre?post=99820"},{"taxonomy":"fonds","embeddable":true,"href":"https:\/\/www.iemj.org\/es\/wp-json\/wp\/v2\/fonds?post=99820"},{"taxonomy":"tradition","embeddable":true,"href":"https:\/\/www.iemj.org\/es\/wp-json\/wp\/v2\/tradition?post=99820"},{"taxonomy":"type-de-contenu","embeddable":true,"href":"https:\/\/www.iemj.org\/es\/wp-json\/wp\/v2\/type-de-contenu?post=99820"},{"taxonomy":"interprete-compositeur","embeddable":true,"href":"https:\/\/www.iemj.org\/es\/wp-json\/wp\/v2\/interprete-compositeur?post=99820"},{"taxonomy":"frise","embeddable":true,"href":"https:\/\/www.iemj.org\/es\/wp-json\/wp\/v2\/frise?post=99820"},{"taxonomy":"type-devenement","embeddable":true,"href":"https:\/\/www.iemj.org\/es\/wp-json\/wp\/v2\/type-devenement?post=99820"},{"taxonomy":"tableaux-liens-externes","embeddable":true,"href":"https:\/\/www.iemj.org\/es\/wp-json\/wp\/v2\/tableaux-liens-externes?post=99820"}],"curies":[{"name":"wp","href":"https:\/\/api.w.org\/{rel}","templated":true}]}}