{"id":99924,"date":"2018-01-10T10:05:29","date_gmt":"2018-01-10T09:05:29","guid":{"rendered":"https:\/\/www.iemj.org\/tape-cinq-staiffi-et-ses-mustafas\/"},"modified":"2025-09-20T13:26:45","modified_gmt":"2025-09-20T11:26:45","slug":"tape-cinq-staiffi-et-ses-mustafas","status":"publish","type":"post","link":"https:\/\/www.iemj.org\/es\/tape-cinq-staiffi-et-ses-mustafas\/","title":{"rendered":"Tape cinq ! &#8211; Sta\u00efffi et ses Mustafa\u2019s"},"content":{"rendered":"<p>Albert Darmon, conocido como Sta\u00efffi, viene de dar al Institut Europ\u00e9en des Musiques Juives dos CD con 24 de sus canciones m\u00e1s famosas.<\/p>\n<p>Estos discos nos transportan a los cabarets de los a\u00f1os 50 y 60, donde los instrumentos orientales y los ritmos afrocubanos y americanos se mezclaban con la m\u00fasica de baile (jerk, tango, chachach\u00e1&#8230;).<\/p>\n<p>Reeditado en 2001 por Universal Music, el \u00e1lbum <em>Tape cinq !<\/em> es un EP de 4 pistas (\u00abTape cinq !\u00bb, \u00abLa tchoutchouka\u00bb, \u00abYahol\u00e9l\u00e9\u00bb, \u00abLes filles de Boufarik\u00bb) remasterizado a partir de un \u00e1lbum hom\u00f3nimo publicado por Barclay en 1965.<\/p>\n<p>Publicado en 2010 por Sony Music, el CD <em>Sta\u00efffi je t&#8217;aime, Sta\u00efffi je t&#8217;adore<\/em> incluye 20 temas publicados por Vogue entre 1955 y 1964, entre ellos la famosa canci\u00f3n \u00abMustafa (Ch\u00e9rie je t&#8217;aime, ch\u00e9rie je t&#8217;adore)\u00bb, as\u00ed como \u00abFaubourg-Montmartre\u00bb, \u00abMon pays\u00bb, \u00abLe ana sentimental\u00bb y \u00abLes oignons\u00bb.<\/p>\n<p><a href=\"https:\/\/www.iemj.org\/es\/staiffi-alberto\/\" target=\"_blank\" rel=\"noopener\">Ver la biograf\u00eda de Sta\u00efffi<\/a><br \/><a href=\"https:\/\/sites.google.com\/site\/albertostaiffi\/discographie\" target=\"_blank\" rel=\"noopener\">Consultar la discograf\u00eda de Sta\u00efffi para pedir sus CDs<\/a><br \/><a href=\"https:\/\/www.iemj.org\/staiffi-le-roi-du-cha-cha-cha-oriental\/\" target=\"_blank\" rel=\"noopener\">Escuchar el programa de radio\u00a0<em>Sta\u00efffi, le roi du cha-cha-cha oriental<\/em><\/a><\/p>\n\n\n<figure class=\"wp-block-embed is-type-video is-provider-youtube wp-block-embed-youtube wp-embed-aspect-4-3 wp-has-aspect-ratio\"><div class=\"wp-block-embed__wrapper\">\n<iframe title=\"MUSTAFA (ch\u00e9rie je t&#039;aime ch\u00e9rie je t&#039;adore) - Staiffi et ses Mustafa&#039;s\" width=\"640\" height=\"480\" src=\"https:\/\/www.youtube.com\/embed\/OucIFOpEbdI?feature=oembed\" frameborder=\"0\" allow=\"accelerometer; autoplay; clipboard-write; encrypted-media; gyroscope; picture-in-picture; web-share\" referrerpolicy=\"strict-origin-when-cross-origin\" allowfullscreen><\/iframe>\n<\/div><\/figure>\n\n\n<div class=\"wp-block-image\">\n<figure class=\"aligncenter size-large\"><img fetchpriority=\"high\" decoding=\"async\" width=\"1024\" height=\"133\" src=\"https:\/\/www.iemj.org\/wp-content\/uploads\/2024\/03\/AUDIO-PLAYER-1024x133.png\" alt=\"\" class=\"wp-image-110610\" srcset=\"https:\/\/www.iemj.org\/wp-content\/uploads\/2024\/03\/AUDIO-PLAYER-1024x133.png 1024w, https:\/\/www.iemj.org\/wp-content\/uploads\/2024\/03\/AUDIO-PLAYER-300x39.png 300w, https:\/\/www.iemj.org\/wp-content\/uploads\/2024\/03\/AUDIO-PLAYER-768x100.png 768w, https:\/\/www.iemj.org\/wp-content\/uploads\/2024\/03\/AUDIO-PLAYER-600x78.png 600w, https:\/\/www.iemj.org\/wp-content\/uploads\/2024\/03\/AUDIO-PLAYER.png 1210w\" sizes=\"(max-width: 1024px) 100vw, 1024px\" \/><\/figure>\n<\/div>\n\n\n<div class=\"wp-block-file\"><a id=\"wp-block-file--media-e1def271-1234-4fa7-b285-051f763037e1\" href=\"https:\/\/www.iemj.org\/wp-content\/uploads\/2018\/01\/cd_892_02.mp3\">Faubourg-Montmartre (extrait)<\/a><\/div>\n\n\n\n<div class=\"wp-block-file\"><a id=\"wp-block-file--media-2be2e119-33ac-41ab-9e5d-245cb8bbefc8\" href=\"https:\/\/www.iemj.org\/wp-content\/uploads\/2018\/01\/cd_892_04.mp3\">Mustafa (Ch\u00e9rie je t&#8217;aime, ch\u00e9rie je t&#8217;adore) (extrait)<\/a><\/div>\n\n\n\n<div class=\"wp-block-file\"><a id=\"wp-block-file--media-5202f705-cc86-4eb2-a987-e0af0a8fcf31\" href=\"https:\/\/www.iemj.org\/wp-content\/uploads\/2018\/01\/cd_892_06.mp3\">Turkish tango (extrait)<\/a><\/div>\n\n\n\n<div class=\"wp-block-file\"><a id=\"wp-block-file--media-4f85dd97-08bf-466a-b1f6-b9b21401f808\" href=\"https:\/\/www.iemj.org\/wp-content\/uploads\/2018\/01\/cd_892_11.mp3\">Danse l&#8217;amour (extrait)<\/a><\/div>\n\n\n\n<div class=\"wp-block-file\"><a id=\"wp-block-file--media-f6ab6210-9f83-4785-9c14-f1fcac1fb84b\" href=\"https:\/\/www.iemj.org\/wp-content\/uploads\/2018\/01\/cd_892_15.mp3\">Les oignons (extrait)<\/a><\/div>\n\n\n\n<div class=\"wp-block-file\"><a id=\"wp-block-file--media-b8aac3f2-f2fe-4d82-8d39-b89c0f5da816\" href=\"https:\/\/www.iemj.org\/wp-content\/uploads\/2018\/01\/cd_893_01.mp3\">La Tchouktchouka (extrait)<\/a><\/div>\n","protected":false},"excerpt":{"rendered":"<p>Albert Darmon, conocido como Sta\u00efffi, viene de dar al Institut Europ\u00e9en des Musiques Juives dos CD con 24 de sus canciones m\u00e1s famosas. Estos discos nos transportan a los cabarets<\/p>\n","protected":false},"author":1045,"featured_media":99925,"comment_status":"closed","ping_status":"closed","sticky":false,"template":"","format":"standard","meta":{"_acf_changed":false,"footnotes":""},"categories":[1568,1565],"tags":[],"technique":[],"squelettes":[],"sujet":[],"formation":[],"genre":[1915],"fonds":[],"tradition":[],"type-de-contenu":[],"interprete-compositeur":[],"frise":[],"type-devenement":[],"tableaux-liens-externes":[],"class_list":["post-99924","post","type-post","status-publish","format-standard","has-post-thumbnail","hentry","category-cd-es","category-ultimas-adquisiciones-es","genre-oriental-es"],"acf":[],"yoast_head":"<!-- This site is optimized with the Yoast SEO plugin v27.3 - https:\/\/yoast.com\/product\/yoast-seo-wordpress\/ -->\n<title>Tape cinq ! - Sta\u00efffi et ses Mustafa\u2019s - Institut Europ\u00e9en des Musiques Juives<\/title>\n<meta name=\"robots\" content=\"index, follow, max-snippet:-1, max-image-preview:large, max-video-preview:-1\" \/>\n<link rel=\"canonical\" href=\"https:\/\/www.iemj.org\/es\/tape-cinq-staiffi-et-ses-mustafas\/\" \/>\n<meta property=\"og:locale\" content=\"es_ES\" \/>\n<meta property=\"og:type\" content=\"article\" \/>\n<meta property=\"og:title\" content=\"Tape cinq ! - Sta\u00efffi et ses Mustafa\u2019s - Institut Europ\u00e9en des Musiques Juives\" \/>\n<meta property=\"og:description\" content=\"Albert Darmon, conocido como Sta\u00efffi, viene de dar al Institut Europ\u00e9en des Musiques Juives dos CD con 24 de sus canciones m\u00e1s famosas. Estos discos nos transportan a los cabarets\" \/>\n<meta property=\"og:url\" content=\"https:\/\/www.iemj.org\/es\/tape-cinq-staiffi-et-ses-mustafas\/\" \/>\n<meta property=\"og:site_name\" content=\"Institut Europ\u00e9en des Musiques Juives\" \/>\n<meta property=\"article:publisher\" content=\"https:\/\/www.facebook.com\/MusiquesJuives\/\" \/>\n<meta property=\"article:published_time\" content=\"2018-01-10T09:05:29+00:00\" \/>\n<meta property=\"article:modified_time\" content=\"2025-09-20T11:26:45+00:00\" \/>\n<meta property=\"og:image\" content=\"https:\/\/www.iemj.org\/wp-content\/uploads\/2018\/01\/arton3043.jpg\" \/>\n\t<meta property=\"og:image:width\" content=\"256\" \/>\n\t<meta property=\"og:image:height\" content=\"253\" \/>\n\t<meta property=\"og:image:type\" content=\"image\/jpeg\" \/>\n<meta name=\"author\" content=\"Herv\u00e9 Roten\" \/>\n<meta name=\"twitter:card\" content=\"summary_large_image\" \/>\n<meta name=\"twitter:label1\" content=\"Escrito por\" \/>\n\t<meta name=\"twitter:data1\" content=\"Herv\u00e9 Roten\" \/>\n\t<meta name=\"twitter:label2\" content=\"Tiempo de lectura\" \/>\n\t<meta name=\"twitter:data2\" content=\"2 minutos\" \/>\n<script type=\"application\/ld+json\" class=\"yoast-schema-graph\">{\"@context\":\"https:\\\/\\\/schema.org\",\"@graph\":[{\"@type\":\"Article\",\"@id\":\"https:\\\/\\\/www.iemj.org\\\/es\\\/tape-cinq-staiffi-et-ses-mustafas\\\/#article\",\"isPartOf\":{\"@id\":\"https:\\\/\\\/www.iemj.org\\\/es\\\/tape-cinq-staiffi-et-ses-mustafas\\\/\"},\"author\":{\"name\":\"Herv\u00e9 Roten\",\"@id\":\"https:\\\/\\\/www.iemj.org\\\/es\\\/#\\\/schema\\\/person\\\/906134402c29d5c76e7b726261dd4bbd\"},\"headline\":\"Tape cinq ! &#8211; Sta\u00efffi et ses Mustafa\u2019s\",\"datePublished\":\"2018-01-10T09:05:29+00:00\",\"dateModified\":\"2025-09-20T11:26:45+00:00\",\"mainEntityOfPage\":{\"@id\":\"https:\\\/\\\/www.iemj.org\\\/es\\\/tape-cinq-staiffi-et-ses-mustafas\\\/\"},\"wordCount\":216,\"publisher\":{\"@id\":\"https:\\\/\\\/www.iemj.org\\\/es\\\/#organization\"},\"image\":{\"@id\":\"https:\\\/\\\/www.iemj.org\\\/es\\\/tape-cinq-staiffi-et-ses-mustafas\\\/#primaryimage\"},\"thumbnailUrl\":\"https:\\\/\\\/www.iemj.org\\\/wp-content\\\/uploads\\\/2018\\\/01\\\/arton3043.jpg\",\"articleSection\":[\"CD\",\"\u00daltimas adquisiciones\"],\"inLanguage\":\"es\"},{\"@type\":\"WebPage\",\"@id\":\"https:\\\/\\\/www.iemj.org\\\/es\\\/tape-cinq-staiffi-et-ses-mustafas\\\/\",\"url\":\"https:\\\/\\\/www.iemj.org\\\/es\\\/tape-cinq-staiffi-et-ses-mustafas\\\/\",\"name\":\"Tape cinq ! - Sta\u00efffi et ses Mustafa\u2019s - Institut Europ\u00e9en des Musiques Juives\",\"isPartOf\":{\"@id\":\"https:\\\/\\\/www.iemj.org\\\/es\\\/#website\"},\"primaryImageOfPage\":{\"@id\":\"https:\\\/\\\/www.iemj.org\\\/es\\\/tape-cinq-staiffi-et-ses-mustafas\\\/#primaryimage\"},\"image\":{\"@id\":\"https:\\\/\\\/www.iemj.org\\\/es\\\/tape-cinq-staiffi-et-ses-mustafas\\\/#primaryimage\"},\"thumbnailUrl\":\"https:\\\/\\\/www.iemj.org\\\/wp-content\\\/uploads\\\/2018\\\/01\\\/arton3043.jpg\",\"datePublished\":\"2018-01-10T09:05:29+00:00\",\"dateModified\":\"2025-09-20T11:26:45+00:00\",\"breadcrumb\":{\"@id\":\"https:\\\/\\\/www.iemj.org\\\/es\\\/tape-cinq-staiffi-et-ses-mustafas\\\/#breadcrumb\"},\"inLanguage\":\"es\",\"potentialAction\":[{\"@type\":\"ReadAction\",\"target\":[\"https:\\\/\\\/www.iemj.org\\\/es\\\/tape-cinq-staiffi-et-ses-mustafas\\\/\"]}]},{\"@type\":\"ImageObject\",\"inLanguage\":\"es\",\"@id\":\"https:\\\/\\\/www.iemj.org\\\/es\\\/tape-cinq-staiffi-et-ses-mustafas\\\/#primaryimage\",\"url\":\"https:\\\/\\\/www.iemj.org\\\/wp-content\\\/uploads\\\/2018\\\/01\\\/arton3043.jpg\",\"contentUrl\":\"https:\\\/\\\/www.iemj.org\\\/wp-content\\\/uploads\\\/2018\\\/01\\\/arton3043.jpg\",\"width\":256,\"height\":253},{\"@type\":\"BreadcrumbList\",\"@id\":\"https:\\\/\\\/www.iemj.org\\\/es\\\/tape-cinq-staiffi-et-ses-mustafas\\\/#breadcrumb\",\"itemListElement\":[{\"@type\":\"ListItem\",\"position\":1,\"name\":\"Accueil\",\"item\":\"https:\\\/\\\/www.iemj.org\\\/es\\\/\"},{\"@type\":\"ListItem\",\"position\":2,\"name\":\"Tape cinq ! &#8211; Sta\u00efffi et ses Mustafa\u2019s\"}]},{\"@type\":\"WebSite\",\"@id\":\"https:\\\/\\\/www.iemj.org\\\/es\\\/#website\",\"url\":\"https:\\\/\\\/www.iemj.org\\\/es\\\/\",\"name\":\"Institut Europ\u00e9en des Musiques Juives\",\"description\":\"Des traditions musicales \u00e0 la port\u00e9e de tous\",\"publisher\":{\"@id\":\"https:\\\/\\\/www.iemj.org\\\/es\\\/#organization\"},\"potentialAction\":[{\"@type\":\"SearchAction\",\"target\":{\"@type\":\"EntryPoint\",\"urlTemplate\":\"https:\\\/\\\/www.iemj.org\\\/es\\\/?s={search_term_string}\"},\"query-input\":{\"@type\":\"PropertyValueSpecification\",\"valueRequired\":true,\"valueName\":\"search_term_string\"}}],\"inLanguage\":\"es\"},{\"@type\":\"Organization\",\"@id\":\"https:\\\/\\\/www.iemj.org\\\/es\\\/#organization\",\"name\":\"Institut Europ\u00e9en des Musiques Juives\",\"url\":\"https:\\\/\\\/www.iemj.org\\\/es\\\/\",\"logo\":{\"@type\":\"ImageObject\",\"inLanguage\":\"es\",\"@id\":\"https:\\\/\\\/www.iemj.org\\\/es\\\/#\\\/schema\\\/logo\\\/image\\\/\",\"url\":\"https:\\\/\\\/www.iemj.org\\\/wp-content\\\/uploads\\\/2021\\\/09\\\/Logo-IEMJ-Paypal.jpg\",\"contentUrl\":\"https:\\\/\\\/www.iemj.org\\\/wp-content\\\/uploads\\\/2021\\\/09\\\/Logo-IEMJ-Paypal.jpg\",\"width\":150,\"height\":50,\"caption\":\"Institut Europ\u00e9en des Musiques Juives\"},\"image\":{\"@id\":\"https:\\\/\\\/www.iemj.org\\\/es\\\/#\\\/schema\\\/logo\\\/image\\\/\"},\"sameAs\":[\"https:\\\/\\\/www.facebook.com\\\/MusiquesJuives\\\/\",\"https:\\\/\\\/www.instagram.com\\\/musiquesjuives\\\/\",\"https:\\\/\\\/www.youtube.com\\\/user\\\/musiquesjuives\"]},{\"@type\":\"Person\",\"@id\":\"https:\\\/\\\/www.iemj.org\\\/es\\\/#\\\/schema\\\/person\\\/906134402c29d5c76e7b726261dd4bbd\",\"name\":\"Herv\u00e9 Roten\",\"image\":{\"@type\":\"ImageObject\",\"inLanguage\":\"es\",\"@id\":\"https:\\\/\\\/secure.gravatar.com\\\/avatar\\\/f96ad2db538a26481f18384936b5cd0610c92d390c4dc382209216d455f685ff?s=96&d=mm&r=g\",\"url\":\"https:\\\/\\\/secure.gravatar.com\\\/avatar\\\/f96ad2db538a26481f18384936b5cd0610c92d390c4dc382209216d455f685ff?s=96&d=mm&r=g\",\"contentUrl\":\"https:\\\/\\\/secure.gravatar.com\\\/avatar\\\/f96ad2db538a26481f18384936b5cd0610c92d390c4dc382209216d455f685ff?s=96&d=mm&r=g\",\"caption\":\"Herv\u00e9 Roten\"}}]}<\/script>\n<!-- \/ Yoast SEO plugin. -->","yoast_head_json":{"title":"Tape cinq ! - Sta\u00efffi et ses Mustafa\u2019s - Institut Europ\u00e9en des Musiques Juives","robots":{"index":"index","follow":"follow","max-snippet":"max-snippet:-1","max-image-preview":"max-image-preview:large","max-video-preview":"max-video-preview:-1"},"canonical":"https:\/\/www.iemj.org\/es\/tape-cinq-staiffi-et-ses-mustafas\/","og_locale":"es_ES","og_type":"article","og_title":"Tape cinq ! - Sta\u00efffi et ses Mustafa\u2019s - Institut Europ\u00e9en des Musiques Juives","og_description":"Albert Darmon, conocido como Sta\u00efffi, viene de dar al Institut Europ\u00e9en des Musiques Juives dos CD con 24 de sus canciones m\u00e1s famosas. Estos discos nos transportan a los cabarets","og_url":"https:\/\/www.iemj.org\/es\/tape-cinq-staiffi-et-ses-mustafas\/","og_site_name":"Institut Europ\u00e9en des Musiques Juives","article_publisher":"https:\/\/www.facebook.com\/MusiquesJuives\/","article_published_time":"2018-01-10T09:05:29+00:00","article_modified_time":"2025-09-20T11:26:45+00:00","og_image":[{"width":256,"height":253,"url":"https:\/\/www.iemj.org\/wp-content\/uploads\/2018\/01\/arton3043.jpg","type":"image\/jpeg"}],"author":"Herv\u00e9 Roten","twitter_card":"summary_large_image","twitter_misc":{"Escrito por":"Herv\u00e9 Roten","Tiempo de lectura":"2 minutos"},"schema":{"@context":"https:\/\/schema.org","@graph":[{"@type":"Article","@id":"https:\/\/www.iemj.org\/es\/tape-cinq-staiffi-et-ses-mustafas\/#article","isPartOf":{"@id":"https:\/\/www.iemj.org\/es\/tape-cinq-staiffi-et-ses-mustafas\/"},"author":{"name":"Herv\u00e9 Roten","@id":"https:\/\/www.iemj.org\/es\/#\/schema\/person\/906134402c29d5c76e7b726261dd4bbd"},"headline":"Tape cinq ! &#8211; Sta\u00efffi et ses Mustafa\u2019s","datePublished":"2018-01-10T09:05:29+00:00","dateModified":"2025-09-20T11:26:45+00:00","mainEntityOfPage":{"@id":"https:\/\/www.iemj.org\/es\/tape-cinq-staiffi-et-ses-mustafas\/"},"wordCount":216,"publisher":{"@id":"https:\/\/www.iemj.org\/es\/#organization"},"image":{"@id":"https:\/\/www.iemj.org\/es\/tape-cinq-staiffi-et-ses-mustafas\/#primaryimage"},"thumbnailUrl":"https:\/\/www.iemj.org\/wp-content\/uploads\/2018\/01\/arton3043.jpg","articleSection":["CD","\u00daltimas adquisiciones"],"inLanguage":"es"},{"@type":"WebPage","@id":"https:\/\/www.iemj.org\/es\/tape-cinq-staiffi-et-ses-mustafas\/","url":"https:\/\/www.iemj.org\/es\/tape-cinq-staiffi-et-ses-mustafas\/","name":"Tape cinq ! - Sta\u00efffi et ses Mustafa\u2019s - Institut Europ\u00e9en des Musiques Juives","isPartOf":{"@id":"https:\/\/www.iemj.org\/es\/#website"},"primaryImageOfPage":{"@id":"https:\/\/www.iemj.org\/es\/tape-cinq-staiffi-et-ses-mustafas\/#primaryimage"},"image":{"@id":"https:\/\/www.iemj.org\/es\/tape-cinq-staiffi-et-ses-mustafas\/#primaryimage"},"thumbnailUrl":"https:\/\/www.iemj.org\/wp-content\/uploads\/2018\/01\/arton3043.jpg","datePublished":"2018-01-10T09:05:29+00:00","dateModified":"2025-09-20T11:26:45+00:00","breadcrumb":{"@id":"https:\/\/www.iemj.org\/es\/tape-cinq-staiffi-et-ses-mustafas\/#breadcrumb"},"inLanguage":"es","potentialAction":[{"@type":"ReadAction","target":["https:\/\/www.iemj.org\/es\/tape-cinq-staiffi-et-ses-mustafas\/"]}]},{"@type":"ImageObject","inLanguage":"es","@id":"https:\/\/www.iemj.org\/es\/tape-cinq-staiffi-et-ses-mustafas\/#primaryimage","url":"https:\/\/www.iemj.org\/wp-content\/uploads\/2018\/01\/arton3043.jpg","contentUrl":"https:\/\/www.iemj.org\/wp-content\/uploads\/2018\/01\/arton3043.jpg","width":256,"height":253},{"@type":"BreadcrumbList","@id":"https:\/\/www.iemj.org\/es\/tape-cinq-staiffi-et-ses-mustafas\/#breadcrumb","itemListElement":[{"@type":"ListItem","position":1,"name":"Accueil","item":"https:\/\/www.iemj.org\/es\/"},{"@type":"ListItem","position":2,"name":"Tape cinq ! &#8211; Sta\u00efffi et ses Mustafa\u2019s"}]},{"@type":"WebSite","@id":"https:\/\/www.iemj.org\/es\/#website","url":"https:\/\/www.iemj.org\/es\/","name":"Institut Europ\u00e9en des Musiques Juives","description":"Des traditions musicales \u00e0 la port\u00e9e de tous","publisher":{"@id":"https:\/\/www.iemj.org\/es\/#organization"},"potentialAction":[{"@type":"SearchAction","target":{"@type":"EntryPoint","urlTemplate":"https:\/\/www.iemj.org\/es\/?s={search_term_string}"},"query-input":{"@type":"PropertyValueSpecification","valueRequired":true,"valueName":"search_term_string"}}],"inLanguage":"es"},{"@type":"Organization","@id":"https:\/\/www.iemj.org\/es\/#organization","name":"Institut Europ\u00e9en des Musiques Juives","url":"https:\/\/www.iemj.org\/es\/","logo":{"@type":"ImageObject","inLanguage":"es","@id":"https:\/\/www.iemj.org\/es\/#\/schema\/logo\/image\/","url":"https:\/\/www.iemj.org\/wp-content\/uploads\/2021\/09\/Logo-IEMJ-Paypal.jpg","contentUrl":"https:\/\/www.iemj.org\/wp-content\/uploads\/2021\/09\/Logo-IEMJ-Paypal.jpg","width":150,"height":50,"caption":"Institut Europ\u00e9en des Musiques Juives"},"image":{"@id":"https:\/\/www.iemj.org\/es\/#\/schema\/logo\/image\/"},"sameAs":["https:\/\/www.facebook.com\/MusiquesJuives\/","https:\/\/www.instagram.com\/musiquesjuives\/","https:\/\/www.youtube.com\/user\/musiquesjuives"]},{"@type":"Person","@id":"https:\/\/www.iemj.org\/es\/#\/schema\/person\/906134402c29d5c76e7b726261dd4bbd","name":"Herv\u00e9 Roten","image":{"@type":"ImageObject","inLanguage":"es","@id":"https:\/\/secure.gravatar.com\/avatar\/f96ad2db538a26481f18384936b5cd0610c92d390c4dc382209216d455f685ff?s=96&d=mm&r=g","url":"https:\/\/secure.gravatar.com\/avatar\/f96ad2db538a26481f18384936b5cd0610c92d390c4dc382209216d455f685ff?s=96&d=mm&r=g","contentUrl":"https:\/\/secure.gravatar.com\/avatar\/f96ad2db538a26481f18384936b5cd0610c92d390c4dc382209216d455f685ff?s=96&d=mm&r=g","caption":"Herv\u00e9 Roten"}}]}},"_links":{"self":[{"href":"https:\/\/www.iemj.org\/es\/wp-json\/wp\/v2\/posts\/99924","targetHints":{"allow":["GET"]}}],"collection":[{"href":"https:\/\/www.iemj.org\/es\/wp-json\/wp\/v2\/posts"}],"about":[{"href":"https:\/\/www.iemj.org\/es\/wp-json\/wp\/v2\/types\/post"}],"author":[{"embeddable":true,"href":"https:\/\/www.iemj.org\/es\/wp-json\/wp\/v2\/users\/1045"}],"replies":[{"embeddable":true,"href":"https:\/\/www.iemj.org\/es\/wp-json\/wp\/v2\/comments?post=99924"}],"version-history":[{"count":0,"href":"https:\/\/www.iemj.org\/es\/wp-json\/wp\/v2\/posts\/99924\/revisions"}],"wp:featuredmedia":[{"embeddable":true,"href":"https:\/\/www.iemj.org\/es\/wp-json\/wp\/v2\/media\/99925"}],"wp:attachment":[{"href":"https:\/\/www.iemj.org\/es\/wp-json\/wp\/v2\/media?parent=99924"}],"wp:term":[{"taxonomy":"category","embeddable":true,"href":"https:\/\/www.iemj.org\/es\/wp-json\/wp\/v2\/categories?post=99924"},{"taxonomy":"post_tag","embeddable":true,"href":"https:\/\/www.iemj.org\/es\/wp-json\/wp\/v2\/tags?post=99924"},{"taxonomy":"technique","embeddable":true,"href":"https:\/\/www.iemj.org\/es\/wp-json\/wp\/v2\/technique?post=99924"},{"taxonomy":"squelettes","embeddable":true,"href":"https:\/\/www.iemj.org\/es\/wp-json\/wp\/v2\/squelettes?post=99924"},{"taxonomy":"sujet","embeddable":true,"href":"https:\/\/www.iemj.org\/es\/wp-json\/wp\/v2\/sujet?post=99924"},{"taxonomy":"formation","embeddable":true,"href":"https:\/\/www.iemj.org\/es\/wp-json\/wp\/v2\/formation?post=99924"},{"taxonomy":"genre","embeddable":true,"href":"https:\/\/www.iemj.org\/es\/wp-json\/wp\/v2\/genre?post=99924"},{"taxonomy":"fonds","embeddable":true,"href":"https:\/\/www.iemj.org\/es\/wp-json\/wp\/v2\/fonds?post=99924"},{"taxonomy":"tradition","embeddable":true,"href":"https:\/\/www.iemj.org\/es\/wp-json\/wp\/v2\/tradition?post=99924"},{"taxonomy":"type-de-contenu","embeddable":true,"href":"https:\/\/www.iemj.org\/es\/wp-json\/wp\/v2\/type-de-contenu?post=99924"},{"taxonomy":"interprete-compositeur","embeddable":true,"href":"https:\/\/www.iemj.org\/es\/wp-json\/wp\/v2\/interprete-compositeur?post=99924"},{"taxonomy":"frise","embeddable":true,"href":"https:\/\/www.iemj.org\/es\/wp-json\/wp\/v2\/frise?post=99924"},{"taxonomy":"type-devenement","embeddable":true,"href":"https:\/\/www.iemj.org\/es\/wp-json\/wp\/v2\/type-devenement?post=99924"},{"taxonomy":"tableaux-liens-externes","embeddable":true,"href":"https:\/\/www.iemj.org\/es\/wp-json\/wp\/v2\/tableaux-liens-externes?post=99924"}],"curies":[{"name":"wp","href":"https:\/\/api.w.org\/{rel}","templated":true}]}}