{"id":100502,"date":"2017-03-14T16:55:34","date_gmt":"2017-03-14T15:55:34","guid":{"rendered":"https:\/\/www.iemj.org\/zara-levina-the-piano-concertos\/"},"modified":"2025-10-20T12:21:24","modified_gmt":"2025-10-20T10:21:24","slug":"zara-levina-the-piano-concertos","status":"publish","type":"post","link":"https:\/\/www.iemj.org\/it\/zara-levina-the-piano-concertos\/","title":{"rendered":"ZARA LEVINA &#8211; The piano concertos"},"content":{"rendered":"<p><!--more--><\/p>\n<p><strong>Zara Alexandrovna Levina<\/strong>, nata nel 1906 ad Alexandrovsk (Ucraina), \u00e8 stata testimone di due guerre mondiali, della Rivoluzione russa e del crollo e della ricostruzione totalitaria della sua patria.<\/p>\n<p>Ha vissuto tutta la sua vita sotto la costante e spaventosa pressione ideologica della minacciosa censura dello Stato, esercitata in particolare dalla famigerata RAPM (Associazione Russa dei Musicisti Proletari) negli anni &#8217;20 e &#8217;30 &#8211; pressione che ha avuto ripercussioni non solo sulla sua creativit\u00e0 ma anche sulla sua salute. Ciononostante, Zara Levina riusc\u00ec straordinariamente bene &#8211; e senza fallire &#8211; a preservare il proprio genio musicale di fronte a tali difficolt\u00e0.<\/p>\n<p><strong>30 anni separano la composizione dei suoi due concerti per pianoforte<\/strong><\/p>\n<ul>\n<li>Il 1\u00b0 Concerto, scritto nel 1942 e presentato per la prima volta nel 1945, evoca la grande tradizione del concerto per pianoforte romantico con il suo virtuosismo e la sua orchestrazione, evocando senza dubbio Rachmaninov e Rimsky-Korsakov.<\/li>\n<li>Il Secondo Concerto, pi\u00f9 introspettivo ed enigmatico, fu composto nel 1975, un anno prima della morte di Zara Levina. Fu la sua ultima composizione, che lei considerava anche come la sua migliore. Zara Levina diceva spesso che il concerto rappresentava la sua lotta con la morte e la sua malattia cardiaca cronica.<\/li>\n<\/ul>\n<p>Questi due lavori, molto diversi tra loro, sono legati dalla loro autonomia e dalla loro naturalezza nella musica. Possono essere profondamente radicate nella tradizione, ma non sono affatto eclettiche. La musica non suona mai elaborata o deliberata, ma si svolge liberamente, con un collegamento logico. \u00c8 spesso sorprendente &#8211; sia in termini di armonia che di temi, di timbri o di metro-ritmo &#8211; ma senza usare la violenza nella composizione.<\/p>\n<p>Tuttavia, a chi ascolta con attenzione questi due concerti, essi sono armonicamente e melodicamente collegati&#8230;<\/p>\n<p><strong>Maria Lettberg<\/strong>, pianoforte <br \/>Fin dal debutto nel 2000 con il Concerto per pianoforte e orchestra n. 1 di Peter Tchaikovsky con la Swedish Radio Symphony Orchestra &#8211; oltre al repertorio tradizionale &#8211; Maria Lettberg si \u00e8 appassionata alla riscoperta dei tesori dimenticati del passato. La pianista nata a Riga vive a Berlino ed \u00e8 molto apprezzata dal pubblico e dalla critica internazionale, in particolare per le sue interpretazioni della musica russa e scandinava. Con i due Concerti per pianoforte ed orchestra di Zara Levina, Maria Lettberg continua la sua serie di scoperte di opere impegnative dal punto di vista della composizione e della tecnica pianistica.<\/p>\n<p><strong>Ariane Matiakh<\/strong>, conduttore<br \/>Ariane Matiakh ha studiato direzione d&#8217;orchestra con Leopold Hager ed Yuji Yuasa a Vienna ed ha partecipato ai corsi di perfezionamento di Seiji Ozawa prima di essere nominata Rivelazione ai prestigiosi premi Victoires de la Musique Classique 2009, nonch\u00e9 vincitrice della prima edizione del concorso ADAMI &#8220;Talents Conductors&#8221;. \u00c8 stata inoltre finalista al Concorso Donatella Flick 2008 di Londra.<\/p>\n<p><strong>L\u2019Orchestre Symphonique de la Radio de Berlin<\/strong><br \/>L&#8217;Orchestra Sinfonica della Radio di Berlino (RundfunkSinfonieorchester Berlin, RSB) \u00e8 stata fondata nel 1923, agli inizi delle trasmissioni radiofoniche. I suoi direttori musicali, tra cui Sergiu Celibidache, Eugen Jochum e Rafael Fr\u00fchbeck de Burgos, hanno tutti contribuito a creare il suono eccezionale dell&#8217;ensemble. Dalla sua fondazione, importanti compositori come Sergey Prokofiev, Richard Strauss, Igor Stravinsky e J\u00f6rg Widmann hanno diretto l&#8217;orchestra, cos\u00ec come giovani e promettenti direttori come Andris Nelsons, Vasily Petrenko, Jakub Hru\u0161a, Lahav Shani ed Omer Meir Wellber.<\/p>\n<p><a href=\"https:\/\/www.iemj.org\/classique-vous-avez-dit-classique-ariane-matiakh-chef-dorchestre-pour-son-nouveau-cd-concertos-pour-piano-de-zara-levina\/\" target=\"_blank\" rel=\"noopener\">Ascoltare il programma radiofonico condotto da Laure Schnapper su Zara Levina &#8220;Ariane Matiakh, conduttrice, per il suo nuovo CD<em> Concerti per pianoforte di Zara Levina<\/em> (in francese)<\/a><\/p>\n<p><a href=\"http:\/\/www.capriccio.at\/zara-levina-1906-1976\" target=\"_blank\" rel=\"noopener\">Per saperne di pi\u00f9<\/a><br \/><a href=\"https:\/\/www.amazon.fr\/Concertos-pour-piano-n\/dp\/B01NAS0U8L\" target=\"_blank\" rel=\"noopener\">Comprare il CD su Amazon<\/a><\/p>\n\n<div class=\"wp-block-image\">\n<figure class=\"aligncenter size-large\"><img fetchpriority=\"high\" decoding=\"async\" width=\"1024\" height=\"133\" src=\"https:\/\/www.iemj.org\/wp-content\/uploads\/2024\/03\/AUDIO-PLAYER-1024x133.png\" alt=\"\" class=\"wp-image-110609\" srcset=\"https:\/\/www.iemj.org\/wp-content\/uploads\/2024\/03\/AUDIO-PLAYER-1024x133.png 1024w, https:\/\/www.iemj.org\/wp-content\/uploads\/2024\/03\/AUDIO-PLAYER-300x39.png 300w, https:\/\/www.iemj.org\/wp-content\/uploads\/2024\/03\/AUDIO-PLAYER-768x100.png 768w, https:\/\/www.iemj.org\/wp-content\/uploads\/2024\/03\/AUDIO-PLAYER-600x78.png 600w, https:\/\/www.iemj.org\/wp-content\/uploads\/2024\/03\/AUDIO-PLAYER.png 1210w\" sizes=\"(max-width: 1024px) 100vw, 1024px\" \/><\/figure>\n<\/div>\n\n\n<div class=\"wp-block-file\"><a id=\"wp-block-file--media-43b91101-f71b-4058-a090-7fab6cbb5304\" href=\"https:\/\/www.iemj.org\/wp-content\/uploads\/2017\/03\/1.zara_levina_concertos_pour_piano_-_1.allegro.mp3\">Concerto pour piano et orchestre N\u00b01 de Zara Levina &#8211; I. Allegro (EXTRAIT)<\/a><\/div>\n\n\n\n<div class=\"wp-block-file\"><a id=\"wp-block-file--media-38344aec-fc36-4cbd-ab9d-6f8c2a3360b8\" href=\"https:\/\/www.iemj.org\/wp-content\/uploads\/2017\/03\/2.zara_levina_concertos_pour_piano_-_2.andante.mp3\">Concerto pour piano et orchestre N\u00b01 de Zara Levina &#8211; II. Andante (EXTRAIT)<\/a><\/div>\n\n\n\n<div class=\"wp-block-file\"><a id=\"wp-block-file--media-660197c7-18a1-4ea8-a134-96f5ca259f70\" href=\"https:\/\/www.iemj.org\/wp-content\/uploads\/2017\/03\/3.zara_levina_concertos_pour_piano_-_3.allegro.mp3\">Concerto pour piano et orchestre N\u00b01 de Zara Levina &#8211; III. Allegro (EXTRAIT)<\/a><\/div>\n\n\n\n<div class=\"wp-block-file\"><a id=\"wp-block-file--media-cf1e7eb7-0f19-494f-9b54-54517b809199\" href=\"https:\/\/www.iemj.org\/wp-content\/uploads\/2017\/03\/4.zara_levina_concertos_pour_piano_-_4.moderato_sostenuto.mp3\">Concerto pour piano et orchestre N\u00b02 de Zara Levina (EXTRAIT)<\/a><\/div>\n","protected":false},"excerpt":{"rendered":"","protected":false},"author":5,"featured_media":100503,"comment_status":"closed","ping_status":"closed","sticky":false,"template":"","format":"standard","meta":{"_acf_changed":false,"footnotes":""},"categories":[1569,1564],"tags":[],"technique":[],"squelettes":[],"sujet":[],"formation":[],"genre":[1901],"fonds":[],"tradition":[],"type-de-contenu":[],"interprete-compositeur":[],"frise":[],"type-devenement":[],"tableaux-liens-externes":[],"class_list":["post-100502","post","type-post","status-publish","format-standard","has-post-thumbnail","hentry","category-cd-it","category-ultimi-acquisti-it","genre-musica-classica-it"],"acf":[],"yoast_head":"<!-- This site is optimized with the Yoast SEO plugin v27.3 - https:\/\/yoast.com\/product\/yoast-seo-wordpress\/ -->\n<title>ZARA LEVINA - The piano concertos - Institut Europ\u00e9en des Musiques Juives<\/title>\n<meta name=\"robots\" content=\"index, follow, max-snippet:-1, max-image-preview:large, max-video-preview:-1\" \/>\n<link rel=\"canonical\" href=\"https:\/\/www.iemj.org\/it\/zara-levina-the-piano-concertos\/\" \/>\n<meta property=\"og:locale\" content=\"it_IT\" \/>\n<meta property=\"og:type\" content=\"article\" \/>\n<meta property=\"og:title\" content=\"ZARA LEVINA - The piano concertos - Institut Europ\u00e9en des Musiques Juives\" \/>\n<meta property=\"og:url\" content=\"https:\/\/www.iemj.org\/it\/zara-levina-the-piano-concertos\/\" \/>\n<meta property=\"og:site_name\" content=\"Institut Europ\u00e9en des Musiques Juives\" \/>\n<meta property=\"article:publisher\" content=\"https:\/\/www.facebook.com\/MusiquesJuives\/\" \/>\n<meta property=\"article:published_time\" content=\"2017-03-14T15:55:34+00:00\" \/>\n<meta property=\"article:modified_time\" content=\"2025-10-20T10:21:24+00:00\" \/>\n<meta property=\"og:image\" content=\"https:\/\/www.iemj.org\/wp-content\/uploads\/2017\/03\/arton2178-e1619340190741.jpg\" \/>\n\t<meta property=\"og:image:width\" content=\"350\" \/>\n\t<meta property=\"og:image:height\" content=\"305\" \/>\n\t<meta property=\"og:image:type\" content=\"image\/jpeg\" \/>\n<meta name=\"author\" content=\"Jacqueline ROTEN\" \/>\n<meta name=\"twitter:card\" content=\"summary_large_image\" \/>\n<meta name=\"twitter:label1\" content=\"Scritto da\" \/>\n\t<meta name=\"twitter:data1\" content=\"Jacqueline ROTEN\" \/>\n\t<meta name=\"twitter:label2\" content=\"Tempo di lettura stimato\" \/>\n\t<meta name=\"twitter:data2\" content=\"4 minuti\" \/>\n<script type=\"application\/ld+json\" class=\"yoast-schema-graph\">{\"@context\":\"https:\\\/\\\/schema.org\",\"@graph\":[{\"@type\":\"Article\",\"@id\":\"https:\\\/\\\/www.iemj.org\\\/it\\\/zara-levina-the-piano-concertos\\\/#article\",\"isPartOf\":{\"@id\":\"https:\\\/\\\/www.iemj.org\\\/it\\\/zara-levina-the-piano-concertos\\\/\"},\"author\":{\"name\":\"Jacqueline ROTEN\",\"@id\":\"https:\\\/\\\/www.iemj.org\\\/it\\\/#\\\/schema\\\/person\\\/358e26c18aca017fcc4cc15437f7279c\"},\"headline\":\"ZARA LEVINA &#8211; The piano concertos\",\"datePublished\":\"2017-03-14T15:55:34+00:00\",\"dateModified\":\"2025-10-20T10:21:24+00:00\",\"mainEntityOfPage\":{\"@id\":\"https:\\\/\\\/www.iemj.org\\\/it\\\/zara-levina-the-piano-concertos\\\/\"},\"wordCount\":619,\"publisher\":{\"@id\":\"https:\\\/\\\/www.iemj.org\\\/it\\\/#organization\"},\"image\":{\"@id\":\"https:\\\/\\\/www.iemj.org\\\/it\\\/zara-levina-the-piano-concertos\\\/#primaryimage\"},\"thumbnailUrl\":\"https:\\\/\\\/www.iemj.org\\\/wp-content\\\/uploads\\\/2017\\\/03\\\/arton2178-e1619340190741.jpg\",\"articleSection\":[\"CD\",\"Ultimi acquisti\"],\"inLanguage\":\"it-IT\"},{\"@type\":\"WebPage\",\"@id\":\"https:\\\/\\\/www.iemj.org\\\/it\\\/zara-levina-the-piano-concertos\\\/\",\"url\":\"https:\\\/\\\/www.iemj.org\\\/it\\\/zara-levina-the-piano-concertos\\\/\",\"name\":\"ZARA LEVINA - The piano concertos - Institut Europ\u00e9en des Musiques Juives\",\"isPartOf\":{\"@id\":\"https:\\\/\\\/www.iemj.org\\\/it\\\/#website\"},\"primaryImageOfPage\":{\"@id\":\"https:\\\/\\\/www.iemj.org\\\/it\\\/zara-levina-the-piano-concertos\\\/#primaryimage\"},\"image\":{\"@id\":\"https:\\\/\\\/www.iemj.org\\\/it\\\/zara-levina-the-piano-concertos\\\/#primaryimage\"},\"thumbnailUrl\":\"https:\\\/\\\/www.iemj.org\\\/wp-content\\\/uploads\\\/2017\\\/03\\\/arton2178-e1619340190741.jpg\",\"datePublished\":\"2017-03-14T15:55:34+00:00\",\"dateModified\":\"2025-10-20T10:21:24+00:00\",\"breadcrumb\":{\"@id\":\"https:\\\/\\\/www.iemj.org\\\/it\\\/zara-levina-the-piano-concertos\\\/#breadcrumb\"},\"inLanguage\":\"it-IT\",\"potentialAction\":[{\"@type\":\"ReadAction\",\"target\":[\"https:\\\/\\\/www.iemj.org\\\/it\\\/zara-levina-the-piano-concertos\\\/\"]}]},{\"@type\":\"ImageObject\",\"inLanguage\":\"it-IT\",\"@id\":\"https:\\\/\\\/www.iemj.org\\\/it\\\/zara-levina-the-piano-concertos\\\/#primaryimage\",\"url\":\"https:\\\/\\\/www.iemj.org\\\/wp-content\\\/uploads\\\/2017\\\/03\\\/arton2178-e1619340190741.jpg\",\"contentUrl\":\"https:\\\/\\\/www.iemj.org\\\/wp-content\\\/uploads\\\/2017\\\/03\\\/arton2178-e1619340190741.jpg\",\"width\":350,\"height\":305},{\"@type\":\"BreadcrumbList\",\"@id\":\"https:\\\/\\\/www.iemj.org\\\/it\\\/zara-levina-the-piano-concertos\\\/#breadcrumb\",\"itemListElement\":[{\"@type\":\"ListItem\",\"position\":1,\"name\":\"Accueil\",\"item\":\"https:\\\/\\\/www.iemj.org\\\/it\\\/\"},{\"@type\":\"ListItem\",\"position\":2,\"name\":\"ZARA LEVINA &#8211; The piano concertos\"}]},{\"@type\":\"WebSite\",\"@id\":\"https:\\\/\\\/www.iemj.org\\\/it\\\/#website\",\"url\":\"https:\\\/\\\/www.iemj.org\\\/it\\\/\",\"name\":\"Institut Europ\u00e9en des Musiques Juives\",\"description\":\"Des traditions musicales \u00e0 la port\u00e9e de tous\",\"publisher\":{\"@id\":\"https:\\\/\\\/www.iemj.org\\\/it\\\/#organization\"},\"potentialAction\":[{\"@type\":\"SearchAction\",\"target\":{\"@type\":\"EntryPoint\",\"urlTemplate\":\"https:\\\/\\\/www.iemj.org\\\/it\\\/?s={search_term_string}\"},\"query-input\":{\"@type\":\"PropertyValueSpecification\",\"valueRequired\":true,\"valueName\":\"search_term_string\"}}],\"inLanguage\":\"it-IT\"},{\"@type\":\"Organization\",\"@id\":\"https:\\\/\\\/www.iemj.org\\\/it\\\/#organization\",\"name\":\"Institut Europ\u00e9en des Musiques Juives\",\"url\":\"https:\\\/\\\/www.iemj.org\\\/it\\\/\",\"logo\":{\"@type\":\"ImageObject\",\"inLanguage\":\"it-IT\",\"@id\":\"https:\\\/\\\/www.iemj.org\\\/it\\\/#\\\/schema\\\/logo\\\/image\\\/\",\"url\":\"https:\\\/\\\/www.iemj.org\\\/wp-content\\\/uploads\\\/2021\\\/09\\\/Logo-IEMJ-Paypal.jpg\",\"contentUrl\":\"https:\\\/\\\/www.iemj.org\\\/wp-content\\\/uploads\\\/2021\\\/09\\\/Logo-IEMJ-Paypal.jpg\",\"width\":150,\"height\":50,\"caption\":\"Institut Europ\u00e9en des Musiques Juives\"},\"image\":{\"@id\":\"https:\\\/\\\/www.iemj.org\\\/it\\\/#\\\/schema\\\/logo\\\/image\\\/\"},\"sameAs\":[\"https:\\\/\\\/www.facebook.com\\\/MusiquesJuives\\\/\",\"https:\\\/\\\/www.instagram.com\\\/musiquesjuives\\\/\",\"https:\\\/\\\/www.youtube.com\\\/user\\\/musiquesjuives\"]},{\"@type\":\"Person\",\"@id\":\"https:\\\/\\\/www.iemj.org\\\/it\\\/#\\\/schema\\\/person\\\/358e26c18aca017fcc4cc15437f7279c\",\"name\":\"Jacqueline ROTEN\",\"image\":{\"@type\":\"ImageObject\",\"inLanguage\":\"it-IT\",\"@id\":\"https:\\\/\\\/secure.gravatar.com\\\/avatar\\\/5964256d6c6957de3a3505278957e0fb2a35119ac47ea41827a65301213c810b?s=96&d=mm&r=g\",\"url\":\"https:\\\/\\\/secure.gravatar.com\\\/avatar\\\/5964256d6c6957de3a3505278957e0fb2a35119ac47ea41827a65301213c810b?s=96&d=mm&r=g\",\"contentUrl\":\"https:\\\/\\\/secure.gravatar.com\\\/avatar\\\/5964256d6c6957de3a3505278957e0fb2a35119ac47ea41827a65301213c810b?s=96&d=mm&r=g\",\"caption\":\"Jacqueline ROTEN\"}}]}<\/script>\n<!-- \/ Yoast SEO plugin. -->","yoast_head_json":{"title":"ZARA LEVINA - The piano concertos - Institut Europ\u00e9en des Musiques Juives","robots":{"index":"index","follow":"follow","max-snippet":"max-snippet:-1","max-image-preview":"max-image-preview:large","max-video-preview":"max-video-preview:-1"},"canonical":"https:\/\/www.iemj.org\/it\/zara-levina-the-piano-concertos\/","og_locale":"it_IT","og_type":"article","og_title":"ZARA LEVINA - The piano concertos - Institut Europ\u00e9en des Musiques Juives","og_url":"https:\/\/www.iemj.org\/it\/zara-levina-the-piano-concertos\/","og_site_name":"Institut Europ\u00e9en des Musiques Juives","article_publisher":"https:\/\/www.facebook.com\/MusiquesJuives\/","article_published_time":"2017-03-14T15:55:34+00:00","article_modified_time":"2025-10-20T10:21:24+00:00","og_image":[{"width":350,"height":305,"url":"https:\/\/www.iemj.org\/wp-content\/uploads\/2017\/03\/arton2178-e1619340190741.jpg","type":"image\/jpeg"}],"author":"Jacqueline ROTEN","twitter_card":"summary_large_image","twitter_misc":{"Scritto da":"Jacqueline ROTEN","Tempo di lettura stimato":"4 minuti"},"schema":{"@context":"https:\/\/schema.org","@graph":[{"@type":"Article","@id":"https:\/\/www.iemj.org\/it\/zara-levina-the-piano-concertos\/#article","isPartOf":{"@id":"https:\/\/www.iemj.org\/it\/zara-levina-the-piano-concertos\/"},"author":{"name":"Jacqueline ROTEN","@id":"https:\/\/www.iemj.org\/it\/#\/schema\/person\/358e26c18aca017fcc4cc15437f7279c"},"headline":"ZARA LEVINA &#8211; The piano concertos","datePublished":"2017-03-14T15:55:34+00:00","dateModified":"2025-10-20T10:21:24+00:00","mainEntityOfPage":{"@id":"https:\/\/www.iemj.org\/it\/zara-levina-the-piano-concertos\/"},"wordCount":619,"publisher":{"@id":"https:\/\/www.iemj.org\/it\/#organization"},"image":{"@id":"https:\/\/www.iemj.org\/it\/zara-levina-the-piano-concertos\/#primaryimage"},"thumbnailUrl":"https:\/\/www.iemj.org\/wp-content\/uploads\/2017\/03\/arton2178-e1619340190741.jpg","articleSection":["CD","Ultimi acquisti"],"inLanguage":"it-IT"},{"@type":"WebPage","@id":"https:\/\/www.iemj.org\/it\/zara-levina-the-piano-concertos\/","url":"https:\/\/www.iemj.org\/it\/zara-levina-the-piano-concertos\/","name":"ZARA LEVINA - The piano concertos - Institut Europ\u00e9en des Musiques Juives","isPartOf":{"@id":"https:\/\/www.iemj.org\/it\/#website"},"primaryImageOfPage":{"@id":"https:\/\/www.iemj.org\/it\/zara-levina-the-piano-concertos\/#primaryimage"},"image":{"@id":"https:\/\/www.iemj.org\/it\/zara-levina-the-piano-concertos\/#primaryimage"},"thumbnailUrl":"https:\/\/www.iemj.org\/wp-content\/uploads\/2017\/03\/arton2178-e1619340190741.jpg","datePublished":"2017-03-14T15:55:34+00:00","dateModified":"2025-10-20T10:21:24+00:00","breadcrumb":{"@id":"https:\/\/www.iemj.org\/it\/zara-levina-the-piano-concertos\/#breadcrumb"},"inLanguage":"it-IT","potentialAction":[{"@type":"ReadAction","target":["https:\/\/www.iemj.org\/it\/zara-levina-the-piano-concertos\/"]}]},{"@type":"ImageObject","inLanguage":"it-IT","@id":"https:\/\/www.iemj.org\/it\/zara-levina-the-piano-concertos\/#primaryimage","url":"https:\/\/www.iemj.org\/wp-content\/uploads\/2017\/03\/arton2178-e1619340190741.jpg","contentUrl":"https:\/\/www.iemj.org\/wp-content\/uploads\/2017\/03\/arton2178-e1619340190741.jpg","width":350,"height":305},{"@type":"BreadcrumbList","@id":"https:\/\/www.iemj.org\/it\/zara-levina-the-piano-concertos\/#breadcrumb","itemListElement":[{"@type":"ListItem","position":1,"name":"Accueil","item":"https:\/\/www.iemj.org\/it\/"},{"@type":"ListItem","position":2,"name":"ZARA LEVINA &#8211; The piano concertos"}]},{"@type":"WebSite","@id":"https:\/\/www.iemj.org\/it\/#website","url":"https:\/\/www.iemj.org\/it\/","name":"Institut Europ\u00e9en des Musiques Juives","description":"Des traditions musicales \u00e0 la port\u00e9e de tous","publisher":{"@id":"https:\/\/www.iemj.org\/it\/#organization"},"potentialAction":[{"@type":"SearchAction","target":{"@type":"EntryPoint","urlTemplate":"https:\/\/www.iemj.org\/it\/?s={search_term_string}"},"query-input":{"@type":"PropertyValueSpecification","valueRequired":true,"valueName":"search_term_string"}}],"inLanguage":"it-IT"},{"@type":"Organization","@id":"https:\/\/www.iemj.org\/it\/#organization","name":"Institut Europ\u00e9en des Musiques Juives","url":"https:\/\/www.iemj.org\/it\/","logo":{"@type":"ImageObject","inLanguage":"it-IT","@id":"https:\/\/www.iemj.org\/it\/#\/schema\/logo\/image\/","url":"https:\/\/www.iemj.org\/wp-content\/uploads\/2021\/09\/Logo-IEMJ-Paypal.jpg","contentUrl":"https:\/\/www.iemj.org\/wp-content\/uploads\/2021\/09\/Logo-IEMJ-Paypal.jpg","width":150,"height":50,"caption":"Institut Europ\u00e9en des Musiques Juives"},"image":{"@id":"https:\/\/www.iemj.org\/it\/#\/schema\/logo\/image\/"},"sameAs":["https:\/\/www.facebook.com\/MusiquesJuives\/","https:\/\/www.instagram.com\/musiquesjuives\/","https:\/\/www.youtube.com\/user\/musiquesjuives"]},{"@type":"Person","@id":"https:\/\/www.iemj.org\/it\/#\/schema\/person\/358e26c18aca017fcc4cc15437f7279c","name":"Jacqueline ROTEN","image":{"@type":"ImageObject","inLanguage":"it-IT","@id":"https:\/\/secure.gravatar.com\/avatar\/5964256d6c6957de3a3505278957e0fb2a35119ac47ea41827a65301213c810b?s=96&d=mm&r=g","url":"https:\/\/secure.gravatar.com\/avatar\/5964256d6c6957de3a3505278957e0fb2a35119ac47ea41827a65301213c810b?s=96&d=mm&r=g","contentUrl":"https:\/\/secure.gravatar.com\/avatar\/5964256d6c6957de3a3505278957e0fb2a35119ac47ea41827a65301213c810b?s=96&d=mm&r=g","caption":"Jacqueline ROTEN"}}]}},"_links":{"self":[{"href":"https:\/\/www.iemj.org\/it\/wp-json\/wp\/v2\/posts\/100502","targetHints":{"allow":["GET"]}}],"collection":[{"href":"https:\/\/www.iemj.org\/it\/wp-json\/wp\/v2\/posts"}],"about":[{"href":"https:\/\/www.iemj.org\/it\/wp-json\/wp\/v2\/types\/post"}],"author":[{"embeddable":true,"href":"https:\/\/www.iemj.org\/it\/wp-json\/wp\/v2\/users\/5"}],"replies":[{"embeddable":true,"href":"https:\/\/www.iemj.org\/it\/wp-json\/wp\/v2\/comments?post=100502"}],"version-history":[{"count":1,"href":"https:\/\/www.iemj.org\/it\/wp-json\/wp\/v2\/posts\/100502\/revisions"}],"predecessor-version":[{"id":127291,"href":"https:\/\/www.iemj.org\/it\/wp-json\/wp\/v2\/posts\/100502\/revisions\/127291"}],"wp:featuredmedia":[{"embeddable":true,"href":"https:\/\/www.iemj.org\/it\/wp-json\/wp\/v2\/media\/100503"}],"wp:attachment":[{"href":"https:\/\/www.iemj.org\/it\/wp-json\/wp\/v2\/media?parent=100502"}],"wp:term":[{"taxonomy":"category","embeddable":true,"href":"https:\/\/www.iemj.org\/it\/wp-json\/wp\/v2\/categories?post=100502"},{"taxonomy":"post_tag","embeddable":true,"href":"https:\/\/www.iemj.org\/it\/wp-json\/wp\/v2\/tags?post=100502"},{"taxonomy":"technique","embeddable":true,"href":"https:\/\/www.iemj.org\/it\/wp-json\/wp\/v2\/technique?post=100502"},{"taxonomy":"squelettes","embeddable":true,"href":"https:\/\/www.iemj.org\/it\/wp-json\/wp\/v2\/squelettes?post=100502"},{"taxonomy":"sujet","embeddable":true,"href":"https:\/\/www.iemj.org\/it\/wp-json\/wp\/v2\/sujet?post=100502"},{"taxonomy":"formation","embeddable":true,"href":"https:\/\/www.iemj.org\/it\/wp-json\/wp\/v2\/formation?post=100502"},{"taxonomy":"genre","embeddable":true,"href":"https:\/\/www.iemj.org\/it\/wp-json\/wp\/v2\/genre?post=100502"},{"taxonomy":"fonds","embeddable":true,"href":"https:\/\/www.iemj.org\/it\/wp-json\/wp\/v2\/fonds?post=100502"},{"taxonomy":"tradition","embeddable":true,"href":"https:\/\/www.iemj.org\/it\/wp-json\/wp\/v2\/tradition?post=100502"},{"taxonomy":"type-de-contenu","embeddable":true,"href":"https:\/\/www.iemj.org\/it\/wp-json\/wp\/v2\/type-de-contenu?post=100502"},{"taxonomy":"interprete-compositeur","embeddable":true,"href":"https:\/\/www.iemj.org\/it\/wp-json\/wp\/v2\/interprete-compositeur?post=100502"},{"taxonomy":"frise","embeddable":true,"href":"https:\/\/www.iemj.org\/it\/wp-json\/wp\/v2\/frise?post=100502"},{"taxonomy":"type-devenement","embeddable":true,"href":"https:\/\/www.iemj.org\/it\/wp-json\/wp\/v2\/type-devenement?post=100502"},{"taxonomy":"tableaux-liens-externes","embeddable":true,"href":"https:\/\/www.iemj.org\/it\/wp-json\/wp\/v2\/tableaux-liens-externes?post=100502"}],"curies":[{"name":"wp","href":"https:\/\/api.w.org\/{rel}","templated":true}]}}