{"id":100704,"date":"2017-02-22T12:08:33","date_gmt":"2017-02-22T11:08:33","guid":{"rendered":"https:\/\/www.iemj.org\/gesange-aus-der-synagogue-chants-of-the-synagogue\/"},"modified":"2025-09-20T16:51:05","modified_gmt":"2025-09-20T14:51:05","slug":"gesange-aus-der-synagogue-chants-of-the-synagogue","status":"publish","type":"post","link":"https:\/\/www.iemj.org\/it\/gesange-aus-der-synagogue-chants-of-the-synagogue\/","title":{"rendered":"Ges\u00e4nge aus der Synagogue \/ Chants of the synagogue"},"content":{"rendered":"<p>Isaac ben Juda, noto come Eberst, nacque a Offenbach, vicino a Francoforte. Dopo aver lasciato la sua citt\u00e0 natale nel 1799 per diventare cantore e musicista itinerante, si stabilisce a Deutz come musicista di taverna. In seguito al decreto napoleonico del 28 luglio 1808 che impone a tutti gli ebrei dell&#8217;Impero di adottare un &#8220;nome permanente&#8221;, Isaac Eberst adotta il cognome Offenbach intorno al 1810. Nel 1816 si trasferisce a Colonia, dove diventa insegnante di musica e poi, intorno al 1826, \u1e25azzan della citt\u00e0, carica che ricopre fino a poco prima della sua morte.<\/p>\n<p>Isaac Offenbach \u00e9 stato un prolifico compositore (soprattutto di opere per la sinagoga), scrittore e traduttore di valore. Ha pubblicato una Haggada con una traduzione in tedesco e sei melodie allegate, alcune tradizionali ed altre composte da lui (1838), un libro ebraico-tedesco per la preghiera dei giovani (1839) ed una serie di brani per chitarra. I suoi manoscritti sono stati donati dalle nipoti al Jewish Institute of Religion di New York ed alcuni pezzi sono pervenuti anche alla Birnbaum Collection dell&#8217;Hebrew Union College di Cincinnati ed alla Jewish National and University Library di Gerusalemme. Il materiale comprende circa 20 fascicoli e cartelle di composizioni cantoriali e notazioni di melodie tradizionali. Questi manoscritti testimoniano dello stile sinagogale in uso nella prima met\u00e0 del XIX secolo in Germania, uno stile fortemente segnato dall&#8217;emancipazione e dall&#8217;influenza della musica d&#8217;arte occidentale.<\/p>\n<p>Jacob Offenbach (noto come &#8220;<a href=\"https:\/\/www.iemj.org\/it\/offenbach-jacques-1819-1880\/\">Jacques Offenbach<\/a>&#8220;), settimo dei nove figli di Isaac Offenbach, \u00e8 nato a Colonia il 20 giugno 1819. Consapevole del talento musicale del figlio, Isaac Offenbach lo manda a studiare musica a Parigi, l&#8217;unico posto dove un ebreo poteva alora far carriera. Nel 1833, insieme al fratello Julius, \u00e8 ammesso alla classe di violoncello del Conservatorio di Parigi. Dopo un anno al Conservatorio, Jacques Offenbach \u00e8 costretto a lasciarlo perch\u00e9 il suo comportamento \u00e8 considerato troppo dissipato. Nel 1835 entra a far parte dell&#8217;orchestra dell&#8217;Op\u00e9ra-comique e viene notato da <a href=\"https:\/\/www.iemj.org\/it\/halevy-jacques-francois-fromental-elie-1799-1862\/\">Jacques Fromental Hal\u00e9vy (1799-1862)<\/a>, che gli d\u00e0 lezioni di composizione.<br \/>La sua carriera di compositore inizia con la scrittura di valzer, che lo rendono rapidamente famoso. Nel 1848, la rivoluzione in Francia costringe Offenbach e la sua famiglia a fuggire a Colonia. Tornato in Francia nel 1849, \u00e8 nominato direttore d&#8217;orchestra della Com\u00e9die-Fran\u00e7aise. Nel 1855 crea un proprio teatro, Les Bouffes-Parisiens, sugli Champs-\u00c9lys\u00e9es, per rappresentare le sue opere.<br \/>Il 14 gennaio 1860 ottenne la cittadinanza francese. Nel 1866 trionfa nella Parigi di Napoleone III con l&#8217;op\u00e9ra-bouffe <em>La Vie Parisienne<\/em>. Continua a raccogliere successi fino alla caduta dell&#8217;Impero nel 1870. Con lo scoppio della guerra con la Prussia, Jacques Offenbach \u00e8 costretto a lasciare Parigi con moglie e figli. Ma l&#8217;esilio dura poco e nel 1872 compone l&#8217;opera fiabesca Le roi carotte, che vuole essere una satira politica di Napoleone III. In seguito dirige il teatro Gait\u00e9-Lyrique, dove vengono riproposte le sue opere precedenti, ma muore in condizioni di relativa indigenza il 5 ottobre 1880, lasciando incompiuta la sua unica opera e il suo ultimo capolavoro: <em>Les Contes d\u2019Hoffmann<\/em>.<\/p>\n<p>Jacques Offenbach compose alcune canti sinagogali (<em>Ashamnou<\/em>, <em>Tavo lefanecha<\/em>&#8230;) durante le visite al padre a Colonia. All&#8217;et\u00e0 di 16 anni scrive anche una suite di valzer su motivi israeliti del XV secolo, intitolata <em>R\u00e9becca<\/em> (1837, non pubblicata).<\/p>\n<p>Per saperne di pi\u00f9 su ci\u00f2 che accade dietro le quinte di questa registrazione, visitando il <a href=\"http:\/\/www.jacobokaufmann.com\/English\/mainFrame.htm\" target=\"_blank\" rel=\"noopener\">sito web di Jacobo Kaufmann<\/a><\/p>\n\n<div class=\"wp-block-image\">\n<figure class=\"aligncenter size-large\"><img fetchpriority=\"high\" decoding=\"async\" width=\"1024\" height=\"133\" src=\"https:\/\/www.iemj.org\/wp-content\/uploads\/2024\/03\/AUDIO-PLAYER-1024x133.png\" alt=\"\" class=\"wp-image-110609\" srcset=\"https:\/\/www.iemj.org\/wp-content\/uploads\/2024\/03\/AUDIO-PLAYER-1024x133.png 1024w, https:\/\/www.iemj.org\/wp-content\/uploads\/2024\/03\/AUDIO-PLAYER-300x39.png 300w, https:\/\/www.iemj.org\/wp-content\/uploads\/2024\/03\/AUDIO-PLAYER-768x100.png 768w, https:\/\/www.iemj.org\/wp-content\/uploads\/2024\/03\/AUDIO-PLAYER-600x78.png 600w, https:\/\/www.iemj.org\/wp-content\/uploads\/2024\/03\/AUDIO-PLAYER.png 1210w\" sizes=\"(max-width: 1024px) 100vw, 1024px\" \/><\/figure>\n<\/div>\n\n\n<div class=\"wp-block-file\"><a id=\"wp-block-file--media-dac07df0-a94f-4952-a19d-0221dcf0639f\" href=\"https:\/\/www.iemj.org\/wp-content\/uploads\/2017\/02\/cd_106_01_ex.mp3\">Lecha Dodi (EXTRAIT) &#8211; Isaac Offenbach<\/a><\/div>\n\n\n\n<div class=\"wp-block-file\"><a id=\"wp-block-file--media-db37f6e4-f198-4816-830e-9954620e8419\" href=\"https:\/\/www.iemj.org\/wp-content\/uploads\/2017\/02\/cd_106_07_ex.mp3\">Chad Gadja (EXTRAIT) &#8211; Isaac Offenbach<\/a><\/div>\n\n\n\n<div class=\"wp-block-file\"><a id=\"wp-block-file--media-111860dc-17d4-420f-bb52-94f15b357e3e\" href=\"https:\/\/www.iemj.org\/wp-content\/uploads\/2017\/02\/cd_106_14_ex.mp3\">Tavo Lefanecha (EXTRAIT) &#8211; Jacques Offenbach<\/a><\/div>\n\n\n\n<div class=\"wp-block-file\"><a id=\"wp-block-file--media-27e1f9dd-eabc-48ed-bdc2-030f5534d0d9\" href=\"https:\/\/www.iemj.org\/wp-content\/uploads\/2017\/02\/cd_106_15_ex.mp3\">Ashamnu (EXTRAIT) &#8211; Jacques Offenbach<\/a><\/div>\n\n\n\n<div class=\"wp-block-file\"><a id=\"wp-block-file--media-56a1cb8f-66bb-4bfc-bebe-74942eba2679\" href=\"https:\/\/www.iemj.org\/wp-content\/uploads\/2017\/02\/cd_106_16_ex.mp3\">Kichlot Jejni Tered Ejni (EXTRAIT) &#8211; Isaac Offenbach <\/a><\/div>\n","protected":false},"excerpt":{"rendered":"<p>Isaac ben Juda, noto come Eberst, nacque a Offenbach, vicino a Francoforte. Dopo aver lasciato la sua citt\u00e0 natale nel 1799 per diventare cantore e musicista itinerante, si stabilisce a<\/p>\n","protected":false},"author":1048,"featured_media":100705,"comment_status":"closed","ping_status":"closed","sticky":false,"template":"","format":"standard","meta":{"_acf_changed":false,"footnotes":""},"categories":[1569,1564],"tags":[],"technique":[],"squelettes":[],"sujet":[],"formation":[],"genre":[1901],"fonds":[],"tradition":[],"type-de-contenu":[],"interprete-compositeur":[3201],"frise":[],"type-devenement":[],"tableaux-liens-externes":[],"class_list":["post-100704","post","type-post","status-publish","format-standard","has-post-thumbnail","hentry","category-cd-it","category-ultimi-acquisti-it","genre-musica-classica-it","interprete-compositeur-jacques-offenbach-it-3"],"acf":[],"yoast_head":"<!-- This site is optimized with the Yoast SEO plugin v27.3 - https:\/\/yoast.com\/product\/yoast-seo-wordpress\/ -->\n<title>Ges\u00e4nge aus der Synagogue \/ Chants of the synagogue - Institut Europ\u00e9en des Musiques Juives<\/title>\n<meta name=\"robots\" content=\"index, follow, max-snippet:-1, max-image-preview:large, max-video-preview:-1\" \/>\n<link rel=\"canonical\" href=\"https:\/\/www.iemj.org\/it\/gesange-aus-der-synagogue-chants-of-the-synagogue\/\" \/>\n<meta property=\"og:locale\" content=\"it_IT\" \/>\n<meta property=\"og:type\" content=\"article\" \/>\n<meta property=\"og:title\" content=\"Ges\u00e4nge aus der Synagogue \/ Chants of the synagogue - Institut Europ\u00e9en des Musiques Juives\" \/>\n<meta property=\"og:description\" content=\"Isaac ben Juda, noto come Eberst, nacque a Offenbach, vicino a Francoforte. Dopo aver lasciato la sua citt\u00e0 natale nel 1799 per diventare cantore e musicista itinerante, si stabilisce a\" \/>\n<meta property=\"og:url\" content=\"https:\/\/www.iemj.org\/it\/gesange-aus-der-synagogue-chants-of-the-synagogue\/\" \/>\n<meta property=\"og:site_name\" content=\"Institut Europ\u00e9en des Musiques Juives\" \/>\n<meta property=\"article:publisher\" content=\"https:\/\/www.facebook.com\/MusiquesJuives\/\" \/>\n<meta property=\"article:published_time\" content=\"2017-02-22T11:08:33+00:00\" \/>\n<meta property=\"article:modified_time\" content=\"2025-09-20T14:51:05+00:00\" \/>\n<meta property=\"og:image\" content=\"https:\/\/www.iemj.org\/wp-content\/uploads\/2017\/02\/arton2110-e1619340893795.jpg\" \/>\n\t<meta property=\"og:image:width\" content=\"350\" \/>\n\t<meta property=\"og:image:height\" content=\"334\" \/>\n\t<meta property=\"og:image:type\" content=\"image\/jpeg\" \/>\n<meta name=\"author\" content=\"Jean-Gabriel Davis\" \/>\n<meta name=\"twitter:card\" content=\"summary_large_image\" \/>\n<meta name=\"twitter:label1\" content=\"Scritto da\" \/>\n\t<meta name=\"twitter:data1\" content=\"Jean-Gabriel Davis\" \/>\n\t<meta name=\"twitter:label2\" content=\"Tempo di lettura stimato\" \/>\n\t<meta name=\"twitter:data2\" content=\"4 minuti\" \/>\n<script type=\"application\/ld+json\" class=\"yoast-schema-graph\">{\"@context\":\"https:\\\/\\\/schema.org\",\"@graph\":[{\"@type\":\"Article\",\"@id\":\"https:\\\/\\\/www.iemj.org\\\/it\\\/gesange-aus-der-synagogue-chants-of-the-synagogue\\\/#article\",\"isPartOf\":{\"@id\":\"https:\\\/\\\/www.iemj.org\\\/it\\\/gesange-aus-der-synagogue-chants-of-the-synagogue\\\/\"},\"author\":{\"name\":\"Jean-Gabriel Davis\",\"@id\":\"https:\\\/\\\/www.iemj.org\\\/it\\\/#\\\/schema\\\/person\\\/c9bc1c386a3749579a2d675e72a18666\"},\"headline\":\"Ges\u00e4nge aus der Synagogue \\\/ Chants of the synagogue\",\"datePublished\":\"2017-02-22T11:08:33+00:00\",\"dateModified\":\"2025-09-20T14:51:05+00:00\",\"mainEntityOfPage\":{\"@id\":\"https:\\\/\\\/www.iemj.org\\\/it\\\/gesange-aus-der-synagogue-chants-of-the-synagogue\\\/\"},\"wordCount\":591,\"publisher\":{\"@id\":\"https:\\\/\\\/www.iemj.org\\\/it\\\/#organization\"},\"image\":{\"@id\":\"https:\\\/\\\/www.iemj.org\\\/it\\\/gesange-aus-der-synagogue-chants-of-the-synagogue\\\/#primaryimage\"},\"thumbnailUrl\":\"https:\\\/\\\/www.iemj.org\\\/wp-content\\\/uploads\\\/2017\\\/02\\\/arton2110-e1619340893795.jpg\",\"articleSection\":[\"CD\",\"Ultimi acquisti\"],\"inLanguage\":\"it-IT\"},{\"@type\":\"WebPage\",\"@id\":\"https:\\\/\\\/www.iemj.org\\\/it\\\/gesange-aus-der-synagogue-chants-of-the-synagogue\\\/\",\"url\":\"https:\\\/\\\/www.iemj.org\\\/it\\\/gesange-aus-der-synagogue-chants-of-the-synagogue\\\/\",\"name\":\"Ges\u00e4nge aus der Synagogue \\\/ Chants of the synagogue - Institut Europ\u00e9en des Musiques Juives\",\"isPartOf\":{\"@id\":\"https:\\\/\\\/www.iemj.org\\\/it\\\/#website\"},\"primaryImageOfPage\":{\"@id\":\"https:\\\/\\\/www.iemj.org\\\/it\\\/gesange-aus-der-synagogue-chants-of-the-synagogue\\\/#primaryimage\"},\"image\":{\"@id\":\"https:\\\/\\\/www.iemj.org\\\/it\\\/gesange-aus-der-synagogue-chants-of-the-synagogue\\\/#primaryimage\"},\"thumbnailUrl\":\"https:\\\/\\\/www.iemj.org\\\/wp-content\\\/uploads\\\/2017\\\/02\\\/arton2110-e1619340893795.jpg\",\"datePublished\":\"2017-02-22T11:08:33+00:00\",\"dateModified\":\"2025-09-20T14:51:05+00:00\",\"breadcrumb\":{\"@id\":\"https:\\\/\\\/www.iemj.org\\\/it\\\/gesange-aus-der-synagogue-chants-of-the-synagogue\\\/#breadcrumb\"},\"inLanguage\":\"it-IT\",\"potentialAction\":[{\"@type\":\"ReadAction\",\"target\":[\"https:\\\/\\\/www.iemj.org\\\/it\\\/gesange-aus-der-synagogue-chants-of-the-synagogue\\\/\"]}]},{\"@type\":\"ImageObject\",\"inLanguage\":\"it-IT\",\"@id\":\"https:\\\/\\\/www.iemj.org\\\/it\\\/gesange-aus-der-synagogue-chants-of-the-synagogue\\\/#primaryimage\",\"url\":\"https:\\\/\\\/www.iemj.org\\\/wp-content\\\/uploads\\\/2017\\\/02\\\/arton2110-e1619340893795.jpg\",\"contentUrl\":\"https:\\\/\\\/www.iemj.org\\\/wp-content\\\/uploads\\\/2017\\\/02\\\/arton2110-e1619340893795.jpg\",\"width\":350,\"height\":334},{\"@type\":\"BreadcrumbList\",\"@id\":\"https:\\\/\\\/www.iemj.org\\\/it\\\/gesange-aus-der-synagogue-chants-of-the-synagogue\\\/#breadcrumb\",\"itemListElement\":[{\"@type\":\"ListItem\",\"position\":1,\"name\":\"Accueil\",\"item\":\"https:\\\/\\\/www.iemj.org\\\/it\\\/\"},{\"@type\":\"ListItem\",\"position\":2,\"name\":\"Ges\u00e4nge aus der Synagogue \\\/ Chants of the synagogue\"}]},{\"@type\":\"WebSite\",\"@id\":\"https:\\\/\\\/www.iemj.org\\\/it\\\/#website\",\"url\":\"https:\\\/\\\/www.iemj.org\\\/it\\\/\",\"name\":\"Institut Europ\u00e9en des Musiques Juives\",\"description\":\"Des traditions musicales \u00e0 la port\u00e9e de tous\",\"publisher\":{\"@id\":\"https:\\\/\\\/www.iemj.org\\\/it\\\/#organization\"},\"potentialAction\":[{\"@type\":\"SearchAction\",\"target\":{\"@type\":\"EntryPoint\",\"urlTemplate\":\"https:\\\/\\\/www.iemj.org\\\/it\\\/?s={search_term_string}\"},\"query-input\":{\"@type\":\"PropertyValueSpecification\",\"valueRequired\":true,\"valueName\":\"search_term_string\"}}],\"inLanguage\":\"it-IT\"},{\"@type\":\"Organization\",\"@id\":\"https:\\\/\\\/www.iemj.org\\\/it\\\/#organization\",\"name\":\"Institut Europ\u00e9en des Musiques Juives\",\"url\":\"https:\\\/\\\/www.iemj.org\\\/it\\\/\",\"logo\":{\"@type\":\"ImageObject\",\"inLanguage\":\"it-IT\",\"@id\":\"https:\\\/\\\/www.iemj.org\\\/it\\\/#\\\/schema\\\/logo\\\/image\\\/\",\"url\":\"https:\\\/\\\/www.iemj.org\\\/wp-content\\\/uploads\\\/2021\\\/09\\\/Logo-IEMJ-Paypal.jpg\",\"contentUrl\":\"https:\\\/\\\/www.iemj.org\\\/wp-content\\\/uploads\\\/2021\\\/09\\\/Logo-IEMJ-Paypal.jpg\",\"width\":150,\"height\":50,\"caption\":\"Institut Europ\u00e9en des Musiques Juives\"},\"image\":{\"@id\":\"https:\\\/\\\/www.iemj.org\\\/it\\\/#\\\/schema\\\/logo\\\/image\\\/\"},\"sameAs\":[\"https:\\\/\\\/www.facebook.com\\\/MusiquesJuives\\\/\",\"https:\\\/\\\/www.instagram.com\\\/musiquesjuives\\\/\",\"https:\\\/\\\/www.youtube.com\\\/user\\\/musiquesjuives\"]},{\"@type\":\"Person\",\"@id\":\"https:\\\/\\\/www.iemj.org\\\/it\\\/#\\\/schema\\\/person\\\/c9bc1c386a3749579a2d675e72a18666\",\"name\":\"Jean-Gabriel Davis\",\"image\":{\"@type\":\"ImageObject\",\"inLanguage\":\"it-IT\",\"@id\":\"https:\\\/\\\/secure.gravatar.com\\\/avatar\\\/2b90d67bdf392c9b3a21fab87c0fa7edaf1fb3a058172a1ffd61033fcec7aec1?s=96&d=mm&r=g\",\"url\":\"https:\\\/\\\/secure.gravatar.com\\\/avatar\\\/2b90d67bdf392c9b3a21fab87c0fa7edaf1fb3a058172a1ffd61033fcec7aec1?s=96&d=mm&r=g\",\"contentUrl\":\"https:\\\/\\\/secure.gravatar.com\\\/avatar\\\/2b90d67bdf392c9b3a21fab87c0fa7edaf1fb3a058172a1ffd61033fcec7aec1?s=96&d=mm&r=g\",\"caption\":\"Jean-Gabriel Davis\"}}]}<\/script>\n<!-- \/ Yoast SEO plugin. -->","yoast_head_json":{"title":"Ges\u00e4nge aus der Synagogue \/ Chants of the synagogue - Institut Europ\u00e9en des Musiques Juives","robots":{"index":"index","follow":"follow","max-snippet":"max-snippet:-1","max-image-preview":"max-image-preview:large","max-video-preview":"max-video-preview:-1"},"canonical":"https:\/\/www.iemj.org\/it\/gesange-aus-der-synagogue-chants-of-the-synagogue\/","og_locale":"it_IT","og_type":"article","og_title":"Ges\u00e4nge aus der Synagogue \/ Chants of the synagogue - Institut Europ\u00e9en des Musiques Juives","og_description":"Isaac ben Juda, noto come Eberst, nacque a Offenbach, vicino a Francoforte. Dopo aver lasciato la sua citt\u00e0 natale nel 1799 per diventare cantore e musicista itinerante, si stabilisce a","og_url":"https:\/\/www.iemj.org\/it\/gesange-aus-der-synagogue-chants-of-the-synagogue\/","og_site_name":"Institut Europ\u00e9en des Musiques Juives","article_publisher":"https:\/\/www.facebook.com\/MusiquesJuives\/","article_published_time":"2017-02-22T11:08:33+00:00","article_modified_time":"2025-09-20T14:51:05+00:00","og_image":[{"width":350,"height":334,"url":"https:\/\/www.iemj.org\/wp-content\/uploads\/2017\/02\/arton2110-e1619340893795.jpg","type":"image\/jpeg"}],"author":"Jean-Gabriel Davis","twitter_card":"summary_large_image","twitter_misc":{"Scritto da":"Jean-Gabriel Davis","Tempo di lettura stimato":"4 minuti"},"schema":{"@context":"https:\/\/schema.org","@graph":[{"@type":"Article","@id":"https:\/\/www.iemj.org\/it\/gesange-aus-der-synagogue-chants-of-the-synagogue\/#article","isPartOf":{"@id":"https:\/\/www.iemj.org\/it\/gesange-aus-der-synagogue-chants-of-the-synagogue\/"},"author":{"name":"Jean-Gabriel Davis","@id":"https:\/\/www.iemj.org\/it\/#\/schema\/person\/c9bc1c386a3749579a2d675e72a18666"},"headline":"Ges\u00e4nge aus der Synagogue \/ Chants of the synagogue","datePublished":"2017-02-22T11:08:33+00:00","dateModified":"2025-09-20T14:51:05+00:00","mainEntityOfPage":{"@id":"https:\/\/www.iemj.org\/it\/gesange-aus-der-synagogue-chants-of-the-synagogue\/"},"wordCount":591,"publisher":{"@id":"https:\/\/www.iemj.org\/it\/#organization"},"image":{"@id":"https:\/\/www.iemj.org\/it\/gesange-aus-der-synagogue-chants-of-the-synagogue\/#primaryimage"},"thumbnailUrl":"https:\/\/www.iemj.org\/wp-content\/uploads\/2017\/02\/arton2110-e1619340893795.jpg","articleSection":["CD","Ultimi acquisti"],"inLanguage":"it-IT"},{"@type":"WebPage","@id":"https:\/\/www.iemj.org\/it\/gesange-aus-der-synagogue-chants-of-the-synagogue\/","url":"https:\/\/www.iemj.org\/it\/gesange-aus-der-synagogue-chants-of-the-synagogue\/","name":"Ges\u00e4nge aus der Synagogue \/ Chants of the synagogue - Institut Europ\u00e9en des Musiques Juives","isPartOf":{"@id":"https:\/\/www.iemj.org\/it\/#website"},"primaryImageOfPage":{"@id":"https:\/\/www.iemj.org\/it\/gesange-aus-der-synagogue-chants-of-the-synagogue\/#primaryimage"},"image":{"@id":"https:\/\/www.iemj.org\/it\/gesange-aus-der-synagogue-chants-of-the-synagogue\/#primaryimage"},"thumbnailUrl":"https:\/\/www.iemj.org\/wp-content\/uploads\/2017\/02\/arton2110-e1619340893795.jpg","datePublished":"2017-02-22T11:08:33+00:00","dateModified":"2025-09-20T14:51:05+00:00","breadcrumb":{"@id":"https:\/\/www.iemj.org\/it\/gesange-aus-der-synagogue-chants-of-the-synagogue\/#breadcrumb"},"inLanguage":"it-IT","potentialAction":[{"@type":"ReadAction","target":["https:\/\/www.iemj.org\/it\/gesange-aus-der-synagogue-chants-of-the-synagogue\/"]}]},{"@type":"ImageObject","inLanguage":"it-IT","@id":"https:\/\/www.iemj.org\/it\/gesange-aus-der-synagogue-chants-of-the-synagogue\/#primaryimage","url":"https:\/\/www.iemj.org\/wp-content\/uploads\/2017\/02\/arton2110-e1619340893795.jpg","contentUrl":"https:\/\/www.iemj.org\/wp-content\/uploads\/2017\/02\/arton2110-e1619340893795.jpg","width":350,"height":334},{"@type":"BreadcrumbList","@id":"https:\/\/www.iemj.org\/it\/gesange-aus-der-synagogue-chants-of-the-synagogue\/#breadcrumb","itemListElement":[{"@type":"ListItem","position":1,"name":"Accueil","item":"https:\/\/www.iemj.org\/it\/"},{"@type":"ListItem","position":2,"name":"Ges\u00e4nge aus der Synagogue \/ Chants of the synagogue"}]},{"@type":"WebSite","@id":"https:\/\/www.iemj.org\/it\/#website","url":"https:\/\/www.iemj.org\/it\/","name":"Institut Europ\u00e9en des Musiques Juives","description":"Des traditions musicales \u00e0 la port\u00e9e de tous","publisher":{"@id":"https:\/\/www.iemj.org\/it\/#organization"},"potentialAction":[{"@type":"SearchAction","target":{"@type":"EntryPoint","urlTemplate":"https:\/\/www.iemj.org\/it\/?s={search_term_string}"},"query-input":{"@type":"PropertyValueSpecification","valueRequired":true,"valueName":"search_term_string"}}],"inLanguage":"it-IT"},{"@type":"Organization","@id":"https:\/\/www.iemj.org\/it\/#organization","name":"Institut Europ\u00e9en des Musiques Juives","url":"https:\/\/www.iemj.org\/it\/","logo":{"@type":"ImageObject","inLanguage":"it-IT","@id":"https:\/\/www.iemj.org\/it\/#\/schema\/logo\/image\/","url":"https:\/\/www.iemj.org\/wp-content\/uploads\/2021\/09\/Logo-IEMJ-Paypal.jpg","contentUrl":"https:\/\/www.iemj.org\/wp-content\/uploads\/2021\/09\/Logo-IEMJ-Paypal.jpg","width":150,"height":50,"caption":"Institut Europ\u00e9en des Musiques Juives"},"image":{"@id":"https:\/\/www.iemj.org\/it\/#\/schema\/logo\/image\/"},"sameAs":["https:\/\/www.facebook.com\/MusiquesJuives\/","https:\/\/www.instagram.com\/musiquesjuives\/","https:\/\/www.youtube.com\/user\/musiquesjuives"]},{"@type":"Person","@id":"https:\/\/www.iemj.org\/it\/#\/schema\/person\/c9bc1c386a3749579a2d675e72a18666","name":"Jean-Gabriel Davis","image":{"@type":"ImageObject","inLanguage":"it-IT","@id":"https:\/\/secure.gravatar.com\/avatar\/2b90d67bdf392c9b3a21fab87c0fa7edaf1fb3a058172a1ffd61033fcec7aec1?s=96&d=mm&r=g","url":"https:\/\/secure.gravatar.com\/avatar\/2b90d67bdf392c9b3a21fab87c0fa7edaf1fb3a058172a1ffd61033fcec7aec1?s=96&d=mm&r=g","contentUrl":"https:\/\/secure.gravatar.com\/avatar\/2b90d67bdf392c9b3a21fab87c0fa7edaf1fb3a058172a1ffd61033fcec7aec1?s=96&d=mm&r=g","caption":"Jean-Gabriel Davis"}}]}},"_links":{"self":[{"href":"https:\/\/www.iemj.org\/it\/wp-json\/wp\/v2\/posts\/100704","targetHints":{"allow":["GET"]}}],"collection":[{"href":"https:\/\/www.iemj.org\/it\/wp-json\/wp\/v2\/posts"}],"about":[{"href":"https:\/\/www.iemj.org\/it\/wp-json\/wp\/v2\/types\/post"}],"author":[{"embeddable":true,"href":"https:\/\/www.iemj.org\/it\/wp-json\/wp\/v2\/users\/1048"}],"replies":[{"embeddable":true,"href":"https:\/\/www.iemj.org\/it\/wp-json\/wp\/v2\/comments?post=100704"}],"version-history":[{"count":0,"href":"https:\/\/www.iemj.org\/it\/wp-json\/wp\/v2\/posts\/100704\/revisions"}],"wp:featuredmedia":[{"embeddable":true,"href":"https:\/\/www.iemj.org\/it\/wp-json\/wp\/v2\/media\/100705"}],"wp:attachment":[{"href":"https:\/\/www.iemj.org\/it\/wp-json\/wp\/v2\/media?parent=100704"}],"wp:term":[{"taxonomy":"category","embeddable":true,"href":"https:\/\/www.iemj.org\/it\/wp-json\/wp\/v2\/categories?post=100704"},{"taxonomy":"post_tag","embeddable":true,"href":"https:\/\/www.iemj.org\/it\/wp-json\/wp\/v2\/tags?post=100704"},{"taxonomy":"technique","embeddable":true,"href":"https:\/\/www.iemj.org\/it\/wp-json\/wp\/v2\/technique?post=100704"},{"taxonomy":"squelettes","embeddable":true,"href":"https:\/\/www.iemj.org\/it\/wp-json\/wp\/v2\/squelettes?post=100704"},{"taxonomy":"sujet","embeddable":true,"href":"https:\/\/www.iemj.org\/it\/wp-json\/wp\/v2\/sujet?post=100704"},{"taxonomy":"formation","embeddable":true,"href":"https:\/\/www.iemj.org\/it\/wp-json\/wp\/v2\/formation?post=100704"},{"taxonomy":"genre","embeddable":true,"href":"https:\/\/www.iemj.org\/it\/wp-json\/wp\/v2\/genre?post=100704"},{"taxonomy":"fonds","embeddable":true,"href":"https:\/\/www.iemj.org\/it\/wp-json\/wp\/v2\/fonds?post=100704"},{"taxonomy":"tradition","embeddable":true,"href":"https:\/\/www.iemj.org\/it\/wp-json\/wp\/v2\/tradition?post=100704"},{"taxonomy":"type-de-contenu","embeddable":true,"href":"https:\/\/www.iemj.org\/it\/wp-json\/wp\/v2\/type-de-contenu?post=100704"},{"taxonomy":"interprete-compositeur","embeddable":true,"href":"https:\/\/www.iemj.org\/it\/wp-json\/wp\/v2\/interprete-compositeur?post=100704"},{"taxonomy":"frise","embeddable":true,"href":"https:\/\/www.iemj.org\/it\/wp-json\/wp\/v2\/frise?post=100704"},{"taxonomy":"type-devenement","embeddable":true,"href":"https:\/\/www.iemj.org\/it\/wp-json\/wp\/v2\/type-devenement?post=100704"},{"taxonomy":"tableaux-liens-externes","embeddable":true,"href":"https:\/\/www.iemj.org\/it\/wp-json\/wp\/v2\/tableaux-liens-externes?post=100704"}],"curies":[{"name":"wp","href":"https:\/\/api.w.org\/{rel}","templated":true}]}}