{"id":101114,"date":"2021-09-06T10:16:19","date_gmt":"2021-09-06T08:16:19","guid":{"rendered":"https:\/\/www.iemj.org\/viniciu-moroianu-joue-georges-enesco\/"},"modified":"2025-10-19T18:47:13","modified_gmt":"2025-10-19T16:47:13","slug":"viniciu-moroianu-joue-georges-enesco","status":"publish","type":"post","link":"https:\/\/www.iemj.org\/it\/viniciu-moroianu-joue-georges-enesco\/","title":{"rendered":"Viniciu Moroianu joue Georges Enesco"},"content":{"rendered":"<p>Ecco un magnifico CD dedicato a <a href=\"https:\/\/it.wikipedia.org\/wiki\/George_Enescu\" target=\"_blank\" rel=\"noopener\"><strong>Georges Enesco<\/strong><\/a>, compositore, virtuoso del violino, pianista e direttore d&#8217;orchestra. Registrata nella sua nativa Romania, questa compilation \u00e8 costruita attorno a due pilastri: la <em>sonata per pianoforte n. 3, op. 24<\/em> (1913-1916), e due brani di musica da camera, <em>Trio<\/em> in la minore (1916) e <em>Nocturne Ville d&#8217;Avrayen<\/em> (1898).<\/p>\n<p>Questi ultimi due brani, uno registrato durante un concerto e l&#8217;altro in studio, appaiono per la prima volta in una registrazione sonora. Il <em>Nocturne Ville d&#8217;Avrayen<\/em>, recentemente scoperto in un manoscritto conservato presso l&#8217;Instutul Cultural Rom\u00e2n &#8211; Muzeul National &#8220;George Enescu&#8221;, \u00e8 falsamente datato agli anni 1931-1936 e dedicato alla collaborazione tra Enesco ed Yehudi Menuhin. In realt\u00e0, si tratta di un&#8217;opera giovanile (1898) dedicata a <a href=\"https:\/\/www.iemj.org\/it\/halphen-fernand-1872-1917\/\" target=\"_blank\" rel=\"noopener\">Fernand Halphen<\/a>, suo compagno di corso al Conservatorio di Parigi, nella classe di composizione di Jules Massenet (<a href=\"https:\/\/www.iemj.org\/it\/halphen-fernand-1872-1917\/\" target=\"_blank\" rel=\"noopener\">Per saperne di pi\u00f9 sul <em>Nocturne Ville d&#8217;Avrayen di Enesco<\/em><\/a>).<\/p>\n<p>Il CD include anche tre &#8220;<em>pi\u00e8ces impromptues<\/em>&#8221; op. 18 (&#8220;<em>M\u00e9lodie<\/em>&#8220;, &#8220;<em>Voix de la steppe<\/em>&#8221; e &#8220;<em>Mazurk m\u00e9lancolique<\/em>&#8220;), oltre al brano &#8220;<em>sur le nom de Faur\u00e9<\/em>&#8221; (1922).<\/p>\n<p>\u00c8 interessante notare l&#8217;aneddoto relativo alla creazione del Trio, raccontato nel libretto del CD.<em> &#8220;Nel marzo del 1916, Enesco, che all&#8217;epoca si trovava a Bucarest, fu ricoverato in ospedale, ma con una diagnosi sconosciuta&#8230; In realt\u00e0, durante la sua settimana di degenza, trov\u00f2 l&#8217;energia e l&#8217;occasione per comporre quest&#8217;opera, che si affrett\u00f2 a trascrivere su carta, una versione completa che si pu\u00f2 ascoltare oggi. Il manoscritto fu scoperto quasi 40 anni dopo. [&#8230;]<\/em><\/p>\n<p><em>Questo manoscritto, scritto senza il supporto di un pianoforte, contiene pochissime correzioni, cosa insolita per il compositore. L&#8217;unica spiegazione \u00e8 che Enesco aveva gi\u00e0 l&#8217;intera composizione nella sua eccezionale memoria, l&#8217;aveva pensata nei minimi dettagli ed aspettava solo l&#8217;occasione per metterla su carta. Nessun musicista sarebbe in grado di immaginare e portare a termine un lavoro cos\u00ec complesso, senza correzioni, senza esitazioni, in una sola settimana, un lavoro che richiederebbe appunto una settimana per essere copiato. Sospetto che sia questo il motivo per cui Enesco si fece ricoverare in ospedale, per avere la pace e la tranquillit\u00e0 necessarie a mettere su carta questa composizione a lungo pensata&#8221;.<\/em><\/p>\n<p><a href=\"https:\/\/www.emag.ro\/viniciu-moroianu-george-enescu-piese-pentru-pian-lucrari-camerale-cd-5948205016547\/pd\/DPM6GHBBM\/\" target=\"_blank\" rel=\"noopener\">Ordinare il CD<\/a><\/p>\n<p><a href=\"https:\/\/www.iemj.org\/it\/le-nocturne-ville-davrayen-de-georges-enesco-1881-1955\/\" target=\"_blank\" rel=\"noopener\">Per saperne di pi\u00f9 sul <em>Nocturne Ville d\u2019Avrayen<\/em> de Georges Enesco<\/a><br \/>\n<a href=\"https:\/\/www.iemj.org\/it\/videos-du-concert-de-gala-de-linstitut-europeen-des-musiques-juives-edition-2015\/\" target=\"_blank\" rel=\"noopener\">Guardare estratti del concerto di gala 2015 dell&#8217;IEMJ con l&#8217;esibizione del <em>Nocturne<\/em> Ville d&#8217;Avrayen<\/a><\/p>\n<p><img fetchpriority=\"high\" decoding=\"async\" class=\"wp-image-110609 aligncenter\" src=\"https:\/\/www.iemj.org\/wp-content\/uploads\/2024\/03\/AUDIO-PLAYER-300x39.png\" alt=\"\" width=\"900\" height=\"117\" srcset=\"https:\/\/www.iemj.org\/wp-content\/uploads\/2024\/03\/AUDIO-PLAYER-300x39.png 300w, https:\/\/www.iemj.org\/wp-content\/uploads\/2024\/03\/AUDIO-PLAYER-1024x133.png 1024w, https:\/\/www.iemj.org\/wp-content\/uploads\/2024\/03\/AUDIO-PLAYER-768x100.png 768w, https:\/\/www.iemj.org\/wp-content\/uploads\/2024\/03\/AUDIO-PLAYER-600x78.png 600w, https:\/\/www.iemj.org\/wp-content\/uploads\/2024\/03\/AUDIO-PLAYER.png 1210w\" sizes=\"(max-width: 900px) 100vw, 900px\" \/><\/p>\n","protected":false},"excerpt":{"rendered":"<p>Ecco un magnifico CD dedicato a Georges Enesco, compositore, virtuoso del violino, pianista e direttore d&#8217;orchestra. Registrata nella sua nativa Romania, questa compilation \u00e8 costruita attorno a due pilastri: la<\/p>\n","protected":false},"author":1048,"featured_media":101115,"comment_status":"closed","ping_status":"closed","sticky":false,"template":"","format":"standard","meta":{"_acf_changed":false,"footnotes":""},"categories":[1569,1564],"tags":[3838],"technique":[],"squelettes":[],"sujet":[],"formation":[],"genre":[],"fonds":[],"tradition":[],"type-de-contenu":[],"interprete-compositeur":[],"frise":[],"type-devenement":[],"tableaux-liens-externes":[],"class_list":["post-101114","post","type-post","status-publish","format-standard","has-post-thumbnail","hentry","category-cd-it","category-ultimi-acquisti-it","tag-georges-enesco-it"],"acf":[],"yoast_head":"<!-- This site is optimized with the Yoast SEO plugin v27.3 - https:\/\/yoast.com\/product\/yoast-seo-wordpress\/ -->\n<title>Viniciu Moroianu joue Georges Enesco - Institut Europ\u00e9en des Musiques Juives<\/title>\n<meta name=\"robots\" content=\"index, follow, max-snippet:-1, max-image-preview:large, max-video-preview:-1\" \/>\n<link rel=\"canonical\" href=\"https:\/\/www.iemj.org\/it\/viniciu-moroianu-joue-georges-enesco\/\" \/>\n<meta property=\"og:locale\" content=\"it_IT\" \/>\n<meta property=\"og:type\" content=\"article\" \/>\n<meta property=\"og:title\" content=\"Viniciu Moroianu joue Georges Enesco - Institut Europ\u00e9en des Musiques Juives\" \/>\n<meta property=\"og:description\" content=\"Ecco un magnifico CD dedicato a Georges Enesco, compositore, virtuoso del violino, pianista e direttore d&#8217;orchestra. Registrata nella sua nativa Romania, questa compilation \u00e8 costruita attorno a due pilastri: la\" \/>\n<meta property=\"og:url\" content=\"https:\/\/www.iemj.org\/it\/viniciu-moroianu-joue-georges-enesco\/\" \/>\n<meta property=\"og:site_name\" content=\"Institut Europ\u00e9en des Musiques Juives\" \/>\n<meta property=\"article:publisher\" content=\"https:\/\/www.facebook.com\/MusiquesJuives\/\" \/>\n<meta property=\"article:published_time\" content=\"2021-09-06T08:16:19+00:00\" \/>\n<meta property=\"article:modified_time\" content=\"2025-10-19T16:47:13+00:00\" \/>\n<meta property=\"og:image\" content=\"https:\/\/www.iemj.org\/wp-content\/uploads\/2018\/04\/arton3367.jpg\" \/>\n\t<meta property=\"og:image:width\" content=\"409\" \/>\n\t<meta property=\"og:image:height\" content=\"400\" \/>\n\t<meta property=\"og:image:type\" content=\"image\/jpeg\" \/>\n<meta name=\"author\" content=\"Jean-Gabriel Davis\" \/>\n<meta name=\"twitter:card\" content=\"summary_large_image\" \/>\n<meta name=\"twitter:label1\" content=\"Scritto da\" \/>\n\t<meta name=\"twitter:data1\" content=\"Jean-Gabriel Davis\" \/>\n\t<meta name=\"twitter:label2\" content=\"Tempo di lettura stimato\" \/>\n\t<meta name=\"twitter:data2\" content=\"3 minuti\" \/>\n<script type=\"application\/ld+json\" class=\"yoast-schema-graph\">{\"@context\":\"https:\\\/\\\/schema.org\",\"@graph\":[{\"@type\":\"Article\",\"@id\":\"https:\\\/\\\/www.iemj.org\\\/it\\\/viniciu-moroianu-joue-georges-enesco\\\/#article\",\"isPartOf\":{\"@id\":\"https:\\\/\\\/www.iemj.org\\\/it\\\/viniciu-moroianu-joue-georges-enesco\\\/\"},\"author\":{\"name\":\"Jean-Gabriel Davis\",\"@id\":\"https:\\\/\\\/www.iemj.org\\\/it\\\/#\\\/schema\\\/person\\\/c9bc1c386a3749579a2d675e72a18666\"},\"headline\":\"Viniciu Moroianu joue Georges Enesco\",\"datePublished\":\"2021-09-06T08:16:19+00:00\",\"dateModified\":\"2025-10-19T16:47:13+00:00\",\"mainEntityOfPage\":{\"@id\":\"https:\\\/\\\/www.iemj.org\\\/it\\\/viniciu-moroianu-joue-georges-enesco\\\/\"},\"wordCount\":396,\"publisher\":{\"@id\":\"https:\\\/\\\/www.iemj.org\\\/it\\\/#organization\"},\"image\":{\"@id\":\"https:\\\/\\\/www.iemj.org\\\/it\\\/viniciu-moroianu-joue-georges-enesco\\\/#primaryimage\"},\"thumbnailUrl\":\"https:\\\/\\\/www.iemj.org\\\/wp-content\\\/uploads\\\/2018\\\/04\\\/arton3367.jpg\",\"keywords\":[\"Georges Enesco\"],\"articleSection\":[\"CD\",\"Ultimi acquisti\"],\"inLanguage\":\"it-IT\"},{\"@type\":\"WebPage\",\"@id\":\"https:\\\/\\\/www.iemj.org\\\/it\\\/viniciu-moroianu-joue-georges-enesco\\\/\",\"url\":\"https:\\\/\\\/www.iemj.org\\\/it\\\/viniciu-moroianu-joue-georges-enesco\\\/\",\"name\":\"Viniciu Moroianu joue Georges Enesco - Institut Europ\u00e9en des Musiques Juives\",\"isPartOf\":{\"@id\":\"https:\\\/\\\/www.iemj.org\\\/it\\\/#website\"},\"primaryImageOfPage\":{\"@id\":\"https:\\\/\\\/www.iemj.org\\\/it\\\/viniciu-moroianu-joue-georges-enesco\\\/#primaryimage\"},\"image\":{\"@id\":\"https:\\\/\\\/www.iemj.org\\\/it\\\/viniciu-moroianu-joue-georges-enesco\\\/#primaryimage\"},\"thumbnailUrl\":\"https:\\\/\\\/www.iemj.org\\\/wp-content\\\/uploads\\\/2018\\\/04\\\/arton3367.jpg\",\"datePublished\":\"2021-09-06T08:16:19+00:00\",\"dateModified\":\"2025-10-19T16:47:13+00:00\",\"breadcrumb\":{\"@id\":\"https:\\\/\\\/www.iemj.org\\\/it\\\/viniciu-moroianu-joue-georges-enesco\\\/#breadcrumb\"},\"inLanguage\":\"it-IT\",\"potentialAction\":[{\"@type\":\"ReadAction\",\"target\":[\"https:\\\/\\\/www.iemj.org\\\/it\\\/viniciu-moroianu-joue-georges-enesco\\\/\"]}]},{\"@type\":\"ImageObject\",\"inLanguage\":\"it-IT\",\"@id\":\"https:\\\/\\\/www.iemj.org\\\/it\\\/viniciu-moroianu-joue-georges-enesco\\\/#primaryimage\",\"url\":\"https:\\\/\\\/www.iemj.org\\\/wp-content\\\/uploads\\\/2018\\\/04\\\/arton3367.jpg\",\"contentUrl\":\"https:\\\/\\\/www.iemj.org\\\/wp-content\\\/uploads\\\/2018\\\/04\\\/arton3367.jpg\",\"width\":409,\"height\":400},{\"@type\":\"BreadcrumbList\",\"@id\":\"https:\\\/\\\/www.iemj.org\\\/it\\\/viniciu-moroianu-joue-georges-enesco\\\/#breadcrumb\",\"itemListElement\":[{\"@type\":\"ListItem\",\"position\":1,\"name\":\"Accueil\",\"item\":\"https:\\\/\\\/www.iemj.org\\\/it\\\/\"},{\"@type\":\"ListItem\",\"position\":2,\"name\":\"Viniciu Moroianu joue Georges Enesco\"}]},{\"@type\":\"WebSite\",\"@id\":\"https:\\\/\\\/www.iemj.org\\\/it\\\/#website\",\"url\":\"https:\\\/\\\/www.iemj.org\\\/it\\\/\",\"name\":\"Institut Europ\u00e9en des Musiques Juives\",\"description\":\"Des traditions musicales \u00e0 la port\u00e9e de tous\",\"publisher\":{\"@id\":\"https:\\\/\\\/www.iemj.org\\\/it\\\/#organization\"},\"potentialAction\":[{\"@type\":\"SearchAction\",\"target\":{\"@type\":\"EntryPoint\",\"urlTemplate\":\"https:\\\/\\\/www.iemj.org\\\/it\\\/?s={search_term_string}\"},\"query-input\":{\"@type\":\"PropertyValueSpecification\",\"valueRequired\":true,\"valueName\":\"search_term_string\"}}],\"inLanguage\":\"it-IT\"},{\"@type\":\"Organization\",\"@id\":\"https:\\\/\\\/www.iemj.org\\\/it\\\/#organization\",\"name\":\"Institut Europ\u00e9en des Musiques Juives\",\"url\":\"https:\\\/\\\/www.iemj.org\\\/it\\\/\",\"logo\":{\"@type\":\"ImageObject\",\"inLanguage\":\"it-IT\",\"@id\":\"https:\\\/\\\/www.iemj.org\\\/it\\\/#\\\/schema\\\/logo\\\/image\\\/\",\"url\":\"https:\\\/\\\/www.iemj.org\\\/wp-content\\\/uploads\\\/2021\\\/09\\\/Logo-IEMJ-Paypal.jpg\",\"contentUrl\":\"https:\\\/\\\/www.iemj.org\\\/wp-content\\\/uploads\\\/2021\\\/09\\\/Logo-IEMJ-Paypal.jpg\",\"width\":150,\"height\":50,\"caption\":\"Institut Europ\u00e9en des Musiques Juives\"},\"image\":{\"@id\":\"https:\\\/\\\/www.iemj.org\\\/it\\\/#\\\/schema\\\/logo\\\/image\\\/\"},\"sameAs\":[\"https:\\\/\\\/www.facebook.com\\\/MusiquesJuives\\\/\",\"https:\\\/\\\/www.instagram.com\\\/musiquesjuives\\\/\",\"https:\\\/\\\/www.youtube.com\\\/user\\\/musiquesjuives\"]},{\"@type\":\"Person\",\"@id\":\"https:\\\/\\\/www.iemj.org\\\/it\\\/#\\\/schema\\\/person\\\/c9bc1c386a3749579a2d675e72a18666\",\"name\":\"Jean-Gabriel Davis\",\"image\":{\"@type\":\"ImageObject\",\"inLanguage\":\"it-IT\",\"@id\":\"https:\\\/\\\/secure.gravatar.com\\\/avatar\\\/2b90d67bdf392c9b3a21fab87c0fa7edaf1fb3a058172a1ffd61033fcec7aec1?s=96&d=mm&r=g\",\"url\":\"https:\\\/\\\/secure.gravatar.com\\\/avatar\\\/2b90d67bdf392c9b3a21fab87c0fa7edaf1fb3a058172a1ffd61033fcec7aec1?s=96&d=mm&r=g\",\"contentUrl\":\"https:\\\/\\\/secure.gravatar.com\\\/avatar\\\/2b90d67bdf392c9b3a21fab87c0fa7edaf1fb3a058172a1ffd61033fcec7aec1?s=96&d=mm&r=g\",\"caption\":\"Jean-Gabriel Davis\"}}]}<\/script>\n<!-- \/ Yoast SEO plugin. -->","yoast_head_json":{"title":"Viniciu Moroianu joue Georges Enesco - Institut Europ\u00e9en des Musiques Juives","robots":{"index":"index","follow":"follow","max-snippet":"max-snippet:-1","max-image-preview":"max-image-preview:large","max-video-preview":"max-video-preview:-1"},"canonical":"https:\/\/www.iemj.org\/it\/viniciu-moroianu-joue-georges-enesco\/","og_locale":"it_IT","og_type":"article","og_title":"Viniciu Moroianu joue Georges Enesco - Institut Europ\u00e9en des Musiques Juives","og_description":"Ecco un magnifico CD dedicato a Georges Enesco, compositore, virtuoso del violino, pianista e direttore d&#8217;orchestra. Registrata nella sua nativa Romania, questa compilation \u00e8 costruita attorno a due pilastri: la","og_url":"https:\/\/www.iemj.org\/it\/viniciu-moroianu-joue-georges-enesco\/","og_site_name":"Institut Europ\u00e9en des Musiques Juives","article_publisher":"https:\/\/www.facebook.com\/MusiquesJuives\/","article_published_time":"2021-09-06T08:16:19+00:00","article_modified_time":"2025-10-19T16:47:13+00:00","og_image":[{"width":409,"height":400,"url":"https:\/\/www.iemj.org\/wp-content\/uploads\/2018\/04\/arton3367.jpg","type":"image\/jpeg"}],"author":"Jean-Gabriel Davis","twitter_card":"summary_large_image","twitter_misc":{"Scritto da":"Jean-Gabriel Davis","Tempo di lettura stimato":"3 minuti"},"schema":{"@context":"https:\/\/schema.org","@graph":[{"@type":"Article","@id":"https:\/\/www.iemj.org\/it\/viniciu-moroianu-joue-georges-enesco\/#article","isPartOf":{"@id":"https:\/\/www.iemj.org\/it\/viniciu-moroianu-joue-georges-enesco\/"},"author":{"name":"Jean-Gabriel Davis","@id":"https:\/\/www.iemj.org\/it\/#\/schema\/person\/c9bc1c386a3749579a2d675e72a18666"},"headline":"Viniciu Moroianu joue Georges Enesco","datePublished":"2021-09-06T08:16:19+00:00","dateModified":"2025-10-19T16:47:13+00:00","mainEntityOfPage":{"@id":"https:\/\/www.iemj.org\/it\/viniciu-moroianu-joue-georges-enesco\/"},"wordCount":396,"publisher":{"@id":"https:\/\/www.iemj.org\/it\/#organization"},"image":{"@id":"https:\/\/www.iemj.org\/it\/viniciu-moroianu-joue-georges-enesco\/#primaryimage"},"thumbnailUrl":"https:\/\/www.iemj.org\/wp-content\/uploads\/2018\/04\/arton3367.jpg","keywords":["Georges Enesco"],"articleSection":["CD","Ultimi acquisti"],"inLanguage":"it-IT"},{"@type":"WebPage","@id":"https:\/\/www.iemj.org\/it\/viniciu-moroianu-joue-georges-enesco\/","url":"https:\/\/www.iemj.org\/it\/viniciu-moroianu-joue-georges-enesco\/","name":"Viniciu Moroianu joue Georges Enesco - Institut Europ\u00e9en des Musiques Juives","isPartOf":{"@id":"https:\/\/www.iemj.org\/it\/#website"},"primaryImageOfPage":{"@id":"https:\/\/www.iemj.org\/it\/viniciu-moroianu-joue-georges-enesco\/#primaryimage"},"image":{"@id":"https:\/\/www.iemj.org\/it\/viniciu-moroianu-joue-georges-enesco\/#primaryimage"},"thumbnailUrl":"https:\/\/www.iemj.org\/wp-content\/uploads\/2018\/04\/arton3367.jpg","datePublished":"2021-09-06T08:16:19+00:00","dateModified":"2025-10-19T16:47:13+00:00","breadcrumb":{"@id":"https:\/\/www.iemj.org\/it\/viniciu-moroianu-joue-georges-enesco\/#breadcrumb"},"inLanguage":"it-IT","potentialAction":[{"@type":"ReadAction","target":["https:\/\/www.iemj.org\/it\/viniciu-moroianu-joue-georges-enesco\/"]}]},{"@type":"ImageObject","inLanguage":"it-IT","@id":"https:\/\/www.iemj.org\/it\/viniciu-moroianu-joue-georges-enesco\/#primaryimage","url":"https:\/\/www.iemj.org\/wp-content\/uploads\/2018\/04\/arton3367.jpg","contentUrl":"https:\/\/www.iemj.org\/wp-content\/uploads\/2018\/04\/arton3367.jpg","width":409,"height":400},{"@type":"BreadcrumbList","@id":"https:\/\/www.iemj.org\/it\/viniciu-moroianu-joue-georges-enesco\/#breadcrumb","itemListElement":[{"@type":"ListItem","position":1,"name":"Accueil","item":"https:\/\/www.iemj.org\/it\/"},{"@type":"ListItem","position":2,"name":"Viniciu Moroianu joue Georges Enesco"}]},{"@type":"WebSite","@id":"https:\/\/www.iemj.org\/it\/#website","url":"https:\/\/www.iemj.org\/it\/","name":"Institut Europ\u00e9en des Musiques Juives","description":"Des traditions musicales \u00e0 la port\u00e9e de tous","publisher":{"@id":"https:\/\/www.iemj.org\/it\/#organization"},"potentialAction":[{"@type":"SearchAction","target":{"@type":"EntryPoint","urlTemplate":"https:\/\/www.iemj.org\/it\/?s={search_term_string}"},"query-input":{"@type":"PropertyValueSpecification","valueRequired":true,"valueName":"search_term_string"}}],"inLanguage":"it-IT"},{"@type":"Organization","@id":"https:\/\/www.iemj.org\/it\/#organization","name":"Institut Europ\u00e9en des Musiques Juives","url":"https:\/\/www.iemj.org\/it\/","logo":{"@type":"ImageObject","inLanguage":"it-IT","@id":"https:\/\/www.iemj.org\/it\/#\/schema\/logo\/image\/","url":"https:\/\/www.iemj.org\/wp-content\/uploads\/2021\/09\/Logo-IEMJ-Paypal.jpg","contentUrl":"https:\/\/www.iemj.org\/wp-content\/uploads\/2021\/09\/Logo-IEMJ-Paypal.jpg","width":150,"height":50,"caption":"Institut Europ\u00e9en des Musiques Juives"},"image":{"@id":"https:\/\/www.iemj.org\/it\/#\/schema\/logo\/image\/"},"sameAs":["https:\/\/www.facebook.com\/MusiquesJuives\/","https:\/\/www.instagram.com\/musiquesjuives\/","https:\/\/www.youtube.com\/user\/musiquesjuives"]},{"@type":"Person","@id":"https:\/\/www.iemj.org\/it\/#\/schema\/person\/c9bc1c386a3749579a2d675e72a18666","name":"Jean-Gabriel Davis","image":{"@type":"ImageObject","inLanguage":"it-IT","@id":"https:\/\/secure.gravatar.com\/avatar\/2b90d67bdf392c9b3a21fab87c0fa7edaf1fb3a058172a1ffd61033fcec7aec1?s=96&d=mm&r=g","url":"https:\/\/secure.gravatar.com\/avatar\/2b90d67bdf392c9b3a21fab87c0fa7edaf1fb3a058172a1ffd61033fcec7aec1?s=96&d=mm&r=g","contentUrl":"https:\/\/secure.gravatar.com\/avatar\/2b90d67bdf392c9b3a21fab87c0fa7edaf1fb3a058172a1ffd61033fcec7aec1?s=96&d=mm&r=g","caption":"Jean-Gabriel Davis"}}]}},"_links":{"self":[{"href":"https:\/\/www.iemj.org\/it\/wp-json\/wp\/v2\/posts\/101114","targetHints":{"allow":["GET"]}}],"collection":[{"href":"https:\/\/www.iemj.org\/it\/wp-json\/wp\/v2\/posts"}],"about":[{"href":"https:\/\/www.iemj.org\/it\/wp-json\/wp\/v2\/types\/post"}],"author":[{"embeddable":true,"href":"https:\/\/www.iemj.org\/it\/wp-json\/wp\/v2\/users\/1048"}],"replies":[{"embeddable":true,"href":"https:\/\/www.iemj.org\/it\/wp-json\/wp\/v2\/comments?post=101114"}],"version-history":[{"count":1,"href":"https:\/\/www.iemj.org\/it\/wp-json\/wp\/v2\/posts\/101114\/revisions"}],"predecessor-version":[{"id":127225,"href":"https:\/\/www.iemj.org\/it\/wp-json\/wp\/v2\/posts\/101114\/revisions\/127225"}],"wp:featuredmedia":[{"embeddable":true,"href":"https:\/\/www.iemj.org\/it\/wp-json\/wp\/v2\/media\/101115"}],"wp:attachment":[{"href":"https:\/\/www.iemj.org\/it\/wp-json\/wp\/v2\/media?parent=101114"}],"wp:term":[{"taxonomy":"category","embeddable":true,"href":"https:\/\/www.iemj.org\/it\/wp-json\/wp\/v2\/categories?post=101114"},{"taxonomy":"post_tag","embeddable":true,"href":"https:\/\/www.iemj.org\/it\/wp-json\/wp\/v2\/tags?post=101114"},{"taxonomy":"technique","embeddable":true,"href":"https:\/\/www.iemj.org\/it\/wp-json\/wp\/v2\/technique?post=101114"},{"taxonomy":"squelettes","embeddable":true,"href":"https:\/\/www.iemj.org\/it\/wp-json\/wp\/v2\/squelettes?post=101114"},{"taxonomy":"sujet","embeddable":true,"href":"https:\/\/www.iemj.org\/it\/wp-json\/wp\/v2\/sujet?post=101114"},{"taxonomy":"formation","embeddable":true,"href":"https:\/\/www.iemj.org\/it\/wp-json\/wp\/v2\/formation?post=101114"},{"taxonomy":"genre","embeddable":true,"href":"https:\/\/www.iemj.org\/it\/wp-json\/wp\/v2\/genre?post=101114"},{"taxonomy":"fonds","embeddable":true,"href":"https:\/\/www.iemj.org\/it\/wp-json\/wp\/v2\/fonds?post=101114"},{"taxonomy":"tradition","embeddable":true,"href":"https:\/\/www.iemj.org\/it\/wp-json\/wp\/v2\/tradition?post=101114"},{"taxonomy":"type-de-contenu","embeddable":true,"href":"https:\/\/www.iemj.org\/it\/wp-json\/wp\/v2\/type-de-contenu?post=101114"},{"taxonomy":"interprete-compositeur","embeddable":true,"href":"https:\/\/www.iemj.org\/it\/wp-json\/wp\/v2\/interprete-compositeur?post=101114"},{"taxonomy":"frise","embeddable":true,"href":"https:\/\/www.iemj.org\/it\/wp-json\/wp\/v2\/frise?post=101114"},{"taxonomy":"type-devenement","embeddable":true,"href":"https:\/\/www.iemj.org\/it\/wp-json\/wp\/v2\/type-devenement?post=101114"},{"taxonomy":"tableaux-liens-externes","embeddable":true,"href":"https:\/\/www.iemj.org\/it\/wp-json\/wp\/v2\/tableaux-liens-externes?post=101114"}],"curies":[{"name":"wp","href":"https:\/\/api.w.org\/{rel}","templated":true}]}}