{"id":101518,"date":"2011-04-20T18:55:00","date_gmt":"2011-04-20T16:55:00","guid":{"rendered":"https:\/\/www.iemj.org\/formation-des-maitres-de-musique-de-la-ville-de-paris-2011-2\/"},"modified":"2023-08-30T11:20:50","modified_gmt":"2023-08-30T09:20:50","slug":"formation-des-maitres-de-musique-de-la-ville-de-paris-2011-2","status":"publish","type":"post","link":"https:\/\/www.iemj.org\/it\/formation-des-maitres-de-musique-de-la-ville-de-paris-2011-2\/","title":{"rendered":"WORKSHOP KLEZMER E NIGGUN HASSIDICO &#8211; DAVID LEFEBVRE"},"content":{"rendered":"\n<p>Il 17 gennaio 2011, il CFMJ (ora <em>Istituto Europeo di Musiche Ebraiche<\/em>) ha organizzato un corso di formazione di un giorno per insegnanti di musica della citt\u00e0 di Parigi. La giornata ha offerto un ampio panorama della storia delle musiche ebraiche con una conferenza di Herv\u00e9 Roten seguita da un atelier d\u2019improvvisazione vocale e\/o strumentale (Niggun hassidici<a>, klezmer) condotto da David Lefebvre del gruppo&nbsp;<\/a><a href=\"http:\/\/www.glik.fr\/Glik.html\" target=\"_blank\" rel=\"noreferrer noopener\">Glik<\/a>.<\/p>\n\n\n\n<!--more-->\n\n\n\n<p><strong>Visionare un estratto dell\u2019atelier klezmer condotto da David Lefebvre<\/strong><\/p>\n\n\n\n<figure class=\"wp-block-video\"><video controls src=\"https:\/\/www.iemj.org\/wp-content\/uploads\/2016\/02\/cfmjatelierklezmerlefebvre20110117.mp4\"><\/video><\/figure>\n\n\n<p><strong>Programma della giornata del 17 gennaio 2011:<\/strong><\/p>\n<p><strong><span style=\"font-family: Roboto; color: #171717;\">Mattina (9:00-12:00)<\/span><\/strong><\/p>\n<ul>\n<li>9:00: Accoglienza dei partecipanti e proiezione di un breve filmato di presentazione del Centro Francese per la Musiche Ebraiche<\/li>\n<li>9:30: Conferenza \u201cAlla scoperta delle musiche ebraiche\u201d di Herv\u00e9 Roten<\/li>\n<li>11:30: Domande \/ scambi sulle musiche ebraiche<\/li>\n<\/ul>\n<p><strong><span style=\"font-family: Roboto; color: #171717;\">Pomeriggio (13:30-16:30)<\/span><\/strong><\/p>\n<p><strong>Atelier \u201cMusiche ebraiche dell\u2019Europa orientale (Klezmer e canto hassidico)\u201d<\/strong><\/p>\n<ul>\n<li>13:30: Introduzione alla musica klezmer, musica strumentale degli ebrei dell\u2019Europa orientale (Herv\u00e9 Roten)<\/li>\n<li>14:30: Atelier sulle pratiche vocali e\/o strumentali (Niggoun hassidico, klezmer) (David Lefebvre)<\/li>\n<li>16:30: fine della formazione<\/li>\n<\/ul>","protected":false},"excerpt":{"rendered":"<p>Il 17 gennaio 2011, il CFMJ (ora Istituto Europeo di Musiche Ebraiche) ha organizzato un corso di formazione di un giorno per insegnanti di musica della citt\u00e0 di Parigi. La<\/p>\n","protected":false},"author":1045,"featured_media":90820,"comment_status":"closed","ping_status":"closed","sticky":false,"template":"","format":"standard","meta":{"_acf_changed":false,"footnotes":""},"categories":[1419],"tags":[2224],"technique":[],"squelettes":[],"sujet":[],"formation":[],"genre":[1874],"fonds":[],"tradition":[],"type-de-contenu":[],"interprete-compositeur":[],"frise":[],"type-devenement":[],"tableaux-liens-externes":[],"class_list":["post-101518","post","type-post","status-publish","format-standard","has-post-thumbnail","hentry","category-corsi-conferenze-2-it","tag-eventi-iemj-it","genre-klezmer-it"],"acf":[],"yoast_head":"<!-- This site is optimized with the Yoast SEO plugin v27.3 - https:\/\/yoast.com\/product\/yoast-seo-wordpress\/ -->\n<title>WORKSHOP KLEZMER E NIGGUN HASSIDICO - DAVID LEFEBVRE - Institut Europ\u00e9en des Musiques Juives<\/title>\n<meta name=\"robots\" content=\"index, follow, max-snippet:-1, max-image-preview:large, max-video-preview:-1\" \/>\n<link rel=\"canonical\" href=\"https:\/\/www.iemj.org\/it\/formation-des-maitres-de-musique-de-la-ville-de-paris-2011-2\/\" \/>\n<meta property=\"og:locale\" content=\"it_IT\" \/>\n<meta property=\"og:type\" content=\"article\" \/>\n<meta property=\"og:title\" content=\"WORKSHOP KLEZMER E NIGGUN HASSIDICO - DAVID LEFEBVRE - Institut Europ\u00e9en des Musiques Juives\" \/>\n<meta property=\"og:description\" content=\"Il 17 gennaio 2011, il CFMJ (ora Istituto Europeo di Musiche Ebraiche) ha organizzato un corso di formazione di un giorno per insegnanti di musica della citt\u00e0 di Parigi. La\" \/>\n<meta property=\"og:url\" content=\"https:\/\/www.iemj.org\/it\/formation-des-maitres-de-musique-de-la-ville-de-paris-2011-2\/\" \/>\n<meta property=\"og:site_name\" content=\"Institut Europ\u00e9en des Musiques Juives\" \/>\n<meta property=\"article:publisher\" content=\"https:\/\/www.facebook.com\/MusiquesJuives\/\" \/>\n<meta property=\"article:published_time\" content=\"2011-04-20T16:55:00+00:00\" \/>\n<meta property=\"article:modified_time\" content=\"2023-08-30T09:20:50+00:00\" \/>\n<meta property=\"og:image\" content=\"https:\/\/www.iemj.org\/wp-content\/uploads\/2011\/04\/arton172-e1620148887608.jpg\" \/>\n\t<meta property=\"og:image:width\" content=\"350\" \/>\n\t<meta property=\"og:image:height\" content=\"337\" \/>\n\t<meta property=\"og:image:type\" content=\"image\/jpeg\" \/>\n<meta name=\"author\" content=\"Herv\u00e9 Roten\" \/>\n<meta name=\"twitter:card\" content=\"summary_large_image\" \/>\n<meta name=\"twitter:label1\" content=\"Scritto da\" \/>\n\t<meta name=\"twitter:data1\" content=\"Herv\u00e9 Roten\" \/>\n\t<meta name=\"twitter:label2\" content=\"Tempo di lettura stimato\" \/>\n\t<meta name=\"twitter:data2\" content=\"1 minuto\" \/>\n<script type=\"application\/ld+json\" class=\"yoast-schema-graph\">{\"@context\":\"https:\\\/\\\/schema.org\",\"@graph\":[{\"@type\":\"Article\",\"@id\":\"https:\\\/\\\/www.iemj.org\\\/it\\\/formation-des-maitres-de-musique-de-la-ville-de-paris-2011-2\\\/#article\",\"isPartOf\":{\"@id\":\"https:\\\/\\\/www.iemj.org\\\/it\\\/formation-des-maitres-de-musique-de-la-ville-de-paris-2011-2\\\/\"},\"author\":{\"name\":\"Herv\u00e9 Roten\",\"@id\":\"https:\\\/\\\/www.iemj.org\\\/it\\\/#\\\/schema\\\/person\\\/906134402c29d5c76e7b726261dd4bbd\"},\"headline\":\"WORKSHOP KLEZMER E NIGGUN HASSIDICO &#8211; DAVID LEFEBVRE\",\"datePublished\":\"2011-04-20T16:55:00+00:00\",\"dateModified\":\"2023-08-30T09:20:50+00:00\",\"mainEntityOfPage\":{\"@id\":\"https:\\\/\\\/www.iemj.org\\\/it\\\/formation-des-maitres-de-musique-de-la-ville-de-paris-2011-2\\\/\"},\"wordCount\":163,\"publisher\":{\"@id\":\"https:\\\/\\\/www.iemj.org\\\/it\\\/#organization\"},\"image\":{\"@id\":\"https:\\\/\\\/www.iemj.org\\\/it\\\/formation-des-maitres-de-musique-de-la-ville-de-paris-2011-2\\\/#primaryimage\"},\"thumbnailUrl\":\"https:\\\/\\\/www.iemj.org\\\/wp-content\\\/uploads\\\/2011\\\/04\\\/arton172-e1620148887608.jpg\",\"keywords\":[\"Eventi IEMJ\"],\"articleSection\":[\"Corsi \\\/ Conferenze\"],\"inLanguage\":\"it-IT\"},{\"@type\":\"WebPage\",\"@id\":\"https:\\\/\\\/www.iemj.org\\\/it\\\/formation-des-maitres-de-musique-de-la-ville-de-paris-2011-2\\\/\",\"url\":\"https:\\\/\\\/www.iemj.org\\\/it\\\/formation-des-maitres-de-musique-de-la-ville-de-paris-2011-2\\\/\",\"name\":\"WORKSHOP KLEZMER E NIGGUN HASSIDICO - DAVID LEFEBVRE - Institut Europ\u00e9en des Musiques Juives\",\"isPartOf\":{\"@id\":\"https:\\\/\\\/www.iemj.org\\\/it\\\/#website\"},\"primaryImageOfPage\":{\"@id\":\"https:\\\/\\\/www.iemj.org\\\/it\\\/formation-des-maitres-de-musique-de-la-ville-de-paris-2011-2\\\/#primaryimage\"},\"image\":{\"@id\":\"https:\\\/\\\/www.iemj.org\\\/it\\\/formation-des-maitres-de-musique-de-la-ville-de-paris-2011-2\\\/#primaryimage\"},\"thumbnailUrl\":\"https:\\\/\\\/www.iemj.org\\\/wp-content\\\/uploads\\\/2011\\\/04\\\/arton172-e1620148887608.jpg\",\"datePublished\":\"2011-04-20T16:55:00+00:00\",\"dateModified\":\"2023-08-30T09:20:50+00:00\",\"breadcrumb\":{\"@id\":\"https:\\\/\\\/www.iemj.org\\\/it\\\/formation-des-maitres-de-musique-de-la-ville-de-paris-2011-2\\\/#breadcrumb\"},\"inLanguage\":\"it-IT\",\"potentialAction\":[{\"@type\":\"ReadAction\",\"target\":[\"https:\\\/\\\/www.iemj.org\\\/it\\\/formation-des-maitres-de-musique-de-la-ville-de-paris-2011-2\\\/\"]}]},{\"@type\":\"ImageObject\",\"inLanguage\":\"it-IT\",\"@id\":\"https:\\\/\\\/www.iemj.org\\\/it\\\/formation-des-maitres-de-musique-de-la-ville-de-paris-2011-2\\\/#primaryimage\",\"url\":\"https:\\\/\\\/www.iemj.org\\\/wp-content\\\/uploads\\\/2011\\\/04\\\/arton172-e1620148887608.jpg\",\"contentUrl\":\"https:\\\/\\\/www.iemj.org\\\/wp-content\\\/uploads\\\/2011\\\/04\\\/arton172-e1620148887608.jpg\",\"width\":350,\"height\":337},{\"@type\":\"BreadcrumbList\",\"@id\":\"https:\\\/\\\/www.iemj.org\\\/it\\\/formation-des-maitres-de-musique-de-la-ville-de-paris-2011-2\\\/#breadcrumb\",\"itemListElement\":[{\"@type\":\"ListItem\",\"position\":1,\"name\":\"Accueil\",\"item\":\"https:\\\/\\\/www.iemj.org\\\/it\\\/\"},{\"@type\":\"ListItem\",\"position\":2,\"name\":\"WORKSHOP KLEZMER E NIGGUN HASSIDICO &#8211; DAVID LEFEBVRE\"}]},{\"@type\":\"WebSite\",\"@id\":\"https:\\\/\\\/www.iemj.org\\\/it\\\/#website\",\"url\":\"https:\\\/\\\/www.iemj.org\\\/it\\\/\",\"name\":\"Institut Europ\u00e9en des Musiques Juives\",\"description\":\"Des traditions musicales \u00e0 la port\u00e9e de tous\",\"publisher\":{\"@id\":\"https:\\\/\\\/www.iemj.org\\\/it\\\/#organization\"},\"potentialAction\":[{\"@type\":\"SearchAction\",\"target\":{\"@type\":\"EntryPoint\",\"urlTemplate\":\"https:\\\/\\\/www.iemj.org\\\/it\\\/?s={search_term_string}\"},\"query-input\":{\"@type\":\"PropertyValueSpecification\",\"valueRequired\":true,\"valueName\":\"search_term_string\"}}],\"inLanguage\":\"it-IT\"},{\"@type\":\"Organization\",\"@id\":\"https:\\\/\\\/www.iemj.org\\\/it\\\/#organization\",\"name\":\"Institut Europ\u00e9en des Musiques Juives\",\"url\":\"https:\\\/\\\/www.iemj.org\\\/it\\\/\",\"logo\":{\"@type\":\"ImageObject\",\"inLanguage\":\"it-IT\",\"@id\":\"https:\\\/\\\/www.iemj.org\\\/it\\\/#\\\/schema\\\/logo\\\/image\\\/\",\"url\":\"https:\\\/\\\/www.iemj.org\\\/wp-content\\\/uploads\\\/2021\\\/09\\\/Logo-IEMJ-Paypal.jpg\",\"contentUrl\":\"https:\\\/\\\/www.iemj.org\\\/wp-content\\\/uploads\\\/2021\\\/09\\\/Logo-IEMJ-Paypal.jpg\",\"width\":150,\"height\":50,\"caption\":\"Institut Europ\u00e9en des Musiques Juives\"},\"image\":{\"@id\":\"https:\\\/\\\/www.iemj.org\\\/it\\\/#\\\/schema\\\/logo\\\/image\\\/\"},\"sameAs\":[\"https:\\\/\\\/www.facebook.com\\\/MusiquesJuives\\\/\",\"https:\\\/\\\/www.instagram.com\\\/musiquesjuives\\\/\",\"https:\\\/\\\/www.youtube.com\\\/user\\\/musiquesjuives\"]},{\"@type\":\"Person\",\"@id\":\"https:\\\/\\\/www.iemj.org\\\/it\\\/#\\\/schema\\\/person\\\/906134402c29d5c76e7b726261dd4bbd\",\"name\":\"Herv\u00e9 Roten\",\"image\":{\"@type\":\"ImageObject\",\"inLanguage\":\"it-IT\",\"@id\":\"https:\\\/\\\/secure.gravatar.com\\\/avatar\\\/f96ad2db538a26481f18384936b5cd0610c92d390c4dc382209216d455f685ff?s=96&d=mm&r=g\",\"url\":\"https:\\\/\\\/secure.gravatar.com\\\/avatar\\\/f96ad2db538a26481f18384936b5cd0610c92d390c4dc382209216d455f685ff?s=96&d=mm&r=g\",\"contentUrl\":\"https:\\\/\\\/secure.gravatar.com\\\/avatar\\\/f96ad2db538a26481f18384936b5cd0610c92d390c4dc382209216d455f685ff?s=96&d=mm&r=g\",\"caption\":\"Herv\u00e9 Roten\"}}]}<\/script>\n<!-- \/ Yoast SEO plugin. -->","yoast_head_json":{"title":"WORKSHOP KLEZMER E NIGGUN HASSIDICO - DAVID LEFEBVRE - Institut Europ\u00e9en des Musiques Juives","robots":{"index":"index","follow":"follow","max-snippet":"max-snippet:-1","max-image-preview":"max-image-preview:large","max-video-preview":"max-video-preview:-1"},"canonical":"https:\/\/www.iemj.org\/it\/formation-des-maitres-de-musique-de-la-ville-de-paris-2011-2\/","og_locale":"it_IT","og_type":"article","og_title":"WORKSHOP KLEZMER E NIGGUN HASSIDICO - DAVID LEFEBVRE - Institut Europ\u00e9en des Musiques Juives","og_description":"Il 17 gennaio 2011, il CFMJ (ora Istituto Europeo di Musiche Ebraiche) ha organizzato un corso di formazione di un giorno per insegnanti di musica della citt\u00e0 di Parigi. La","og_url":"https:\/\/www.iemj.org\/it\/formation-des-maitres-de-musique-de-la-ville-de-paris-2011-2\/","og_site_name":"Institut Europ\u00e9en des Musiques Juives","article_publisher":"https:\/\/www.facebook.com\/MusiquesJuives\/","article_published_time":"2011-04-20T16:55:00+00:00","article_modified_time":"2023-08-30T09:20:50+00:00","og_image":[{"width":350,"height":337,"url":"https:\/\/www.iemj.org\/wp-content\/uploads\/2011\/04\/arton172-e1620148887608.jpg","type":"image\/jpeg"}],"author":"Herv\u00e9 Roten","twitter_card":"summary_large_image","twitter_misc":{"Scritto da":"Herv\u00e9 Roten","Tempo di lettura stimato":"1 minuto"},"schema":{"@context":"https:\/\/schema.org","@graph":[{"@type":"Article","@id":"https:\/\/www.iemj.org\/it\/formation-des-maitres-de-musique-de-la-ville-de-paris-2011-2\/#article","isPartOf":{"@id":"https:\/\/www.iemj.org\/it\/formation-des-maitres-de-musique-de-la-ville-de-paris-2011-2\/"},"author":{"name":"Herv\u00e9 Roten","@id":"https:\/\/www.iemj.org\/it\/#\/schema\/person\/906134402c29d5c76e7b726261dd4bbd"},"headline":"WORKSHOP KLEZMER E NIGGUN HASSIDICO &#8211; DAVID LEFEBVRE","datePublished":"2011-04-20T16:55:00+00:00","dateModified":"2023-08-30T09:20:50+00:00","mainEntityOfPage":{"@id":"https:\/\/www.iemj.org\/it\/formation-des-maitres-de-musique-de-la-ville-de-paris-2011-2\/"},"wordCount":163,"publisher":{"@id":"https:\/\/www.iemj.org\/it\/#organization"},"image":{"@id":"https:\/\/www.iemj.org\/it\/formation-des-maitres-de-musique-de-la-ville-de-paris-2011-2\/#primaryimage"},"thumbnailUrl":"https:\/\/www.iemj.org\/wp-content\/uploads\/2011\/04\/arton172-e1620148887608.jpg","keywords":["Eventi IEMJ"],"articleSection":["Corsi \/ Conferenze"],"inLanguage":"it-IT"},{"@type":"WebPage","@id":"https:\/\/www.iemj.org\/it\/formation-des-maitres-de-musique-de-la-ville-de-paris-2011-2\/","url":"https:\/\/www.iemj.org\/it\/formation-des-maitres-de-musique-de-la-ville-de-paris-2011-2\/","name":"WORKSHOP KLEZMER E NIGGUN HASSIDICO - DAVID LEFEBVRE - Institut Europ\u00e9en des Musiques Juives","isPartOf":{"@id":"https:\/\/www.iemj.org\/it\/#website"},"primaryImageOfPage":{"@id":"https:\/\/www.iemj.org\/it\/formation-des-maitres-de-musique-de-la-ville-de-paris-2011-2\/#primaryimage"},"image":{"@id":"https:\/\/www.iemj.org\/it\/formation-des-maitres-de-musique-de-la-ville-de-paris-2011-2\/#primaryimage"},"thumbnailUrl":"https:\/\/www.iemj.org\/wp-content\/uploads\/2011\/04\/arton172-e1620148887608.jpg","datePublished":"2011-04-20T16:55:00+00:00","dateModified":"2023-08-30T09:20:50+00:00","breadcrumb":{"@id":"https:\/\/www.iemj.org\/it\/formation-des-maitres-de-musique-de-la-ville-de-paris-2011-2\/#breadcrumb"},"inLanguage":"it-IT","potentialAction":[{"@type":"ReadAction","target":["https:\/\/www.iemj.org\/it\/formation-des-maitres-de-musique-de-la-ville-de-paris-2011-2\/"]}]},{"@type":"ImageObject","inLanguage":"it-IT","@id":"https:\/\/www.iemj.org\/it\/formation-des-maitres-de-musique-de-la-ville-de-paris-2011-2\/#primaryimage","url":"https:\/\/www.iemj.org\/wp-content\/uploads\/2011\/04\/arton172-e1620148887608.jpg","contentUrl":"https:\/\/www.iemj.org\/wp-content\/uploads\/2011\/04\/arton172-e1620148887608.jpg","width":350,"height":337},{"@type":"BreadcrumbList","@id":"https:\/\/www.iemj.org\/it\/formation-des-maitres-de-musique-de-la-ville-de-paris-2011-2\/#breadcrumb","itemListElement":[{"@type":"ListItem","position":1,"name":"Accueil","item":"https:\/\/www.iemj.org\/it\/"},{"@type":"ListItem","position":2,"name":"WORKSHOP KLEZMER E NIGGUN HASSIDICO &#8211; DAVID LEFEBVRE"}]},{"@type":"WebSite","@id":"https:\/\/www.iemj.org\/it\/#website","url":"https:\/\/www.iemj.org\/it\/","name":"Institut Europ\u00e9en des Musiques Juives","description":"Des traditions musicales \u00e0 la port\u00e9e de tous","publisher":{"@id":"https:\/\/www.iemj.org\/it\/#organization"},"potentialAction":[{"@type":"SearchAction","target":{"@type":"EntryPoint","urlTemplate":"https:\/\/www.iemj.org\/it\/?s={search_term_string}"},"query-input":{"@type":"PropertyValueSpecification","valueRequired":true,"valueName":"search_term_string"}}],"inLanguage":"it-IT"},{"@type":"Organization","@id":"https:\/\/www.iemj.org\/it\/#organization","name":"Institut Europ\u00e9en des Musiques Juives","url":"https:\/\/www.iemj.org\/it\/","logo":{"@type":"ImageObject","inLanguage":"it-IT","@id":"https:\/\/www.iemj.org\/it\/#\/schema\/logo\/image\/","url":"https:\/\/www.iemj.org\/wp-content\/uploads\/2021\/09\/Logo-IEMJ-Paypal.jpg","contentUrl":"https:\/\/www.iemj.org\/wp-content\/uploads\/2021\/09\/Logo-IEMJ-Paypal.jpg","width":150,"height":50,"caption":"Institut Europ\u00e9en des Musiques Juives"},"image":{"@id":"https:\/\/www.iemj.org\/it\/#\/schema\/logo\/image\/"},"sameAs":["https:\/\/www.facebook.com\/MusiquesJuives\/","https:\/\/www.instagram.com\/musiquesjuives\/","https:\/\/www.youtube.com\/user\/musiquesjuives"]},{"@type":"Person","@id":"https:\/\/www.iemj.org\/it\/#\/schema\/person\/906134402c29d5c76e7b726261dd4bbd","name":"Herv\u00e9 Roten","image":{"@type":"ImageObject","inLanguage":"it-IT","@id":"https:\/\/secure.gravatar.com\/avatar\/f96ad2db538a26481f18384936b5cd0610c92d390c4dc382209216d455f685ff?s=96&d=mm&r=g","url":"https:\/\/secure.gravatar.com\/avatar\/f96ad2db538a26481f18384936b5cd0610c92d390c4dc382209216d455f685ff?s=96&d=mm&r=g","contentUrl":"https:\/\/secure.gravatar.com\/avatar\/f96ad2db538a26481f18384936b5cd0610c92d390c4dc382209216d455f685ff?s=96&d=mm&r=g","caption":"Herv\u00e9 Roten"}}]}},"_links":{"self":[{"href":"https:\/\/www.iemj.org\/it\/wp-json\/wp\/v2\/posts\/101518","targetHints":{"allow":["GET"]}}],"collection":[{"href":"https:\/\/www.iemj.org\/it\/wp-json\/wp\/v2\/posts"}],"about":[{"href":"https:\/\/www.iemj.org\/it\/wp-json\/wp\/v2\/types\/post"}],"author":[{"embeddable":true,"href":"https:\/\/www.iemj.org\/it\/wp-json\/wp\/v2\/users\/1045"}],"replies":[{"embeddable":true,"href":"https:\/\/www.iemj.org\/it\/wp-json\/wp\/v2\/comments?post=101518"}],"version-history":[{"count":0,"href":"https:\/\/www.iemj.org\/it\/wp-json\/wp\/v2\/posts\/101518\/revisions"}],"wp:featuredmedia":[{"embeddable":true,"href":"https:\/\/www.iemj.org\/it\/wp-json\/wp\/v2\/media\/90820"}],"wp:attachment":[{"href":"https:\/\/www.iemj.org\/it\/wp-json\/wp\/v2\/media?parent=101518"}],"wp:term":[{"taxonomy":"category","embeddable":true,"href":"https:\/\/www.iemj.org\/it\/wp-json\/wp\/v2\/categories?post=101518"},{"taxonomy":"post_tag","embeddable":true,"href":"https:\/\/www.iemj.org\/it\/wp-json\/wp\/v2\/tags?post=101518"},{"taxonomy":"technique","embeddable":true,"href":"https:\/\/www.iemj.org\/it\/wp-json\/wp\/v2\/technique?post=101518"},{"taxonomy":"squelettes","embeddable":true,"href":"https:\/\/www.iemj.org\/it\/wp-json\/wp\/v2\/squelettes?post=101518"},{"taxonomy":"sujet","embeddable":true,"href":"https:\/\/www.iemj.org\/it\/wp-json\/wp\/v2\/sujet?post=101518"},{"taxonomy":"formation","embeddable":true,"href":"https:\/\/www.iemj.org\/it\/wp-json\/wp\/v2\/formation?post=101518"},{"taxonomy":"genre","embeddable":true,"href":"https:\/\/www.iemj.org\/it\/wp-json\/wp\/v2\/genre?post=101518"},{"taxonomy":"fonds","embeddable":true,"href":"https:\/\/www.iemj.org\/it\/wp-json\/wp\/v2\/fonds?post=101518"},{"taxonomy":"tradition","embeddable":true,"href":"https:\/\/www.iemj.org\/it\/wp-json\/wp\/v2\/tradition?post=101518"},{"taxonomy":"type-de-contenu","embeddable":true,"href":"https:\/\/www.iemj.org\/it\/wp-json\/wp\/v2\/type-de-contenu?post=101518"},{"taxonomy":"interprete-compositeur","embeddable":true,"href":"https:\/\/www.iemj.org\/it\/wp-json\/wp\/v2\/interprete-compositeur?post=101518"},{"taxonomy":"frise","embeddable":true,"href":"https:\/\/www.iemj.org\/it\/wp-json\/wp\/v2\/frise?post=101518"},{"taxonomy":"type-devenement","embeddable":true,"href":"https:\/\/www.iemj.org\/it\/wp-json\/wp\/v2\/type-devenement?post=101518"},{"taxonomy":"tableaux-liens-externes","embeddable":true,"href":"https:\/\/www.iemj.org\/it\/wp-json\/wp\/v2\/tableaux-liens-externes?post=101518"}],"curies":[{"name":"wp","href":"https:\/\/api.w.org\/{rel}","templated":true}]}}