{"id":101617,"date":"2018-03-19T17:17:49","date_gmt":"2018-03-19T16:17:49","guid":{"rendered":"https:\/\/www.iemj.org\/concert-coplas-sefardies-chansons-judeo-espagnoles-de-alberto-hemsi-a-hanovre\/"},"modified":"2023-08-24T12:08:47","modified_gmt":"2023-08-24T10:08:47","slug":"concert-coplas-sefardies-chansons-judeo-espagnoles-de-alberto-hemsi-a-hanovre-2","status":"publish","type":"post","link":"https:\/\/www.iemj.org\/it\/concert-coplas-sefardies-chansons-judeo-espagnoles-de-alberto-hemsi-a-hanovre-2\/","title":{"rendered":"Concerto Coplas Sefardite \u2013 Canzoni giudeo-spagnole di Alberto Hemsi ad Hannover"},"content":{"rendered":"<p><strong>Gioved\u00ec 22 marzo 2018: evento organizzato dalla Das Europ\u00e4ische Zentrum f\u00fcr J\u00fcdische Musik e dalla comunit\u00e0 ebraica liberale di Hannover, in collaborazione con l&#8217;Istituto Europeo di Musiche Ebraiche<\/strong><\/p>\n<p><!--more--><\/p>\n<p>Il 22 marzo 2018 si terr\u00e0 ad Hannover il primo concerto dell&#8217;integrale delle <em>Coplas Sefardies<\/em> (Canzoni giudeo-spagnole), eseguito da Assaf Levitin (voce) e Naaman Wagner (pianoforte) in occasione dell&#8217;uscita del loro CD <em>Coplas Sefardies<\/em> &#8211; <em>volo. 1<\/em>.<\/p>\n<p>Questo concerto, organizzato dalla <a href=\"https:\/\/www.ezjm.hmtm-hannover.de\/de\/start\/\">Das Europ\u00e4ische Zentrum f\u00fcr J\u00fcdische Musik<\/a> (EZJM) e dalla comunit\u00e0 ebraica liberale di Hannover, sar\u00e0 preceduto da una presentazione di Ingrid Wettberg, presidente della comunit\u00e0 liberale di Hannover, seguita da un discorso di Sarah Ross, direttrice di l&#8217;EZJM.<br \/>L&#8217;Istituto Europeo di Musiche Ebraiche sar\u00e0 rappresentato dal suo direttore, Herv\u00e9 Roten, che proietter\u00e0 un cortometraggio che ripercorre la vita e l&#8217;opera di Alberto Hemsi. Infine, Assaf Levitin introdurr\u00e0 il concerto che seguir\u00e0.<\/p>\n<p>Va notato che l&#8217;Istituto Europeo di Musiche Ebraiche \u00e8 il depositario dal 2004 degli <a href=\"https:\/\/www.iemj.org\/it\/fonds-alberto-hemsi\/\" target=\"_blank\" rel=\"noopener\">archivi del compositore Alberto Hemsi (1898-1975)<\/a>. Donato nel luglio 2004 da Myriam Capelluto Hemsi (1912-2005), vedova del compositore, questo fondo contiene documenti rari (manoscritti del compositore, fotografie, nastri magnetici e dischi\u2026) che ne fanno oggi una delle pi\u00f9 ricche collezioni di musiche giudeo-spagnole nel mondo.<\/p>\n<p>La pubblicazione dell&#8217;integrale delle Coplas Sefardies da parte dell&#8217;Europ\u00e4ische Zentrum f\u00fcr J\u00fcdische Musik (EZJM) di Hannover e della casa discografica Rondeau Production sottolinea la prima tappa di una fruttuosa collaborazione franco-tedesca e l&#8217;inizio della creazione di una rete europea di centri di musiche ebraiche. basata sullo scambio d\u2019informazioni, la valorizzazione dei contenuti fisici e digitali e l&#8217;organizzazione di convegni e concerti su scala europea.<\/p>\n<p>&#8211; <a href=\"https:\/\/www.iemj.org\/it\/fonds-alberto-hemsi\/\" target=\"_blank\" rel=\"noopener\">Consultare il fondo Alberto Hemsi<\/a><br \/>&#8211; <a href=\"https:\/\/www.iemj.org\/it\/hemsi-alberto-1898-1975\/\" target=\"_blank\" rel=\"noopener\">Ulteriori informazioni su Alberto Hemsi<\/a><br \/>&#8211; <a href=\"https:\/\/www.iemj.org\/it\/video-alberto-hemsi-un-compositeur-au-service-de-la-culture-sefarade\/\" target=\"_blank\" rel=\"noopener\">Visionare il film su Alberto Hemsi<\/a><br \/>&#8211; <a href=\"https:\/\/www.iemj.org\/it\/coplas-sefardies-de-alberto-hemsi-vol-1\/\" target=\"_blank\" rel=\"noopener\">Ascoltare degli estratti del CD Coplas sefardies di Assaf Levitin e Naaman Wagner<\/a><br \/>&#8211; <a href=\"https:\/\/www.rondeau.de\/New-Releases\/Alberto-Hemsi-Coplas-Sefardies-Vol-1::420.html?language=en\" target=\"_blank\" rel=\"noopener\">Acquistare il CD Coplas Sefardies \u2013 Chansons jud\u00e9o-espagnoles di Alberto Hemsi \u2013 Vol.1<\/a><\/p>\n\n\n<p><\/p>\n","protected":false},"excerpt":{"rendered":"<p>Gioved\u00ec 22 marzo 2018: evento organizzato dalla Das Europ\u00e4ische Zentrum f\u00fcr J\u00fcdische Musik e dalla comunit\u00e0 ebraica liberale di Hannover, in collaborazione con l&#8217;Istituto Europeo di Musiche Ebraiche<\/p>\n","protected":false},"author":5,"featured_media":101618,"comment_status":"closed","ping_status":"open","sticky":false,"template":"","format":"standard","meta":{"_acf_changed":false,"footnotes":""},"categories":[1379,1371],"tags":[3421],"technique":[],"squelettes":[],"sujet":[],"formation":[],"genre":[],"fonds":[],"tradition":[],"type-de-contenu":[],"interprete-compositeur":[],"frise":[],"type-devenement":[],"tableaux-liens-externes":[],"class_list":["post-101617","post","type-post","status-publish","format-standard","has-post-thumbnail","hentry","category-concerti-manifestazioni-it","category-manifestazioni-it","tag-eventi-partner-it"],"acf":[],"yoast_head":"<!-- This site is optimized with the Yoast SEO plugin v27.3 - https:\/\/yoast.com\/product\/yoast-seo-wordpress\/ -->\n<title>Concerto Coplas Sefardite \u2013 Canzoni giudeo-spagnole di Alberto Hemsi ad Hannover - Institut Europ\u00e9en des Musiques Juives<\/title>\n<meta name=\"robots\" content=\"noindex, follow\" \/>\n<meta property=\"og:locale\" content=\"it_IT\" \/>\n<meta property=\"og:type\" content=\"article\" \/>\n<meta property=\"og:title\" content=\"Concerto Coplas Sefardite \u2013 Canzoni giudeo-spagnole di Alberto Hemsi ad Hannover - Institut Europ\u00e9en des Musiques Juives\" \/>\n<meta property=\"og:description\" content=\"Gioved\u00ec 22 marzo 2018: evento organizzato dalla Das Europ\u00e4ische Zentrum f\u00fcr J\u00fcdische Musik e dalla comunit\u00e0 ebraica liberale di Hannover, in collaborazione con l&#8217;Istituto Europeo di Musiche Ebraiche\" \/>\n<meta property=\"og:url\" content=\"https:\/\/www.iemj.org\/it\/concert-coplas-sefardies-chansons-judeo-espagnoles-de-alberto-hemsi-a-hanovre-2\/\" \/>\n<meta property=\"og:site_name\" content=\"Institut Europ\u00e9en des Musiques Juives\" \/>\n<meta property=\"article:publisher\" content=\"https:\/\/www.facebook.com\/MusiquesJuives\/\" \/>\n<meta property=\"article:published_time\" content=\"2018-03-19T16:17:49+00:00\" \/>\n<meta property=\"article:modified_time\" content=\"2023-08-24T10:08:47+00:00\" \/>\n<meta property=\"og:image\" content=\"https:\/\/www.iemj.org\/wp-content\/uploads\/2018\/03\/arton3259.jpg\" \/>\n\t<meta property=\"og:image:width\" content=\"212\" \/>\n\t<meta property=\"og:image:height\" content=\"307\" \/>\n\t<meta property=\"og:image:type\" content=\"image\/jpeg\" \/>\n<meta name=\"author\" content=\"Jacqueline ROTEN\" \/>\n<meta name=\"twitter:card\" content=\"summary_large_image\" \/>\n<meta name=\"twitter:label1\" content=\"Scritto da\" \/>\n\t<meta name=\"twitter:data1\" content=\"Jacqueline ROTEN\" \/>\n\t<meta name=\"twitter:label2\" content=\"Tempo di lettura stimato\" \/>\n\t<meta name=\"twitter:data2\" content=\"2 minuti\" \/>\n<script type=\"application\/ld+json\" class=\"yoast-schema-graph\">{\"@context\":\"https:\\\/\\\/schema.org\",\"@graph\":[{\"@type\":\"Article\",\"@id\":\"https:\\\/\\\/www.iemj.org\\\/it\\\/concert-coplas-sefardies-chansons-judeo-espagnoles-de-alberto-hemsi-a-hanovre-2\\\/#article\",\"isPartOf\":{\"@id\":\"https:\\\/\\\/www.iemj.org\\\/it\\\/concert-coplas-sefardies-chansons-judeo-espagnoles-de-alberto-hemsi-a-hanovre-2\\\/\"},\"author\":{\"name\":\"Jacqueline ROTEN\",\"@id\":\"https:\\\/\\\/www.iemj.org\\\/it\\\/#\\\/schema\\\/person\\\/358e26c18aca017fcc4cc15437f7279c\"},\"headline\":\"Concerto Coplas Sefardite \u2013 Canzoni giudeo-spagnole di Alberto Hemsi ad Hannover\",\"datePublished\":\"2018-03-19T16:17:49+00:00\",\"dateModified\":\"2023-08-24T10:08:47+00:00\",\"mainEntityOfPage\":{\"@id\":\"https:\\\/\\\/www.iemj.org\\\/it\\\/concert-coplas-sefardies-chansons-judeo-espagnoles-de-alberto-hemsi-a-hanovre-2\\\/\"},\"wordCount\":332,\"publisher\":{\"@id\":\"https:\\\/\\\/www.iemj.org\\\/it\\\/#organization\"},\"image\":{\"@id\":\"https:\\\/\\\/www.iemj.org\\\/it\\\/concert-coplas-sefardies-chansons-judeo-espagnoles-de-alberto-hemsi-a-hanovre-2\\\/#primaryimage\"},\"thumbnailUrl\":\"https:\\\/\\\/www.iemj.org\\\/wp-content\\\/uploads\\\/2018\\\/03\\\/arton3259.jpg\",\"keywords\":[\"Eventi partner\"],\"articleSection\":[\"Concerti\",\"Manifestazioni\"],\"inLanguage\":\"it-IT\"},{\"@type\":\"WebPage\",\"@id\":\"https:\\\/\\\/www.iemj.org\\\/it\\\/concert-coplas-sefardies-chansons-judeo-espagnoles-de-alberto-hemsi-a-hanovre-2\\\/\",\"url\":\"https:\\\/\\\/www.iemj.org\\\/it\\\/concert-coplas-sefardies-chansons-judeo-espagnoles-de-alberto-hemsi-a-hanovre-2\\\/\",\"name\":\"Concerto Coplas Sefardite \u2013 Canzoni giudeo-spagnole di Alberto Hemsi ad Hannover - Institut Europ\u00e9en des Musiques Juives\",\"isPartOf\":{\"@id\":\"https:\\\/\\\/www.iemj.org\\\/it\\\/#website\"},\"primaryImageOfPage\":{\"@id\":\"https:\\\/\\\/www.iemj.org\\\/it\\\/concert-coplas-sefardies-chansons-judeo-espagnoles-de-alberto-hemsi-a-hanovre-2\\\/#primaryimage\"},\"image\":{\"@id\":\"https:\\\/\\\/www.iemj.org\\\/it\\\/concert-coplas-sefardies-chansons-judeo-espagnoles-de-alberto-hemsi-a-hanovre-2\\\/#primaryimage\"},\"thumbnailUrl\":\"https:\\\/\\\/www.iemj.org\\\/wp-content\\\/uploads\\\/2018\\\/03\\\/arton3259.jpg\",\"datePublished\":\"2018-03-19T16:17:49+00:00\",\"dateModified\":\"2023-08-24T10:08:47+00:00\",\"breadcrumb\":{\"@id\":\"https:\\\/\\\/www.iemj.org\\\/it\\\/concert-coplas-sefardies-chansons-judeo-espagnoles-de-alberto-hemsi-a-hanovre-2\\\/#breadcrumb\"},\"inLanguage\":\"it-IT\",\"potentialAction\":[{\"@type\":\"ReadAction\",\"target\":[\"https:\\\/\\\/www.iemj.org\\\/it\\\/concert-coplas-sefardies-chansons-judeo-espagnoles-de-alberto-hemsi-a-hanovre-2\\\/\"]}]},{\"@type\":\"ImageObject\",\"inLanguage\":\"it-IT\",\"@id\":\"https:\\\/\\\/www.iemj.org\\\/it\\\/concert-coplas-sefardies-chansons-judeo-espagnoles-de-alberto-hemsi-a-hanovre-2\\\/#primaryimage\",\"url\":\"https:\\\/\\\/www.iemj.org\\\/wp-content\\\/uploads\\\/2018\\\/03\\\/arton3259.jpg\",\"contentUrl\":\"https:\\\/\\\/www.iemj.org\\\/wp-content\\\/uploads\\\/2018\\\/03\\\/arton3259.jpg\",\"width\":212,\"height\":307},{\"@type\":\"BreadcrumbList\",\"@id\":\"https:\\\/\\\/www.iemj.org\\\/it\\\/concert-coplas-sefardies-chansons-judeo-espagnoles-de-alberto-hemsi-a-hanovre-2\\\/#breadcrumb\",\"itemListElement\":[{\"@type\":\"ListItem\",\"position\":1,\"name\":\"Accueil\",\"item\":\"https:\\\/\\\/www.iemj.org\\\/it\\\/\"},{\"@type\":\"ListItem\",\"position\":2,\"name\":\"Concerto Coplas Sefardite \u2013 Canzoni giudeo-spagnole di Alberto Hemsi ad Hannover\"}]},{\"@type\":\"WebSite\",\"@id\":\"https:\\\/\\\/www.iemj.org\\\/it\\\/#website\",\"url\":\"https:\\\/\\\/www.iemj.org\\\/it\\\/\",\"name\":\"Institut Europ\u00e9en des Musiques Juives\",\"description\":\"Des traditions musicales \u00e0 la port\u00e9e de tous\",\"publisher\":{\"@id\":\"https:\\\/\\\/www.iemj.org\\\/it\\\/#organization\"},\"potentialAction\":[{\"@type\":\"SearchAction\",\"target\":{\"@type\":\"EntryPoint\",\"urlTemplate\":\"https:\\\/\\\/www.iemj.org\\\/it\\\/?s={search_term_string}\"},\"query-input\":{\"@type\":\"PropertyValueSpecification\",\"valueRequired\":true,\"valueName\":\"search_term_string\"}}],\"inLanguage\":\"it-IT\"},{\"@type\":\"Organization\",\"@id\":\"https:\\\/\\\/www.iemj.org\\\/it\\\/#organization\",\"name\":\"Institut Europ\u00e9en des Musiques Juives\",\"url\":\"https:\\\/\\\/www.iemj.org\\\/it\\\/\",\"logo\":{\"@type\":\"ImageObject\",\"inLanguage\":\"it-IT\",\"@id\":\"https:\\\/\\\/www.iemj.org\\\/it\\\/#\\\/schema\\\/logo\\\/image\\\/\",\"url\":\"https:\\\/\\\/www.iemj.org\\\/wp-content\\\/uploads\\\/2021\\\/09\\\/Logo-IEMJ-Paypal.jpg\",\"contentUrl\":\"https:\\\/\\\/www.iemj.org\\\/wp-content\\\/uploads\\\/2021\\\/09\\\/Logo-IEMJ-Paypal.jpg\",\"width\":150,\"height\":50,\"caption\":\"Institut Europ\u00e9en des Musiques Juives\"},\"image\":{\"@id\":\"https:\\\/\\\/www.iemj.org\\\/it\\\/#\\\/schema\\\/logo\\\/image\\\/\"},\"sameAs\":[\"https:\\\/\\\/www.facebook.com\\\/MusiquesJuives\\\/\",\"https:\\\/\\\/www.instagram.com\\\/musiquesjuives\\\/\",\"https:\\\/\\\/www.youtube.com\\\/user\\\/musiquesjuives\"]},{\"@type\":\"Person\",\"@id\":\"https:\\\/\\\/www.iemj.org\\\/it\\\/#\\\/schema\\\/person\\\/358e26c18aca017fcc4cc15437f7279c\",\"name\":\"Jacqueline ROTEN\",\"image\":{\"@type\":\"ImageObject\",\"inLanguage\":\"it-IT\",\"@id\":\"https:\\\/\\\/secure.gravatar.com\\\/avatar\\\/5964256d6c6957de3a3505278957e0fb2a35119ac47ea41827a65301213c810b?s=96&d=mm&r=g\",\"url\":\"https:\\\/\\\/secure.gravatar.com\\\/avatar\\\/5964256d6c6957de3a3505278957e0fb2a35119ac47ea41827a65301213c810b?s=96&d=mm&r=g\",\"contentUrl\":\"https:\\\/\\\/secure.gravatar.com\\\/avatar\\\/5964256d6c6957de3a3505278957e0fb2a35119ac47ea41827a65301213c810b?s=96&d=mm&r=g\",\"caption\":\"Jacqueline ROTEN\"}}]}<\/script>\n<!-- \/ Yoast SEO plugin. -->","yoast_head_json":{"title":"Concerto Coplas Sefardite \u2013 Canzoni giudeo-spagnole di Alberto Hemsi ad Hannover - Institut Europ\u00e9en des Musiques Juives","robots":{"index":"noindex","follow":"follow"},"og_locale":"it_IT","og_type":"article","og_title":"Concerto Coplas Sefardite \u2013 Canzoni giudeo-spagnole di Alberto Hemsi ad Hannover - Institut Europ\u00e9en des Musiques Juives","og_description":"Gioved\u00ec 22 marzo 2018: evento organizzato dalla Das Europ\u00e4ische Zentrum f\u00fcr J\u00fcdische Musik e dalla comunit\u00e0 ebraica liberale di Hannover, in collaborazione con l&#8217;Istituto Europeo di Musiche Ebraiche","og_url":"https:\/\/www.iemj.org\/it\/concert-coplas-sefardies-chansons-judeo-espagnoles-de-alberto-hemsi-a-hanovre-2\/","og_site_name":"Institut Europ\u00e9en des Musiques Juives","article_publisher":"https:\/\/www.facebook.com\/MusiquesJuives\/","article_published_time":"2018-03-19T16:17:49+00:00","article_modified_time":"2023-08-24T10:08:47+00:00","og_image":[{"width":212,"height":307,"url":"https:\/\/www.iemj.org\/wp-content\/uploads\/2018\/03\/arton3259.jpg","type":"image\/jpeg"}],"author":"Jacqueline ROTEN","twitter_card":"summary_large_image","twitter_misc":{"Scritto da":"Jacqueline ROTEN","Tempo di lettura stimato":"2 minuti"},"schema":{"@context":"https:\/\/schema.org","@graph":[{"@type":"Article","@id":"https:\/\/www.iemj.org\/it\/concert-coplas-sefardies-chansons-judeo-espagnoles-de-alberto-hemsi-a-hanovre-2\/#article","isPartOf":{"@id":"https:\/\/www.iemj.org\/it\/concert-coplas-sefardies-chansons-judeo-espagnoles-de-alberto-hemsi-a-hanovre-2\/"},"author":{"name":"Jacqueline ROTEN","@id":"https:\/\/www.iemj.org\/it\/#\/schema\/person\/358e26c18aca017fcc4cc15437f7279c"},"headline":"Concerto Coplas Sefardite \u2013 Canzoni giudeo-spagnole di Alberto Hemsi ad Hannover","datePublished":"2018-03-19T16:17:49+00:00","dateModified":"2023-08-24T10:08:47+00:00","mainEntityOfPage":{"@id":"https:\/\/www.iemj.org\/it\/concert-coplas-sefardies-chansons-judeo-espagnoles-de-alberto-hemsi-a-hanovre-2\/"},"wordCount":332,"publisher":{"@id":"https:\/\/www.iemj.org\/it\/#organization"},"image":{"@id":"https:\/\/www.iemj.org\/it\/concert-coplas-sefardies-chansons-judeo-espagnoles-de-alberto-hemsi-a-hanovre-2\/#primaryimage"},"thumbnailUrl":"https:\/\/www.iemj.org\/wp-content\/uploads\/2018\/03\/arton3259.jpg","keywords":["Eventi partner"],"articleSection":["Concerti","Manifestazioni"],"inLanguage":"it-IT"},{"@type":"WebPage","@id":"https:\/\/www.iemj.org\/it\/concert-coplas-sefardies-chansons-judeo-espagnoles-de-alberto-hemsi-a-hanovre-2\/","url":"https:\/\/www.iemj.org\/it\/concert-coplas-sefardies-chansons-judeo-espagnoles-de-alberto-hemsi-a-hanovre-2\/","name":"Concerto Coplas Sefardite \u2013 Canzoni giudeo-spagnole di Alberto Hemsi ad Hannover - Institut Europ\u00e9en des Musiques Juives","isPartOf":{"@id":"https:\/\/www.iemj.org\/it\/#website"},"primaryImageOfPage":{"@id":"https:\/\/www.iemj.org\/it\/concert-coplas-sefardies-chansons-judeo-espagnoles-de-alberto-hemsi-a-hanovre-2\/#primaryimage"},"image":{"@id":"https:\/\/www.iemj.org\/it\/concert-coplas-sefardies-chansons-judeo-espagnoles-de-alberto-hemsi-a-hanovre-2\/#primaryimage"},"thumbnailUrl":"https:\/\/www.iemj.org\/wp-content\/uploads\/2018\/03\/arton3259.jpg","datePublished":"2018-03-19T16:17:49+00:00","dateModified":"2023-08-24T10:08:47+00:00","breadcrumb":{"@id":"https:\/\/www.iemj.org\/it\/concert-coplas-sefardies-chansons-judeo-espagnoles-de-alberto-hemsi-a-hanovre-2\/#breadcrumb"},"inLanguage":"it-IT","potentialAction":[{"@type":"ReadAction","target":["https:\/\/www.iemj.org\/it\/concert-coplas-sefardies-chansons-judeo-espagnoles-de-alberto-hemsi-a-hanovre-2\/"]}]},{"@type":"ImageObject","inLanguage":"it-IT","@id":"https:\/\/www.iemj.org\/it\/concert-coplas-sefardies-chansons-judeo-espagnoles-de-alberto-hemsi-a-hanovre-2\/#primaryimage","url":"https:\/\/www.iemj.org\/wp-content\/uploads\/2018\/03\/arton3259.jpg","contentUrl":"https:\/\/www.iemj.org\/wp-content\/uploads\/2018\/03\/arton3259.jpg","width":212,"height":307},{"@type":"BreadcrumbList","@id":"https:\/\/www.iemj.org\/it\/concert-coplas-sefardies-chansons-judeo-espagnoles-de-alberto-hemsi-a-hanovre-2\/#breadcrumb","itemListElement":[{"@type":"ListItem","position":1,"name":"Accueil","item":"https:\/\/www.iemj.org\/it\/"},{"@type":"ListItem","position":2,"name":"Concerto Coplas Sefardite \u2013 Canzoni giudeo-spagnole di Alberto Hemsi ad Hannover"}]},{"@type":"WebSite","@id":"https:\/\/www.iemj.org\/it\/#website","url":"https:\/\/www.iemj.org\/it\/","name":"Institut Europ\u00e9en des Musiques Juives","description":"Des traditions musicales \u00e0 la port\u00e9e de tous","publisher":{"@id":"https:\/\/www.iemj.org\/it\/#organization"},"potentialAction":[{"@type":"SearchAction","target":{"@type":"EntryPoint","urlTemplate":"https:\/\/www.iemj.org\/it\/?s={search_term_string}"},"query-input":{"@type":"PropertyValueSpecification","valueRequired":true,"valueName":"search_term_string"}}],"inLanguage":"it-IT"},{"@type":"Organization","@id":"https:\/\/www.iemj.org\/it\/#organization","name":"Institut Europ\u00e9en des Musiques Juives","url":"https:\/\/www.iemj.org\/it\/","logo":{"@type":"ImageObject","inLanguage":"it-IT","@id":"https:\/\/www.iemj.org\/it\/#\/schema\/logo\/image\/","url":"https:\/\/www.iemj.org\/wp-content\/uploads\/2021\/09\/Logo-IEMJ-Paypal.jpg","contentUrl":"https:\/\/www.iemj.org\/wp-content\/uploads\/2021\/09\/Logo-IEMJ-Paypal.jpg","width":150,"height":50,"caption":"Institut Europ\u00e9en des Musiques Juives"},"image":{"@id":"https:\/\/www.iemj.org\/it\/#\/schema\/logo\/image\/"},"sameAs":["https:\/\/www.facebook.com\/MusiquesJuives\/","https:\/\/www.instagram.com\/musiquesjuives\/","https:\/\/www.youtube.com\/user\/musiquesjuives"]},{"@type":"Person","@id":"https:\/\/www.iemj.org\/it\/#\/schema\/person\/358e26c18aca017fcc4cc15437f7279c","name":"Jacqueline ROTEN","image":{"@type":"ImageObject","inLanguage":"it-IT","@id":"https:\/\/secure.gravatar.com\/avatar\/5964256d6c6957de3a3505278957e0fb2a35119ac47ea41827a65301213c810b?s=96&d=mm&r=g","url":"https:\/\/secure.gravatar.com\/avatar\/5964256d6c6957de3a3505278957e0fb2a35119ac47ea41827a65301213c810b?s=96&d=mm&r=g","contentUrl":"https:\/\/secure.gravatar.com\/avatar\/5964256d6c6957de3a3505278957e0fb2a35119ac47ea41827a65301213c810b?s=96&d=mm&r=g","caption":"Jacqueline ROTEN"}}]}},"_links":{"self":[{"href":"https:\/\/www.iemj.org\/it\/wp-json\/wp\/v2\/posts\/101617","targetHints":{"allow":["GET"]}}],"collection":[{"href":"https:\/\/www.iemj.org\/it\/wp-json\/wp\/v2\/posts"}],"about":[{"href":"https:\/\/www.iemj.org\/it\/wp-json\/wp\/v2\/types\/post"}],"author":[{"embeddable":true,"href":"https:\/\/www.iemj.org\/it\/wp-json\/wp\/v2\/users\/5"}],"replies":[{"embeddable":true,"href":"https:\/\/www.iemj.org\/it\/wp-json\/wp\/v2\/comments?post=101617"}],"version-history":[{"count":0,"href":"https:\/\/www.iemj.org\/it\/wp-json\/wp\/v2\/posts\/101617\/revisions"}],"wp:featuredmedia":[{"embeddable":true,"href":"https:\/\/www.iemj.org\/it\/wp-json\/wp\/v2\/media\/101618"}],"wp:attachment":[{"href":"https:\/\/www.iemj.org\/it\/wp-json\/wp\/v2\/media?parent=101617"}],"wp:term":[{"taxonomy":"category","embeddable":true,"href":"https:\/\/www.iemj.org\/it\/wp-json\/wp\/v2\/categories?post=101617"},{"taxonomy":"post_tag","embeddable":true,"href":"https:\/\/www.iemj.org\/it\/wp-json\/wp\/v2\/tags?post=101617"},{"taxonomy":"technique","embeddable":true,"href":"https:\/\/www.iemj.org\/it\/wp-json\/wp\/v2\/technique?post=101617"},{"taxonomy":"squelettes","embeddable":true,"href":"https:\/\/www.iemj.org\/it\/wp-json\/wp\/v2\/squelettes?post=101617"},{"taxonomy":"sujet","embeddable":true,"href":"https:\/\/www.iemj.org\/it\/wp-json\/wp\/v2\/sujet?post=101617"},{"taxonomy":"formation","embeddable":true,"href":"https:\/\/www.iemj.org\/it\/wp-json\/wp\/v2\/formation?post=101617"},{"taxonomy":"genre","embeddable":true,"href":"https:\/\/www.iemj.org\/it\/wp-json\/wp\/v2\/genre?post=101617"},{"taxonomy":"fonds","embeddable":true,"href":"https:\/\/www.iemj.org\/it\/wp-json\/wp\/v2\/fonds?post=101617"},{"taxonomy":"tradition","embeddable":true,"href":"https:\/\/www.iemj.org\/it\/wp-json\/wp\/v2\/tradition?post=101617"},{"taxonomy":"type-de-contenu","embeddable":true,"href":"https:\/\/www.iemj.org\/it\/wp-json\/wp\/v2\/type-de-contenu?post=101617"},{"taxonomy":"interprete-compositeur","embeddable":true,"href":"https:\/\/www.iemj.org\/it\/wp-json\/wp\/v2\/interprete-compositeur?post=101617"},{"taxonomy":"frise","embeddable":true,"href":"https:\/\/www.iemj.org\/it\/wp-json\/wp\/v2\/frise?post=101617"},{"taxonomy":"type-devenement","embeddable":true,"href":"https:\/\/www.iemj.org\/it\/wp-json\/wp\/v2\/type-devenement?post=101617"},{"taxonomy":"tableaux-liens-externes","embeddable":true,"href":"https:\/\/www.iemj.org\/it\/wp-json\/wp\/v2\/tableaux-liens-externes?post=101617"}],"curies":[{"name":"wp","href":"https:\/\/api.w.org\/{rel}","templated":true}]}}