{"id":101704,"date":"2017-03-01T09:49:44","date_gmt":"2017-03-01T08:49:44","guid":{"rendered":"https:\/\/www.iemj.org\/centenaire-du-deces-de-fernand-halphen\/"},"modified":"2023-08-25T12:16:18","modified_gmt":"2023-08-25T10:16:18","slug":"centenaire-du-deces-de-fernand-halphen","status":"publish","type":"post","link":"https:\/\/www.iemj.org\/it\/centenaire-du-deces-de-fernand-halphen\/","title":{"rendered":"CENTENARIO DELLA MORTE DI FERNAND HALPHEN"},"content":{"rendered":"<p><strong>Quattro concerti<\/strong><\/p>\n<p>Durante il mese di marzo 2017, una serie di <strong>4 concerti<\/strong> dell&#8217;Orchestre du Campus d&#8217;Orsay, in collaborazione con l&#8217;IEMJ, onorer\u00e0 le opere di <a href=\"https:\/\/www.iemj.org\/it\/halphen-fernand-1872-1917\/\" target=\"_blank\" rel=\"noopener\">Fernand Halphen<\/a>, \u00a0insieme a quelle di Gabriel Faur\u00e9 (di cui fu allievo) e di Camille Saint -Sa\u00ebns.<\/p>\n<p>In programma:<br \/>\u2013 la sinfonia in ut minore di Fernand Halphen, che non viene eseguita dal 1930,<br \/>\u2013 il concerto per violino n\u00b03 di Saint-Sa\u00ebns con il solista Gabriel Tchalik,<br \/>\u2013 l&#8217;ouverture di \u201cMasques et Bergamasques\u201d di Faur\u00e9<\/p>\n<p><a href=\"https:\/\/www.iemj.org\/concert-de-lorchestre-symphonique-du-campus-dorsay\/\" target=\"_blank\" rel=\"noopener\">Sabato 11 marzo alle 20h30 nel grande anfiteatro del campus d\u2019Orsay<\/a><\/p>\n<p><a href=\"https:\/\/www.iemj.org\/concert-de-lorchestre-symphonique-du-campus-dorsay\/\" target=\"_blank\" rel=\"noopener\">Domenica 12 marzo alle 16.30 ad Antony sala Vasarely<\/a><\/p>\n<p><a href=\"https:\/\/www.iemj.org\/concert-de-lorchestre-symphonique-du-campus-dorsay\/\" target=\"_blank\" rel=\"noopener\">Venerd\u00ec 17 marzo al Cercle des Arm\u00e9es (concerto privato)<\/a><\/p>\n<p><a href=\"https:\/\/www.iemj.org\/concert-de-lorchestre-symphonique-du-campus-dorsay\/\" target=\"_blank\" rel=\"noopener\">Domenica 19 marzo alle 17 a Ville d\u2019Avray nella chiesa Saint Nicolas \u2013 Saint Marc (piazza Charles de Gaulle).<\/a><\/p>\n<p><strong>Un prossimo lavoro collettivo<\/strong><\/p>\n<p>Un&#8217;opera collettiva intitolata <a href=\"https:\/\/www.iemj.org\/it\/du-salon-au-front-fernand-halphen-1872-1917-compositeur-mecene-et-chef-de-musique-militaire\/\"><em>Du salon au front : Fernand Halphen (1872-1917), compositeur, m\u00e9c\u00e8ne et chef de musique militaire<\/em><\/a>, sotto la direzione di Laure Schnapper, con la collaborazione di Pierre-Andr\u00e9 Meyer \u2013 Prefazione di Herv\u00e9 Roten sar\u00e0 pubblicata dalle \u00c9ditions Hermann nell&#8217;aprile 2017 in occasione del centenario di questo compositore e mecenate morto per la Francia.<\/p>\n<p><strong>Pubblicazione di un nuovo CD nella collana \u201cClassiques\u201d delle \u00c9ditions de l&#8217;IEMJ<\/strong><\/p>\n<p>A fine 2017 dovrebbe anche essere pubblicato un nuovo volume della collana \u201cClassiques\u201d delle \u00c9ditions de l\u2019IEMJ, comprendente in particolare la sinfonia in ut minore di Fernand Halphen.<\/p>\n<p><a href=\"https:\/\/www.iemj.org\/it\/halphen-fernand-1872-1917\/\" target=\"_blank\" rel=\"noopener\">Consultare la biografia di Fernand Halphen<\/a><\/p>\n<p><a href=\"https:\/\/www.iemj.org\/fernand-halphen-un-compositeur-juif-dans-la-grande-guerre\/\" target=\"_blank\" rel=\"noopener\">Ascoltare l\u2019emissione radiofonica dell\u2019IEMJ : F. Halphen \u2013 un compositore ebreo nella Grande Guerra<\/a><\/p>\n<div class=\"texte\">\n<div class=\"texte\">\n<p><a href=\"https:\/\/www.iemj.org\/it\/categorie-produit\/spartiti-it\/compositori-it\/halphen-fernand-it\/\" target=\"_blank\" rel=\"noopener\">Ritrovare i nostri spartiti, CD e libri su Fernand Halphen sul nostro sito online<\/a><\/p>\n<\/div>\n<\/div>\n\n\n<figure class=\"wp-block-embed is-type-video is-provider-youtube wp-block-embed-youtube wp-embed-aspect-4-3 wp-has-aspect-ratio\"><div class=\"wp-block-embed__wrapper\">\n<iframe title=\"Fernand Halphen - Un compositeur dans la grande guerre\" width=\"640\" height=\"480\" src=\"https:\/\/www.youtube.com\/embed\/Harfbc-6fsI?feature=oembed\" frameborder=\"0\" allow=\"accelerometer; autoplay; clipboard-write; encrypted-media; gyroscope; picture-in-picture; web-share\" referrerpolicy=\"strict-origin-when-cross-origin\" allowfullscreen><\/iframe>\n<\/div><figcaption class=\"wp-element-caption\"><strong>Visionare il concerto Halphen al MAHJ<\/strong><\/figcaption><\/figure>\n","protected":false},"excerpt":{"rendered":"<p>Quattro concerti Durante il mese di marzo 2017, una serie di 4 concerti dell&#8217;Orchestre du Campus d&#8217;Orsay, in collaborazione con l&#8217;IEMJ, onorer\u00e0 le opere di Fernand Halphen, \u00a0insieme a quelle<\/p>\n","protected":false},"author":5,"featured_media":101705,"comment_status":"closed","ping_status":"open","sticky":false,"template":"","format":"standard","meta":{"_acf_changed":false,"footnotes":""},"categories":[1379,1371],"tags":[3421],"technique":[],"squelettes":[],"sujet":[],"formation":[],"genre":[1901],"fonds":[],"tradition":[],"type-de-contenu":[],"interprete-compositeur":[3160],"frise":[],"type-devenement":[],"tableaux-liens-externes":[],"class_list":["post-101704","post","type-post","status-publish","format-standard","has-post-thumbnail","hentry","category-concerti-manifestazioni-it","category-manifestazioni-it","tag-eventi-partner-it","genre-musica-classica-it","interprete-compositeur-fernand-halphen-it"],"acf":[],"yoast_head":"<!-- This site is optimized with the Yoast SEO plugin v27.3 - https:\/\/yoast.com\/product\/yoast-seo-wordpress\/ -->\n<title>CENTENARIO DELLA MORTE DI FERNAND HALPHEN - Institut Europ\u00e9en des Musiques Juives<\/title>\n<meta name=\"robots\" content=\"noindex, follow\" \/>\n<meta property=\"og:locale\" content=\"it_IT\" \/>\n<meta property=\"og:type\" content=\"article\" \/>\n<meta property=\"og:title\" content=\"CENTENARIO DELLA MORTE DI FERNAND HALPHEN - Institut Europ\u00e9en des Musiques Juives\" \/>\n<meta property=\"og:description\" content=\"Quattro concerti Durante il mese di marzo 2017, una serie di 4 concerti dell&#8217;Orchestre du Campus d&#8217;Orsay, in collaborazione con l&#8217;IEMJ, onorer\u00e0 le opere di Fernand Halphen, \u00a0insieme a quelle\" \/>\n<meta property=\"og:url\" content=\"https:\/\/www.iemj.org\/it\/centenaire-du-deces-de-fernand-halphen\/\" \/>\n<meta property=\"og:site_name\" content=\"Institut Europ\u00e9en des Musiques Juives\" \/>\n<meta property=\"article:publisher\" content=\"https:\/\/www.facebook.com\/MusiquesJuives\/\" \/>\n<meta property=\"article:published_time\" content=\"2017-03-01T08:49:44+00:00\" \/>\n<meta property=\"article:modified_time\" content=\"2023-08-25T10:16:18+00:00\" \/>\n<meta property=\"og:image\" content=\"https:\/\/www.iemj.org\/wp-content\/uploads\/2017\/03\/arton2143.jpg\" \/>\n\t<meta property=\"og:image:width\" content=\"191\" \/>\n\t<meta property=\"og:image:height\" content=\"253\" \/>\n\t<meta property=\"og:image:type\" content=\"image\/jpeg\" \/>\n<meta name=\"author\" content=\"Jacqueline ROTEN\" \/>\n<meta name=\"twitter:card\" content=\"summary_large_image\" \/>\n<meta name=\"twitter:label1\" content=\"Scritto da\" \/>\n\t<meta name=\"twitter:data1\" content=\"Jacqueline ROTEN\" \/>\n\t<meta name=\"twitter:label2\" content=\"Tempo di lettura stimato\" \/>\n\t<meta name=\"twitter:data2\" content=\"2 minuti\" \/>\n<script type=\"application\/ld+json\" class=\"yoast-schema-graph\">{\"@context\":\"https:\\\/\\\/schema.org\",\"@graph\":[{\"@type\":\"Article\",\"@id\":\"https:\\\/\\\/www.iemj.org\\\/it\\\/centenaire-du-deces-de-fernand-halphen\\\/#article\",\"isPartOf\":{\"@id\":\"https:\\\/\\\/www.iemj.org\\\/it\\\/centenaire-du-deces-de-fernand-halphen\\\/\"},\"author\":{\"name\":\"Jacqueline ROTEN\",\"@id\":\"https:\\\/\\\/www.iemj.org\\\/it\\\/#\\\/schema\\\/person\\\/358e26c18aca017fcc4cc15437f7279c\"},\"headline\":\"CENTENARIO DELLA MORTE DI FERNAND HALPHEN\",\"datePublished\":\"2017-03-01T08:49:44+00:00\",\"dateModified\":\"2023-08-25T10:16:18+00:00\",\"mainEntityOfPage\":{\"@id\":\"https:\\\/\\\/www.iemj.org\\\/it\\\/centenaire-du-deces-de-fernand-halphen\\\/\"},\"wordCount\":276,\"publisher\":{\"@id\":\"https:\\\/\\\/www.iemj.org\\\/it\\\/#organization\"},\"image\":{\"@id\":\"https:\\\/\\\/www.iemj.org\\\/it\\\/centenaire-du-deces-de-fernand-halphen\\\/#primaryimage\"},\"thumbnailUrl\":\"https:\\\/\\\/www.iemj.org\\\/wp-content\\\/uploads\\\/2017\\\/03\\\/arton2143.jpg\",\"keywords\":[\"Eventi partner\"],\"articleSection\":[\"Concerti\",\"Manifestazioni\"],\"inLanguage\":\"it-IT\"},{\"@type\":\"WebPage\",\"@id\":\"https:\\\/\\\/www.iemj.org\\\/it\\\/centenaire-du-deces-de-fernand-halphen\\\/\",\"url\":\"https:\\\/\\\/www.iemj.org\\\/it\\\/centenaire-du-deces-de-fernand-halphen\\\/\",\"name\":\"CENTENARIO DELLA MORTE DI FERNAND HALPHEN - Institut Europ\u00e9en des Musiques Juives\",\"isPartOf\":{\"@id\":\"https:\\\/\\\/www.iemj.org\\\/it\\\/#website\"},\"primaryImageOfPage\":{\"@id\":\"https:\\\/\\\/www.iemj.org\\\/it\\\/centenaire-du-deces-de-fernand-halphen\\\/#primaryimage\"},\"image\":{\"@id\":\"https:\\\/\\\/www.iemj.org\\\/it\\\/centenaire-du-deces-de-fernand-halphen\\\/#primaryimage\"},\"thumbnailUrl\":\"https:\\\/\\\/www.iemj.org\\\/wp-content\\\/uploads\\\/2017\\\/03\\\/arton2143.jpg\",\"datePublished\":\"2017-03-01T08:49:44+00:00\",\"dateModified\":\"2023-08-25T10:16:18+00:00\",\"breadcrumb\":{\"@id\":\"https:\\\/\\\/www.iemj.org\\\/it\\\/centenaire-du-deces-de-fernand-halphen\\\/#breadcrumb\"},\"inLanguage\":\"it-IT\",\"potentialAction\":[{\"@type\":\"ReadAction\",\"target\":[\"https:\\\/\\\/www.iemj.org\\\/it\\\/centenaire-du-deces-de-fernand-halphen\\\/\"]}]},{\"@type\":\"ImageObject\",\"inLanguage\":\"it-IT\",\"@id\":\"https:\\\/\\\/www.iemj.org\\\/it\\\/centenaire-du-deces-de-fernand-halphen\\\/#primaryimage\",\"url\":\"https:\\\/\\\/www.iemj.org\\\/wp-content\\\/uploads\\\/2017\\\/03\\\/arton2143.jpg\",\"contentUrl\":\"https:\\\/\\\/www.iemj.org\\\/wp-content\\\/uploads\\\/2017\\\/03\\\/arton2143.jpg\",\"width\":191,\"height\":253},{\"@type\":\"BreadcrumbList\",\"@id\":\"https:\\\/\\\/www.iemj.org\\\/it\\\/centenaire-du-deces-de-fernand-halphen\\\/#breadcrumb\",\"itemListElement\":[{\"@type\":\"ListItem\",\"position\":1,\"name\":\"Accueil\",\"item\":\"https:\\\/\\\/www.iemj.org\\\/it\\\/\"},{\"@type\":\"ListItem\",\"position\":2,\"name\":\"CENTENARIO DELLA MORTE DI FERNAND HALPHEN\"}]},{\"@type\":\"WebSite\",\"@id\":\"https:\\\/\\\/www.iemj.org\\\/it\\\/#website\",\"url\":\"https:\\\/\\\/www.iemj.org\\\/it\\\/\",\"name\":\"Institut Europ\u00e9en des Musiques Juives\",\"description\":\"Des traditions musicales \u00e0 la port\u00e9e de tous\",\"publisher\":{\"@id\":\"https:\\\/\\\/www.iemj.org\\\/it\\\/#organization\"},\"potentialAction\":[{\"@type\":\"SearchAction\",\"target\":{\"@type\":\"EntryPoint\",\"urlTemplate\":\"https:\\\/\\\/www.iemj.org\\\/it\\\/?s={search_term_string}\"},\"query-input\":{\"@type\":\"PropertyValueSpecification\",\"valueRequired\":true,\"valueName\":\"search_term_string\"}}],\"inLanguage\":\"it-IT\"},{\"@type\":\"Organization\",\"@id\":\"https:\\\/\\\/www.iemj.org\\\/it\\\/#organization\",\"name\":\"Institut Europ\u00e9en des Musiques Juives\",\"url\":\"https:\\\/\\\/www.iemj.org\\\/it\\\/\",\"logo\":{\"@type\":\"ImageObject\",\"inLanguage\":\"it-IT\",\"@id\":\"https:\\\/\\\/www.iemj.org\\\/it\\\/#\\\/schema\\\/logo\\\/image\\\/\",\"url\":\"https:\\\/\\\/www.iemj.org\\\/wp-content\\\/uploads\\\/2021\\\/09\\\/Logo-IEMJ-Paypal.jpg\",\"contentUrl\":\"https:\\\/\\\/www.iemj.org\\\/wp-content\\\/uploads\\\/2021\\\/09\\\/Logo-IEMJ-Paypal.jpg\",\"width\":150,\"height\":50,\"caption\":\"Institut Europ\u00e9en des Musiques Juives\"},\"image\":{\"@id\":\"https:\\\/\\\/www.iemj.org\\\/it\\\/#\\\/schema\\\/logo\\\/image\\\/\"},\"sameAs\":[\"https:\\\/\\\/www.facebook.com\\\/MusiquesJuives\\\/\",\"https:\\\/\\\/www.instagram.com\\\/musiquesjuives\\\/\",\"https:\\\/\\\/www.youtube.com\\\/user\\\/musiquesjuives\"]},{\"@type\":\"Person\",\"@id\":\"https:\\\/\\\/www.iemj.org\\\/it\\\/#\\\/schema\\\/person\\\/358e26c18aca017fcc4cc15437f7279c\",\"name\":\"Jacqueline ROTEN\",\"image\":{\"@type\":\"ImageObject\",\"inLanguage\":\"it-IT\",\"@id\":\"https:\\\/\\\/secure.gravatar.com\\\/avatar\\\/5964256d6c6957de3a3505278957e0fb2a35119ac47ea41827a65301213c810b?s=96&d=mm&r=g\",\"url\":\"https:\\\/\\\/secure.gravatar.com\\\/avatar\\\/5964256d6c6957de3a3505278957e0fb2a35119ac47ea41827a65301213c810b?s=96&d=mm&r=g\",\"contentUrl\":\"https:\\\/\\\/secure.gravatar.com\\\/avatar\\\/5964256d6c6957de3a3505278957e0fb2a35119ac47ea41827a65301213c810b?s=96&d=mm&r=g\",\"caption\":\"Jacqueline ROTEN\"}}]}<\/script>\n<!-- \/ Yoast SEO plugin. -->","yoast_head_json":{"title":"CENTENARIO DELLA MORTE DI FERNAND HALPHEN - Institut Europ\u00e9en des Musiques Juives","robots":{"index":"noindex","follow":"follow"},"og_locale":"it_IT","og_type":"article","og_title":"CENTENARIO DELLA MORTE DI FERNAND HALPHEN - Institut Europ\u00e9en des Musiques Juives","og_description":"Quattro concerti Durante il mese di marzo 2017, una serie di 4 concerti dell&#8217;Orchestre du Campus d&#8217;Orsay, in collaborazione con l&#8217;IEMJ, onorer\u00e0 le opere di Fernand Halphen, \u00a0insieme a quelle","og_url":"https:\/\/www.iemj.org\/it\/centenaire-du-deces-de-fernand-halphen\/","og_site_name":"Institut Europ\u00e9en des Musiques Juives","article_publisher":"https:\/\/www.facebook.com\/MusiquesJuives\/","article_published_time":"2017-03-01T08:49:44+00:00","article_modified_time":"2023-08-25T10:16:18+00:00","og_image":[{"width":191,"height":253,"url":"https:\/\/www.iemj.org\/wp-content\/uploads\/2017\/03\/arton2143.jpg","type":"image\/jpeg"}],"author":"Jacqueline ROTEN","twitter_card":"summary_large_image","twitter_misc":{"Scritto da":"Jacqueline ROTEN","Tempo di lettura stimato":"2 minuti"},"schema":{"@context":"https:\/\/schema.org","@graph":[{"@type":"Article","@id":"https:\/\/www.iemj.org\/it\/centenaire-du-deces-de-fernand-halphen\/#article","isPartOf":{"@id":"https:\/\/www.iemj.org\/it\/centenaire-du-deces-de-fernand-halphen\/"},"author":{"name":"Jacqueline ROTEN","@id":"https:\/\/www.iemj.org\/it\/#\/schema\/person\/358e26c18aca017fcc4cc15437f7279c"},"headline":"CENTENARIO DELLA MORTE DI FERNAND HALPHEN","datePublished":"2017-03-01T08:49:44+00:00","dateModified":"2023-08-25T10:16:18+00:00","mainEntityOfPage":{"@id":"https:\/\/www.iemj.org\/it\/centenaire-du-deces-de-fernand-halphen\/"},"wordCount":276,"publisher":{"@id":"https:\/\/www.iemj.org\/it\/#organization"},"image":{"@id":"https:\/\/www.iemj.org\/it\/centenaire-du-deces-de-fernand-halphen\/#primaryimage"},"thumbnailUrl":"https:\/\/www.iemj.org\/wp-content\/uploads\/2017\/03\/arton2143.jpg","keywords":["Eventi partner"],"articleSection":["Concerti","Manifestazioni"],"inLanguage":"it-IT"},{"@type":"WebPage","@id":"https:\/\/www.iemj.org\/it\/centenaire-du-deces-de-fernand-halphen\/","url":"https:\/\/www.iemj.org\/it\/centenaire-du-deces-de-fernand-halphen\/","name":"CENTENARIO DELLA MORTE DI FERNAND HALPHEN - Institut Europ\u00e9en des Musiques Juives","isPartOf":{"@id":"https:\/\/www.iemj.org\/it\/#website"},"primaryImageOfPage":{"@id":"https:\/\/www.iemj.org\/it\/centenaire-du-deces-de-fernand-halphen\/#primaryimage"},"image":{"@id":"https:\/\/www.iemj.org\/it\/centenaire-du-deces-de-fernand-halphen\/#primaryimage"},"thumbnailUrl":"https:\/\/www.iemj.org\/wp-content\/uploads\/2017\/03\/arton2143.jpg","datePublished":"2017-03-01T08:49:44+00:00","dateModified":"2023-08-25T10:16:18+00:00","breadcrumb":{"@id":"https:\/\/www.iemj.org\/it\/centenaire-du-deces-de-fernand-halphen\/#breadcrumb"},"inLanguage":"it-IT","potentialAction":[{"@type":"ReadAction","target":["https:\/\/www.iemj.org\/it\/centenaire-du-deces-de-fernand-halphen\/"]}]},{"@type":"ImageObject","inLanguage":"it-IT","@id":"https:\/\/www.iemj.org\/it\/centenaire-du-deces-de-fernand-halphen\/#primaryimage","url":"https:\/\/www.iemj.org\/wp-content\/uploads\/2017\/03\/arton2143.jpg","contentUrl":"https:\/\/www.iemj.org\/wp-content\/uploads\/2017\/03\/arton2143.jpg","width":191,"height":253},{"@type":"BreadcrumbList","@id":"https:\/\/www.iemj.org\/it\/centenaire-du-deces-de-fernand-halphen\/#breadcrumb","itemListElement":[{"@type":"ListItem","position":1,"name":"Accueil","item":"https:\/\/www.iemj.org\/it\/"},{"@type":"ListItem","position":2,"name":"CENTENARIO DELLA MORTE DI FERNAND HALPHEN"}]},{"@type":"WebSite","@id":"https:\/\/www.iemj.org\/it\/#website","url":"https:\/\/www.iemj.org\/it\/","name":"Institut Europ\u00e9en des Musiques Juives","description":"Des traditions musicales \u00e0 la port\u00e9e de tous","publisher":{"@id":"https:\/\/www.iemj.org\/it\/#organization"},"potentialAction":[{"@type":"SearchAction","target":{"@type":"EntryPoint","urlTemplate":"https:\/\/www.iemj.org\/it\/?s={search_term_string}"},"query-input":{"@type":"PropertyValueSpecification","valueRequired":true,"valueName":"search_term_string"}}],"inLanguage":"it-IT"},{"@type":"Organization","@id":"https:\/\/www.iemj.org\/it\/#organization","name":"Institut Europ\u00e9en des Musiques Juives","url":"https:\/\/www.iemj.org\/it\/","logo":{"@type":"ImageObject","inLanguage":"it-IT","@id":"https:\/\/www.iemj.org\/it\/#\/schema\/logo\/image\/","url":"https:\/\/www.iemj.org\/wp-content\/uploads\/2021\/09\/Logo-IEMJ-Paypal.jpg","contentUrl":"https:\/\/www.iemj.org\/wp-content\/uploads\/2021\/09\/Logo-IEMJ-Paypal.jpg","width":150,"height":50,"caption":"Institut Europ\u00e9en des Musiques Juives"},"image":{"@id":"https:\/\/www.iemj.org\/it\/#\/schema\/logo\/image\/"},"sameAs":["https:\/\/www.facebook.com\/MusiquesJuives\/","https:\/\/www.instagram.com\/musiquesjuives\/","https:\/\/www.youtube.com\/user\/musiquesjuives"]},{"@type":"Person","@id":"https:\/\/www.iemj.org\/it\/#\/schema\/person\/358e26c18aca017fcc4cc15437f7279c","name":"Jacqueline ROTEN","image":{"@type":"ImageObject","inLanguage":"it-IT","@id":"https:\/\/secure.gravatar.com\/avatar\/5964256d6c6957de3a3505278957e0fb2a35119ac47ea41827a65301213c810b?s=96&d=mm&r=g","url":"https:\/\/secure.gravatar.com\/avatar\/5964256d6c6957de3a3505278957e0fb2a35119ac47ea41827a65301213c810b?s=96&d=mm&r=g","contentUrl":"https:\/\/secure.gravatar.com\/avatar\/5964256d6c6957de3a3505278957e0fb2a35119ac47ea41827a65301213c810b?s=96&d=mm&r=g","caption":"Jacqueline ROTEN"}}]}},"_links":{"self":[{"href":"https:\/\/www.iemj.org\/it\/wp-json\/wp\/v2\/posts\/101704","targetHints":{"allow":["GET"]}}],"collection":[{"href":"https:\/\/www.iemj.org\/it\/wp-json\/wp\/v2\/posts"}],"about":[{"href":"https:\/\/www.iemj.org\/it\/wp-json\/wp\/v2\/types\/post"}],"author":[{"embeddable":true,"href":"https:\/\/www.iemj.org\/it\/wp-json\/wp\/v2\/users\/5"}],"replies":[{"embeddable":true,"href":"https:\/\/www.iemj.org\/it\/wp-json\/wp\/v2\/comments?post=101704"}],"version-history":[{"count":0,"href":"https:\/\/www.iemj.org\/it\/wp-json\/wp\/v2\/posts\/101704\/revisions"}],"wp:featuredmedia":[{"embeddable":true,"href":"https:\/\/www.iemj.org\/it\/wp-json\/wp\/v2\/media\/101705"}],"wp:attachment":[{"href":"https:\/\/www.iemj.org\/it\/wp-json\/wp\/v2\/media?parent=101704"}],"wp:term":[{"taxonomy":"category","embeddable":true,"href":"https:\/\/www.iemj.org\/it\/wp-json\/wp\/v2\/categories?post=101704"},{"taxonomy":"post_tag","embeddable":true,"href":"https:\/\/www.iemj.org\/it\/wp-json\/wp\/v2\/tags?post=101704"},{"taxonomy":"technique","embeddable":true,"href":"https:\/\/www.iemj.org\/it\/wp-json\/wp\/v2\/technique?post=101704"},{"taxonomy":"squelettes","embeddable":true,"href":"https:\/\/www.iemj.org\/it\/wp-json\/wp\/v2\/squelettes?post=101704"},{"taxonomy":"sujet","embeddable":true,"href":"https:\/\/www.iemj.org\/it\/wp-json\/wp\/v2\/sujet?post=101704"},{"taxonomy":"formation","embeddable":true,"href":"https:\/\/www.iemj.org\/it\/wp-json\/wp\/v2\/formation?post=101704"},{"taxonomy":"genre","embeddable":true,"href":"https:\/\/www.iemj.org\/it\/wp-json\/wp\/v2\/genre?post=101704"},{"taxonomy":"fonds","embeddable":true,"href":"https:\/\/www.iemj.org\/it\/wp-json\/wp\/v2\/fonds?post=101704"},{"taxonomy":"tradition","embeddable":true,"href":"https:\/\/www.iemj.org\/it\/wp-json\/wp\/v2\/tradition?post=101704"},{"taxonomy":"type-de-contenu","embeddable":true,"href":"https:\/\/www.iemj.org\/it\/wp-json\/wp\/v2\/type-de-contenu?post=101704"},{"taxonomy":"interprete-compositeur","embeddable":true,"href":"https:\/\/www.iemj.org\/it\/wp-json\/wp\/v2\/interprete-compositeur?post=101704"},{"taxonomy":"frise","embeddable":true,"href":"https:\/\/www.iemj.org\/it\/wp-json\/wp\/v2\/frise?post=101704"},{"taxonomy":"type-devenement","embeddable":true,"href":"https:\/\/www.iemj.org\/it\/wp-json\/wp\/v2\/type-devenement?post=101704"},{"taxonomy":"tableaux-liens-externes","embeddable":true,"href":"https:\/\/www.iemj.org\/it\/wp-json\/wp\/v2\/tableaux-liens-externes?post=101704"}],"curies":[{"name":"wp","href":"https:\/\/api.w.org\/{rel}","templated":true}]}}