{"id":101989,"date":"2016-04-12T12:58:30","date_gmt":"2016-04-12T10:58:30","guid":{"rendered":"https:\/\/www.iemj.org\/chants-et-emotions\/"},"modified":"2025-10-22T14:16:40","modified_gmt":"2025-10-22T12:16:40","slug":"chants-et-emotions","status":"publish","type":"post","link":"https:\/\/www.iemj.org\/it\/chants-et-emotions\/","title":{"rendered":"Chants et Emotions"},"content":{"rendered":"<p>Il primo CD di questo cofanetto contiene registrazioni di concerti delle Polyphonies H\u00e9bra\u00efques de Strasbourg, tra il 2011 ed il 2013. Questo complesso, oggi composto da una cinquantina di coristi e solisti sotto la direzione di <strong>Hector Sabo<\/strong>, \u00e8 stato fondato nel 1996. Accompagnato all&#8217;organo da <strong>Michel Hild<\/strong>, il coro presenta un ricco e variegato repertorio di liturgia ebraica dal XVII al XXI secolo, canti ladini, canti israeliani ecc.<\/p>\n<p>Dal 2011, le <a href=\"https:\/\/www.polyphonies67.com\/\" target=\"_blank\" rel=\"noopener\"><em>Polyphonies H\u00e9bra\u00efques de Strasbourg<\/em><\/a> sono state invitate a esibirsi in Alsazia, naturalmente, ma anche a Berlino ed al Lussemburgo, in concerti registrati che fanno da sfondo a questo CD.<\/p>\n<p><img fetchpriority=\"high\" decoding=\"async\" class=\" aligncenter wp-image-10138\" src=\"https:\/\/www.iemj.org\/wp-content\/uploads\/2016\/04\/cd_812_couv4.jpg\" alt=\"cd_812_couv4.jpg\" width=\"709\" height=\"620\" align=\"center\" srcset=\"https:\/\/www.iemj.org\/wp-content\/uploads\/2016\/04\/cd_812_couv4.jpg 1113w, https:\/\/www.iemj.org\/wp-content\/uploads\/2016\/04\/cd_812_couv4-300x263.jpg 300w, https:\/\/www.iemj.org\/wp-content\/uploads\/2016\/04\/cd_812_couv4-1024x896.jpg 1024w, https:\/\/www.iemj.org\/wp-content\/uploads\/2016\/04\/cd_812_couv4-768x672.jpg 768w, https:\/\/www.iemj.org\/wp-content\/uploads\/2016\/04\/cd_812_couv4-600x525.jpg 600w\" sizes=\"(max-width: 709px) 100vw, 709px\" \/><\/p>\n<p>L&#8217;originalit\u00e0 della musica sinagogale delle principali capitali europee ed americane deriva dal fatto che spesso veniva commissionata ad eminenti compositori per occasioni eccezionali, celebrazioni fuori dall&#8217;ordinario o per segnare un evento importante nella vita delle comunit\u00e0 ebraiche delle grandi citt\u00e0 e talvolta anche delle citt\u00e0 di medie dimensioni. Ci sono composizioni scritte per piccoli ensemble vocali professionali o per ensemble vocali di alto livello. Lo scopo \u00e8 quello di elevare spiritualmente alcune funzioni speciali, cerimonie nuziali od altri eventi importanti.<\/p>\n<p>Il secondo CD di questo cofanetto presenta l&#8217;<em>Ensemble Vocal H\u00e9bra\u00efca<\/em>, che si \u00e8 prefisso il compito di restituire, nelle migliori condizioni possibili, la qualit\u00e0 musicale di queste opere notevoli, spesso poco conosciute, che meritano di entrare a far parte del &#8220;grande repertorio&#8221; della musica universale. L&#8217;ensemble esplora anche altri stili musicali derivati o legati al canto ebraico, sia in versioni originali che in arrangiamenti appositamente adattati allo stile dei vari gruppi vocali.<\/p>\n<p><a href=\"https:\/\/www.polyphonies67.com\/extraits\" target=\"_blank\" rel=\"noopener\">Per saperne di pi\u00f9 ed ordinare il CD<\/a><\/p>\n<p><img decoding=\"async\" class=\"wp-image-110609 aligncenter\" src=\"https:\/\/www.iemj.org\/wp-content\/uploads\/2024\/03\/AUDIO-PLAYER-300x39.png\" alt=\"\" width=\"900\" height=\"117\" srcset=\"https:\/\/www.iemj.org\/wp-content\/uploads\/2024\/03\/AUDIO-PLAYER-300x39.png 300w, https:\/\/www.iemj.org\/wp-content\/uploads\/2024\/03\/AUDIO-PLAYER-1024x133.png 1024w, https:\/\/www.iemj.org\/wp-content\/uploads\/2024\/03\/AUDIO-PLAYER-768x100.png 768w, https:\/\/www.iemj.org\/wp-content\/uploads\/2024\/03\/AUDIO-PLAYER-600x78.png 600w, https:\/\/www.iemj.org\/wp-content\/uploads\/2024\/03\/AUDIO-PLAYER.png 1210w\" sizes=\"(max-width: 900px) 100vw, 900px\" \/><\/p>\n","protected":false},"excerpt":{"rendered":"<p>Il primo CD di questo cofanetto contiene registrazioni di concerti delle Polyphonies H\u00e9bra\u00efques de Strasbourg, tra il 2011 ed il 2013. Questo complesso, oggi composto da una cinquantina di coristi<\/p>\n","protected":false},"author":1048,"featured_media":101990,"comment_status":"closed","ping_status":"closed","sticky":false,"template":"","format":"standard","meta":{"_acf_changed":false,"footnotes":""},"categories":[1569,1564],"tags":[],"technique":[],"squelettes":[],"sujet":[],"formation":[],"genre":[1892],"fonds":[],"tradition":[],"type-de-contenu":[],"interprete-compositeur":[],"frise":[],"type-devenement":[],"tableaux-liens-externes":[],"class_list":["post-101989","post","type-post","status-publish","format-standard","has-post-thumbnail","hentry","category-cd-it","category-ultimi-acquisti-it","genre-liturgia-it"],"acf":[],"yoast_head":"<!-- This site is optimized with the Yoast SEO plugin v27.3 - https:\/\/yoast.com\/product\/yoast-seo-wordpress\/ -->\n<title>Chants et Emotions - Institut Europ\u00e9en des Musiques Juives<\/title>\n<meta name=\"robots\" content=\"index, follow, max-snippet:-1, max-image-preview:large, max-video-preview:-1\" \/>\n<link rel=\"canonical\" href=\"https:\/\/www.iemj.org\/it\/chants-et-emotions\/\" \/>\n<meta property=\"og:locale\" content=\"it_IT\" \/>\n<meta property=\"og:type\" content=\"article\" \/>\n<meta property=\"og:title\" content=\"Chants et Emotions - Institut Europ\u00e9en des Musiques Juives\" \/>\n<meta property=\"og:description\" content=\"Il primo CD di questo cofanetto contiene registrazioni di concerti delle Polyphonies H\u00e9bra\u00efques de Strasbourg, tra il 2011 ed il 2013. Questo complesso, oggi composto da una cinquantina di coristi\" \/>\n<meta property=\"og:url\" content=\"https:\/\/www.iemj.org\/it\/chants-et-emotions\/\" \/>\n<meta property=\"og:site_name\" content=\"Institut Europ\u00e9en des Musiques Juives\" \/>\n<meta property=\"article:publisher\" content=\"https:\/\/www.facebook.com\/MusiquesJuives\/\" \/>\n<meta property=\"article:published_time\" content=\"2016-04-12T10:58:30+00:00\" \/>\n<meta property=\"article:modified_time\" content=\"2025-10-22T12:16:40+00:00\" \/>\n<meta property=\"og:image\" content=\"https:\/\/www.iemj.org\/wp-content\/uploads\/2016\/04\/arton1594-e1619368454515.jpg\" \/>\n\t<meta property=\"og:image:width\" content=\"350\" \/>\n\t<meta property=\"og:image:height\" content=\"311\" \/>\n\t<meta property=\"og:image:type\" content=\"image\/jpeg\" \/>\n<meta name=\"author\" content=\"Jean-Gabriel Davis\" \/>\n<meta name=\"twitter:card\" content=\"summary_large_image\" \/>\n<meta name=\"twitter:label1\" content=\"Scritto da\" \/>\n\t<meta name=\"twitter:data1\" content=\"Jean-Gabriel Davis\" \/>\n\t<meta name=\"twitter:label2\" content=\"Tempo di lettura stimato\" \/>\n\t<meta name=\"twitter:data2\" content=\"2 minuti\" \/>\n<script type=\"application\/ld+json\" class=\"yoast-schema-graph\">{\"@context\":\"https:\\\/\\\/schema.org\",\"@graph\":[{\"@type\":\"Article\",\"@id\":\"https:\\\/\\\/www.iemj.org\\\/it\\\/chants-et-emotions\\\/#article\",\"isPartOf\":{\"@id\":\"https:\\\/\\\/www.iemj.org\\\/it\\\/chants-et-emotions\\\/\"},\"author\":{\"name\":\"Jean-Gabriel Davis\",\"@id\":\"https:\\\/\\\/www.iemj.org\\\/it\\\/#\\\/schema\\\/person\\\/c9bc1c386a3749579a2d675e72a18666\"},\"headline\":\"Chants et Emotions\",\"datePublished\":\"2016-04-12T10:58:30+00:00\",\"dateModified\":\"2025-10-22T12:16:40+00:00\",\"mainEntityOfPage\":{\"@id\":\"https:\\\/\\\/www.iemj.org\\\/it\\\/chants-et-emotions\\\/\"},\"wordCount\":268,\"publisher\":{\"@id\":\"https:\\\/\\\/www.iemj.org\\\/it\\\/#organization\"},\"image\":{\"@id\":\"https:\\\/\\\/www.iemj.org\\\/it\\\/chants-et-emotions\\\/#primaryimage\"},\"thumbnailUrl\":\"https:\\\/\\\/www.iemj.org\\\/wp-content\\\/uploads\\\/2016\\\/04\\\/arton1594-e1619368454515.jpg\",\"articleSection\":[\"CD\",\"Ultimi acquisti\"],\"inLanguage\":\"it-IT\"},{\"@type\":\"WebPage\",\"@id\":\"https:\\\/\\\/www.iemj.org\\\/it\\\/chants-et-emotions\\\/\",\"url\":\"https:\\\/\\\/www.iemj.org\\\/it\\\/chants-et-emotions\\\/\",\"name\":\"Chants et Emotions - Institut Europ\u00e9en des Musiques Juives\",\"isPartOf\":{\"@id\":\"https:\\\/\\\/www.iemj.org\\\/it\\\/#website\"},\"primaryImageOfPage\":{\"@id\":\"https:\\\/\\\/www.iemj.org\\\/it\\\/chants-et-emotions\\\/#primaryimage\"},\"image\":{\"@id\":\"https:\\\/\\\/www.iemj.org\\\/it\\\/chants-et-emotions\\\/#primaryimage\"},\"thumbnailUrl\":\"https:\\\/\\\/www.iemj.org\\\/wp-content\\\/uploads\\\/2016\\\/04\\\/arton1594-e1619368454515.jpg\",\"datePublished\":\"2016-04-12T10:58:30+00:00\",\"dateModified\":\"2025-10-22T12:16:40+00:00\",\"breadcrumb\":{\"@id\":\"https:\\\/\\\/www.iemj.org\\\/it\\\/chants-et-emotions\\\/#breadcrumb\"},\"inLanguage\":\"it-IT\",\"potentialAction\":[{\"@type\":\"ReadAction\",\"target\":[\"https:\\\/\\\/www.iemj.org\\\/it\\\/chants-et-emotions\\\/\"]}]},{\"@type\":\"ImageObject\",\"inLanguage\":\"it-IT\",\"@id\":\"https:\\\/\\\/www.iemj.org\\\/it\\\/chants-et-emotions\\\/#primaryimage\",\"url\":\"https:\\\/\\\/www.iemj.org\\\/wp-content\\\/uploads\\\/2016\\\/04\\\/arton1594-e1619368454515.jpg\",\"contentUrl\":\"https:\\\/\\\/www.iemj.org\\\/wp-content\\\/uploads\\\/2016\\\/04\\\/arton1594-e1619368454515.jpg\",\"width\":350,\"height\":311},{\"@type\":\"BreadcrumbList\",\"@id\":\"https:\\\/\\\/www.iemj.org\\\/it\\\/chants-et-emotions\\\/#breadcrumb\",\"itemListElement\":[{\"@type\":\"ListItem\",\"position\":1,\"name\":\"Accueil\",\"item\":\"https:\\\/\\\/www.iemj.org\\\/it\\\/\"},{\"@type\":\"ListItem\",\"position\":2,\"name\":\"Chants et Emotions\"}]},{\"@type\":\"WebSite\",\"@id\":\"https:\\\/\\\/www.iemj.org\\\/it\\\/#website\",\"url\":\"https:\\\/\\\/www.iemj.org\\\/it\\\/\",\"name\":\"Institut Europ\u00e9en des Musiques Juives\",\"description\":\"Des traditions musicales \u00e0 la port\u00e9e de tous\",\"publisher\":{\"@id\":\"https:\\\/\\\/www.iemj.org\\\/it\\\/#organization\"},\"potentialAction\":[{\"@type\":\"SearchAction\",\"target\":{\"@type\":\"EntryPoint\",\"urlTemplate\":\"https:\\\/\\\/www.iemj.org\\\/it\\\/?s={search_term_string}\"},\"query-input\":{\"@type\":\"PropertyValueSpecification\",\"valueRequired\":true,\"valueName\":\"search_term_string\"}}],\"inLanguage\":\"it-IT\"},{\"@type\":\"Organization\",\"@id\":\"https:\\\/\\\/www.iemj.org\\\/it\\\/#organization\",\"name\":\"Institut Europ\u00e9en des Musiques Juives\",\"url\":\"https:\\\/\\\/www.iemj.org\\\/it\\\/\",\"logo\":{\"@type\":\"ImageObject\",\"inLanguage\":\"it-IT\",\"@id\":\"https:\\\/\\\/www.iemj.org\\\/it\\\/#\\\/schema\\\/logo\\\/image\\\/\",\"url\":\"https:\\\/\\\/www.iemj.org\\\/wp-content\\\/uploads\\\/2021\\\/09\\\/Logo-IEMJ-Paypal.jpg\",\"contentUrl\":\"https:\\\/\\\/www.iemj.org\\\/wp-content\\\/uploads\\\/2021\\\/09\\\/Logo-IEMJ-Paypal.jpg\",\"width\":150,\"height\":50,\"caption\":\"Institut Europ\u00e9en des Musiques Juives\"},\"image\":{\"@id\":\"https:\\\/\\\/www.iemj.org\\\/it\\\/#\\\/schema\\\/logo\\\/image\\\/\"},\"sameAs\":[\"https:\\\/\\\/www.facebook.com\\\/MusiquesJuives\\\/\",\"https:\\\/\\\/www.instagram.com\\\/musiquesjuives\\\/\",\"https:\\\/\\\/www.youtube.com\\\/user\\\/musiquesjuives\"]},{\"@type\":\"Person\",\"@id\":\"https:\\\/\\\/www.iemj.org\\\/it\\\/#\\\/schema\\\/person\\\/c9bc1c386a3749579a2d675e72a18666\",\"name\":\"Jean-Gabriel Davis\",\"image\":{\"@type\":\"ImageObject\",\"inLanguage\":\"it-IT\",\"@id\":\"https:\\\/\\\/secure.gravatar.com\\\/avatar\\\/2b90d67bdf392c9b3a21fab87c0fa7edaf1fb3a058172a1ffd61033fcec7aec1?s=96&d=mm&r=g\",\"url\":\"https:\\\/\\\/secure.gravatar.com\\\/avatar\\\/2b90d67bdf392c9b3a21fab87c0fa7edaf1fb3a058172a1ffd61033fcec7aec1?s=96&d=mm&r=g\",\"contentUrl\":\"https:\\\/\\\/secure.gravatar.com\\\/avatar\\\/2b90d67bdf392c9b3a21fab87c0fa7edaf1fb3a058172a1ffd61033fcec7aec1?s=96&d=mm&r=g\",\"caption\":\"Jean-Gabriel Davis\"}}]}<\/script>\n<!-- \/ Yoast SEO plugin. -->","yoast_head_json":{"title":"Chants et Emotions - Institut Europ\u00e9en des Musiques Juives","robots":{"index":"index","follow":"follow","max-snippet":"max-snippet:-1","max-image-preview":"max-image-preview:large","max-video-preview":"max-video-preview:-1"},"canonical":"https:\/\/www.iemj.org\/it\/chants-et-emotions\/","og_locale":"it_IT","og_type":"article","og_title":"Chants et Emotions - Institut Europ\u00e9en des Musiques Juives","og_description":"Il primo CD di questo cofanetto contiene registrazioni di concerti delle Polyphonies H\u00e9bra\u00efques de Strasbourg, tra il 2011 ed il 2013. Questo complesso, oggi composto da una cinquantina di coristi","og_url":"https:\/\/www.iemj.org\/it\/chants-et-emotions\/","og_site_name":"Institut Europ\u00e9en des Musiques Juives","article_publisher":"https:\/\/www.facebook.com\/MusiquesJuives\/","article_published_time":"2016-04-12T10:58:30+00:00","article_modified_time":"2025-10-22T12:16:40+00:00","og_image":[{"width":350,"height":311,"url":"https:\/\/www.iemj.org\/wp-content\/uploads\/2016\/04\/arton1594-e1619368454515.jpg","type":"image\/jpeg"}],"author":"Jean-Gabriel Davis","twitter_card":"summary_large_image","twitter_misc":{"Scritto da":"Jean-Gabriel Davis","Tempo di lettura stimato":"2 minuti"},"schema":{"@context":"https:\/\/schema.org","@graph":[{"@type":"Article","@id":"https:\/\/www.iemj.org\/it\/chants-et-emotions\/#article","isPartOf":{"@id":"https:\/\/www.iemj.org\/it\/chants-et-emotions\/"},"author":{"name":"Jean-Gabriel Davis","@id":"https:\/\/www.iemj.org\/it\/#\/schema\/person\/c9bc1c386a3749579a2d675e72a18666"},"headline":"Chants et Emotions","datePublished":"2016-04-12T10:58:30+00:00","dateModified":"2025-10-22T12:16:40+00:00","mainEntityOfPage":{"@id":"https:\/\/www.iemj.org\/it\/chants-et-emotions\/"},"wordCount":268,"publisher":{"@id":"https:\/\/www.iemj.org\/it\/#organization"},"image":{"@id":"https:\/\/www.iemj.org\/it\/chants-et-emotions\/#primaryimage"},"thumbnailUrl":"https:\/\/www.iemj.org\/wp-content\/uploads\/2016\/04\/arton1594-e1619368454515.jpg","articleSection":["CD","Ultimi acquisti"],"inLanguage":"it-IT"},{"@type":"WebPage","@id":"https:\/\/www.iemj.org\/it\/chants-et-emotions\/","url":"https:\/\/www.iemj.org\/it\/chants-et-emotions\/","name":"Chants et Emotions - Institut Europ\u00e9en des Musiques Juives","isPartOf":{"@id":"https:\/\/www.iemj.org\/it\/#website"},"primaryImageOfPage":{"@id":"https:\/\/www.iemj.org\/it\/chants-et-emotions\/#primaryimage"},"image":{"@id":"https:\/\/www.iemj.org\/it\/chants-et-emotions\/#primaryimage"},"thumbnailUrl":"https:\/\/www.iemj.org\/wp-content\/uploads\/2016\/04\/arton1594-e1619368454515.jpg","datePublished":"2016-04-12T10:58:30+00:00","dateModified":"2025-10-22T12:16:40+00:00","breadcrumb":{"@id":"https:\/\/www.iemj.org\/it\/chants-et-emotions\/#breadcrumb"},"inLanguage":"it-IT","potentialAction":[{"@type":"ReadAction","target":["https:\/\/www.iemj.org\/it\/chants-et-emotions\/"]}]},{"@type":"ImageObject","inLanguage":"it-IT","@id":"https:\/\/www.iemj.org\/it\/chants-et-emotions\/#primaryimage","url":"https:\/\/www.iemj.org\/wp-content\/uploads\/2016\/04\/arton1594-e1619368454515.jpg","contentUrl":"https:\/\/www.iemj.org\/wp-content\/uploads\/2016\/04\/arton1594-e1619368454515.jpg","width":350,"height":311},{"@type":"BreadcrumbList","@id":"https:\/\/www.iemj.org\/it\/chants-et-emotions\/#breadcrumb","itemListElement":[{"@type":"ListItem","position":1,"name":"Accueil","item":"https:\/\/www.iemj.org\/it\/"},{"@type":"ListItem","position":2,"name":"Chants et Emotions"}]},{"@type":"WebSite","@id":"https:\/\/www.iemj.org\/it\/#website","url":"https:\/\/www.iemj.org\/it\/","name":"Institut Europ\u00e9en des Musiques Juives","description":"Des traditions musicales \u00e0 la port\u00e9e de tous","publisher":{"@id":"https:\/\/www.iemj.org\/it\/#organization"},"potentialAction":[{"@type":"SearchAction","target":{"@type":"EntryPoint","urlTemplate":"https:\/\/www.iemj.org\/it\/?s={search_term_string}"},"query-input":{"@type":"PropertyValueSpecification","valueRequired":true,"valueName":"search_term_string"}}],"inLanguage":"it-IT"},{"@type":"Organization","@id":"https:\/\/www.iemj.org\/it\/#organization","name":"Institut Europ\u00e9en des Musiques Juives","url":"https:\/\/www.iemj.org\/it\/","logo":{"@type":"ImageObject","inLanguage":"it-IT","@id":"https:\/\/www.iemj.org\/it\/#\/schema\/logo\/image\/","url":"https:\/\/www.iemj.org\/wp-content\/uploads\/2021\/09\/Logo-IEMJ-Paypal.jpg","contentUrl":"https:\/\/www.iemj.org\/wp-content\/uploads\/2021\/09\/Logo-IEMJ-Paypal.jpg","width":150,"height":50,"caption":"Institut Europ\u00e9en des Musiques Juives"},"image":{"@id":"https:\/\/www.iemj.org\/it\/#\/schema\/logo\/image\/"},"sameAs":["https:\/\/www.facebook.com\/MusiquesJuives\/","https:\/\/www.instagram.com\/musiquesjuives\/","https:\/\/www.youtube.com\/user\/musiquesjuives"]},{"@type":"Person","@id":"https:\/\/www.iemj.org\/it\/#\/schema\/person\/c9bc1c386a3749579a2d675e72a18666","name":"Jean-Gabriel Davis","image":{"@type":"ImageObject","inLanguage":"it-IT","@id":"https:\/\/secure.gravatar.com\/avatar\/2b90d67bdf392c9b3a21fab87c0fa7edaf1fb3a058172a1ffd61033fcec7aec1?s=96&d=mm&r=g","url":"https:\/\/secure.gravatar.com\/avatar\/2b90d67bdf392c9b3a21fab87c0fa7edaf1fb3a058172a1ffd61033fcec7aec1?s=96&d=mm&r=g","contentUrl":"https:\/\/secure.gravatar.com\/avatar\/2b90d67bdf392c9b3a21fab87c0fa7edaf1fb3a058172a1ffd61033fcec7aec1?s=96&d=mm&r=g","caption":"Jean-Gabriel Davis"}}]}},"_links":{"self":[{"href":"https:\/\/www.iemj.org\/it\/wp-json\/wp\/v2\/posts\/101989","targetHints":{"allow":["GET"]}}],"collection":[{"href":"https:\/\/www.iemj.org\/it\/wp-json\/wp\/v2\/posts"}],"about":[{"href":"https:\/\/www.iemj.org\/it\/wp-json\/wp\/v2\/types\/post"}],"author":[{"embeddable":true,"href":"https:\/\/www.iemj.org\/it\/wp-json\/wp\/v2\/users\/1048"}],"replies":[{"embeddable":true,"href":"https:\/\/www.iemj.org\/it\/wp-json\/wp\/v2\/comments?post=101989"}],"version-history":[{"count":1,"href":"https:\/\/www.iemj.org\/it\/wp-json\/wp\/v2\/posts\/101989\/revisions"}],"predecessor-version":[{"id":127648,"href":"https:\/\/www.iemj.org\/it\/wp-json\/wp\/v2\/posts\/101989\/revisions\/127648"}],"wp:featuredmedia":[{"embeddable":true,"href":"https:\/\/www.iemj.org\/it\/wp-json\/wp\/v2\/media\/101990"}],"wp:attachment":[{"href":"https:\/\/www.iemj.org\/it\/wp-json\/wp\/v2\/media?parent=101989"}],"wp:term":[{"taxonomy":"category","embeddable":true,"href":"https:\/\/www.iemj.org\/it\/wp-json\/wp\/v2\/categories?post=101989"},{"taxonomy":"post_tag","embeddable":true,"href":"https:\/\/www.iemj.org\/it\/wp-json\/wp\/v2\/tags?post=101989"},{"taxonomy":"technique","embeddable":true,"href":"https:\/\/www.iemj.org\/it\/wp-json\/wp\/v2\/technique?post=101989"},{"taxonomy":"squelettes","embeddable":true,"href":"https:\/\/www.iemj.org\/it\/wp-json\/wp\/v2\/squelettes?post=101989"},{"taxonomy":"sujet","embeddable":true,"href":"https:\/\/www.iemj.org\/it\/wp-json\/wp\/v2\/sujet?post=101989"},{"taxonomy":"formation","embeddable":true,"href":"https:\/\/www.iemj.org\/it\/wp-json\/wp\/v2\/formation?post=101989"},{"taxonomy":"genre","embeddable":true,"href":"https:\/\/www.iemj.org\/it\/wp-json\/wp\/v2\/genre?post=101989"},{"taxonomy":"fonds","embeddable":true,"href":"https:\/\/www.iemj.org\/it\/wp-json\/wp\/v2\/fonds?post=101989"},{"taxonomy":"tradition","embeddable":true,"href":"https:\/\/www.iemj.org\/it\/wp-json\/wp\/v2\/tradition?post=101989"},{"taxonomy":"type-de-contenu","embeddable":true,"href":"https:\/\/www.iemj.org\/it\/wp-json\/wp\/v2\/type-de-contenu?post=101989"},{"taxonomy":"interprete-compositeur","embeddable":true,"href":"https:\/\/www.iemj.org\/it\/wp-json\/wp\/v2\/interprete-compositeur?post=101989"},{"taxonomy":"frise","embeddable":true,"href":"https:\/\/www.iemj.org\/it\/wp-json\/wp\/v2\/frise?post=101989"},{"taxonomy":"type-devenement","embeddable":true,"href":"https:\/\/www.iemj.org\/it\/wp-json\/wp\/v2\/type-devenement?post=101989"},{"taxonomy":"tableaux-liens-externes","embeddable":true,"href":"https:\/\/www.iemj.org\/it\/wp-json\/wp\/v2\/tableaux-liens-externes?post=101989"}],"curies":[{"name":"wp","href":"https:\/\/api.w.org\/{rel}","templated":true}]}}