{"id":102008,"date":"2014-07-10T16:34:52","date_gmt":"2014-07-10T14:34:52","guid":{"rendered":"https:\/\/www.iemj.org\/colloque-et-concerts-vox-aurea-via-sacra-2014-la-musique-sacree-juive\/"},"modified":"2023-08-29T17:03:46","modified_gmt":"2023-08-29T15:03:46","slug":"colloque-et-concerts-vox-aurea-via-sacra-2014-la-musique-sacree-juive","status":"publish","type":"post","link":"https:\/\/www.iemj.org\/it\/colloque-et-concerts-vox-aurea-via-sacra-2014-la-musique-sacree-juive\/","title":{"rendered":"Colloquio e Concerti Vox Aurea-Via Sacra 2014 \u2013 Musica Sacra Ebraica"},"content":{"rendered":"<h3 class=\"post_excerpt\"><strong>Domenica 7 settembre 2014, 18200 Saint-Amand-Montrond<\/strong><\/h3>\n<h3><\/h3>\n<p><!--more--><\/p>\n<p>La musica sacra occupa un posto primordiale nella storia musicale ebraica. Fino all&#8217;inizio del Settecento la storia della musica religiosa ebraica, salvo rare eccezioni, rappresenta quella della musica ebraica in quanto tale. Durante questa giornata, presentazioni seguite da concerti ci porteranno nel cuore del canto sacro ebraico, nelle sue tradizioni bibliche, sinagogali o mistiche, attraverso le grandi tradizioni ashkenazite dell&#8217;Europa orientale o occidentale, e sefardite dei paesi del Maghreb.<\/p>\n<p>A pochi chilometri dalla citt\u00e0 di Bourges, un evento da non perdere !<\/p>\n<p><strong>PROGRAMMA DELLA GIORNATA <\/strong><\/p>\n<p><strong>COLLOQUIO<\/strong> (ingresso libero \u2013 pasto su prenotazione)<\/p>\n<p>8h \u2013 Accoglienza e th\u00e9 verde<br \/>\n<strong>8h45 \u2013 Thierry Vin\u00e7on<\/strong><br \/>\nSindaco di Saint-Amand-Montrond<br \/>\n<em>Discorso d\u2019apertura<\/em><\/p>\n<p><strong>9h &#8211; Herv\u00e9 Roten<\/strong><br \/>\nDirettore dell\u2019Istituto Europeo di Musiche Ebraiche<br \/>\n<a href=\"https:\/\/www.iemj.org\/limportance-du-chant-dans-la-tradition-juive-herve-roten\/\" target=\"_blank\" rel=\"noopener\"><em>L\u2019importanza del canto nella tradizione ebraica<\/em><\/a><\/p>\n<p>10h: pausa<\/p>\n<p><strong>10h30 &#8211; Jean-Philippe Amar<\/strong><br \/>\nMusicologo<br \/>\n<a href=\"https:\/\/www.iemj.org\/cantillation-biblique-et-psalmodie-jean-philippe-amar\/\" target=\"_blank\" rel=\"noopener\"><em>Cantillazione biblica e salmodia<\/em><\/a><br \/>\n<strong>11h30 &#8211; Hector Sabo<\/strong><br \/>\nMusicologo, direttore musicale del Choeur Juif de France et degli Ensembles H\u00e9bra\u00efca et Polyphonies H\u00e9bra\u00efques de Strasbourg<br \/>\n<a href=\"https:\/\/www.iemj.org\/la-voix-dans-la-tradition-liturgique-ashkenaze-hector-sabo\/\" target=\"_blank\" rel=\"noopener\"><em>La voce nella tradizione liturgica ashkenazita<\/em><\/a><br \/>\n<strong>14h &#8211; Marc-Alain Ouaknin<\/strong><br \/>\nRabbino, filosofo e professore di Universit\u00e0<br \/>\n<a href=\"https:\/\/www.iemj.org\/le-chant-mystique-dans-la-tradition-hassidique-marc-alain-ouaknin\/\" target=\"_blank\" rel=\"noopener\"><em>Il canto mistico nella tradizione hassidica<\/em><\/a><br \/>\n<strong>15h &#8211; Jacques Arnold<\/strong><br \/>\nCantore e rabbino onorario<br \/>\n<a href=\"https:\/\/www.iemj.org\/le-hazzan-vecteur-du-chant-synagogal-jacques-arnold\/\" target=\"_blank\" rel=\"noopener\"><em>Il hazzan : vettore del canto sinagogale<\/em><\/a><\/p>\n<p><strong>CONCERTI<\/strong> (entrata : 20 \u20ac)<br \/>\n<strong>17h \u2013 IL CORO EBRAICO DI FRANCIA<\/strong><br \/>\n<a href=\"https:\/\/www.iemj.org\/it\/chants-liturgiques-des-juifs-ashkenazes-le-choeur-juif-de-france\/\" target=\"_blank\" rel=\"noopener\"><em>Canti liturgici degli Ebrei ashkenaziti<\/em><\/a><br \/>\nHector SABO, dir.<br \/>\n<strong>20h30 \u2013 PHILIPPE e MIKAEL DARMON<\/strong><br \/>\n<a href=\"https:\/\/www.iemj.org\/it\/chants-liturgiques-de-juifs-sepharades-philippe-darmon\/\" target=\"_blank\" rel=\"noopener\"><em>Canti liturgici sefarditi<\/em><\/a><\/p>\n<p><strong>Informazioni e prenotazioni<\/strong><br \/>\nt\u00e9l. 02 48 63 83 11 : H\u00f4tel de Ville 2 rue Philibert-Audebrand, BP 196<br \/>\nt\u00e9l. 02 48 96 16 86 : Office de Tourisme Place de la R\u00e9publique<br \/>\n18200 Saint-Amand-Montrond<\/p>\n<p>sito: <a href=\"http:\/\/www.voxaurea-viasacra.com\">www.voxaurea-viasacra.com<\/a><br \/>\ne-mail: <a href=\"mailto:contact@voxaurea-viasacra.com\">contact@voxaurea-viasacra.com<\/a><\/p>\n","protected":false},"excerpt":{"rendered":"<p>Domenica 7 settembre 2014, 18200 Saint-Amand-Montrond<\/p>\n","protected":false},"author":1050,"featured_media":102009,"comment_status":"closed","ping_status":"closed","sticky":false,"template":"","format":"standard","meta":{"_acf_changed":false,"footnotes":""},"categories":[1375,1383,1371],"tags":[],"technique":[],"squelettes":[],"sujet":[],"formation":[],"genre":[1892],"fonds":[],"tradition":[],"type-de-contenu":[],"interprete-compositeur":[],"frise":[],"type-devenement":[],"tableaux-liens-externes":[],"class_list":["post-102008","post","type-post","status-publish","format-standard","has-post-thumbnail","hentry","category-colloquio-it","category-corsi-conferenze-it","category-manifestazioni-it","genre-liturgia-it"],"acf":[],"yoast_head":"<!-- This site is optimized with the Yoast SEO plugin v27.3 - https:\/\/yoast.com\/product\/yoast-seo-wordpress\/ -->\n<title>Colloquio e Concerti Vox Aurea-Via Sacra 2014 \u2013 Musica Sacra Ebraica - Institut Europ\u00e9en des Musiques Juives<\/title>\n<meta name=\"robots\" content=\"noindex, follow\" \/>\n<meta property=\"og:locale\" content=\"it_IT\" \/>\n<meta property=\"og:type\" content=\"article\" \/>\n<meta property=\"og:title\" content=\"Colloquio e Concerti Vox Aurea-Via Sacra 2014 \u2013 Musica Sacra Ebraica - Institut Europ\u00e9en des Musiques Juives\" \/>\n<meta property=\"og:description\" content=\"Domenica 7 settembre 2014, 18200 Saint-Amand-Montrond\" \/>\n<meta property=\"og:url\" content=\"https:\/\/www.iemj.org\/it\/colloque-et-concerts-vox-aurea-via-sacra-2014-la-musique-sacree-juive\/\" \/>\n<meta property=\"og:site_name\" content=\"Institut Europ\u00e9en des Musiques Juives\" \/>\n<meta property=\"article:publisher\" content=\"https:\/\/www.facebook.com\/MusiquesJuives\/\" \/>\n<meta property=\"article:published_time\" content=\"2014-07-10T14:34:52+00:00\" \/>\n<meta property=\"article:modified_time\" content=\"2023-08-29T15:03:46+00:00\" \/>\n<meta property=\"og:image\" content=\"https:\/\/www.iemj.org\/wp-content\/uploads\/2014\/07\/arton900.png\" \/>\n\t<meta property=\"og:image:width\" content=\"281\" \/>\n\t<meta property=\"og:image:height\" content=\"176\" \/>\n\t<meta property=\"og:image:type\" content=\"image\/png\" \/>\n<meta name=\"author\" content=\"ncochin\" \/>\n<meta name=\"twitter:card\" content=\"summary_large_image\" \/>\n<meta name=\"twitter:label1\" content=\"Scritto da\" \/>\n\t<meta name=\"twitter:data1\" content=\"ncochin\" \/>\n\t<meta name=\"twitter:label2\" content=\"Tempo di lettura stimato\" \/>\n\t<meta name=\"twitter:data2\" content=\"2 minuti\" \/>\n<script type=\"application\/ld+json\" class=\"yoast-schema-graph\">{\"@context\":\"https:\\\/\\\/schema.org\",\"@graph\":[{\"@type\":\"Article\",\"@id\":\"https:\\\/\\\/www.iemj.org\\\/it\\\/colloque-et-concerts-vox-aurea-via-sacra-2014-la-musique-sacree-juive\\\/#article\",\"isPartOf\":{\"@id\":\"https:\\\/\\\/www.iemj.org\\\/it\\\/colloque-et-concerts-vox-aurea-via-sacra-2014-la-musique-sacree-juive\\\/\"},\"author\":{\"name\":\"ncochin\",\"@id\":\"https:\\\/\\\/www.iemj.org\\\/it\\\/#\\\/schema\\\/person\\\/f826ad11b0cd58dd99babe0a3fbcb86e\"},\"headline\":\"Colloquio e Concerti Vox Aurea-Via Sacra 2014 \u2013 Musica Sacra Ebraica\",\"datePublished\":\"2014-07-10T14:34:52+00:00\",\"dateModified\":\"2023-08-29T15:03:46+00:00\",\"mainEntityOfPage\":{\"@id\":\"https:\\\/\\\/www.iemj.org\\\/it\\\/colloque-et-concerts-vox-aurea-via-sacra-2014-la-musique-sacree-juive\\\/\"},\"wordCount\":264,\"publisher\":{\"@id\":\"https:\\\/\\\/www.iemj.org\\\/it\\\/#organization\"},\"image\":{\"@id\":\"https:\\\/\\\/www.iemj.org\\\/it\\\/colloque-et-concerts-vox-aurea-via-sacra-2014-la-musique-sacree-juive\\\/#primaryimage\"},\"thumbnailUrl\":\"https:\\\/\\\/www.iemj.org\\\/wp-content\\\/uploads\\\/2014\\\/07\\\/arton900.png\",\"articleSection\":[\"Colloquio\",\"Corsi \\\/ Conferenze\",\"Manifestazioni\"],\"inLanguage\":\"it-IT\"},{\"@type\":\"WebPage\",\"@id\":\"https:\\\/\\\/www.iemj.org\\\/it\\\/colloque-et-concerts-vox-aurea-via-sacra-2014-la-musique-sacree-juive\\\/\",\"url\":\"https:\\\/\\\/www.iemj.org\\\/it\\\/colloque-et-concerts-vox-aurea-via-sacra-2014-la-musique-sacree-juive\\\/\",\"name\":\"Colloquio e Concerti Vox Aurea-Via Sacra 2014 \u2013 Musica Sacra Ebraica - Institut Europ\u00e9en des Musiques Juives\",\"isPartOf\":{\"@id\":\"https:\\\/\\\/www.iemj.org\\\/it\\\/#website\"},\"primaryImageOfPage\":{\"@id\":\"https:\\\/\\\/www.iemj.org\\\/it\\\/colloque-et-concerts-vox-aurea-via-sacra-2014-la-musique-sacree-juive\\\/#primaryimage\"},\"image\":{\"@id\":\"https:\\\/\\\/www.iemj.org\\\/it\\\/colloque-et-concerts-vox-aurea-via-sacra-2014-la-musique-sacree-juive\\\/#primaryimage\"},\"thumbnailUrl\":\"https:\\\/\\\/www.iemj.org\\\/wp-content\\\/uploads\\\/2014\\\/07\\\/arton900.png\",\"datePublished\":\"2014-07-10T14:34:52+00:00\",\"dateModified\":\"2023-08-29T15:03:46+00:00\",\"breadcrumb\":{\"@id\":\"https:\\\/\\\/www.iemj.org\\\/it\\\/colloque-et-concerts-vox-aurea-via-sacra-2014-la-musique-sacree-juive\\\/#breadcrumb\"},\"inLanguage\":\"it-IT\",\"potentialAction\":[{\"@type\":\"ReadAction\",\"target\":[\"https:\\\/\\\/www.iemj.org\\\/it\\\/colloque-et-concerts-vox-aurea-via-sacra-2014-la-musique-sacree-juive\\\/\"]}]},{\"@type\":\"ImageObject\",\"inLanguage\":\"it-IT\",\"@id\":\"https:\\\/\\\/www.iemj.org\\\/it\\\/colloque-et-concerts-vox-aurea-via-sacra-2014-la-musique-sacree-juive\\\/#primaryimage\",\"url\":\"https:\\\/\\\/www.iemj.org\\\/wp-content\\\/uploads\\\/2014\\\/07\\\/arton900.png\",\"contentUrl\":\"https:\\\/\\\/www.iemj.org\\\/wp-content\\\/uploads\\\/2014\\\/07\\\/arton900.png\",\"width\":281,\"height\":176},{\"@type\":\"BreadcrumbList\",\"@id\":\"https:\\\/\\\/www.iemj.org\\\/it\\\/colloque-et-concerts-vox-aurea-via-sacra-2014-la-musique-sacree-juive\\\/#breadcrumb\",\"itemListElement\":[{\"@type\":\"ListItem\",\"position\":1,\"name\":\"Accueil\",\"item\":\"https:\\\/\\\/www.iemj.org\\\/it\\\/\"},{\"@type\":\"ListItem\",\"position\":2,\"name\":\"Colloquio e Concerti Vox Aurea-Via Sacra 2014 \u2013 Musica Sacra Ebraica\"}]},{\"@type\":\"WebSite\",\"@id\":\"https:\\\/\\\/www.iemj.org\\\/it\\\/#website\",\"url\":\"https:\\\/\\\/www.iemj.org\\\/it\\\/\",\"name\":\"Institut Europ\u00e9en des Musiques Juives\",\"description\":\"Des traditions musicales \u00e0 la port\u00e9e de tous\",\"publisher\":{\"@id\":\"https:\\\/\\\/www.iemj.org\\\/it\\\/#organization\"},\"potentialAction\":[{\"@type\":\"SearchAction\",\"target\":{\"@type\":\"EntryPoint\",\"urlTemplate\":\"https:\\\/\\\/www.iemj.org\\\/it\\\/?s={search_term_string}\"},\"query-input\":{\"@type\":\"PropertyValueSpecification\",\"valueRequired\":true,\"valueName\":\"search_term_string\"}}],\"inLanguage\":\"it-IT\"},{\"@type\":\"Organization\",\"@id\":\"https:\\\/\\\/www.iemj.org\\\/it\\\/#organization\",\"name\":\"Institut Europ\u00e9en des Musiques Juives\",\"url\":\"https:\\\/\\\/www.iemj.org\\\/it\\\/\",\"logo\":{\"@type\":\"ImageObject\",\"inLanguage\":\"it-IT\",\"@id\":\"https:\\\/\\\/www.iemj.org\\\/it\\\/#\\\/schema\\\/logo\\\/image\\\/\",\"url\":\"https:\\\/\\\/www.iemj.org\\\/wp-content\\\/uploads\\\/2021\\\/09\\\/Logo-IEMJ-Paypal.jpg\",\"contentUrl\":\"https:\\\/\\\/www.iemj.org\\\/wp-content\\\/uploads\\\/2021\\\/09\\\/Logo-IEMJ-Paypal.jpg\",\"width\":150,\"height\":50,\"caption\":\"Institut Europ\u00e9en des Musiques Juives\"},\"image\":{\"@id\":\"https:\\\/\\\/www.iemj.org\\\/it\\\/#\\\/schema\\\/logo\\\/image\\\/\"},\"sameAs\":[\"https:\\\/\\\/www.facebook.com\\\/MusiquesJuives\\\/\",\"https:\\\/\\\/www.instagram.com\\\/musiquesjuives\\\/\",\"https:\\\/\\\/www.youtube.com\\\/user\\\/musiquesjuives\"]},{\"@type\":\"Person\",\"@id\":\"https:\\\/\\\/www.iemj.org\\\/it\\\/#\\\/schema\\\/person\\\/f826ad11b0cd58dd99babe0a3fbcb86e\",\"name\":\"ncochin\",\"image\":{\"@type\":\"ImageObject\",\"inLanguage\":\"it-IT\",\"@id\":\"https:\\\/\\\/secure.gravatar.com\\\/avatar\\\/4499f551e6a9b8c28bd3132f28d79657b2cb55ff363257726f67e89c95e2a33c?s=96&d=mm&r=g\",\"url\":\"https:\\\/\\\/secure.gravatar.com\\\/avatar\\\/4499f551e6a9b8c28bd3132f28d79657b2cb55ff363257726f67e89c95e2a33c?s=96&d=mm&r=g\",\"contentUrl\":\"https:\\\/\\\/secure.gravatar.com\\\/avatar\\\/4499f551e6a9b8c28bd3132f28d79657b2cb55ff363257726f67e89c95e2a33c?s=96&d=mm&r=g\",\"caption\":\"ncochin\"}}]}<\/script>\n<!-- \/ Yoast SEO plugin. -->","yoast_head_json":{"title":"Colloquio e Concerti Vox Aurea-Via Sacra 2014 \u2013 Musica Sacra Ebraica - Institut Europ\u00e9en des Musiques Juives","robots":{"index":"noindex","follow":"follow"},"og_locale":"it_IT","og_type":"article","og_title":"Colloquio e Concerti Vox Aurea-Via Sacra 2014 \u2013 Musica Sacra Ebraica - Institut Europ\u00e9en des Musiques Juives","og_description":"Domenica 7 settembre 2014, 18200 Saint-Amand-Montrond","og_url":"https:\/\/www.iemj.org\/it\/colloque-et-concerts-vox-aurea-via-sacra-2014-la-musique-sacree-juive\/","og_site_name":"Institut Europ\u00e9en des Musiques Juives","article_publisher":"https:\/\/www.facebook.com\/MusiquesJuives\/","article_published_time":"2014-07-10T14:34:52+00:00","article_modified_time":"2023-08-29T15:03:46+00:00","og_image":[{"width":281,"height":176,"url":"https:\/\/www.iemj.org\/wp-content\/uploads\/2014\/07\/arton900.png","type":"image\/png"}],"author":"ncochin","twitter_card":"summary_large_image","twitter_misc":{"Scritto da":"ncochin","Tempo di lettura stimato":"2 minuti"},"schema":{"@context":"https:\/\/schema.org","@graph":[{"@type":"Article","@id":"https:\/\/www.iemj.org\/it\/colloque-et-concerts-vox-aurea-via-sacra-2014-la-musique-sacree-juive\/#article","isPartOf":{"@id":"https:\/\/www.iemj.org\/it\/colloque-et-concerts-vox-aurea-via-sacra-2014-la-musique-sacree-juive\/"},"author":{"name":"ncochin","@id":"https:\/\/www.iemj.org\/it\/#\/schema\/person\/f826ad11b0cd58dd99babe0a3fbcb86e"},"headline":"Colloquio e Concerti Vox Aurea-Via Sacra 2014 \u2013 Musica Sacra Ebraica","datePublished":"2014-07-10T14:34:52+00:00","dateModified":"2023-08-29T15:03:46+00:00","mainEntityOfPage":{"@id":"https:\/\/www.iemj.org\/it\/colloque-et-concerts-vox-aurea-via-sacra-2014-la-musique-sacree-juive\/"},"wordCount":264,"publisher":{"@id":"https:\/\/www.iemj.org\/it\/#organization"},"image":{"@id":"https:\/\/www.iemj.org\/it\/colloque-et-concerts-vox-aurea-via-sacra-2014-la-musique-sacree-juive\/#primaryimage"},"thumbnailUrl":"https:\/\/www.iemj.org\/wp-content\/uploads\/2014\/07\/arton900.png","articleSection":["Colloquio","Corsi \/ Conferenze","Manifestazioni"],"inLanguage":"it-IT"},{"@type":"WebPage","@id":"https:\/\/www.iemj.org\/it\/colloque-et-concerts-vox-aurea-via-sacra-2014-la-musique-sacree-juive\/","url":"https:\/\/www.iemj.org\/it\/colloque-et-concerts-vox-aurea-via-sacra-2014-la-musique-sacree-juive\/","name":"Colloquio e Concerti Vox Aurea-Via Sacra 2014 \u2013 Musica Sacra Ebraica - Institut Europ\u00e9en des Musiques Juives","isPartOf":{"@id":"https:\/\/www.iemj.org\/it\/#website"},"primaryImageOfPage":{"@id":"https:\/\/www.iemj.org\/it\/colloque-et-concerts-vox-aurea-via-sacra-2014-la-musique-sacree-juive\/#primaryimage"},"image":{"@id":"https:\/\/www.iemj.org\/it\/colloque-et-concerts-vox-aurea-via-sacra-2014-la-musique-sacree-juive\/#primaryimage"},"thumbnailUrl":"https:\/\/www.iemj.org\/wp-content\/uploads\/2014\/07\/arton900.png","datePublished":"2014-07-10T14:34:52+00:00","dateModified":"2023-08-29T15:03:46+00:00","breadcrumb":{"@id":"https:\/\/www.iemj.org\/it\/colloque-et-concerts-vox-aurea-via-sacra-2014-la-musique-sacree-juive\/#breadcrumb"},"inLanguage":"it-IT","potentialAction":[{"@type":"ReadAction","target":["https:\/\/www.iemj.org\/it\/colloque-et-concerts-vox-aurea-via-sacra-2014-la-musique-sacree-juive\/"]}]},{"@type":"ImageObject","inLanguage":"it-IT","@id":"https:\/\/www.iemj.org\/it\/colloque-et-concerts-vox-aurea-via-sacra-2014-la-musique-sacree-juive\/#primaryimage","url":"https:\/\/www.iemj.org\/wp-content\/uploads\/2014\/07\/arton900.png","contentUrl":"https:\/\/www.iemj.org\/wp-content\/uploads\/2014\/07\/arton900.png","width":281,"height":176},{"@type":"BreadcrumbList","@id":"https:\/\/www.iemj.org\/it\/colloque-et-concerts-vox-aurea-via-sacra-2014-la-musique-sacree-juive\/#breadcrumb","itemListElement":[{"@type":"ListItem","position":1,"name":"Accueil","item":"https:\/\/www.iemj.org\/it\/"},{"@type":"ListItem","position":2,"name":"Colloquio e Concerti Vox Aurea-Via Sacra 2014 \u2013 Musica Sacra Ebraica"}]},{"@type":"WebSite","@id":"https:\/\/www.iemj.org\/it\/#website","url":"https:\/\/www.iemj.org\/it\/","name":"Institut Europ\u00e9en des Musiques Juives","description":"Des traditions musicales \u00e0 la port\u00e9e de tous","publisher":{"@id":"https:\/\/www.iemj.org\/it\/#organization"},"potentialAction":[{"@type":"SearchAction","target":{"@type":"EntryPoint","urlTemplate":"https:\/\/www.iemj.org\/it\/?s={search_term_string}"},"query-input":{"@type":"PropertyValueSpecification","valueRequired":true,"valueName":"search_term_string"}}],"inLanguage":"it-IT"},{"@type":"Organization","@id":"https:\/\/www.iemj.org\/it\/#organization","name":"Institut Europ\u00e9en des Musiques Juives","url":"https:\/\/www.iemj.org\/it\/","logo":{"@type":"ImageObject","inLanguage":"it-IT","@id":"https:\/\/www.iemj.org\/it\/#\/schema\/logo\/image\/","url":"https:\/\/www.iemj.org\/wp-content\/uploads\/2021\/09\/Logo-IEMJ-Paypal.jpg","contentUrl":"https:\/\/www.iemj.org\/wp-content\/uploads\/2021\/09\/Logo-IEMJ-Paypal.jpg","width":150,"height":50,"caption":"Institut Europ\u00e9en des Musiques Juives"},"image":{"@id":"https:\/\/www.iemj.org\/it\/#\/schema\/logo\/image\/"},"sameAs":["https:\/\/www.facebook.com\/MusiquesJuives\/","https:\/\/www.instagram.com\/musiquesjuives\/","https:\/\/www.youtube.com\/user\/musiquesjuives"]},{"@type":"Person","@id":"https:\/\/www.iemj.org\/it\/#\/schema\/person\/f826ad11b0cd58dd99babe0a3fbcb86e","name":"ncochin","image":{"@type":"ImageObject","inLanguage":"it-IT","@id":"https:\/\/secure.gravatar.com\/avatar\/4499f551e6a9b8c28bd3132f28d79657b2cb55ff363257726f67e89c95e2a33c?s=96&d=mm&r=g","url":"https:\/\/secure.gravatar.com\/avatar\/4499f551e6a9b8c28bd3132f28d79657b2cb55ff363257726f67e89c95e2a33c?s=96&d=mm&r=g","contentUrl":"https:\/\/secure.gravatar.com\/avatar\/4499f551e6a9b8c28bd3132f28d79657b2cb55ff363257726f67e89c95e2a33c?s=96&d=mm&r=g","caption":"ncochin"}}]}},"_links":{"self":[{"href":"https:\/\/www.iemj.org\/it\/wp-json\/wp\/v2\/posts\/102008","targetHints":{"allow":["GET"]}}],"collection":[{"href":"https:\/\/www.iemj.org\/it\/wp-json\/wp\/v2\/posts"}],"about":[{"href":"https:\/\/www.iemj.org\/it\/wp-json\/wp\/v2\/types\/post"}],"author":[{"embeddable":true,"href":"https:\/\/www.iemj.org\/it\/wp-json\/wp\/v2\/users\/1050"}],"replies":[{"embeddable":true,"href":"https:\/\/www.iemj.org\/it\/wp-json\/wp\/v2\/comments?post=102008"}],"version-history":[{"count":0,"href":"https:\/\/www.iemj.org\/it\/wp-json\/wp\/v2\/posts\/102008\/revisions"}],"wp:featuredmedia":[{"embeddable":true,"href":"https:\/\/www.iemj.org\/it\/wp-json\/wp\/v2\/media\/102009"}],"wp:attachment":[{"href":"https:\/\/www.iemj.org\/it\/wp-json\/wp\/v2\/media?parent=102008"}],"wp:term":[{"taxonomy":"category","embeddable":true,"href":"https:\/\/www.iemj.org\/it\/wp-json\/wp\/v2\/categories?post=102008"},{"taxonomy":"post_tag","embeddable":true,"href":"https:\/\/www.iemj.org\/it\/wp-json\/wp\/v2\/tags?post=102008"},{"taxonomy":"technique","embeddable":true,"href":"https:\/\/www.iemj.org\/it\/wp-json\/wp\/v2\/technique?post=102008"},{"taxonomy":"squelettes","embeddable":true,"href":"https:\/\/www.iemj.org\/it\/wp-json\/wp\/v2\/squelettes?post=102008"},{"taxonomy":"sujet","embeddable":true,"href":"https:\/\/www.iemj.org\/it\/wp-json\/wp\/v2\/sujet?post=102008"},{"taxonomy":"formation","embeddable":true,"href":"https:\/\/www.iemj.org\/it\/wp-json\/wp\/v2\/formation?post=102008"},{"taxonomy":"genre","embeddable":true,"href":"https:\/\/www.iemj.org\/it\/wp-json\/wp\/v2\/genre?post=102008"},{"taxonomy":"fonds","embeddable":true,"href":"https:\/\/www.iemj.org\/it\/wp-json\/wp\/v2\/fonds?post=102008"},{"taxonomy":"tradition","embeddable":true,"href":"https:\/\/www.iemj.org\/it\/wp-json\/wp\/v2\/tradition?post=102008"},{"taxonomy":"type-de-contenu","embeddable":true,"href":"https:\/\/www.iemj.org\/it\/wp-json\/wp\/v2\/type-de-contenu?post=102008"},{"taxonomy":"interprete-compositeur","embeddable":true,"href":"https:\/\/www.iemj.org\/it\/wp-json\/wp\/v2\/interprete-compositeur?post=102008"},{"taxonomy":"frise","embeddable":true,"href":"https:\/\/www.iemj.org\/it\/wp-json\/wp\/v2\/frise?post=102008"},{"taxonomy":"type-devenement","embeddable":true,"href":"https:\/\/www.iemj.org\/it\/wp-json\/wp\/v2\/type-devenement?post=102008"},{"taxonomy":"tableaux-liens-externes","embeddable":true,"href":"https:\/\/www.iemj.org\/it\/wp-json\/wp\/v2\/tableaux-liens-externes?post=102008"}],"curies":[{"name":"wp","href":"https:\/\/api.w.org\/{rel}","templated":true}]}}