{"id":102035,"date":"2016-04-05T10:36:45","date_gmt":"2016-04-05T08:36:45","guid":{"rendered":"https:\/\/www.iemj.org\/les-dernieres-publications-du-centre-de-recherche-sur-les-musiques-juives-de-jerusalem\/"},"modified":"2025-10-22T14:44:02","modified_gmt":"2025-10-22T12:44:02","slug":"les-dernieres-publications-du-centre-de-recherche-sur-les-musiques-juives-de-jerusalem","status":"publish","type":"post","link":"https:\/\/www.iemj.org\/it\/les-dernieres-publications-du-centre-de-recherche-sur-les-musiques-juives-de-jerusalem\/","title":{"rendered":"Sei set di CD del Centro di ricerca sulla musica ebraica di Gerusalemme"},"content":{"rendered":"<p>Il Centro di ricerca sulle musiche ebraiche di Gerusalemme si propone di studiare la cultura musicale delle comunit\u00e0 ebraiche passate e presenti. Pubblica regolarmente dischi e libri di alta qualit\u00e0.<\/p>\n<p>Fondato nel 1964 dal professor <a href=\"https:\/\/www.iemj.org\/it\/adler-israel-1925-2009\/\">Isra\u00ebl Adler<\/a>, e diretto per lungo tempo dal professor <a href=\"http:\/\/www.jewish-music.huji.ac.il\/content\/edwin-seroussi\">Edwin Seroussi<\/a>, il CRMJ \u00e8 parte integrante del Dipartimento di Scienze Umanistiche dell&#8217;Universit\u00e0 Ebraica di Gerusalemme. Il suo lavoro comprende ricerche etnografiche sulle tradizioni orali delle comunit\u00e0 ebraiche in un ampio contesto (storico, sociale, culturale), senza dimenticare le comunit\u00e0 non ebraiche che hanno vissuto accanto agli ebrei per quasi due millenni.<\/p>\n<p>I risultati di questa ricerca sono stati pubblicati in decine di CD, libri e spartiti.<\/p>\n<p>In stretta collaborazione con questo centro, l&#8217;Istituto Europeo di Musiche Ebraiche ha recentemente ricevuto 6 cofanetti di CD delle serie &#8220;Contemporary Jewish Music&#8221; ed &#8220;Anthology of Musical Traditions in Israel&#8221;.<\/p>\n<p><a href=\"http:\/\/www.jewish-music.huji.ac.il\/\" target=\"_blank\" rel=\"noopener\">Per saperne di pi\u00f9 sul Centro di ricerca sulle musiche ebraiche<\/a><br \/><a href=\"http:\/\/www.jewish-music.huji.ac.il\/\" target=\"_blank\" rel=\"noopener\">Ordinare i CD<\/a><\/p>\n<h2 style=\"text-align: center;\"><strong>Presentazione dei sei cofanetti<\/strong><\/h2>\n<p>\u00a0<\/p>\n\n\n<div class=\"wp-block-columns is-layout-flex wp-container-core-columns-is-layout-9d6595d7 wp-block-columns-is-layout-flex\">\n<div class=\"wp-block-column is-layout-flow wp-block-column-is-layout-flow\">\n<h4><strong>Ahavat Olamim, Andalousian Hebrew Song from the Maghreb to J\u00e9rusalem<\/strong><\/h4>\n<p><em>Ahavat Olamim<\/em> (Amore eterno), il terzo volume della serie &#8220;Contemporary Jewish Music&#8221;, ci immerge nelle profondit\u00e0 della tradizione musicale ebraica andalusa del Marocco e dell&#8217;Algeria. Creato dai musicisti Omer Avital e Yair Harel, questo CD vede la partecipazione del rabbino Haim Louk, che offre una performance vocale unica di grande intensit\u00e0.<\/p>\n<\/div>\n\n\n\n<div class=\"wp-block-column is-layout-flow wp-block-column-is-layout-flow\">\n<figure class=\"wp-block-image size-large\"><img decoding=\"async\" src=\"https:\/\/www.iemj.org\/wp-content\/uploads\/2016\/04\/cd_807_couv-2.jpg\" alt=\"\"\/><\/figure>\n<\/div>\n<\/div>\n\n\n\n<div class=\"wp-block-columns is-layout-flex wp-container-core-columns-is-layout-9d6595d7 wp-block-columns-is-layout-flex\">\n<div class=\"wp-block-column is-layout-flow wp-block-column-is-layout-flow\">\n<h4><strong>Ten Zemirot Ami, New Melodies for Piyyutim from the Aleppo Mahzor (1527)<\/strong><\/h4>\n<p>Secondo volume della collana &#8220;Musica ebraica contemporanea&#8221;, questo CD, eseguito da David Shiro, Yehezkel Zion e Rabbi David Menahem, presenta nuove melodie per antichi piyyutim (poesie liturgiche) che erano quasi scomparsi nella generazione precedente.<\/p>\n<\/div>\n\n\n\n<div class=\"wp-block-column is-layout-flow wp-block-column-is-layout-flow\">\n<figure class=\"wp-block-image size-large\"><img decoding=\"async\" src=\"https:\/\/www.iemj.org\/wp-content\/uploads\/2016\/04\/cd_808_couv.jpg\" alt=\"\"\/><\/figure>\n<\/div>\n<\/div>\n\n\n\n<div class=\"wp-block-columns is-layout-flex wp-container-core-columns-is-layout-9d6595d7 wp-block-columns-is-layout-flex\">\n<div class=\"wp-block-column is-layout-flow wp-block-column-is-layout-flow\">\n<h4><strong>Leibu Levin Performs in<\/strong><strong> Yiddish, Selected archival recordings from Bukovinia, USSR and Israel<\/strong><\/h4>\n<p>Questo CD della serie &#8220;Anthology of Israel&#8217;s Musical Traditions&#8221; \u00e8 stato prodotto in onore di Leibu Levin, cantante yiddish di Czernowitz, in occasione del suo centesimo compleanno nel 2014. Per l&#8217;occasione sono state riunite registrazioni disperse in varie collezioni ed archivi privati. Tipico del rigore scientifico che caratterizza il lavoro del CRMJ, questo CD \u00e8 accompagnato da un esauriente libretto di quasi 150 pagine con biografia, note sulle canzoni, testi, traduzioni, ecc.<\/p>\n<\/div>\n\n\n\n<div class=\"wp-block-column is-layout-flow wp-block-column-is-layout-flow\">\n<figure class=\"wp-block-image size-large\"><img decoding=\"async\" src=\"https:\/\/www.iemj.org\/wp-content\/uploads\/2016\/04\/cd_806_couv-2.jpg\" alt=\"\"\/><\/figure>\n<\/div>\n<\/div>\n\n\n\n<div class=\"wp-block-columns is-layout-flex wp-container-core-columns-is-layout-9d6595d7 wp-block-columns-is-layout-flex\">\n<div class=\"wp-block-column is-layout-flow wp-block-column-is-layout-flow\">\n<h4><strong>Cute boy, charming girl, Children&#8217;s Songs of the Modern Hebrew Nation (1882-1948) <\/strong><\/h4>\n<p>Questo album della serie &#8220;Anthology of Israel&#8217;s Musical Traditions&#8221; presenta canzoni ebraiche per bambini scritte prima della creazione dello Stato di Israele. La maggior parte di queste canzoni non fa pi\u00f9 parte del repertorio cantato oggi e non \u00e8 reperibile sul mercato. Questo CD, i cui interpreti sono adulti che cantavano queste canzoni da bambini, \u00e8 accompagnato da un libretto completo di oltre 100 pagine.<\/p>\n<\/div>\n\n\n\n<div class=\"wp-block-column is-layout-flow wp-block-column-is-layout-flow\">\n<figure class=\"wp-block-image size-large\"><img decoding=\"async\" src=\"https:\/\/www.iemj.org\/wp-content\/uploads\/2016\/04\/cd_809_couv.jpg\" alt=\"\"\/><\/figure>\n<\/div>\n<\/div>\n\n\n\n<div class=\"wp-block-columns is-layout-flex wp-container-core-columns-is-layout-9d6595d7 wp-block-columns-is-layout-flex\">\n<div class=\"wp-block-column is-layout-flow wp-block-column-is-layout-flow\">\n<h4><strong>Or Haganuz, Gems of Ashkenazi <em>Hazzanut<\/em> and Yiddish Songs Revived<\/strong><\/h4>\n<p>Quarto volume della collana &#8220;Musica ebraica contemporanea&#8221;, questo album \u00e8 il frutto della collaborazione tra il professor Andr\u00e9 Hajdu ed il cantore Asher Hainovitz, che officia presso la Sinagoga Yeshurun di Gerusalemme. Insieme hanno selezionato canzoni hazzanut e yiddish per le quali hanno creato nuovi arrangiamenti per voce e pianoforte. Questo CD, prodotto nel 2015, segna il 50\u00b0 anniversario del Jerusalem Jewish Music Research Centre.<\/p>\n<\/div>\n\n\n\n<div class=\"wp-block-column is-layout-flow wp-block-column-is-layout-flow\">\n<figure class=\"wp-block-image size-large\"><img decoding=\"async\" src=\"https:\/\/www.iemj.org\/wp-content\/uploads\/2016\/04\/cd_810_couv.jpg\" alt=\"\"\/><\/figure>\n<\/div>\n<\/div>\n\n\n\n<div class=\"wp-block-columns is-layout-flex wp-container-core-columns-is-layout-9d6595d7 wp-block-columns-is-layout-flex\">\n<div class=\"wp-block-column is-layout-flow wp-block-column-is-layout-flow\">\n<h4><strong>Judeo-Spanish Moroccan Songs for the Life Cycle<\/strong><\/h4>\n<p>Quinto volume della serie Anthology of Musical Traditions in Israel, questo CD raccoglie i canti dei principali eventi della vita ebraica (nascita, circoncisione, matrimonio, ecc.), cantati in giudeo-spagnolo secondo la tradizione marocchina.<\/p>\n<\/div>\n\n\n\n<div class=\"wp-block-column is-layout-flow wp-block-column-is-layout-flow\">\n<figure class=\"wp-block-image size-large\"><img decoding=\"async\" src=\"https:\/\/www.iemj.org\/wp-content\/uploads\/2016\/04\/cd_811_couv.jpg\" alt=\"\"\/><\/figure>\n<\/div>\n<\/div>\n\n\n<div class=\"wp-block-image\">\n<figure class=\"aligncenter size-large\"><img fetchpriority=\"high\" decoding=\"async\" width=\"1024\" height=\"133\" src=\"https:\/\/www.iemj.org\/wp-content\/uploads\/2024\/03\/AUDIO-PLAYER-1024x133.png\" alt=\"\" class=\"wp-image-110609\" srcset=\"https:\/\/www.iemj.org\/wp-content\/uploads\/2024\/03\/AUDIO-PLAYER-1024x133.png 1024w, https:\/\/www.iemj.org\/wp-content\/uploads\/2024\/03\/AUDIO-PLAYER-300x39.png 300w, https:\/\/www.iemj.org\/wp-content\/uploads\/2024\/03\/AUDIO-PLAYER-768x100.png 768w, https:\/\/www.iemj.org\/wp-content\/uploads\/2024\/03\/AUDIO-PLAYER-600x78.png 600w, https:\/\/www.iemj.org\/wp-content\/uploads\/2024\/03\/AUDIO-PLAYER.png 1210w\" sizes=\"(max-width: 1024px) 100vw, 1024px\" \/><\/figure>\n<\/div>\n\n\n<div class=\"wp-block-file\"><a id=\"wp-block-file--media-ec4031a7-a1c8-465f-b34b-185a33ac4fd8\" href=\"https:\/\/www.iemj.org\/wp-content\/uploads\/2016\/04\/cd_807a_01-2.mp3\">1_Nerdi natan reho_<em>Ahavat Olamim<\/em><\/a><\/div>\n\n\n\n<div class=\"wp-block-file\"><a id=\"wp-block-file--media-2b1f3d2a-4ce8-4815-9e53-84c94a455c49\" href=\"https:\/\/www.iemj.org\/wp-content\/uploads\/2016\/04\/cd_807a_05.mp3\">2_Omar l&#8217;Adonay mahsi_<em>Ahavat Olamim<\/em><\/a><\/div>\n\n\n\n<div class=\"wp-block-file\"><a id=\"wp-block-file--media-a39c8a61-59e4-40a5-943a-30f97c83035c\" href=\"https:\/\/www.iemj.org\/wp-content\/uploads\/2016\/04\/cd_807b_03.mp3\">3_Mi yitneni &#8216;uf, Yonah &#8216;ad anah, Ya&#8217;elam shevani_<em>Ahavat Olamim<\/em><\/a><\/div>\n\n\n\n<div class=\"wp-block-file\"><a id=\"wp-block-file--media-23aa6cea-9d3b-4335-b39b-d352948d07f2\" href=\"https:\/\/www.iemj.org\/wp-content\/uploads\/2016\/04\/cd_808_01.mp3\">4_Ten zemirot (Rast-Mahur)_<em>Ten Zemirot Ami<\/em><\/a><\/div>\n\n\n\n<div class=\"wp-block-file\"><a id=\"wp-block-file--media-ef9ce435-bb4e-40f4-b3c2-6618315a7add\" href=\"https:\/\/www.iemj.org\/wp-content\/uploads\/2016\/04\/cd_808_11.mp3\">5_Halel temallel (Bayat)_<em>Ten Zemirot Ami<\/em><\/a><\/div>\n\n\n\n<div class=\"wp-block-file\"><a id=\"wp-block-file--media-cc3f0939-f957-48c3-8b75-a4a8724073a3\" href=\"https:\/\/www.iemj.org\/wp-content\/uploads\/2016\/04\/cd_806_01.mp3\">6_Years of our childhood, Kinderyorn_<em>Leibu Levin Performs in Yiddish<\/em><\/a><\/div>\n\n\n\n<div class=\"wp-block-file\"><a id=\"wp-block-file--media-52ce0ed5-46d3-4b11-a8e8-c01f93e1a110\" href=\"https:\/\/www.iemj.org\/wp-content\/uploads\/2016\/04\/cd_806_09.mp3\">7_The world is topsy-turvy, Di velt hot zikh ibergekert_<em>Leibu Levin Performs in Yiddish<\/em><\/a><\/div>\n\n\n\n<div class=\"wp-block-file\"><a id=\"wp-block-file--media-8742de63-900b-4b43-9087-96a7118e62d9\" href=\"https:\/\/www.iemj.org\/wp-content\/uploads\/2016\/04\/cd_809_13.mp3\">8_The Ship_<em>Cute boy, charming girl<\/em><\/a><\/div>\n\n\n\n<div class=\"wp-block-file\"><a id=\"wp-block-file--media-fe176d0c-4f62-4b17-b269-243215f4dfdd\" href=\"https:\/\/www.iemj.org\/wp-content\/uploads\/2016\/04\/cd_809_22.mp3\">9_The Goose and Her Goslings_<em>Cute boy, charming girl<\/em><\/a><\/div>\n\n\n\n<div class=\"wp-block-file\"><a id=\"wp-block-file--media-ca1adc71-6f3a-4520-ac51-e9917951c18b\" href=\"https:\/\/www.iemj.org\/wp-content\/uploads\/2016\/04\/cd_810_02.mp3\">10_Kometz Aleph, Anonymous<em>_Or Haganuz<\/em><\/a><\/div>\n\n\n\n<div class=\"wp-block-file\"><a id=\"wp-block-file--media-19dcf345-375a-405d-9924-cc6cd0d59371\" href=\"https:\/\/www.iemj.org\/wp-content\/uploads\/2016\/04\/cd_810_04.mp3\">11_Eilah Toldot Noah, Pierre Pinchik<em>_Or Haganuz<\/em><\/a><\/div>\n\n\n\n<div class=\"wp-block-file\"><a id=\"wp-block-file--media-b387ab77-8d0c-441a-a85c-f235d3a1be96\" href=\"https:\/\/www.iemj.org\/wp-content\/uploads\/2016\/04\/cd_811_02.mp3\">12_Si est nino se durmierme_<em>Judeo-Spanish Moroccan Songs<\/em><\/a><\/div>\n\n\n\n<div class=\"wp-block-file\"><a id=\"wp-block-file--media-b92afee2-7972-4f9c-9983-a54eacf098ff\" href=\"https:\/\/www.iemj.org\/wp-content\/uploads\/2016\/04\/cd_811_17.mp3\">13_No me puso mi madre_<em>Judeo-Spanish Moroccan Songs<\/em><\/a><\/div>\n","protected":false},"excerpt":{"rendered":"<p>Il Centro di ricerca sulle musiche ebraiche di Gerusalemme si propone di studiare la cultura musicale delle comunit\u00e0 ebraiche passate e presenti. Pubblica regolarmente dischi e libri di alta qualit\u00e0.<\/p>\n","protected":false},"author":1048,"featured_media":102036,"comment_status":"closed","ping_status":"closed","sticky":false,"template":"","format":"standard","meta":{"_acf_changed":false,"footnotes":""},"categories":[1569,1564],"tags":[],"technique":[],"squelettes":[],"sujet":[2121],"formation":[],"genre":[1674,1675,1892,1676],"fonds":[],"tradition":[1971],"type-de-contenu":[],"interprete-compositeur":[],"frise":[],"type-devenement":[],"tableaux-liens-externes":[],"class_list":["post-102035","post","type-post","status-publish","format-standard","has-post-thumbnail","hentry","category-cd-it","category-ultimi-acquisti-it","sujet-poesia-religiosa-piyyutim-it","genre-canzone-israeliena-it","genre-giudeo-spagnolo-it","genre-liturgia-it","genre-yiddish-it-2","tradition-rito-marocchino-it"],"acf":[],"yoast_head":"<!-- This site is optimized with the Yoast SEO plugin v27.3 - https:\/\/yoast.com\/product\/yoast-seo-wordpress\/ -->\n<title>Sei set di CD del Centro di ricerca sulla musica ebraica di Gerusalemme - Institut Europ\u00e9en des Musiques Juives<\/title>\n<meta name=\"robots\" content=\"index, follow, max-snippet:-1, max-image-preview:large, max-video-preview:-1\" \/>\n<link rel=\"canonical\" href=\"https:\/\/www.iemj.org\/it\/les-dernieres-publications-du-centre-de-recherche-sur-les-musiques-juives-de-jerusalem\/\" \/>\n<meta property=\"og:locale\" content=\"it_IT\" \/>\n<meta property=\"og:type\" content=\"article\" \/>\n<meta property=\"og:title\" content=\"Sei set di CD del Centro di ricerca sulla musica ebraica di Gerusalemme - Institut Europ\u00e9en des Musiques Juives\" \/>\n<meta property=\"og:description\" content=\"Il Centro di ricerca sulle musiche ebraiche di Gerusalemme si propone di studiare la cultura musicale delle comunit\u00e0 ebraiche passate e presenti. Pubblica regolarmente dischi e libri di alta qualit\u00e0.\" \/>\n<meta property=\"og:url\" content=\"https:\/\/www.iemj.org\/it\/les-dernieres-publications-du-centre-de-recherche-sur-les-musiques-juives-de-jerusalem\/\" \/>\n<meta property=\"og:site_name\" content=\"Institut Europ\u00e9en des Musiques Juives\" \/>\n<meta property=\"article:publisher\" content=\"https:\/\/www.facebook.com\/MusiquesJuives\/\" \/>\n<meta property=\"article:published_time\" content=\"2016-04-05T08:36:45+00:00\" \/>\n<meta property=\"article:modified_time\" content=\"2025-10-22T12:44:02+00:00\" \/>\n<meta property=\"og:image\" content=\"https:\/\/www.iemj.org\/wp-content\/uploads\/2025\/04\/Logo-6-coffrets-JMRC-1.jpg\" \/>\n\t<meta property=\"og:image:width\" content=\"353\" \/>\n\t<meta property=\"og:image:height\" content=\"211\" \/>\n\t<meta property=\"og:image:type\" content=\"image\/jpeg\" \/>\n<meta name=\"author\" content=\"Jean-Gabriel Davis\" \/>\n<meta name=\"twitter:card\" content=\"summary_large_image\" \/>\n<meta name=\"twitter:label1\" content=\"Scritto da\" \/>\n\t<meta name=\"twitter:data1\" content=\"Jean-Gabriel Davis\" \/>\n\t<meta name=\"twitter:label2\" content=\"Tempo di lettura stimato\" \/>\n\t<meta name=\"twitter:data2\" content=\"5 minuti\" \/>\n<script type=\"application\/ld+json\" class=\"yoast-schema-graph\">{\"@context\":\"https:\\\/\\\/schema.org\",\"@graph\":[{\"@type\":\"Article\",\"@id\":\"https:\\\/\\\/www.iemj.org\\\/it\\\/les-dernieres-publications-du-centre-de-recherche-sur-les-musiques-juives-de-jerusalem\\\/#article\",\"isPartOf\":{\"@id\":\"https:\\\/\\\/www.iemj.org\\\/it\\\/les-dernieres-publications-du-centre-de-recherche-sur-les-musiques-juives-de-jerusalem\\\/\"},\"author\":{\"name\":\"Jean-Gabriel Davis\",\"@id\":\"https:\\\/\\\/www.iemj.org\\\/it\\\/#\\\/schema\\\/person\\\/c9bc1c386a3749579a2d675e72a18666\"},\"headline\":\"Sei set di CD del Centro di ricerca sulla musica ebraica di Gerusalemme\",\"datePublished\":\"2016-04-05T08:36:45+00:00\",\"dateModified\":\"2025-10-22T12:44:02+00:00\",\"mainEntityOfPage\":{\"@id\":\"https:\\\/\\\/www.iemj.org\\\/it\\\/les-dernieres-publications-du-centre-de-recherche-sur-les-musiques-juives-de-jerusalem\\\/\"},\"wordCount\":650,\"publisher\":{\"@id\":\"https:\\\/\\\/www.iemj.org\\\/it\\\/#organization\"},\"image\":{\"@id\":\"https:\\\/\\\/www.iemj.org\\\/it\\\/les-dernieres-publications-du-centre-de-recherche-sur-les-musiques-juives-de-jerusalem\\\/#primaryimage\"},\"thumbnailUrl\":\"https:\\\/\\\/www.iemj.org\\\/wp-content\\\/uploads\\\/2025\\\/04\\\/Logo-6-coffrets-JMRC-1.jpg\",\"articleSection\":[\"CD\",\"Ultimi acquisti\"],\"inLanguage\":\"it-IT\"},{\"@type\":\"WebPage\",\"@id\":\"https:\\\/\\\/www.iemj.org\\\/it\\\/les-dernieres-publications-du-centre-de-recherche-sur-les-musiques-juives-de-jerusalem\\\/\",\"url\":\"https:\\\/\\\/www.iemj.org\\\/it\\\/les-dernieres-publications-du-centre-de-recherche-sur-les-musiques-juives-de-jerusalem\\\/\",\"name\":\"Sei set di CD del Centro di ricerca sulla musica ebraica di Gerusalemme - Institut Europ\u00e9en des Musiques Juives\",\"isPartOf\":{\"@id\":\"https:\\\/\\\/www.iemj.org\\\/it\\\/#website\"},\"primaryImageOfPage\":{\"@id\":\"https:\\\/\\\/www.iemj.org\\\/it\\\/les-dernieres-publications-du-centre-de-recherche-sur-les-musiques-juives-de-jerusalem\\\/#primaryimage\"},\"image\":{\"@id\":\"https:\\\/\\\/www.iemj.org\\\/it\\\/les-dernieres-publications-du-centre-de-recherche-sur-les-musiques-juives-de-jerusalem\\\/#primaryimage\"},\"thumbnailUrl\":\"https:\\\/\\\/www.iemj.org\\\/wp-content\\\/uploads\\\/2025\\\/04\\\/Logo-6-coffrets-JMRC-1.jpg\",\"datePublished\":\"2016-04-05T08:36:45+00:00\",\"dateModified\":\"2025-10-22T12:44:02+00:00\",\"breadcrumb\":{\"@id\":\"https:\\\/\\\/www.iemj.org\\\/it\\\/les-dernieres-publications-du-centre-de-recherche-sur-les-musiques-juives-de-jerusalem\\\/#breadcrumb\"},\"inLanguage\":\"it-IT\",\"potentialAction\":[{\"@type\":\"ReadAction\",\"target\":[\"https:\\\/\\\/www.iemj.org\\\/it\\\/les-dernieres-publications-du-centre-de-recherche-sur-les-musiques-juives-de-jerusalem\\\/\"]}]},{\"@type\":\"ImageObject\",\"inLanguage\":\"it-IT\",\"@id\":\"https:\\\/\\\/www.iemj.org\\\/it\\\/les-dernieres-publications-du-centre-de-recherche-sur-les-musiques-juives-de-jerusalem\\\/#primaryimage\",\"url\":\"https:\\\/\\\/www.iemj.org\\\/wp-content\\\/uploads\\\/2025\\\/04\\\/Logo-6-coffrets-JMRC-1.jpg\",\"contentUrl\":\"https:\\\/\\\/www.iemj.org\\\/wp-content\\\/uploads\\\/2025\\\/04\\\/Logo-6-coffrets-JMRC-1.jpg\",\"width\":353,\"height\":211},{\"@type\":\"BreadcrumbList\",\"@id\":\"https:\\\/\\\/www.iemj.org\\\/it\\\/les-dernieres-publications-du-centre-de-recherche-sur-les-musiques-juives-de-jerusalem\\\/#breadcrumb\",\"itemListElement\":[{\"@type\":\"ListItem\",\"position\":1,\"name\":\"Accueil\",\"item\":\"https:\\\/\\\/www.iemj.org\\\/it\\\/\"},{\"@type\":\"ListItem\",\"position\":2,\"name\":\"Sei set di CD del Centro di ricerca sulla musica ebraica di Gerusalemme\"}]},{\"@type\":\"WebSite\",\"@id\":\"https:\\\/\\\/www.iemj.org\\\/it\\\/#website\",\"url\":\"https:\\\/\\\/www.iemj.org\\\/it\\\/\",\"name\":\"Institut Europ\u00e9en des Musiques Juives\",\"description\":\"Des traditions musicales \u00e0 la port\u00e9e de tous\",\"publisher\":{\"@id\":\"https:\\\/\\\/www.iemj.org\\\/it\\\/#organization\"},\"potentialAction\":[{\"@type\":\"SearchAction\",\"target\":{\"@type\":\"EntryPoint\",\"urlTemplate\":\"https:\\\/\\\/www.iemj.org\\\/it\\\/?s={search_term_string}\"},\"query-input\":{\"@type\":\"PropertyValueSpecification\",\"valueRequired\":true,\"valueName\":\"search_term_string\"}}],\"inLanguage\":\"it-IT\"},{\"@type\":\"Organization\",\"@id\":\"https:\\\/\\\/www.iemj.org\\\/it\\\/#organization\",\"name\":\"Institut Europ\u00e9en des Musiques Juives\",\"url\":\"https:\\\/\\\/www.iemj.org\\\/it\\\/\",\"logo\":{\"@type\":\"ImageObject\",\"inLanguage\":\"it-IT\",\"@id\":\"https:\\\/\\\/www.iemj.org\\\/it\\\/#\\\/schema\\\/logo\\\/image\\\/\",\"url\":\"https:\\\/\\\/www.iemj.org\\\/wp-content\\\/uploads\\\/2021\\\/09\\\/Logo-IEMJ-Paypal.jpg\",\"contentUrl\":\"https:\\\/\\\/www.iemj.org\\\/wp-content\\\/uploads\\\/2021\\\/09\\\/Logo-IEMJ-Paypal.jpg\",\"width\":150,\"height\":50,\"caption\":\"Institut Europ\u00e9en des Musiques Juives\"},\"image\":{\"@id\":\"https:\\\/\\\/www.iemj.org\\\/it\\\/#\\\/schema\\\/logo\\\/image\\\/\"},\"sameAs\":[\"https:\\\/\\\/www.facebook.com\\\/MusiquesJuives\\\/\",\"https:\\\/\\\/www.instagram.com\\\/musiquesjuives\\\/\",\"https:\\\/\\\/www.youtube.com\\\/user\\\/musiquesjuives\"]},{\"@type\":\"Person\",\"@id\":\"https:\\\/\\\/www.iemj.org\\\/it\\\/#\\\/schema\\\/person\\\/c9bc1c386a3749579a2d675e72a18666\",\"name\":\"Jean-Gabriel Davis\",\"image\":{\"@type\":\"ImageObject\",\"inLanguage\":\"it-IT\",\"@id\":\"https:\\\/\\\/secure.gravatar.com\\\/avatar\\\/2b90d67bdf392c9b3a21fab87c0fa7edaf1fb3a058172a1ffd61033fcec7aec1?s=96&d=mm&r=g\",\"url\":\"https:\\\/\\\/secure.gravatar.com\\\/avatar\\\/2b90d67bdf392c9b3a21fab87c0fa7edaf1fb3a058172a1ffd61033fcec7aec1?s=96&d=mm&r=g\",\"contentUrl\":\"https:\\\/\\\/secure.gravatar.com\\\/avatar\\\/2b90d67bdf392c9b3a21fab87c0fa7edaf1fb3a058172a1ffd61033fcec7aec1?s=96&d=mm&r=g\",\"caption\":\"Jean-Gabriel Davis\"}}]}<\/script>\n<!-- \/ Yoast SEO plugin. -->","yoast_head_json":{"title":"Sei set di CD del Centro di ricerca sulla musica ebraica di Gerusalemme - Institut Europ\u00e9en des Musiques Juives","robots":{"index":"index","follow":"follow","max-snippet":"max-snippet:-1","max-image-preview":"max-image-preview:large","max-video-preview":"max-video-preview:-1"},"canonical":"https:\/\/www.iemj.org\/it\/les-dernieres-publications-du-centre-de-recherche-sur-les-musiques-juives-de-jerusalem\/","og_locale":"it_IT","og_type":"article","og_title":"Sei set di CD del Centro di ricerca sulla musica ebraica di Gerusalemme - Institut Europ\u00e9en des Musiques Juives","og_description":"Il Centro di ricerca sulle musiche ebraiche di Gerusalemme si propone di studiare la cultura musicale delle comunit\u00e0 ebraiche passate e presenti. Pubblica regolarmente dischi e libri di alta qualit\u00e0.","og_url":"https:\/\/www.iemj.org\/it\/les-dernieres-publications-du-centre-de-recherche-sur-les-musiques-juives-de-jerusalem\/","og_site_name":"Institut Europ\u00e9en des Musiques Juives","article_publisher":"https:\/\/www.facebook.com\/MusiquesJuives\/","article_published_time":"2016-04-05T08:36:45+00:00","article_modified_time":"2025-10-22T12:44:02+00:00","og_image":[{"width":353,"height":211,"url":"https:\/\/www.iemj.org\/wp-content\/uploads\/2025\/04\/Logo-6-coffrets-JMRC-1.jpg","type":"image\/jpeg"}],"author":"Jean-Gabriel Davis","twitter_card":"summary_large_image","twitter_misc":{"Scritto da":"Jean-Gabriel Davis","Tempo di lettura stimato":"5 minuti"},"schema":{"@context":"https:\/\/schema.org","@graph":[{"@type":"Article","@id":"https:\/\/www.iemj.org\/it\/les-dernieres-publications-du-centre-de-recherche-sur-les-musiques-juives-de-jerusalem\/#article","isPartOf":{"@id":"https:\/\/www.iemj.org\/it\/les-dernieres-publications-du-centre-de-recherche-sur-les-musiques-juives-de-jerusalem\/"},"author":{"name":"Jean-Gabriel Davis","@id":"https:\/\/www.iemj.org\/it\/#\/schema\/person\/c9bc1c386a3749579a2d675e72a18666"},"headline":"Sei set di CD del Centro di ricerca sulla musica ebraica di Gerusalemme","datePublished":"2016-04-05T08:36:45+00:00","dateModified":"2025-10-22T12:44:02+00:00","mainEntityOfPage":{"@id":"https:\/\/www.iemj.org\/it\/les-dernieres-publications-du-centre-de-recherche-sur-les-musiques-juives-de-jerusalem\/"},"wordCount":650,"publisher":{"@id":"https:\/\/www.iemj.org\/it\/#organization"},"image":{"@id":"https:\/\/www.iemj.org\/it\/les-dernieres-publications-du-centre-de-recherche-sur-les-musiques-juives-de-jerusalem\/#primaryimage"},"thumbnailUrl":"https:\/\/www.iemj.org\/wp-content\/uploads\/2025\/04\/Logo-6-coffrets-JMRC-1.jpg","articleSection":["CD","Ultimi acquisti"],"inLanguage":"it-IT"},{"@type":"WebPage","@id":"https:\/\/www.iemj.org\/it\/les-dernieres-publications-du-centre-de-recherche-sur-les-musiques-juives-de-jerusalem\/","url":"https:\/\/www.iemj.org\/it\/les-dernieres-publications-du-centre-de-recherche-sur-les-musiques-juives-de-jerusalem\/","name":"Sei set di CD del Centro di ricerca sulla musica ebraica di Gerusalemme - Institut Europ\u00e9en des Musiques Juives","isPartOf":{"@id":"https:\/\/www.iemj.org\/it\/#website"},"primaryImageOfPage":{"@id":"https:\/\/www.iemj.org\/it\/les-dernieres-publications-du-centre-de-recherche-sur-les-musiques-juives-de-jerusalem\/#primaryimage"},"image":{"@id":"https:\/\/www.iemj.org\/it\/les-dernieres-publications-du-centre-de-recherche-sur-les-musiques-juives-de-jerusalem\/#primaryimage"},"thumbnailUrl":"https:\/\/www.iemj.org\/wp-content\/uploads\/2025\/04\/Logo-6-coffrets-JMRC-1.jpg","datePublished":"2016-04-05T08:36:45+00:00","dateModified":"2025-10-22T12:44:02+00:00","breadcrumb":{"@id":"https:\/\/www.iemj.org\/it\/les-dernieres-publications-du-centre-de-recherche-sur-les-musiques-juives-de-jerusalem\/#breadcrumb"},"inLanguage":"it-IT","potentialAction":[{"@type":"ReadAction","target":["https:\/\/www.iemj.org\/it\/les-dernieres-publications-du-centre-de-recherche-sur-les-musiques-juives-de-jerusalem\/"]}]},{"@type":"ImageObject","inLanguage":"it-IT","@id":"https:\/\/www.iemj.org\/it\/les-dernieres-publications-du-centre-de-recherche-sur-les-musiques-juives-de-jerusalem\/#primaryimage","url":"https:\/\/www.iemj.org\/wp-content\/uploads\/2025\/04\/Logo-6-coffrets-JMRC-1.jpg","contentUrl":"https:\/\/www.iemj.org\/wp-content\/uploads\/2025\/04\/Logo-6-coffrets-JMRC-1.jpg","width":353,"height":211},{"@type":"BreadcrumbList","@id":"https:\/\/www.iemj.org\/it\/les-dernieres-publications-du-centre-de-recherche-sur-les-musiques-juives-de-jerusalem\/#breadcrumb","itemListElement":[{"@type":"ListItem","position":1,"name":"Accueil","item":"https:\/\/www.iemj.org\/it\/"},{"@type":"ListItem","position":2,"name":"Sei set di CD del Centro di ricerca sulla musica ebraica di Gerusalemme"}]},{"@type":"WebSite","@id":"https:\/\/www.iemj.org\/it\/#website","url":"https:\/\/www.iemj.org\/it\/","name":"Institut Europ\u00e9en des Musiques Juives","description":"Des traditions musicales \u00e0 la port\u00e9e de tous","publisher":{"@id":"https:\/\/www.iemj.org\/it\/#organization"},"potentialAction":[{"@type":"SearchAction","target":{"@type":"EntryPoint","urlTemplate":"https:\/\/www.iemj.org\/it\/?s={search_term_string}"},"query-input":{"@type":"PropertyValueSpecification","valueRequired":true,"valueName":"search_term_string"}}],"inLanguage":"it-IT"},{"@type":"Organization","@id":"https:\/\/www.iemj.org\/it\/#organization","name":"Institut Europ\u00e9en des Musiques Juives","url":"https:\/\/www.iemj.org\/it\/","logo":{"@type":"ImageObject","inLanguage":"it-IT","@id":"https:\/\/www.iemj.org\/it\/#\/schema\/logo\/image\/","url":"https:\/\/www.iemj.org\/wp-content\/uploads\/2021\/09\/Logo-IEMJ-Paypal.jpg","contentUrl":"https:\/\/www.iemj.org\/wp-content\/uploads\/2021\/09\/Logo-IEMJ-Paypal.jpg","width":150,"height":50,"caption":"Institut Europ\u00e9en des Musiques Juives"},"image":{"@id":"https:\/\/www.iemj.org\/it\/#\/schema\/logo\/image\/"},"sameAs":["https:\/\/www.facebook.com\/MusiquesJuives\/","https:\/\/www.instagram.com\/musiquesjuives\/","https:\/\/www.youtube.com\/user\/musiquesjuives"]},{"@type":"Person","@id":"https:\/\/www.iemj.org\/it\/#\/schema\/person\/c9bc1c386a3749579a2d675e72a18666","name":"Jean-Gabriel Davis","image":{"@type":"ImageObject","inLanguage":"it-IT","@id":"https:\/\/secure.gravatar.com\/avatar\/2b90d67bdf392c9b3a21fab87c0fa7edaf1fb3a058172a1ffd61033fcec7aec1?s=96&d=mm&r=g","url":"https:\/\/secure.gravatar.com\/avatar\/2b90d67bdf392c9b3a21fab87c0fa7edaf1fb3a058172a1ffd61033fcec7aec1?s=96&d=mm&r=g","contentUrl":"https:\/\/secure.gravatar.com\/avatar\/2b90d67bdf392c9b3a21fab87c0fa7edaf1fb3a058172a1ffd61033fcec7aec1?s=96&d=mm&r=g","caption":"Jean-Gabriel Davis"}}]}},"_links":{"self":[{"href":"https:\/\/www.iemj.org\/it\/wp-json\/wp\/v2\/posts\/102035","targetHints":{"allow":["GET"]}}],"collection":[{"href":"https:\/\/www.iemj.org\/it\/wp-json\/wp\/v2\/posts"}],"about":[{"href":"https:\/\/www.iemj.org\/it\/wp-json\/wp\/v2\/types\/post"}],"author":[{"embeddable":true,"href":"https:\/\/www.iemj.org\/it\/wp-json\/wp\/v2\/users\/1048"}],"replies":[{"embeddable":true,"href":"https:\/\/www.iemj.org\/it\/wp-json\/wp\/v2\/comments?post=102035"}],"version-history":[{"count":2,"href":"https:\/\/www.iemj.org\/it\/wp-json\/wp\/v2\/posts\/102035\/revisions"}],"predecessor-version":[{"id":127665,"href":"https:\/\/www.iemj.org\/it\/wp-json\/wp\/v2\/posts\/102035\/revisions\/127665"}],"wp:featuredmedia":[{"embeddable":true,"href":"https:\/\/www.iemj.org\/it\/wp-json\/wp\/v2\/media\/102036"}],"wp:attachment":[{"href":"https:\/\/www.iemj.org\/it\/wp-json\/wp\/v2\/media?parent=102035"}],"wp:term":[{"taxonomy":"category","embeddable":true,"href":"https:\/\/www.iemj.org\/it\/wp-json\/wp\/v2\/categories?post=102035"},{"taxonomy":"post_tag","embeddable":true,"href":"https:\/\/www.iemj.org\/it\/wp-json\/wp\/v2\/tags?post=102035"},{"taxonomy":"technique","embeddable":true,"href":"https:\/\/www.iemj.org\/it\/wp-json\/wp\/v2\/technique?post=102035"},{"taxonomy":"squelettes","embeddable":true,"href":"https:\/\/www.iemj.org\/it\/wp-json\/wp\/v2\/squelettes?post=102035"},{"taxonomy":"sujet","embeddable":true,"href":"https:\/\/www.iemj.org\/it\/wp-json\/wp\/v2\/sujet?post=102035"},{"taxonomy":"formation","embeddable":true,"href":"https:\/\/www.iemj.org\/it\/wp-json\/wp\/v2\/formation?post=102035"},{"taxonomy":"genre","embeddable":true,"href":"https:\/\/www.iemj.org\/it\/wp-json\/wp\/v2\/genre?post=102035"},{"taxonomy":"fonds","embeddable":true,"href":"https:\/\/www.iemj.org\/it\/wp-json\/wp\/v2\/fonds?post=102035"},{"taxonomy":"tradition","embeddable":true,"href":"https:\/\/www.iemj.org\/it\/wp-json\/wp\/v2\/tradition?post=102035"},{"taxonomy":"type-de-contenu","embeddable":true,"href":"https:\/\/www.iemj.org\/it\/wp-json\/wp\/v2\/type-de-contenu?post=102035"},{"taxonomy":"interprete-compositeur","embeddable":true,"href":"https:\/\/www.iemj.org\/it\/wp-json\/wp\/v2\/interprete-compositeur?post=102035"},{"taxonomy":"frise","embeddable":true,"href":"https:\/\/www.iemj.org\/it\/wp-json\/wp\/v2\/frise?post=102035"},{"taxonomy":"type-devenement","embeddable":true,"href":"https:\/\/www.iemj.org\/it\/wp-json\/wp\/v2\/type-devenement?post=102035"},{"taxonomy":"tableaux-liens-externes","embeddable":true,"href":"https:\/\/www.iemj.org\/it\/wp-json\/wp\/v2\/tableaux-liens-externes?post=102035"}],"curies":[{"name":"wp","href":"https:\/\/api.w.org\/{rel}","templated":true}]}}