{"id":102116,"date":"2016-03-15T11:25:43","date_gmt":"2016-03-15T10:25:43","guid":{"rendered":"https:\/\/www.iemj.org\/chansons-et-piyutim-en-lhonneur-du-tsaddik-sidna-baba-sale\/"},"modified":"2025-10-23T09:45:58","modified_gmt":"2025-10-23T07:45:58","slug":"chansons-et-piyutim-en-lhonneur-du-tsaddik-sidna-baba-sale","status":"publish","type":"post","link":"https:\/\/www.iemj.org\/it\/chansons-et-piyutim-en-lhonneur-du-tsaddik-sidna-baba-sale\/","title":{"rendered":"Canti e Piyutim in onore dello Tzaddik Sidna Baba Sal\u00e9"},"content":{"rendered":"\n<p>Rabbi Israel Abuhatzeira nacque a Rosh Hashana 5650 (26 settembre 1889). Suo padre era lo tzaddik Rabbi Massoud, rabbino del villaggio di Rissani, vicino a Tafilalet. Fin da piccolo Rabbi Israel si alzava all&#8217;alba e, dopo aver fatto il bagno nel Mikveh per la purificazione, si affrettava a raggiungere la sinagoga per il servizio mattutino al Nets Hahama.<\/p>\n\n\n\n<p>Il 12 Iyar 5668 (13 maggio 1908), Rabbi Massoud (suo padre) mor\u00ec. Al momento della sua morte, Rabbi Israel aveva diciotto anni. Tuttavia, era gi\u00e0 un Gaon, la cui paura superava la sua saggezza. Gli ebrei di Tafilalet lo pregavano di accettare, nonostante la sua giovane et\u00e0, la carica di rabbino e di essere la guida spirituale della Yeshiva. Rabbi Israel era molto modesto e cerc\u00f2 di evitare le accuse che gli volevano rivolgere. Ma gli ebrei di Tafilalet sapevano che difficilmente avrebbero trovato un altro uomo santo come lui. Erano cos\u00ec insistenti che egli accett\u00f2 di prendere il posto di suo padre. Conosciuto per aver compiuto numerosi miracoli, migliaia di persone si rivolgevano a lui per ricevere consigli e benedizioni.<\/p>\n\n\n\n<p>Nel 5724 (1963-64) si trasfer\u00ec a Yavneh in Israele, poi ad Ashkelon ed infine a Netivot nel 5730 (1969-70), dove rimase fino alla fine della sua vita il 4 Shevat 5744 (8 gennaio 1984).<\/p>\n\n\n\n<p>Da allora, la sua hiloula, il pellegrinaggio annuale alla sua tomba nella data della sua morte, \u00e8 un importante punto di ritrovo per gli ebrei del Marocco.<\/p>\n\n\n\n<p>In questo cofanetto di 8 audiocassette, 7 cantanti (Samy Elmaghribi, Rabbin Ha\u00efm Louk, Cheikh Mouizo, Albert Souissa, Emile Zrihan, Maxime Michali e Mordekha\u00ef Bouzaglo) onorano a turno la memoria di Baba Sal\u00e9.<\/p>\n\n\n<div class=\"wp-block-image\">\n<figure class=\"aligncenter size-large\"><img fetchpriority=\"high\" decoding=\"async\" width=\"1024\" height=\"133\" src=\"https:\/\/www.iemj.org\/wp-content\/uploads\/2024\/03\/AUDIO-PLAYER-1024x133.png\" alt=\"\" class=\"wp-image-110608\" srcset=\"https:\/\/www.iemj.org\/wp-content\/uploads\/2024\/03\/AUDIO-PLAYER-1024x133.png 1024w, https:\/\/www.iemj.org\/wp-content\/uploads\/2024\/03\/AUDIO-PLAYER-300x39.png 300w, https:\/\/www.iemj.org\/wp-content\/uploads\/2024\/03\/AUDIO-PLAYER-768x100.png 768w, https:\/\/www.iemj.org\/wp-content\/uploads\/2024\/03\/AUDIO-PLAYER-600x78.png 600w, https:\/\/www.iemj.org\/wp-content\/uploads\/2024\/03\/AUDIO-PLAYER.png 1210w\" sizes=\"(max-width: 1024px) 100vw, 1024px\" \/><\/figure>\n<\/div>\n\n\n<div class=\"wp-block-file\"><a id=\"wp-block-file--media-d5ee9635-1885-4d92-91fe-71f7104993f5\" href=\"https:\/\/www.iemj.org\/wp-content\/uploads\/2016\/03\/k7_161a_01.mp3\">Emile Zarihan<\/a><\/div>\n\n\n\n<div class=\"wp-block-file\"><a id=\"wp-block-file--media-4fd90c36-165c-4376-be5f-32b913238abb\" href=\"https:\/\/www.iemj.org\/wp-content\/uploads\/2016\/03\/k7_161b_03.mp3\">Maxime Michali<\/a><\/div>\n\n\n\n<div class=\"wp-block-file\"><a id=\"wp-block-file--media-2f39f42f-72bd-4685-809d-b0abde04c9ee\" href=\"https:\/\/www.iemj.org\/wp-content\/uploads\/2016\/03\/k7_161c_02.mp3\">Ha\u00efm Louk<\/a><\/div>\n\n\n\n<div class=\"wp-block-file\"><a id=\"wp-block-file--media-60beebe6-1c73-48ec-8e6e-3a9eb52f89cf\" href=\"https:\/\/www.iemj.org\/wp-content\/uploads\/2016\/03\/k7_161e_07.mp3\">Cheikh Mouizo<\/a><\/div>\n\n\n\n<div class=\"wp-block-file\"><a id=\"wp-block-file--media-53ab6e5a-d3c9-484d-86c3-ab6876d2d8b5\" href=\"https:\/\/www.iemj.org\/wp-content\/uploads\/2016\/03\/k7_161f_02.mp3\">Mordekha\u00ef Bouzaglo<\/a><\/div>\n","protected":false},"excerpt":{"rendered":"<p>Rabbi Israel Abuhatzeira nacque a Rosh Hashana 5650 (26 settembre 1889). Suo padre era lo tzaddik Rabbi Massoud, rabbino del villaggio di Rissani, vicino a Tafilalet. Fin da piccolo Rabbi<\/p>\n","protected":false},"author":1048,"featured_media":102117,"comment_status":"closed","ping_status":"closed","sticky":false,"template":"","format":"standard","meta":{"_acf_changed":false,"footnotes":""},"categories":[1569,1564],"tags":[],"technique":[],"squelettes":[],"sujet":[],"formation":[],"genre":[],"fonds":[],"tradition":[],"type-de-contenu":[],"interprete-compositeur":[],"frise":[],"type-devenement":[],"tableaux-liens-externes":[],"class_list":["post-102116","post","type-post","status-publish","format-standard","has-post-thumbnail","hentry","category-cd-it","category-ultimi-acquisti-it"],"acf":[],"yoast_head":"<!-- This site is optimized with the Yoast SEO plugin v27.3 - https:\/\/yoast.com\/product\/yoast-seo-wordpress\/ -->\n<title>Canti e Piyutim in onore dello Tzaddik Sidna Baba Sal\u00e9 - Institut Europ\u00e9en des Musiques Juives<\/title>\n<meta name=\"robots\" content=\"index, follow, max-snippet:-1, max-image-preview:large, max-video-preview:-1\" \/>\n<link rel=\"canonical\" href=\"https:\/\/www.iemj.org\/it\/chansons-et-piyutim-en-lhonneur-du-tsaddik-sidna-baba-sale\/\" \/>\n<meta property=\"og:locale\" content=\"it_IT\" \/>\n<meta property=\"og:type\" content=\"article\" \/>\n<meta property=\"og:title\" content=\"Canti e Piyutim in onore dello Tzaddik Sidna Baba Sal\u00e9 - Institut Europ\u00e9en des Musiques Juives\" \/>\n<meta property=\"og:description\" content=\"Rabbi Israel Abuhatzeira nacque a Rosh Hashana 5650 (26 settembre 1889). Suo padre era lo tzaddik Rabbi Massoud, rabbino del villaggio di Rissani, vicino a Tafilalet. Fin da piccolo Rabbi\" \/>\n<meta property=\"og:url\" content=\"https:\/\/www.iemj.org\/it\/chansons-et-piyutim-en-lhonneur-du-tsaddik-sidna-baba-sale\/\" \/>\n<meta property=\"og:site_name\" content=\"Institut Europ\u00e9en des Musiques Juives\" \/>\n<meta property=\"article:publisher\" content=\"https:\/\/www.facebook.com\/MusiquesJuives\/\" \/>\n<meta property=\"article:published_time\" content=\"2016-03-15T10:25:43+00:00\" \/>\n<meta property=\"article:modified_time\" content=\"2025-10-23T07:45:58+00:00\" \/>\n<meta property=\"og:image\" content=\"https:\/\/www.iemj.org\/wp-content\/uploads\/2016\/03\/arton1533-e1619426609558.jpg\" \/>\n\t<meta property=\"og:image:width\" content=\"350\" \/>\n\t<meta property=\"og:image:height\" content=\"497\" \/>\n\t<meta property=\"og:image:type\" content=\"image\/jpeg\" \/>\n<meta name=\"author\" content=\"Jean-Gabriel Davis\" \/>\n<meta name=\"twitter:card\" content=\"summary_large_image\" \/>\n<meta name=\"twitter:label1\" content=\"Scritto da\" \/>\n\t<meta name=\"twitter:data1\" content=\"Jean-Gabriel Davis\" \/>\n\t<meta name=\"twitter:label2\" content=\"Tempo di lettura stimato\" \/>\n\t<meta name=\"twitter:data2\" content=\"2 minuti\" \/>\n<script type=\"application\/ld+json\" class=\"yoast-schema-graph\">{\"@context\":\"https:\\\/\\\/schema.org\",\"@graph\":[{\"@type\":\"Article\",\"@id\":\"https:\\\/\\\/www.iemj.org\\\/it\\\/chansons-et-piyutim-en-lhonneur-du-tsaddik-sidna-baba-sale\\\/#article\",\"isPartOf\":{\"@id\":\"https:\\\/\\\/www.iemj.org\\\/it\\\/chansons-et-piyutim-en-lhonneur-du-tsaddik-sidna-baba-sale\\\/\"},\"author\":{\"name\":\"Jean-Gabriel Davis\",\"@id\":\"https:\\\/\\\/www.iemj.org\\\/it\\\/#\\\/schema\\\/person\\\/c9bc1c386a3749579a2d675e72a18666\"},\"headline\":\"Canti e Piyutim in onore dello Tzaddik Sidna Baba Sal\u00e9\",\"datePublished\":\"2016-03-15T10:25:43+00:00\",\"dateModified\":\"2025-10-23T07:45:58+00:00\",\"mainEntityOfPage\":{\"@id\":\"https:\\\/\\\/www.iemj.org\\\/it\\\/chansons-et-piyutim-en-lhonneur-du-tsaddik-sidna-baba-sale\\\/\"},\"wordCount\":279,\"publisher\":{\"@id\":\"https:\\\/\\\/www.iemj.org\\\/it\\\/#organization\"},\"image\":{\"@id\":\"https:\\\/\\\/www.iemj.org\\\/it\\\/chansons-et-piyutim-en-lhonneur-du-tsaddik-sidna-baba-sale\\\/#primaryimage\"},\"thumbnailUrl\":\"https:\\\/\\\/www.iemj.org\\\/wp-content\\\/uploads\\\/2016\\\/03\\\/arton1533-e1619426609558.jpg\",\"articleSection\":[\"CD\",\"Ultimi acquisti\"],\"inLanguage\":\"it-IT\"},{\"@type\":\"WebPage\",\"@id\":\"https:\\\/\\\/www.iemj.org\\\/it\\\/chansons-et-piyutim-en-lhonneur-du-tsaddik-sidna-baba-sale\\\/\",\"url\":\"https:\\\/\\\/www.iemj.org\\\/it\\\/chansons-et-piyutim-en-lhonneur-du-tsaddik-sidna-baba-sale\\\/\",\"name\":\"Canti e Piyutim in onore dello Tzaddik Sidna Baba Sal\u00e9 - Institut Europ\u00e9en des Musiques Juives\",\"isPartOf\":{\"@id\":\"https:\\\/\\\/www.iemj.org\\\/it\\\/#website\"},\"primaryImageOfPage\":{\"@id\":\"https:\\\/\\\/www.iemj.org\\\/it\\\/chansons-et-piyutim-en-lhonneur-du-tsaddik-sidna-baba-sale\\\/#primaryimage\"},\"image\":{\"@id\":\"https:\\\/\\\/www.iemj.org\\\/it\\\/chansons-et-piyutim-en-lhonneur-du-tsaddik-sidna-baba-sale\\\/#primaryimage\"},\"thumbnailUrl\":\"https:\\\/\\\/www.iemj.org\\\/wp-content\\\/uploads\\\/2016\\\/03\\\/arton1533-e1619426609558.jpg\",\"datePublished\":\"2016-03-15T10:25:43+00:00\",\"dateModified\":\"2025-10-23T07:45:58+00:00\",\"breadcrumb\":{\"@id\":\"https:\\\/\\\/www.iemj.org\\\/it\\\/chansons-et-piyutim-en-lhonneur-du-tsaddik-sidna-baba-sale\\\/#breadcrumb\"},\"inLanguage\":\"it-IT\",\"potentialAction\":[{\"@type\":\"ReadAction\",\"target\":[\"https:\\\/\\\/www.iemj.org\\\/it\\\/chansons-et-piyutim-en-lhonneur-du-tsaddik-sidna-baba-sale\\\/\"]}]},{\"@type\":\"ImageObject\",\"inLanguage\":\"it-IT\",\"@id\":\"https:\\\/\\\/www.iemj.org\\\/it\\\/chansons-et-piyutim-en-lhonneur-du-tsaddik-sidna-baba-sale\\\/#primaryimage\",\"url\":\"https:\\\/\\\/www.iemj.org\\\/wp-content\\\/uploads\\\/2016\\\/03\\\/arton1533-e1619426609558.jpg\",\"contentUrl\":\"https:\\\/\\\/www.iemj.org\\\/wp-content\\\/uploads\\\/2016\\\/03\\\/arton1533-e1619426609558.jpg\",\"width\":350,\"height\":497},{\"@type\":\"BreadcrumbList\",\"@id\":\"https:\\\/\\\/www.iemj.org\\\/it\\\/chansons-et-piyutim-en-lhonneur-du-tsaddik-sidna-baba-sale\\\/#breadcrumb\",\"itemListElement\":[{\"@type\":\"ListItem\",\"position\":1,\"name\":\"Accueil\",\"item\":\"https:\\\/\\\/www.iemj.org\\\/it\\\/\"},{\"@type\":\"ListItem\",\"position\":2,\"name\":\"Canti e Piyutim in onore dello Tzaddik Sidna Baba Sal\u00e9\"}]},{\"@type\":\"WebSite\",\"@id\":\"https:\\\/\\\/www.iemj.org\\\/it\\\/#website\",\"url\":\"https:\\\/\\\/www.iemj.org\\\/it\\\/\",\"name\":\"Institut Europ\u00e9en des Musiques Juives\",\"description\":\"Des traditions musicales \u00e0 la port\u00e9e de tous\",\"publisher\":{\"@id\":\"https:\\\/\\\/www.iemj.org\\\/it\\\/#organization\"},\"potentialAction\":[{\"@type\":\"SearchAction\",\"target\":{\"@type\":\"EntryPoint\",\"urlTemplate\":\"https:\\\/\\\/www.iemj.org\\\/it\\\/?s={search_term_string}\"},\"query-input\":{\"@type\":\"PropertyValueSpecification\",\"valueRequired\":true,\"valueName\":\"search_term_string\"}}],\"inLanguage\":\"it-IT\"},{\"@type\":\"Organization\",\"@id\":\"https:\\\/\\\/www.iemj.org\\\/it\\\/#organization\",\"name\":\"Institut Europ\u00e9en des Musiques Juives\",\"url\":\"https:\\\/\\\/www.iemj.org\\\/it\\\/\",\"logo\":{\"@type\":\"ImageObject\",\"inLanguage\":\"it-IT\",\"@id\":\"https:\\\/\\\/www.iemj.org\\\/it\\\/#\\\/schema\\\/logo\\\/image\\\/\",\"url\":\"https:\\\/\\\/www.iemj.org\\\/wp-content\\\/uploads\\\/2021\\\/09\\\/Logo-IEMJ-Paypal.jpg\",\"contentUrl\":\"https:\\\/\\\/www.iemj.org\\\/wp-content\\\/uploads\\\/2021\\\/09\\\/Logo-IEMJ-Paypal.jpg\",\"width\":150,\"height\":50,\"caption\":\"Institut Europ\u00e9en des Musiques Juives\"},\"image\":{\"@id\":\"https:\\\/\\\/www.iemj.org\\\/it\\\/#\\\/schema\\\/logo\\\/image\\\/\"},\"sameAs\":[\"https:\\\/\\\/www.facebook.com\\\/MusiquesJuives\\\/\",\"https:\\\/\\\/www.instagram.com\\\/musiquesjuives\\\/\",\"https:\\\/\\\/www.youtube.com\\\/user\\\/musiquesjuives\"]},{\"@type\":\"Person\",\"@id\":\"https:\\\/\\\/www.iemj.org\\\/it\\\/#\\\/schema\\\/person\\\/c9bc1c386a3749579a2d675e72a18666\",\"name\":\"Jean-Gabriel Davis\",\"image\":{\"@type\":\"ImageObject\",\"inLanguage\":\"it-IT\",\"@id\":\"https:\\\/\\\/secure.gravatar.com\\\/avatar\\\/2b90d67bdf392c9b3a21fab87c0fa7edaf1fb3a058172a1ffd61033fcec7aec1?s=96&d=mm&r=g\",\"url\":\"https:\\\/\\\/secure.gravatar.com\\\/avatar\\\/2b90d67bdf392c9b3a21fab87c0fa7edaf1fb3a058172a1ffd61033fcec7aec1?s=96&d=mm&r=g\",\"contentUrl\":\"https:\\\/\\\/secure.gravatar.com\\\/avatar\\\/2b90d67bdf392c9b3a21fab87c0fa7edaf1fb3a058172a1ffd61033fcec7aec1?s=96&d=mm&r=g\",\"caption\":\"Jean-Gabriel Davis\"}}]}<\/script>\n<!-- \/ Yoast SEO plugin. -->","yoast_head_json":{"title":"Canti e Piyutim in onore dello Tzaddik Sidna Baba Sal\u00e9 - Institut Europ\u00e9en des Musiques Juives","robots":{"index":"index","follow":"follow","max-snippet":"max-snippet:-1","max-image-preview":"max-image-preview:large","max-video-preview":"max-video-preview:-1"},"canonical":"https:\/\/www.iemj.org\/it\/chansons-et-piyutim-en-lhonneur-du-tsaddik-sidna-baba-sale\/","og_locale":"it_IT","og_type":"article","og_title":"Canti e Piyutim in onore dello Tzaddik Sidna Baba Sal\u00e9 - Institut Europ\u00e9en des Musiques Juives","og_description":"Rabbi Israel Abuhatzeira nacque a Rosh Hashana 5650 (26 settembre 1889). Suo padre era lo tzaddik Rabbi Massoud, rabbino del villaggio di Rissani, vicino a Tafilalet. Fin da piccolo Rabbi","og_url":"https:\/\/www.iemj.org\/it\/chansons-et-piyutim-en-lhonneur-du-tsaddik-sidna-baba-sale\/","og_site_name":"Institut Europ\u00e9en des Musiques Juives","article_publisher":"https:\/\/www.facebook.com\/MusiquesJuives\/","article_published_time":"2016-03-15T10:25:43+00:00","article_modified_time":"2025-10-23T07:45:58+00:00","og_image":[{"width":350,"height":497,"url":"https:\/\/www.iemj.org\/wp-content\/uploads\/2016\/03\/arton1533-e1619426609558.jpg","type":"image\/jpeg"}],"author":"Jean-Gabriel Davis","twitter_card":"summary_large_image","twitter_misc":{"Scritto da":"Jean-Gabriel Davis","Tempo di lettura stimato":"2 minuti"},"schema":{"@context":"https:\/\/schema.org","@graph":[{"@type":"Article","@id":"https:\/\/www.iemj.org\/it\/chansons-et-piyutim-en-lhonneur-du-tsaddik-sidna-baba-sale\/#article","isPartOf":{"@id":"https:\/\/www.iemj.org\/it\/chansons-et-piyutim-en-lhonneur-du-tsaddik-sidna-baba-sale\/"},"author":{"name":"Jean-Gabriel Davis","@id":"https:\/\/www.iemj.org\/it\/#\/schema\/person\/c9bc1c386a3749579a2d675e72a18666"},"headline":"Canti e Piyutim in onore dello Tzaddik Sidna Baba Sal\u00e9","datePublished":"2016-03-15T10:25:43+00:00","dateModified":"2025-10-23T07:45:58+00:00","mainEntityOfPage":{"@id":"https:\/\/www.iemj.org\/it\/chansons-et-piyutim-en-lhonneur-du-tsaddik-sidna-baba-sale\/"},"wordCount":279,"publisher":{"@id":"https:\/\/www.iemj.org\/it\/#organization"},"image":{"@id":"https:\/\/www.iemj.org\/it\/chansons-et-piyutim-en-lhonneur-du-tsaddik-sidna-baba-sale\/#primaryimage"},"thumbnailUrl":"https:\/\/www.iemj.org\/wp-content\/uploads\/2016\/03\/arton1533-e1619426609558.jpg","articleSection":["CD","Ultimi acquisti"],"inLanguage":"it-IT"},{"@type":"WebPage","@id":"https:\/\/www.iemj.org\/it\/chansons-et-piyutim-en-lhonneur-du-tsaddik-sidna-baba-sale\/","url":"https:\/\/www.iemj.org\/it\/chansons-et-piyutim-en-lhonneur-du-tsaddik-sidna-baba-sale\/","name":"Canti e Piyutim in onore dello Tzaddik Sidna Baba Sal\u00e9 - Institut Europ\u00e9en des Musiques Juives","isPartOf":{"@id":"https:\/\/www.iemj.org\/it\/#website"},"primaryImageOfPage":{"@id":"https:\/\/www.iemj.org\/it\/chansons-et-piyutim-en-lhonneur-du-tsaddik-sidna-baba-sale\/#primaryimage"},"image":{"@id":"https:\/\/www.iemj.org\/it\/chansons-et-piyutim-en-lhonneur-du-tsaddik-sidna-baba-sale\/#primaryimage"},"thumbnailUrl":"https:\/\/www.iemj.org\/wp-content\/uploads\/2016\/03\/arton1533-e1619426609558.jpg","datePublished":"2016-03-15T10:25:43+00:00","dateModified":"2025-10-23T07:45:58+00:00","breadcrumb":{"@id":"https:\/\/www.iemj.org\/it\/chansons-et-piyutim-en-lhonneur-du-tsaddik-sidna-baba-sale\/#breadcrumb"},"inLanguage":"it-IT","potentialAction":[{"@type":"ReadAction","target":["https:\/\/www.iemj.org\/it\/chansons-et-piyutim-en-lhonneur-du-tsaddik-sidna-baba-sale\/"]}]},{"@type":"ImageObject","inLanguage":"it-IT","@id":"https:\/\/www.iemj.org\/it\/chansons-et-piyutim-en-lhonneur-du-tsaddik-sidna-baba-sale\/#primaryimage","url":"https:\/\/www.iemj.org\/wp-content\/uploads\/2016\/03\/arton1533-e1619426609558.jpg","contentUrl":"https:\/\/www.iemj.org\/wp-content\/uploads\/2016\/03\/arton1533-e1619426609558.jpg","width":350,"height":497},{"@type":"BreadcrumbList","@id":"https:\/\/www.iemj.org\/it\/chansons-et-piyutim-en-lhonneur-du-tsaddik-sidna-baba-sale\/#breadcrumb","itemListElement":[{"@type":"ListItem","position":1,"name":"Accueil","item":"https:\/\/www.iemj.org\/it\/"},{"@type":"ListItem","position":2,"name":"Canti e Piyutim in onore dello Tzaddik Sidna Baba Sal\u00e9"}]},{"@type":"WebSite","@id":"https:\/\/www.iemj.org\/it\/#website","url":"https:\/\/www.iemj.org\/it\/","name":"Institut Europ\u00e9en des Musiques Juives","description":"Des traditions musicales \u00e0 la port\u00e9e de tous","publisher":{"@id":"https:\/\/www.iemj.org\/it\/#organization"},"potentialAction":[{"@type":"SearchAction","target":{"@type":"EntryPoint","urlTemplate":"https:\/\/www.iemj.org\/it\/?s={search_term_string}"},"query-input":{"@type":"PropertyValueSpecification","valueRequired":true,"valueName":"search_term_string"}}],"inLanguage":"it-IT"},{"@type":"Organization","@id":"https:\/\/www.iemj.org\/it\/#organization","name":"Institut Europ\u00e9en des Musiques Juives","url":"https:\/\/www.iemj.org\/it\/","logo":{"@type":"ImageObject","inLanguage":"it-IT","@id":"https:\/\/www.iemj.org\/it\/#\/schema\/logo\/image\/","url":"https:\/\/www.iemj.org\/wp-content\/uploads\/2021\/09\/Logo-IEMJ-Paypal.jpg","contentUrl":"https:\/\/www.iemj.org\/wp-content\/uploads\/2021\/09\/Logo-IEMJ-Paypal.jpg","width":150,"height":50,"caption":"Institut Europ\u00e9en des Musiques Juives"},"image":{"@id":"https:\/\/www.iemj.org\/it\/#\/schema\/logo\/image\/"},"sameAs":["https:\/\/www.facebook.com\/MusiquesJuives\/","https:\/\/www.instagram.com\/musiquesjuives\/","https:\/\/www.youtube.com\/user\/musiquesjuives"]},{"@type":"Person","@id":"https:\/\/www.iemj.org\/it\/#\/schema\/person\/c9bc1c386a3749579a2d675e72a18666","name":"Jean-Gabriel Davis","image":{"@type":"ImageObject","inLanguage":"it-IT","@id":"https:\/\/secure.gravatar.com\/avatar\/2b90d67bdf392c9b3a21fab87c0fa7edaf1fb3a058172a1ffd61033fcec7aec1?s=96&d=mm&r=g","url":"https:\/\/secure.gravatar.com\/avatar\/2b90d67bdf392c9b3a21fab87c0fa7edaf1fb3a058172a1ffd61033fcec7aec1?s=96&d=mm&r=g","contentUrl":"https:\/\/secure.gravatar.com\/avatar\/2b90d67bdf392c9b3a21fab87c0fa7edaf1fb3a058172a1ffd61033fcec7aec1?s=96&d=mm&r=g","caption":"Jean-Gabriel Davis"}}]}},"_links":{"self":[{"href":"https:\/\/www.iemj.org\/it\/wp-json\/wp\/v2\/posts\/102116","targetHints":{"allow":["GET"]}}],"collection":[{"href":"https:\/\/www.iemj.org\/it\/wp-json\/wp\/v2\/posts"}],"about":[{"href":"https:\/\/www.iemj.org\/it\/wp-json\/wp\/v2\/types\/post"}],"author":[{"embeddable":true,"href":"https:\/\/www.iemj.org\/it\/wp-json\/wp\/v2\/users\/1048"}],"replies":[{"embeddable":true,"href":"https:\/\/www.iemj.org\/it\/wp-json\/wp\/v2\/comments?post=102116"}],"version-history":[{"count":1,"href":"https:\/\/www.iemj.org\/it\/wp-json\/wp\/v2\/posts\/102116\/revisions"}],"predecessor-version":[{"id":127765,"href":"https:\/\/www.iemj.org\/it\/wp-json\/wp\/v2\/posts\/102116\/revisions\/127765"}],"wp:featuredmedia":[{"embeddable":true,"href":"https:\/\/www.iemj.org\/it\/wp-json\/wp\/v2\/media\/102117"}],"wp:attachment":[{"href":"https:\/\/www.iemj.org\/it\/wp-json\/wp\/v2\/media?parent=102116"}],"wp:term":[{"taxonomy":"category","embeddable":true,"href":"https:\/\/www.iemj.org\/it\/wp-json\/wp\/v2\/categories?post=102116"},{"taxonomy":"post_tag","embeddable":true,"href":"https:\/\/www.iemj.org\/it\/wp-json\/wp\/v2\/tags?post=102116"},{"taxonomy":"technique","embeddable":true,"href":"https:\/\/www.iemj.org\/it\/wp-json\/wp\/v2\/technique?post=102116"},{"taxonomy":"squelettes","embeddable":true,"href":"https:\/\/www.iemj.org\/it\/wp-json\/wp\/v2\/squelettes?post=102116"},{"taxonomy":"sujet","embeddable":true,"href":"https:\/\/www.iemj.org\/it\/wp-json\/wp\/v2\/sujet?post=102116"},{"taxonomy":"formation","embeddable":true,"href":"https:\/\/www.iemj.org\/it\/wp-json\/wp\/v2\/formation?post=102116"},{"taxonomy":"genre","embeddable":true,"href":"https:\/\/www.iemj.org\/it\/wp-json\/wp\/v2\/genre?post=102116"},{"taxonomy":"fonds","embeddable":true,"href":"https:\/\/www.iemj.org\/it\/wp-json\/wp\/v2\/fonds?post=102116"},{"taxonomy":"tradition","embeddable":true,"href":"https:\/\/www.iemj.org\/it\/wp-json\/wp\/v2\/tradition?post=102116"},{"taxonomy":"type-de-contenu","embeddable":true,"href":"https:\/\/www.iemj.org\/it\/wp-json\/wp\/v2\/type-de-contenu?post=102116"},{"taxonomy":"interprete-compositeur","embeddable":true,"href":"https:\/\/www.iemj.org\/it\/wp-json\/wp\/v2\/interprete-compositeur?post=102116"},{"taxonomy":"frise","embeddable":true,"href":"https:\/\/www.iemj.org\/it\/wp-json\/wp\/v2\/frise?post=102116"},{"taxonomy":"type-devenement","embeddable":true,"href":"https:\/\/www.iemj.org\/it\/wp-json\/wp\/v2\/type-devenement?post=102116"},{"taxonomy":"tableaux-liens-externes","embeddable":true,"href":"https:\/\/www.iemj.org\/it\/wp-json\/wp\/v2\/tableaux-liens-externes?post=102116"}],"curies":[{"name":"wp","href":"https:\/\/api.w.org\/{rel}","templated":true}]}}