{"id":102219,"date":"2016-02-16T17:11:54","date_gmt":"2016-02-16T16:11:54","guid":{"rendered":"https:\/\/www.iemj.org\/in-love-and-in-struggle\/"},"modified":"2025-10-22T18:05:09","modified_gmt":"2025-10-22T16:05:09","slug":"in-love-and-in-struggle","status":"publish","type":"post","link":"https:\/\/www.iemj.org\/it\/in-love-and-in-struggle\/","title":{"rendered":"In Love and in Struggle"},"content":{"rendered":"\n<p>Il patrimonio musicale del Partito dei Lavoratori Ebraici del Bund, in 17 canzoni eseguite da Zalmen Mlotek, Adrienne Cooper, Dan Rous, la New Yiddish Chorale ed il Workmen&#8217;s Circle Chorus&#8230;<\/p>\n\n\n\n<!--more-->\n\n\n\n<p>Questo album \u00e8 straordinario. Una miriade di voci umane meravigliose, solisti di talento come Adrienne Cooper (z&#8221;l), una formidabile selezione di canzoni di lotta proletaria tratte dal repertorio yiddish del Bund, il partito operaio ebraico che rappresentava la quintessenza delle aspirazioni socialiste dell&#8217;ebraismo russo della fine del XIX secolo.<\/p>\n\n\n\n<p>Fin dall&#8217;inizio, con &#8220;Hof un Gleyb&#8221; (speranza e fede), l&#8217;album ci travolge e ci ispira. Poi ci sono momenti pi\u00f9 tranquilli, come la canzone di Adrienne Cooper &#8220;Vilna&#8221;, che invece di essere cantata con nostalgia, descrive la creazione del Bund a Vilnius, esprimendo un forte sentimento di speranza. I suoi assoli sono cos\u00ec potenti, cos\u00ec pieni di futuro, che invece di guardare indietro, guardiamo avanti, attraverso gli occhi dei bundisti, al mondo che credevano di diventare. E questo coro, questa massa di voci umane perfette? Fornisce quell&#8217;oceano di emozioni in cui gli assoli ci fanno sprofondare.<\/p>\n\n\n\n<p>Tuttavia, questo album \u00e8 pi\u00f9 che nostalgico. Almeno in parte. Ascoltando il coro che canta &#8220;Hey hey daloy politsey&#8221; (hey, hey, abbasso la polizia), si pu\u00f2 provare una doppia nostalgia: in primo luogo, per il momento in cui la canzone \u00e8 stata creata, quando si improvvisavano nuovi testi per ogni dimostrazione, poi per il desiderio di aver vissuto e conosciuto questa canzone, durante le grandi lotte sociali della seconda met\u00e0 del XX secolo.<\/p>\n\n\n<div class=\"wp-block-image\">\n<figure class=\"aligncenter\"><img fetchpriority=\"high\" decoding=\"async\" width=\"953\" height=\"470\" src=\"https:\/\/www.iemj.org\/wp-content\/uploads\/2016\/02\/cd_773_15.jpg\" alt=\"cd_773_15.jpg\" class=\"wp-image-9386\" srcset=\"https:\/\/www.iemj.org\/wp-content\/uploads\/2016\/02\/cd_773_15.jpg 953w, https:\/\/www.iemj.org\/wp-content\/uploads\/2016\/02\/cd_773_15-300x148.jpg 300w, https:\/\/www.iemj.org\/wp-content\/uploads\/2016\/02\/cd_773_15-768x379.jpg 768w, https:\/\/www.iemj.org\/wp-content\/uploads\/2016\/02\/cd_773_15-600x296.jpg 600w\" sizes=\"(max-width: 953px) 100vw, 953px\" \/><\/figure>\n<\/div>\n\n\n<div style=\"height:15px\" aria-hidden=\"true\" class=\"wp-block-spacer\"><\/div>\n\n\n<div class=\"wp-block-image\">\n<figure class=\"alignright\"><img decoding=\"async\" width=\"332\" height=\"292\" src=\"https:\/\/www.iemj.org\/wp-content\/uploads\/2016\/02\/cd_773_couv4_petit.jpg\" alt=\"cd_773_couv4_petit.jpg\" class=\"wp-image-9388\" srcset=\"https:\/\/www.iemj.org\/wp-content\/uploads\/2016\/02\/cd_773_couv4_petit.jpg 332w, https:\/\/www.iemj.org\/wp-content\/uploads\/2016\/02\/cd_773_couv4_petit-300x264.jpg 300w\" sizes=\"(max-width: 332px) 100vw, 332px\" \/><\/figure>\n<\/div>\n\n\n<p>Questo album pu\u00f2 anche essere ascoltato con un immenso piacere solo per la musica. \u00c8 semplicemente delizioso. Questo album \u00e8 stato prodotto nel 1999 per commemorare i 100 anni del Bund. Anche se oggi il Bund \u00e8 meno visibile, ci sono ancora sindacati, organizzazioni ed una nuova generazione che continua a lottare. Per gli attivisti di oggi, questo album \u00e8 una fonte di ispirazione ed un momento piacevole da trascorrere lontano dalla lotta. Per coloro che non sono coinvolti nella lotta, questo album \u00e8 anche una fonte di ispirazione e la prova che prendere parte alla lotta per un mondo migliore ha un impatto.<\/p>\n\n\n\n<p>Per chi teme che la mancanza di conoscenza dello yiddish gli impedisca di apprezzare appieno questo album, si tranquillizzi: le spiegazioni sono in inglese, i testi in yiddish ed in traslitterazione latina, con traduzione in inglese.<\/p>\n\n\n\n<p>Per concludere, questo CD \u00e8 un giusto tributo all&#8217;eredit\u00e0 musicale del Partito Operaio Ebraico Bund. Zalmen Mlotek ed i due solisti sono vocalmente superbi. Ascoltate e divertitevi.<\/p>\n\n\n\n<p><em>Estratto da una recensione di Ari Davidow del 18 luglio 1999<\/em><\/p>\n\n\n\n<p><a href=\"http:\/\/www.yivoencyclopedia.org\/article.aspx\/Bund\" target=\"_blank\" rel=\"noopener\">Per saperne di pi\u00f9 sul Bund<\/a><br><a href=\"https:\/\/savethemusic.com\/album\/in-love-and-in-struggle-the-musical-legacy-of-the-labor-bund\/\" target=\"_blank\" rel=\"noopener\">Ordinare il CD<\/a><\/p>\n\n\n<div class=\"wp-block-image\">\n<figure class=\"aligncenter size-large\"><img decoding=\"async\" width=\"1024\" height=\"133\" src=\"https:\/\/www.iemj.org\/wp-content\/uploads\/2024\/03\/AUDIO-PLAYER-1024x133.png\" alt=\"\" class=\"wp-image-110608\" srcset=\"https:\/\/www.iemj.org\/wp-content\/uploads\/2024\/03\/AUDIO-PLAYER-1024x133.png 1024w, https:\/\/www.iemj.org\/wp-content\/uploads\/2024\/03\/AUDIO-PLAYER-300x39.png 300w, https:\/\/www.iemj.org\/wp-content\/uploads\/2024\/03\/AUDIO-PLAYER-768x100.png 768w, https:\/\/www.iemj.org\/wp-content\/uploads\/2024\/03\/AUDIO-PLAYER-600x78.png 600w, https:\/\/www.iemj.org\/wp-content\/uploads\/2024\/03\/AUDIO-PLAYER.png 1210w\" sizes=\"(max-width: 1024px) 100vw, 1024px\" \/><\/figure>\n<\/div>\n\n\n<div class=\"wp-block-file\"><a id=\"wp-block-file--media-7f5a1c1a-3ee9-44ee-a08d-5f83d83dbce1\" href=\"https:\/\/www.iemj.org\/wp-content\/uploads\/2016\/02\/cd_773_03_ex.mp3\">Barikadn<\/a><\/div>\n\n\n\n<div class=\"wp-block-file\"><a id=\"wp-block-file--media-d8de0b8f-d779-4bab-95dc-2b7d5c572013\" href=\"https:\/\/www.iemj.org\/wp-content\/uploads\/2016\/02\/cd_773_04_ex.mp3\">Yidn Shmidn<\/a><\/div>\n\n\n\n<div class=\"wp-block-file\"><a id=\"wp-block-file--media-4a2585b1-65ec-445c-8b77-f223eb17e239\" href=\"https:\/\/www.iemj.org\/wp-content\/uploads\/2016\/02\/cd_773_09_ex.mp3\">Hulyet, hulyet, beyze vintn!<\/a><\/div>\n\n\n\n<div class=\"wp-block-file\"><a id=\"wp-block-file--media-cd2aa073-3c5b-40f0-b31b-7f1f8593c546\" href=\"https:\/\/www.iemj.org\/wp-content\/uploads\/2016\/02\/cd_773_11_ex.mp3\">In ale gasn &#8211; Hey, hey, daloy politsey<\/a><\/div>\n\n\n\n<div class=\"wp-block-file\"><a id=\"wp-block-file--media-213508ec-a91f-409c-bf0e-9ba9bd2c1c6f\" href=\"https:\/\/www.iemj.org\/wp-content\/uploads\/2016\/02\/cd_773_15_ex.mp3\">Di Tsukunft<\/a><\/div>\n\n\n\n<div class=\"wp-block-file\"><a id=\"wp-block-file--media-f61e941c-8fd1-4100-8948-41fe0695195f\" href=\"https:\/\/www.iemj.org\/wp-content\/uploads\/2016\/02\/cd_773_17_ex.mp3\">Di Shvue<\/a><\/div>\n","protected":false},"excerpt":{"rendered":"<p>Il patrimonio musicale del Partito dei Lavoratori Ebraici del Bund, in 17 canzoni eseguite da Zalmen Mlotek, Adrienne Cooper, Dan Rous, la New Yiddish Chorale ed il Workmen&#8217;s Circle Chorus&#8230;<\/p>\n","protected":false},"author":1048,"featured_media":102220,"comment_status":"closed","ping_status":"closed","sticky":false,"template":"","format":"standard","meta":{"_acf_changed":false,"footnotes":""},"categories":[1569,1564],"tags":[],"technique":[],"squelettes":[],"sujet":[],"formation":[],"genre":[1676],"fonds":[],"tradition":[],"type-de-contenu":[],"interprete-compositeur":[],"frise":[],"type-devenement":[],"tableaux-liens-externes":[],"class_list":["post-102219","post","type-post","status-publish","format-standard","has-post-thumbnail","hentry","category-cd-it","category-ultimi-acquisti-it","genre-yiddish-it-2"],"acf":[],"yoast_head":"<!-- This site is optimized with the Yoast SEO plugin v27.3 - https:\/\/yoast.com\/product\/yoast-seo-wordpress\/ -->\n<title>In Love and in Struggle - Institut Europ\u00e9en des Musiques Juives<\/title>\n<meta name=\"robots\" content=\"index, follow, max-snippet:-1, max-image-preview:large, max-video-preview:-1\" \/>\n<link rel=\"canonical\" href=\"https:\/\/www.iemj.org\/it\/in-love-and-in-struggle\/\" \/>\n<meta property=\"og:locale\" content=\"it_IT\" \/>\n<meta property=\"og:type\" content=\"article\" \/>\n<meta property=\"og:title\" content=\"In Love and in Struggle - Institut Europ\u00e9en des Musiques Juives\" \/>\n<meta property=\"og:description\" content=\"Il patrimonio musicale del Partito dei Lavoratori Ebraici del Bund, in 17 canzoni eseguite da Zalmen Mlotek, Adrienne Cooper, Dan Rous, la New Yiddish Chorale ed il Workmen&#8217;s Circle Chorus&#8230;\" \/>\n<meta property=\"og:url\" content=\"https:\/\/www.iemj.org\/it\/in-love-and-in-struggle\/\" \/>\n<meta property=\"og:site_name\" content=\"Institut Europ\u00e9en des Musiques Juives\" \/>\n<meta property=\"article:publisher\" content=\"https:\/\/www.facebook.com\/MusiquesJuives\/\" \/>\n<meta property=\"article:published_time\" content=\"2016-02-16T16:11:54+00:00\" \/>\n<meta property=\"article:modified_time\" content=\"2025-10-22T16:05:09+00:00\" \/>\n<meta property=\"og:image\" content=\"https:\/\/www.iemj.org\/wp-content\/uploads\/2016\/02\/arton1478-e1619427559496.jpg\" \/>\n\t<meta property=\"og:image:width\" content=\"350\" \/>\n\t<meta property=\"og:image:height\" content=\"344\" \/>\n\t<meta property=\"og:image:type\" content=\"image\/jpeg\" \/>\n<meta name=\"author\" content=\"Jean-Gabriel Davis\" \/>\n<meta name=\"twitter:card\" content=\"summary_large_image\" \/>\n<meta name=\"twitter:label1\" content=\"Scritto da\" \/>\n\t<meta name=\"twitter:data1\" content=\"Jean-Gabriel Davis\" \/>\n\t<meta name=\"twitter:label2\" content=\"Tempo di lettura stimato\" \/>\n\t<meta name=\"twitter:data2\" content=\"4 minuti\" \/>\n<script type=\"application\/ld+json\" class=\"yoast-schema-graph\">{\"@context\":\"https:\\\/\\\/schema.org\",\"@graph\":[{\"@type\":\"Article\",\"@id\":\"https:\\\/\\\/www.iemj.org\\\/it\\\/in-love-and-in-struggle\\\/#article\",\"isPartOf\":{\"@id\":\"https:\\\/\\\/www.iemj.org\\\/it\\\/in-love-and-in-struggle\\\/\"},\"author\":{\"name\":\"Jean-Gabriel Davis\",\"@id\":\"https:\\\/\\\/www.iemj.org\\\/it\\\/#\\\/schema\\\/person\\\/c9bc1c386a3749579a2d675e72a18666\"},\"headline\":\"In Love and in Struggle\",\"datePublished\":\"2016-02-16T16:11:54+00:00\",\"dateModified\":\"2025-10-22T16:05:09+00:00\",\"mainEntityOfPage\":{\"@id\":\"https:\\\/\\\/www.iemj.org\\\/it\\\/in-love-and-in-struggle\\\/\"},\"wordCount\":452,\"publisher\":{\"@id\":\"https:\\\/\\\/www.iemj.org\\\/it\\\/#organization\"},\"image\":{\"@id\":\"https:\\\/\\\/www.iemj.org\\\/it\\\/in-love-and-in-struggle\\\/#primaryimage\"},\"thumbnailUrl\":\"https:\\\/\\\/www.iemj.org\\\/wp-content\\\/uploads\\\/2016\\\/02\\\/arton1478-e1619427559496.jpg\",\"articleSection\":[\"CD\",\"Ultimi acquisti\"],\"inLanguage\":\"it-IT\"},{\"@type\":\"WebPage\",\"@id\":\"https:\\\/\\\/www.iemj.org\\\/it\\\/in-love-and-in-struggle\\\/\",\"url\":\"https:\\\/\\\/www.iemj.org\\\/it\\\/in-love-and-in-struggle\\\/\",\"name\":\"In Love and in Struggle - Institut Europ\u00e9en des Musiques Juives\",\"isPartOf\":{\"@id\":\"https:\\\/\\\/www.iemj.org\\\/it\\\/#website\"},\"primaryImageOfPage\":{\"@id\":\"https:\\\/\\\/www.iemj.org\\\/it\\\/in-love-and-in-struggle\\\/#primaryimage\"},\"image\":{\"@id\":\"https:\\\/\\\/www.iemj.org\\\/it\\\/in-love-and-in-struggle\\\/#primaryimage\"},\"thumbnailUrl\":\"https:\\\/\\\/www.iemj.org\\\/wp-content\\\/uploads\\\/2016\\\/02\\\/arton1478-e1619427559496.jpg\",\"datePublished\":\"2016-02-16T16:11:54+00:00\",\"dateModified\":\"2025-10-22T16:05:09+00:00\",\"breadcrumb\":{\"@id\":\"https:\\\/\\\/www.iemj.org\\\/it\\\/in-love-and-in-struggle\\\/#breadcrumb\"},\"inLanguage\":\"it-IT\",\"potentialAction\":[{\"@type\":\"ReadAction\",\"target\":[\"https:\\\/\\\/www.iemj.org\\\/it\\\/in-love-and-in-struggle\\\/\"]}]},{\"@type\":\"ImageObject\",\"inLanguage\":\"it-IT\",\"@id\":\"https:\\\/\\\/www.iemj.org\\\/it\\\/in-love-and-in-struggle\\\/#primaryimage\",\"url\":\"https:\\\/\\\/www.iemj.org\\\/wp-content\\\/uploads\\\/2016\\\/02\\\/arton1478-e1619427559496.jpg\",\"contentUrl\":\"https:\\\/\\\/www.iemj.org\\\/wp-content\\\/uploads\\\/2016\\\/02\\\/arton1478-e1619427559496.jpg\",\"width\":350,\"height\":344},{\"@type\":\"BreadcrumbList\",\"@id\":\"https:\\\/\\\/www.iemj.org\\\/it\\\/in-love-and-in-struggle\\\/#breadcrumb\",\"itemListElement\":[{\"@type\":\"ListItem\",\"position\":1,\"name\":\"Accueil\",\"item\":\"https:\\\/\\\/www.iemj.org\\\/it\\\/\"},{\"@type\":\"ListItem\",\"position\":2,\"name\":\"In Love and in Struggle\"}]},{\"@type\":\"WebSite\",\"@id\":\"https:\\\/\\\/www.iemj.org\\\/it\\\/#website\",\"url\":\"https:\\\/\\\/www.iemj.org\\\/it\\\/\",\"name\":\"Institut Europ\u00e9en des Musiques Juives\",\"description\":\"Des traditions musicales \u00e0 la port\u00e9e de tous\",\"publisher\":{\"@id\":\"https:\\\/\\\/www.iemj.org\\\/it\\\/#organization\"},\"potentialAction\":[{\"@type\":\"SearchAction\",\"target\":{\"@type\":\"EntryPoint\",\"urlTemplate\":\"https:\\\/\\\/www.iemj.org\\\/it\\\/?s={search_term_string}\"},\"query-input\":{\"@type\":\"PropertyValueSpecification\",\"valueRequired\":true,\"valueName\":\"search_term_string\"}}],\"inLanguage\":\"it-IT\"},{\"@type\":\"Organization\",\"@id\":\"https:\\\/\\\/www.iemj.org\\\/it\\\/#organization\",\"name\":\"Institut Europ\u00e9en des Musiques Juives\",\"url\":\"https:\\\/\\\/www.iemj.org\\\/it\\\/\",\"logo\":{\"@type\":\"ImageObject\",\"inLanguage\":\"it-IT\",\"@id\":\"https:\\\/\\\/www.iemj.org\\\/it\\\/#\\\/schema\\\/logo\\\/image\\\/\",\"url\":\"https:\\\/\\\/www.iemj.org\\\/wp-content\\\/uploads\\\/2021\\\/09\\\/Logo-IEMJ-Paypal.jpg\",\"contentUrl\":\"https:\\\/\\\/www.iemj.org\\\/wp-content\\\/uploads\\\/2021\\\/09\\\/Logo-IEMJ-Paypal.jpg\",\"width\":150,\"height\":50,\"caption\":\"Institut Europ\u00e9en des Musiques Juives\"},\"image\":{\"@id\":\"https:\\\/\\\/www.iemj.org\\\/it\\\/#\\\/schema\\\/logo\\\/image\\\/\"},\"sameAs\":[\"https:\\\/\\\/www.facebook.com\\\/MusiquesJuives\\\/\",\"https:\\\/\\\/www.instagram.com\\\/musiquesjuives\\\/\",\"https:\\\/\\\/www.youtube.com\\\/user\\\/musiquesjuives\"]},{\"@type\":\"Person\",\"@id\":\"https:\\\/\\\/www.iemj.org\\\/it\\\/#\\\/schema\\\/person\\\/c9bc1c386a3749579a2d675e72a18666\",\"name\":\"Jean-Gabriel Davis\",\"image\":{\"@type\":\"ImageObject\",\"inLanguage\":\"it-IT\",\"@id\":\"https:\\\/\\\/secure.gravatar.com\\\/avatar\\\/2b90d67bdf392c9b3a21fab87c0fa7edaf1fb3a058172a1ffd61033fcec7aec1?s=96&d=mm&r=g\",\"url\":\"https:\\\/\\\/secure.gravatar.com\\\/avatar\\\/2b90d67bdf392c9b3a21fab87c0fa7edaf1fb3a058172a1ffd61033fcec7aec1?s=96&d=mm&r=g\",\"contentUrl\":\"https:\\\/\\\/secure.gravatar.com\\\/avatar\\\/2b90d67bdf392c9b3a21fab87c0fa7edaf1fb3a058172a1ffd61033fcec7aec1?s=96&d=mm&r=g\",\"caption\":\"Jean-Gabriel Davis\"}}]}<\/script>\n<!-- \/ Yoast SEO plugin. -->","yoast_head_json":{"title":"In Love and in Struggle - Institut Europ\u00e9en des Musiques Juives","robots":{"index":"index","follow":"follow","max-snippet":"max-snippet:-1","max-image-preview":"max-image-preview:large","max-video-preview":"max-video-preview:-1"},"canonical":"https:\/\/www.iemj.org\/it\/in-love-and-in-struggle\/","og_locale":"it_IT","og_type":"article","og_title":"In Love and in Struggle - Institut Europ\u00e9en des Musiques Juives","og_description":"Il patrimonio musicale del Partito dei Lavoratori Ebraici del Bund, in 17 canzoni eseguite da Zalmen Mlotek, Adrienne Cooper, Dan Rous, la New Yiddish Chorale ed il Workmen&#8217;s Circle Chorus&#8230;","og_url":"https:\/\/www.iemj.org\/it\/in-love-and-in-struggle\/","og_site_name":"Institut Europ\u00e9en des Musiques Juives","article_publisher":"https:\/\/www.facebook.com\/MusiquesJuives\/","article_published_time":"2016-02-16T16:11:54+00:00","article_modified_time":"2025-10-22T16:05:09+00:00","og_image":[{"width":350,"height":344,"url":"https:\/\/www.iemj.org\/wp-content\/uploads\/2016\/02\/arton1478-e1619427559496.jpg","type":"image\/jpeg"}],"author":"Jean-Gabriel Davis","twitter_card":"summary_large_image","twitter_misc":{"Scritto da":"Jean-Gabriel Davis","Tempo di lettura stimato":"4 minuti"},"schema":{"@context":"https:\/\/schema.org","@graph":[{"@type":"Article","@id":"https:\/\/www.iemj.org\/it\/in-love-and-in-struggle\/#article","isPartOf":{"@id":"https:\/\/www.iemj.org\/it\/in-love-and-in-struggle\/"},"author":{"name":"Jean-Gabriel Davis","@id":"https:\/\/www.iemj.org\/it\/#\/schema\/person\/c9bc1c386a3749579a2d675e72a18666"},"headline":"In Love and in Struggle","datePublished":"2016-02-16T16:11:54+00:00","dateModified":"2025-10-22T16:05:09+00:00","mainEntityOfPage":{"@id":"https:\/\/www.iemj.org\/it\/in-love-and-in-struggle\/"},"wordCount":452,"publisher":{"@id":"https:\/\/www.iemj.org\/it\/#organization"},"image":{"@id":"https:\/\/www.iemj.org\/it\/in-love-and-in-struggle\/#primaryimage"},"thumbnailUrl":"https:\/\/www.iemj.org\/wp-content\/uploads\/2016\/02\/arton1478-e1619427559496.jpg","articleSection":["CD","Ultimi acquisti"],"inLanguage":"it-IT"},{"@type":"WebPage","@id":"https:\/\/www.iemj.org\/it\/in-love-and-in-struggle\/","url":"https:\/\/www.iemj.org\/it\/in-love-and-in-struggle\/","name":"In Love and in Struggle - Institut Europ\u00e9en des Musiques Juives","isPartOf":{"@id":"https:\/\/www.iemj.org\/it\/#website"},"primaryImageOfPage":{"@id":"https:\/\/www.iemj.org\/it\/in-love-and-in-struggle\/#primaryimage"},"image":{"@id":"https:\/\/www.iemj.org\/it\/in-love-and-in-struggle\/#primaryimage"},"thumbnailUrl":"https:\/\/www.iemj.org\/wp-content\/uploads\/2016\/02\/arton1478-e1619427559496.jpg","datePublished":"2016-02-16T16:11:54+00:00","dateModified":"2025-10-22T16:05:09+00:00","breadcrumb":{"@id":"https:\/\/www.iemj.org\/it\/in-love-and-in-struggle\/#breadcrumb"},"inLanguage":"it-IT","potentialAction":[{"@type":"ReadAction","target":["https:\/\/www.iemj.org\/it\/in-love-and-in-struggle\/"]}]},{"@type":"ImageObject","inLanguage":"it-IT","@id":"https:\/\/www.iemj.org\/it\/in-love-and-in-struggle\/#primaryimage","url":"https:\/\/www.iemj.org\/wp-content\/uploads\/2016\/02\/arton1478-e1619427559496.jpg","contentUrl":"https:\/\/www.iemj.org\/wp-content\/uploads\/2016\/02\/arton1478-e1619427559496.jpg","width":350,"height":344},{"@type":"BreadcrumbList","@id":"https:\/\/www.iemj.org\/it\/in-love-and-in-struggle\/#breadcrumb","itemListElement":[{"@type":"ListItem","position":1,"name":"Accueil","item":"https:\/\/www.iemj.org\/it\/"},{"@type":"ListItem","position":2,"name":"In Love and in Struggle"}]},{"@type":"WebSite","@id":"https:\/\/www.iemj.org\/it\/#website","url":"https:\/\/www.iemj.org\/it\/","name":"Institut Europ\u00e9en des Musiques Juives","description":"Des traditions musicales \u00e0 la port\u00e9e de tous","publisher":{"@id":"https:\/\/www.iemj.org\/it\/#organization"},"potentialAction":[{"@type":"SearchAction","target":{"@type":"EntryPoint","urlTemplate":"https:\/\/www.iemj.org\/it\/?s={search_term_string}"},"query-input":{"@type":"PropertyValueSpecification","valueRequired":true,"valueName":"search_term_string"}}],"inLanguage":"it-IT"},{"@type":"Organization","@id":"https:\/\/www.iemj.org\/it\/#organization","name":"Institut Europ\u00e9en des Musiques Juives","url":"https:\/\/www.iemj.org\/it\/","logo":{"@type":"ImageObject","inLanguage":"it-IT","@id":"https:\/\/www.iemj.org\/it\/#\/schema\/logo\/image\/","url":"https:\/\/www.iemj.org\/wp-content\/uploads\/2021\/09\/Logo-IEMJ-Paypal.jpg","contentUrl":"https:\/\/www.iemj.org\/wp-content\/uploads\/2021\/09\/Logo-IEMJ-Paypal.jpg","width":150,"height":50,"caption":"Institut Europ\u00e9en des Musiques Juives"},"image":{"@id":"https:\/\/www.iemj.org\/it\/#\/schema\/logo\/image\/"},"sameAs":["https:\/\/www.facebook.com\/MusiquesJuives\/","https:\/\/www.instagram.com\/musiquesjuives\/","https:\/\/www.youtube.com\/user\/musiquesjuives"]},{"@type":"Person","@id":"https:\/\/www.iemj.org\/it\/#\/schema\/person\/c9bc1c386a3749579a2d675e72a18666","name":"Jean-Gabriel Davis","image":{"@type":"ImageObject","inLanguage":"it-IT","@id":"https:\/\/secure.gravatar.com\/avatar\/2b90d67bdf392c9b3a21fab87c0fa7edaf1fb3a058172a1ffd61033fcec7aec1?s=96&d=mm&r=g","url":"https:\/\/secure.gravatar.com\/avatar\/2b90d67bdf392c9b3a21fab87c0fa7edaf1fb3a058172a1ffd61033fcec7aec1?s=96&d=mm&r=g","contentUrl":"https:\/\/secure.gravatar.com\/avatar\/2b90d67bdf392c9b3a21fab87c0fa7edaf1fb3a058172a1ffd61033fcec7aec1?s=96&d=mm&r=g","caption":"Jean-Gabriel Davis"}}]}},"_links":{"self":[{"href":"https:\/\/www.iemj.org\/it\/wp-json\/wp\/v2\/posts\/102219","targetHints":{"allow":["GET"]}}],"collection":[{"href":"https:\/\/www.iemj.org\/it\/wp-json\/wp\/v2\/posts"}],"about":[{"href":"https:\/\/www.iemj.org\/it\/wp-json\/wp\/v2\/types\/post"}],"author":[{"embeddable":true,"href":"https:\/\/www.iemj.org\/it\/wp-json\/wp\/v2\/users\/1048"}],"replies":[{"embeddable":true,"href":"https:\/\/www.iemj.org\/it\/wp-json\/wp\/v2\/comments?post=102219"}],"version-history":[{"count":1,"href":"https:\/\/www.iemj.org\/it\/wp-json\/wp\/v2\/posts\/102219\/revisions"}],"predecessor-version":[{"id":127755,"href":"https:\/\/www.iemj.org\/it\/wp-json\/wp\/v2\/posts\/102219\/revisions\/127755"}],"wp:featuredmedia":[{"embeddable":true,"href":"https:\/\/www.iemj.org\/it\/wp-json\/wp\/v2\/media\/102220"}],"wp:attachment":[{"href":"https:\/\/www.iemj.org\/it\/wp-json\/wp\/v2\/media?parent=102219"}],"wp:term":[{"taxonomy":"category","embeddable":true,"href":"https:\/\/www.iemj.org\/it\/wp-json\/wp\/v2\/categories?post=102219"},{"taxonomy":"post_tag","embeddable":true,"href":"https:\/\/www.iemj.org\/it\/wp-json\/wp\/v2\/tags?post=102219"},{"taxonomy":"technique","embeddable":true,"href":"https:\/\/www.iemj.org\/it\/wp-json\/wp\/v2\/technique?post=102219"},{"taxonomy":"squelettes","embeddable":true,"href":"https:\/\/www.iemj.org\/it\/wp-json\/wp\/v2\/squelettes?post=102219"},{"taxonomy":"sujet","embeddable":true,"href":"https:\/\/www.iemj.org\/it\/wp-json\/wp\/v2\/sujet?post=102219"},{"taxonomy":"formation","embeddable":true,"href":"https:\/\/www.iemj.org\/it\/wp-json\/wp\/v2\/formation?post=102219"},{"taxonomy":"genre","embeddable":true,"href":"https:\/\/www.iemj.org\/it\/wp-json\/wp\/v2\/genre?post=102219"},{"taxonomy":"fonds","embeddable":true,"href":"https:\/\/www.iemj.org\/it\/wp-json\/wp\/v2\/fonds?post=102219"},{"taxonomy":"tradition","embeddable":true,"href":"https:\/\/www.iemj.org\/it\/wp-json\/wp\/v2\/tradition?post=102219"},{"taxonomy":"type-de-contenu","embeddable":true,"href":"https:\/\/www.iemj.org\/it\/wp-json\/wp\/v2\/type-de-contenu?post=102219"},{"taxonomy":"interprete-compositeur","embeddable":true,"href":"https:\/\/www.iemj.org\/it\/wp-json\/wp\/v2\/interprete-compositeur?post=102219"},{"taxonomy":"frise","embeddable":true,"href":"https:\/\/www.iemj.org\/it\/wp-json\/wp\/v2\/frise?post=102219"},{"taxonomy":"type-devenement","embeddable":true,"href":"https:\/\/www.iemj.org\/it\/wp-json\/wp\/v2\/type-devenement?post=102219"},{"taxonomy":"tableaux-liens-externes","embeddable":true,"href":"https:\/\/www.iemj.org\/it\/wp-json\/wp\/v2\/tableaux-liens-externes?post=102219"}],"curies":[{"name":"wp","href":"https:\/\/api.w.org\/{rel}","templated":true}]}}