{"id":102335,"date":"2015-11-26T15:41:56","date_gmt":"2015-11-26T14:41:56","guid":{"rendered":"https:\/\/www.iemj.org\/myriam-fuks-ver-bin-ikh\/"},"modified":"2025-10-22T17:24:51","modified_gmt":"2025-10-22T15:24:51","slug":"myriam-fuks-ver-bin-ikh","status":"publish","type":"post","link":"https:\/\/www.iemj.org\/it\/myriam-fuks-ver-bin-ikh\/","title":{"rendered":"Myriam Fuks \u2013 Ver bin ikh !"},"content":{"rendered":"\n<p>Avanticlassic, 09-09-2014<\/p>\n\n\n\n<!--more-->\n\n\n\n<p>Costruito attorno all&#8217;incomparabile personalit\u00e0 della violista Myriam Fuks, questo album riunisce una prodigiosa serie di ospiti musicali. Dal poeta del pianoforte Evgeny Kissin alla leggendaria Martha Argerich, dal violoncellista di culto Mischa Maisky ai pi\u00f9 talentuosi musicisti della nuova generazione: le pianiste Polina Leschenko e Lily Maisky, cos\u00ec come il compositore Alexander Gurning, la violinista-solista Alissa Margulis ed il violista Nathan Braude; tutti hanno prontamente accettato di uscire dal loro repertorio classico per registrare una canzone tradizionale ebraica.<\/p>\n\n\n\n<p><a href=\"http:\/\/www.avanticlassic.com\/artists\/MYRIAM%20FUKS\" target=\"_blank\" rel=\"noopener\">Per saperne di pi\u00f9<\/a><br><a href=\"https:\/\/shop.avanticlassic.com\/products\/ver-bin-ikh-myriam-fuks-1-hybrid-sacd\" target=\"_blank\" rel=\"noopener\">Ordinare il CD<\/a><\/p>\n\n\n<div class=\"wp-block-image\">\n<figure class=\"aligncenter\"><img fetchpriority=\"high\" decoding=\"async\" width=\"1118\" height=\"948\" src=\"https:\/\/www.iemj.org\/wp-content\/uploads\/2015\/11\/cd_754_couv4.jpg\" alt=\"cd_754_couv4.jpg\" class=\"wp-image-8476\" srcset=\"https:\/\/www.iemj.org\/wp-content\/uploads\/2015\/11\/cd_754_couv4.jpg 1118w, https:\/\/www.iemj.org\/wp-content\/uploads\/2015\/11\/cd_754_couv4-300x254.jpg 300w, https:\/\/www.iemj.org\/wp-content\/uploads\/2015\/11\/cd_754_couv4-1024x868.jpg 1024w, https:\/\/www.iemj.org\/wp-content\/uploads\/2015\/11\/cd_754_couv4-768x651.jpg 768w, https:\/\/www.iemj.org\/wp-content\/uploads\/2015\/11\/cd_754_couv4-600x509.jpg 600w\" sizes=\"(max-width: 1118px) 100vw, 1118px\" \/><\/figure>\n<\/div>\n\n\n<div style=\"height:15px\" aria-hidden=\"true\" class=\"wp-block-spacer\"><\/div>\n\n\n<div class=\"wp-block-image\">\n<figure class=\"aligncenter size-large\"><img decoding=\"async\" width=\"1024\" height=\"133\" src=\"https:\/\/www.iemj.org\/wp-content\/uploads\/2024\/03\/AUDIO-PLAYER-1024x133.png\" alt=\"\" class=\"wp-image-110606\" srcset=\"https:\/\/www.iemj.org\/wp-content\/uploads\/2024\/03\/AUDIO-PLAYER-1024x133.png 1024w, https:\/\/www.iemj.org\/wp-content\/uploads\/2024\/03\/AUDIO-PLAYER-300x39.png 300w, https:\/\/www.iemj.org\/wp-content\/uploads\/2024\/03\/AUDIO-PLAYER-768x100.png 768w, https:\/\/www.iemj.org\/wp-content\/uploads\/2024\/03\/AUDIO-PLAYER-600x78.png 600w, https:\/\/www.iemj.org\/wp-content\/uploads\/2024\/03\/AUDIO-PLAYER.png 1210w\" sizes=\"(max-width: 1024px) 100vw, 1024px\" \/><\/figure>\n<\/div>\n\n\n<div class=\"wp-block-file\"><a id=\"wp-block-file--media-00447b33-382a-4cce-81ed-c661a3d1c3d3\" href=\"https:\/\/www.iemj.org\/wp-content\/uploads\/2015\/11\/ex_schlemazel.mp3\">Schlemazel<\/a><\/div>\n\n\n\n<div class=\"wp-block-file\"><a id=\"wp-block-file--media-972d940b-3688-4b01-8f6c-80bb7627bfb0\" href=\"https:\/\/www.iemj.org\/wp-content\/uploads\/2015\/11\/ex_ver_bin_ikh.mp3\">Ver bin ikh !<\/a><\/div>\n\n\n\n<div class=\"wp-block-file\"><a id=\"wp-block-file--media-2c47fb2e-575a-40ad-aa1d-53b6d2d03256\" href=\"https:\/\/www.iemj.org\/wp-content\/uploads\/2015\/11\/ex_greene_bletter.mp3\">Greene bletter<\/a><\/div>\n\n\n\n<div class=\"wp-block-file\"><a id=\"wp-block-file--media-1d0539de-aad2-42df-aadb-bcb17fe9fe84\" href=\"https:\/\/www.iemj.org\/wp-content\/uploads\/2015\/11\/ex_bublitchki.mp3\">Bublitchki<\/a><\/div>\n\n\n\n<div class=\"wp-block-file\"><a id=\"wp-block-file--media-c63b3118-2cf3-4183-967a-626d42a96c5e\" href=\"https:\/\/www.iemj.org\/wp-content\/uploads\/2015\/11\/ex_schmiele.mp3\">Schmiele<\/a><\/div>\n","protected":false},"excerpt":{"rendered":"<p>Avanticlassic, 09-09-2014<\/p>\n","protected":false},"author":1048,"featured_media":102337,"comment_status":"closed","ping_status":"closed","sticky":false,"template":"","format":"standard","meta":{"_acf_changed":false,"footnotes":""},"categories":[1569,1564],"tags":[],"technique":[],"squelettes":[],"sujet":[],"formation":[],"genre":[1676],"fonds":[],"tradition":[],"type-de-contenu":[],"interprete-compositeur":[],"frise":[],"type-devenement":[],"tableaux-liens-externes":[],"class_list":["post-102335","post","type-post","status-publish","format-standard","has-post-thumbnail","hentry","category-cd-it","category-ultimi-acquisti-it","genre-yiddish-it-2"],"acf":[],"yoast_head":"<!-- This site is optimized with the Yoast SEO plugin v27.3 - https:\/\/yoast.com\/product\/yoast-seo-wordpress\/ -->\n<title>Myriam Fuks \u2013 Ver bin ikh ! - Institut Europ\u00e9en des Musiques Juives<\/title>\n<meta name=\"robots\" content=\"index, follow, max-snippet:-1, max-image-preview:large, max-video-preview:-1\" \/>\n<link rel=\"canonical\" href=\"https:\/\/www.iemj.org\/it\/myriam-fuks-ver-bin-ikh\/\" \/>\n<meta property=\"og:locale\" content=\"it_IT\" \/>\n<meta property=\"og:type\" content=\"article\" \/>\n<meta property=\"og:title\" content=\"Myriam Fuks \u2013 Ver bin ikh ! - Institut Europ\u00e9en des Musiques Juives\" \/>\n<meta property=\"og:description\" content=\"Avanticlassic, 09-09-2014\" \/>\n<meta property=\"og:url\" content=\"https:\/\/www.iemj.org\/it\/myriam-fuks-ver-bin-ikh\/\" \/>\n<meta property=\"og:site_name\" content=\"Institut Europ\u00e9en des Musiques Juives\" \/>\n<meta property=\"article:publisher\" content=\"https:\/\/www.facebook.com\/MusiquesJuives\/\" \/>\n<meta property=\"article:published_time\" content=\"2015-11-26T14:41:56+00:00\" \/>\n<meta property=\"article:modified_time\" content=\"2025-10-22T15:24:51+00:00\" \/>\n<meta property=\"og:image\" content=\"https:\/\/www.iemj.org\/wp-content\/uploads\/2015\/11\/arton1273.jpg\" \/>\n\t<meta property=\"og:image:width\" content=\"225\" \/>\n\t<meta property=\"og:image:height\" content=\"225\" \/>\n\t<meta property=\"og:image:type\" content=\"image\/jpeg\" \/>\n<meta name=\"author\" content=\"Jean-Gabriel Davis\" \/>\n<meta name=\"twitter:card\" content=\"summary_large_image\" \/>\n<meta name=\"twitter:label1\" content=\"Scritto da\" \/>\n\t<meta name=\"twitter:data1\" content=\"Jean-Gabriel Davis\" \/>\n\t<meta name=\"twitter:label2\" content=\"Tempo di lettura stimato\" \/>\n\t<meta name=\"twitter:data2\" content=\"2 minuti\" \/>\n<script type=\"application\/ld+json\" class=\"yoast-schema-graph\">{\"@context\":\"https:\\\/\\\/schema.org\",\"@graph\":[{\"@type\":\"Article\",\"@id\":\"https:\\\/\\\/www.iemj.org\\\/it\\\/myriam-fuks-ver-bin-ikh\\\/#article\",\"isPartOf\":{\"@id\":\"https:\\\/\\\/www.iemj.org\\\/it\\\/myriam-fuks-ver-bin-ikh\\\/\"},\"author\":{\"name\":\"Jean-Gabriel Davis\",\"@id\":\"https:\\\/\\\/www.iemj.org\\\/it\\\/#\\\/schema\\\/person\\\/c9bc1c386a3749579a2d675e72a18666\"},\"headline\":\"Myriam Fuks \u2013 Ver bin ikh !\",\"datePublished\":\"2015-11-26T14:41:56+00:00\",\"dateModified\":\"2025-10-22T15:24:51+00:00\",\"mainEntityOfPage\":{\"@id\":\"https:\\\/\\\/www.iemj.org\\\/it\\\/myriam-fuks-ver-bin-ikh\\\/\"},\"wordCount\":102,\"publisher\":{\"@id\":\"https:\\\/\\\/www.iemj.org\\\/it\\\/#organization\"},\"image\":{\"@id\":\"https:\\\/\\\/www.iemj.org\\\/it\\\/myriam-fuks-ver-bin-ikh\\\/#primaryimage\"},\"thumbnailUrl\":\"https:\\\/\\\/www.iemj.org\\\/wp-content\\\/uploads\\\/2015\\\/11\\\/arton1273.jpg\",\"articleSection\":[\"CD\",\"Ultimi acquisti\"],\"inLanguage\":\"it-IT\"},{\"@type\":\"WebPage\",\"@id\":\"https:\\\/\\\/www.iemj.org\\\/it\\\/myriam-fuks-ver-bin-ikh\\\/\",\"url\":\"https:\\\/\\\/www.iemj.org\\\/it\\\/myriam-fuks-ver-bin-ikh\\\/\",\"name\":\"Myriam Fuks \u2013 Ver bin ikh ! - Institut Europ\u00e9en des Musiques Juives\",\"isPartOf\":{\"@id\":\"https:\\\/\\\/www.iemj.org\\\/it\\\/#website\"},\"primaryImageOfPage\":{\"@id\":\"https:\\\/\\\/www.iemj.org\\\/it\\\/myriam-fuks-ver-bin-ikh\\\/#primaryimage\"},\"image\":{\"@id\":\"https:\\\/\\\/www.iemj.org\\\/it\\\/myriam-fuks-ver-bin-ikh\\\/#primaryimage\"},\"thumbnailUrl\":\"https:\\\/\\\/www.iemj.org\\\/wp-content\\\/uploads\\\/2015\\\/11\\\/arton1273.jpg\",\"datePublished\":\"2015-11-26T14:41:56+00:00\",\"dateModified\":\"2025-10-22T15:24:51+00:00\",\"breadcrumb\":{\"@id\":\"https:\\\/\\\/www.iemj.org\\\/it\\\/myriam-fuks-ver-bin-ikh\\\/#breadcrumb\"},\"inLanguage\":\"it-IT\",\"potentialAction\":[{\"@type\":\"ReadAction\",\"target\":[\"https:\\\/\\\/www.iemj.org\\\/it\\\/myriam-fuks-ver-bin-ikh\\\/\"]}]},{\"@type\":\"ImageObject\",\"inLanguage\":\"it-IT\",\"@id\":\"https:\\\/\\\/www.iemj.org\\\/it\\\/myriam-fuks-ver-bin-ikh\\\/#primaryimage\",\"url\":\"https:\\\/\\\/www.iemj.org\\\/wp-content\\\/uploads\\\/2015\\\/11\\\/arton1273.jpg\",\"contentUrl\":\"https:\\\/\\\/www.iemj.org\\\/wp-content\\\/uploads\\\/2015\\\/11\\\/arton1273.jpg\",\"width\":225,\"height\":225},{\"@type\":\"BreadcrumbList\",\"@id\":\"https:\\\/\\\/www.iemj.org\\\/it\\\/myriam-fuks-ver-bin-ikh\\\/#breadcrumb\",\"itemListElement\":[{\"@type\":\"ListItem\",\"position\":1,\"name\":\"Accueil\",\"item\":\"https:\\\/\\\/www.iemj.org\\\/it\\\/\"},{\"@type\":\"ListItem\",\"position\":2,\"name\":\"Myriam Fuks \u2013 Ver bin ikh !\"}]},{\"@type\":\"WebSite\",\"@id\":\"https:\\\/\\\/www.iemj.org\\\/it\\\/#website\",\"url\":\"https:\\\/\\\/www.iemj.org\\\/it\\\/\",\"name\":\"Institut Europ\u00e9en des Musiques Juives\",\"description\":\"Des traditions musicales \u00e0 la port\u00e9e de tous\",\"publisher\":{\"@id\":\"https:\\\/\\\/www.iemj.org\\\/it\\\/#organization\"},\"potentialAction\":[{\"@type\":\"SearchAction\",\"target\":{\"@type\":\"EntryPoint\",\"urlTemplate\":\"https:\\\/\\\/www.iemj.org\\\/it\\\/?s={search_term_string}\"},\"query-input\":{\"@type\":\"PropertyValueSpecification\",\"valueRequired\":true,\"valueName\":\"search_term_string\"}}],\"inLanguage\":\"it-IT\"},{\"@type\":\"Organization\",\"@id\":\"https:\\\/\\\/www.iemj.org\\\/it\\\/#organization\",\"name\":\"Institut Europ\u00e9en des Musiques Juives\",\"url\":\"https:\\\/\\\/www.iemj.org\\\/it\\\/\",\"logo\":{\"@type\":\"ImageObject\",\"inLanguage\":\"it-IT\",\"@id\":\"https:\\\/\\\/www.iemj.org\\\/it\\\/#\\\/schema\\\/logo\\\/image\\\/\",\"url\":\"https:\\\/\\\/www.iemj.org\\\/wp-content\\\/uploads\\\/2021\\\/09\\\/Logo-IEMJ-Paypal.jpg\",\"contentUrl\":\"https:\\\/\\\/www.iemj.org\\\/wp-content\\\/uploads\\\/2021\\\/09\\\/Logo-IEMJ-Paypal.jpg\",\"width\":150,\"height\":50,\"caption\":\"Institut Europ\u00e9en des Musiques Juives\"},\"image\":{\"@id\":\"https:\\\/\\\/www.iemj.org\\\/it\\\/#\\\/schema\\\/logo\\\/image\\\/\"},\"sameAs\":[\"https:\\\/\\\/www.facebook.com\\\/MusiquesJuives\\\/\",\"https:\\\/\\\/www.instagram.com\\\/musiquesjuives\\\/\",\"https:\\\/\\\/www.youtube.com\\\/user\\\/musiquesjuives\"]},{\"@type\":\"Person\",\"@id\":\"https:\\\/\\\/www.iemj.org\\\/it\\\/#\\\/schema\\\/person\\\/c9bc1c386a3749579a2d675e72a18666\",\"name\":\"Jean-Gabriel Davis\",\"image\":{\"@type\":\"ImageObject\",\"inLanguage\":\"it-IT\",\"@id\":\"https:\\\/\\\/secure.gravatar.com\\\/avatar\\\/2b90d67bdf392c9b3a21fab87c0fa7edaf1fb3a058172a1ffd61033fcec7aec1?s=96&d=mm&r=g\",\"url\":\"https:\\\/\\\/secure.gravatar.com\\\/avatar\\\/2b90d67bdf392c9b3a21fab87c0fa7edaf1fb3a058172a1ffd61033fcec7aec1?s=96&d=mm&r=g\",\"contentUrl\":\"https:\\\/\\\/secure.gravatar.com\\\/avatar\\\/2b90d67bdf392c9b3a21fab87c0fa7edaf1fb3a058172a1ffd61033fcec7aec1?s=96&d=mm&r=g\",\"caption\":\"Jean-Gabriel Davis\"}}]}<\/script>\n<!-- \/ Yoast SEO plugin. -->","yoast_head_json":{"title":"Myriam Fuks \u2013 Ver bin ikh ! - Institut Europ\u00e9en des Musiques Juives","robots":{"index":"index","follow":"follow","max-snippet":"max-snippet:-1","max-image-preview":"max-image-preview:large","max-video-preview":"max-video-preview:-1"},"canonical":"https:\/\/www.iemj.org\/it\/myriam-fuks-ver-bin-ikh\/","og_locale":"it_IT","og_type":"article","og_title":"Myriam Fuks \u2013 Ver bin ikh ! - Institut Europ\u00e9en des Musiques Juives","og_description":"Avanticlassic, 09-09-2014","og_url":"https:\/\/www.iemj.org\/it\/myriam-fuks-ver-bin-ikh\/","og_site_name":"Institut Europ\u00e9en des Musiques Juives","article_publisher":"https:\/\/www.facebook.com\/MusiquesJuives\/","article_published_time":"2015-11-26T14:41:56+00:00","article_modified_time":"2025-10-22T15:24:51+00:00","og_image":[{"width":225,"height":225,"url":"https:\/\/www.iemj.org\/wp-content\/uploads\/2015\/11\/arton1273.jpg","type":"image\/jpeg"}],"author":"Jean-Gabriel Davis","twitter_card":"summary_large_image","twitter_misc":{"Scritto da":"Jean-Gabriel Davis","Tempo di lettura stimato":"2 minuti"},"schema":{"@context":"https:\/\/schema.org","@graph":[{"@type":"Article","@id":"https:\/\/www.iemj.org\/it\/myriam-fuks-ver-bin-ikh\/#article","isPartOf":{"@id":"https:\/\/www.iemj.org\/it\/myriam-fuks-ver-bin-ikh\/"},"author":{"name":"Jean-Gabriel Davis","@id":"https:\/\/www.iemj.org\/it\/#\/schema\/person\/c9bc1c386a3749579a2d675e72a18666"},"headline":"Myriam Fuks \u2013 Ver bin ikh !","datePublished":"2015-11-26T14:41:56+00:00","dateModified":"2025-10-22T15:24:51+00:00","mainEntityOfPage":{"@id":"https:\/\/www.iemj.org\/it\/myriam-fuks-ver-bin-ikh\/"},"wordCount":102,"publisher":{"@id":"https:\/\/www.iemj.org\/it\/#organization"},"image":{"@id":"https:\/\/www.iemj.org\/it\/myriam-fuks-ver-bin-ikh\/#primaryimage"},"thumbnailUrl":"https:\/\/www.iemj.org\/wp-content\/uploads\/2015\/11\/arton1273.jpg","articleSection":["CD","Ultimi acquisti"],"inLanguage":"it-IT"},{"@type":"WebPage","@id":"https:\/\/www.iemj.org\/it\/myriam-fuks-ver-bin-ikh\/","url":"https:\/\/www.iemj.org\/it\/myriam-fuks-ver-bin-ikh\/","name":"Myriam Fuks \u2013 Ver bin ikh ! - Institut Europ\u00e9en des Musiques Juives","isPartOf":{"@id":"https:\/\/www.iemj.org\/it\/#website"},"primaryImageOfPage":{"@id":"https:\/\/www.iemj.org\/it\/myriam-fuks-ver-bin-ikh\/#primaryimage"},"image":{"@id":"https:\/\/www.iemj.org\/it\/myriam-fuks-ver-bin-ikh\/#primaryimage"},"thumbnailUrl":"https:\/\/www.iemj.org\/wp-content\/uploads\/2015\/11\/arton1273.jpg","datePublished":"2015-11-26T14:41:56+00:00","dateModified":"2025-10-22T15:24:51+00:00","breadcrumb":{"@id":"https:\/\/www.iemj.org\/it\/myriam-fuks-ver-bin-ikh\/#breadcrumb"},"inLanguage":"it-IT","potentialAction":[{"@type":"ReadAction","target":["https:\/\/www.iemj.org\/it\/myriam-fuks-ver-bin-ikh\/"]}]},{"@type":"ImageObject","inLanguage":"it-IT","@id":"https:\/\/www.iemj.org\/it\/myriam-fuks-ver-bin-ikh\/#primaryimage","url":"https:\/\/www.iemj.org\/wp-content\/uploads\/2015\/11\/arton1273.jpg","contentUrl":"https:\/\/www.iemj.org\/wp-content\/uploads\/2015\/11\/arton1273.jpg","width":225,"height":225},{"@type":"BreadcrumbList","@id":"https:\/\/www.iemj.org\/it\/myriam-fuks-ver-bin-ikh\/#breadcrumb","itemListElement":[{"@type":"ListItem","position":1,"name":"Accueil","item":"https:\/\/www.iemj.org\/it\/"},{"@type":"ListItem","position":2,"name":"Myriam Fuks \u2013 Ver bin ikh !"}]},{"@type":"WebSite","@id":"https:\/\/www.iemj.org\/it\/#website","url":"https:\/\/www.iemj.org\/it\/","name":"Institut Europ\u00e9en des Musiques Juives","description":"Des traditions musicales \u00e0 la port\u00e9e de tous","publisher":{"@id":"https:\/\/www.iemj.org\/it\/#organization"},"potentialAction":[{"@type":"SearchAction","target":{"@type":"EntryPoint","urlTemplate":"https:\/\/www.iemj.org\/it\/?s={search_term_string}"},"query-input":{"@type":"PropertyValueSpecification","valueRequired":true,"valueName":"search_term_string"}}],"inLanguage":"it-IT"},{"@type":"Organization","@id":"https:\/\/www.iemj.org\/it\/#organization","name":"Institut Europ\u00e9en des Musiques Juives","url":"https:\/\/www.iemj.org\/it\/","logo":{"@type":"ImageObject","inLanguage":"it-IT","@id":"https:\/\/www.iemj.org\/it\/#\/schema\/logo\/image\/","url":"https:\/\/www.iemj.org\/wp-content\/uploads\/2021\/09\/Logo-IEMJ-Paypal.jpg","contentUrl":"https:\/\/www.iemj.org\/wp-content\/uploads\/2021\/09\/Logo-IEMJ-Paypal.jpg","width":150,"height":50,"caption":"Institut Europ\u00e9en des Musiques Juives"},"image":{"@id":"https:\/\/www.iemj.org\/it\/#\/schema\/logo\/image\/"},"sameAs":["https:\/\/www.facebook.com\/MusiquesJuives\/","https:\/\/www.instagram.com\/musiquesjuives\/","https:\/\/www.youtube.com\/user\/musiquesjuives"]},{"@type":"Person","@id":"https:\/\/www.iemj.org\/it\/#\/schema\/person\/c9bc1c386a3749579a2d675e72a18666","name":"Jean-Gabriel Davis","image":{"@type":"ImageObject","inLanguage":"it-IT","@id":"https:\/\/secure.gravatar.com\/avatar\/2b90d67bdf392c9b3a21fab87c0fa7edaf1fb3a058172a1ffd61033fcec7aec1?s=96&d=mm&r=g","url":"https:\/\/secure.gravatar.com\/avatar\/2b90d67bdf392c9b3a21fab87c0fa7edaf1fb3a058172a1ffd61033fcec7aec1?s=96&d=mm&r=g","contentUrl":"https:\/\/secure.gravatar.com\/avatar\/2b90d67bdf392c9b3a21fab87c0fa7edaf1fb3a058172a1ffd61033fcec7aec1?s=96&d=mm&r=g","caption":"Jean-Gabriel Davis"}}]}},"_links":{"self":[{"href":"https:\/\/www.iemj.org\/it\/wp-json\/wp\/v2\/posts\/102335","targetHints":{"allow":["GET"]}}],"collection":[{"href":"https:\/\/www.iemj.org\/it\/wp-json\/wp\/v2\/posts"}],"about":[{"href":"https:\/\/www.iemj.org\/it\/wp-json\/wp\/v2\/types\/post"}],"author":[{"embeddable":true,"href":"https:\/\/www.iemj.org\/it\/wp-json\/wp\/v2\/users\/1048"}],"replies":[{"embeddable":true,"href":"https:\/\/www.iemj.org\/it\/wp-json\/wp\/v2\/comments?post=102335"}],"version-history":[{"count":1,"href":"https:\/\/www.iemj.org\/it\/wp-json\/wp\/v2\/posts\/102335\/revisions"}],"predecessor-version":[{"id":127718,"href":"https:\/\/www.iemj.org\/it\/wp-json\/wp\/v2\/posts\/102335\/revisions\/127718"}],"wp:featuredmedia":[{"embeddable":true,"href":"https:\/\/www.iemj.org\/it\/wp-json\/wp\/v2\/media\/102337"}],"wp:attachment":[{"href":"https:\/\/www.iemj.org\/it\/wp-json\/wp\/v2\/media?parent=102335"}],"wp:term":[{"taxonomy":"category","embeddable":true,"href":"https:\/\/www.iemj.org\/it\/wp-json\/wp\/v2\/categories?post=102335"},{"taxonomy":"post_tag","embeddable":true,"href":"https:\/\/www.iemj.org\/it\/wp-json\/wp\/v2\/tags?post=102335"},{"taxonomy":"technique","embeddable":true,"href":"https:\/\/www.iemj.org\/it\/wp-json\/wp\/v2\/technique?post=102335"},{"taxonomy":"squelettes","embeddable":true,"href":"https:\/\/www.iemj.org\/it\/wp-json\/wp\/v2\/squelettes?post=102335"},{"taxonomy":"sujet","embeddable":true,"href":"https:\/\/www.iemj.org\/it\/wp-json\/wp\/v2\/sujet?post=102335"},{"taxonomy":"formation","embeddable":true,"href":"https:\/\/www.iemj.org\/it\/wp-json\/wp\/v2\/formation?post=102335"},{"taxonomy":"genre","embeddable":true,"href":"https:\/\/www.iemj.org\/it\/wp-json\/wp\/v2\/genre?post=102335"},{"taxonomy":"fonds","embeddable":true,"href":"https:\/\/www.iemj.org\/it\/wp-json\/wp\/v2\/fonds?post=102335"},{"taxonomy":"tradition","embeddable":true,"href":"https:\/\/www.iemj.org\/it\/wp-json\/wp\/v2\/tradition?post=102335"},{"taxonomy":"type-de-contenu","embeddable":true,"href":"https:\/\/www.iemj.org\/it\/wp-json\/wp\/v2\/type-de-contenu?post=102335"},{"taxonomy":"interprete-compositeur","embeddable":true,"href":"https:\/\/www.iemj.org\/it\/wp-json\/wp\/v2\/interprete-compositeur?post=102335"},{"taxonomy":"frise","embeddable":true,"href":"https:\/\/www.iemj.org\/it\/wp-json\/wp\/v2\/frise?post=102335"},{"taxonomy":"type-devenement","embeddable":true,"href":"https:\/\/www.iemj.org\/it\/wp-json\/wp\/v2\/type-devenement?post=102335"},{"taxonomy":"tableaux-liens-externes","embeddable":true,"href":"https:\/\/www.iemj.org\/it\/wp-json\/wp\/v2\/tableaux-liens-externes?post=102335"}],"curies":[{"name":"wp","href":"https:\/\/api.w.org\/{rel}","templated":true}]}}