{"id":102555,"date":"2015-02-02T00:43:33","date_gmt":"2015-02-01T23:43:33","guid":{"rendered":"https:\/\/www.iemj.org\/salim-halali-tresor-de-la-chanson-judeo-arabe\/"},"modified":"2025-10-21T16:31:23","modified_gmt":"2025-10-21T14:31:23","slug":"salim-halali-tresor-de-la-chanson-judeo-arabe","status":"publish","type":"post","link":"https:\/\/www.iemj.org\/it\/salim-halali-tresor-de-la-chanson-judeo-arabe\/","title":{"rendered":"Salim Halali"},"content":{"rendered":"<p>Nuova opera della collana &#8220;Tr\u00e9sors de la chanson jud\u00e9o-arabe&#8221; pubblicata da Buda Musique, la sontuosa voce di Salim Halali, nato nel 1920 ad Annaba (ex B\u00f4ne) in Algeria, testimonia la canzone giudeo-maghrebina dagli anni &#8217;40 al 1965.<\/p>\n<p>Salim Halali \u00e8 stato una delle pi\u00f9 belle voci della canzone magrebina, in tutti i generi. Oggi, qualche nuova generazione canticchia alcune delle sue canzoni, ben promosse dall&#8217;Orchestre National de Barb\u00e8s (<em>Dour Biha Ya Chibani<\/em>) o da La Mano Negra (<em>Sidi H&#8217;bibi<\/em>), ignorando l&#8217;identit\u00e0 dell&#8217;interprete originale.<\/p>\n<p>Salim, nato il 30 luglio 1920 ad Annaba (ex B\u00f4ne) da una famiglia berbera ebrea di panettieri, sogna una carriera di cantante spagnolo. Al suo arrivo a Parigi nel 1934, dopo una deviazione via Marsiglia, si lancia nel repertorio della cosiddetta sevillana, segnato in particolare dai successi della franco-italiana Rina Ketty, interprete di<em> J&#8217;attendrai<\/em>. La sua voce mielosa non passa inosservata. Decide poi di dedicarsi al patrimonio nordafricano. La sua nuova vocazione prende il via nel pi\u00f9 grande cinema di Marsiglia e prosegue la tourn\u00e9e in altre citt\u00e0 della Francia.<\/p>\n<p>Salim ha rischiato di essere inghiottito dalle notti e dalle nebbie naziste e si \u00e8 salvato solo grazie all&#8217;intervento del rettore della moschea di Parigi. Dopo la Liberazione, Salim torna alla musica e, ancora una volta, le sue maestose corde vocali, i suoi movimenti pelvici ed il suo colpo di derbouka seducono, turbano ed incendiano le piste da ballo di vari club orientali. Nel 1947 rileva il palazzo parigino di Ferdinand de Lesseps in Avenue Montaigne, trasformandolo in un lussuoso nightclub chiamato &#8220;Ismailia Folies&#8221; e l&#8217;anno successivo apre &#8220;Le S\u00e9rail&#8221;. Questo slancio si infrange con la perdita di tutti i suoi fratelli e sorelle.<\/p>\n<p>Disgustato ed ammaccato, si rifugia in Marocco, dove viene accolto calorosamente. Trascorse molti anni felici, registrando album di successo ed esibendosi dal vivo sul palco, fino al 1965, anno in cui si ritira. In circostanze poco note, perde tutti i suoi beni e finisce la sua vita in totale indigenza.<\/p>\n<p>Ci restano le sue canzoni e quella voce di cui non ci stancheremo mai.<\/p>\n<p><a href=\"https:\/\/www.iemj.org\/it\/halali-salim-1920-2005\/\" target=\"_blank\" rel=\"noopener\">Per saperne di pi\u00f9 su Salim Halali<\/a><\/p>\n<p><img fetchpriority=\"high\" decoding=\"async\" class=\"aligncenter size-full wp-image-110608\" src=\"https:\/\/www.iemj.org\/wp-content\/uploads\/2024\/03\/AUDIO-PLAYER.png\" alt=\"\" width=\"1210\" height=\"157\" srcset=\"https:\/\/www.iemj.org\/wp-content\/uploads\/2024\/03\/AUDIO-PLAYER.png 1210w, https:\/\/www.iemj.org\/wp-content\/uploads\/2024\/03\/AUDIO-PLAYER-300x39.png 300w, https:\/\/www.iemj.org\/wp-content\/uploads\/2024\/03\/AUDIO-PLAYER-1024x133.png 1024w, https:\/\/www.iemj.org\/wp-content\/uploads\/2024\/03\/AUDIO-PLAYER-768x100.png 768w, https:\/\/www.iemj.org\/wp-content\/uploads\/2024\/03\/AUDIO-PLAYER-600x78.png 600w\" sizes=\"(max-width: 1210px) 100vw, 1210px\" \/><\/p>\n","protected":false},"excerpt":{"rendered":"<p>Nuova opera della collana &#8220;Tr\u00e9sors de la chanson jud\u00e9o-arabe&#8221; pubblicata da Buda Musique, la sontuosa voce di Salim Halali, nato nel 1920 ad Annaba (ex B\u00f4ne) in Algeria, testimonia la<\/p>\n","protected":false},"author":1047,"featured_media":102556,"comment_status":"closed","ping_status":"closed","sticky":false,"template":"","format":"standard","meta":{"_acf_changed":false,"footnotes":""},"categories":[1569,1564],"tags":[],"technique":[],"squelettes":[],"sujet":[],"formation":[1671],"genre":[],"fonds":[],"tradition":[],"type-de-contenu":[],"interprete-compositeur":[],"frise":[],"type-devenement":[],"tableaux-liens-externes":[],"class_list":["post-102555","post","type-post","status-publish","format-standard","has-post-thumbnail","hentry","category-cd-it","category-ultimi-acquisti-it","formation-strumentale-it"],"acf":[],"yoast_head":"<!-- This site is optimized with the Yoast SEO plugin v27.3 - https:\/\/yoast.com\/product\/yoast-seo-wordpress\/ -->\n<title>Salim Halali - Institut Europ\u00e9en des Musiques Juives<\/title>\n<meta name=\"robots\" content=\"index, follow, max-snippet:-1, max-image-preview:large, max-video-preview:-1\" \/>\n<link rel=\"canonical\" href=\"https:\/\/www.iemj.org\/it\/salim-halali-tresor-de-la-chanson-judeo-arabe\/\" \/>\n<meta property=\"og:locale\" content=\"it_IT\" \/>\n<meta property=\"og:type\" content=\"article\" \/>\n<meta property=\"og:title\" content=\"Salim Halali - Institut Europ\u00e9en des Musiques Juives\" \/>\n<meta property=\"og:description\" content=\"Nuova opera della collana &#8220;Tr\u00e9sors de la chanson jud\u00e9o-arabe&#8221; pubblicata da Buda Musique, la sontuosa voce di Salim Halali, nato nel 1920 ad Annaba (ex B\u00f4ne) in Algeria, testimonia la\" \/>\n<meta property=\"og:url\" content=\"https:\/\/www.iemj.org\/it\/salim-halali-tresor-de-la-chanson-judeo-arabe\/\" \/>\n<meta property=\"og:site_name\" content=\"Institut Europ\u00e9en des Musiques Juives\" \/>\n<meta property=\"article:publisher\" content=\"https:\/\/www.facebook.com\/MusiquesJuives\/\" \/>\n<meta property=\"article:published_time\" content=\"2015-02-01T23:43:33+00:00\" \/>\n<meta property=\"article:modified_time\" content=\"2025-10-21T14:31:23+00:00\" \/>\n<meta property=\"og:image\" content=\"https:\/\/www.iemj.org\/wp-content\/uploads\/2015\/02\/arton223-e1619537349285.jpg\" \/>\n\t<meta property=\"og:image:width\" content=\"350\" \/>\n\t<meta property=\"og:image:height\" content=\"334\" \/>\n\t<meta property=\"og:image:type\" content=\"image\/jpeg\" \/>\n<meta name=\"author\" content=\"Nicolas Fevre\" \/>\n<meta name=\"twitter:card\" content=\"summary_large_image\" \/>\n<meta name=\"twitter:label1\" content=\"Scritto da\" \/>\n\t<meta name=\"twitter:data1\" content=\"Nicolas Fevre\" \/>\n\t<meta name=\"twitter:label2\" content=\"Tempo di lettura stimato\" \/>\n\t<meta name=\"twitter:data2\" content=\"3 minuti\" \/>\n<script type=\"application\/ld+json\" class=\"yoast-schema-graph\">{\"@context\":\"https:\\\/\\\/schema.org\",\"@graph\":[{\"@type\":\"Article\",\"@id\":\"https:\\\/\\\/www.iemj.org\\\/it\\\/salim-halali-tresor-de-la-chanson-judeo-arabe\\\/#article\",\"isPartOf\":{\"@id\":\"https:\\\/\\\/www.iemj.org\\\/it\\\/salim-halali-tresor-de-la-chanson-judeo-arabe\\\/\"},\"author\":{\"name\":\"Nicolas Fevre\",\"@id\":\"https:\\\/\\\/www.iemj.org\\\/it\\\/#\\\/schema\\\/person\\\/0dfc8632809ec10c9e7d4daf4f4b9f1c\"},\"headline\":\"Salim Halali\",\"datePublished\":\"2015-02-01T23:43:33+00:00\",\"dateModified\":\"2025-10-21T14:31:23+00:00\",\"mainEntityOfPage\":{\"@id\":\"https:\\\/\\\/www.iemj.org\\\/it\\\/salim-halali-tresor-de-la-chanson-judeo-arabe\\\/\"},\"wordCount\":354,\"publisher\":{\"@id\":\"https:\\\/\\\/www.iemj.org\\\/it\\\/#organization\"},\"image\":{\"@id\":\"https:\\\/\\\/www.iemj.org\\\/it\\\/salim-halali-tresor-de-la-chanson-judeo-arabe\\\/#primaryimage\"},\"thumbnailUrl\":\"https:\\\/\\\/www.iemj.org\\\/wp-content\\\/uploads\\\/2015\\\/02\\\/arton223-e1619537349285.jpg\",\"articleSection\":[\"CD\",\"Ultimi acquisti\"],\"inLanguage\":\"it-IT\"},{\"@type\":\"WebPage\",\"@id\":\"https:\\\/\\\/www.iemj.org\\\/it\\\/salim-halali-tresor-de-la-chanson-judeo-arabe\\\/\",\"url\":\"https:\\\/\\\/www.iemj.org\\\/it\\\/salim-halali-tresor-de-la-chanson-judeo-arabe\\\/\",\"name\":\"Salim Halali - Institut Europ\u00e9en des Musiques Juives\",\"isPartOf\":{\"@id\":\"https:\\\/\\\/www.iemj.org\\\/it\\\/#website\"},\"primaryImageOfPage\":{\"@id\":\"https:\\\/\\\/www.iemj.org\\\/it\\\/salim-halali-tresor-de-la-chanson-judeo-arabe\\\/#primaryimage\"},\"image\":{\"@id\":\"https:\\\/\\\/www.iemj.org\\\/it\\\/salim-halali-tresor-de-la-chanson-judeo-arabe\\\/#primaryimage\"},\"thumbnailUrl\":\"https:\\\/\\\/www.iemj.org\\\/wp-content\\\/uploads\\\/2015\\\/02\\\/arton223-e1619537349285.jpg\",\"datePublished\":\"2015-02-01T23:43:33+00:00\",\"dateModified\":\"2025-10-21T14:31:23+00:00\",\"breadcrumb\":{\"@id\":\"https:\\\/\\\/www.iemj.org\\\/it\\\/salim-halali-tresor-de-la-chanson-judeo-arabe\\\/#breadcrumb\"},\"inLanguage\":\"it-IT\",\"potentialAction\":[{\"@type\":\"ReadAction\",\"target\":[\"https:\\\/\\\/www.iemj.org\\\/it\\\/salim-halali-tresor-de-la-chanson-judeo-arabe\\\/\"]}]},{\"@type\":\"ImageObject\",\"inLanguage\":\"it-IT\",\"@id\":\"https:\\\/\\\/www.iemj.org\\\/it\\\/salim-halali-tresor-de-la-chanson-judeo-arabe\\\/#primaryimage\",\"url\":\"https:\\\/\\\/www.iemj.org\\\/wp-content\\\/uploads\\\/2015\\\/02\\\/arton223-e1619537349285.jpg\",\"contentUrl\":\"https:\\\/\\\/www.iemj.org\\\/wp-content\\\/uploads\\\/2015\\\/02\\\/arton223-e1619537349285.jpg\",\"width\":350,\"height\":334},{\"@type\":\"BreadcrumbList\",\"@id\":\"https:\\\/\\\/www.iemj.org\\\/it\\\/salim-halali-tresor-de-la-chanson-judeo-arabe\\\/#breadcrumb\",\"itemListElement\":[{\"@type\":\"ListItem\",\"position\":1,\"name\":\"Accueil\",\"item\":\"https:\\\/\\\/www.iemj.org\\\/it\\\/\"},{\"@type\":\"ListItem\",\"position\":2,\"name\":\"Salim Halali\"}]},{\"@type\":\"WebSite\",\"@id\":\"https:\\\/\\\/www.iemj.org\\\/it\\\/#website\",\"url\":\"https:\\\/\\\/www.iemj.org\\\/it\\\/\",\"name\":\"Institut Europ\u00e9en des Musiques Juives\",\"description\":\"Des traditions musicales \u00e0 la port\u00e9e de tous\",\"publisher\":{\"@id\":\"https:\\\/\\\/www.iemj.org\\\/it\\\/#organization\"},\"potentialAction\":[{\"@type\":\"SearchAction\",\"target\":{\"@type\":\"EntryPoint\",\"urlTemplate\":\"https:\\\/\\\/www.iemj.org\\\/it\\\/?s={search_term_string}\"},\"query-input\":{\"@type\":\"PropertyValueSpecification\",\"valueRequired\":true,\"valueName\":\"search_term_string\"}}],\"inLanguage\":\"it-IT\"},{\"@type\":\"Organization\",\"@id\":\"https:\\\/\\\/www.iemj.org\\\/it\\\/#organization\",\"name\":\"Institut Europ\u00e9en des Musiques Juives\",\"url\":\"https:\\\/\\\/www.iemj.org\\\/it\\\/\",\"logo\":{\"@type\":\"ImageObject\",\"inLanguage\":\"it-IT\",\"@id\":\"https:\\\/\\\/www.iemj.org\\\/it\\\/#\\\/schema\\\/logo\\\/image\\\/\",\"url\":\"https:\\\/\\\/www.iemj.org\\\/wp-content\\\/uploads\\\/2021\\\/09\\\/Logo-IEMJ-Paypal.jpg\",\"contentUrl\":\"https:\\\/\\\/www.iemj.org\\\/wp-content\\\/uploads\\\/2021\\\/09\\\/Logo-IEMJ-Paypal.jpg\",\"width\":150,\"height\":50,\"caption\":\"Institut Europ\u00e9en des Musiques Juives\"},\"image\":{\"@id\":\"https:\\\/\\\/www.iemj.org\\\/it\\\/#\\\/schema\\\/logo\\\/image\\\/\"},\"sameAs\":[\"https:\\\/\\\/www.facebook.com\\\/MusiquesJuives\\\/\",\"https:\\\/\\\/www.instagram.com\\\/musiquesjuives\\\/\",\"https:\\\/\\\/www.youtube.com\\\/user\\\/musiquesjuives\"]},{\"@type\":\"Person\",\"@id\":\"https:\\\/\\\/www.iemj.org\\\/it\\\/#\\\/schema\\\/person\\\/0dfc8632809ec10c9e7d4daf4f4b9f1c\",\"name\":\"Nicolas Fevre\",\"image\":{\"@type\":\"ImageObject\",\"inLanguage\":\"it-IT\",\"@id\":\"https:\\\/\\\/secure.gravatar.com\\\/avatar\\\/d879fd262de3ba26caa7035b34c65f320aa09cf4c96889ac41d9325e287ccb7b?s=96&d=mm&r=g\",\"url\":\"https:\\\/\\\/secure.gravatar.com\\\/avatar\\\/d879fd262de3ba26caa7035b34c65f320aa09cf4c96889ac41d9325e287ccb7b?s=96&d=mm&r=g\",\"contentUrl\":\"https:\\\/\\\/secure.gravatar.com\\\/avatar\\\/d879fd262de3ba26caa7035b34c65f320aa09cf4c96889ac41d9325e287ccb7b?s=96&d=mm&r=g\",\"caption\":\"Nicolas Fevre\"}}]}<\/script>\n<!-- \/ Yoast SEO plugin. -->","yoast_head_json":{"title":"Salim Halali - Institut Europ\u00e9en des Musiques Juives","robots":{"index":"index","follow":"follow","max-snippet":"max-snippet:-1","max-image-preview":"max-image-preview:large","max-video-preview":"max-video-preview:-1"},"canonical":"https:\/\/www.iemj.org\/it\/salim-halali-tresor-de-la-chanson-judeo-arabe\/","og_locale":"it_IT","og_type":"article","og_title":"Salim Halali - Institut Europ\u00e9en des Musiques Juives","og_description":"Nuova opera della collana &#8220;Tr\u00e9sors de la chanson jud\u00e9o-arabe&#8221; pubblicata da Buda Musique, la sontuosa voce di Salim Halali, nato nel 1920 ad Annaba (ex B\u00f4ne) in Algeria, testimonia la","og_url":"https:\/\/www.iemj.org\/it\/salim-halali-tresor-de-la-chanson-judeo-arabe\/","og_site_name":"Institut Europ\u00e9en des Musiques Juives","article_publisher":"https:\/\/www.facebook.com\/MusiquesJuives\/","article_published_time":"2015-02-01T23:43:33+00:00","article_modified_time":"2025-10-21T14:31:23+00:00","og_image":[{"width":350,"height":334,"url":"https:\/\/www.iemj.org\/wp-content\/uploads\/2015\/02\/arton223-e1619537349285.jpg","type":"image\/jpeg"}],"author":"Nicolas Fevre","twitter_card":"summary_large_image","twitter_misc":{"Scritto da":"Nicolas Fevre","Tempo di lettura stimato":"3 minuti"},"schema":{"@context":"https:\/\/schema.org","@graph":[{"@type":"Article","@id":"https:\/\/www.iemj.org\/it\/salim-halali-tresor-de-la-chanson-judeo-arabe\/#article","isPartOf":{"@id":"https:\/\/www.iemj.org\/it\/salim-halali-tresor-de-la-chanson-judeo-arabe\/"},"author":{"name":"Nicolas Fevre","@id":"https:\/\/www.iemj.org\/it\/#\/schema\/person\/0dfc8632809ec10c9e7d4daf4f4b9f1c"},"headline":"Salim Halali","datePublished":"2015-02-01T23:43:33+00:00","dateModified":"2025-10-21T14:31:23+00:00","mainEntityOfPage":{"@id":"https:\/\/www.iemj.org\/it\/salim-halali-tresor-de-la-chanson-judeo-arabe\/"},"wordCount":354,"publisher":{"@id":"https:\/\/www.iemj.org\/it\/#organization"},"image":{"@id":"https:\/\/www.iemj.org\/it\/salim-halali-tresor-de-la-chanson-judeo-arabe\/#primaryimage"},"thumbnailUrl":"https:\/\/www.iemj.org\/wp-content\/uploads\/2015\/02\/arton223-e1619537349285.jpg","articleSection":["CD","Ultimi acquisti"],"inLanguage":"it-IT"},{"@type":"WebPage","@id":"https:\/\/www.iemj.org\/it\/salim-halali-tresor-de-la-chanson-judeo-arabe\/","url":"https:\/\/www.iemj.org\/it\/salim-halali-tresor-de-la-chanson-judeo-arabe\/","name":"Salim Halali - Institut Europ\u00e9en des Musiques Juives","isPartOf":{"@id":"https:\/\/www.iemj.org\/it\/#website"},"primaryImageOfPage":{"@id":"https:\/\/www.iemj.org\/it\/salim-halali-tresor-de-la-chanson-judeo-arabe\/#primaryimage"},"image":{"@id":"https:\/\/www.iemj.org\/it\/salim-halali-tresor-de-la-chanson-judeo-arabe\/#primaryimage"},"thumbnailUrl":"https:\/\/www.iemj.org\/wp-content\/uploads\/2015\/02\/arton223-e1619537349285.jpg","datePublished":"2015-02-01T23:43:33+00:00","dateModified":"2025-10-21T14:31:23+00:00","breadcrumb":{"@id":"https:\/\/www.iemj.org\/it\/salim-halali-tresor-de-la-chanson-judeo-arabe\/#breadcrumb"},"inLanguage":"it-IT","potentialAction":[{"@type":"ReadAction","target":["https:\/\/www.iemj.org\/it\/salim-halali-tresor-de-la-chanson-judeo-arabe\/"]}]},{"@type":"ImageObject","inLanguage":"it-IT","@id":"https:\/\/www.iemj.org\/it\/salim-halali-tresor-de-la-chanson-judeo-arabe\/#primaryimage","url":"https:\/\/www.iemj.org\/wp-content\/uploads\/2015\/02\/arton223-e1619537349285.jpg","contentUrl":"https:\/\/www.iemj.org\/wp-content\/uploads\/2015\/02\/arton223-e1619537349285.jpg","width":350,"height":334},{"@type":"BreadcrumbList","@id":"https:\/\/www.iemj.org\/it\/salim-halali-tresor-de-la-chanson-judeo-arabe\/#breadcrumb","itemListElement":[{"@type":"ListItem","position":1,"name":"Accueil","item":"https:\/\/www.iemj.org\/it\/"},{"@type":"ListItem","position":2,"name":"Salim Halali"}]},{"@type":"WebSite","@id":"https:\/\/www.iemj.org\/it\/#website","url":"https:\/\/www.iemj.org\/it\/","name":"Institut Europ\u00e9en des Musiques Juives","description":"Des traditions musicales \u00e0 la port\u00e9e de tous","publisher":{"@id":"https:\/\/www.iemj.org\/it\/#organization"},"potentialAction":[{"@type":"SearchAction","target":{"@type":"EntryPoint","urlTemplate":"https:\/\/www.iemj.org\/it\/?s={search_term_string}"},"query-input":{"@type":"PropertyValueSpecification","valueRequired":true,"valueName":"search_term_string"}}],"inLanguage":"it-IT"},{"@type":"Organization","@id":"https:\/\/www.iemj.org\/it\/#organization","name":"Institut Europ\u00e9en des Musiques Juives","url":"https:\/\/www.iemj.org\/it\/","logo":{"@type":"ImageObject","inLanguage":"it-IT","@id":"https:\/\/www.iemj.org\/it\/#\/schema\/logo\/image\/","url":"https:\/\/www.iemj.org\/wp-content\/uploads\/2021\/09\/Logo-IEMJ-Paypal.jpg","contentUrl":"https:\/\/www.iemj.org\/wp-content\/uploads\/2021\/09\/Logo-IEMJ-Paypal.jpg","width":150,"height":50,"caption":"Institut Europ\u00e9en des Musiques Juives"},"image":{"@id":"https:\/\/www.iemj.org\/it\/#\/schema\/logo\/image\/"},"sameAs":["https:\/\/www.facebook.com\/MusiquesJuives\/","https:\/\/www.instagram.com\/musiquesjuives\/","https:\/\/www.youtube.com\/user\/musiquesjuives"]},{"@type":"Person","@id":"https:\/\/www.iemj.org\/it\/#\/schema\/person\/0dfc8632809ec10c9e7d4daf4f4b9f1c","name":"Nicolas Fevre","image":{"@type":"ImageObject","inLanguage":"it-IT","@id":"https:\/\/secure.gravatar.com\/avatar\/d879fd262de3ba26caa7035b34c65f320aa09cf4c96889ac41d9325e287ccb7b?s=96&d=mm&r=g","url":"https:\/\/secure.gravatar.com\/avatar\/d879fd262de3ba26caa7035b34c65f320aa09cf4c96889ac41d9325e287ccb7b?s=96&d=mm&r=g","contentUrl":"https:\/\/secure.gravatar.com\/avatar\/d879fd262de3ba26caa7035b34c65f320aa09cf4c96889ac41d9325e287ccb7b?s=96&d=mm&r=g","caption":"Nicolas Fevre"}}]}},"_links":{"self":[{"href":"https:\/\/www.iemj.org\/it\/wp-json\/wp\/v2\/posts\/102555","targetHints":{"allow":["GET"]}}],"collection":[{"href":"https:\/\/www.iemj.org\/it\/wp-json\/wp\/v2\/posts"}],"about":[{"href":"https:\/\/www.iemj.org\/it\/wp-json\/wp\/v2\/types\/post"}],"author":[{"embeddable":true,"href":"https:\/\/www.iemj.org\/it\/wp-json\/wp\/v2\/users\/1047"}],"replies":[{"embeddable":true,"href":"https:\/\/www.iemj.org\/it\/wp-json\/wp\/v2\/comments?post=102555"}],"version-history":[{"count":1,"href":"https:\/\/www.iemj.org\/it\/wp-json\/wp\/v2\/posts\/102555\/revisions"}],"predecessor-version":[{"id":127582,"href":"https:\/\/www.iemj.org\/it\/wp-json\/wp\/v2\/posts\/102555\/revisions\/127582"}],"wp:featuredmedia":[{"embeddable":true,"href":"https:\/\/www.iemj.org\/it\/wp-json\/wp\/v2\/media\/102556"}],"wp:attachment":[{"href":"https:\/\/www.iemj.org\/it\/wp-json\/wp\/v2\/media?parent=102555"}],"wp:term":[{"taxonomy":"category","embeddable":true,"href":"https:\/\/www.iemj.org\/it\/wp-json\/wp\/v2\/categories?post=102555"},{"taxonomy":"post_tag","embeddable":true,"href":"https:\/\/www.iemj.org\/it\/wp-json\/wp\/v2\/tags?post=102555"},{"taxonomy":"technique","embeddable":true,"href":"https:\/\/www.iemj.org\/it\/wp-json\/wp\/v2\/technique?post=102555"},{"taxonomy":"squelettes","embeddable":true,"href":"https:\/\/www.iemj.org\/it\/wp-json\/wp\/v2\/squelettes?post=102555"},{"taxonomy":"sujet","embeddable":true,"href":"https:\/\/www.iemj.org\/it\/wp-json\/wp\/v2\/sujet?post=102555"},{"taxonomy":"formation","embeddable":true,"href":"https:\/\/www.iemj.org\/it\/wp-json\/wp\/v2\/formation?post=102555"},{"taxonomy":"genre","embeddable":true,"href":"https:\/\/www.iemj.org\/it\/wp-json\/wp\/v2\/genre?post=102555"},{"taxonomy":"fonds","embeddable":true,"href":"https:\/\/www.iemj.org\/it\/wp-json\/wp\/v2\/fonds?post=102555"},{"taxonomy":"tradition","embeddable":true,"href":"https:\/\/www.iemj.org\/it\/wp-json\/wp\/v2\/tradition?post=102555"},{"taxonomy":"type-de-contenu","embeddable":true,"href":"https:\/\/www.iemj.org\/it\/wp-json\/wp\/v2\/type-de-contenu?post=102555"},{"taxonomy":"interprete-compositeur","embeddable":true,"href":"https:\/\/www.iemj.org\/it\/wp-json\/wp\/v2\/interprete-compositeur?post=102555"},{"taxonomy":"frise","embeddable":true,"href":"https:\/\/www.iemj.org\/it\/wp-json\/wp\/v2\/frise?post=102555"},{"taxonomy":"type-devenement","embeddable":true,"href":"https:\/\/www.iemj.org\/it\/wp-json\/wp\/v2\/type-devenement?post=102555"},{"taxonomy":"tableaux-liens-externes","embeddable":true,"href":"https:\/\/www.iemj.org\/it\/wp-json\/wp\/v2\/tableaux-liens-externes?post=102555"}],"curies":[{"name":"wp","href":"https:\/\/api.w.org\/{rel}","templated":true}]}}