{"id":102572,"date":"2014-09-18T14:00:03","date_gmt":"2014-09-18T12:00:03","guid":{"rendered":"https:\/\/www.iemj.org\/ben-zimet-2\/"},"modified":"2025-10-21T16:18:33","modified_gmt":"2025-10-21T14:18:33","slug":"ben-zimet-2","status":"publish","type":"post","link":"https:\/\/www.iemj.org\/it\/ben-zimet-2\/","title":{"rendered":"Ben Zimet &#8211; Un enfant de la Corr\u00e8ze"},"content":{"rendered":"\n<p class=\"post_excerpt\">Ben Zimet (voce, narrazione), Nicole Uzan (voce), Maurice Delaistier (direttore musicale-violino, chitarra, pianoforte), Gabi Levasseur (fisarmonica, pianoforte)<\/p>\n\n\n\n<!--more-->\n\n\n\n<p>Il CD dell&#8217;ultimo spettacolo di Ben Zimet con il Quartetto Yiddish ripercorre l&#8217;infanzia del cantante durante e dopo la guerra e mantiene vivo il ricordo delle persone scomparse. \u00c8 nato dal desiderio di far conoscere ai giovani di oggi il passato e di favorire un legame pi\u00f9 stretto tra le religioni.<\/p>\n\n\n\n<p>&#8220;Prima c&#8217;era la canzone &#8220;<em>J&#8217;attendrai<\/em>&#8221; dell&#8217;indimenticabile Rina Ketty, che, a distanza di settant&#8217;anni, incanta ancora la mia memoria. Poi le cannonate, l&#8217;esodo brutale, il lungo viaggio verso la Zona Libera, la difficile sopravvivenza in tutti i suoi pericoli. Di nuovo l&#8217;esilio, questa volta a Corr\u00e8ze, quando i tedeschi invasero la Zona Libera.<\/p>\n\n\n<div class=\"wp-block-image\">\n<figure class=\"alignright is-resized\"><img fetchpriority=\"high\" decoding=\"async\" width=\"300\" height=\"259\" src=\"https:\/\/www.iemj.org\/wp-content\/uploads\/2014\/09\/Ben-Zimet-Correze_COUV4-300x259.jpg\" alt=\"\" class=\"wp-image-38209\" style=\"width:420px\" srcset=\"https:\/\/www.iemj.org\/wp-content\/uploads\/2014\/09\/Ben-Zimet-Correze_COUV4-300x259.jpg 300w, https:\/\/www.iemj.org\/wp-content\/uploads\/2014\/09\/Ben-Zimet-Correze_COUV4-768x662.jpg 768w, https:\/\/www.iemj.org\/wp-content\/uploads\/2014\/09\/Ben-Zimet-Correze_COUV4-600x517.jpg 600w, https:\/\/www.iemj.org\/wp-content\/uploads\/2014\/09\/Ben-Zimet-Correze_COUV4.jpg 1000w\" sizes=\"(max-width: 300px) 100vw, 300px\" \/><\/figure>\n<\/div>\n\n\n<p>Infine, il sinistro gioco a nascondino con le autorit\u00e0 francesi, i bambini nascosti a loro insaputa nelle case di veri patrioti. Poi la Liberazione, l&#8217;immenso sollievo, l&#8217;altrettanto immensa tristezza dell&#8217;Olocausto, l&#8217;esilio in Canada ed infine il ritorno a Parigi, quando un amore sbocciato sembra far sognare di nuovo il mondo intero&#8230;<\/p>\n\n\n\n<p>E questo spettacolo, questo &#8216;<em>Enfant de la Corr\u00e8ze<\/em>&#8216; (Bambino della Corr\u00e8ze) \u00e8 in un certo senso il coronamento di tutti gli anni passati a cantare dei nostri poeti scomparsi, assassinati, delle nostre donne, dei nostri bambini, dei nostri nonni gasati, bruciati, della nostra lingua risparmiata, forse&#8230;&#8221;.<\/p>\n\n\n\n<p>Per acquistare l&#8217;album, visitare il sito web di <a href=\"http:\/\/www.mlpmusic.fr\/\">Mlp Music<\/a><\/p>\n\n\n\n<p><a href=\"https:\/\/www.iemj.org\/it\/zimet-ben-1935\/\" target=\"_blank\" rel=\"noopener\">Per saperne di pi\u00f9 su Ben Zimet<\/a><\/p>\n\n\n\n<p><a href=\"https:\/\/www.iemj.org\/ben-zimet-de-lombre-a-la-lumiere\/\" target=\"_blank\" rel=\"noopener\">Ascoltare il programma radiofonico dell&#8217;IEMJ Ben Zimet &#8211; De l&#8217;ombre \u00e0 la lumi\u00e8re (in francese)<\/a><\/p>\n\n\n<div class=\"wp-block-image\">\n<figure class=\"aligncenter size-large\"><img decoding=\"async\" width=\"1024\" height=\"133\" src=\"https:\/\/www.iemj.org\/wp-content\/uploads\/2024\/03\/AUDIO-PLAYER-1024x133.png\" alt=\"\" class=\"wp-image-110610\" srcset=\"https:\/\/www.iemj.org\/wp-content\/uploads\/2024\/03\/AUDIO-PLAYER-1024x133.png 1024w, https:\/\/www.iemj.org\/wp-content\/uploads\/2024\/03\/AUDIO-PLAYER-300x39.png 300w, https:\/\/www.iemj.org\/wp-content\/uploads\/2024\/03\/AUDIO-PLAYER-768x100.png 768w, https:\/\/www.iemj.org\/wp-content\/uploads\/2024\/03\/AUDIO-PLAYER-600x78.png 600w, https:\/\/www.iemj.org\/wp-content\/uploads\/2024\/03\/AUDIO-PLAYER.png 1210w\" sizes=\"(max-width: 1024px) 100vw, 1024px\" \/><\/figure>\n<\/div>\n\n\n<div class=\"wp-block-file\"><a id=\"wp-block-file--media-2d800940-9838-4b77-bb15-8967825bc8e2\" href=\"https:\/\/www.iemj.org\/wp-content\/uploads\/2014\/09\/cd_596_01_ex.mp3\">J&#8217;attendrai (Poterat)<\/a><\/div>\n\n\n\n<div class=\"wp-block-file\"><a id=\"wp-block-file--media-2ab69d7b-f6ff-4e2a-8157-4c2582b85c50\" href=\"https:\/\/www.iemj.org\/wp-content\/uploads\/2014\/09\/cd_596_21_ex.mp3\">Mikomashmalon-chant traditionnel<\/a><\/div>\n\n\n\n<div class=\"wp-block-file\"><a id=\"wp-block-file--media-28f04bbb-149b-4e38-be01-9fadd09b53ef\" href=\"https:\/\/www.iemj.org\/wp-content\/uploads\/2014\/09\/cd_596_12_ex.mp3\">Berceuse: Di Tsvay Blauen Augen<\/a><\/div>\n\n\n\n<div class=\"wp-block-file\"><a id=\"wp-block-file--media-47d1ca7c-14e8-4bbb-b21c-f0d21f5bf528\" href=\"https:\/\/www.iemj.org\/wp-content\/uploads\/2014\/09\/cd_596_08_ex.mp3\">Bay Mir Bistu Schayn<\/a><\/div>\n\n\n\n<div class=\"wp-block-file\"><a id=\"wp-block-file--media-83ad4e1d-b802-4392-bc3b-031c4bf5935e\" href=\"https:\/\/www.iemj.org\/wp-content\/uploads\/2014\/09\/cd_596_02_ex.mp3\">Au Commencement<\/a><\/div>\n","protected":false},"excerpt":{"rendered":"<p>Ben Zimet (voce, narrazione), Nicole Uzan (voce), Maurice Delaistier (direttore musicale-violino, chitarra, pianoforte), Gabi Levasseur (fisarmonica, pianoforte)<\/p>\n","protected":false},"author":1050,"featured_media":102573,"comment_status":"closed","ping_status":"closed","sticky":false,"template":"","format":"standard","meta":{"_acf_changed":false,"footnotes":""},"categories":[1569,1564],"tags":[],"technique":[],"squelettes":[],"sujet":[1823],"formation":[],"genre":[1676],"fonds":[],"tradition":[],"type-de-contenu":[],"interprete-compositeur":[3105],"frise":[],"type-devenement":[],"tableaux-liens-externes":[],"class_list":["post-102572","post","type-post","status-publish","format-standard","has-post-thumbnail","hentry","category-cd-it","category-ultimi-acquisti-it","sujet-francia-it","genre-yiddish-it-2","interprete-compositeur-ben-zimet-it"],"acf":[],"yoast_head":"<!-- This site is optimized with the Yoast SEO plugin v27.3 - https:\/\/yoast.com\/product\/yoast-seo-wordpress\/ -->\n<title>Ben Zimet - Un enfant de la Corr\u00e8ze - Institut Europ\u00e9en des Musiques Juives<\/title>\n<meta name=\"robots\" content=\"index, follow, max-snippet:-1, max-image-preview:large, max-video-preview:-1\" \/>\n<link rel=\"canonical\" href=\"https:\/\/www.iemj.org\/it\/ben-zimet-2\/\" \/>\n<meta property=\"og:locale\" content=\"it_IT\" \/>\n<meta property=\"og:type\" content=\"article\" \/>\n<meta property=\"og:title\" content=\"Ben Zimet - Un enfant de la Corr\u00e8ze - Institut Europ\u00e9en des Musiques Juives\" \/>\n<meta property=\"og:description\" content=\"Ben Zimet (voce, narrazione), Nicole Uzan (voce), Maurice Delaistier (direttore musicale-violino, chitarra, pianoforte), Gabi Levasseur (fisarmonica, pianoforte)\" \/>\n<meta property=\"og:url\" content=\"https:\/\/www.iemj.org\/it\/ben-zimet-2\/\" \/>\n<meta property=\"og:site_name\" content=\"Institut Europ\u00e9en des Musiques Juives\" \/>\n<meta property=\"article:publisher\" content=\"https:\/\/www.facebook.com\/MusiquesJuives\/\" \/>\n<meta property=\"article:published_time\" content=\"2014-09-18T12:00:03+00:00\" \/>\n<meta property=\"article:modified_time\" content=\"2025-10-21T14:18:33+00:00\" \/>\n<meta property=\"og:image\" content=\"https:\/\/www.iemj.org\/wp-content\/uploads\/2014\/09\/arton918-e1619544377841.jpg\" \/>\n\t<meta property=\"og:image:width\" content=\"350\" \/>\n\t<meta property=\"og:image:height\" content=\"341\" \/>\n\t<meta property=\"og:image:type\" content=\"image\/jpeg\" \/>\n<meta name=\"author\" content=\"ncochin\" \/>\n<meta name=\"twitter:card\" content=\"summary_large_image\" \/>\n<meta name=\"twitter:label1\" content=\"Scritto da\" \/>\n\t<meta name=\"twitter:data1\" content=\"ncochin\" \/>\n\t<meta name=\"twitter:label2\" content=\"Tempo di lettura stimato\" \/>\n\t<meta name=\"twitter:data2\" content=\"2 minuti\" \/>\n<script type=\"application\/ld+json\" class=\"yoast-schema-graph\">{\"@context\":\"https:\\\/\\\/schema.org\",\"@graph\":[{\"@type\":\"Article\",\"@id\":\"https:\\\/\\\/www.iemj.org\\\/it\\\/ben-zimet-2\\\/#article\",\"isPartOf\":{\"@id\":\"https:\\\/\\\/www.iemj.org\\\/it\\\/ben-zimet-2\\\/\"},\"author\":{\"name\":\"ncochin\",\"@id\":\"https:\\\/\\\/www.iemj.org\\\/it\\\/#\\\/schema\\\/person\\\/f826ad11b0cd58dd99babe0a3fbcb86e\"},\"headline\":\"Ben Zimet &#8211; Un enfant de la Corr\u00e8ze\",\"datePublished\":\"2014-09-18T12:00:03+00:00\",\"dateModified\":\"2025-10-21T14:18:33+00:00\",\"mainEntityOfPage\":{\"@id\":\"https:\\\/\\\/www.iemj.org\\\/it\\\/ben-zimet-2\\\/\"},\"wordCount\":290,\"publisher\":{\"@id\":\"https:\\\/\\\/www.iemj.org\\\/it\\\/#organization\"},\"image\":{\"@id\":\"https:\\\/\\\/www.iemj.org\\\/it\\\/ben-zimet-2\\\/#primaryimage\"},\"thumbnailUrl\":\"https:\\\/\\\/www.iemj.org\\\/wp-content\\\/uploads\\\/2014\\\/09\\\/arton918-e1619544377841.jpg\",\"articleSection\":[\"CD\",\"Ultimi acquisti\"],\"inLanguage\":\"it-IT\"},{\"@type\":\"WebPage\",\"@id\":\"https:\\\/\\\/www.iemj.org\\\/it\\\/ben-zimet-2\\\/\",\"url\":\"https:\\\/\\\/www.iemj.org\\\/it\\\/ben-zimet-2\\\/\",\"name\":\"Ben Zimet - Un enfant de la Corr\u00e8ze - Institut Europ\u00e9en des Musiques Juives\",\"isPartOf\":{\"@id\":\"https:\\\/\\\/www.iemj.org\\\/it\\\/#website\"},\"primaryImageOfPage\":{\"@id\":\"https:\\\/\\\/www.iemj.org\\\/it\\\/ben-zimet-2\\\/#primaryimage\"},\"image\":{\"@id\":\"https:\\\/\\\/www.iemj.org\\\/it\\\/ben-zimet-2\\\/#primaryimage\"},\"thumbnailUrl\":\"https:\\\/\\\/www.iemj.org\\\/wp-content\\\/uploads\\\/2014\\\/09\\\/arton918-e1619544377841.jpg\",\"datePublished\":\"2014-09-18T12:00:03+00:00\",\"dateModified\":\"2025-10-21T14:18:33+00:00\",\"breadcrumb\":{\"@id\":\"https:\\\/\\\/www.iemj.org\\\/it\\\/ben-zimet-2\\\/#breadcrumb\"},\"inLanguage\":\"it-IT\",\"potentialAction\":[{\"@type\":\"ReadAction\",\"target\":[\"https:\\\/\\\/www.iemj.org\\\/it\\\/ben-zimet-2\\\/\"]}]},{\"@type\":\"ImageObject\",\"inLanguage\":\"it-IT\",\"@id\":\"https:\\\/\\\/www.iemj.org\\\/it\\\/ben-zimet-2\\\/#primaryimage\",\"url\":\"https:\\\/\\\/www.iemj.org\\\/wp-content\\\/uploads\\\/2014\\\/09\\\/arton918-e1619544377841.jpg\",\"contentUrl\":\"https:\\\/\\\/www.iemj.org\\\/wp-content\\\/uploads\\\/2014\\\/09\\\/arton918-e1619544377841.jpg\",\"width\":350,\"height\":341},{\"@type\":\"BreadcrumbList\",\"@id\":\"https:\\\/\\\/www.iemj.org\\\/it\\\/ben-zimet-2\\\/#breadcrumb\",\"itemListElement\":[{\"@type\":\"ListItem\",\"position\":1,\"name\":\"Accueil\",\"item\":\"https:\\\/\\\/www.iemj.org\\\/it\\\/\"},{\"@type\":\"ListItem\",\"position\":2,\"name\":\"Ben Zimet &#8211; Un enfant de la Corr\u00e8ze\"}]},{\"@type\":\"WebSite\",\"@id\":\"https:\\\/\\\/www.iemj.org\\\/it\\\/#website\",\"url\":\"https:\\\/\\\/www.iemj.org\\\/it\\\/\",\"name\":\"Institut Europ\u00e9en des Musiques Juives\",\"description\":\"Des traditions musicales \u00e0 la port\u00e9e de tous\",\"publisher\":{\"@id\":\"https:\\\/\\\/www.iemj.org\\\/it\\\/#organization\"},\"potentialAction\":[{\"@type\":\"SearchAction\",\"target\":{\"@type\":\"EntryPoint\",\"urlTemplate\":\"https:\\\/\\\/www.iemj.org\\\/it\\\/?s={search_term_string}\"},\"query-input\":{\"@type\":\"PropertyValueSpecification\",\"valueRequired\":true,\"valueName\":\"search_term_string\"}}],\"inLanguage\":\"it-IT\"},{\"@type\":\"Organization\",\"@id\":\"https:\\\/\\\/www.iemj.org\\\/it\\\/#organization\",\"name\":\"Institut Europ\u00e9en des Musiques Juives\",\"url\":\"https:\\\/\\\/www.iemj.org\\\/it\\\/\",\"logo\":{\"@type\":\"ImageObject\",\"inLanguage\":\"it-IT\",\"@id\":\"https:\\\/\\\/www.iemj.org\\\/it\\\/#\\\/schema\\\/logo\\\/image\\\/\",\"url\":\"https:\\\/\\\/www.iemj.org\\\/wp-content\\\/uploads\\\/2021\\\/09\\\/Logo-IEMJ-Paypal.jpg\",\"contentUrl\":\"https:\\\/\\\/www.iemj.org\\\/wp-content\\\/uploads\\\/2021\\\/09\\\/Logo-IEMJ-Paypal.jpg\",\"width\":150,\"height\":50,\"caption\":\"Institut Europ\u00e9en des Musiques Juives\"},\"image\":{\"@id\":\"https:\\\/\\\/www.iemj.org\\\/it\\\/#\\\/schema\\\/logo\\\/image\\\/\"},\"sameAs\":[\"https:\\\/\\\/www.facebook.com\\\/MusiquesJuives\\\/\",\"https:\\\/\\\/www.instagram.com\\\/musiquesjuives\\\/\",\"https:\\\/\\\/www.youtube.com\\\/user\\\/musiquesjuives\"]},{\"@type\":\"Person\",\"@id\":\"https:\\\/\\\/www.iemj.org\\\/it\\\/#\\\/schema\\\/person\\\/f826ad11b0cd58dd99babe0a3fbcb86e\",\"name\":\"ncochin\",\"image\":{\"@type\":\"ImageObject\",\"inLanguage\":\"it-IT\",\"@id\":\"https:\\\/\\\/secure.gravatar.com\\\/avatar\\\/4499f551e6a9b8c28bd3132f28d79657b2cb55ff363257726f67e89c95e2a33c?s=96&d=mm&r=g\",\"url\":\"https:\\\/\\\/secure.gravatar.com\\\/avatar\\\/4499f551e6a9b8c28bd3132f28d79657b2cb55ff363257726f67e89c95e2a33c?s=96&d=mm&r=g\",\"contentUrl\":\"https:\\\/\\\/secure.gravatar.com\\\/avatar\\\/4499f551e6a9b8c28bd3132f28d79657b2cb55ff363257726f67e89c95e2a33c?s=96&d=mm&r=g\",\"caption\":\"ncochin\"}}]}<\/script>\n<!-- \/ Yoast SEO plugin. -->","yoast_head_json":{"title":"Ben Zimet - Un enfant de la Corr\u00e8ze - Institut Europ\u00e9en des Musiques Juives","robots":{"index":"index","follow":"follow","max-snippet":"max-snippet:-1","max-image-preview":"max-image-preview:large","max-video-preview":"max-video-preview:-1"},"canonical":"https:\/\/www.iemj.org\/it\/ben-zimet-2\/","og_locale":"it_IT","og_type":"article","og_title":"Ben Zimet - Un enfant de la Corr\u00e8ze - Institut Europ\u00e9en des Musiques Juives","og_description":"Ben Zimet (voce, narrazione), Nicole Uzan (voce), Maurice Delaistier (direttore musicale-violino, chitarra, pianoforte), Gabi Levasseur (fisarmonica, pianoforte)","og_url":"https:\/\/www.iemj.org\/it\/ben-zimet-2\/","og_site_name":"Institut Europ\u00e9en des Musiques Juives","article_publisher":"https:\/\/www.facebook.com\/MusiquesJuives\/","article_published_time":"2014-09-18T12:00:03+00:00","article_modified_time":"2025-10-21T14:18:33+00:00","og_image":[{"width":350,"height":341,"url":"https:\/\/www.iemj.org\/wp-content\/uploads\/2014\/09\/arton918-e1619544377841.jpg","type":"image\/jpeg"}],"author":"ncochin","twitter_card":"summary_large_image","twitter_misc":{"Scritto da":"ncochin","Tempo di lettura stimato":"2 minuti"},"schema":{"@context":"https:\/\/schema.org","@graph":[{"@type":"Article","@id":"https:\/\/www.iemj.org\/it\/ben-zimet-2\/#article","isPartOf":{"@id":"https:\/\/www.iemj.org\/it\/ben-zimet-2\/"},"author":{"name":"ncochin","@id":"https:\/\/www.iemj.org\/it\/#\/schema\/person\/f826ad11b0cd58dd99babe0a3fbcb86e"},"headline":"Ben Zimet &#8211; Un enfant de la Corr\u00e8ze","datePublished":"2014-09-18T12:00:03+00:00","dateModified":"2025-10-21T14:18:33+00:00","mainEntityOfPage":{"@id":"https:\/\/www.iemj.org\/it\/ben-zimet-2\/"},"wordCount":290,"publisher":{"@id":"https:\/\/www.iemj.org\/it\/#organization"},"image":{"@id":"https:\/\/www.iemj.org\/it\/ben-zimet-2\/#primaryimage"},"thumbnailUrl":"https:\/\/www.iemj.org\/wp-content\/uploads\/2014\/09\/arton918-e1619544377841.jpg","articleSection":["CD","Ultimi acquisti"],"inLanguage":"it-IT"},{"@type":"WebPage","@id":"https:\/\/www.iemj.org\/it\/ben-zimet-2\/","url":"https:\/\/www.iemj.org\/it\/ben-zimet-2\/","name":"Ben Zimet - Un enfant de la Corr\u00e8ze - Institut Europ\u00e9en des Musiques Juives","isPartOf":{"@id":"https:\/\/www.iemj.org\/it\/#website"},"primaryImageOfPage":{"@id":"https:\/\/www.iemj.org\/it\/ben-zimet-2\/#primaryimage"},"image":{"@id":"https:\/\/www.iemj.org\/it\/ben-zimet-2\/#primaryimage"},"thumbnailUrl":"https:\/\/www.iemj.org\/wp-content\/uploads\/2014\/09\/arton918-e1619544377841.jpg","datePublished":"2014-09-18T12:00:03+00:00","dateModified":"2025-10-21T14:18:33+00:00","breadcrumb":{"@id":"https:\/\/www.iemj.org\/it\/ben-zimet-2\/#breadcrumb"},"inLanguage":"it-IT","potentialAction":[{"@type":"ReadAction","target":["https:\/\/www.iemj.org\/it\/ben-zimet-2\/"]}]},{"@type":"ImageObject","inLanguage":"it-IT","@id":"https:\/\/www.iemj.org\/it\/ben-zimet-2\/#primaryimage","url":"https:\/\/www.iemj.org\/wp-content\/uploads\/2014\/09\/arton918-e1619544377841.jpg","contentUrl":"https:\/\/www.iemj.org\/wp-content\/uploads\/2014\/09\/arton918-e1619544377841.jpg","width":350,"height":341},{"@type":"BreadcrumbList","@id":"https:\/\/www.iemj.org\/it\/ben-zimet-2\/#breadcrumb","itemListElement":[{"@type":"ListItem","position":1,"name":"Accueil","item":"https:\/\/www.iemj.org\/it\/"},{"@type":"ListItem","position":2,"name":"Ben Zimet &#8211; Un enfant de la Corr\u00e8ze"}]},{"@type":"WebSite","@id":"https:\/\/www.iemj.org\/it\/#website","url":"https:\/\/www.iemj.org\/it\/","name":"Institut Europ\u00e9en des Musiques Juives","description":"Des traditions musicales \u00e0 la port\u00e9e de tous","publisher":{"@id":"https:\/\/www.iemj.org\/it\/#organization"},"potentialAction":[{"@type":"SearchAction","target":{"@type":"EntryPoint","urlTemplate":"https:\/\/www.iemj.org\/it\/?s={search_term_string}"},"query-input":{"@type":"PropertyValueSpecification","valueRequired":true,"valueName":"search_term_string"}}],"inLanguage":"it-IT"},{"@type":"Organization","@id":"https:\/\/www.iemj.org\/it\/#organization","name":"Institut Europ\u00e9en des Musiques Juives","url":"https:\/\/www.iemj.org\/it\/","logo":{"@type":"ImageObject","inLanguage":"it-IT","@id":"https:\/\/www.iemj.org\/it\/#\/schema\/logo\/image\/","url":"https:\/\/www.iemj.org\/wp-content\/uploads\/2021\/09\/Logo-IEMJ-Paypal.jpg","contentUrl":"https:\/\/www.iemj.org\/wp-content\/uploads\/2021\/09\/Logo-IEMJ-Paypal.jpg","width":150,"height":50,"caption":"Institut Europ\u00e9en des Musiques Juives"},"image":{"@id":"https:\/\/www.iemj.org\/it\/#\/schema\/logo\/image\/"},"sameAs":["https:\/\/www.facebook.com\/MusiquesJuives\/","https:\/\/www.instagram.com\/musiquesjuives\/","https:\/\/www.youtube.com\/user\/musiquesjuives"]},{"@type":"Person","@id":"https:\/\/www.iemj.org\/it\/#\/schema\/person\/f826ad11b0cd58dd99babe0a3fbcb86e","name":"ncochin","image":{"@type":"ImageObject","inLanguage":"it-IT","@id":"https:\/\/secure.gravatar.com\/avatar\/4499f551e6a9b8c28bd3132f28d79657b2cb55ff363257726f67e89c95e2a33c?s=96&d=mm&r=g","url":"https:\/\/secure.gravatar.com\/avatar\/4499f551e6a9b8c28bd3132f28d79657b2cb55ff363257726f67e89c95e2a33c?s=96&d=mm&r=g","contentUrl":"https:\/\/secure.gravatar.com\/avatar\/4499f551e6a9b8c28bd3132f28d79657b2cb55ff363257726f67e89c95e2a33c?s=96&d=mm&r=g","caption":"ncochin"}}]}},"_links":{"self":[{"href":"https:\/\/www.iemj.org\/it\/wp-json\/wp\/v2\/posts\/102572","targetHints":{"allow":["GET"]}}],"collection":[{"href":"https:\/\/www.iemj.org\/it\/wp-json\/wp\/v2\/posts"}],"about":[{"href":"https:\/\/www.iemj.org\/it\/wp-json\/wp\/v2\/types\/post"}],"author":[{"embeddable":true,"href":"https:\/\/www.iemj.org\/it\/wp-json\/wp\/v2\/users\/1050"}],"replies":[{"embeddable":true,"href":"https:\/\/www.iemj.org\/it\/wp-json\/wp\/v2\/comments?post=102572"}],"version-history":[{"count":1,"href":"https:\/\/www.iemj.org\/it\/wp-json\/wp\/v2\/posts\/102572\/revisions"}],"predecessor-version":[{"id":127571,"href":"https:\/\/www.iemj.org\/it\/wp-json\/wp\/v2\/posts\/102572\/revisions\/127571"}],"wp:featuredmedia":[{"embeddable":true,"href":"https:\/\/www.iemj.org\/it\/wp-json\/wp\/v2\/media\/102573"}],"wp:attachment":[{"href":"https:\/\/www.iemj.org\/it\/wp-json\/wp\/v2\/media?parent=102572"}],"wp:term":[{"taxonomy":"category","embeddable":true,"href":"https:\/\/www.iemj.org\/it\/wp-json\/wp\/v2\/categories?post=102572"},{"taxonomy":"post_tag","embeddable":true,"href":"https:\/\/www.iemj.org\/it\/wp-json\/wp\/v2\/tags?post=102572"},{"taxonomy":"technique","embeddable":true,"href":"https:\/\/www.iemj.org\/it\/wp-json\/wp\/v2\/technique?post=102572"},{"taxonomy":"squelettes","embeddable":true,"href":"https:\/\/www.iemj.org\/it\/wp-json\/wp\/v2\/squelettes?post=102572"},{"taxonomy":"sujet","embeddable":true,"href":"https:\/\/www.iemj.org\/it\/wp-json\/wp\/v2\/sujet?post=102572"},{"taxonomy":"formation","embeddable":true,"href":"https:\/\/www.iemj.org\/it\/wp-json\/wp\/v2\/formation?post=102572"},{"taxonomy":"genre","embeddable":true,"href":"https:\/\/www.iemj.org\/it\/wp-json\/wp\/v2\/genre?post=102572"},{"taxonomy":"fonds","embeddable":true,"href":"https:\/\/www.iemj.org\/it\/wp-json\/wp\/v2\/fonds?post=102572"},{"taxonomy":"tradition","embeddable":true,"href":"https:\/\/www.iemj.org\/it\/wp-json\/wp\/v2\/tradition?post=102572"},{"taxonomy":"type-de-contenu","embeddable":true,"href":"https:\/\/www.iemj.org\/it\/wp-json\/wp\/v2\/type-de-contenu?post=102572"},{"taxonomy":"interprete-compositeur","embeddable":true,"href":"https:\/\/www.iemj.org\/it\/wp-json\/wp\/v2\/interprete-compositeur?post=102572"},{"taxonomy":"frise","embeddable":true,"href":"https:\/\/www.iemj.org\/it\/wp-json\/wp\/v2\/frise?post=102572"},{"taxonomy":"type-devenement","embeddable":true,"href":"https:\/\/www.iemj.org\/it\/wp-json\/wp\/v2\/type-devenement?post=102572"},{"taxonomy":"tableaux-liens-externes","embeddable":true,"href":"https:\/\/www.iemj.org\/it\/wp-json\/wp\/v2\/tableaux-liens-externes?post=102572"}],"curies":[{"name":"wp","href":"https:\/\/api.w.org\/{rel}","templated":true}]}}