{"id":103560,"date":"2023-09-20T10:00:00","date_gmt":"2023-09-20T08:00:00","guid":{"rendered":"https:\/\/www.iemj.org\/les-bubbey-mayse-le-petit-matin-du-grand-soir\/"},"modified":"2023-10-03T12:41:13","modified_gmt":"2023-10-03T10:41:13","slug":"les-bubbey-mayse-le-petit-matin-du-grand-soir","status":"publish","type":"post","link":"https:\/\/www.iemj.org\/it\/les-bubbey-mayse-le-petit-matin-du-grand-soir\/","title":{"rendered":"LES BUBBEY MAYSE &#8211; LE PETIT MATIN DU GRAND SOIR"},"content":{"rendered":"<h3>\u00a0<\/h3>\n<h3 id=\"2-eael-table-of-content\" class=\"eael-heading-content\"><strong>PUBBLICAZIONE DEL 9\u00b0 CD DELLA COLLEZIONE \u201cSCOPERTE\u201d<\/strong><\/h3>\n<p><!--more--><\/p>\n<p>Le <strong>Bubbey Mayse*<\/strong> \u00e8 l&#8217;espressione della potenza di quattro donne.<\/p>\n<p>\u00c8 una musica che si impegna, un songwriting che si fa carico della forza del collettivo.<\/p>\n<p>Nei loro strumenti si sentono le grida di storie che si agitano, si sente il battito della rabbia, si indovinano radici profonde con desideri di orizzonte, si sogna di accoccolarsi in una danza fino alle ore piccole&#8230;<\/p>\n<p>Nei loro strumenti si sentono le grida di storie che si agitano, si sente il battito della rabbia, si indovinano radici profonde con desideri di orizzonte, si sogna di accoccolarsi in una danza fino alle ore piccole&#8230;<\/p>\n<p style=\"text-align: center;\">\u2666\u2666\u2666\u2666\u2666\u2666\u2666\u2666\u2666\u2666\u2666\u2666\u2666<\/p>\n<p><strong>*<\/strong> Le <strong>Bubbey Mayse<\/strong> sono un quartetto femminile che esegue musica klezmer e canzoni yiddish.<br \/>&#8220;Di bobe mayses&#8221; \u00e8 l&#8217;espressione yiddish per &#8220;storie di nonne&#8221;, o &#8220;storie strampalate&#8221;.\u00a0<\/p>\n<p>Il gruppo, nato in Bretagna nel 2012, \u00e8 composto da quattro musiciste: <strong>Elsa Signorile<\/strong> (clarinetto, voce), <strong>Juliette Divry<\/strong> (violoncello, voce), <strong>Margaux Li\u00e9nard<\/strong> (violino, voce) e <strong>Morgane Labbe<\/strong> (fisarmonica, voce).<\/p>\n<p>Trasportati dalle forti radici culturali yiddish trasmesse dalla clarinettista, i musicisti arrangiano ed interpretano questo repertorio a modo loro, continuando a portare in viaggio questa musica, gi\u00e0 fatta di migrazioni ed incontri.<\/p>\n<p>Il quartetto si concentra principalmente su arrangiamenti collettivi di canzoni e musiche del repertorio ebraico dell&#8217;Europa centrale ed orientale. Attinge ad una variet\u00e0 di fonti, tra cui gli archivi di Ruth Rubin e Beregovski, le melodie degli album della <a href=\"https:\/\/joelrubinklezmer.com\/bio\/\">Joel Rubin Orchestra<\/a>, di Dave Tarras ed Alicia Svigals, e le melodie scambiate tra i musicisti durante le jam session ed i workshop.<\/p>\n<p>Dopo 11 anni di esistenza, un primo album autoprodotto <a href=\"https:\/\/www.iemj.org\/it\/les-bubbey-mayse-3\/\" target=\"_blank\" rel=\"noopener\"><em>Un vendredi soir apr\u00e8s le dessert<\/em><\/a> pubblicato nel 2016, un EP <em>Le Nouveau Sher<\/em>, pubblicato nel 2021, ed uno spettacolo autoprodotto nell&#8217;ottobre 2022, il gruppo \u00e8 lieto di presentare il suo nuovo album in coproduzione con l&#8217;IEMJ: <em>Le petit matin du grand soir<\/em> (autunno 2023).<\/p>\n<p style=\"text-align: center;\">\u2666\u2666\u2666\u2666\u2666\u2666\u2666\u2666\u2666\u2666\u2666\u2666\u2666<\/p>\n<p>Questo CD \u00e8 stato prodotto con il supporto della\u00a0<a href=\"https:\/\/www.fondationjudaisme.org\/\" target=\"_blank\" rel=\"noopener\">Fondation du Juda\u00efsme Fran\u00e7ais<\/a>, della Foundation for the Memory of the Shoah (<a href=\"http:\/\/www.fondationshoah.org\/\" target=\"_blank\" rel=\"noopener\">Fondation pour la M\u00e9moire de la Shoah<\/a><em>)<\/em>, delle Fondazioni\u00a0<a href=\"https:\/\/www.iemj.org\/fondation-henriette-halphen\/\" target=\"_blank\" rel=\"noopener\">Henriette Halphen<\/a> ed Irene e Jacques Darmon, sotto l\u2019egida della FJF.<\/p>\n<h2><a href=\"https:\/\/www.iemj.org\/it\/produit\/les-bubbey-mayse-le-petit-matin-du-grand-soir\/\" target=\"_blank\" rel=\"noopener\">Ordinare il CD nel negozio online dell\u2019IEM<\/a><\/h2>\n<p><strong><em>Nota: Ogni ordine di un album fisico sar\u00e0 accompagnato dai file audio MP3 inviati per e-mail.<\/em><\/strong><\/p>\n<p><strong>Informazioni\/ordini\/contatto stampa<\/strong>\u00a0allo +33 1 45 82 20 52 o\u00a0<a href=\"mailto:contact@iemj.org\" target=\"_blank\" rel=\"noopener\">contact@iemj.org<\/a><\/p>\n\n\n<figure class=\"wp-block-image size-full\"><img fetchpriority=\"high\" decoding=\"async\" width=\"821\" height=\"739\" src=\"https:\/\/www.iemj.org\/wp-content\/uploads\/2023\/09\/Bubbey-Mayse_COUV4.jpg\" alt=\"\" class=\"wp-image-103379\" srcset=\"https:\/\/www.iemj.org\/wp-content\/uploads\/2023\/09\/Bubbey-Mayse_COUV4.jpg 821w, https:\/\/www.iemj.org\/wp-content\/uploads\/2023\/09\/Bubbey-Mayse_COUV4-300x270.jpg 300w, https:\/\/www.iemj.org\/wp-content\/uploads\/2023\/09\/Bubbey-Mayse_COUV4-768x691.jpg 768w, https:\/\/www.iemj.org\/wp-content\/uploads\/2023\/09\/Bubbey-Mayse_COUV4-600x540.jpg 600w\" sizes=\"(max-width: 821px) 100vw, 821px\" \/><\/figure>\n\n\n<h2>\u00a0<\/h2>\n<h2 style=\"text-align: center;\"><span style=\"color: #3c4b98;\"><strong>Ascoltare estratti del CD nel player in basso allo schermo<\/strong><\/span><\/h2>\n<p><img decoding=\"async\" class=\" wp-image-103968 aligncenter\" src=\"https:\/\/www.iemj.org\/wp-content\/uploads\/2023\/09\/Capture-bandeau-bleu-300x13.jpg\" alt=\"\" width=\"808\" height=\"35\" srcset=\"https:\/\/www.iemj.org\/wp-content\/uploads\/2023\/09\/Capture-bandeau-bleu-300x13.jpg 300w, https:\/\/www.iemj.org\/wp-content\/uploads\/2023\/09\/Capture-bandeau-bleu-1024x46.jpg 1024w, https:\/\/www.iemj.org\/wp-content\/uploads\/2023\/09\/Capture-bandeau-bleu-768x34.jpg 768w, https:\/\/www.iemj.org\/wp-content\/uploads\/2023\/09\/Capture-bandeau-bleu-1536x69.jpg 1536w, https:\/\/www.iemj.org\/wp-content\/uploads\/2023\/09\/Capture-bandeau-bleu-600x27.jpg 600w, https:\/\/www.iemj.org\/wp-content\/uploads\/2023\/09\/Capture-bandeau-bleu.jpg 1899w\" sizes=\"(max-width: 808px) 100vw, 808px\" \/><\/p>","protected":false},"excerpt":{"rendered":"<p>\u00a0 PUBBLICAZIONE DEL 9\u00b0 CD DELLA COLLEZIONE \u201cSCOPERTE\u201d<\/p>\n","protected":false},"author":5,"featured_media":103398,"comment_status":"closed","ping_status":"closed","sticky":false,"template":"","format":"standard","meta":{"_acf_changed":false,"footnotes":""},"categories":[1360,2204,1361],"tags":[],"technique":[],"squelettes":[],"sujet":[],"formation":[],"genre":[1874,1676],"fonds":[],"tradition":[],"type-de-contenu":[],"interprete-compositeur":[],"frise":[],"type-devenement":[],"tableaux-liens-externes":[],"class_list":["post-103560","post","type-post","status-publish","format-standard","has-post-thumbnail","hentry","category-cd-iemj-it","category-collezione-scoperte-it","category-pubblicazioni-it","genre-klezmer-it","genre-yiddish-it-2"],"acf":[],"yoast_head":"<!-- This site is optimized with the Yoast SEO plugin v27.3 - https:\/\/yoast.com\/product\/yoast-seo-wordpress\/ -->\n<title>LES BUBBEY MAYSE - LE PETIT MATIN DU GRAND SOIR - Institut Europ\u00e9en des Musiques Juives<\/title>\n<meta name=\"robots\" content=\"index, follow, max-snippet:-1, max-image-preview:large, max-video-preview:-1\" \/>\n<link rel=\"canonical\" href=\"https:\/\/www.iemj.org\/it\/les-bubbey-mayse-le-petit-matin-du-grand-soir\/\" \/>\n<meta property=\"og:locale\" content=\"it_IT\" \/>\n<meta property=\"og:type\" content=\"article\" \/>\n<meta property=\"og:title\" content=\"LES BUBBEY MAYSE - LE PETIT MATIN DU GRAND SOIR - Institut Europ\u00e9en des Musiques Juives\" \/>\n<meta property=\"og:description\" content=\"\u00a0 PUBBLICAZIONE DEL 9\u00b0 CD DELLA COLLEZIONE \u201cSCOPERTE\u201d\" \/>\n<meta property=\"og:url\" content=\"https:\/\/www.iemj.org\/it\/les-bubbey-mayse-le-petit-matin-du-grand-soir\/\" \/>\n<meta property=\"og:site_name\" content=\"Institut Europ\u00e9en des Musiques Juives\" \/>\n<meta property=\"article:publisher\" content=\"https:\/\/www.facebook.com\/MusiquesJuives\/\" \/>\n<meta property=\"article:published_time\" content=\"2023-09-20T08:00:00+00:00\" \/>\n<meta property=\"article:modified_time\" content=\"2023-10-03T10:41:13+00:00\" \/>\n<meta property=\"og:image\" content=\"https:\/\/www.iemj.org\/wp-content\/uploads\/2023\/09\/Bubbey-Mayse_COUV-2.jpg\" \/>\n\t<meta property=\"og:image:width\" content=\"821\" \/>\n\t<meta property=\"og:image:height\" content=\"739\" \/>\n\t<meta property=\"og:image:type\" content=\"image\/jpeg\" \/>\n<meta name=\"author\" content=\"Jacqueline ROTEN\" \/>\n<meta name=\"twitter:card\" content=\"summary_large_image\" \/>\n<meta name=\"twitter:label1\" content=\"Scritto da\" \/>\n\t<meta name=\"twitter:data1\" content=\"Jacqueline ROTEN\" \/>\n\t<meta name=\"twitter:label2\" content=\"Tempo di lettura stimato\" \/>\n\t<meta name=\"twitter:data2\" content=\"3 minuti\" \/>\n<script type=\"application\/ld+json\" class=\"yoast-schema-graph\">{\"@context\":\"https:\\\/\\\/schema.org\",\"@graph\":[{\"@type\":\"Article\",\"@id\":\"https:\\\/\\\/www.iemj.org\\\/it\\\/les-bubbey-mayse-le-petit-matin-du-grand-soir\\\/#article\",\"isPartOf\":{\"@id\":\"https:\\\/\\\/www.iemj.org\\\/it\\\/les-bubbey-mayse-le-petit-matin-du-grand-soir\\\/\"},\"author\":{\"name\":\"Jacqueline ROTEN\",\"@id\":\"https:\\\/\\\/www.iemj.org\\\/it\\\/#\\\/schema\\\/person\\\/358e26c18aca017fcc4cc15437f7279c\"},\"headline\":\"LES BUBBEY MAYSE &#8211; LE PETIT MATIN DU GRAND SOIR\",\"datePublished\":\"2023-09-20T08:00:00+00:00\",\"dateModified\":\"2023-10-03T10:41:13+00:00\",\"mainEntityOfPage\":{\"@id\":\"https:\\\/\\\/www.iemj.org\\\/it\\\/les-bubbey-mayse-le-petit-matin-du-grand-soir\\\/\"},\"wordCount\":403,\"publisher\":{\"@id\":\"https:\\\/\\\/www.iemj.org\\\/it\\\/#organization\"},\"image\":{\"@id\":\"https:\\\/\\\/www.iemj.org\\\/it\\\/les-bubbey-mayse-le-petit-matin-du-grand-soir\\\/#primaryimage\"},\"thumbnailUrl\":\"https:\\\/\\\/www.iemj.org\\\/wp-content\\\/uploads\\\/2023\\\/09\\\/Bubbey-Mayse_COUV-2.jpg\",\"articleSection\":[\"CD IEMJ\",\"Collezione Scoperte\",\"Pubblicazioni\"],\"inLanguage\":\"it-IT\"},{\"@type\":\"WebPage\",\"@id\":\"https:\\\/\\\/www.iemj.org\\\/it\\\/les-bubbey-mayse-le-petit-matin-du-grand-soir\\\/\",\"url\":\"https:\\\/\\\/www.iemj.org\\\/it\\\/les-bubbey-mayse-le-petit-matin-du-grand-soir\\\/\",\"name\":\"LES BUBBEY MAYSE - LE PETIT MATIN DU GRAND SOIR - Institut Europ\u00e9en des Musiques Juives\",\"isPartOf\":{\"@id\":\"https:\\\/\\\/www.iemj.org\\\/it\\\/#website\"},\"primaryImageOfPage\":{\"@id\":\"https:\\\/\\\/www.iemj.org\\\/it\\\/les-bubbey-mayse-le-petit-matin-du-grand-soir\\\/#primaryimage\"},\"image\":{\"@id\":\"https:\\\/\\\/www.iemj.org\\\/it\\\/les-bubbey-mayse-le-petit-matin-du-grand-soir\\\/#primaryimage\"},\"thumbnailUrl\":\"https:\\\/\\\/www.iemj.org\\\/wp-content\\\/uploads\\\/2023\\\/09\\\/Bubbey-Mayse_COUV-2.jpg\",\"datePublished\":\"2023-09-20T08:00:00+00:00\",\"dateModified\":\"2023-10-03T10:41:13+00:00\",\"breadcrumb\":{\"@id\":\"https:\\\/\\\/www.iemj.org\\\/it\\\/les-bubbey-mayse-le-petit-matin-du-grand-soir\\\/#breadcrumb\"},\"inLanguage\":\"it-IT\",\"potentialAction\":[{\"@type\":\"ReadAction\",\"target\":[\"https:\\\/\\\/www.iemj.org\\\/it\\\/les-bubbey-mayse-le-petit-matin-du-grand-soir\\\/\"]}]},{\"@type\":\"ImageObject\",\"inLanguage\":\"it-IT\",\"@id\":\"https:\\\/\\\/www.iemj.org\\\/it\\\/les-bubbey-mayse-le-petit-matin-du-grand-soir\\\/#primaryimage\",\"url\":\"https:\\\/\\\/www.iemj.org\\\/wp-content\\\/uploads\\\/2023\\\/09\\\/Bubbey-Mayse_COUV-2.jpg\",\"contentUrl\":\"https:\\\/\\\/www.iemj.org\\\/wp-content\\\/uploads\\\/2023\\\/09\\\/Bubbey-Mayse_COUV-2.jpg\",\"width\":821,\"height\":739},{\"@type\":\"BreadcrumbList\",\"@id\":\"https:\\\/\\\/www.iemj.org\\\/it\\\/les-bubbey-mayse-le-petit-matin-du-grand-soir\\\/#breadcrumb\",\"itemListElement\":[{\"@type\":\"ListItem\",\"position\":1,\"name\":\"Accueil\",\"item\":\"https:\\\/\\\/www.iemj.org\\\/it\\\/\"},{\"@type\":\"ListItem\",\"position\":2,\"name\":\"LES BUBBEY MAYSE &#8211; LE PETIT MATIN DU GRAND SOIR\"}]},{\"@type\":\"WebSite\",\"@id\":\"https:\\\/\\\/www.iemj.org\\\/it\\\/#website\",\"url\":\"https:\\\/\\\/www.iemj.org\\\/it\\\/\",\"name\":\"Institut Europ\u00e9en des Musiques Juives\",\"description\":\"Des traditions musicales \u00e0 la port\u00e9e de tous\",\"publisher\":{\"@id\":\"https:\\\/\\\/www.iemj.org\\\/it\\\/#organization\"},\"potentialAction\":[{\"@type\":\"SearchAction\",\"target\":{\"@type\":\"EntryPoint\",\"urlTemplate\":\"https:\\\/\\\/www.iemj.org\\\/it\\\/?s={search_term_string}\"},\"query-input\":{\"@type\":\"PropertyValueSpecification\",\"valueRequired\":true,\"valueName\":\"search_term_string\"}}],\"inLanguage\":\"it-IT\"},{\"@type\":\"Organization\",\"@id\":\"https:\\\/\\\/www.iemj.org\\\/it\\\/#organization\",\"name\":\"Institut Europ\u00e9en des Musiques Juives\",\"url\":\"https:\\\/\\\/www.iemj.org\\\/it\\\/\",\"logo\":{\"@type\":\"ImageObject\",\"inLanguage\":\"it-IT\",\"@id\":\"https:\\\/\\\/www.iemj.org\\\/it\\\/#\\\/schema\\\/logo\\\/image\\\/\",\"url\":\"https:\\\/\\\/www.iemj.org\\\/wp-content\\\/uploads\\\/2021\\\/09\\\/Logo-IEMJ-Paypal.jpg\",\"contentUrl\":\"https:\\\/\\\/www.iemj.org\\\/wp-content\\\/uploads\\\/2021\\\/09\\\/Logo-IEMJ-Paypal.jpg\",\"width\":150,\"height\":50,\"caption\":\"Institut Europ\u00e9en des Musiques Juives\"},\"image\":{\"@id\":\"https:\\\/\\\/www.iemj.org\\\/it\\\/#\\\/schema\\\/logo\\\/image\\\/\"},\"sameAs\":[\"https:\\\/\\\/www.facebook.com\\\/MusiquesJuives\\\/\",\"https:\\\/\\\/www.instagram.com\\\/musiquesjuives\\\/\",\"https:\\\/\\\/www.youtube.com\\\/user\\\/musiquesjuives\"]},{\"@type\":\"Person\",\"@id\":\"https:\\\/\\\/www.iemj.org\\\/it\\\/#\\\/schema\\\/person\\\/358e26c18aca017fcc4cc15437f7279c\",\"name\":\"Jacqueline ROTEN\",\"image\":{\"@type\":\"ImageObject\",\"inLanguage\":\"it-IT\",\"@id\":\"https:\\\/\\\/secure.gravatar.com\\\/avatar\\\/5964256d6c6957de3a3505278957e0fb2a35119ac47ea41827a65301213c810b?s=96&d=mm&r=g\",\"url\":\"https:\\\/\\\/secure.gravatar.com\\\/avatar\\\/5964256d6c6957de3a3505278957e0fb2a35119ac47ea41827a65301213c810b?s=96&d=mm&r=g\",\"contentUrl\":\"https:\\\/\\\/secure.gravatar.com\\\/avatar\\\/5964256d6c6957de3a3505278957e0fb2a35119ac47ea41827a65301213c810b?s=96&d=mm&r=g\",\"caption\":\"Jacqueline ROTEN\"}}]}<\/script>\n<!-- \/ Yoast SEO plugin. -->","yoast_head_json":{"title":"LES BUBBEY MAYSE - LE PETIT MATIN DU GRAND SOIR - Institut Europ\u00e9en des Musiques Juives","robots":{"index":"index","follow":"follow","max-snippet":"max-snippet:-1","max-image-preview":"max-image-preview:large","max-video-preview":"max-video-preview:-1"},"canonical":"https:\/\/www.iemj.org\/it\/les-bubbey-mayse-le-petit-matin-du-grand-soir\/","og_locale":"it_IT","og_type":"article","og_title":"LES BUBBEY MAYSE - LE PETIT MATIN DU GRAND SOIR - Institut Europ\u00e9en des Musiques Juives","og_description":"\u00a0 PUBBLICAZIONE DEL 9\u00b0 CD DELLA COLLEZIONE \u201cSCOPERTE\u201d","og_url":"https:\/\/www.iemj.org\/it\/les-bubbey-mayse-le-petit-matin-du-grand-soir\/","og_site_name":"Institut Europ\u00e9en des Musiques Juives","article_publisher":"https:\/\/www.facebook.com\/MusiquesJuives\/","article_published_time":"2023-09-20T08:00:00+00:00","article_modified_time":"2023-10-03T10:41:13+00:00","og_image":[{"width":821,"height":739,"url":"https:\/\/www.iemj.org\/wp-content\/uploads\/2023\/09\/Bubbey-Mayse_COUV-2.jpg","type":"image\/jpeg"}],"author":"Jacqueline ROTEN","twitter_card":"summary_large_image","twitter_misc":{"Scritto da":"Jacqueline ROTEN","Tempo di lettura stimato":"3 minuti"},"schema":{"@context":"https:\/\/schema.org","@graph":[{"@type":"Article","@id":"https:\/\/www.iemj.org\/it\/les-bubbey-mayse-le-petit-matin-du-grand-soir\/#article","isPartOf":{"@id":"https:\/\/www.iemj.org\/it\/les-bubbey-mayse-le-petit-matin-du-grand-soir\/"},"author":{"name":"Jacqueline ROTEN","@id":"https:\/\/www.iemj.org\/it\/#\/schema\/person\/358e26c18aca017fcc4cc15437f7279c"},"headline":"LES BUBBEY MAYSE &#8211; LE PETIT MATIN DU GRAND SOIR","datePublished":"2023-09-20T08:00:00+00:00","dateModified":"2023-10-03T10:41:13+00:00","mainEntityOfPage":{"@id":"https:\/\/www.iemj.org\/it\/les-bubbey-mayse-le-petit-matin-du-grand-soir\/"},"wordCount":403,"publisher":{"@id":"https:\/\/www.iemj.org\/it\/#organization"},"image":{"@id":"https:\/\/www.iemj.org\/it\/les-bubbey-mayse-le-petit-matin-du-grand-soir\/#primaryimage"},"thumbnailUrl":"https:\/\/www.iemj.org\/wp-content\/uploads\/2023\/09\/Bubbey-Mayse_COUV-2.jpg","articleSection":["CD IEMJ","Collezione Scoperte","Pubblicazioni"],"inLanguage":"it-IT"},{"@type":"WebPage","@id":"https:\/\/www.iemj.org\/it\/les-bubbey-mayse-le-petit-matin-du-grand-soir\/","url":"https:\/\/www.iemj.org\/it\/les-bubbey-mayse-le-petit-matin-du-grand-soir\/","name":"LES BUBBEY MAYSE - LE PETIT MATIN DU GRAND SOIR - Institut Europ\u00e9en des Musiques Juives","isPartOf":{"@id":"https:\/\/www.iemj.org\/it\/#website"},"primaryImageOfPage":{"@id":"https:\/\/www.iemj.org\/it\/les-bubbey-mayse-le-petit-matin-du-grand-soir\/#primaryimage"},"image":{"@id":"https:\/\/www.iemj.org\/it\/les-bubbey-mayse-le-petit-matin-du-grand-soir\/#primaryimage"},"thumbnailUrl":"https:\/\/www.iemj.org\/wp-content\/uploads\/2023\/09\/Bubbey-Mayse_COUV-2.jpg","datePublished":"2023-09-20T08:00:00+00:00","dateModified":"2023-10-03T10:41:13+00:00","breadcrumb":{"@id":"https:\/\/www.iemj.org\/it\/les-bubbey-mayse-le-petit-matin-du-grand-soir\/#breadcrumb"},"inLanguage":"it-IT","potentialAction":[{"@type":"ReadAction","target":["https:\/\/www.iemj.org\/it\/les-bubbey-mayse-le-petit-matin-du-grand-soir\/"]}]},{"@type":"ImageObject","inLanguage":"it-IT","@id":"https:\/\/www.iemj.org\/it\/les-bubbey-mayse-le-petit-matin-du-grand-soir\/#primaryimage","url":"https:\/\/www.iemj.org\/wp-content\/uploads\/2023\/09\/Bubbey-Mayse_COUV-2.jpg","contentUrl":"https:\/\/www.iemj.org\/wp-content\/uploads\/2023\/09\/Bubbey-Mayse_COUV-2.jpg","width":821,"height":739},{"@type":"BreadcrumbList","@id":"https:\/\/www.iemj.org\/it\/les-bubbey-mayse-le-petit-matin-du-grand-soir\/#breadcrumb","itemListElement":[{"@type":"ListItem","position":1,"name":"Accueil","item":"https:\/\/www.iemj.org\/it\/"},{"@type":"ListItem","position":2,"name":"LES BUBBEY MAYSE &#8211; LE PETIT MATIN DU GRAND SOIR"}]},{"@type":"WebSite","@id":"https:\/\/www.iemj.org\/it\/#website","url":"https:\/\/www.iemj.org\/it\/","name":"Institut Europ\u00e9en des Musiques Juives","description":"Des traditions musicales \u00e0 la port\u00e9e de tous","publisher":{"@id":"https:\/\/www.iemj.org\/it\/#organization"},"potentialAction":[{"@type":"SearchAction","target":{"@type":"EntryPoint","urlTemplate":"https:\/\/www.iemj.org\/it\/?s={search_term_string}"},"query-input":{"@type":"PropertyValueSpecification","valueRequired":true,"valueName":"search_term_string"}}],"inLanguage":"it-IT"},{"@type":"Organization","@id":"https:\/\/www.iemj.org\/it\/#organization","name":"Institut Europ\u00e9en des Musiques Juives","url":"https:\/\/www.iemj.org\/it\/","logo":{"@type":"ImageObject","inLanguage":"it-IT","@id":"https:\/\/www.iemj.org\/it\/#\/schema\/logo\/image\/","url":"https:\/\/www.iemj.org\/wp-content\/uploads\/2021\/09\/Logo-IEMJ-Paypal.jpg","contentUrl":"https:\/\/www.iemj.org\/wp-content\/uploads\/2021\/09\/Logo-IEMJ-Paypal.jpg","width":150,"height":50,"caption":"Institut Europ\u00e9en des Musiques Juives"},"image":{"@id":"https:\/\/www.iemj.org\/it\/#\/schema\/logo\/image\/"},"sameAs":["https:\/\/www.facebook.com\/MusiquesJuives\/","https:\/\/www.instagram.com\/musiquesjuives\/","https:\/\/www.youtube.com\/user\/musiquesjuives"]},{"@type":"Person","@id":"https:\/\/www.iemj.org\/it\/#\/schema\/person\/358e26c18aca017fcc4cc15437f7279c","name":"Jacqueline ROTEN","image":{"@type":"ImageObject","inLanguage":"it-IT","@id":"https:\/\/secure.gravatar.com\/avatar\/5964256d6c6957de3a3505278957e0fb2a35119ac47ea41827a65301213c810b?s=96&d=mm&r=g","url":"https:\/\/secure.gravatar.com\/avatar\/5964256d6c6957de3a3505278957e0fb2a35119ac47ea41827a65301213c810b?s=96&d=mm&r=g","contentUrl":"https:\/\/secure.gravatar.com\/avatar\/5964256d6c6957de3a3505278957e0fb2a35119ac47ea41827a65301213c810b?s=96&d=mm&r=g","caption":"Jacqueline ROTEN"}}]}},"_links":{"self":[{"href":"https:\/\/www.iemj.org\/it\/wp-json\/wp\/v2\/posts\/103560","targetHints":{"allow":["GET"]}}],"collection":[{"href":"https:\/\/www.iemj.org\/it\/wp-json\/wp\/v2\/posts"}],"about":[{"href":"https:\/\/www.iemj.org\/it\/wp-json\/wp\/v2\/types\/post"}],"author":[{"embeddable":true,"href":"https:\/\/www.iemj.org\/it\/wp-json\/wp\/v2\/users\/5"}],"replies":[{"embeddable":true,"href":"https:\/\/www.iemj.org\/it\/wp-json\/wp\/v2\/comments?post=103560"}],"version-history":[{"count":0,"href":"https:\/\/www.iemj.org\/it\/wp-json\/wp\/v2\/posts\/103560\/revisions"}],"wp:featuredmedia":[{"embeddable":true,"href":"https:\/\/www.iemj.org\/it\/wp-json\/wp\/v2\/media\/103398"}],"wp:attachment":[{"href":"https:\/\/www.iemj.org\/it\/wp-json\/wp\/v2\/media?parent=103560"}],"wp:term":[{"taxonomy":"category","embeddable":true,"href":"https:\/\/www.iemj.org\/it\/wp-json\/wp\/v2\/categories?post=103560"},{"taxonomy":"post_tag","embeddable":true,"href":"https:\/\/www.iemj.org\/it\/wp-json\/wp\/v2\/tags?post=103560"},{"taxonomy":"technique","embeddable":true,"href":"https:\/\/www.iemj.org\/it\/wp-json\/wp\/v2\/technique?post=103560"},{"taxonomy":"squelettes","embeddable":true,"href":"https:\/\/www.iemj.org\/it\/wp-json\/wp\/v2\/squelettes?post=103560"},{"taxonomy":"sujet","embeddable":true,"href":"https:\/\/www.iemj.org\/it\/wp-json\/wp\/v2\/sujet?post=103560"},{"taxonomy":"formation","embeddable":true,"href":"https:\/\/www.iemj.org\/it\/wp-json\/wp\/v2\/formation?post=103560"},{"taxonomy":"genre","embeddable":true,"href":"https:\/\/www.iemj.org\/it\/wp-json\/wp\/v2\/genre?post=103560"},{"taxonomy":"fonds","embeddable":true,"href":"https:\/\/www.iemj.org\/it\/wp-json\/wp\/v2\/fonds?post=103560"},{"taxonomy":"tradition","embeddable":true,"href":"https:\/\/www.iemj.org\/it\/wp-json\/wp\/v2\/tradition?post=103560"},{"taxonomy":"type-de-contenu","embeddable":true,"href":"https:\/\/www.iemj.org\/it\/wp-json\/wp\/v2\/type-de-contenu?post=103560"},{"taxonomy":"interprete-compositeur","embeddable":true,"href":"https:\/\/www.iemj.org\/it\/wp-json\/wp\/v2\/interprete-compositeur?post=103560"},{"taxonomy":"frise","embeddable":true,"href":"https:\/\/www.iemj.org\/it\/wp-json\/wp\/v2\/frise?post=103560"},{"taxonomy":"type-devenement","embeddable":true,"href":"https:\/\/www.iemj.org\/it\/wp-json\/wp\/v2\/type-devenement?post=103560"},{"taxonomy":"tableaux-liens-externes","embeddable":true,"href":"https:\/\/www.iemj.org\/it\/wp-json\/wp\/v2\/tableaux-liens-externes?post=103560"}],"curies":[{"name":"wp","href":"https:\/\/api.w.org\/{rel}","templated":true}]}}