{"id":104482,"date":"2023-10-13T16:18:06","date_gmt":"2023-10-13T14:18:06","guid":{"rendered":"https:\/\/www.iemj.org\/la-musique-des-juifs-en-italie-une-breve-introduction\/"},"modified":"2026-04-28T17:15:53","modified_gmt":"2026-04-28T15:15:53","slug":"la-musique-des-juifs-en-italie-une-breve-introduction","status":"publish","type":"post","link":"https:\/\/www.iemj.org\/it\/la-musique-des-juifs-en-italie-une-breve-introduction\/","title":{"rendered":"La musica degli ebrei in Italia: Una breve introduzione"},"content":{"rendered":"<p>La storia della musica ebraica in Italia \u00e8 antica, complessa e piena di contraddizioni. Storicamente, le origini dell&#8217;Ebraismo italiano risalgono a pi\u00f9 di 2.000 anni fa. Ma nel corso degli ultimi secoli dell&#8217;era moderna, questa storia si \u00e8 fatta pi\u00f9 complessa con l&#8217;insediamento sul suolo italiano di comunit\u00e0 ashkenazite e sefardite, con le conseguenze di molteplici interazioni tra le tradizioni italiane, ashkenazite e sefardite da un lato e la cultura musicale italiana, essa stessa caratterizzata da molteplici differenze culturali, regionali e linguistiche tra le regioni stesse dall\u2019altro. Le contraddizioni \u2013 dal canto loro \u2013 riguardano le numerose \u201cidentit\u00e0\u201d, visibili e invisibili, degli ebrei d&#8217;Italia : il segreto dei ghetti, luoghi di esclusione, ma anche di sorprendenti creazioni musicali rappresentate in modo emblematico nelle opere di Salomone Rossi (ca. 1570-1630, attivo a Mantova presso la corte dei Gonzaga); i conflitti e le convergenze nascoste tra ebraismo e cristianesimo, e la differenza tra la liturgia della Chiesa e quella della sinagoga, nel tempo stesso tenua e inaccessibile; l\u2019integrazione e la simbiosi culturale tra gli ebrei e l&#8217;Italia, un sentimento condiviso magnificamente espresso nell&#8217;opera Nabucco (1842) di Giuseppe Verdi, parabola biblica dell\u2019esilio, dell\u2019emancipazione e dell\u2019unificazione nazionale; ed, infine, il carattere tragico della parentesi fascista, che port\u00f2 all&#8217;Olocausto ed alla distruzione della vita sinagogale italiana. Ma la principale contraddizione che caratterizza la musica ebraica in Italia \u00e8 che, nonostante la sua innegabile ricchezza, essa costituisce ancora un fenomeno relativamente oscuro per gli specialisti dell&#8217;ebraismo. Musicologi e storici della cultura spesso conoscono molto poco delle tradizioni musicali degli ebrei italiani e faticano a comprendere un panorama culturale in cui ebraismo e \u201citalianit\u00e0\u201d si fondono armoniosamente.<\/p>\n<p><img fetchpriority=\"high\" decoding=\"async\" class=\"wp-image-104417 aligncenter\" src=\"https:\/\/www.iemj.org\/wp-content\/uploads\/2023\/10\/73-juifs-empire-romain-300-e1655413791818_Redim-400-px-300x194.jpg\" alt=\"\" width=\"642\" height=\"415\" srcset=\"https:\/\/www.iemj.org\/wp-content\/uploads\/2023\/10\/73-juifs-empire-romain-300-e1655413791818_Redim-400-px-300x194.jpg 300w, https:\/\/www.iemj.org\/wp-content\/uploads\/2023\/10\/73-juifs-empire-romain-300-e1655413791818_Redim-400-px-600x389.jpg 600w, https:\/\/www.iemj.org\/wp-content\/uploads\/2023\/10\/73-juifs-empire-romain-300-e1655413791818_Redim-400-px.jpg 617w\" sizes=\"(max-width: 642px) 100vw, 642px\" \/><\/p>\n<hr \/>\n<p><img decoding=\"async\" class=\"wp-image-104422 alignleft\" src=\"https:\/\/www.iemj.org\/wp-content\/uploads\/2023\/10\/Notations-manuscrites-du-XIIe-siecle-par-Obadiah-le-proselyte-normand-Cambridge-TS.-K-5-41-214x300.jpg\" alt=\"\" width=\"257\" height=\"360\" srcset=\"https:\/\/www.iemj.org\/wp-content\/uploads\/2023\/10\/Notations-manuscrites-du-XIIe-siecle-par-Obadiah-le-proselyte-normand-Cambridge-TS.-K-5-41-214x300.jpg 214w, https:\/\/www.iemj.org\/wp-content\/uploads\/2023\/10\/Notations-manuscrites-du-XIIe-siecle-par-Obadiah-le-proselyte-normand-Cambridge-TS.-K-5-41-600x843.jpg 600w, https:\/\/www.iemj.org\/wp-content\/uploads\/2023\/10\/Notations-manuscrites-du-XIIe-siecle-par-Obadiah-le-proselyte-normand-Cambridge-TS.-K-5-41.jpg 729w\" sizes=\"(max-width: 257px) 100vw, 257px\" \/>Le fonti musicali che testimoniano lo sviluppo della musica liturgica ebraica in Italia prima del XIX secolo sono rare, preziose ed estremamente frammentarie. Infatti, la pi\u00f9 antica fonte musicale ebraica conosciuta &#8211; annotazioni manoscritte del XII secolo di Johannes, od Obadiah &#8220;il proselito normanno&#8221;, originario di Oppido Lucano (Fragment Cambridge TS. K 5\/41 e Fragment Cincinnati ENA 4096b) &#8211; proviene dall&#8217;Italia, come numerose trascrizioni musicali (spesso incentrate sulle tradizioni orali del canto della Torah) realizzate da umanisti cristiani a partire dal XVI secolo, come quelle pubblicate da Giulio Bartolocci (1613-1687) nella <em>Bibliotheca magna Rabbinica<\/em> (volume 4, 1693).<\/p>\n<p>A queste notazioni frammentarie seguirono nei secoli XVII e XVIII opere sinagogali, scritte da compositori ebrei (Salomone Rossi, <em>Hashirim<\/em> <em>asher li-shelomoh<\/em>, Venezia 1622-23) e non ebrei (Carlo Grossi, <em>Cantata hebraica in<\/em> <em>dialogo<\/em>, Modena o Venezia, prima del 1682 ; e il cristiano Giuseppe Lidarti, (<em>Oratorio Ester<\/em>, 1774), o da musicisti ebrei e non ebrei che operavano in stretta collaborazione. Tra questi ultimi si possono citare le trascrizioni di 11 canti sinagogali della tradizione orale di Venezia, pubblicati da Benedetto Marcello (1686-1739) nella sua raccolta <em>Estro poetico-armonico:<\/em> <em>Parafrasi sopra li salmi<\/em> (Venezia, 1724-1727); tre oratori ebraici anonimi per la festa di Hoshana Rabbah a Casale Monferrato (1732, 1733, 1735), e la musica per l&#8217;inaugurazione della sinagoga di Siena nel 1786, opera di un musicista cristiano professionista, Francesco Drei, e di un dilettante ebreo , Volunio (Zevulun) Gallichi. Molte, se non tutte, queste composizioni sono legate a rituali cabalistici, che spesso suscitavano l&#8217;interesse e la curiosit\u00e0 dei non ebrei che frequentavano le sinagoghe nel XVIII secolo, l&#8217;Et\u00e0 dell&#8217;Illuminismo.<br \/><span style=\"background-color: var(--bs-body-bg); color: var(--bs-body-color); font-family: var(--bs-body-font-family); font-size: revert; font-weight: var(--bs-body-font-weight); text-align: var(--bs-body-text-align);\"><img decoding=\"async\" class=\" wp-image-104427 alignright\" src=\"https:\/\/www.iemj.org\/wp-content\/uploads\/2023\/10\/Partition-Benedetto-Estro-poetico-armonico-Parafrasi-sopra-li-salmi.jpeg\" alt=\"\" width=\"205\" height=\"296\" \/><\/span><\/p>\n<p>Nel corso dei secoli XIX e XX il ruolo della musica nell&#8217;ebraismo italiano si \u00e8 sviluppato seguendo molte direzioni, collegando mondi musicali molto diversi, come quello liturgico, artistico e popolare, ed estendendosi dalla sfera intima della sinagoga all&#8217;ambito dell&#8217;interpretazione pubblica. Durante questo periodo gli ebrei italiani hanno dovuto affrontare una serie di sfide: il passaggio dalla segregazione dei ghetti all&#8217;emancipazione sociale e politica; la formazione di una nuova identit\u00e0 nazionale durante il Risorgimento; l&#8217;urbanizzazione e la scomparsa delle numerose piccole comunit\u00e0 che, per secoli, avevano animato la vita ebraica italiana; la legislazione antisemita e la persecuzione durante la Seconda Guerra Mondiale; la ricostruzione della vita comunitaria ebraica dopo l&#8217;Olocausto, l&#8217;immigrazione di ebrei dal Nord Africa e dal Medio Oriente dopo la creazione dello Stato di Israele e, alla fine del XX secolo, l&#8217;emergere di una &#8220;cultura ebraica virtuale&#8221; attraverso la maggiore partecipazione di non ebrei alla creazione di prodotti culturali (soprattutto musicali) che la cultura dominante considera ebraici. Nel XIX secolo la composizione musicale ha conosciuto un boom spettacolare e praticamente ogni comunit\u00e0 italiana ha commissionato e raccolto decine di nuove composizioni polifoniche in particolare dedicate al culto sinagogale.<\/p>\n<p><span style=\"background-color: var(--bs-body-bg); color: var(--bs-body-color); font-family: var(--bs-body-font-family); font-size: revert; font-weight: var(--bs-body-font-weight); text-align: var(--bs-body-text-align);\"><img loading=\"lazy\" decoding=\"async\" class=\"size-medium wp-image-104459 alignleft\" src=\"https:\/\/www.iemj.org\/wp-content\/uploads\/2023\/10\/Synagogue-de-Florence-300x225.jpg\" alt=\"\" width=\"300\" height=\"225\" srcset=\"https:\/\/www.iemj.org\/wp-content\/uploads\/2023\/10\/Synagogue-de-Florence-300x225.jpg 300w, https:\/\/www.iemj.org\/wp-content\/uploads\/2023\/10\/Synagogue-de-Florence.jpg 420w\" sizes=\"(max-width: 300px) 100vw, 300px\" \/>Questi manoscritti musicali riflettono un universo sonoro sinagogale che ricorda molti mondi musicali non ebrei : arie e recitativi evocano l&#8217;opera (e l&#8217;operetta), la liturgia della Chiesa cattolica e gli inni rivoluzionari del Risorgimento, il tutto cantato da piccoli ensemble vocali di ragazzi e d\u2019adulti (a volte anche donne), accompagnati dall&#8217;organo o, a seconda degli spazi e delle risorse disponibili in ciascuna sinagoga, dall&#8217;armonium. Sugli spartiti compaiono i nomi dei compositori, e spesso degli esecutori.<br \/><\/span><\/p>\n<p>. Tra loro vi erano degli ebrei locali dilettanti, il cui desiderio di scrivere ed eseguire musica era spesso accompagnato da donazioni in denaro alla comunit\u00e0, dei musicisti professionisti ebrei (Michele Bolaffi e David Garzia a Livorno; Bonaiuto Treves e Ezechiello Levi a Vercelli; Giacomo Levi a Firenze e Torino; Settimio Scazzocchio, Saul Di Capua e Amadio Disegni a Roma; Alberto Zellman a Trieste; Benedetto Franchetti a <span style=\"background-color: var(--bs-body-bg); color: var(--bs-body-color); font-family: var(--bs-body-font-family); font-size: revert; font-weight: var(--bs-body-font-weight); text-align: var(--bs-body-text-align);\"><img loading=\"lazy\" decoding=\"async\" class=\"wp-image-104437 alignright\" src=\"https:\/\/www.iemj.org\/wp-content\/uploads\/2023\/10\/Carlo_Pedrotti_by_Antonio_Bertulli_circa_1882-225x300.jpeg\" alt=\"\" width=\"192\" height=\"256\" srcset=\"https:\/\/www.iemj.org\/wp-content\/uploads\/2023\/10\/Carlo_Pedrotti_by_Antonio_Bertulli_circa_1882-225x300.jpeg 225w, https:\/\/www.iemj.org\/wp-content\/uploads\/2023\/10\/Carlo_Pedrotti_by_Antonio_Bertulli_circa_1882.jpeg 331w\" sizes=\"(max-width: 192px) 100vw, 192px\" \/><\/span>Mantova; Sabato Errera a Verona; Vittorio Orefice a Padova; Vittorio Norsa a Milano, e molti altri); e degli strumentisti e dei compositori non ebrei, che scrissero musiche per la Chiesa cattolica (Eugenio Testa a Casale Monferrato) nonch\u00e9 composizioni per cerimonie ufficiali (G. Smoltz, sempre a Casale Monferrato), o delle opere d&#8217;opera, come testimonia l\u2019emblematico caso di <strong>Carlo Pedrotti<\/strong> (1817-1893), figura centrale del teatro musicale europeo dell&#8217;Ottocento, le cui opere sinagogali furono utilizzate sia dalla comunit\u00e0 della sua citt\u00e0 natale, Verona, che dalle sinagoghe piemontesi quando fu direttore del Teatro Regio a Torino (1868-1882).<\/p>\n<p>La produzione della musica sinagogale ha continuato fino al XX secolo, quando i cori sinagogali femminili e misti divennero sempre pi\u00f9 popolari, ma si interruppe quasi completamente dopo la seconda guerra mondiale, quando i cori e gli organi furono progressivamente abbandonati, con la notevole eccezione di Roma, dove la musica corale sinagogale e la composizione continuano a fiorire fino ad oggi.<\/p>\n<p><img loading=\"lazy\" decoding=\"async\" class=\"wp-image-104442 alignleft\" src=\"https:\/\/www.iemj.org\/wp-content\/uploads\/2023\/10\/330px-Federico_Consolo-210x300.jpg\" alt=\"\" width=\"173\" height=\"247\" srcset=\"https:\/\/www.iemj.org\/wp-content\/uploads\/2023\/10\/330px-Federico_Consolo-210x300.jpg 210w, https:\/\/www.iemj.org\/wp-content\/uploads\/2023\/10\/330px-Federico_Consolo.jpg 330w\" sizes=\"(max-width: 173px) 100vw, 173px\" \/>Dalla fine dell&#8217;Ottocento musicisti e ricercatori hanno iniziato a trascrivere ed, in seguito, registrare le melodie delle sinagoghe, conservandole in forma manoscritta (Marco Amar ad Alessandria, David Ghiron a Casale Monferrato, Amadio Disegni a Roma). Tuttavia alcune melodie sono state pubblicate in articoli e libri (<strong>Federico Consolo<\/strong> a Livorno, 1892; Elio Piattelli a Roma, in Piemonte ed a Firenze, 1967, 1986 e 1992). Le registrazioni sul terreno effettuate negli anni &#8217;50 dal ricercatore italo-israeliano Leo Levi (1912-1982) hanno permesso di ricostruire un paesaggio sonoro comprendente delle musiche di 27 tradizioni liturgiche distinte, preservate nelle comunit\u00e0 ebraiche italiane, ashkenazite e sefardite in tutta Italia. Queste ricerche etnografiche hanno tentato di cogliere le vestigia di tradizioni orali che vanno progressivamente scomparendo : alla fine del XX secolo, delle 108 sinagoghe attive nella penisola (elencate in un censimento effettuato nel 1865-1866), solo una manciata di comunit\u00e0 ebraiche conservavano ancora una tradizione orale viva e distinta.<\/p>\n<p>\u00a0<\/p>\n\n\n<div class=\"wp-block-buttons is-layout-flex wp-block-buttons-is-layout-flex\">\n<div class=\"wp-block-button has-custom-width wp-block-button__width-100\"><a class=\"wp-block-button__link has-white-color has-text-color has-background has-link-color wp-element-button\" href=\"https:\/\/www.iemj.org\/it\/tag\/italia-it\/\" style=\"background-color:#3c4b98\" target=\"_blank\" rel=\"noreferrer noopener\"><strong>Leggere altri articoli sulle musiche ebraiche italiane<\/strong><\/a><\/div>\n<\/div>\n\n\n\n<p><\/p>\n","protected":false},"excerpt":{"rendered":"<p>La storia della musica ebraica in Italia \u00e8 antica, complessa e piena di contraddizioni. Storicamente, le origini dell&#8217;Ebraismo italiano risalgono a pi\u00f9 di 2.000 anni fa. Ma nel corso degli<\/p>\n","protected":false},"author":5,"featured_media":104451,"comment_status":"closed","ping_status":"closed","sticky":false,"template":"","format":"standard","meta":{"_acf_changed":false,"footnotes":""},"categories":[1407],"tags":[2091],"technique":[],"squelettes":[],"sujet":[],"formation":[],"genre":[],"fonds":[],"tradition":[],"type-de-contenu":[],"interprete-compositeur":[],"frise":[],"type-devenement":[],"tableaux-liens-externes":[],"class_list":["post-104482","post","type-post","status-publish","format-standard","has-post-thumbnail","hentry","category-articoli-di-fondo-it","tag-italia-it"],"acf":[],"yoast_head":"<!-- This site is optimized with the Yoast SEO plugin v27.3 - https:\/\/yoast.com\/product\/yoast-seo-wordpress\/ -->\n<title>La musica degli ebrei in Italia: Una breve introduzione - Institut Europ\u00e9en des Musiques Juives<\/title>\n<meta name=\"robots\" content=\"index, follow, max-snippet:-1, max-image-preview:large, max-video-preview:-1\" \/>\n<link rel=\"canonical\" href=\"https:\/\/www.iemj.org\/it\/la-musique-des-juifs-en-italie-une-breve-introduction\/\" \/>\n<meta property=\"og:locale\" content=\"it_IT\" \/>\n<meta property=\"og:type\" content=\"article\" \/>\n<meta property=\"og:title\" content=\"La musica degli ebrei in Italia: Una breve introduzione - Institut Europ\u00e9en des Musiques Juives\" \/>\n<meta property=\"og:description\" content=\"La storia della musica ebraica in Italia \u00e8 antica, complessa e piena di contraddizioni. Storicamente, le origini dell&#8217;Ebraismo italiano risalgono a pi\u00f9 di 2.000 anni fa. Ma nel corso degli\" \/>\n<meta property=\"og:url\" content=\"https:\/\/www.iemj.org\/it\/la-musique-des-juifs-en-italie-une-breve-introduction\/\" \/>\n<meta property=\"og:site_name\" content=\"Institut Europ\u00e9en des Musiques Juives\" \/>\n<meta property=\"article:publisher\" content=\"https:\/\/www.facebook.com\/MusiquesJuives\/\" \/>\n<meta property=\"article:published_time\" content=\"2023-10-13T14:18:06+00:00\" \/>\n<meta property=\"article:modified_time\" content=\"2026-04-28T15:15:53+00:00\" \/>\n<meta property=\"og:image\" content=\"https:\/\/www.iemj.org\/wp-content\/uploads\/2023\/10\/logo-article-1.jpg\" \/>\n\t<meta property=\"og:image:width\" content=\"500\" \/>\n\t<meta property=\"og:image:height\" content=\"500\" \/>\n\t<meta property=\"og:image:type\" content=\"image\/jpeg\" \/>\n<meta name=\"author\" content=\"Jacqueline ROTEN\" \/>\n<meta name=\"twitter:card\" content=\"summary_large_image\" \/>\n<meta name=\"twitter:label1\" content=\"Scritto da\" \/>\n\t<meta name=\"twitter:data1\" content=\"Jacqueline ROTEN\" \/>\n\t<meta name=\"twitter:label2\" content=\"Tempo di lettura stimato\" \/>\n\t<meta name=\"twitter:data2\" content=\"8 minuti\" \/>\n<script type=\"application\/ld+json\" class=\"yoast-schema-graph\">{\"@context\":\"https:\\\/\\\/schema.org\",\"@graph\":[{\"@type\":\"Article\",\"@id\":\"https:\\\/\\\/www.iemj.org\\\/it\\\/la-musique-des-juifs-en-italie-une-breve-introduction\\\/#article\",\"isPartOf\":{\"@id\":\"https:\\\/\\\/www.iemj.org\\\/it\\\/la-musique-des-juifs-en-italie-une-breve-introduction\\\/\"},\"author\":{\"name\":\"Jacqueline ROTEN\",\"@id\":\"https:\\\/\\\/www.iemj.org\\\/it\\\/#\\\/schema\\\/person\\\/358e26c18aca017fcc4cc15437f7279c\"},\"headline\":\"La musica degli ebrei in Italia: Una breve introduzione\",\"datePublished\":\"2023-10-13T14:18:06+00:00\",\"dateModified\":\"2026-04-28T15:15:53+00:00\",\"mainEntityOfPage\":{\"@id\":\"https:\\\/\\\/www.iemj.org\\\/it\\\/la-musique-des-juifs-en-italie-une-breve-introduction\\\/\"},\"wordCount\":1190,\"publisher\":{\"@id\":\"https:\\\/\\\/www.iemj.org\\\/it\\\/#organization\"},\"image\":{\"@id\":\"https:\\\/\\\/www.iemj.org\\\/it\\\/la-musique-des-juifs-en-italie-une-breve-introduction\\\/#primaryimage\"},\"thumbnailUrl\":\"https:\\\/\\\/www.iemj.org\\\/wp-content\\\/uploads\\\/2023\\\/10\\\/logo-article-1.jpg\",\"keywords\":[\"Italia\"],\"articleSection\":[\"Articoli di fondo\"],\"inLanguage\":\"it-IT\"},{\"@type\":\"WebPage\",\"@id\":\"https:\\\/\\\/www.iemj.org\\\/it\\\/la-musique-des-juifs-en-italie-une-breve-introduction\\\/\",\"url\":\"https:\\\/\\\/www.iemj.org\\\/it\\\/la-musique-des-juifs-en-italie-une-breve-introduction\\\/\",\"name\":\"La musica degli ebrei in Italia: Una breve introduzione - Institut Europ\u00e9en des Musiques Juives\",\"isPartOf\":{\"@id\":\"https:\\\/\\\/www.iemj.org\\\/it\\\/#website\"},\"primaryImageOfPage\":{\"@id\":\"https:\\\/\\\/www.iemj.org\\\/it\\\/la-musique-des-juifs-en-italie-une-breve-introduction\\\/#primaryimage\"},\"image\":{\"@id\":\"https:\\\/\\\/www.iemj.org\\\/it\\\/la-musique-des-juifs-en-italie-une-breve-introduction\\\/#primaryimage\"},\"thumbnailUrl\":\"https:\\\/\\\/www.iemj.org\\\/wp-content\\\/uploads\\\/2023\\\/10\\\/logo-article-1.jpg\",\"datePublished\":\"2023-10-13T14:18:06+00:00\",\"dateModified\":\"2026-04-28T15:15:53+00:00\",\"breadcrumb\":{\"@id\":\"https:\\\/\\\/www.iemj.org\\\/it\\\/la-musique-des-juifs-en-italie-une-breve-introduction\\\/#breadcrumb\"},\"inLanguage\":\"it-IT\",\"potentialAction\":[{\"@type\":\"ReadAction\",\"target\":[\"https:\\\/\\\/www.iemj.org\\\/it\\\/la-musique-des-juifs-en-italie-une-breve-introduction\\\/\"]}]},{\"@type\":\"ImageObject\",\"inLanguage\":\"it-IT\",\"@id\":\"https:\\\/\\\/www.iemj.org\\\/it\\\/la-musique-des-juifs-en-italie-une-breve-introduction\\\/#primaryimage\",\"url\":\"https:\\\/\\\/www.iemj.org\\\/wp-content\\\/uploads\\\/2023\\\/10\\\/logo-article-1.jpg\",\"contentUrl\":\"https:\\\/\\\/www.iemj.org\\\/wp-content\\\/uploads\\\/2023\\\/10\\\/logo-article-1.jpg\",\"width\":500,\"height\":500},{\"@type\":\"BreadcrumbList\",\"@id\":\"https:\\\/\\\/www.iemj.org\\\/it\\\/la-musique-des-juifs-en-italie-une-breve-introduction\\\/#breadcrumb\",\"itemListElement\":[{\"@type\":\"ListItem\",\"position\":1,\"name\":\"Accueil\",\"item\":\"https:\\\/\\\/www.iemj.org\\\/it\\\/\"},{\"@type\":\"ListItem\",\"position\":2,\"name\":\"La musica degli ebrei in Italia: Una breve introduzione\"}]},{\"@type\":\"WebSite\",\"@id\":\"https:\\\/\\\/www.iemj.org\\\/it\\\/#website\",\"url\":\"https:\\\/\\\/www.iemj.org\\\/it\\\/\",\"name\":\"Institut Europ\u00e9en des Musiques Juives\",\"description\":\"Des traditions musicales \u00e0 la port\u00e9e de tous\",\"publisher\":{\"@id\":\"https:\\\/\\\/www.iemj.org\\\/it\\\/#organization\"},\"potentialAction\":[{\"@type\":\"SearchAction\",\"target\":{\"@type\":\"EntryPoint\",\"urlTemplate\":\"https:\\\/\\\/www.iemj.org\\\/it\\\/?s={search_term_string}\"},\"query-input\":{\"@type\":\"PropertyValueSpecification\",\"valueRequired\":true,\"valueName\":\"search_term_string\"}}],\"inLanguage\":\"it-IT\"},{\"@type\":\"Organization\",\"@id\":\"https:\\\/\\\/www.iemj.org\\\/it\\\/#organization\",\"name\":\"Institut Europ\u00e9en des Musiques Juives\",\"url\":\"https:\\\/\\\/www.iemj.org\\\/it\\\/\",\"logo\":{\"@type\":\"ImageObject\",\"inLanguage\":\"it-IT\",\"@id\":\"https:\\\/\\\/www.iemj.org\\\/it\\\/#\\\/schema\\\/logo\\\/image\\\/\",\"url\":\"https:\\\/\\\/www.iemj.org\\\/wp-content\\\/uploads\\\/2021\\\/09\\\/Logo-IEMJ-Paypal.jpg\",\"contentUrl\":\"https:\\\/\\\/www.iemj.org\\\/wp-content\\\/uploads\\\/2021\\\/09\\\/Logo-IEMJ-Paypal.jpg\",\"width\":150,\"height\":50,\"caption\":\"Institut Europ\u00e9en des Musiques Juives\"},\"image\":{\"@id\":\"https:\\\/\\\/www.iemj.org\\\/it\\\/#\\\/schema\\\/logo\\\/image\\\/\"},\"sameAs\":[\"https:\\\/\\\/www.facebook.com\\\/MusiquesJuives\\\/\",\"https:\\\/\\\/www.instagram.com\\\/musiquesjuives\\\/\",\"https:\\\/\\\/www.youtube.com\\\/user\\\/musiquesjuives\"]},{\"@type\":\"Person\",\"@id\":\"https:\\\/\\\/www.iemj.org\\\/it\\\/#\\\/schema\\\/person\\\/358e26c18aca017fcc4cc15437f7279c\",\"name\":\"Jacqueline ROTEN\",\"image\":{\"@type\":\"ImageObject\",\"inLanguage\":\"it-IT\",\"@id\":\"https:\\\/\\\/secure.gravatar.com\\\/avatar\\\/5964256d6c6957de3a3505278957e0fb2a35119ac47ea41827a65301213c810b?s=96&d=mm&r=g\",\"url\":\"https:\\\/\\\/secure.gravatar.com\\\/avatar\\\/5964256d6c6957de3a3505278957e0fb2a35119ac47ea41827a65301213c810b?s=96&d=mm&r=g\",\"contentUrl\":\"https:\\\/\\\/secure.gravatar.com\\\/avatar\\\/5964256d6c6957de3a3505278957e0fb2a35119ac47ea41827a65301213c810b?s=96&d=mm&r=g\",\"caption\":\"Jacqueline ROTEN\"}}]}<\/script>\n<!-- \/ Yoast SEO plugin. -->","yoast_head_json":{"title":"La musica degli ebrei in Italia: Una breve introduzione - Institut Europ\u00e9en des Musiques Juives","robots":{"index":"index","follow":"follow","max-snippet":"max-snippet:-1","max-image-preview":"max-image-preview:large","max-video-preview":"max-video-preview:-1"},"canonical":"https:\/\/www.iemj.org\/it\/la-musique-des-juifs-en-italie-une-breve-introduction\/","og_locale":"it_IT","og_type":"article","og_title":"La musica degli ebrei in Italia: Una breve introduzione - Institut Europ\u00e9en des Musiques Juives","og_description":"La storia della musica ebraica in Italia \u00e8 antica, complessa e piena di contraddizioni. Storicamente, le origini dell&#8217;Ebraismo italiano risalgono a pi\u00f9 di 2.000 anni fa. Ma nel corso degli","og_url":"https:\/\/www.iemj.org\/it\/la-musique-des-juifs-en-italie-une-breve-introduction\/","og_site_name":"Institut Europ\u00e9en des Musiques Juives","article_publisher":"https:\/\/www.facebook.com\/MusiquesJuives\/","article_published_time":"2023-10-13T14:18:06+00:00","article_modified_time":"2026-04-28T15:15:53+00:00","og_image":[{"width":500,"height":500,"url":"https:\/\/www.iemj.org\/wp-content\/uploads\/2023\/10\/logo-article-1.jpg","type":"image\/jpeg"}],"author":"Jacqueline ROTEN","twitter_card":"summary_large_image","twitter_misc":{"Scritto da":"Jacqueline ROTEN","Tempo di lettura stimato":"8 minuti"},"schema":{"@context":"https:\/\/schema.org","@graph":[{"@type":"Article","@id":"https:\/\/www.iemj.org\/it\/la-musique-des-juifs-en-italie-une-breve-introduction\/#article","isPartOf":{"@id":"https:\/\/www.iemj.org\/it\/la-musique-des-juifs-en-italie-une-breve-introduction\/"},"author":{"name":"Jacqueline ROTEN","@id":"https:\/\/www.iemj.org\/it\/#\/schema\/person\/358e26c18aca017fcc4cc15437f7279c"},"headline":"La musica degli ebrei in Italia: Una breve introduzione","datePublished":"2023-10-13T14:18:06+00:00","dateModified":"2026-04-28T15:15:53+00:00","mainEntityOfPage":{"@id":"https:\/\/www.iemj.org\/it\/la-musique-des-juifs-en-italie-une-breve-introduction\/"},"wordCount":1190,"publisher":{"@id":"https:\/\/www.iemj.org\/it\/#organization"},"image":{"@id":"https:\/\/www.iemj.org\/it\/la-musique-des-juifs-en-italie-une-breve-introduction\/#primaryimage"},"thumbnailUrl":"https:\/\/www.iemj.org\/wp-content\/uploads\/2023\/10\/logo-article-1.jpg","keywords":["Italia"],"articleSection":["Articoli di fondo"],"inLanguage":"it-IT"},{"@type":"WebPage","@id":"https:\/\/www.iemj.org\/it\/la-musique-des-juifs-en-italie-une-breve-introduction\/","url":"https:\/\/www.iemj.org\/it\/la-musique-des-juifs-en-italie-une-breve-introduction\/","name":"La musica degli ebrei in Italia: Una breve introduzione - Institut Europ\u00e9en des Musiques Juives","isPartOf":{"@id":"https:\/\/www.iemj.org\/it\/#website"},"primaryImageOfPage":{"@id":"https:\/\/www.iemj.org\/it\/la-musique-des-juifs-en-italie-une-breve-introduction\/#primaryimage"},"image":{"@id":"https:\/\/www.iemj.org\/it\/la-musique-des-juifs-en-italie-une-breve-introduction\/#primaryimage"},"thumbnailUrl":"https:\/\/www.iemj.org\/wp-content\/uploads\/2023\/10\/logo-article-1.jpg","datePublished":"2023-10-13T14:18:06+00:00","dateModified":"2026-04-28T15:15:53+00:00","breadcrumb":{"@id":"https:\/\/www.iemj.org\/it\/la-musique-des-juifs-en-italie-une-breve-introduction\/#breadcrumb"},"inLanguage":"it-IT","potentialAction":[{"@type":"ReadAction","target":["https:\/\/www.iemj.org\/it\/la-musique-des-juifs-en-italie-une-breve-introduction\/"]}]},{"@type":"ImageObject","inLanguage":"it-IT","@id":"https:\/\/www.iemj.org\/it\/la-musique-des-juifs-en-italie-une-breve-introduction\/#primaryimage","url":"https:\/\/www.iemj.org\/wp-content\/uploads\/2023\/10\/logo-article-1.jpg","contentUrl":"https:\/\/www.iemj.org\/wp-content\/uploads\/2023\/10\/logo-article-1.jpg","width":500,"height":500},{"@type":"BreadcrumbList","@id":"https:\/\/www.iemj.org\/it\/la-musique-des-juifs-en-italie-une-breve-introduction\/#breadcrumb","itemListElement":[{"@type":"ListItem","position":1,"name":"Accueil","item":"https:\/\/www.iemj.org\/it\/"},{"@type":"ListItem","position":2,"name":"La musica degli ebrei in Italia: Una breve introduzione"}]},{"@type":"WebSite","@id":"https:\/\/www.iemj.org\/it\/#website","url":"https:\/\/www.iemj.org\/it\/","name":"Institut Europ\u00e9en des Musiques Juives","description":"Des traditions musicales \u00e0 la port\u00e9e de tous","publisher":{"@id":"https:\/\/www.iemj.org\/it\/#organization"},"potentialAction":[{"@type":"SearchAction","target":{"@type":"EntryPoint","urlTemplate":"https:\/\/www.iemj.org\/it\/?s={search_term_string}"},"query-input":{"@type":"PropertyValueSpecification","valueRequired":true,"valueName":"search_term_string"}}],"inLanguage":"it-IT"},{"@type":"Organization","@id":"https:\/\/www.iemj.org\/it\/#organization","name":"Institut Europ\u00e9en des Musiques Juives","url":"https:\/\/www.iemj.org\/it\/","logo":{"@type":"ImageObject","inLanguage":"it-IT","@id":"https:\/\/www.iemj.org\/it\/#\/schema\/logo\/image\/","url":"https:\/\/www.iemj.org\/wp-content\/uploads\/2021\/09\/Logo-IEMJ-Paypal.jpg","contentUrl":"https:\/\/www.iemj.org\/wp-content\/uploads\/2021\/09\/Logo-IEMJ-Paypal.jpg","width":150,"height":50,"caption":"Institut Europ\u00e9en des Musiques Juives"},"image":{"@id":"https:\/\/www.iemj.org\/it\/#\/schema\/logo\/image\/"},"sameAs":["https:\/\/www.facebook.com\/MusiquesJuives\/","https:\/\/www.instagram.com\/musiquesjuives\/","https:\/\/www.youtube.com\/user\/musiquesjuives"]},{"@type":"Person","@id":"https:\/\/www.iemj.org\/it\/#\/schema\/person\/358e26c18aca017fcc4cc15437f7279c","name":"Jacqueline ROTEN","image":{"@type":"ImageObject","inLanguage":"it-IT","@id":"https:\/\/secure.gravatar.com\/avatar\/5964256d6c6957de3a3505278957e0fb2a35119ac47ea41827a65301213c810b?s=96&d=mm&r=g","url":"https:\/\/secure.gravatar.com\/avatar\/5964256d6c6957de3a3505278957e0fb2a35119ac47ea41827a65301213c810b?s=96&d=mm&r=g","contentUrl":"https:\/\/secure.gravatar.com\/avatar\/5964256d6c6957de3a3505278957e0fb2a35119ac47ea41827a65301213c810b?s=96&d=mm&r=g","caption":"Jacqueline ROTEN"}}]}},"_links":{"self":[{"href":"https:\/\/www.iemj.org\/it\/wp-json\/wp\/v2\/posts\/104482","targetHints":{"allow":["GET"]}}],"collection":[{"href":"https:\/\/www.iemj.org\/it\/wp-json\/wp\/v2\/posts"}],"about":[{"href":"https:\/\/www.iemj.org\/it\/wp-json\/wp\/v2\/types\/post"}],"author":[{"embeddable":true,"href":"https:\/\/www.iemj.org\/it\/wp-json\/wp\/v2\/users\/5"}],"replies":[{"embeddable":true,"href":"https:\/\/www.iemj.org\/it\/wp-json\/wp\/v2\/comments?post=104482"}],"version-history":[{"count":1,"href":"https:\/\/www.iemj.org\/it\/wp-json\/wp\/v2\/posts\/104482\/revisions"}],"predecessor-version":[{"id":132074,"href":"https:\/\/www.iemj.org\/it\/wp-json\/wp\/v2\/posts\/104482\/revisions\/132074"}],"wp:featuredmedia":[{"embeddable":true,"href":"https:\/\/www.iemj.org\/it\/wp-json\/wp\/v2\/media\/104451"}],"wp:attachment":[{"href":"https:\/\/www.iemj.org\/it\/wp-json\/wp\/v2\/media?parent=104482"}],"wp:term":[{"taxonomy":"category","embeddable":true,"href":"https:\/\/www.iemj.org\/it\/wp-json\/wp\/v2\/categories?post=104482"},{"taxonomy":"post_tag","embeddable":true,"href":"https:\/\/www.iemj.org\/it\/wp-json\/wp\/v2\/tags?post=104482"},{"taxonomy":"technique","embeddable":true,"href":"https:\/\/www.iemj.org\/it\/wp-json\/wp\/v2\/technique?post=104482"},{"taxonomy":"squelettes","embeddable":true,"href":"https:\/\/www.iemj.org\/it\/wp-json\/wp\/v2\/squelettes?post=104482"},{"taxonomy":"sujet","embeddable":true,"href":"https:\/\/www.iemj.org\/it\/wp-json\/wp\/v2\/sujet?post=104482"},{"taxonomy":"formation","embeddable":true,"href":"https:\/\/www.iemj.org\/it\/wp-json\/wp\/v2\/formation?post=104482"},{"taxonomy":"genre","embeddable":true,"href":"https:\/\/www.iemj.org\/it\/wp-json\/wp\/v2\/genre?post=104482"},{"taxonomy":"fonds","embeddable":true,"href":"https:\/\/www.iemj.org\/it\/wp-json\/wp\/v2\/fonds?post=104482"},{"taxonomy":"tradition","embeddable":true,"href":"https:\/\/www.iemj.org\/it\/wp-json\/wp\/v2\/tradition?post=104482"},{"taxonomy":"type-de-contenu","embeddable":true,"href":"https:\/\/www.iemj.org\/it\/wp-json\/wp\/v2\/type-de-contenu?post=104482"},{"taxonomy":"interprete-compositeur","embeddable":true,"href":"https:\/\/www.iemj.org\/it\/wp-json\/wp\/v2\/interprete-compositeur?post=104482"},{"taxonomy":"frise","embeddable":true,"href":"https:\/\/www.iemj.org\/it\/wp-json\/wp\/v2\/frise?post=104482"},{"taxonomy":"type-devenement","embeddable":true,"href":"https:\/\/www.iemj.org\/it\/wp-json\/wp\/v2\/type-devenement?post=104482"},{"taxonomy":"tableaux-liens-externes","embeddable":true,"href":"https:\/\/www.iemj.org\/it\/wp-json\/wp\/v2\/tableaux-liens-externes?post=104482"}],"curies":[{"name":"wp","href":"https:\/\/api.w.org\/{rel}","templated":true}]}}