{"id":105001,"date":"2011-10-21T09:20:46","date_gmt":"2011-10-21T07:20:46","guid":{"rendered":"https:\/\/www.iemj.org\/musiques-liturgiques-des-juifs-de-tlemcen\/"},"modified":"2025-10-20T11:31:30","modified_gmt":"2025-10-20T09:31:30","slug":"musiques-liturgiques-des-juifs-de-tlemcen","status":"publish","type":"post","link":"https:\/\/www.iemj.org\/it\/musiques-liturgiques-des-juifs-de-tlemcen\/","title":{"rendered":"Musiques liturgiques des Juifs de Tlemcen"},"content":{"rendered":"<p><strong>Questo cofanetto di 6 CD \u00e8 dedicato alla liturgia specifica della millenaria comunit\u00e0 ebraica di Tlemcen.<\/strong><\/p>\n<p><!--more--><\/p>\n<p>\u00c8 stato prodotto dagli &#8220;Amici del CFMJ&#8221;, su iniziativa e grazie al finanziamento de &#8220;La Fraternelle &#8211; UNAT&#8221;, guidata dal suo presidente Andr\u00e9 Charbit, durante l&#8217;incontro dei Tlemc\u00e9niens (tlemceni) in Israele nel febbraio 2011.<\/p>\n<p>Hanno partecipato alla registrazione il rabbino capo Georges Ha\u00efk, il rabbino Daniel Ashkenazi di Gerusalemme, il rabbino Yits&#8217;hak Chouraqui, i signori Yves Mergui e Maurice Tapiero dalla Francia (Aix en Provence e Parigi), mentre Roger Hamiache ha organizzato con dedizione l&#8217;intera operazione.<\/p>\n<p>Si tratta di un&#8217;importante &#8211; ma non esaustiva &#8211; raccolta di preghiere recitate durante l&#8217;anno nelle feste e nelle occasioni familiari.<\/p>\n<p>Registrazioni effettuate a Gerusalemme l&#8217;8 ed il 9 febbraio 2011 nella sinagoga di Or-Zaroua Produzione: La Fraternelle &#8211; UNAT, sotto la presidenza di Andr\u00e9 Charbit<\/p>\n<p>Produttore esecutivo e editore: Herv\u00e9 Roten (Les Amis du CFMJ)<\/p>\n<p>Registrazione del suono, editing e masterizzazione: Mordecha\u00ef Cohen, Studio Tekhelette, Gerusalemme, Israele Mastering<\/p>\n<p>CD Selihot di Yves Mergui: Thomas Congretel, Studio Kos and Co, Parigi<\/p>\n<p>Testi: <span data-scayt_word=\"Andr\u00e9\" data-scaytid=\"45\">Andr\u00e9<\/span> <span data-scayt_word=\"Charbit\" data-scaytid=\"46\">Charbit<\/span>, <span data-scayt_word=\"Simon\" data-scaytid=\"57\">Simon<\/span> <span data-scayt_word=\"Schwarzfuchs\" data-scaytid=\"58\">Schwarzfuchs<\/span> e <span data-scayt_word=\"Herv\u00e9\" data-scaytid=\"47\">Herv\u00e9<\/span> <span data-scayt_word=\"Roten\" data-scaytid=\"48\">Roten<\/span><\/p>\n\n\n<div class=\"wp-block-columns is-layout-flex wp-container-core-columns-is-layout-9d6595d7 wp-block-columns-is-layout-flex\">\n<div class=\"wp-block-column is-layout-flow wp-block-column-is-layout-flow\" style=\"flex-basis:100%\">\n<div class=\"wp-block-group\"><div class=\"wp-block-group__inner-container is-layout-flow wp-block-group-is-layout-flow\">\n<div class=\"wp-block-columns is-layout-flex wp-container-core-columns-is-layout-9d6595d7 wp-block-columns-is-layout-flex\">\n<div class=\"wp-block-column is-vertically-aligned-center is-layout-flow wp-block-column-is-layout-flow\" style=\"flex-basis:100%\">\n<div class=\"wp-block-columns is-layout-flex wp-container-core-columns-is-layout-9d6595d7 wp-block-columns-is-layout-flex\">\n<div class=\"wp-block-column is-vertically-aligned-center is-layout-flow wp-block-column-is-layout-flow\">\n<figure class=\"wp-block-image size-large\"><img fetchpriority=\"high\" decoding=\"async\" width=\"1024\" height=\"1024\" src=\"https:\/\/www.iemj.org\/wp-content\/uploads\/2011\/10\/livret_vol_1_version_def_2-1024x1024.jpg\" alt=\"Couv CD1 Tlemcen\" class=\"wp-image-3965\" srcset=\"https:\/\/www.iemj.org\/wp-content\/uploads\/2011\/10\/livret_vol_1_version_def_2-1024x1024.jpg 1024w, https:\/\/www.iemj.org\/wp-content\/uploads\/2011\/10\/livret_vol_1_version_def_2-300x300.jpg 300w, https:\/\/www.iemj.org\/wp-content\/uploads\/2011\/10\/livret_vol_1_version_def_2-150x150.jpg 150w, https:\/\/www.iemj.org\/wp-content\/uploads\/2011\/10\/livret_vol_1_version_def_2-768x768.jpg 768w, https:\/\/www.iemj.org\/wp-content\/uploads\/2011\/10\/livret_vol_1_version_def_2-600x600.jpg 600w, https:\/\/www.iemj.org\/wp-content\/uploads\/2011\/10\/livret_vol_1_version_def_2-100x100.jpg 100w, https:\/\/www.iemj.org\/wp-content\/uploads\/2011\/10\/livret_vol_1_version_def_2.jpg 1476w\" sizes=\"(max-width: 1024px) 100vw, 1024px\" \/><\/figure>\n<\/div>\n\n\n\n<div class=\"wp-block-column is-layout-flow wp-block-column-is-layout-flow\">\n<figure class=\"wp-block-image size-large\"><img decoding=\"async\" width=\"1024\" height=\"1024\" src=\"https:\/\/www.iemj.org\/wp-content\/uploads\/2011\/10\/livret_vol_2_version_def-1024x1024.jpg\" alt=\"Couv CD2 Tlemcen\" class=\"wp-image-3967\" srcset=\"https:\/\/www.iemj.org\/wp-content\/uploads\/2011\/10\/livret_vol_2_version_def-1024x1024.jpg 1024w, https:\/\/www.iemj.org\/wp-content\/uploads\/2011\/10\/livret_vol_2_version_def-300x300.jpg 300w, https:\/\/www.iemj.org\/wp-content\/uploads\/2011\/10\/livret_vol_2_version_def-150x150.jpg 150w, https:\/\/www.iemj.org\/wp-content\/uploads\/2011\/10\/livret_vol_2_version_def-768x768.jpg 768w, https:\/\/www.iemj.org\/wp-content\/uploads\/2011\/10\/livret_vol_2_version_def-600x600.jpg 600w, https:\/\/www.iemj.org\/wp-content\/uploads\/2011\/10\/livret_vol_2_version_def-100x100.jpg 100w, https:\/\/www.iemj.org\/wp-content\/uploads\/2011\/10\/livret_vol_2_version_def.jpg 1476w\" sizes=\"(max-width: 1024px) 100vw, 1024px\" \/><\/figure>\n<\/div>\n\n\n\n<div class=\"wp-block-column is-vertically-aligned-center is-layout-flow wp-block-column-is-layout-flow\">\n<figure class=\"wp-block-image size-large\"><img decoding=\"async\" width=\"1024\" height=\"1024\" src=\"https:\/\/www.iemj.org\/wp-content\/uploads\/2011\/10\/livret_vol_3_version_def-1024x1024.jpg\" alt=\"Couv CD3 Tlemcen\" class=\"wp-image-3969\" srcset=\"https:\/\/www.iemj.org\/wp-content\/uploads\/2011\/10\/livret_vol_3_version_def-1024x1024.jpg 1024w, https:\/\/www.iemj.org\/wp-content\/uploads\/2011\/10\/livret_vol_3_version_def-300x300.jpg 300w, https:\/\/www.iemj.org\/wp-content\/uploads\/2011\/10\/livret_vol_3_version_def-150x150.jpg 150w, https:\/\/www.iemj.org\/wp-content\/uploads\/2011\/10\/livret_vol_3_version_def-768x768.jpg 768w, https:\/\/www.iemj.org\/wp-content\/uploads\/2011\/10\/livret_vol_3_version_def-600x600.jpg 600w, https:\/\/www.iemj.org\/wp-content\/uploads\/2011\/10\/livret_vol_3_version_def-100x100.jpg 100w, https:\/\/www.iemj.org\/wp-content\/uploads\/2011\/10\/livret_vol_3_version_def.jpg 1476w\" sizes=\"(max-width: 1024px) 100vw, 1024px\" \/><\/figure>\n<\/div>\n<\/div>\n<\/div>\n<\/div>\n<\/div><\/div>\n<\/div>\n<\/div>\n\n\n\n<figure class=\"wp-block-image size-large\"><img loading=\"lazy\" decoding=\"async\" width=\"1024\" height=\"133\" src=\"https:\/\/www.iemj.org\/wp-content\/uploads\/2024\/03\/AUDIO-PLAYER-1024x133.png\" alt=\"\" class=\"wp-image-110609\" srcset=\"https:\/\/www.iemj.org\/wp-content\/uploads\/2024\/03\/AUDIO-PLAYER-1024x133.png 1024w, https:\/\/www.iemj.org\/wp-content\/uploads\/2024\/03\/AUDIO-PLAYER-300x39.png 300w, https:\/\/www.iemj.org\/wp-content\/uploads\/2024\/03\/AUDIO-PLAYER-768x100.png 768w, https:\/\/www.iemj.org\/wp-content\/uploads\/2024\/03\/AUDIO-PLAYER-600x78.png 600w, https:\/\/www.iemj.org\/wp-content\/uploads\/2024\/03\/AUDIO-PLAYER.png 1210w\" sizes=\"(max-width: 1024px) 100vw, 1024px\" \/><\/figure>\n\n\n\n<p><\/p>\n","protected":false},"excerpt":{"rendered":"<p>Questo cofanetto di 6 CD \u00e8 dedicato alla liturgia specifica della millenaria comunit\u00e0 ebraica di Tlemcen.<\/p>\n","protected":false},"author":1045,"featured_media":66385,"comment_status":"closed","ping_status":"closed","sticky":false,"template":"","format":"standard","meta":{"_acf_changed":false,"footnotes":""},"categories":[1569,1564],"tags":[],"technique":[],"squelettes":[],"sujet":[],"formation":[],"genre":[1892],"fonds":[],"tradition":[],"type-de-contenu":[],"interprete-compositeur":[],"frise":[],"type-devenement":[],"tableaux-liens-externes":[],"class_list":["post-105001","post","type-post","status-publish","format-standard","has-post-thumbnail","hentry","category-cd-it","category-ultimi-acquisti-it","genre-liturgia-it"],"acf":[],"yoast_head":"<!-- This site is optimized with the Yoast SEO plugin v27.3 - https:\/\/yoast.com\/product\/yoast-seo-wordpress\/ -->\n<title>Musiques liturgiques des Juifs de Tlemcen - Institut Europ\u00e9en des Musiques Juives<\/title>\n<meta name=\"robots\" content=\"index, follow, max-snippet:-1, max-image-preview:large, max-video-preview:-1\" \/>\n<link rel=\"canonical\" href=\"https:\/\/www.iemj.org\/it\/musiques-liturgiques-des-juifs-de-tlemcen\/\" \/>\n<meta property=\"og:locale\" content=\"it_IT\" \/>\n<meta property=\"og:type\" content=\"article\" \/>\n<meta property=\"og:title\" content=\"Musiques liturgiques des Juifs de Tlemcen - Institut Europ\u00e9en des Musiques Juives\" \/>\n<meta property=\"og:description\" content=\"Questo cofanetto di 6 CD \u00e8 dedicato alla liturgia specifica della millenaria comunit\u00e0 ebraica di Tlemcen.\" \/>\n<meta property=\"og:url\" content=\"https:\/\/www.iemj.org\/it\/musiques-liturgiques-des-juifs-de-tlemcen\/\" \/>\n<meta property=\"og:site_name\" content=\"Institut Europ\u00e9en des Musiques Juives\" \/>\n<meta property=\"article:publisher\" content=\"https:\/\/www.facebook.com\/MusiquesJuives\/\" \/>\n<meta property=\"article:published_time\" content=\"2011-10-21T07:20:46+00:00\" \/>\n<meta property=\"article:modified_time\" content=\"2025-10-20T09:31:30+00:00\" \/>\n<meta property=\"og:image\" content=\"https:\/\/www.iemj.org\/wp-content\/uploads\/2011\/10\/arton307-e1632296690593.jpg\" \/>\n\t<meta property=\"og:image:width\" content=\"392\" \/>\n\t<meta property=\"og:image:height\" content=\"350\" \/>\n\t<meta property=\"og:image:type\" content=\"image\/jpeg\" \/>\n<meta name=\"author\" content=\"Herv\u00e9 Roten\" \/>\n<meta name=\"twitter:card\" content=\"summary_large_image\" \/>\n<meta name=\"twitter:label1\" content=\"Scritto da\" \/>\n\t<meta name=\"twitter:data1\" content=\"Herv\u00e9 Roten\" \/>\n\t<meta name=\"twitter:label2\" content=\"Tempo di lettura stimato\" \/>\n\t<meta name=\"twitter:data2\" content=\"2 minuti\" \/>\n<script type=\"application\/ld+json\" class=\"yoast-schema-graph\">{\"@context\":\"https:\\\/\\\/schema.org\",\"@graph\":[{\"@type\":\"Article\",\"@id\":\"https:\\\/\\\/www.iemj.org\\\/it\\\/musiques-liturgiques-des-juifs-de-tlemcen\\\/#article\",\"isPartOf\":{\"@id\":\"https:\\\/\\\/www.iemj.org\\\/it\\\/musiques-liturgiques-des-juifs-de-tlemcen\\\/\"},\"author\":{\"name\":\"Herv\u00e9 Roten\",\"@id\":\"https:\\\/\\\/www.iemj.org\\\/it\\\/#\\\/schema\\\/person\\\/906134402c29d5c76e7b726261dd4bbd\"},\"headline\":\"Musiques liturgiques des Juifs de Tlemcen\",\"datePublished\":\"2011-10-21T07:20:46+00:00\",\"dateModified\":\"2025-10-20T09:31:30+00:00\",\"mainEntityOfPage\":{\"@id\":\"https:\\\/\\\/www.iemj.org\\\/it\\\/musiques-liturgiques-des-juifs-de-tlemcen\\\/\"},\"wordCount\":188,\"publisher\":{\"@id\":\"https:\\\/\\\/www.iemj.org\\\/it\\\/#organization\"},\"image\":{\"@id\":\"https:\\\/\\\/www.iemj.org\\\/it\\\/musiques-liturgiques-des-juifs-de-tlemcen\\\/#primaryimage\"},\"thumbnailUrl\":\"https:\\\/\\\/www.iemj.org\\\/wp-content\\\/uploads\\\/2011\\\/10\\\/arton307-e1632296690593.jpg\",\"articleSection\":[\"CD\",\"Ultimi acquisti\"],\"inLanguage\":\"it-IT\"},{\"@type\":\"WebPage\",\"@id\":\"https:\\\/\\\/www.iemj.org\\\/it\\\/musiques-liturgiques-des-juifs-de-tlemcen\\\/\",\"url\":\"https:\\\/\\\/www.iemj.org\\\/it\\\/musiques-liturgiques-des-juifs-de-tlemcen\\\/\",\"name\":\"Musiques liturgiques des Juifs de Tlemcen - Institut Europ\u00e9en des Musiques Juives\",\"isPartOf\":{\"@id\":\"https:\\\/\\\/www.iemj.org\\\/it\\\/#website\"},\"primaryImageOfPage\":{\"@id\":\"https:\\\/\\\/www.iemj.org\\\/it\\\/musiques-liturgiques-des-juifs-de-tlemcen\\\/#primaryimage\"},\"image\":{\"@id\":\"https:\\\/\\\/www.iemj.org\\\/it\\\/musiques-liturgiques-des-juifs-de-tlemcen\\\/#primaryimage\"},\"thumbnailUrl\":\"https:\\\/\\\/www.iemj.org\\\/wp-content\\\/uploads\\\/2011\\\/10\\\/arton307-e1632296690593.jpg\",\"datePublished\":\"2011-10-21T07:20:46+00:00\",\"dateModified\":\"2025-10-20T09:31:30+00:00\",\"breadcrumb\":{\"@id\":\"https:\\\/\\\/www.iemj.org\\\/it\\\/musiques-liturgiques-des-juifs-de-tlemcen\\\/#breadcrumb\"},\"inLanguage\":\"it-IT\",\"potentialAction\":[{\"@type\":\"ReadAction\",\"target\":[\"https:\\\/\\\/www.iemj.org\\\/it\\\/musiques-liturgiques-des-juifs-de-tlemcen\\\/\"]}]},{\"@type\":\"ImageObject\",\"inLanguage\":\"it-IT\",\"@id\":\"https:\\\/\\\/www.iemj.org\\\/it\\\/musiques-liturgiques-des-juifs-de-tlemcen\\\/#primaryimage\",\"url\":\"https:\\\/\\\/www.iemj.org\\\/wp-content\\\/uploads\\\/2011\\\/10\\\/arton307-e1632296690593.jpg\",\"contentUrl\":\"https:\\\/\\\/www.iemj.org\\\/wp-content\\\/uploads\\\/2011\\\/10\\\/arton307-e1632296690593.jpg\",\"width\":392,\"height\":350,\"caption\":\"Musiques liturgiques des juifs de Tlemcen\"},{\"@type\":\"BreadcrumbList\",\"@id\":\"https:\\\/\\\/www.iemj.org\\\/it\\\/musiques-liturgiques-des-juifs-de-tlemcen\\\/#breadcrumb\",\"itemListElement\":[{\"@type\":\"ListItem\",\"position\":1,\"name\":\"Accueil\",\"item\":\"https:\\\/\\\/www.iemj.org\\\/it\\\/\"},{\"@type\":\"ListItem\",\"position\":2,\"name\":\"Musiques liturgiques des Juifs de Tlemcen\"}]},{\"@type\":\"WebSite\",\"@id\":\"https:\\\/\\\/www.iemj.org\\\/it\\\/#website\",\"url\":\"https:\\\/\\\/www.iemj.org\\\/it\\\/\",\"name\":\"Institut Europ\u00e9en des Musiques Juives\",\"description\":\"Des traditions musicales \u00e0 la port\u00e9e de tous\",\"publisher\":{\"@id\":\"https:\\\/\\\/www.iemj.org\\\/it\\\/#organization\"},\"potentialAction\":[{\"@type\":\"SearchAction\",\"target\":{\"@type\":\"EntryPoint\",\"urlTemplate\":\"https:\\\/\\\/www.iemj.org\\\/it\\\/?s={search_term_string}\"},\"query-input\":{\"@type\":\"PropertyValueSpecification\",\"valueRequired\":true,\"valueName\":\"search_term_string\"}}],\"inLanguage\":\"it-IT\"},{\"@type\":\"Organization\",\"@id\":\"https:\\\/\\\/www.iemj.org\\\/it\\\/#organization\",\"name\":\"Institut Europ\u00e9en des Musiques Juives\",\"url\":\"https:\\\/\\\/www.iemj.org\\\/it\\\/\",\"logo\":{\"@type\":\"ImageObject\",\"inLanguage\":\"it-IT\",\"@id\":\"https:\\\/\\\/www.iemj.org\\\/it\\\/#\\\/schema\\\/logo\\\/image\\\/\",\"url\":\"https:\\\/\\\/www.iemj.org\\\/wp-content\\\/uploads\\\/2021\\\/09\\\/Logo-IEMJ-Paypal.jpg\",\"contentUrl\":\"https:\\\/\\\/www.iemj.org\\\/wp-content\\\/uploads\\\/2021\\\/09\\\/Logo-IEMJ-Paypal.jpg\",\"width\":150,\"height\":50,\"caption\":\"Institut Europ\u00e9en des Musiques Juives\"},\"image\":{\"@id\":\"https:\\\/\\\/www.iemj.org\\\/it\\\/#\\\/schema\\\/logo\\\/image\\\/\"},\"sameAs\":[\"https:\\\/\\\/www.facebook.com\\\/MusiquesJuives\\\/\",\"https:\\\/\\\/www.instagram.com\\\/musiquesjuives\\\/\",\"https:\\\/\\\/www.youtube.com\\\/user\\\/musiquesjuives\"]},{\"@type\":\"Person\",\"@id\":\"https:\\\/\\\/www.iemj.org\\\/it\\\/#\\\/schema\\\/person\\\/906134402c29d5c76e7b726261dd4bbd\",\"name\":\"Herv\u00e9 Roten\",\"image\":{\"@type\":\"ImageObject\",\"inLanguage\":\"it-IT\",\"@id\":\"https:\\\/\\\/secure.gravatar.com\\\/avatar\\\/f96ad2db538a26481f18384936b5cd0610c92d390c4dc382209216d455f685ff?s=96&d=mm&r=g\",\"url\":\"https:\\\/\\\/secure.gravatar.com\\\/avatar\\\/f96ad2db538a26481f18384936b5cd0610c92d390c4dc382209216d455f685ff?s=96&d=mm&r=g\",\"contentUrl\":\"https:\\\/\\\/secure.gravatar.com\\\/avatar\\\/f96ad2db538a26481f18384936b5cd0610c92d390c4dc382209216d455f685ff?s=96&d=mm&r=g\",\"caption\":\"Herv\u00e9 Roten\"}}]}<\/script>\n<!-- \/ Yoast SEO plugin. -->","yoast_head_json":{"title":"Musiques liturgiques des Juifs de Tlemcen - Institut Europ\u00e9en des Musiques Juives","robots":{"index":"index","follow":"follow","max-snippet":"max-snippet:-1","max-image-preview":"max-image-preview:large","max-video-preview":"max-video-preview:-1"},"canonical":"https:\/\/www.iemj.org\/it\/musiques-liturgiques-des-juifs-de-tlemcen\/","og_locale":"it_IT","og_type":"article","og_title":"Musiques liturgiques des Juifs de Tlemcen - Institut Europ\u00e9en des Musiques Juives","og_description":"Questo cofanetto di 6 CD \u00e8 dedicato alla liturgia specifica della millenaria comunit\u00e0 ebraica di Tlemcen.","og_url":"https:\/\/www.iemj.org\/it\/musiques-liturgiques-des-juifs-de-tlemcen\/","og_site_name":"Institut Europ\u00e9en des Musiques Juives","article_publisher":"https:\/\/www.facebook.com\/MusiquesJuives\/","article_published_time":"2011-10-21T07:20:46+00:00","article_modified_time":"2025-10-20T09:31:30+00:00","og_image":[{"width":392,"height":350,"url":"https:\/\/www.iemj.org\/wp-content\/uploads\/2011\/10\/arton307-e1632296690593.jpg","type":"image\/jpeg"}],"author":"Herv\u00e9 Roten","twitter_card":"summary_large_image","twitter_misc":{"Scritto da":"Herv\u00e9 Roten","Tempo di lettura stimato":"2 minuti"},"schema":{"@context":"https:\/\/schema.org","@graph":[{"@type":"Article","@id":"https:\/\/www.iemj.org\/it\/musiques-liturgiques-des-juifs-de-tlemcen\/#article","isPartOf":{"@id":"https:\/\/www.iemj.org\/it\/musiques-liturgiques-des-juifs-de-tlemcen\/"},"author":{"name":"Herv\u00e9 Roten","@id":"https:\/\/www.iemj.org\/it\/#\/schema\/person\/906134402c29d5c76e7b726261dd4bbd"},"headline":"Musiques liturgiques des Juifs de Tlemcen","datePublished":"2011-10-21T07:20:46+00:00","dateModified":"2025-10-20T09:31:30+00:00","mainEntityOfPage":{"@id":"https:\/\/www.iemj.org\/it\/musiques-liturgiques-des-juifs-de-tlemcen\/"},"wordCount":188,"publisher":{"@id":"https:\/\/www.iemj.org\/it\/#organization"},"image":{"@id":"https:\/\/www.iemj.org\/it\/musiques-liturgiques-des-juifs-de-tlemcen\/#primaryimage"},"thumbnailUrl":"https:\/\/www.iemj.org\/wp-content\/uploads\/2011\/10\/arton307-e1632296690593.jpg","articleSection":["CD","Ultimi acquisti"],"inLanguage":"it-IT"},{"@type":"WebPage","@id":"https:\/\/www.iemj.org\/it\/musiques-liturgiques-des-juifs-de-tlemcen\/","url":"https:\/\/www.iemj.org\/it\/musiques-liturgiques-des-juifs-de-tlemcen\/","name":"Musiques liturgiques des Juifs de Tlemcen - Institut Europ\u00e9en des Musiques Juives","isPartOf":{"@id":"https:\/\/www.iemj.org\/it\/#website"},"primaryImageOfPage":{"@id":"https:\/\/www.iemj.org\/it\/musiques-liturgiques-des-juifs-de-tlemcen\/#primaryimage"},"image":{"@id":"https:\/\/www.iemj.org\/it\/musiques-liturgiques-des-juifs-de-tlemcen\/#primaryimage"},"thumbnailUrl":"https:\/\/www.iemj.org\/wp-content\/uploads\/2011\/10\/arton307-e1632296690593.jpg","datePublished":"2011-10-21T07:20:46+00:00","dateModified":"2025-10-20T09:31:30+00:00","breadcrumb":{"@id":"https:\/\/www.iemj.org\/it\/musiques-liturgiques-des-juifs-de-tlemcen\/#breadcrumb"},"inLanguage":"it-IT","potentialAction":[{"@type":"ReadAction","target":["https:\/\/www.iemj.org\/it\/musiques-liturgiques-des-juifs-de-tlemcen\/"]}]},{"@type":"ImageObject","inLanguage":"it-IT","@id":"https:\/\/www.iemj.org\/it\/musiques-liturgiques-des-juifs-de-tlemcen\/#primaryimage","url":"https:\/\/www.iemj.org\/wp-content\/uploads\/2011\/10\/arton307-e1632296690593.jpg","contentUrl":"https:\/\/www.iemj.org\/wp-content\/uploads\/2011\/10\/arton307-e1632296690593.jpg","width":392,"height":350,"caption":"Musiques liturgiques des juifs de Tlemcen"},{"@type":"BreadcrumbList","@id":"https:\/\/www.iemj.org\/it\/musiques-liturgiques-des-juifs-de-tlemcen\/#breadcrumb","itemListElement":[{"@type":"ListItem","position":1,"name":"Accueil","item":"https:\/\/www.iemj.org\/it\/"},{"@type":"ListItem","position":2,"name":"Musiques liturgiques des Juifs de Tlemcen"}]},{"@type":"WebSite","@id":"https:\/\/www.iemj.org\/it\/#website","url":"https:\/\/www.iemj.org\/it\/","name":"Institut Europ\u00e9en des Musiques Juives","description":"Des traditions musicales \u00e0 la port\u00e9e de tous","publisher":{"@id":"https:\/\/www.iemj.org\/it\/#organization"},"potentialAction":[{"@type":"SearchAction","target":{"@type":"EntryPoint","urlTemplate":"https:\/\/www.iemj.org\/it\/?s={search_term_string}"},"query-input":{"@type":"PropertyValueSpecification","valueRequired":true,"valueName":"search_term_string"}}],"inLanguage":"it-IT"},{"@type":"Organization","@id":"https:\/\/www.iemj.org\/it\/#organization","name":"Institut Europ\u00e9en des Musiques Juives","url":"https:\/\/www.iemj.org\/it\/","logo":{"@type":"ImageObject","inLanguage":"it-IT","@id":"https:\/\/www.iemj.org\/it\/#\/schema\/logo\/image\/","url":"https:\/\/www.iemj.org\/wp-content\/uploads\/2021\/09\/Logo-IEMJ-Paypal.jpg","contentUrl":"https:\/\/www.iemj.org\/wp-content\/uploads\/2021\/09\/Logo-IEMJ-Paypal.jpg","width":150,"height":50,"caption":"Institut Europ\u00e9en des Musiques Juives"},"image":{"@id":"https:\/\/www.iemj.org\/it\/#\/schema\/logo\/image\/"},"sameAs":["https:\/\/www.facebook.com\/MusiquesJuives\/","https:\/\/www.instagram.com\/musiquesjuives\/","https:\/\/www.youtube.com\/user\/musiquesjuives"]},{"@type":"Person","@id":"https:\/\/www.iemj.org\/it\/#\/schema\/person\/906134402c29d5c76e7b726261dd4bbd","name":"Herv\u00e9 Roten","image":{"@type":"ImageObject","inLanguage":"it-IT","@id":"https:\/\/secure.gravatar.com\/avatar\/f96ad2db538a26481f18384936b5cd0610c92d390c4dc382209216d455f685ff?s=96&d=mm&r=g","url":"https:\/\/secure.gravatar.com\/avatar\/f96ad2db538a26481f18384936b5cd0610c92d390c4dc382209216d455f685ff?s=96&d=mm&r=g","contentUrl":"https:\/\/secure.gravatar.com\/avatar\/f96ad2db538a26481f18384936b5cd0610c92d390c4dc382209216d455f685ff?s=96&d=mm&r=g","caption":"Herv\u00e9 Roten"}}]}},"_links":{"self":[{"href":"https:\/\/www.iemj.org\/it\/wp-json\/wp\/v2\/posts\/105001","targetHints":{"allow":["GET"]}}],"collection":[{"href":"https:\/\/www.iemj.org\/it\/wp-json\/wp\/v2\/posts"}],"about":[{"href":"https:\/\/www.iemj.org\/it\/wp-json\/wp\/v2\/types\/post"}],"author":[{"embeddable":true,"href":"https:\/\/www.iemj.org\/it\/wp-json\/wp\/v2\/users\/1045"}],"replies":[{"embeddable":true,"href":"https:\/\/www.iemj.org\/it\/wp-json\/wp\/v2\/comments?post=105001"}],"version-history":[{"count":1,"href":"https:\/\/www.iemj.org\/it\/wp-json\/wp\/v2\/posts\/105001\/revisions"}],"predecessor-version":[{"id":127260,"href":"https:\/\/www.iemj.org\/it\/wp-json\/wp\/v2\/posts\/105001\/revisions\/127260"}],"wp:featuredmedia":[{"embeddable":true,"href":"https:\/\/www.iemj.org\/it\/wp-json\/wp\/v2\/media\/66385"}],"wp:attachment":[{"href":"https:\/\/www.iemj.org\/it\/wp-json\/wp\/v2\/media?parent=105001"}],"wp:term":[{"taxonomy":"category","embeddable":true,"href":"https:\/\/www.iemj.org\/it\/wp-json\/wp\/v2\/categories?post=105001"},{"taxonomy":"post_tag","embeddable":true,"href":"https:\/\/www.iemj.org\/it\/wp-json\/wp\/v2\/tags?post=105001"},{"taxonomy":"technique","embeddable":true,"href":"https:\/\/www.iemj.org\/it\/wp-json\/wp\/v2\/technique?post=105001"},{"taxonomy":"squelettes","embeddable":true,"href":"https:\/\/www.iemj.org\/it\/wp-json\/wp\/v2\/squelettes?post=105001"},{"taxonomy":"sujet","embeddable":true,"href":"https:\/\/www.iemj.org\/it\/wp-json\/wp\/v2\/sujet?post=105001"},{"taxonomy":"formation","embeddable":true,"href":"https:\/\/www.iemj.org\/it\/wp-json\/wp\/v2\/formation?post=105001"},{"taxonomy":"genre","embeddable":true,"href":"https:\/\/www.iemj.org\/it\/wp-json\/wp\/v2\/genre?post=105001"},{"taxonomy":"fonds","embeddable":true,"href":"https:\/\/www.iemj.org\/it\/wp-json\/wp\/v2\/fonds?post=105001"},{"taxonomy":"tradition","embeddable":true,"href":"https:\/\/www.iemj.org\/it\/wp-json\/wp\/v2\/tradition?post=105001"},{"taxonomy":"type-de-contenu","embeddable":true,"href":"https:\/\/www.iemj.org\/it\/wp-json\/wp\/v2\/type-de-contenu?post=105001"},{"taxonomy":"interprete-compositeur","embeddable":true,"href":"https:\/\/www.iemj.org\/it\/wp-json\/wp\/v2\/interprete-compositeur?post=105001"},{"taxonomy":"frise","embeddable":true,"href":"https:\/\/www.iemj.org\/it\/wp-json\/wp\/v2\/frise?post=105001"},{"taxonomy":"type-devenement","embeddable":true,"href":"https:\/\/www.iemj.org\/it\/wp-json\/wp\/v2\/type-devenement?post=105001"},{"taxonomy":"tableaux-liens-externes","embeddable":true,"href":"https:\/\/www.iemj.org\/it\/wp-json\/wp\/v2\/tableaux-liens-externes?post=105001"}],"curies":[{"name":"wp","href":"https:\/\/api.w.org\/{rel}","templated":true}]}}