{"id":105253,"date":"2023-11-08T16:14:13","date_gmt":"2023-11-08T15:14:13","guid":{"rendered":"https:\/\/www.iemj.org\/the-wolf-and-the-lamb\/"},"modified":"2025-10-19T17:28:51","modified_gmt":"2025-10-19T15:28:51","slug":"the-wolf-and-the-lamb","status":"publish","type":"post","link":"https:\/\/www.iemj.org\/it\/the-wolf-and-the-lamb\/","title":{"rendered":"The Wolf and the Lamb &#8211; Live at the Shakh"},"content":{"rendered":"\n<p><\/p>\n\n\n<p>&#8220;The Wolf and the Lamb&#8221;, un album della leggenda klezmer <a href=\"https:\/\/www.iemj.org\/it\/strom-yale\/\">Yale Strom<\/a>, accompagnato dal suo gruppo Hot Pstromi, \u00e8 stato registrato nella sinagoga magnificamente restaurata di Holesov, nella Repubblica Ceca. Riporta in vita la musica ebraica della comunit\u00e0 di Holesov, una citt\u00e0 di 12.000 abitanti che all&#8217;inizio del secolo scorso era per un terzo ebraica. La ricerca di Yale Strom sulle tradizioni perdute di Holesov si basa sia sulla tradizione orale che su antichi manoscritti.<\/p>\n<p>Una vecchia poesia yiddish \u00e8 l&#8217;ispirazione per la canzone &#8221; The Wolf and the Lamb&#8221; (Il lupo e l&#8217;agnello), che si dice sia stata cantata come una ninna nanna e che racconta la storia delle comunit\u00e0 ebraiche radicate nella regione del Burgenland in Austria. Originariamente senza melodia, Yale Strom ha composto la musica di questo brano in uno stile impressionista classico. In combinazione con le voci cantate nell&#8217;autentica lingua yiddish della regione, la canzone evoca particolari atmosfere ed emozioni ed \u00e8 rappresentata da un&#8217;espressione musicale unica all&#8217;album.<\/p>\n<p>Attraverso i suoni inimitabili del klezmer, assistiamo all&#8217;incrocio di culture, con influenze ucraine, livoniane, bielorusse e rom che risuonano in un&#8217;armonia che trascende la musica e si riverbera nel tempo. \u00c8 forse nella title track che i temi dell&#8217;album trovano la loro massima espressione. Nelle parole del leader della band Yale Strom, &#8220;<em>The Wolf and The Lamb esplora il rapporto tra la tradizione e il suo rinnovamento. Questo rapporto, a volte teso, \u00e8 una caratteristica della nostra musica, che si basa sulla forma tradizionale ed i suoi adattamenti contemporanei.<\/em>&#8220;<\/p>\n<p>Yale Strom \u00e8 violinista, compositore ed uno dei principali artisti-etnografi della musica e della storia klezmer al mondo. La sua vasta ricerca etnografica nell&#8217;Europa orientale \u00e8 parte integrante del repertorio del suo gruppo klezmer Hot Pstromi. Fondato nel 1981 e basato a New York e San Diego, questo gruppo di musicisti virtuosi di fama internazionale delizia da oltre quarant&#8217;anni gli amanti della musica klezmer di tutto il mondo.<\/p>\n<p><a href=\"https:\/\/store.arcmusic.co.uk\/the-wolf-and-the-lamb-live-at-the-shakh.html\" target=\"_blank\" rel=\"noopener\">Comprare il CD<\/a><\/p>\n<p><img fetchpriority=\"high\" decoding=\"async\" class=\"wp-image-105198 aligncenter\" src=\"https:\/\/www.iemj.org\/wp-content\/uploads\/2023\/11\/COUV4-CD_TheWolf-300x300.jpg\" alt=\"\" width=\"447\" height=\"447\" srcset=\"https:\/\/www.iemj.org\/wp-content\/uploads\/2023\/11\/COUV4-CD_TheWolf-300x300.jpg 300w, https:\/\/www.iemj.org\/wp-content\/uploads\/2023\/11\/COUV4-CD_TheWolf-150x150.jpg 150w, https:\/\/www.iemj.org\/wp-content\/uploads\/2023\/11\/COUV4-CD_TheWolf-100x100.jpg 100w, https:\/\/www.iemj.org\/wp-content\/uploads\/2023\/11\/COUV4-CD_TheWolf.jpg 500w\" sizes=\"(max-width: 447px) 100vw, 447px\" \/><\/p>\n\n\n<figure class=\"wp-block-embed is-type-video is-provider-youtube wp-block-embed-youtube wp-embed-aspect-16-9 wp-has-aspect-ratio\"><div class=\"wp-block-embed__wrapper\">\n<iframe title=\"Yale Strom &amp; Hot Pstromi: The Wolf and The Lamb: Live at the Shakh\" width=\"640\" height=\"360\" src=\"https:\/\/www.youtube.com\/embed\/ZkrECNSUm6o?feature=oembed\" frameborder=\"0\" allow=\"accelerometer; autoplay; clipboard-write; encrypted-media; gyroscope; picture-in-picture; web-share\" referrerpolicy=\"strict-origin-when-cross-origin\" allowfullscreen><\/iframe>\n<\/div><\/figure>\n\n\n<div class=\"wp-block-image\">\n<figure class=\"aligncenter size-large\"><img decoding=\"async\" width=\"1024\" height=\"133\" src=\"https:\/\/www.iemj.org\/wp-content\/uploads\/2024\/03\/AUDIO-PLAYER-1024x133.png\" alt=\"\" class=\"wp-image-110609\" srcset=\"https:\/\/www.iemj.org\/wp-content\/uploads\/2024\/03\/AUDIO-PLAYER-1024x133.png 1024w, https:\/\/www.iemj.org\/wp-content\/uploads\/2024\/03\/AUDIO-PLAYER-300x39.png 300w, https:\/\/www.iemj.org\/wp-content\/uploads\/2024\/03\/AUDIO-PLAYER-768x100.png 768w, https:\/\/www.iemj.org\/wp-content\/uploads\/2024\/03\/AUDIO-PLAYER-600x78.png 600w, https:\/\/www.iemj.org\/wp-content\/uploads\/2024\/03\/AUDIO-PLAYER.png 1210w\" sizes=\"(max-width: 1024px) 100vw, 1024px\" \/><\/figure>\n<\/div>","protected":false},"excerpt":{"rendered":"<p>&#8220;The Wolf and the Lamb&#8221;, un album della leggenda klezmer Yale Strom, accompagnato dal suo gruppo Hot Pstromi, \u00e8 stato registrato nella sinagoga magnificamente restaurata di Holesov, nella Repubblica Ceca.<\/p>\n","protected":false},"author":5,"featured_media":105196,"comment_status":"closed","ping_status":"closed","sticky":false,"template":"","format":"standard","meta":{"_acf_changed":false,"footnotes":""},"categories":[1569,1564],"tags":[],"technique":[],"squelettes":[],"sujet":[],"formation":[],"genre":[1874],"fonds":[],"tradition":[],"type-de-contenu":[],"interprete-compositeur":[],"frise":[],"type-devenement":[],"tableaux-liens-externes":[],"class_list":["post-105253","post","type-post","status-publish","format-standard","has-post-thumbnail","hentry","category-cd-it","category-ultimi-acquisti-it","genre-klezmer-it"],"acf":[],"yoast_head":"<!-- This site is optimized with the Yoast SEO plugin v27.3 - https:\/\/yoast.com\/product\/yoast-seo-wordpress\/ -->\n<title>The Wolf and the Lamb - Live at the Shakh - Institut Europ\u00e9en des Musiques Juives<\/title>\n<meta name=\"robots\" content=\"index, follow, max-snippet:-1, max-image-preview:large, max-video-preview:-1\" \/>\n<link rel=\"canonical\" href=\"https:\/\/www.iemj.org\/it\/the-wolf-and-the-lamb\/\" \/>\n<meta property=\"og:locale\" content=\"it_IT\" \/>\n<meta property=\"og:type\" content=\"article\" \/>\n<meta property=\"og:title\" content=\"The Wolf and the Lamb - Live at the Shakh - Institut Europ\u00e9en des Musiques Juives\" \/>\n<meta property=\"og:description\" content=\"&#8220;The Wolf and the Lamb&#8221;, un album della leggenda klezmer Yale Strom, accompagnato dal suo gruppo Hot Pstromi, \u00e8 stato registrato nella sinagoga magnificamente restaurata di Holesov, nella Repubblica Ceca.\" \/>\n<meta property=\"og:url\" content=\"https:\/\/www.iemj.org\/it\/the-wolf-and-the-lamb\/\" \/>\n<meta property=\"og:site_name\" content=\"Institut Europ\u00e9en des Musiques Juives\" \/>\n<meta property=\"article:publisher\" content=\"https:\/\/www.facebook.com\/MusiquesJuives\/\" \/>\n<meta property=\"article:published_time\" content=\"2023-11-08T15:14:13+00:00\" \/>\n<meta property=\"article:modified_time\" content=\"2025-10-19T15:28:51+00:00\" \/>\n<meta property=\"og:image\" content=\"https:\/\/www.iemj.org\/wp-content\/uploads\/2023\/11\/COUV-CD.jpg\" \/>\n\t<meta property=\"og:image:width\" content=\"500\" \/>\n\t<meta property=\"og:image:height\" content=\"500\" \/>\n\t<meta property=\"og:image:type\" content=\"image\/jpeg\" \/>\n<meta name=\"author\" content=\"Jacqueline ROTEN\" \/>\n<meta name=\"twitter:card\" content=\"summary_large_image\" \/>\n<meta name=\"twitter:label1\" content=\"Scritto da\" \/>\n\t<meta name=\"twitter:data1\" content=\"Jacqueline ROTEN\" \/>\n\t<meta name=\"twitter:label2\" content=\"Tempo di lettura stimato\" \/>\n\t<meta name=\"twitter:data2\" content=\"3 minuti\" \/>\n<script type=\"application\/ld+json\" class=\"yoast-schema-graph\">{\"@context\":\"https:\\\/\\\/schema.org\",\"@graph\":[{\"@type\":\"Article\",\"@id\":\"https:\\\/\\\/www.iemj.org\\\/it\\\/the-wolf-and-the-lamb\\\/#article\",\"isPartOf\":{\"@id\":\"https:\\\/\\\/www.iemj.org\\\/it\\\/the-wolf-and-the-lamb\\\/\"},\"author\":{\"name\":\"Jacqueline ROTEN\",\"@id\":\"https:\\\/\\\/www.iemj.org\\\/it\\\/#\\\/schema\\\/person\\\/358e26c18aca017fcc4cc15437f7279c\"},\"headline\":\"The Wolf and the Lamb &#8211; Live at the Shakh\",\"datePublished\":\"2023-11-08T15:14:13+00:00\",\"dateModified\":\"2025-10-19T15:28:51+00:00\",\"mainEntityOfPage\":{\"@id\":\"https:\\\/\\\/www.iemj.org\\\/it\\\/the-wolf-and-the-lamb\\\/\"},\"wordCount\":338,\"publisher\":{\"@id\":\"https:\\\/\\\/www.iemj.org\\\/it\\\/#organization\"},\"image\":{\"@id\":\"https:\\\/\\\/www.iemj.org\\\/it\\\/the-wolf-and-the-lamb\\\/#primaryimage\"},\"thumbnailUrl\":\"https:\\\/\\\/www.iemj.org\\\/wp-content\\\/uploads\\\/2023\\\/11\\\/COUV-CD.jpg\",\"articleSection\":[\"CD\",\"Ultimi acquisti\"],\"inLanguage\":\"it-IT\"},{\"@type\":\"WebPage\",\"@id\":\"https:\\\/\\\/www.iemj.org\\\/it\\\/the-wolf-and-the-lamb\\\/\",\"url\":\"https:\\\/\\\/www.iemj.org\\\/it\\\/the-wolf-and-the-lamb\\\/\",\"name\":\"The Wolf and the Lamb - Live at the Shakh - Institut Europ\u00e9en des Musiques Juives\",\"isPartOf\":{\"@id\":\"https:\\\/\\\/www.iemj.org\\\/it\\\/#website\"},\"primaryImageOfPage\":{\"@id\":\"https:\\\/\\\/www.iemj.org\\\/it\\\/the-wolf-and-the-lamb\\\/#primaryimage\"},\"image\":{\"@id\":\"https:\\\/\\\/www.iemj.org\\\/it\\\/the-wolf-and-the-lamb\\\/#primaryimage\"},\"thumbnailUrl\":\"https:\\\/\\\/www.iemj.org\\\/wp-content\\\/uploads\\\/2023\\\/11\\\/COUV-CD.jpg\",\"datePublished\":\"2023-11-08T15:14:13+00:00\",\"dateModified\":\"2025-10-19T15:28:51+00:00\",\"breadcrumb\":{\"@id\":\"https:\\\/\\\/www.iemj.org\\\/it\\\/the-wolf-and-the-lamb\\\/#breadcrumb\"},\"inLanguage\":\"it-IT\",\"potentialAction\":[{\"@type\":\"ReadAction\",\"target\":[\"https:\\\/\\\/www.iemj.org\\\/it\\\/the-wolf-and-the-lamb\\\/\"]}]},{\"@type\":\"ImageObject\",\"inLanguage\":\"it-IT\",\"@id\":\"https:\\\/\\\/www.iemj.org\\\/it\\\/the-wolf-and-the-lamb\\\/#primaryimage\",\"url\":\"https:\\\/\\\/www.iemj.org\\\/wp-content\\\/uploads\\\/2023\\\/11\\\/COUV-CD.jpg\",\"contentUrl\":\"https:\\\/\\\/www.iemj.org\\\/wp-content\\\/uploads\\\/2023\\\/11\\\/COUV-CD.jpg\",\"width\":500,\"height\":500},{\"@type\":\"BreadcrumbList\",\"@id\":\"https:\\\/\\\/www.iemj.org\\\/it\\\/the-wolf-and-the-lamb\\\/#breadcrumb\",\"itemListElement\":[{\"@type\":\"ListItem\",\"position\":1,\"name\":\"Accueil\",\"item\":\"https:\\\/\\\/www.iemj.org\\\/it\\\/\"},{\"@type\":\"ListItem\",\"position\":2,\"name\":\"The Wolf and the Lamb &#8211; Live at the Shakh\"}]},{\"@type\":\"WebSite\",\"@id\":\"https:\\\/\\\/www.iemj.org\\\/it\\\/#website\",\"url\":\"https:\\\/\\\/www.iemj.org\\\/it\\\/\",\"name\":\"Institut Europ\u00e9en des Musiques Juives\",\"description\":\"Des traditions musicales \u00e0 la port\u00e9e de tous\",\"publisher\":{\"@id\":\"https:\\\/\\\/www.iemj.org\\\/it\\\/#organization\"},\"potentialAction\":[{\"@type\":\"SearchAction\",\"target\":{\"@type\":\"EntryPoint\",\"urlTemplate\":\"https:\\\/\\\/www.iemj.org\\\/it\\\/?s={search_term_string}\"},\"query-input\":{\"@type\":\"PropertyValueSpecification\",\"valueRequired\":true,\"valueName\":\"search_term_string\"}}],\"inLanguage\":\"it-IT\"},{\"@type\":\"Organization\",\"@id\":\"https:\\\/\\\/www.iemj.org\\\/it\\\/#organization\",\"name\":\"Institut Europ\u00e9en des Musiques Juives\",\"url\":\"https:\\\/\\\/www.iemj.org\\\/it\\\/\",\"logo\":{\"@type\":\"ImageObject\",\"inLanguage\":\"it-IT\",\"@id\":\"https:\\\/\\\/www.iemj.org\\\/it\\\/#\\\/schema\\\/logo\\\/image\\\/\",\"url\":\"https:\\\/\\\/www.iemj.org\\\/wp-content\\\/uploads\\\/2021\\\/09\\\/Logo-IEMJ-Paypal.jpg\",\"contentUrl\":\"https:\\\/\\\/www.iemj.org\\\/wp-content\\\/uploads\\\/2021\\\/09\\\/Logo-IEMJ-Paypal.jpg\",\"width\":150,\"height\":50,\"caption\":\"Institut Europ\u00e9en des Musiques Juives\"},\"image\":{\"@id\":\"https:\\\/\\\/www.iemj.org\\\/it\\\/#\\\/schema\\\/logo\\\/image\\\/\"},\"sameAs\":[\"https:\\\/\\\/www.facebook.com\\\/MusiquesJuives\\\/\",\"https:\\\/\\\/www.instagram.com\\\/musiquesjuives\\\/\",\"https:\\\/\\\/www.youtube.com\\\/user\\\/musiquesjuives\"]},{\"@type\":\"Person\",\"@id\":\"https:\\\/\\\/www.iemj.org\\\/it\\\/#\\\/schema\\\/person\\\/358e26c18aca017fcc4cc15437f7279c\",\"name\":\"Jacqueline ROTEN\",\"image\":{\"@type\":\"ImageObject\",\"inLanguage\":\"it-IT\",\"@id\":\"https:\\\/\\\/secure.gravatar.com\\\/avatar\\\/5964256d6c6957de3a3505278957e0fb2a35119ac47ea41827a65301213c810b?s=96&d=mm&r=g\",\"url\":\"https:\\\/\\\/secure.gravatar.com\\\/avatar\\\/5964256d6c6957de3a3505278957e0fb2a35119ac47ea41827a65301213c810b?s=96&d=mm&r=g\",\"contentUrl\":\"https:\\\/\\\/secure.gravatar.com\\\/avatar\\\/5964256d6c6957de3a3505278957e0fb2a35119ac47ea41827a65301213c810b?s=96&d=mm&r=g\",\"caption\":\"Jacqueline ROTEN\"}}]}<\/script>\n<!-- \/ Yoast SEO plugin. -->","yoast_head_json":{"title":"The Wolf and the Lamb - Live at the Shakh - Institut Europ\u00e9en des Musiques Juives","robots":{"index":"index","follow":"follow","max-snippet":"max-snippet:-1","max-image-preview":"max-image-preview:large","max-video-preview":"max-video-preview:-1"},"canonical":"https:\/\/www.iemj.org\/it\/the-wolf-and-the-lamb\/","og_locale":"it_IT","og_type":"article","og_title":"The Wolf and the Lamb - Live at the Shakh - Institut Europ\u00e9en des Musiques Juives","og_description":"&#8220;The Wolf and the Lamb&#8221;, un album della leggenda klezmer Yale Strom, accompagnato dal suo gruppo Hot Pstromi, \u00e8 stato registrato nella sinagoga magnificamente restaurata di Holesov, nella Repubblica Ceca.","og_url":"https:\/\/www.iemj.org\/it\/the-wolf-and-the-lamb\/","og_site_name":"Institut Europ\u00e9en des Musiques Juives","article_publisher":"https:\/\/www.facebook.com\/MusiquesJuives\/","article_published_time":"2023-11-08T15:14:13+00:00","article_modified_time":"2025-10-19T15:28:51+00:00","og_image":[{"width":500,"height":500,"url":"https:\/\/www.iemj.org\/wp-content\/uploads\/2023\/11\/COUV-CD.jpg","type":"image\/jpeg"}],"author":"Jacqueline ROTEN","twitter_card":"summary_large_image","twitter_misc":{"Scritto da":"Jacqueline ROTEN","Tempo di lettura stimato":"3 minuti"},"schema":{"@context":"https:\/\/schema.org","@graph":[{"@type":"Article","@id":"https:\/\/www.iemj.org\/it\/the-wolf-and-the-lamb\/#article","isPartOf":{"@id":"https:\/\/www.iemj.org\/it\/the-wolf-and-the-lamb\/"},"author":{"name":"Jacqueline ROTEN","@id":"https:\/\/www.iemj.org\/it\/#\/schema\/person\/358e26c18aca017fcc4cc15437f7279c"},"headline":"The Wolf and the Lamb &#8211; Live at the Shakh","datePublished":"2023-11-08T15:14:13+00:00","dateModified":"2025-10-19T15:28:51+00:00","mainEntityOfPage":{"@id":"https:\/\/www.iemj.org\/it\/the-wolf-and-the-lamb\/"},"wordCount":338,"publisher":{"@id":"https:\/\/www.iemj.org\/it\/#organization"},"image":{"@id":"https:\/\/www.iemj.org\/it\/the-wolf-and-the-lamb\/#primaryimage"},"thumbnailUrl":"https:\/\/www.iemj.org\/wp-content\/uploads\/2023\/11\/COUV-CD.jpg","articleSection":["CD","Ultimi acquisti"],"inLanguage":"it-IT"},{"@type":"WebPage","@id":"https:\/\/www.iemj.org\/it\/the-wolf-and-the-lamb\/","url":"https:\/\/www.iemj.org\/it\/the-wolf-and-the-lamb\/","name":"The Wolf and the Lamb - Live at the Shakh - Institut Europ\u00e9en des Musiques Juives","isPartOf":{"@id":"https:\/\/www.iemj.org\/it\/#website"},"primaryImageOfPage":{"@id":"https:\/\/www.iemj.org\/it\/the-wolf-and-the-lamb\/#primaryimage"},"image":{"@id":"https:\/\/www.iemj.org\/it\/the-wolf-and-the-lamb\/#primaryimage"},"thumbnailUrl":"https:\/\/www.iemj.org\/wp-content\/uploads\/2023\/11\/COUV-CD.jpg","datePublished":"2023-11-08T15:14:13+00:00","dateModified":"2025-10-19T15:28:51+00:00","breadcrumb":{"@id":"https:\/\/www.iemj.org\/it\/the-wolf-and-the-lamb\/#breadcrumb"},"inLanguage":"it-IT","potentialAction":[{"@type":"ReadAction","target":["https:\/\/www.iemj.org\/it\/the-wolf-and-the-lamb\/"]}]},{"@type":"ImageObject","inLanguage":"it-IT","@id":"https:\/\/www.iemj.org\/it\/the-wolf-and-the-lamb\/#primaryimage","url":"https:\/\/www.iemj.org\/wp-content\/uploads\/2023\/11\/COUV-CD.jpg","contentUrl":"https:\/\/www.iemj.org\/wp-content\/uploads\/2023\/11\/COUV-CD.jpg","width":500,"height":500},{"@type":"BreadcrumbList","@id":"https:\/\/www.iemj.org\/it\/the-wolf-and-the-lamb\/#breadcrumb","itemListElement":[{"@type":"ListItem","position":1,"name":"Accueil","item":"https:\/\/www.iemj.org\/it\/"},{"@type":"ListItem","position":2,"name":"The Wolf and the Lamb &#8211; Live at the Shakh"}]},{"@type":"WebSite","@id":"https:\/\/www.iemj.org\/it\/#website","url":"https:\/\/www.iemj.org\/it\/","name":"Institut Europ\u00e9en des Musiques Juives","description":"Des traditions musicales \u00e0 la port\u00e9e de tous","publisher":{"@id":"https:\/\/www.iemj.org\/it\/#organization"},"potentialAction":[{"@type":"SearchAction","target":{"@type":"EntryPoint","urlTemplate":"https:\/\/www.iemj.org\/it\/?s={search_term_string}"},"query-input":{"@type":"PropertyValueSpecification","valueRequired":true,"valueName":"search_term_string"}}],"inLanguage":"it-IT"},{"@type":"Organization","@id":"https:\/\/www.iemj.org\/it\/#organization","name":"Institut Europ\u00e9en des Musiques Juives","url":"https:\/\/www.iemj.org\/it\/","logo":{"@type":"ImageObject","inLanguage":"it-IT","@id":"https:\/\/www.iemj.org\/it\/#\/schema\/logo\/image\/","url":"https:\/\/www.iemj.org\/wp-content\/uploads\/2021\/09\/Logo-IEMJ-Paypal.jpg","contentUrl":"https:\/\/www.iemj.org\/wp-content\/uploads\/2021\/09\/Logo-IEMJ-Paypal.jpg","width":150,"height":50,"caption":"Institut Europ\u00e9en des Musiques Juives"},"image":{"@id":"https:\/\/www.iemj.org\/it\/#\/schema\/logo\/image\/"},"sameAs":["https:\/\/www.facebook.com\/MusiquesJuives\/","https:\/\/www.instagram.com\/musiquesjuives\/","https:\/\/www.youtube.com\/user\/musiquesjuives"]},{"@type":"Person","@id":"https:\/\/www.iemj.org\/it\/#\/schema\/person\/358e26c18aca017fcc4cc15437f7279c","name":"Jacqueline ROTEN","image":{"@type":"ImageObject","inLanguage":"it-IT","@id":"https:\/\/secure.gravatar.com\/avatar\/5964256d6c6957de3a3505278957e0fb2a35119ac47ea41827a65301213c810b?s=96&d=mm&r=g","url":"https:\/\/secure.gravatar.com\/avatar\/5964256d6c6957de3a3505278957e0fb2a35119ac47ea41827a65301213c810b?s=96&d=mm&r=g","contentUrl":"https:\/\/secure.gravatar.com\/avatar\/5964256d6c6957de3a3505278957e0fb2a35119ac47ea41827a65301213c810b?s=96&d=mm&r=g","caption":"Jacqueline ROTEN"}}]}},"_links":{"self":[{"href":"https:\/\/www.iemj.org\/it\/wp-json\/wp\/v2\/posts\/105253","targetHints":{"allow":["GET"]}}],"collection":[{"href":"https:\/\/www.iemj.org\/it\/wp-json\/wp\/v2\/posts"}],"about":[{"href":"https:\/\/www.iemj.org\/it\/wp-json\/wp\/v2\/types\/post"}],"author":[{"embeddable":true,"href":"https:\/\/www.iemj.org\/it\/wp-json\/wp\/v2\/users\/5"}],"replies":[{"embeddable":true,"href":"https:\/\/www.iemj.org\/it\/wp-json\/wp\/v2\/comments?post=105253"}],"version-history":[{"count":1,"href":"https:\/\/www.iemj.org\/it\/wp-json\/wp\/v2\/posts\/105253\/revisions"}],"predecessor-version":[{"id":127165,"href":"https:\/\/www.iemj.org\/it\/wp-json\/wp\/v2\/posts\/105253\/revisions\/127165"}],"wp:featuredmedia":[{"embeddable":true,"href":"https:\/\/www.iemj.org\/it\/wp-json\/wp\/v2\/media\/105196"}],"wp:attachment":[{"href":"https:\/\/www.iemj.org\/it\/wp-json\/wp\/v2\/media?parent=105253"}],"wp:term":[{"taxonomy":"category","embeddable":true,"href":"https:\/\/www.iemj.org\/it\/wp-json\/wp\/v2\/categories?post=105253"},{"taxonomy":"post_tag","embeddable":true,"href":"https:\/\/www.iemj.org\/it\/wp-json\/wp\/v2\/tags?post=105253"},{"taxonomy":"technique","embeddable":true,"href":"https:\/\/www.iemj.org\/it\/wp-json\/wp\/v2\/technique?post=105253"},{"taxonomy":"squelettes","embeddable":true,"href":"https:\/\/www.iemj.org\/it\/wp-json\/wp\/v2\/squelettes?post=105253"},{"taxonomy":"sujet","embeddable":true,"href":"https:\/\/www.iemj.org\/it\/wp-json\/wp\/v2\/sujet?post=105253"},{"taxonomy":"formation","embeddable":true,"href":"https:\/\/www.iemj.org\/it\/wp-json\/wp\/v2\/formation?post=105253"},{"taxonomy":"genre","embeddable":true,"href":"https:\/\/www.iemj.org\/it\/wp-json\/wp\/v2\/genre?post=105253"},{"taxonomy":"fonds","embeddable":true,"href":"https:\/\/www.iemj.org\/it\/wp-json\/wp\/v2\/fonds?post=105253"},{"taxonomy":"tradition","embeddable":true,"href":"https:\/\/www.iemj.org\/it\/wp-json\/wp\/v2\/tradition?post=105253"},{"taxonomy":"type-de-contenu","embeddable":true,"href":"https:\/\/www.iemj.org\/it\/wp-json\/wp\/v2\/type-de-contenu?post=105253"},{"taxonomy":"interprete-compositeur","embeddable":true,"href":"https:\/\/www.iemj.org\/it\/wp-json\/wp\/v2\/interprete-compositeur?post=105253"},{"taxonomy":"frise","embeddable":true,"href":"https:\/\/www.iemj.org\/it\/wp-json\/wp\/v2\/frise?post=105253"},{"taxonomy":"type-devenement","embeddable":true,"href":"https:\/\/www.iemj.org\/it\/wp-json\/wp\/v2\/type-devenement?post=105253"},{"taxonomy":"tableaux-liens-externes","embeddable":true,"href":"https:\/\/www.iemj.org\/it\/wp-json\/wp\/v2\/tableaux-liens-externes?post=105253"}],"curies":[{"name":"wp","href":"https:\/\/api.w.org\/{rel}","templated":true}]}}