{"id":105337,"date":"2020-06-01T12:23:21","date_gmt":"2020-06-01T10:23:21","guid":{"rendered":"https:\/\/www.iemj.org\/yahad-project-tous-ensemble\/"},"modified":"2023-11-13T16:28:30","modified_gmt":"2023-11-13T15:28:30","slug":"yahad-project-tous-ensemble","status":"publish","type":"post","link":"https:\/\/www.iemj.org\/it\/yahad-project-tous-ensemble\/","title":{"rendered":"YAHAD Project &#8211; Tous ensemble"},"content":{"rendered":"<p><strong>Il progetto Yahad \u00e8 nato durante il periodo di confinamento (17 marzo-11 maggio 2020) decretato dal governo francese in seguito all&#8217;epidemia COVID-19<\/strong><\/p>\n<p><span style=\"font-size: inherit;\">\u00c8 nato da un&#8217;idea del produttore Dan Leclaire e di <\/span><a style=\"font-size: inherit;\" href=\"https:\/\/www.iemj.org\/it\/sabo-hector\/\">Hector Sabo<\/a><span style=\"font-size: inherit;\">, direttore musicale degli ensemble <\/span><em style=\"font-size: inherit;\">La Truite Lyrique<\/em><span style=\"font-size: inherit;\"> t <\/span><em style=\"font-size: inherit;\">Les Polyphonies H\u00e9bra\u00efques de Strasbourg<\/em><span style=\"font-size: inherit;\">. Hector Sabo ha adattato per coro, pianoforte, violino, viola e flauto la prima strofa del Salmo 133: <\/span><em style=\"font-size: inherit;\">Hine ma tov ouma nayim chevet ahim gam <strong>yahad<\/strong> <\/em><span style=\"font-size: inherit;\"> (Quanto \u00e8 bello e piacevole per i fratelli stare <strong>insieme<\/strong><\/span><span style=\"font-size: inherit;\">), seguita da due versioni di <\/span><em style=\"font-size: inherit;\">Osse chalom<\/em><span style=\"font-size: inherit;\"> (Colui che stabilisce la pace), la prima sulla melodia di una famosa canzone israeliana, la seconda sulla melodia del <\/span><em style=\"font-size: inherit;\">Kaddich<\/em><span style=\"font-size: inherit;\"> a 5 voci di <\/span><a style=\"font-size: inherit;\" href=\"https:\/\/www.iemj.org\/it\/rossi-salomone-vers-1570-vers-1630\/\">Salomone Rossi<\/a><span style=\"font-size: inherit;\"> (Mantova, 1570-1630).<\/span><\/p>\n<p>Il video, pubblicato sul canale <a href=\"https:\/\/www.youtube.com\/channel\/UCsFcntnmEI5A2w1F9VZ7ssw\" target=\"_blank\" rel=\"noopener\">YouTube di Radio Juda\u00efca Strasburgo<\/a>, \u00e8 un inno alla vita ed al piacere di stare insieme attraverso la musica.<\/p>\n<p>Il mix \u00e8 stato prodotto dallo Studio Kawati e le immagini da Gabriel Goubet, con il coordinamento di Sol\u00e8ne Picard.<\/p>\n<p><a href=\"https:\/\/www.youtube.com\/channel\/UCsFcntnmEI5A2w1F9VZ7ssw\" target=\"_blank\" rel=\"noopener\">Per saperne di pi\u00f9 su Hector Sabo<\/a><br \/><a href=\"https:\/\/www.iemj.org\/it\/jacques-offenbach-et-ses-proches-de-la-synagogue-a-lopera\/\" target=\"_blank\" rel=\"noopener\">Per saperne di pi\u00f9 sul CD Jacques Offenbach et ses proches, eseguito da La Truite Lyrique diretta da Hector Sabo<\/a><\/p>\n\n\n<figure class=\"wp-block-embed is-type-video is-provider-youtube wp-block-embed-youtube wp-embed-aspect-16-9 wp-has-aspect-ratio\"><div class=\"wp-block-embed__wrapper\">\n<iframe title=\"YAHAD PROJECT Hine Matov Osse Chalom\" width=\"640\" height=\"360\" src=\"https:\/\/www.youtube.com\/embed\/-6DpVeq_fWQ?feature=oembed\" frameborder=\"0\" allow=\"accelerometer; autoplay; clipboard-write; encrypted-media; gyroscope; picture-in-picture; web-share\" referrerpolicy=\"strict-origin-when-cross-origin\" allowfullscreen><\/iframe>\n<\/div><\/figure>\n","protected":false},"excerpt":{"rendered":"<p>Il progetto Yahad \u00e8 nato durante il periodo di confinamento (17 marzo-11 maggio 2020) decretato dal governo francese in seguito all&#8217;epidemia COVID-19 \u00c8 nato da un&#8217;idea del produttore Dan Leclaire<\/p>\n","protected":false},"author":1045,"featured_media":105338,"comment_status":"closed","ping_status":"closed","sticky":false,"template":"","format":"standard","meta":{"_acf_changed":false,"footnotes":""},"categories":[1531],"tags":[],"technique":[],"squelettes":[],"sujet":[],"formation":[],"genre":[],"fonds":[],"tradition":[],"type-de-contenu":[],"interprete-compositeur":[],"frise":[],"type-devenement":[],"tableaux-liens-externes":[],"class_list":["post-105337","post","type-post","status-publish","format-standard","has-post-thumbnail","hentry","category-programmi-tv-video-it"],"acf":[],"yoast_head":"<!-- This site is optimized with the Yoast SEO plugin v27.3 - https:\/\/yoast.com\/product\/yoast-seo-wordpress\/ -->\n<title>YAHAD Project - Tous ensemble - Institut Europ\u00e9en des Musiques Juives<\/title>\n<meta name=\"robots\" content=\"index, follow, max-snippet:-1, max-image-preview:large, max-video-preview:-1\" \/>\n<link rel=\"canonical\" href=\"https:\/\/www.iemj.org\/it\/yahad-project-tous-ensemble\/\" \/>\n<meta property=\"og:locale\" content=\"it_IT\" \/>\n<meta property=\"og:type\" content=\"article\" \/>\n<meta property=\"og:title\" content=\"YAHAD Project - Tous ensemble - Institut Europ\u00e9en des Musiques Juives\" \/>\n<meta property=\"og:description\" content=\"Il progetto Yahad \u00e8 nato durante il periodo di confinamento (17 marzo-11 maggio 2020) decretato dal governo francese in seguito all&#8217;epidemia COVID-19 \u00c8 nato da un&#8217;idea del produttore Dan Leclaire\" \/>\n<meta property=\"og:url\" content=\"https:\/\/www.iemj.org\/it\/yahad-project-tous-ensemble\/\" \/>\n<meta property=\"og:site_name\" content=\"Institut Europ\u00e9en des Musiques Juives\" \/>\n<meta property=\"article:publisher\" content=\"https:\/\/www.facebook.com\/MusiquesJuives\/\" \/>\n<meta property=\"article:published_time\" content=\"2020-06-01T10:23:21+00:00\" \/>\n<meta property=\"article:modified_time\" content=\"2023-11-13T15:28:30+00:00\" \/>\n<meta property=\"og:image\" content=\"https:\/\/www.iemj.org\/wp-content\/uploads\/2020\/06\/arton4765-e1617276436950.jpg\" \/>\n\t<meta property=\"og:image:width\" content=\"350\" \/>\n\t<meta property=\"og:image:height\" content=\"355\" \/>\n\t<meta property=\"og:image:type\" content=\"image\/jpeg\" \/>\n<meta name=\"author\" content=\"Herv\u00e9 Roten\" \/>\n<meta name=\"twitter:card\" content=\"summary_large_image\" \/>\n<meta name=\"twitter:label1\" content=\"Scritto da\" \/>\n\t<meta name=\"twitter:data1\" content=\"Herv\u00e9 Roten\" \/>\n\t<meta name=\"twitter:label2\" content=\"Tempo di lettura stimato\" \/>\n\t<meta name=\"twitter:data2\" content=\"1 minuto\" \/>\n<script type=\"application\/ld+json\" class=\"yoast-schema-graph\">{\"@context\":\"https:\\\/\\\/schema.org\",\"@graph\":[{\"@type\":\"Article\",\"@id\":\"https:\\\/\\\/www.iemj.org\\\/it\\\/yahad-project-tous-ensemble\\\/#article\",\"isPartOf\":{\"@id\":\"https:\\\/\\\/www.iemj.org\\\/it\\\/yahad-project-tous-ensemble\\\/\"},\"author\":{\"name\":\"Herv\u00e9 Roten\",\"@id\":\"https:\\\/\\\/www.iemj.org\\\/it\\\/#\\\/schema\\\/person\\\/906134402c29d5c76e7b726261dd4bbd\"},\"headline\":\"YAHAD Project &#8211; Tous ensemble\",\"datePublished\":\"2020-06-01T10:23:21+00:00\",\"dateModified\":\"2023-11-13T15:28:30+00:00\",\"mainEntityOfPage\":{\"@id\":\"https:\\\/\\\/www.iemj.org\\\/it\\\/yahad-project-tous-ensemble\\\/\"},\"wordCount\":197,\"publisher\":{\"@id\":\"https:\\\/\\\/www.iemj.org\\\/it\\\/#organization\"},\"image\":{\"@id\":\"https:\\\/\\\/www.iemj.org\\\/it\\\/yahad-project-tous-ensemble\\\/#primaryimage\"},\"thumbnailUrl\":\"https:\\\/\\\/www.iemj.org\\\/wp-content\\\/uploads\\\/2020\\\/06\\\/arton4765-e1617276436950.jpg\",\"articleSection\":[\"Programmi TV \\\/ Video\"],\"inLanguage\":\"it-IT\"},{\"@type\":\"WebPage\",\"@id\":\"https:\\\/\\\/www.iemj.org\\\/it\\\/yahad-project-tous-ensemble\\\/\",\"url\":\"https:\\\/\\\/www.iemj.org\\\/it\\\/yahad-project-tous-ensemble\\\/\",\"name\":\"YAHAD Project - Tous ensemble - Institut Europ\u00e9en des Musiques Juives\",\"isPartOf\":{\"@id\":\"https:\\\/\\\/www.iemj.org\\\/it\\\/#website\"},\"primaryImageOfPage\":{\"@id\":\"https:\\\/\\\/www.iemj.org\\\/it\\\/yahad-project-tous-ensemble\\\/#primaryimage\"},\"image\":{\"@id\":\"https:\\\/\\\/www.iemj.org\\\/it\\\/yahad-project-tous-ensemble\\\/#primaryimage\"},\"thumbnailUrl\":\"https:\\\/\\\/www.iemj.org\\\/wp-content\\\/uploads\\\/2020\\\/06\\\/arton4765-e1617276436950.jpg\",\"datePublished\":\"2020-06-01T10:23:21+00:00\",\"dateModified\":\"2023-11-13T15:28:30+00:00\",\"breadcrumb\":{\"@id\":\"https:\\\/\\\/www.iemj.org\\\/it\\\/yahad-project-tous-ensemble\\\/#breadcrumb\"},\"inLanguage\":\"it-IT\",\"potentialAction\":[{\"@type\":\"ReadAction\",\"target\":[\"https:\\\/\\\/www.iemj.org\\\/it\\\/yahad-project-tous-ensemble\\\/\"]}]},{\"@type\":\"ImageObject\",\"inLanguage\":\"it-IT\",\"@id\":\"https:\\\/\\\/www.iemj.org\\\/it\\\/yahad-project-tous-ensemble\\\/#primaryimage\",\"url\":\"https:\\\/\\\/www.iemj.org\\\/wp-content\\\/uploads\\\/2020\\\/06\\\/arton4765-e1617276436950.jpg\",\"contentUrl\":\"https:\\\/\\\/www.iemj.org\\\/wp-content\\\/uploads\\\/2020\\\/06\\\/arton4765-e1617276436950.jpg\",\"width\":350,\"height\":355},{\"@type\":\"BreadcrumbList\",\"@id\":\"https:\\\/\\\/www.iemj.org\\\/it\\\/yahad-project-tous-ensemble\\\/#breadcrumb\",\"itemListElement\":[{\"@type\":\"ListItem\",\"position\":1,\"name\":\"Accueil\",\"item\":\"https:\\\/\\\/www.iemj.org\\\/it\\\/\"},{\"@type\":\"ListItem\",\"position\":2,\"name\":\"YAHAD Project &#8211; Tous ensemble\"}]},{\"@type\":\"WebSite\",\"@id\":\"https:\\\/\\\/www.iemj.org\\\/it\\\/#website\",\"url\":\"https:\\\/\\\/www.iemj.org\\\/it\\\/\",\"name\":\"Institut Europ\u00e9en des Musiques Juives\",\"description\":\"Des traditions musicales \u00e0 la port\u00e9e de tous\",\"publisher\":{\"@id\":\"https:\\\/\\\/www.iemj.org\\\/it\\\/#organization\"},\"potentialAction\":[{\"@type\":\"SearchAction\",\"target\":{\"@type\":\"EntryPoint\",\"urlTemplate\":\"https:\\\/\\\/www.iemj.org\\\/it\\\/?s={search_term_string}\"},\"query-input\":{\"@type\":\"PropertyValueSpecification\",\"valueRequired\":true,\"valueName\":\"search_term_string\"}}],\"inLanguage\":\"it-IT\"},{\"@type\":\"Organization\",\"@id\":\"https:\\\/\\\/www.iemj.org\\\/it\\\/#organization\",\"name\":\"Institut Europ\u00e9en des Musiques Juives\",\"url\":\"https:\\\/\\\/www.iemj.org\\\/it\\\/\",\"logo\":{\"@type\":\"ImageObject\",\"inLanguage\":\"it-IT\",\"@id\":\"https:\\\/\\\/www.iemj.org\\\/it\\\/#\\\/schema\\\/logo\\\/image\\\/\",\"url\":\"https:\\\/\\\/www.iemj.org\\\/wp-content\\\/uploads\\\/2021\\\/09\\\/Logo-IEMJ-Paypal.jpg\",\"contentUrl\":\"https:\\\/\\\/www.iemj.org\\\/wp-content\\\/uploads\\\/2021\\\/09\\\/Logo-IEMJ-Paypal.jpg\",\"width\":150,\"height\":50,\"caption\":\"Institut Europ\u00e9en des Musiques Juives\"},\"image\":{\"@id\":\"https:\\\/\\\/www.iemj.org\\\/it\\\/#\\\/schema\\\/logo\\\/image\\\/\"},\"sameAs\":[\"https:\\\/\\\/www.facebook.com\\\/MusiquesJuives\\\/\",\"https:\\\/\\\/www.instagram.com\\\/musiquesjuives\\\/\",\"https:\\\/\\\/www.youtube.com\\\/user\\\/musiquesjuives\"]},{\"@type\":\"Person\",\"@id\":\"https:\\\/\\\/www.iemj.org\\\/it\\\/#\\\/schema\\\/person\\\/906134402c29d5c76e7b726261dd4bbd\",\"name\":\"Herv\u00e9 Roten\",\"image\":{\"@type\":\"ImageObject\",\"inLanguage\":\"it-IT\",\"@id\":\"https:\\\/\\\/secure.gravatar.com\\\/avatar\\\/f96ad2db538a26481f18384936b5cd0610c92d390c4dc382209216d455f685ff?s=96&d=mm&r=g\",\"url\":\"https:\\\/\\\/secure.gravatar.com\\\/avatar\\\/f96ad2db538a26481f18384936b5cd0610c92d390c4dc382209216d455f685ff?s=96&d=mm&r=g\",\"contentUrl\":\"https:\\\/\\\/secure.gravatar.com\\\/avatar\\\/f96ad2db538a26481f18384936b5cd0610c92d390c4dc382209216d455f685ff?s=96&d=mm&r=g\",\"caption\":\"Herv\u00e9 Roten\"}}]}<\/script>\n<!-- \/ Yoast SEO plugin. -->","yoast_head_json":{"title":"YAHAD Project - Tous ensemble - Institut Europ\u00e9en des Musiques Juives","robots":{"index":"index","follow":"follow","max-snippet":"max-snippet:-1","max-image-preview":"max-image-preview:large","max-video-preview":"max-video-preview:-1"},"canonical":"https:\/\/www.iemj.org\/it\/yahad-project-tous-ensemble\/","og_locale":"it_IT","og_type":"article","og_title":"YAHAD Project - Tous ensemble - Institut Europ\u00e9en des Musiques Juives","og_description":"Il progetto Yahad \u00e8 nato durante il periodo di confinamento (17 marzo-11 maggio 2020) decretato dal governo francese in seguito all&#8217;epidemia COVID-19 \u00c8 nato da un&#8217;idea del produttore Dan Leclaire","og_url":"https:\/\/www.iemj.org\/it\/yahad-project-tous-ensemble\/","og_site_name":"Institut Europ\u00e9en des Musiques Juives","article_publisher":"https:\/\/www.facebook.com\/MusiquesJuives\/","article_published_time":"2020-06-01T10:23:21+00:00","article_modified_time":"2023-11-13T15:28:30+00:00","og_image":[{"width":350,"height":355,"url":"https:\/\/www.iemj.org\/wp-content\/uploads\/2020\/06\/arton4765-e1617276436950.jpg","type":"image\/jpeg"}],"author":"Herv\u00e9 Roten","twitter_card":"summary_large_image","twitter_misc":{"Scritto da":"Herv\u00e9 Roten","Tempo di lettura stimato":"1 minuto"},"schema":{"@context":"https:\/\/schema.org","@graph":[{"@type":"Article","@id":"https:\/\/www.iemj.org\/it\/yahad-project-tous-ensemble\/#article","isPartOf":{"@id":"https:\/\/www.iemj.org\/it\/yahad-project-tous-ensemble\/"},"author":{"name":"Herv\u00e9 Roten","@id":"https:\/\/www.iemj.org\/it\/#\/schema\/person\/906134402c29d5c76e7b726261dd4bbd"},"headline":"YAHAD Project &#8211; Tous ensemble","datePublished":"2020-06-01T10:23:21+00:00","dateModified":"2023-11-13T15:28:30+00:00","mainEntityOfPage":{"@id":"https:\/\/www.iemj.org\/it\/yahad-project-tous-ensemble\/"},"wordCount":197,"publisher":{"@id":"https:\/\/www.iemj.org\/it\/#organization"},"image":{"@id":"https:\/\/www.iemj.org\/it\/yahad-project-tous-ensemble\/#primaryimage"},"thumbnailUrl":"https:\/\/www.iemj.org\/wp-content\/uploads\/2020\/06\/arton4765-e1617276436950.jpg","articleSection":["Programmi TV \/ Video"],"inLanguage":"it-IT"},{"@type":"WebPage","@id":"https:\/\/www.iemj.org\/it\/yahad-project-tous-ensemble\/","url":"https:\/\/www.iemj.org\/it\/yahad-project-tous-ensemble\/","name":"YAHAD Project - Tous ensemble - Institut Europ\u00e9en des Musiques Juives","isPartOf":{"@id":"https:\/\/www.iemj.org\/it\/#website"},"primaryImageOfPage":{"@id":"https:\/\/www.iemj.org\/it\/yahad-project-tous-ensemble\/#primaryimage"},"image":{"@id":"https:\/\/www.iemj.org\/it\/yahad-project-tous-ensemble\/#primaryimage"},"thumbnailUrl":"https:\/\/www.iemj.org\/wp-content\/uploads\/2020\/06\/arton4765-e1617276436950.jpg","datePublished":"2020-06-01T10:23:21+00:00","dateModified":"2023-11-13T15:28:30+00:00","breadcrumb":{"@id":"https:\/\/www.iemj.org\/it\/yahad-project-tous-ensemble\/#breadcrumb"},"inLanguage":"it-IT","potentialAction":[{"@type":"ReadAction","target":["https:\/\/www.iemj.org\/it\/yahad-project-tous-ensemble\/"]}]},{"@type":"ImageObject","inLanguage":"it-IT","@id":"https:\/\/www.iemj.org\/it\/yahad-project-tous-ensemble\/#primaryimage","url":"https:\/\/www.iemj.org\/wp-content\/uploads\/2020\/06\/arton4765-e1617276436950.jpg","contentUrl":"https:\/\/www.iemj.org\/wp-content\/uploads\/2020\/06\/arton4765-e1617276436950.jpg","width":350,"height":355},{"@type":"BreadcrumbList","@id":"https:\/\/www.iemj.org\/it\/yahad-project-tous-ensemble\/#breadcrumb","itemListElement":[{"@type":"ListItem","position":1,"name":"Accueil","item":"https:\/\/www.iemj.org\/it\/"},{"@type":"ListItem","position":2,"name":"YAHAD Project &#8211; Tous ensemble"}]},{"@type":"WebSite","@id":"https:\/\/www.iemj.org\/it\/#website","url":"https:\/\/www.iemj.org\/it\/","name":"Institut Europ\u00e9en des Musiques Juives","description":"Des traditions musicales \u00e0 la port\u00e9e de tous","publisher":{"@id":"https:\/\/www.iemj.org\/it\/#organization"},"potentialAction":[{"@type":"SearchAction","target":{"@type":"EntryPoint","urlTemplate":"https:\/\/www.iemj.org\/it\/?s={search_term_string}"},"query-input":{"@type":"PropertyValueSpecification","valueRequired":true,"valueName":"search_term_string"}}],"inLanguage":"it-IT"},{"@type":"Organization","@id":"https:\/\/www.iemj.org\/it\/#organization","name":"Institut Europ\u00e9en des Musiques Juives","url":"https:\/\/www.iemj.org\/it\/","logo":{"@type":"ImageObject","inLanguage":"it-IT","@id":"https:\/\/www.iemj.org\/it\/#\/schema\/logo\/image\/","url":"https:\/\/www.iemj.org\/wp-content\/uploads\/2021\/09\/Logo-IEMJ-Paypal.jpg","contentUrl":"https:\/\/www.iemj.org\/wp-content\/uploads\/2021\/09\/Logo-IEMJ-Paypal.jpg","width":150,"height":50,"caption":"Institut Europ\u00e9en des Musiques Juives"},"image":{"@id":"https:\/\/www.iemj.org\/it\/#\/schema\/logo\/image\/"},"sameAs":["https:\/\/www.facebook.com\/MusiquesJuives\/","https:\/\/www.instagram.com\/musiquesjuives\/","https:\/\/www.youtube.com\/user\/musiquesjuives"]},{"@type":"Person","@id":"https:\/\/www.iemj.org\/it\/#\/schema\/person\/906134402c29d5c76e7b726261dd4bbd","name":"Herv\u00e9 Roten","image":{"@type":"ImageObject","inLanguage":"it-IT","@id":"https:\/\/secure.gravatar.com\/avatar\/f96ad2db538a26481f18384936b5cd0610c92d390c4dc382209216d455f685ff?s=96&d=mm&r=g","url":"https:\/\/secure.gravatar.com\/avatar\/f96ad2db538a26481f18384936b5cd0610c92d390c4dc382209216d455f685ff?s=96&d=mm&r=g","contentUrl":"https:\/\/secure.gravatar.com\/avatar\/f96ad2db538a26481f18384936b5cd0610c92d390c4dc382209216d455f685ff?s=96&d=mm&r=g","caption":"Herv\u00e9 Roten"}}]}},"_links":{"self":[{"href":"https:\/\/www.iemj.org\/it\/wp-json\/wp\/v2\/posts\/105337","targetHints":{"allow":["GET"]}}],"collection":[{"href":"https:\/\/www.iemj.org\/it\/wp-json\/wp\/v2\/posts"}],"about":[{"href":"https:\/\/www.iemj.org\/it\/wp-json\/wp\/v2\/types\/post"}],"author":[{"embeddable":true,"href":"https:\/\/www.iemj.org\/it\/wp-json\/wp\/v2\/users\/1045"}],"replies":[{"embeddable":true,"href":"https:\/\/www.iemj.org\/it\/wp-json\/wp\/v2\/comments?post=105337"}],"version-history":[{"count":0,"href":"https:\/\/www.iemj.org\/it\/wp-json\/wp\/v2\/posts\/105337\/revisions"}],"wp:featuredmedia":[{"embeddable":true,"href":"https:\/\/www.iemj.org\/it\/wp-json\/wp\/v2\/media\/105338"}],"wp:attachment":[{"href":"https:\/\/www.iemj.org\/it\/wp-json\/wp\/v2\/media?parent=105337"}],"wp:term":[{"taxonomy":"category","embeddable":true,"href":"https:\/\/www.iemj.org\/it\/wp-json\/wp\/v2\/categories?post=105337"},{"taxonomy":"post_tag","embeddable":true,"href":"https:\/\/www.iemj.org\/it\/wp-json\/wp\/v2\/tags?post=105337"},{"taxonomy":"technique","embeddable":true,"href":"https:\/\/www.iemj.org\/it\/wp-json\/wp\/v2\/technique?post=105337"},{"taxonomy":"squelettes","embeddable":true,"href":"https:\/\/www.iemj.org\/it\/wp-json\/wp\/v2\/squelettes?post=105337"},{"taxonomy":"sujet","embeddable":true,"href":"https:\/\/www.iemj.org\/it\/wp-json\/wp\/v2\/sujet?post=105337"},{"taxonomy":"formation","embeddable":true,"href":"https:\/\/www.iemj.org\/it\/wp-json\/wp\/v2\/formation?post=105337"},{"taxonomy":"genre","embeddable":true,"href":"https:\/\/www.iemj.org\/it\/wp-json\/wp\/v2\/genre?post=105337"},{"taxonomy":"fonds","embeddable":true,"href":"https:\/\/www.iemj.org\/it\/wp-json\/wp\/v2\/fonds?post=105337"},{"taxonomy":"tradition","embeddable":true,"href":"https:\/\/www.iemj.org\/it\/wp-json\/wp\/v2\/tradition?post=105337"},{"taxonomy":"type-de-contenu","embeddable":true,"href":"https:\/\/www.iemj.org\/it\/wp-json\/wp\/v2\/type-de-contenu?post=105337"},{"taxonomy":"interprete-compositeur","embeddable":true,"href":"https:\/\/www.iemj.org\/it\/wp-json\/wp\/v2\/interprete-compositeur?post=105337"},{"taxonomy":"frise","embeddable":true,"href":"https:\/\/www.iemj.org\/it\/wp-json\/wp\/v2\/frise?post=105337"},{"taxonomy":"type-devenement","embeddable":true,"href":"https:\/\/www.iemj.org\/it\/wp-json\/wp\/v2\/type-devenement?post=105337"},{"taxonomy":"tableaux-liens-externes","embeddable":true,"href":"https:\/\/www.iemj.org\/it\/wp-json\/wp\/v2\/tableaux-liens-externes?post=105337"}],"curies":[{"name":"wp","href":"https:\/\/api.w.org\/{rel}","templated":true}]}}