{"id":105352,"date":"2019-02-13T12:07:21","date_gmt":"2019-02-13T11:07:21","guid":{"rendered":"https:\/\/www.iemj.org\/la-source-de-vie-memoire-de-nancy\/"},"modified":"2026-02-24T10:09:37","modified_gmt":"2026-02-24T09:09:37","slug":"la-source-de-vie-memoire-de-nancy","status":"publish","type":"post","link":"https:\/\/www.iemj.org\/it\/la-source-de-vie-memoire-de-nancy\/","title":{"rendered":"La source de vie : M\u00e9moire de Nancy"},"content":{"rendered":"<p><strong>Un programma di <a href=\"https:\/\/en.wikipedia.org\/wiki\/Josy_Eisenberg\" target=\"_blank\" rel=\"noopener\">Josy Eisenberg<\/a>, prodotto da Pascale Kenigsberg-Cahen, con il sostegno del Consistoire Central e della Fondation Lucien L\u00e9vy. Con la partecipazione di Daniel Dahan (Rabbino di Nancy e della regione) e Claude Jablon (Presidente dell&#8217;Associazione Culturale Ebraica di Nancy)<\/strong><\/p>\n<p><!--more-->Fondata ufficialmente nel 1754, la comunit\u00e0 di Nancy \u00e8 cresciuta rapidamente, accelerata dall&#8217;arrivo di alsaziani ed abitanti della Mosella in fuga dai dipartimenti annessi dalla Germania dopo il 1871. Durante la Seconda guerra mondiale, circa 900 membri della comunit\u00e0 furono sterminati dai nazisti.<br \/>Negli anni &#8217;60, l&#8217;arrivo di una sessantina di famiglie provenienti da diversi Paesi del Maghreb ha ridato vita alla comunit\u00e0. La ristrutturazione del quartiere negli anni &#8217;70 ha portato alla creazione di un nuovo centro comunitario realizzato dall&#8217;architetto Jean Prouv\u00e9.<\/p>\n<p>Questo programma di Josy Eisenberg presenta la vita culturale e religiosa della comunit\u00e0 ebraica di Nancy attraverso la storia di due importanti istituzioni: la sinagoga di Nancy e l&#8217;Associazione culturale ebraica. La sinagoga di Nancy \u00e8 teatro di un&#8217;intensa vita ebraica, scandita dal canto di grandi <em>hazzanim<\/em> come Andr\u00e9 Stora e Michel Heymann. Frutto dell&#8217;immigrazione ebraica dall&#8217;Europa centrale all&#8217;inizio del XX secolo e impregnata della memoria dei sopravvissuti al genocidio, l&#8217;<a href=\"https:\/\/acj55.fr\/\">Association Culturelle Juive (ACJ)<\/a> possiede un patrimonio materiale e simbolico di grande valore, in particolare una biblioteca yiddish e francese di oltre 1.500 opere, alcune delle quali eccezionali. La nostalgia ed i ricordi della lingua e delle canzoni yiddish sono espressi attraverso la creazione del coro <em><a href=\"https:\/\/www.iemj.org\/compagnie-yidn-blues\/\" target=\"_blank\" rel=\"noopener\">Yid&#8217;n Blues<\/a><\/em>.<\/p>\n<p>Le due istituzioni uniscono le forze ogni aprile per commemorare la <a href=\"https:\/\/it.wikipedia.org\/wiki\/Rivolta_del_ghetto_di_Varsavia\" target=\"_blank\" rel=\"noopener\">rivolta del ghetto di Varsavia<\/a><\/p>\n<p><a href=\"https:\/\/www.iemj.org\/it\/?s=%22La+source+de+vie%22&amp;search_type=main&amp;submit=Search\" target=\"_blank\" rel=\"noopener\">Vedere altri programmi di La Source de vie online sul nostro sito web en ligne sur notre site<\/a><\/p>\n\n\n<figure class=\"wp-block-video\"><video height=\"576\" style=\"aspect-ratio: 720 \/ 576;\" width=\"720\" controls src=\"https:\/\/www.iemj.org\/wp-content\/uploads\/2019\/02\/sdv_memoire_de_nancy.mp4\"><\/video><figcaption class=\"wp-element-caption\"><strong>Guardare estratti di questo programma<\/strong><\/figcaption><\/figure>\n","protected":false},"excerpt":{"rendered":"<p>Un programma di Josy Eisenberg, prodotto da Pascale Kenigsberg-Cahen, con il sostegno del Consistoire Central e della Fondation Lucien L\u00e9vy. Con la partecipazione di Daniel Dahan (Rabbino di Nancy e<\/p>\n","protected":false},"author":1052,"featured_media":130856,"comment_status":"closed","ping_status":"closed","sticky":false,"template":"","format":"standard","meta":{"_acf_changed":false,"footnotes":""},"categories":[1531],"tags":[],"technique":[],"squelettes":[],"sujet":[2098],"formation":[],"genre":[],"fonds":[],"tradition":[1984],"type-de-contenu":[],"interprete-compositeur":[],"frise":[],"type-devenement":[],"tableaux-liens-externes":[],"class_list":["post-105352","post","type-post","status-publish","format-standard","has-post-thumbnail","hentry","category-programmi-tv-video-it","sujet-alsazia-lorena-it","tradition-rito-ashkenazita-it"],"acf":[],"yoast_head":"<!-- This site is optimized with the Yoast SEO plugin v27.3 - https:\/\/yoast.com\/product\/yoast-seo-wordpress\/ -->\n<title>La source de vie : M\u00e9moire de Nancy - Institut Europ\u00e9en des Musiques Juives<\/title>\n<meta name=\"robots\" content=\"index, follow, max-snippet:-1, max-image-preview:large, max-video-preview:-1\" \/>\n<link rel=\"canonical\" href=\"https:\/\/www.iemj.org\/it\/la-source-de-vie-memoire-de-nancy\/\" \/>\n<meta property=\"og:locale\" content=\"it_IT\" \/>\n<meta property=\"og:type\" content=\"article\" \/>\n<meta property=\"og:title\" content=\"La source de vie : M\u00e9moire de Nancy - Institut Europ\u00e9en des Musiques Juives\" \/>\n<meta property=\"og:description\" content=\"Un programma di Josy Eisenberg, prodotto da Pascale Kenigsberg-Cahen, con il sostegno del Consistoire Central e della Fondation Lucien L\u00e9vy. Con la partecipazione di Daniel Dahan (Rabbino di Nancy e\" \/>\n<meta property=\"og:url\" content=\"https:\/\/www.iemj.org\/it\/la-source-de-vie-memoire-de-nancy\/\" \/>\n<meta property=\"og:site_name\" content=\"Institut Europ\u00e9en des Musiques Juives\" \/>\n<meta property=\"article:publisher\" content=\"https:\/\/www.facebook.com\/MusiquesJuives\/\" \/>\n<meta property=\"article:published_time\" content=\"2019-02-13T11:07:21+00:00\" \/>\n<meta property=\"article:modified_time\" content=\"2026-02-24T09:09:37+00:00\" \/>\n<meta property=\"og:image\" content=\"https:\/\/www.iemj.org\/wp-content\/uploads\/2012\/03\/Logo-La-source-de-vie.jpg\" \/>\n\t<meta property=\"og:image:width\" content=\"500\" \/>\n\t<meta property=\"og:image:height\" content=\"500\" \/>\n\t<meta property=\"og:image:type\" content=\"image\/jpeg\" \/>\n<meta name=\"author\" content=\"Lea Couderc\" \/>\n<meta name=\"twitter:card\" content=\"summary_large_image\" \/>\n<meta name=\"twitter:label1\" content=\"Scritto da\" \/>\n\t<meta name=\"twitter:data1\" content=\"Lea Couderc\" \/>\n\t<meta name=\"twitter:label2\" content=\"Tempo di lettura stimato\" \/>\n\t<meta name=\"twitter:data2\" content=\"2 minuti\" \/>\n<script type=\"application\/ld+json\" class=\"yoast-schema-graph\">{\"@context\":\"https:\\\/\\\/schema.org\",\"@graph\":[{\"@type\":\"Article\",\"@id\":\"https:\\\/\\\/www.iemj.org\\\/it\\\/la-source-de-vie-memoire-de-nancy\\\/#article\",\"isPartOf\":{\"@id\":\"https:\\\/\\\/www.iemj.org\\\/it\\\/la-source-de-vie-memoire-de-nancy\\\/\"},\"author\":{\"name\":\"Lea Couderc\",\"@id\":\"https:\\\/\\\/www.iemj.org\\\/it\\\/#\\\/schema\\\/person\\\/e2ad57f2c4be119c7ed8ab79036807a9\"},\"headline\":\"La source de vie : M\u00e9moire de Nancy\",\"datePublished\":\"2019-02-13T11:07:21+00:00\",\"dateModified\":\"2026-02-24T09:09:37+00:00\",\"mainEntityOfPage\":{\"@id\":\"https:\\\/\\\/www.iemj.org\\\/it\\\/la-source-de-vie-memoire-de-nancy\\\/\"},\"wordCount\":293,\"publisher\":{\"@id\":\"https:\\\/\\\/www.iemj.org\\\/it\\\/#organization\"},\"image\":{\"@id\":\"https:\\\/\\\/www.iemj.org\\\/it\\\/la-source-de-vie-memoire-de-nancy\\\/#primaryimage\"},\"thumbnailUrl\":\"https:\\\/\\\/www.iemj.org\\\/wp-content\\\/uploads\\\/2012\\\/03\\\/Logo-La-source-de-vie.jpg\",\"articleSection\":[\"Programmi TV \\\/ Video\"],\"inLanguage\":\"it-IT\"},{\"@type\":\"WebPage\",\"@id\":\"https:\\\/\\\/www.iemj.org\\\/it\\\/la-source-de-vie-memoire-de-nancy\\\/\",\"url\":\"https:\\\/\\\/www.iemj.org\\\/it\\\/la-source-de-vie-memoire-de-nancy\\\/\",\"name\":\"La source de vie : M\u00e9moire de Nancy - Institut Europ\u00e9en des Musiques Juives\",\"isPartOf\":{\"@id\":\"https:\\\/\\\/www.iemj.org\\\/it\\\/#website\"},\"primaryImageOfPage\":{\"@id\":\"https:\\\/\\\/www.iemj.org\\\/it\\\/la-source-de-vie-memoire-de-nancy\\\/#primaryimage\"},\"image\":{\"@id\":\"https:\\\/\\\/www.iemj.org\\\/it\\\/la-source-de-vie-memoire-de-nancy\\\/#primaryimage\"},\"thumbnailUrl\":\"https:\\\/\\\/www.iemj.org\\\/wp-content\\\/uploads\\\/2012\\\/03\\\/Logo-La-source-de-vie.jpg\",\"datePublished\":\"2019-02-13T11:07:21+00:00\",\"dateModified\":\"2026-02-24T09:09:37+00:00\",\"breadcrumb\":{\"@id\":\"https:\\\/\\\/www.iemj.org\\\/it\\\/la-source-de-vie-memoire-de-nancy\\\/#breadcrumb\"},\"inLanguage\":\"it-IT\",\"potentialAction\":[{\"@type\":\"ReadAction\",\"target\":[\"https:\\\/\\\/www.iemj.org\\\/it\\\/la-source-de-vie-memoire-de-nancy\\\/\"]}]},{\"@type\":\"ImageObject\",\"inLanguage\":\"it-IT\",\"@id\":\"https:\\\/\\\/www.iemj.org\\\/it\\\/la-source-de-vie-memoire-de-nancy\\\/#primaryimage\",\"url\":\"https:\\\/\\\/www.iemj.org\\\/wp-content\\\/uploads\\\/2012\\\/03\\\/Logo-La-source-de-vie.jpg\",\"contentUrl\":\"https:\\\/\\\/www.iemj.org\\\/wp-content\\\/uploads\\\/2012\\\/03\\\/Logo-La-source-de-vie.jpg\",\"width\":500,\"height\":500},{\"@type\":\"BreadcrumbList\",\"@id\":\"https:\\\/\\\/www.iemj.org\\\/it\\\/la-source-de-vie-memoire-de-nancy\\\/#breadcrumb\",\"itemListElement\":[{\"@type\":\"ListItem\",\"position\":1,\"name\":\"Accueil\",\"item\":\"https:\\\/\\\/www.iemj.org\\\/it\\\/\"},{\"@type\":\"ListItem\",\"position\":2,\"name\":\"La source de vie : M\u00e9moire de Nancy\"}]},{\"@type\":\"WebSite\",\"@id\":\"https:\\\/\\\/www.iemj.org\\\/it\\\/#website\",\"url\":\"https:\\\/\\\/www.iemj.org\\\/it\\\/\",\"name\":\"Institut Europ\u00e9en des Musiques Juives\",\"description\":\"Des traditions musicales \u00e0 la port\u00e9e de tous\",\"publisher\":{\"@id\":\"https:\\\/\\\/www.iemj.org\\\/it\\\/#organization\"},\"potentialAction\":[{\"@type\":\"SearchAction\",\"target\":{\"@type\":\"EntryPoint\",\"urlTemplate\":\"https:\\\/\\\/www.iemj.org\\\/it\\\/?s={search_term_string}\"},\"query-input\":{\"@type\":\"PropertyValueSpecification\",\"valueRequired\":true,\"valueName\":\"search_term_string\"}}],\"inLanguage\":\"it-IT\"},{\"@type\":\"Organization\",\"@id\":\"https:\\\/\\\/www.iemj.org\\\/it\\\/#organization\",\"name\":\"Institut Europ\u00e9en des Musiques Juives\",\"url\":\"https:\\\/\\\/www.iemj.org\\\/it\\\/\",\"logo\":{\"@type\":\"ImageObject\",\"inLanguage\":\"it-IT\",\"@id\":\"https:\\\/\\\/www.iemj.org\\\/it\\\/#\\\/schema\\\/logo\\\/image\\\/\",\"url\":\"https:\\\/\\\/www.iemj.org\\\/wp-content\\\/uploads\\\/2021\\\/09\\\/Logo-IEMJ-Paypal.jpg\",\"contentUrl\":\"https:\\\/\\\/www.iemj.org\\\/wp-content\\\/uploads\\\/2021\\\/09\\\/Logo-IEMJ-Paypal.jpg\",\"width\":150,\"height\":50,\"caption\":\"Institut Europ\u00e9en des Musiques Juives\"},\"image\":{\"@id\":\"https:\\\/\\\/www.iemj.org\\\/it\\\/#\\\/schema\\\/logo\\\/image\\\/\"},\"sameAs\":[\"https:\\\/\\\/www.facebook.com\\\/MusiquesJuives\\\/\",\"https:\\\/\\\/www.instagram.com\\\/musiquesjuives\\\/\",\"https:\\\/\\\/www.youtube.com\\\/user\\\/musiquesjuives\"]},{\"@type\":\"Person\",\"@id\":\"https:\\\/\\\/www.iemj.org\\\/it\\\/#\\\/schema\\\/person\\\/e2ad57f2c4be119c7ed8ab79036807a9\",\"name\":\"Lea Couderc\",\"image\":{\"@type\":\"ImageObject\",\"inLanguage\":\"it-IT\",\"@id\":\"https:\\\/\\\/secure.gravatar.com\\\/avatar\\\/46ee021475d60aeff17a7e490b79dea5a5684bb392ab7fd1494027411df8ba23?s=96&d=mm&r=g\",\"url\":\"https:\\\/\\\/secure.gravatar.com\\\/avatar\\\/46ee021475d60aeff17a7e490b79dea5a5684bb392ab7fd1494027411df8ba23?s=96&d=mm&r=g\",\"contentUrl\":\"https:\\\/\\\/secure.gravatar.com\\\/avatar\\\/46ee021475d60aeff17a7e490b79dea5a5684bb392ab7fd1494027411df8ba23?s=96&d=mm&r=g\",\"caption\":\"Lea Couderc\"}}]}<\/script>\n<!-- \/ Yoast SEO plugin. -->","yoast_head_json":{"title":"La source de vie : M\u00e9moire de Nancy - Institut Europ\u00e9en des Musiques Juives","robots":{"index":"index","follow":"follow","max-snippet":"max-snippet:-1","max-image-preview":"max-image-preview:large","max-video-preview":"max-video-preview:-1"},"canonical":"https:\/\/www.iemj.org\/it\/la-source-de-vie-memoire-de-nancy\/","og_locale":"it_IT","og_type":"article","og_title":"La source de vie : M\u00e9moire de Nancy - Institut Europ\u00e9en des Musiques Juives","og_description":"Un programma di Josy Eisenberg, prodotto da Pascale Kenigsberg-Cahen, con il sostegno del Consistoire Central e della Fondation Lucien L\u00e9vy. Con la partecipazione di Daniel Dahan (Rabbino di Nancy e","og_url":"https:\/\/www.iemj.org\/it\/la-source-de-vie-memoire-de-nancy\/","og_site_name":"Institut Europ\u00e9en des Musiques Juives","article_publisher":"https:\/\/www.facebook.com\/MusiquesJuives\/","article_published_time":"2019-02-13T11:07:21+00:00","article_modified_time":"2026-02-24T09:09:37+00:00","og_image":[{"width":500,"height":500,"url":"https:\/\/www.iemj.org\/wp-content\/uploads\/2012\/03\/Logo-La-source-de-vie.jpg","type":"image\/jpeg"}],"author":"Lea Couderc","twitter_card":"summary_large_image","twitter_misc":{"Scritto da":"Lea Couderc","Tempo di lettura stimato":"2 minuti"},"schema":{"@context":"https:\/\/schema.org","@graph":[{"@type":"Article","@id":"https:\/\/www.iemj.org\/it\/la-source-de-vie-memoire-de-nancy\/#article","isPartOf":{"@id":"https:\/\/www.iemj.org\/it\/la-source-de-vie-memoire-de-nancy\/"},"author":{"name":"Lea Couderc","@id":"https:\/\/www.iemj.org\/it\/#\/schema\/person\/e2ad57f2c4be119c7ed8ab79036807a9"},"headline":"La source de vie : M\u00e9moire de Nancy","datePublished":"2019-02-13T11:07:21+00:00","dateModified":"2026-02-24T09:09:37+00:00","mainEntityOfPage":{"@id":"https:\/\/www.iemj.org\/it\/la-source-de-vie-memoire-de-nancy\/"},"wordCount":293,"publisher":{"@id":"https:\/\/www.iemj.org\/it\/#organization"},"image":{"@id":"https:\/\/www.iemj.org\/it\/la-source-de-vie-memoire-de-nancy\/#primaryimage"},"thumbnailUrl":"https:\/\/www.iemj.org\/wp-content\/uploads\/2012\/03\/Logo-La-source-de-vie.jpg","articleSection":["Programmi TV \/ Video"],"inLanguage":"it-IT"},{"@type":"WebPage","@id":"https:\/\/www.iemj.org\/it\/la-source-de-vie-memoire-de-nancy\/","url":"https:\/\/www.iemj.org\/it\/la-source-de-vie-memoire-de-nancy\/","name":"La source de vie : M\u00e9moire de Nancy - Institut Europ\u00e9en des Musiques Juives","isPartOf":{"@id":"https:\/\/www.iemj.org\/it\/#website"},"primaryImageOfPage":{"@id":"https:\/\/www.iemj.org\/it\/la-source-de-vie-memoire-de-nancy\/#primaryimage"},"image":{"@id":"https:\/\/www.iemj.org\/it\/la-source-de-vie-memoire-de-nancy\/#primaryimage"},"thumbnailUrl":"https:\/\/www.iemj.org\/wp-content\/uploads\/2012\/03\/Logo-La-source-de-vie.jpg","datePublished":"2019-02-13T11:07:21+00:00","dateModified":"2026-02-24T09:09:37+00:00","breadcrumb":{"@id":"https:\/\/www.iemj.org\/it\/la-source-de-vie-memoire-de-nancy\/#breadcrumb"},"inLanguage":"it-IT","potentialAction":[{"@type":"ReadAction","target":["https:\/\/www.iemj.org\/it\/la-source-de-vie-memoire-de-nancy\/"]}]},{"@type":"ImageObject","inLanguage":"it-IT","@id":"https:\/\/www.iemj.org\/it\/la-source-de-vie-memoire-de-nancy\/#primaryimage","url":"https:\/\/www.iemj.org\/wp-content\/uploads\/2012\/03\/Logo-La-source-de-vie.jpg","contentUrl":"https:\/\/www.iemj.org\/wp-content\/uploads\/2012\/03\/Logo-La-source-de-vie.jpg","width":500,"height":500},{"@type":"BreadcrumbList","@id":"https:\/\/www.iemj.org\/it\/la-source-de-vie-memoire-de-nancy\/#breadcrumb","itemListElement":[{"@type":"ListItem","position":1,"name":"Accueil","item":"https:\/\/www.iemj.org\/it\/"},{"@type":"ListItem","position":2,"name":"La source de vie : M\u00e9moire de Nancy"}]},{"@type":"WebSite","@id":"https:\/\/www.iemj.org\/it\/#website","url":"https:\/\/www.iemj.org\/it\/","name":"Institut Europ\u00e9en des Musiques Juives","description":"Des traditions musicales \u00e0 la port\u00e9e de tous","publisher":{"@id":"https:\/\/www.iemj.org\/it\/#organization"},"potentialAction":[{"@type":"SearchAction","target":{"@type":"EntryPoint","urlTemplate":"https:\/\/www.iemj.org\/it\/?s={search_term_string}"},"query-input":{"@type":"PropertyValueSpecification","valueRequired":true,"valueName":"search_term_string"}}],"inLanguage":"it-IT"},{"@type":"Organization","@id":"https:\/\/www.iemj.org\/it\/#organization","name":"Institut Europ\u00e9en des Musiques Juives","url":"https:\/\/www.iemj.org\/it\/","logo":{"@type":"ImageObject","inLanguage":"it-IT","@id":"https:\/\/www.iemj.org\/it\/#\/schema\/logo\/image\/","url":"https:\/\/www.iemj.org\/wp-content\/uploads\/2021\/09\/Logo-IEMJ-Paypal.jpg","contentUrl":"https:\/\/www.iemj.org\/wp-content\/uploads\/2021\/09\/Logo-IEMJ-Paypal.jpg","width":150,"height":50,"caption":"Institut Europ\u00e9en des Musiques Juives"},"image":{"@id":"https:\/\/www.iemj.org\/it\/#\/schema\/logo\/image\/"},"sameAs":["https:\/\/www.facebook.com\/MusiquesJuives\/","https:\/\/www.instagram.com\/musiquesjuives\/","https:\/\/www.youtube.com\/user\/musiquesjuives"]},{"@type":"Person","@id":"https:\/\/www.iemj.org\/it\/#\/schema\/person\/e2ad57f2c4be119c7ed8ab79036807a9","name":"Lea Couderc","image":{"@type":"ImageObject","inLanguage":"it-IT","@id":"https:\/\/secure.gravatar.com\/avatar\/46ee021475d60aeff17a7e490b79dea5a5684bb392ab7fd1494027411df8ba23?s=96&d=mm&r=g","url":"https:\/\/secure.gravatar.com\/avatar\/46ee021475d60aeff17a7e490b79dea5a5684bb392ab7fd1494027411df8ba23?s=96&d=mm&r=g","contentUrl":"https:\/\/secure.gravatar.com\/avatar\/46ee021475d60aeff17a7e490b79dea5a5684bb392ab7fd1494027411df8ba23?s=96&d=mm&r=g","caption":"Lea Couderc"}}]}},"_links":{"self":[{"href":"https:\/\/www.iemj.org\/it\/wp-json\/wp\/v2\/posts\/105352","targetHints":{"allow":["GET"]}}],"collection":[{"href":"https:\/\/www.iemj.org\/it\/wp-json\/wp\/v2\/posts"}],"about":[{"href":"https:\/\/www.iemj.org\/it\/wp-json\/wp\/v2\/types\/post"}],"author":[{"embeddable":true,"href":"https:\/\/www.iemj.org\/it\/wp-json\/wp\/v2\/users\/1052"}],"replies":[{"embeddable":true,"href":"https:\/\/www.iemj.org\/it\/wp-json\/wp\/v2\/comments?post=105352"}],"version-history":[{"count":1,"href":"https:\/\/www.iemj.org\/it\/wp-json\/wp\/v2\/posts\/105352\/revisions"}],"predecessor-version":[{"id":130884,"href":"https:\/\/www.iemj.org\/it\/wp-json\/wp\/v2\/posts\/105352\/revisions\/130884"}],"wp:featuredmedia":[{"embeddable":true,"href":"https:\/\/www.iemj.org\/it\/wp-json\/wp\/v2\/media\/130856"}],"wp:attachment":[{"href":"https:\/\/www.iemj.org\/it\/wp-json\/wp\/v2\/media?parent=105352"}],"wp:term":[{"taxonomy":"category","embeddable":true,"href":"https:\/\/www.iemj.org\/it\/wp-json\/wp\/v2\/categories?post=105352"},{"taxonomy":"post_tag","embeddable":true,"href":"https:\/\/www.iemj.org\/it\/wp-json\/wp\/v2\/tags?post=105352"},{"taxonomy":"technique","embeddable":true,"href":"https:\/\/www.iemj.org\/it\/wp-json\/wp\/v2\/technique?post=105352"},{"taxonomy":"squelettes","embeddable":true,"href":"https:\/\/www.iemj.org\/it\/wp-json\/wp\/v2\/squelettes?post=105352"},{"taxonomy":"sujet","embeddable":true,"href":"https:\/\/www.iemj.org\/it\/wp-json\/wp\/v2\/sujet?post=105352"},{"taxonomy":"formation","embeddable":true,"href":"https:\/\/www.iemj.org\/it\/wp-json\/wp\/v2\/formation?post=105352"},{"taxonomy":"genre","embeddable":true,"href":"https:\/\/www.iemj.org\/it\/wp-json\/wp\/v2\/genre?post=105352"},{"taxonomy":"fonds","embeddable":true,"href":"https:\/\/www.iemj.org\/it\/wp-json\/wp\/v2\/fonds?post=105352"},{"taxonomy":"tradition","embeddable":true,"href":"https:\/\/www.iemj.org\/it\/wp-json\/wp\/v2\/tradition?post=105352"},{"taxonomy":"type-de-contenu","embeddable":true,"href":"https:\/\/www.iemj.org\/it\/wp-json\/wp\/v2\/type-de-contenu?post=105352"},{"taxonomy":"interprete-compositeur","embeddable":true,"href":"https:\/\/www.iemj.org\/it\/wp-json\/wp\/v2\/interprete-compositeur?post=105352"},{"taxonomy":"frise","embeddable":true,"href":"https:\/\/www.iemj.org\/it\/wp-json\/wp\/v2\/frise?post=105352"},{"taxonomy":"type-devenement","embeddable":true,"href":"https:\/\/www.iemj.org\/it\/wp-json\/wp\/v2\/type-devenement?post=105352"},{"taxonomy":"tableaux-liens-externes","embeddable":true,"href":"https:\/\/www.iemj.org\/it\/wp-json\/wp\/v2\/tableaux-liens-externes?post=105352"}],"curies":[{"name":"wp","href":"https:\/\/api.w.org\/{rel}","templated":true}]}}