{"id":105370,"date":"2019-01-29T17:09:19","date_gmt":"2019-01-29T16:09:19","guid":{"rendered":"https:\/\/www.iemj.org\/israeli-chassidic-song-festival\/"},"modified":"2025-10-03T09:57:40","modified_gmt":"2025-10-03T07:57:40","slug":"israeli-chassidic-song-festival","status":"publish","type":"post","link":"https:\/\/www.iemj.org\/it\/israeli-chassidic-song-festival\/","title":{"rendered":"Israeli Chassidic Song Festival"},"content":{"rendered":"<p class=\"post_excerpt\"><strong>Scoprite nel video musicale e nella playlist qui sotto alcune delle canzoni pi\u00f9 emblematiche del festival del canto chassidico che si \u00e8 tenuto in Israele ogni anno tra il 1969 ed il 1992.<\/strong><\/p>\n<p><!--more--><br \/>Il Chassidic Song Festival si \u00e8 svolto in Israele tra il 1969 ed il 1992. Si tratta di un concorso di canzoni che integra melodie originali con versi tratti da fonti bibliche, visto come un tentativo di integrare la tradizione ebraica e la musica israeliana.<\/p>\n<p>Lanciato dal produttore Miki Peled dopo la Guerra dei Sei Giorni, questo festival annuale vanta alcuni grandi artisti, tra cui il cantante di fama internazionale Shlomo Carlebach, che ha composto almeno una canzone per ogni festival, il Re&#8217;im Duo, Shlomo Artzi, Avi Toledano, Yaffa Yarkoni, Geula Gil, Shimi Tavori e molti altri.<\/p>\n<p><img fetchpriority=\"high\" decoding=\"async\" class=\" aligncenter size-full wp-image-22514\" src=\"https:\/\/www.iemj.org\/wp-content\/uploads\/2019\/01\/doc_1_csf_500px.jpg\" alt=\"doc_1_csf_500px.jpg\" width=\"500\" height=\"200\" align=\"middle\" srcset=\"https:\/\/www.iemj.org\/wp-content\/uploads\/2019\/01\/doc_1_csf_500px.jpg 500w, https:\/\/www.iemj.org\/wp-content\/uploads\/2019\/01\/doc_1_csf_500px-300x120.jpg 300w\" sizes=\"(max-width: 500px) 100vw, 500px\" \/><\/p>\n<p>Dal primo festival del 1969, ogni anno sono state pubblicate registrazioni su cassetta e su vinile. I nostri archivi contengono una decina di queste registrazioni su vinile 33 giri, principalmente realizzate dalla casa discografica israeliana <em>Hed Arzi LTD<\/em> e <em>IsraDisc<\/em>.<\/p>\n<p>Sebbene criticato da alcune comunit\u00e0 religiose in Israele a causa della partecipazione delle donne e dell&#8217;abbigliamento dei partecipanti, lontano dai codici religiosi in vigore, questo festival trasmesso dalla radio israeliana \u00e8 stato un grande successo.<\/p>\n<p><img decoding=\"async\" class=\" aligncenter size-full wp-image-22516\" src=\"https:\/\/www.iemj.org\/wp-content\/uploads\/2019\/01\/doc_lev_ran.jpg\" alt=\"doc_lev_ran.jpg\" width=\"355\" height=\"329\" align=\"middle\" srcset=\"https:\/\/www.iemj.org\/wp-content\/uploads\/2019\/01\/doc_lev_ran.jpg 355w, https:\/\/www.iemj.org\/wp-content\/uploads\/2019\/01\/doc_lev_ran-300x278.jpg 300w\" sizes=\"(max-width: 355px) 100vw, 355px\" \/><\/p>\n<p>La prima registrazione, &#8220;Os\u00e9 Shalom Bimromav&#8221; di Nurit Hirsh, interpretata da Yigal Bashan, \u00e8 considerata come uno dei pi\u00f9 grandi successi della canzone popolare israeliana.<\/p>\n<p>Il 1977 rappresent\u00f2 un punto di svolta nello sviluppo del festival, in quanto introdusse alcune innovazioni significative. In quell&#8217;anno, il primo premio fu assegnato alla Diaspora Yeshiva Band, con il brano &#8220;Hu Yiftach Libenu&#8221;, composto da musicisti ebrei laici e dilettanti provenienti da Israele e dagli Stati Uniti.<\/p>\n<p>Per l&#8217;occasione, questo gruppo ha realizzato una performance di rara autenticit\u00e0, comportandosi sul palco come veri chassidim.<\/p>\n<p><img decoding=\"async\" class=\" aligncenter size-full wp-image-22518\" src=\"https:\/\/www.iemj.org\/wp-content\/uploads\/2019\/01\/doc_diaspora_yeshiva_band.jpg\" alt=\"doc_diaspora_yeshiva_band.jpg\" width=\"355\" height=\"341\" align=\"middle\" srcset=\"https:\/\/www.iemj.org\/wp-content\/uploads\/2019\/01\/doc_diaspora_yeshiva_band.jpg 355w, https:\/\/www.iemj.org\/wp-content\/uploads\/2019\/01\/doc_diaspora_yeshiva_band-300x288.jpg 300w\" sizes=\"(max-width: 355px) 100vw, 355px\" \/><\/p>\n<p>Sebbene il festival si sia tenuto in Israele, l&#8217;intera produzione \u00e8 stata successivamente esportata nelle comunit\u00e0 ebraiche all&#8217;estero, in particolare negli Stati Uniti.<\/p>\n<p>I canti chassidici erano molto diffusi tra gli ebrei americani ed europei e questi dischi venivano venduti ogni anno in tutto il mondo. Questo evento ha avuto un ruolo importante nello sviluppo del genere musicale chassidico, incoraggiato da cantanti come Mordechai Ben-David e Avraham Fried.<\/p>\n<p><strong>Fonte:<\/strong><br \/>&#8211; <em>Popular Music and National Culture in Israel<\/em>, Motti Regev and Edwin Seroussi, University of California Press, 2004.<\/p>\n\n\n<figure class=\"wp-block-embed is-type-video is-provider-youtube wp-block-embed-youtube wp-embed-aspect-4-3 wp-has-aspect-ratio\"><div class=\"wp-block-embed__wrapper\">\n<iframe title=\"Israeli Chassidic Song Festival\" width=\"640\" height=\"480\" src=\"https:\/\/www.youtube.com\/embed\/6aSsTutDrUE?feature=oembed\" frameborder=\"0\" allow=\"accelerometer; autoplay; clipboard-write; encrypted-media; gyroscope; picture-in-picture; web-share\" referrerpolicy=\"strict-origin-when-cross-origin\" allowfullscreen><\/iframe>\n<\/div><\/figure>\n\n\n<div class=\"wp-block-image\">\n<figure class=\"aligncenter size-large\"><img loading=\"lazy\" decoding=\"async\" width=\"1024\" height=\"133\" src=\"https:\/\/www.iemj.org\/wp-content\/uploads\/2024\/03\/AUDIO-PLAYER-1024x133.png\" alt=\"\" class=\"wp-image-110609\" srcset=\"https:\/\/www.iemj.org\/wp-content\/uploads\/2024\/03\/AUDIO-PLAYER-1024x133.png 1024w, https:\/\/www.iemj.org\/wp-content\/uploads\/2024\/03\/AUDIO-PLAYER-300x39.png 300w, https:\/\/www.iemj.org\/wp-content\/uploads\/2024\/03\/AUDIO-PLAYER-768x100.png 768w, https:\/\/www.iemj.org\/wp-content\/uploads\/2024\/03\/AUDIO-PLAYER-600x78.png 600w, https:\/\/www.iemj.org\/wp-content\/uploads\/2024\/03\/AUDIO-PLAYER.png 1210w\" sizes=\"(max-width: 1024px) 100vw, 1024px\" \/><\/figure>\n<\/div>\n\n\n<div class=\"wp-block-file\"><a id=\"wp-block-file--media-8a0d332c-e2b7-492f-94ed-a3ea4e8819fa\" href=\"https:\/\/www.iemj.org\/wp-content\/uploads\/2019\/01\/asher_bara_10_-_geula_gil.mp3\">Asher Bara &#8211; Geula Gil (1978)<\/a><\/div>\n\n\n\n<div class=\"wp-block-file\"><a id=\"wp-block-file--media-4042d10d-ca07-4abb-bb0c-ebc21e814f57\" href=\"https:\/\/www.iemj.org\/wp-content\/uploads\/2019\/01\/ata_hu_hashem_13_-_shimi_tavori.mp3\">Ata Hu Hashem &#8211; Shimi Tavori (1981)<\/a><\/div>\n\n\n\n<div class=\"wp-block-file\"><a id=\"wp-block-file--media-5f49ff23-f65f-4388-a7e3-3f6556affcae\" href=\"https:\/\/www.iemj.org\/wp-content\/uploads\/2019\/01\/barech_alenu_9_-_chassidic_festival_group.mp3\">Barech Alenu &#8211; Chassidic Festival Group (1977)<\/a><\/div>\n\n\n\n<div class=\"wp-block-file\"><a id=\"wp-block-file--media-087e684c-273f-460f-8144-ebdf77fdd44a\" href=\"https:\/\/www.iemj.org\/wp-content\/uploads\/2019\/01\/chemdat_yamim_3_-_shovavey_zion.mp3\">Chemdat Yamim &#8211; Shovavey Zion (1971)<\/a><\/div>\n\n\n\n<div class=\"wp-block-file\"><a id=\"wp-block-file--media-6c8acaf4-a0d1-4e0c-aea7-e40187cc4053\" href=\"https:\/\/www.iemj.org\/wp-content\/uploads\/2019\/01\/hitna_ari_4_-shula_chen.mp3\">Hitna\u2019ari &#8211; Shula Chen (1972)<\/a><\/div>\n\n\n\n<div class=\"wp-block-file\"><a id=\"wp-block-file--media-5a7de20b-91ad-4c6e-9e9a-cab1d0c78be4\" href=\"https:\/\/www.iemj.org\/wp-content\/uploads\/2019\/01\/lu_ami_best_of_avi_toledano.mp3\">Lu ami &#8211; Avi Toledano (Best songs)<\/a><\/div>\n\n\n\n<div class=\"wp-block-file\"><a id=\"wp-block-file--media-ccfb8cfb-2536-4237-8c84-57097b41fb1c\" href=\"https:\/\/www.iemj.org\/wp-content\/uploads\/2019\/01\/mi_shberach_lechayalei_zahal_11_-_mike_burstyn.mp3\">Mi Shberach Lechayalei Zahal &#8211; Mike Burstyn (1979)<\/a><\/div>\n\n\n\n<div class=\"wp-block-file\"><a id=\"wp-block-file--media-50fd9a9d-0241-4ccc-87a1-b953c419aead\" href=\"https:\/\/www.iemj.org\/wp-content\/uploads\/2019\/01\/or_chadash_5_-_duo_reim.mp3\">Or Chadash &#8211; Duo Reim (1973)<\/a><\/div>\n\n\n\n<div class=\"wp-block-file\"><a id=\"wp-block-file--media-c1cc4352-d340-419e-83aa-4afdf1f5b774\" href=\"https:\/\/www.iemj.org\/wp-content\/uploads\/2019\/01\/tefilat_haderech_6_-_nira_gal.mp3\">Tefilat Haderech &#8211; Nira Gal (1974)<\/a><\/div>\n\n\n\n<div class=\"wp-block-file\"><a id=\"wp-block-file--media-c35f70f4-b57c-42ed-b3db-2de13642d561\" href=\"https:\/\/www.iemj.org\/wp-content\/uploads\/2019\/01\/yibane_hamikdash_2_-_yaffa_yarkoni.mp3\">Yibane Hamikdash &#8211; Yaffa Yarkoni (1970)<\/a><\/div>\n","protected":false},"excerpt":{"rendered":"<p>Scoprite nel video musicale e nella playlist qui sotto alcune delle canzoni pi\u00f9 emblematiche del festival del canto chassidico che si \u00e8 tenuto in Israele ogni anno tra il 1969<\/p>\n","protected":false},"author":1052,"featured_media":105371,"comment_status":"closed","ping_status":"closed","sticky":false,"template":"","format":"standard","meta":{"_acf_changed":false,"footnotes":""},"categories":[1531],"tags":[],"technique":[],"squelettes":[],"sujet":[],"formation":[],"genre":[],"fonds":[],"tradition":[],"type-de-contenu":[],"interprete-compositeur":[],"frise":[],"type-devenement":[],"tableaux-liens-externes":[],"class_list":["post-105370","post","type-post","status-publish","format-standard","has-post-thumbnail","hentry","category-programmi-tv-video-it"],"acf":[],"yoast_head":"<!-- This site is optimized with the Yoast SEO plugin v27.3 - https:\/\/yoast.com\/product\/yoast-seo-wordpress\/ -->\n<title>Israeli Chassidic Song Festival - Institut Europ\u00e9en des Musiques Juives<\/title>\n<meta name=\"robots\" content=\"index, follow, max-snippet:-1, max-image-preview:large, max-video-preview:-1\" \/>\n<link rel=\"canonical\" href=\"https:\/\/www.iemj.org\/it\/israeli-chassidic-song-festival\/\" \/>\n<meta property=\"og:locale\" content=\"it_IT\" \/>\n<meta property=\"og:type\" content=\"article\" \/>\n<meta property=\"og:title\" content=\"Israeli Chassidic Song Festival - Institut Europ\u00e9en des Musiques Juives\" \/>\n<meta property=\"og:description\" content=\"Scoprite nel video musicale e nella playlist qui sotto alcune delle canzoni pi\u00f9 emblematiche del festival del canto chassidico che si \u00e8 tenuto in Israele ogni anno tra il 1969\" \/>\n<meta property=\"og:url\" content=\"https:\/\/www.iemj.org\/it\/israeli-chassidic-song-festival\/\" \/>\n<meta property=\"og:site_name\" content=\"Institut Europ\u00e9en des Musiques Juives\" \/>\n<meta property=\"article:publisher\" content=\"https:\/\/www.facebook.com\/MusiquesJuives\/\" \/>\n<meta property=\"article:published_time\" content=\"2019-01-29T16:09:19+00:00\" \/>\n<meta property=\"article:modified_time\" content=\"2025-10-03T07:57:40+00:00\" \/>\n<meta property=\"og:image\" content=\"https:\/\/www.iemj.org\/wp-content\/uploads\/2019\/01\/arton3910-e1618592490513.jpg\" \/>\n\t<meta property=\"og:image:width\" content=\"350\" \/>\n\t<meta property=\"og:image:height\" content=\"349\" \/>\n\t<meta property=\"og:image:type\" content=\"image\/jpeg\" \/>\n<meta name=\"author\" content=\"Lea Couderc\" \/>\n<meta name=\"twitter:card\" content=\"summary_large_image\" \/>\n<meta name=\"twitter:label1\" content=\"Scritto da\" \/>\n\t<meta name=\"twitter:data1\" content=\"Lea Couderc\" \/>\n\t<meta name=\"twitter:label2\" content=\"Tempo di lettura stimato\" \/>\n\t<meta name=\"twitter:data2\" content=\"4 minuti\" \/>\n<script type=\"application\/ld+json\" class=\"yoast-schema-graph\">{\"@context\":\"https:\\\/\\\/schema.org\",\"@graph\":[{\"@type\":\"Article\",\"@id\":\"https:\\\/\\\/www.iemj.org\\\/it\\\/israeli-chassidic-song-festival\\\/#article\",\"isPartOf\":{\"@id\":\"https:\\\/\\\/www.iemj.org\\\/it\\\/israeli-chassidic-song-festival\\\/\"},\"author\":{\"name\":\"Lea Couderc\",\"@id\":\"https:\\\/\\\/www.iemj.org\\\/it\\\/#\\\/schema\\\/person\\\/e2ad57f2c4be119c7ed8ab79036807a9\"},\"headline\":\"Israeli Chassidic Song Festival\",\"datePublished\":\"2019-01-29T16:09:19+00:00\",\"dateModified\":\"2025-10-03T07:57:40+00:00\",\"mainEntityOfPage\":{\"@id\":\"https:\\\/\\\/www.iemj.org\\\/it\\\/israeli-chassidic-song-festival\\\/\"},\"wordCount\":439,\"publisher\":{\"@id\":\"https:\\\/\\\/www.iemj.org\\\/it\\\/#organization\"},\"image\":{\"@id\":\"https:\\\/\\\/www.iemj.org\\\/it\\\/israeli-chassidic-song-festival\\\/#primaryimage\"},\"thumbnailUrl\":\"https:\\\/\\\/www.iemj.org\\\/wp-content\\\/uploads\\\/2019\\\/01\\\/arton3910-e1618592490513.jpg\",\"articleSection\":[\"Programmi TV \\\/ Video\"],\"inLanguage\":\"it-IT\"},{\"@type\":\"WebPage\",\"@id\":\"https:\\\/\\\/www.iemj.org\\\/it\\\/israeli-chassidic-song-festival\\\/\",\"url\":\"https:\\\/\\\/www.iemj.org\\\/it\\\/israeli-chassidic-song-festival\\\/\",\"name\":\"Israeli Chassidic Song Festival - Institut Europ\u00e9en des Musiques Juives\",\"isPartOf\":{\"@id\":\"https:\\\/\\\/www.iemj.org\\\/it\\\/#website\"},\"primaryImageOfPage\":{\"@id\":\"https:\\\/\\\/www.iemj.org\\\/it\\\/israeli-chassidic-song-festival\\\/#primaryimage\"},\"image\":{\"@id\":\"https:\\\/\\\/www.iemj.org\\\/it\\\/israeli-chassidic-song-festival\\\/#primaryimage\"},\"thumbnailUrl\":\"https:\\\/\\\/www.iemj.org\\\/wp-content\\\/uploads\\\/2019\\\/01\\\/arton3910-e1618592490513.jpg\",\"datePublished\":\"2019-01-29T16:09:19+00:00\",\"dateModified\":\"2025-10-03T07:57:40+00:00\",\"breadcrumb\":{\"@id\":\"https:\\\/\\\/www.iemj.org\\\/it\\\/israeli-chassidic-song-festival\\\/#breadcrumb\"},\"inLanguage\":\"it-IT\",\"potentialAction\":[{\"@type\":\"ReadAction\",\"target\":[\"https:\\\/\\\/www.iemj.org\\\/it\\\/israeli-chassidic-song-festival\\\/\"]}]},{\"@type\":\"ImageObject\",\"inLanguage\":\"it-IT\",\"@id\":\"https:\\\/\\\/www.iemj.org\\\/it\\\/israeli-chassidic-song-festival\\\/#primaryimage\",\"url\":\"https:\\\/\\\/www.iemj.org\\\/wp-content\\\/uploads\\\/2019\\\/01\\\/arton3910-e1618592490513.jpg\",\"contentUrl\":\"https:\\\/\\\/www.iemj.org\\\/wp-content\\\/uploads\\\/2019\\\/01\\\/arton3910-e1618592490513.jpg\",\"width\":350,\"height\":349},{\"@type\":\"BreadcrumbList\",\"@id\":\"https:\\\/\\\/www.iemj.org\\\/it\\\/israeli-chassidic-song-festival\\\/#breadcrumb\",\"itemListElement\":[{\"@type\":\"ListItem\",\"position\":1,\"name\":\"Accueil\",\"item\":\"https:\\\/\\\/www.iemj.org\\\/it\\\/\"},{\"@type\":\"ListItem\",\"position\":2,\"name\":\"Israeli Chassidic Song Festival\"}]},{\"@type\":\"WebSite\",\"@id\":\"https:\\\/\\\/www.iemj.org\\\/it\\\/#website\",\"url\":\"https:\\\/\\\/www.iemj.org\\\/it\\\/\",\"name\":\"Institut Europ\u00e9en des Musiques Juives\",\"description\":\"Des traditions musicales \u00e0 la port\u00e9e de tous\",\"publisher\":{\"@id\":\"https:\\\/\\\/www.iemj.org\\\/it\\\/#organization\"},\"potentialAction\":[{\"@type\":\"SearchAction\",\"target\":{\"@type\":\"EntryPoint\",\"urlTemplate\":\"https:\\\/\\\/www.iemj.org\\\/it\\\/?s={search_term_string}\"},\"query-input\":{\"@type\":\"PropertyValueSpecification\",\"valueRequired\":true,\"valueName\":\"search_term_string\"}}],\"inLanguage\":\"it-IT\"},{\"@type\":\"Organization\",\"@id\":\"https:\\\/\\\/www.iemj.org\\\/it\\\/#organization\",\"name\":\"Institut Europ\u00e9en des Musiques Juives\",\"url\":\"https:\\\/\\\/www.iemj.org\\\/it\\\/\",\"logo\":{\"@type\":\"ImageObject\",\"inLanguage\":\"it-IT\",\"@id\":\"https:\\\/\\\/www.iemj.org\\\/it\\\/#\\\/schema\\\/logo\\\/image\\\/\",\"url\":\"https:\\\/\\\/www.iemj.org\\\/wp-content\\\/uploads\\\/2021\\\/09\\\/Logo-IEMJ-Paypal.jpg\",\"contentUrl\":\"https:\\\/\\\/www.iemj.org\\\/wp-content\\\/uploads\\\/2021\\\/09\\\/Logo-IEMJ-Paypal.jpg\",\"width\":150,\"height\":50,\"caption\":\"Institut Europ\u00e9en des Musiques Juives\"},\"image\":{\"@id\":\"https:\\\/\\\/www.iemj.org\\\/it\\\/#\\\/schema\\\/logo\\\/image\\\/\"},\"sameAs\":[\"https:\\\/\\\/www.facebook.com\\\/MusiquesJuives\\\/\",\"https:\\\/\\\/www.instagram.com\\\/musiquesjuives\\\/\",\"https:\\\/\\\/www.youtube.com\\\/user\\\/musiquesjuives\"]},{\"@type\":\"Person\",\"@id\":\"https:\\\/\\\/www.iemj.org\\\/it\\\/#\\\/schema\\\/person\\\/e2ad57f2c4be119c7ed8ab79036807a9\",\"name\":\"Lea Couderc\",\"image\":{\"@type\":\"ImageObject\",\"inLanguage\":\"it-IT\",\"@id\":\"https:\\\/\\\/secure.gravatar.com\\\/avatar\\\/46ee021475d60aeff17a7e490b79dea5a5684bb392ab7fd1494027411df8ba23?s=96&d=mm&r=g\",\"url\":\"https:\\\/\\\/secure.gravatar.com\\\/avatar\\\/46ee021475d60aeff17a7e490b79dea5a5684bb392ab7fd1494027411df8ba23?s=96&d=mm&r=g\",\"contentUrl\":\"https:\\\/\\\/secure.gravatar.com\\\/avatar\\\/46ee021475d60aeff17a7e490b79dea5a5684bb392ab7fd1494027411df8ba23?s=96&d=mm&r=g\",\"caption\":\"Lea Couderc\"}}]}<\/script>\n<!-- \/ Yoast SEO plugin. -->","yoast_head_json":{"title":"Israeli Chassidic Song Festival - Institut Europ\u00e9en des Musiques Juives","robots":{"index":"index","follow":"follow","max-snippet":"max-snippet:-1","max-image-preview":"max-image-preview:large","max-video-preview":"max-video-preview:-1"},"canonical":"https:\/\/www.iemj.org\/it\/israeli-chassidic-song-festival\/","og_locale":"it_IT","og_type":"article","og_title":"Israeli Chassidic Song Festival - Institut Europ\u00e9en des Musiques Juives","og_description":"Scoprite nel video musicale e nella playlist qui sotto alcune delle canzoni pi\u00f9 emblematiche del festival del canto chassidico che si \u00e8 tenuto in Israele ogni anno tra il 1969","og_url":"https:\/\/www.iemj.org\/it\/israeli-chassidic-song-festival\/","og_site_name":"Institut Europ\u00e9en des Musiques Juives","article_publisher":"https:\/\/www.facebook.com\/MusiquesJuives\/","article_published_time":"2019-01-29T16:09:19+00:00","article_modified_time":"2025-10-03T07:57:40+00:00","og_image":[{"width":350,"height":349,"url":"https:\/\/www.iemj.org\/wp-content\/uploads\/2019\/01\/arton3910-e1618592490513.jpg","type":"image\/jpeg"}],"author":"Lea Couderc","twitter_card":"summary_large_image","twitter_misc":{"Scritto da":"Lea Couderc","Tempo di lettura stimato":"4 minuti"},"schema":{"@context":"https:\/\/schema.org","@graph":[{"@type":"Article","@id":"https:\/\/www.iemj.org\/it\/israeli-chassidic-song-festival\/#article","isPartOf":{"@id":"https:\/\/www.iemj.org\/it\/israeli-chassidic-song-festival\/"},"author":{"name":"Lea Couderc","@id":"https:\/\/www.iemj.org\/it\/#\/schema\/person\/e2ad57f2c4be119c7ed8ab79036807a9"},"headline":"Israeli Chassidic Song Festival","datePublished":"2019-01-29T16:09:19+00:00","dateModified":"2025-10-03T07:57:40+00:00","mainEntityOfPage":{"@id":"https:\/\/www.iemj.org\/it\/israeli-chassidic-song-festival\/"},"wordCount":439,"publisher":{"@id":"https:\/\/www.iemj.org\/it\/#organization"},"image":{"@id":"https:\/\/www.iemj.org\/it\/israeli-chassidic-song-festival\/#primaryimage"},"thumbnailUrl":"https:\/\/www.iemj.org\/wp-content\/uploads\/2019\/01\/arton3910-e1618592490513.jpg","articleSection":["Programmi TV \/ Video"],"inLanguage":"it-IT"},{"@type":"WebPage","@id":"https:\/\/www.iemj.org\/it\/israeli-chassidic-song-festival\/","url":"https:\/\/www.iemj.org\/it\/israeli-chassidic-song-festival\/","name":"Israeli Chassidic Song Festival - Institut Europ\u00e9en des Musiques Juives","isPartOf":{"@id":"https:\/\/www.iemj.org\/it\/#website"},"primaryImageOfPage":{"@id":"https:\/\/www.iemj.org\/it\/israeli-chassidic-song-festival\/#primaryimage"},"image":{"@id":"https:\/\/www.iemj.org\/it\/israeli-chassidic-song-festival\/#primaryimage"},"thumbnailUrl":"https:\/\/www.iemj.org\/wp-content\/uploads\/2019\/01\/arton3910-e1618592490513.jpg","datePublished":"2019-01-29T16:09:19+00:00","dateModified":"2025-10-03T07:57:40+00:00","breadcrumb":{"@id":"https:\/\/www.iemj.org\/it\/israeli-chassidic-song-festival\/#breadcrumb"},"inLanguage":"it-IT","potentialAction":[{"@type":"ReadAction","target":["https:\/\/www.iemj.org\/it\/israeli-chassidic-song-festival\/"]}]},{"@type":"ImageObject","inLanguage":"it-IT","@id":"https:\/\/www.iemj.org\/it\/israeli-chassidic-song-festival\/#primaryimage","url":"https:\/\/www.iemj.org\/wp-content\/uploads\/2019\/01\/arton3910-e1618592490513.jpg","contentUrl":"https:\/\/www.iemj.org\/wp-content\/uploads\/2019\/01\/arton3910-e1618592490513.jpg","width":350,"height":349},{"@type":"BreadcrumbList","@id":"https:\/\/www.iemj.org\/it\/israeli-chassidic-song-festival\/#breadcrumb","itemListElement":[{"@type":"ListItem","position":1,"name":"Accueil","item":"https:\/\/www.iemj.org\/it\/"},{"@type":"ListItem","position":2,"name":"Israeli Chassidic Song Festival"}]},{"@type":"WebSite","@id":"https:\/\/www.iemj.org\/it\/#website","url":"https:\/\/www.iemj.org\/it\/","name":"Institut Europ\u00e9en des Musiques Juives","description":"Des traditions musicales \u00e0 la port\u00e9e de tous","publisher":{"@id":"https:\/\/www.iemj.org\/it\/#organization"},"potentialAction":[{"@type":"SearchAction","target":{"@type":"EntryPoint","urlTemplate":"https:\/\/www.iemj.org\/it\/?s={search_term_string}"},"query-input":{"@type":"PropertyValueSpecification","valueRequired":true,"valueName":"search_term_string"}}],"inLanguage":"it-IT"},{"@type":"Organization","@id":"https:\/\/www.iemj.org\/it\/#organization","name":"Institut Europ\u00e9en des Musiques Juives","url":"https:\/\/www.iemj.org\/it\/","logo":{"@type":"ImageObject","inLanguage":"it-IT","@id":"https:\/\/www.iemj.org\/it\/#\/schema\/logo\/image\/","url":"https:\/\/www.iemj.org\/wp-content\/uploads\/2021\/09\/Logo-IEMJ-Paypal.jpg","contentUrl":"https:\/\/www.iemj.org\/wp-content\/uploads\/2021\/09\/Logo-IEMJ-Paypal.jpg","width":150,"height":50,"caption":"Institut Europ\u00e9en des Musiques Juives"},"image":{"@id":"https:\/\/www.iemj.org\/it\/#\/schema\/logo\/image\/"},"sameAs":["https:\/\/www.facebook.com\/MusiquesJuives\/","https:\/\/www.instagram.com\/musiquesjuives\/","https:\/\/www.youtube.com\/user\/musiquesjuives"]},{"@type":"Person","@id":"https:\/\/www.iemj.org\/it\/#\/schema\/person\/e2ad57f2c4be119c7ed8ab79036807a9","name":"Lea Couderc","image":{"@type":"ImageObject","inLanguage":"it-IT","@id":"https:\/\/secure.gravatar.com\/avatar\/46ee021475d60aeff17a7e490b79dea5a5684bb392ab7fd1494027411df8ba23?s=96&d=mm&r=g","url":"https:\/\/secure.gravatar.com\/avatar\/46ee021475d60aeff17a7e490b79dea5a5684bb392ab7fd1494027411df8ba23?s=96&d=mm&r=g","contentUrl":"https:\/\/secure.gravatar.com\/avatar\/46ee021475d60aeff17a7e490b79dea5a5684bb392ab7fd1494027411df8ba23?s=96&d=mm&r=g","caption":"Lea Couderc"}}]}},"_links":{"self":[{"href":"https:\/\/www.iemj.org\/it\/wp-json\/wp\/v2\/posts\/105370","targetHints":{"allow":["GET"]}}],"collection":[{"href":"https:\/\/www.iemj.org\/it\/wp-json\/wp\/v2\/posts"}],"about":[{"href":"https:\/\/www.iemj.org\/it\/wp-json\/wp\/v2\/types\/post"}],"author":[{"embeddable":true,"href":"https:\/\/www.iemj.org\/it\/wp-json\/wp\/v2\/users\/1052"}],"replies":[{"embeddable":true,"href":"https:\/\/www.iemj.org\/it\/wp-json\/wp\/v2\/comments?post=105370"}],"version-history":[{"count":1,"href":"https:\/\/www.iemj.org\/it\/wp-json\/wp\/v2\/posts\/105370\/revisions"}],"predecessor-version":[{"id":126269,"href":"https:\/\/www.iemj.org\/it\/wp-json\/wp\/v2\/posts\/105370\/revisions\/126269"}],"wp:featuredmedia":[{"embeddable":true,"href":"https:\/\/www.iemj.org\/it\/wp-json\/wp\/v2\/media\/105371"}],"wp:attachment":[{"href":"https:\/\/www.iemj.org\/it\/wp-json\/wp\/v2\/media?parent=105370"}],"wp:term":[{"taxonomy":"category","embeddable":true,"href":"https:\/\/www.iemj.org\/it\/wp-json\/wp\/v2\/categories?post=105370"},{"taxonomy":"post_tag","embeddable":true,"href":"https:\/\/www.iemj.org\/it\/wp-json\/wp\/v2\/tags?post=105370"},{"taxonomy":"technique","embeddable":true,"href":"https:\/\/www.iemj.org\/it\/wp-json\/wp\/v2\/technique?post=105370"},{"taxonomy":"squelettes","embeddable":true,"href":"https:\/\/www.iemj.org\/it\/wp-json\/wp\/v2\/squelettes?post=105370"},{"taxonomy":"sujet","embeddable":true,"href":"https:\/\/www.iemj.org\/it\/wp-json\/wp\/v2\/sujet?post=105370"},{"taxonomy":"formation","embeddable":true,"href":"https:\/\/www.iemj.org\/it\/wp-json\/wp\/v2\/formation?post=105370"},{"taxonomy":"genre","embeddable":true,"href":"https:\/\/www.iemj.org\/it\/wp-json\/wp\/v2\/genre?post=105370"},{"taxonomy":"fonds","embeddable":true,"href":"https:\/\/www.iemj.org\/it\/wp-json\/wp\/v2\/fonds?post=105370"},{"taxonomy":"tradition","embeddable":true,"href":"https:\/\/www.iemj.org\/it\/wp-json\/wp\/v2\/tradition?post=105370"},{"taxonomy":"type-de-contenu","embeddable":true,"href":"https:\/\/www.iemj.org\/it\/wp-json\/wp\/v2\/type-de-contenu?post=105370"},{"taxonomy":"interprete-compositeur","embeddable":true,"href":"https:\/\/www.iemj.org\/it\/wp-json\/wp\/v2\/interprete-compositeur?post=105370"},{"taxonomy":"frise","embeddable":true,"href":"https:\/\/www.iemj.org\/it\/wp-json\/wp\/v2\/frise?post=105370"},{"taxonomy":"type-devenement","embeddable":true,"href":"https:\/\/www.iemj.org\/it\/wp-json\/wp\/v2\/type-devenement?post=105370"},{"taxonomy":"tableaux-liens-externes","embeddable":true,"href":"https:\/\/www.iemj.org\/it\/wp-json\/wp\/v2\/tableaux-liens-externes?post=105370"}],"curies":[{"name":"wp","href":"https:\/\/api.w.org\/{rel}","templated":true}]}}