{"id":105684,"date":"2017-05-16T10:56:07","date_gmt":"2017-05-16T08:56:07","guid":{"rendered":"https:\/\/www.iemj.org\/concert-melodies-hebraiques-un-reve-vieux-de-3000-ans\/"},"modified":"2023-11-22T12:23:03","modified_gmt":"2023-11-22T11:23:03","slug":"concert-melodies-hebraiques-un-reve-vieux-de-3000-ans","status":"publish","type":"post","link":"https:\/\/www.iemj.org\/it\/concert-melodies-hebraiques-un-reve-vieux-de-3000-ans\/","title":{"rendered":"Concerto &#8220;M\u00e9lodies h\u00e9bra\u00efques, un r\u00eave  vieux de 3000 ans&#8221; (&#8220;Melodie ebraiche, un sogno vecchio di 3000 anni&#8221;)"},"content":{"rendered":"<p><em>Proposto dall&#8217;<strong>Institut Europ\u00e9en des Musiques Juives<\/strong>, dagli Archivi Nazionali e dal D&#8217;AC, Dipartimento di Azione Culturale della FSJU.<\/em><\/p>\n<p>Magnificamente eseguito da<strong> Sarah Iancu<\/strong> al violoncello e <strong>David Bismuth<\/strong> al pianoforte, questo concerto presenta le pi\u00f9 belle melodie ebraiche ispirate a temi liturgici, chassidici, yiddish e giudeo-spagnoli: dal famoso Kaddish di Ravel al Kol nidrei di Max Bruch, dal ciclo De la vie juive di Ernest Bloch ai Chants populaires h\u00e9bra\u00efques di Darius Milhaud, passando per opere meno conosciute ma altrettanto belle di Joseph Achron, L\u00e9on Algazi, Charles-Valentin Alkan, Fernand Halphen, Simon Laks, Joaquin Nin-Culmell, Dmitri Schostakovitsch, Joachim Stutschewsky e Viktor Ullmann. Il programma di questo concerto segue le orme di questi compositori, che si sono ispirati alle melodie hassidiche, yiddish e giudeo-spagnole per catturare l&#8217;essenza stessa dell&#8217;anima ebraica.<\/p>\n<p>Un programma che si trova nel 1\u00b0 volume della collezione &#8220;Classiques&#8221;<br \/>\npubblicata dall&#8217;IEMJ:\u00a0<a href=\"https:\/\/www.iemj.org\/it\/melodies-hebraiques-pour-violoncelle-et-piano\/\" target=\"_blank\" rel=\"noopener\">M\u00e9lodies h\u00e9bra\u00efques, per violoncello e pianoforte<\/a> appena pubblicato.<\/p>\n<p><strong>Prezzo biglietto:<\/strong> 10 \u20ac<br \/>\n<a href=\"http:\/\/www.festivaldesculturesjuives.org\/billetterie-en-ligne\/\" target=\"_blank\" rel=\"noopener\">Prenotare i biglietti per il concerto online<\/a><\/p>\n<p><strong><a href=\"https:\/\/www.iemj.org\/it\/concert-melodies-hebraiques\/\" target=\"_blank\" rel=\"noopener\">Visualizzare estratti del concerto<\/a><\/strong><\/p>\n<p><a href=\"https:\/\/www.iemj.org\/melodies-hebraiques-un-cheminement-musical-a-travers-lame-juive\/\" target=\"_blank\" rel=\"noopener\"><em>Ascoltare il programma radiofonico Melodie ebraiche: un viaggio musicale attraverso l&#8217;anima ebraica (in francese)<\/em><\/a><\/p>\n<p><em><strong>Qui sotto, Les Matinales &#8211; Video-intervista &#8211; Programma radiofonico condotto da Sandrine Sebbane su RCJ,<br \/>\ntrasmesso il 13\/06\/17<\/strong><\/em><br \/>\n<iframe src=\"https:\/\/www.youtube.com\/embed\/YCqRsIYETA0\" width=\"720\" height=\"410\" frameborder=\"0\" allowfullscreen=\"allowfullscreen\"><\/iframe><\/p>\n","protected":false},"excerpt":{"rendered":"<p>Proposto dall&#8217;Institut Europ\u00e9en des Musiques Juives, dagli Archivi Nazionali e dal D&#8217;AC, Dipartimento di Azione Culturale della FSJU. Magnificamente eseguito da Sarah Iancu al violoncello e David Bismuth al pianoforte,<\/p>\n","protected":false},"author":5,"featured_media":105685,"comment_status":"closed","ping_status":"open","sticky":false,"template":"","format":"standard","meta":{"_acf_changed":false,"footnotes":""},"categories":[1379,1371],"tags":[2224],"technique":[],"squelettes":[],"sujet":[],"formation":[],"genre":[],"fonds":[],"tradition":[],"type-de-contenu":[],"interprete-compositeur":[],"frise":[],"type-devenement":[],"tableaux-liens-externes":[],"class_list":["post-105684","post","type-post","status-publish","format-standard","has-post-thumbnail","hentry","category-concerti-manifestazioni-it","category-manifestazioni-it","tag-eventi-iemj-it"],"acf":[],"yoast_head":"<!-- This site is optimized with the Yoast SEO plugin v27.3 - https:\/\/yoast.com\/product\/yoast-seo-wordpress\/ -->\n<title>Concerto &quot;M\u00e9lodies h\u00e9bra\u00efques, un r\u00eave vieux de 3000 ans&quot; (&quot;Melodie ebraiche, un sogno vecchio di 3000 anni&quot;) - Institut Europ\u00e9en des Musiques Juives<\/title>\n<meta name=\"robots\" content=\"index, follow, max-snippet:-1, max-image-preview:large, max-video-preview:-1\" \/>\n<link rel=\"canonical\" href=\"https:\/\/www.iemj.org\/it\/concert-melodies-hebraiques-un-reve-vieux-de-3000-ans\/\" \/>\n<meta property=\"og:locale\" content=\"it_IT\" \/>\n<meta property=\"og:type\" content=\"article\" \/>\n<meta property=\"og:title\" content=\"Concerto &quot;M\u00e9lodies h\u00e9bra\u00efques, un r\u00eave vieux de 3000 ans&quot; (&quot;Melodie ebraiche, un sogno vecchio di 3000 anni&quot;) - Institut Europ\u00e9en des Musiques Juives\" \/>\n<meta property=\"og:description\" content=\"Proposto dall&#8217;Institut Europ\u00e9en des Musiques Juives, dagli Archivi Nazionali e dal D&#8217;AC, Dipartimento di Azione Culturale della FSJU. Magnificamente eseguito da Sarah Iancu al violoncello e David Bismuth al pianoforte,\" \/>\n<meta property=\"og:url\" content=\"https:\/\/www.iemj.org\/it\/concert-melodies-hebraiques-un-reve-vieux-de-3000-ans\/\" \/>\n<meta property=\"og:site_name\" content=\"Institut Europ\u00e9en des Musiques Juives\" \/>\n<meta property=\"article:publisher\" content=\"https:\/\/www.facebook.com\/MusiquesJuives\/\" \/>\n<meta property=\"article:published_time\" content=\"2017-05-16T08:56:07+00:00\" \/>\n<meta property=\"article:modified_time\" content=\"2023-11-22T11:23:03+00:00\" \/>\n<meta property=\"og:image\" content=\"https:\/\/www.iemj.org\/wp-content\/uploads\/2017\/05\/arton2301.jpg\" \/>\n\t<meta property=\"og:image:width\" content=\"336\" \/>\n\t<meta property=\"og:image:height\" content=\"441\" \/>\n\t<meta property=\"og:image:type\" content=\"image\/jpeg\" \/>\n<meta name=\"author\" content=\"Jacqueline ROTEN\" \/>\n<meta name=\"twitter:card\" content=\"summary_large_image\" \/>\n<meta name=\"twitter:label1\" content=\"Scritto da\" \/>\n\t<meta name=\"twitter:data1\" content=\"Jacqueline ROTEN\" \/>\n\t<meta name=\"twitter:label2\" content=\"Tempo di lettura stimato\" \/>\n\t<meta name=\"twitter:data2\" content=\"1 minuto\" \/>\n<script type=\"application\/ld+json\" class=\"yoast-schema-graph\">{\"@context\":\"https:\\\/\\\/schema.org\",\"@graph\":[{\"@type\":\"Article\",\"@id\":\"https:\\\/\\\/www.iemj.org\\\/it\\\/concert-melodies-hebraiques-un-reve-vieux-de-3000-ans\\\/#article\",\"isPartOf\":{\"@id\":\"https:\\\/\\\/www.iemj.org\\\/it\\\/concert-melodies-hebraiques-un-reve-vieux-de-3000-ans\\\/\"},\"author\":{\"name\":\"Jacqueline ROTEN\",\"@id\":\"https:\\\/\\\/www.iemj.org\\\/it\\\/#\\\/schema\\\/person\\\/358e26c18aca017fcc4cc15437f7279c\"},\"headline\":\"Concerto &#8220;M\u00e9lodies h\u00e9bra\u00efques, un r\u00eave vieux de 3000 ans&#8221; (&#8220;Melodie ebraiche, un sogno vecchio di 3000 anni&#8221;)\",\"datePublished\":\"2017-05-16T08:56:07+00:00\",\"dateModified\":\"2023-11-22T11:23:03+00:00\",\"mainEntityOfPage\":{\"@id\":\"https:\\\/\\\/www.iemj.org\\\/it\\\/concert-melodies-hebraiques-un-reve-vieux-de-3000-ans\\\/\"},\"wordCount\":224,\"publisher\":{\"@id\":\"https:\\\/\\\/www.iemj.org\\\/it\\\/#organization\"},\"image\":{\"@id\":\"https:\\\/\\\/www.iemj.org\\\/it\\\/concert-melodies-hebraiques-un-reve-vieux-de-3000-ans\\\/#primaryimage\"},\"thumbnailUrl\":\"https:\\\/\\\/www.iemj.org\\\/wp-content\\\/uploads\\\/2017\\\/05\\\/arton2301.jpg\",\"keywords\":[\"Eventi IEMJ\"],\"articleSection\":[\"Concerti\",\"Manifestazioni\"],\"inLanguage\":\"it-IT\"},{\"@type\":\"WebPage\",\"@id\":\"https:\\\/\\\/www.iemj.org\\\/it\\\/concert-melodies-hebraiques-un-reve-vieux-de-3000-ans\\\/\",\"url\":\"https:\\\/\\\/www.iemj.org\\\/it\\\/concert-melodies-hebraiques-un-reve-vieux-de-3000-ans\\\/\",\"name\":\"Concerto \\\"M\u00e9lodies h\u00e9bra\u00efques, un r\u00eave vieux de 3000 ans\\\" (\\\"Melodie ebraiche, un sogno vecchio di 3000 anni\\\") - Institut Europ\u00e9en des Musiques Juives\",\"isPartOf\":{\"@id\":\"https:\\\/\\\/www.iemj.org\\\/it\\\/#website\"},\"primaryImageOfPage\":{\"@id\":\"https:\\\/\\\/www.iemj.org\\\/it\\\/concert-melodies-hebraiques-un-reve-vieux-de-3000-ans\\\/#primaryimage\"},\"image\":{\"@id\":\"https:\\\/\\\/www.iemj.org\\\/it\\\/concert-melodies-hebraiques-un-reve-vieux-de-3000-ans\\\/#primaryimage\"},\"thumbnailUrl\":\"https:\\\/\\\/www.iemj.org\\\/wp-content\\\/uploads\\\/2017\\\/05\\\/arton2301.jpg\",\"datePublished\":\"2017-05-16T08:56:07+00:00\",\"dateModified\":\"2023-11-22T11:23:03+00:00\",\"breadcrumb\":{\"@id\":\"https:\\\/\\\/www.iemj.org\\\/it\\\/concert-melodies-hebraiques-un-reve-vieux-de-3000-ans\\\/#breadcrumb\"},\"inLanguage\":\"it-IT\",\"potentialAction\":[{\"@type\":\"ReadAction\",\"target\":[\"https:\\\/\\\/www.iemj.org\\\/it\\\/concert-melodies-hebraiques-un-reve-vieux-de-3000-ans\\\/\"]}]},{\"@type\":\"ImageObject\",\"inLanguage\":\"it-IT\",\"@id\":\"https:\\\/\\\/www.iemj.org\\\/it\\\/concert-melodies-hebraiques-un-reve-vieux-de-3000-ans\\\/#primaryimage\",\"url\":\"https:\\\/\\\/www.iemj.org\\\/wp-content\\\/uploads\\\/2017\\\/05\\\/arton2301.jpg\",\"contentUrl\":\"https:\\\/\\\/www.iemj.org\\\/wp-content\\\/uploads\\\/2017\\\/05\\\/arton2301.jpg\",\"width\":336,\"height\":441},{\"@type\":\"BreadcrumbList\",\"@id\":\"https:\\\/\\\/www.iemj.org\\\/it\\\/concert-melodies-hebraiques-un-reve-vieux-de-3000-ans\\\/#breadcrumb\",\"itemListElement\":[{\"@type\":\"ListItem\",\"position\":1,\"name\":\"Accueil\",\"item\":\"https:\\\/\\\/www.iemj.org\\\/it\\\/\"},{\"@type\":\"ListItem\",\"position\":2,\"name\":\"Concerto \u00ab\u00a0M\u00e9lodies h\u00e9bra\u00efques, un r\u00eave vieux de 3000 ans\u00a0\u00bb (\u00ab\u00a0Melodie ebraiche, un sogno vecchio di 3000 anni\u00a0\u00bb)\"}]},{\"@type\":\"WebSite\",\"@id\":\"https:\\\/\\\/www.iemj.org\\\/it\\\/#website\",\"url\":\"https:\\\/\\\/www.iemj.org\\\/it\\\/\",\"name\":\"Institut Europ\u00e9en des Musiques Juives\",\"description\":\"Des traditions musicales \u00e0 la port\u00e9e de tous\",\"publisher\":{\"@id\":\"https:\\\/\\\/www.iemj.org\\\/it\\\/#organization\"},\"potentialAction\":[{\"@type\":\"SearchAction\",\"target\":{\"@type\":\"EntryPoint\",\"urlTemplate\":\"https:\\\/\\\/www.iemj.org\\\/it\\\/?s={search_term_string}\"},\"query-input\":{\"@type\":\"PropertyValueSpecification\",\"valueRequired\":true,\"valueName\":\"search_term_string\"}}],\"inLanguage\":\"it-IT\"},{\"@type\":\"Organization\",\"@id\":\"https:\\\/\\\/www.iemj.org\\\/it\\\/#organization\",\"name\":\"Institut Europ\u00e9en des Musiques Juives\",\"url\":\"https:\\\/\\\/www.iemj.org\\\/it\\\/\",\"logo\":{\"@type\":\"ImageObject\",\"inLanguage\":\"it-IT\",\"@id\":\"https:\\\/\\\/www.iemj.org\\\/it\\\/#\\\/schema\\\/logo\\\/image\\\/\",\"url\":\"https:\\\/\\\/www.iemj.org\\\/wp-content\\\/uploads\\\/2021\\\/09\\\/Logo-IEMJ-Paypal.jpg\",\"contentUrl\":\"https:\\\/\\\/www.iemj.org\\\/wp-content\\\/uploads\\\/2021\\\/09\\\/Logo-IEMJ-Paypal.jpg\",\"width\":150,\"height\":50,\"caption\":\"Institut Europ\u00e9en des Musiques Juives\"},\"image\":{\"@id\":\"https:\\\/\\\/www.iemj.org\\\/it\\\/#\\\/schema\\\/logo\\\/image\\\/\"},\"sameAs\":[\"https:\\\/\\\/www.facebook.com\\\/MusiquesJuives\\\/\",\"https:\\\/\\\/www.instagram.com\\\/musiquesjuives\\\/\",\"https:\\\/\\\/www.youtube.com\\\/user\\\/musiquesjuives\"]},{\"@type\":\"Person\",\"@id\":\"https:\\\/\\\/www.iemj.org\\\/it\\\/#\\\/schema\\\/person\\\/358e26c18aca017fcc4cc15437f7279c\",\"name\":\"Jacqueline ROTEN\",\"image\":{\"@type\":\"ImageObject\",\"inLanguage\":\"it-IT\",\"@id\":\"https:\\\/\\\/secure.gravatar.com\\\/avatar\\\/5964256d6c6957de3a3505278957e0fb2a35119ac47ea41827a65301213c810b?s=96&d=mm&r=g\",\"url\":\"https:\\\/\\\/secure.gravatar.com\\\/avatar\\\/5964256d6c6957de3a3505278957e0fb2a35119ac47ea41827a65301213c810b?s=96&d=mm&r=g\",\"contentUrl\":\"https:\\\/\\\/secure.gravatar.com\\\/avatar\\\/5964256d6c6957de3a3505278957e0fb2a35119ac47ea41827a65301213c810b?s=96&d=mm&r=g\",\"caption\":\"Jacqueline ROTEN\"}}]}<\/script>\n<!-- \/ Yoast SEO plugin. -->","yoast_head_json":{"title":"Concerto \"M\u00e9lodies h\u00e9bra\u00efques, un r\u00eave vieux de 3000 ans\" (\"Melodie ebraiche, un sogno vecchio di 3000 anni\") - Institut Europ\u00e9en des Musiques Juives","robots":{"index":"index","follow":"follow","max-snippet":"max-snippet:-1","max-image-preview":"max-image-preview:large","max-video-preview":"max-video-preview:-1"},"canonical":"https:\/\/www.iemj.org\/it\/concert-melodies-hebraiques-un-reve-vieux-de-3000-ans\/","og_locale":"it_IT","og_type":"article","og_title":"Concerto \"M\u00e9lodies h\u00e9bra\u00efques, un r\u00eave vieux de 3000 ans\" (\"Melodie ebraiche, un sogno vecchio di 3000 anni\") - Institut Europ\u00e9en des Musiques Juives","og_description":"Proposto dall&#8217;Institut Europ\u00e9en des Musiques Juives, dagli Archivi Nazionali e dal D&#8217;AC, Dipartimento di Azione Culturale della FSJU. Magnificamente eseguito da Sarah Iancu al violoncello e David Bismuth al pianoforte,","og_url":"https:\/\/www.iemj.org\/it\/concert-melodies-hebraiques-un-reve-vieux-de-3000-ans\/","og_site_name":"Institut Europ\u00e9en des Musiques Juives","article_publisher":"https:\/\/www.facebook.com\/MusiquesJuives\/","article_published_time":"2017-05-16T08:56:07+00:00","article_modified_time":"2023-11-22T11:23:03+00:00","og_image":[{"width":336,"height":441,"url":"https:\/\/www.iemj.org\/wp-content\/uploads\/2017\/05\/arton2301.jpg","type":"image\/jpeg"}],"author":"Jacqueline ROTEN","twitter_card":"summary_large_image","twitter_misc":{"Scritto da":"Jacqueline ROTEN","Tempo di lettura stimato":"1 minuto"},"schema":{"@context":"https:\/\/schema.org","@graph":[{"@type":"Article","@id":"https:\/\/www.iemj.org\/it\/concert-melodies-hebraiques-un-reve-vieux-de-3000-ans\/#article","isPartOf":{"@id":"https:\/\/www.iemj.org\/it\/concert-melodies-hebraiques-un-reve-vieux-de-3000-ans\/"},"author":{"name":"Jacqueline ROTEN","@id":"https:\/\/www.iemj.org\/it\/#\/schema\/person\/358e26c18aca017fcc4cc15437f7279c"},"headline":"Concerto &#8220;M\u00e9lodies h\u00e9bra\u00efques, un r\u00eave vieux de 3000 ans&#8221; (&#8220;Melodie ebraiche, un sogno vecchio di 3000 anni&#8221;)","datePublished":"2017-05-16T08:56:07+00:00","dateModified":"2023-11-22T11:23:03+00:00","mainEntityOfPage":{"@id":"https:\/\/www.iemj.org\/it\/concert-melodies-hebraiques-un-reve-vieux-de-3000-ans\/"},"wordCount":224,"publisher":{"@id":"https:\/\/www.iemj.org\/it\/#organization"},"image":{"@id":"https:\/\/www.iemj.org\/it\/concert-melodies-hebraiques-un-reve-vieux-de-3000-ans\/#primaryimage"},"thumbnailUrl":"https:\/\/www.iemj.org\/wp-content\/uploads\/2017\/05\/arton2301.jpg","keywords":["Eventi IEMJ"],"articleSection":["Concerti","Manifestazioni"],"inLanguage":"it-IT"},{"@type":"WebPage","@id":"https:\/\/www.iemj.org\/it\/concert-melodies-hebraiques-un-reve-vieux-de-3000-ans\/","url":"https:\/\/www.iemj.org\/it\/concert-melodies-hebraiques-un-reve-vieux-de-3000-ans\/","name":"Concerto \"M\u00e9lodies h\u00e9bra\u00efques, un r\u00eave vieux de 3000 ans\" (\"Melodie ebraiche, un sogno vecchio di 3000 anni\") - Institut Europ\u00e9en des Musiques Juives","isPartOf":{"@id":"https:\/\/www.iemj.org\/it\/#website"},"primaryImageOfPage":{"@id":"https:\/\/www.iemj.org\/it\/concert-melodies-hebraiques-un-reve-vieux-de-3000-ans\/#primaryimage"},"image":{"@id":"https:\/\/www.iemj.org\/it\/concert-melodies-hebraiques-un-reve-vieux-de-3000-ans\/#primaryimage"},"thumbnailUrl":"https:\/\/www.iemj.org\/wp-content\/uploads\/2017\/05\/arton2301.jpg","datePublished":"2017-05-16T08:56:07+00:00","dateModified":"2023-11-22T11:23:03+00:00","breadcrumb":{"@id":"https:\/\/www.iemj.org\/it\/concert-melodies-hebraiques-un-reve-vieux-de-3000-ans\/#breadcrumb"},"inLanguage":"it-IT","potentialAction":[{"@type":"ReadAction","target":["https:\/\/www.iemj.org\/it\/concert-melodies-hebraiques-un-reve-vieux-de-3000-ans\/"]}]},{"@type":"ImageObject","inLanguage":"it-IT","@id":"https:\/\/www.iemj.org\/it\/concert-melodies-hebraiques-un-reve-vieux-de-3000-ans\/#primaryimage","url":"https:\/\/www.iemj.org\/wp-content\/uploads\/2017\/05\/arton2301.jpg","contentUrl":"https:\/\/www.iemj.org\/wp-content\/uploads\/2017\/05\/arton2301.jpg","width":336,"height":441},{"@type":"BreadcrumbList","@id":"https:\/\/www.iemj.org\/it\/concert-melodies-hebraiques-un-reve-vieux-de-3000-ans\/#breadcrumb","itemListElement":[{"@type":"ListItem","position":1,"name":"Accueil","item":"https:\/\/www.iemj.org\/it\/"},{"@type":"ListItem","position":2,"name":"Concerto \u00ab\u00a0M\u00e9lodies h\u00e9bra\u00efques, un r\u00eave vieux de 3000 ans\u00a0\u00bb (\u00ab\u00a0Melodie ebraiche, un sogno vecchio di 3000 anni\u00a0\u00bb)"}]},{"@type":"WebSite","@id":"https:\/\/www.iemj.org\/it\/#website","url":"https:\/\/www.iemj.org\/it\/","name":"Institut Europ\u00e9en des Musiques Juives","description":"Des traditions musicales \u00e0 la port\u00e9e de tous","publisher":{"@id":"https:\/\/www.iemj.org\/it\/#organization"},"potentialAction":[{"@type":"SearchAction","target":{"@type":"EntryPoint","urlTemplate":"https:\/\/www.iemj.org\/it\/?s={search_term_string}"},"query-input":{"@type":"PropertyValueSpecification","valueRequired":true,"valueName":"search_term_string"}}],"inLanguage":"it-IT"},{"@type":"Organization","@id":"https:\/\/www.iemj.org\/it\/#organization","name":"Institut Europ\u00e9en des Musiques Juives","url":"https:\/\/www.iemj.org\/it\/","logo":{"@type":"ImageObject","inLanguage":"it-IT","@id":"https:\/\/www.iemj.org\/it\/#\/schema\/logo\/image\/","url":"https:\/\/www.iemj.org\/wp-content\/uploads\/2021\/09\/Logo-IEMJ-Paypal.jpg","contentUrl":"https:\/\/www.iemj.org\/wp-content\/uploads\/2021\/09\/Logo-IEMJ-Paypal.jpg","width":150,"height":50,"caption":"Institut Europ\u00e9en des Musiques Juives"},"image":{"@id":"https:\/\/www.iemj.org\/it\/#\/schema\/logo\/image\/"},"sameAs":["https:\/\/www.facebook.com\/MusiquesJuives\/","https:\/\/www.instagram.com\/musiquesjuives\/","https:\/\/www.youtube.com\/user\/musiquesjuives"]},{"@type":"Person","@id":"https:\/\/www.iemj.org\/it\/#\/schema\/person\/358e26c18aca017fcc4cc15437f7279c","name":"Jacqueline ROTEN","image":{"@type":"ImageObject","inLanguage":"it-IT","@id":"https:\/\/secure.gravatar.com\/avatar\/5964256d6c6957de3a3505278957e0fb2a35119ac47ea41827a65301213c810b?s=96&d=mm&r=g","url":"https:\/\/secure.gravatar.com\/avatar\/5964256d6c6957de3a3505278957e0fb2a35119ac47ea41827a65301213c810b?s=96&d=mm&r=g","contentUrl":"https:\/\/secure.gravatar.com\/avatar\/5964256d6c6957de3a3505278957e0fb2a35119ac47ea41827a65301213c810b?s=96&d=mm&r=g","caption":"Jacqueline ROTEN"}}]}},"_links":{"self":[{"href":"https:\/\/www.iemj.org\/it\/wp-json\/wp\/v2\/posts\/105684","targetHints":{"allow":["GET"]}}],"collection":[{"href":"https:\/\/www.iemj.org\/it\/wp-json\/wp\/v2\/posts"}],"about":[{"href":"https:\/\/www.iemj.org\/it\/wp-json\/wp\/v2\/types\/post"}],"author":[{"embeddable":true,"href":"https:\/\/www.iemj.org\/it\/wp-json\/wp\/v2\/users\/5"}],"replies":[{"embeddable":true,"href":"https:\/\/www.iemj.org\/it\/wp-json\/wp\/v2\/comments?post=105684"}],"version-history":[{"count":0,"href":"https:\/\/www.iemj.org\/it\/wp-json\/wp\/v2\/posts\/105684\/revisions"}],"wp:featuredmedia":[{"embeddable":true,"href":"https:\/\/www.iemj.org\/it\/wp-json\/wp\/v2\/media\/105685"}],"wp:attachment":[{"href":"https:\/\/www.iemj.org\/it\/wp-json\/wp\/v2\/media?parent=105684"}],"wp:term":[{"taxonomy":"category","embeddable":true,"href":"https:\/\/www.iemj.org\/it\/wp-json\/wp\/v2\/categories?post=105684"},{"taxonomy":"post_tag","embeddable":true,"href":"https:\/\/www.iemj.org\/it\/wp-json\/wp\/v2\/tags?post=105684"},{"taxonomy":"technique","embeddable":true,"href":"https:\/\/www.iemj.org\/it\/wp-json\/wp\/v2\/technique?post=105684"},{"taxonomy":"squelettes","embeddable":true,"href":"https:\/\/www.iemj.org\/it\/wp-json\/wp\/v2\/squelettes?post=105684"},{"taxonomy":"sujet","embeddable":true,"href":"https:\/\/www.iemj.org\/it\/wp-json\/wp\/v2\/sujet?post=105684"},{"taxonomy":"formation","embeddable":true,"href":"https:\/\/www.iemj.org\/it\/wp-json\/wp\/v2\/formation?post=105684"},{"taxonomy":"genre","embeddable":true,"href":"https:\/\/www.iemj.org\/it\/wp-json\/wp\/v2\/genre?post=105684"},{"taxonomy":"fonds","embeddable":true,"href":"https:\/\/www.iemj.org\/it\/wp-json\/wp\/v2\/fonds?post=105684"},{"taxonomy":"tradition","embeddable":true,"href":"https:\/\/www.iemj.org\/it\/wp-json\/wp\/v2\/tradition?post=105684"},{"taxonomy":"type-de-contenu","embeddable":true,"href":"https:\/\/www.iemj.org\/it\/wp-json\/wp\/v2\/type-de-contenu?post=105684"},{"taxonomy":"interprete-compositeur","embeddable":true,"href":"https:\/\/www.iemj.org\/it\/wp-json\/wp\/v2\/interprete-compositeur?post=105684"},{"taxonomy":"frise","embeddable":true,"href":"https:\/\/www.iemj.org\/it\/wp-json\/wp\/v2\/frise?post=105684"},{"taxonomy":"type-devenement","embeddable":true,"href":"https:\/\/www.iemj.org\/it\/wp-json\/wp\/v2\/type-devenement?post=105684"},{"taxonomy":"tableaux-liens-externes","embeddable":true,"href":"https:\/\/www.iemj.org\/it\/wp-json\/wp\/v2\/tableaux-liens-externes?post=105684"}],"curies":[{"name":"wp","href":"https:\/\/api.w.org\/{rel}","templated":true}]}}