{"id":105764,"date":"2020-11-24T17:56:51","date_gmt":"2020-11-24T16:56:51","guid":{"rendered":"https:\/\/www.iemj.org\/concert-quatuor-n-11-de-walter-kaufmann\/"},"modified":"2023-11-22T12:35:36","modified_gmt":"2023-11-22T11:35:36","slug":"concert-quatuor-n-11-de-walter-kaufmann","status":"publish","type":"post","link":"https:\/\/www.iemj.org\/it\/concert-quatuor-n-11-de-walter-kaufmann\/","title":{"rendered":"Concerto Quartetto n. 11 di Walter Kaufmann"},"content":{"rendered":"<p>Questo concerto dell&#8217;Ensemble ARC, tenutosi a Toronto (Canada) nell&#8217;aprile 2018 nella Koerner Hall del Royal Conservatory of Music, rende omaggio al compositore Walter Kaufmann (1907-1984), con l&#8217;esecuzione del suo Quartetto n. 11.<\/p>\n<p>Il prestigioso <a href=\"https:\/\/www.rcmusic.com\/performance\/arc-ensemble\" target=\"_blank\" rel=\"noopener\">ARC Ensemble<\/a> (Artists of The Royal Conservatory) si \u00e8 esibito in tutto il mondo, tra cui Tel Aviv, Varsavia, Toronto, New York e Londra. \u00c8 sotto la direzione artistica di <a href=\"https:\/\/promusicahebraica.org\/about-pro-musica-hebraica\/board-of-advisers\/simon-wynberg\/\">Simon Wynberg<\/a> che, nell&#8217;ambito della serie <a href=\"https:\/\/www.iemj.org\/it\/walter-kaufmann-musique-de-chambre\/\">Music in Exile<\/a>, sta conducendo una ricerca sulla musica scomparsa o emarginata dai regimi repressivi del XX secolo.<\/p>\n<p><a href=\"https:\/\/www.iemj.org\/it\/walter-kaufmann-musique-de-chambre\/\" target=\"_blank\" rel=\"noopener\">Per saperne di pi\u00f9 sul compositore Walter Kaufmann<\/a><\/p>\n\n\n<figure class=\"wp-block-video\"><video height=\"720\" style=\"aspect-ratio: 1280 \/ 720;\" width=\"1280\" controls src=\"https:\/\/www.iemj.org\/wp-content\/uploads\/2020\/11\/arc_ensemble_quartet_no._11_walter_kaufmann.mp4\"><\/video><figcaption class=\"wp-element-caption\">Guardare un estratto del concerto<\/figcaption><\/figure>\n\n\n\n<p><\/p>\n","protected":false},"excerpt":{"rendered":"<p>Questo concerto dell&#8217;Ensemble ARC, tenutosi a Toronto (Canada) nell&#8217;aprile 2018 nella Koerner Hall del Royal Conservatory of Music, rende omaggio al compositore Walter Kaufmann (1907-1984), con l&#8217;esecuzione del suo Quartetto<\/p>\n","protected":false},"author":5,"featured_media":105765,"comment_status":"closed","ping_status":"closed","sticky":false,"template":"","format":"standard","meta":{"_acf_changed":false,"footnotes":""},"categories":[1518],"tags":[],"technique":[],"squelettes":[],"sujet":[],"formation":[],"genre":[1901],"fonds":[],"tradition":[],"type-de-contenu":[],"interprete-compositeur":[],"frise":[],"type-devenement":[],"tableaux-liens-externes":[],"class_list":["post-105764","post","type-post","status-publish","format-standard","has-post-thumbnail","hentry","category-concerti-film-it","genre-musica-classica-it"],"acf":[],"yoast_head":"<!-- This site is optimized with the Yoast SEO plugin v27.3 - https:\/\/yoast.com\/product\/yoast-seo-wordpress\/ -->\n<title>Concerto Quartetto n. 11 di Walter Kaufmann - Institut Europ\u00e9en des Musiques Juives<\/title>\n<meta name=\"robots\" content=\"index, follow, max-snippet:-1, max-image-preview:large, max-video-preview:-1\" \/>\n<link rel=\"canonical\" href=\"https:\/\/www.iemj.org\/it\/concert-quatuor-n-11-de-walter-kaufmann\/\" \/>\n<meta property=\"og:locale\" content=\"it_IT\" \/>\n<meta property=\"og:type\" content=\"article\" \/>\n<meta property=\"og:title\" content=\"Concerto Quartetto n. 11 di Walter Kaufmann - Institut Europ\u00e9en des Musiques Juives\" \/>\n<meta property=\"og:description\" content=\"Questo concerto dell&#8217;Ensemble ARC, tenutosi a Toronto (Canada) nell&#8217;aprile 2018 nella Koerner Hall del Royal Conservatory of Music, rende omaggio al compositore Walter Kaufmann (1907-1984), con l&#8217;esecuzione del suo Quartetto\" \/>\n<meta property=\"og:url\" content=\"https:\/\/www.iemj.org\/it\/concert-quatuor-n-11-de-walter-kaufmann\/\" \/>\n<meta property=\"og:site_name\" content=\"Institut Europ\u00e9en des Musiques Juives\" \/>\n<meta property=\"article:publisher\" content=\"https:\/\/www.facebook.com\/MusiquesJuives\/\" \/>\n<meta property=\"article:published_time\" content=\"2020-11-24T16:56:51+00:00\" \/>\n<meta property=\"article:modified_time\" content=\"2023-11-22T11:35:36+00:00\" \/>\n<meta property=\"og:image\" content=\"https:\/\/www.iemj.org\/wp-content\/uploads\/2020\/11\/arton4922-e1617201229435.jpg\" \/>\n\t<meta property=\"og:image:width\" content=\"350\" \/>\n\t<meta property=\"og:image:height\" content=\"240\" \/>\n\t<meta property=\"og:image:type\" content=\"image\/jpeg\" \/>\n<meta name=\"author\" content=\"Jacqueline ROTEN\" \/>\n<meta name=\"twitter:card\" content=\"summary_large_image\" \/>\n<meta name=\"twitter:label1\" content=\"Scritto da\" \/>\n\t<meta name=\"twitter:data1\" content=\"Jacqueline ROTEN\" \/>\n\t<meta name=\"twitter:label2\" content=\"Tempo di lettura stimato\" \/>\n\t<meta name=\"twitter:data2\" content=\"1 minuto\" \/>\n<script type=\"application\/ld+json\" class=\"yoast-schema-graph\">{\"@context\":\"https:\\\/\\\/schema.org\",\"@graph\":[{\"@type\":\"Article\",\"@id\":\"https:\\\/\\\/www.iemj.org\\\/it\\\/concert-quatuor-n-11-de-walter-kaufmann\\\/#article\",\"isPartOf\":{\"@id\":\"https:\\\/\\\/www.iemj.org\\\/it\\\/concert-quatuor-n-11-de-walter-kaufmann\\\/\"},\"author\":{\"name\":\"Jacqueline ROTEN\",\"@id\":\"https:\\\/\\\/www.iemj.org\\\/it\\\/#\\\/schema\\\/person\\\/358e26c18aca017fcc4cc15437f7279c\"},\"headline\":\"Concerto Quartetto n. 11 di Walter Kaufmann\",\"datePublished\":\"2020-11-24T16:56:51+00:00\",\"dateModified\":\"2023-11-22T11:35:36+00:00\",\"mainEntityOfPage\":{\"@id\":\"https:\\\/\\\/www.iemj.org\\\/it\\\/concert-quatuor-n-11-de-walter-kaufmann\\\/\"},\"wordCount\":107,\"publisher\":{\"@id\":\"https:\\\/\\\/www.iemj.org\\\/it\\\/#organization\"},\"image\":{\"@id\":\"https:\\\/\\\/www.iemj.org\\\/it\\\/concert-quatuor-n-11-de-walter-kaufmann\\\/#primaryimage\"},\"thumbnailUrl\":\"https:\\\/\\\/www.iemj.org\\\/wp-content\\\/uploads\\\/2020\\\/11\\\/arton4922-e1617201229435.jpg\",\"articleSection\":[\"Concerti\"],\"inLanguage\":\"it-IT\"},{\"@type\":\"WebPage\",\"@id\":\"https:\\\/\\\/www.iemj.org\\\/it\\\/concert-quatuor-n-11-de-walter-kaufmann\\\/\",\"url\":\"https:\\\/\\\/www.iemj.org\\\/it\\\/concert-quatuor-n-11-de-walter-kaufmann\\\/\",\"name\":\"Concerto Quartetto n. 11 di Walter Kaufmann - Institut Europ\u00e9en des Musiques Juives\",\"isPartOf\":{\"@id\":\"https:\\\/\\\/www.iemj.org\\\/it\\\/#website\"},\"primaryImageOfPage\":{\"@id\":\"https:\\\/\\\/www.iemj.org\\\/it\\\/concert-quatuor-n-11-de-walter-kaufmann\\\/#primaryimage\"},\"image\":{\"@id\":\"https:\\\/\\\/www.iemj.org\\\/it\\\/concert-quatuor-n-11-de-walter-kaufmann\\\/#primaryimage\"},\"thumbnailUrl\":\"https:\\\/\\\/www.iemj.org\\\/wp-content\\\/uploads\\\/2020\\\/11\\\/arton4922-e1617201229435.jpg\",\"datePublished\":\"2020-11-24T16:56:51+00:00\",\"dateModified\":\"2023-11-22T11:35:36+00:00\",\"breadcrumb\":{\"@id\":\"https:\\\/\\\/www.iemj.org\\\/it\\\/concert-quatuor-n-11-de-walter-kaufmann\\\/#breadcrumb\"},\"inLanguage\":\"it-IT\",\"potentialAction\":[{\"@type\":\"ReadAction\",\"target\":[\"https:\\\/\\\/www.iemj.org\\\/it\\\/concert-quatuor-n-11-de-walter-kaufmann\\\/\"]}]},{\"@type\":\"ImageObject\",\"inLanguage\":\"it-IT\",\"@id\":\"https:\\\/\\\/www.iemj.org\\\/it\\\/concert-quatuor-n-11-de-walter-kaufmann\\\/#primaryimage\",\"url\":\"https:\\\/\\\/www.iemj.org\\\/wp-content\\\/uploads\\\/2020\\\/11\\\/arton4922-e1617201229435.jpg\",\"contentUrl\":\"https:\\\/\\\/www.iemj.org\\\/wp-content\\\/uploads\\\/2020\\\/11\\\/arton4922-e1617201229435.jpg\",\"width\":350,\"height\":240},{\"@type\":\"BreadcrumbList\",\"@id\":\"https:\\\/\\\/www.iemj.org\\\/it\\\/concert-quatuor-n-11-de-walter-kaufmann\\\/#breadcrumb\",\"itemListElement\":[{\"@type\":\"ListItem\",\"position\":1,\"name\":\"Accueil\",\"item\":\"https:\\\/\\\/www.iemj.org\\\/it\\\/\"},{\"@type\":\"ListItem\",\"position\":2,\"name\":\"Concerto Quartetto n. 11 di Walter Kaufmann\"}]},{\"@type\":\"WebSite\",\"@id\":\"https:\\\/\\\/www.iemj.org\\\/it\\\/#website\",\"url\":\"https:\\\/\\\/www.iemj.org\\\/it\\\/\",\"name\":\"Institut Europ\u00e9en des Musiques Juives\",\"description\":\"Des traditions musicales \u00e0 la port\u00e9e de tous\",\"publisher\":{\"@id\":\"https:\\\/\\\/www.iemj.org\\\/it\\\/#organization\"},\"potentialAction\":[{\"@type\":\"SearchAction\",\"target\":{\"@type\":\"EntryPoint\",\"urlTemplate\":\"https:\\\/\\\/www.iemj.org\\\/it\\\/?s={search_term_string}\"},\"query-input\":{\"@type\":\"PropertyValueSpecification\",\"valueRequired\":true,\"valueName\":\"search_term_string\"}}],\"inLanguage\":\"it-IT\"},{\"@type\":\"Organization\",\"@id\":\"https:\\\/\\\/www.iemj.org\\\/it\\\/#organization\",\"name\":\"Institut Europ\u00e9en des Musiques Juives\",\"url\":\"https:\\\/\\\/www.iemj.org\\\/it\\\/\",\"logo\":{\"@type\":\"ImageObject\",\"inLanguage\":\"it-IT\",\"@id\":\"https:\\\/\\\/www.iemj.org\\\/it\\\/#\\\/schema\\\/logo\\\/image\\\/\",\"url\":\"https:\\\/\\\/www.iemj.org\\\/wp-content\\\/uploads\\\/2021\\\/09\\\/Logo-IEMJ-Paypal.jpg\",\"contentUrl\":\"https:\\\/\\\/www.iemj.org\\\/wp-content\\\/uploads\\\/2021\\\/09\\\/Logo-IEMJ-Paypal.jpg\",\"width\":150,\"height\":50,\"caption\":\"Institut Europ\u00e9en des Musiques Juives\"},\"image\":{\"@id\":\"https:\\\/\\\/www.iemj.org\\\/it\\\/#\\\/schema\\\/logo\\\/image\\\/\"},\"sameAs\":[\"https:\\\/\\\/www.facebook.com\\\/MusiquesJuives\\\/\",\"https:\\\/\\\/www.instagram.com\\\/musiquesjuives\\\/\",\"https:\\\/\\\/www.youtube.com\\\/user\\\/musiquesjuives\"]},{\"@type\":\"Person\",\"@id\":\"https:\\\/\\\/www.iemj.org\\\/it\\\/#\\\/schema\\\/person\\\/358e26c18aca017fcc4cc15437f7279c\",\"name\":\"Jacqueline ROTEN\",\"image\":{\"@type\":\"ImageObject\",\"inLanguage\":\"it-IT\",\"@id\":\"https:\\\/\\\/secure.gravatar.com\\\/avatar\\\/5964256d6c6957de3a3505278957e0fb2a35119ac47ea41827a65301213c810b?s=96&d=mm&r=g\",\"url\":\"https:\\\/\\\/secure.gravatar.com\\\/avatar\\\/5964256d6c6957de3a3505278957e0fb2a35119ac47ea41827a65301213c810b?s=96&d=mm&r=g\",\"contentUrl\":\"https:\\\/\\\/secure.gravatar.com\\\/avatar\\\/5964256d6c6957de3a3505278957e0fb2a35119ac47ea41827a65301213c810b?s=96&d=mm&r=g\",\"caption\":\"Jacqueline ROTEN\"}}]}<\/script>\n<!-- \/ Yoast SEO plugin. -->","yoast_head_json":{"title":"Concerto Quartetto n. 11 di Walter Kaufmann - Institut Europ\u00e9en des Musiques Juives","robots":{"index":"index","follow":"follow","max-snippet":"max-snippet:-1","max-image-preview":"max-image-preview:large","max-video-preview":"max-video-preview:-1"},"canonical":"https:\/\/www.iemj.org\/it\/concert-quatuor-n-11-de-walter-kaufmann\/","og_locale":"it_IT","og_type":"article","og_title":"Concerto Quartetto n. 11 di Walter Kaufmann - Institut Europ\u00e9en des Musiques Juives","og_description":"Questo concerto dell&#8217;Ensemble ARC, tenutosi a Toronto (Canada) nell&#8217;aprile 2018 nella Koerner Hall del Royal Conservatory of Music, rende omaggio al compositore Walter Kaufmann (1907-1984), con l&#8217;esecuzione del suo Quartetto","og_url":"https:\/\/www.iemj.org\/it\/concert-quatuor-n-11-de-walter-kaufmann\/","og_site_name":"Institut Europ\u00e9en des Musiques Juives","article_publisher":"https:\/\/www.facebook.com\/MusiquesJuives\/","article_published_time":"2020-11-24T16:56:51+00:00","article_modified_time":"2023-11-22T11:35:36+00:00","og_image":[{"width":350,"height":240,"url":"https:\/\/www.iemj.org\/wp-content\/uploads\/2020\/11\/arton4922-e1617201229435.jpg","type":"image\/jpeg"}],"author":"Jacqueline ROTEN","twitter_card":"summary_large_image","twitter_misc":{"Scritto da":"Jacqueline ROTEN","Tempo di lettura stimato":"1 minuto"},"schema":{"@context":"https:\/\/schema.org","@graph":[{"@type":"Article","@id":"https:\/\/www.iemj.org\/it\/concert-quatuor-n-11-de-walter-kaufmann\/#article","isPartOf":{"@id":"https:\/\/www.iemj.org\/it\/concert-quatuor-n-11-de-walter-kaufmann\/"},"author":{"name":"Jacqueline ROTEN","@id":"https:\/\/www.iemj.org\/it\/#\/schema\/person\/358e26c18aca017fcc4cc15437f7279c"},"headline":"Concerto Quartetto n. 11 di Walter Kaufmann","datePublished":"2020-11-24T16:56:51+00:00","dateModified":"2023-11-22T11:35:36+00:00","mainEntityOfPage":{"@id":"https:\/\/www.iemj.org\/it\/concert-quatuor-n-11-de-walter-kaufmann\/"},"wordCount":107,"publisher":{"@id":"https:\/\/www.iemj.org\/it\/#organization"},"image":{"@id":"https:\/\/www.iemj.org\/it\/concert-quatuor-n-11-de-walter-kaufmann\/#primaryimage"},"thumbnailUrl":"https:\/\/www.iemj.org\/wp-content\/uploads\/2020\/11\/arton4922-e1617201229435.jpg","articleSection":["Concerti"],"inLanguage":"it-IT"},{"@type":"WebPage","@id":"https:\/\/www.iemj.org\/it\/concert-quatuor-n-11-de-walter-kaufmann\/","url":"https:\/\/www.iemj.org\/it\/concert-quatuor-n-11-de-walter-kaufmann\/","name":"Concerto Quartetto n. 11 di Walter Kaufmann - Institut Europ\u00e9en des Musiques Juives","isPartOf":{"@id":"https:\/\/www.iemj.org\/it\/#website"},"primaryImageOfPage":{"@id":"https:\/\/www.iemj.org\/it\/concert-quatuor-n-11-de-walter-kaufmann\/#primaryimage"},"image":{"@id":"https:\/\/www.iemj.org\/it\/concert-quatuor-n-11-de-walter-kaufmann\/#primaryimage"},"thumbnailUrl":"https:\/\/www.iemj.org\/wp-content\/uploads\/2020\/11\/arton4922-e1617201229435.jpg","datePublished":"2020-11-24T16:56:51+00:00","dateModified":"2023-11-22T11:35:36+00:00","breadcrumb":{"@id":"https:\/\/www.iemj.org\/it\/concert-quatuor-n-11-de-walter-kaufmann\/#breadcrumb"},"inLanguage":"it-IT","potentialAction":[{"@type":"ReadAction","target":["https:\/\/www.iemj.org\/it\/concert-quatuor-n-11-de-walter-kaufmann\/"]}]},{"@type":"ImageObject","inLanguage":"it-IT","@id":"https:\/\/www.iemj.org\/it\/concert-quatuor-n-11-de-walter-kaufmann\/#primaryimage","url":"https:\/\/www.iemj.org\/wp-content\/uploads\/2020\/11\/arton4922-e1617201229435.jpg","contentUrl":"https:\/\/www.iemj.org\/wp-content\/uploads\/2020\/11\/arton4922-e1617201229435.jpg","width":350,"height":240},{"@type":"BreadcrumbList","@id":"https:\/\/www.iemj.org\/it\/concert-quatuor-n-11-de-walter-kaufmann\/#breadcrumb","itemListElement":[{"@type":"ListItem","position":1,"name":"Accueil","item":"https:\/\/www.iemj.org\/it\/"},{"@type":"ListItem","position":2,"name":"Concerto Quartetto n. 11 di Walter Kaufmann"}]},{"@type":"WebSite","@id":"https:\/\/www.iemj.org\/it\/#website","url":"https:\/\/www.iemj.org\/it\/","name":"Institut Europ\u00e9en des Musiques Juives","description":"Des traditions musicales \u00e0 la port\u00e9e de tous","publisher":{"@id":"https:\/\/www.iemj.org\/it\/#organization"},"potentialAction":[{"@type":"SearchAction","target":{"@type":"EntryPoint","urlTemplate":"https:\/\/www.iemj.org\/it\/?s={search_term_string}"},"query-input":{"@type":"PropertyValueSpecification","valueRequired":true,"valueName":"search_term_string"}}],"inLanguage":"it-IT"},{"@type":"Organization","@id":"https:\/\/www.iemj.org\/it\/#organization","name":"Institut Europ\u00e9en des Musiques Juives","url":"https:\/\/www.iemj.org\/it\/","logo":{"@type":"ImageObject","inLanguage":"it-IT","@id":"https:\/\/www.iemj.org\/it\/#\/schema\/logo\/image\/","url":"https:\/\/www.iemj.org\/wp-content\/uploads\/2021\/09\/Logo-IEMJ-Paypal.jpg","contentUrl":"https:\/\/www.iemj.org\/wp-content\/uploads\/2021\/09\/Logo-IEMJ-Paypal.jpg","width":150,"height":50,"caption":"Institut Europ\u00e9en des Musiques Juives"},"image":{"@id":"https:\/\/www.iemj.org\/it\/#\/schema\/logo\/image\/"},"sameAs":["https:\/\/www.facebook.com\/MusiquesJuives\/","https:\/\/www.instagram.com\/musiquesjuives\/","https:\/\/www.youtube.com\/user\/musiquesjuives"]},{"@type":"Person","@id":"https:\/\/www.iemj.org\/it\/#\/schema\/person\/358e26c18aca017fcc4cc15437f7279c","name":"Jacqueline ROTEN","image":{"@type":"ImageObject","inLanguage":"it-IT","@id":"https:\/\/secure.gravatar.com\/avatar\/5964256d6c6957de3a3505278957e0fb2a35119ac47ea41827a65301213c810b?s=96&d=mm&r=g","url":"https:\/\/secure.gravatar.com\/avatar\/5964256d6c6957de3a3505278957e0fb2a35119ac47ea41827a65301213c810b?s=96&d=mm&r=g","contentUrl":"https:\/\/secure.gravatar.com\/avatar\/5964256d6c6957de3a3505278957e0fb2a35119ac47ea41827a65301213c810b?s=96&d=mm&r=g","caption":"Jacqueline ROTEN"}}]}},"_links":{"self":[{"href":"https:\/\/www.iemj.org\/it\/wp-json\/wp\/v2\/posts\/105764","targetHints":{"allow":["GET"]}}],"collection":[{"href":"https:\/\/www.iemj.org\/it\/wp-json\/wp\/v2\/posts"}],"about":[{"href":"https:\/\/www.iemj.org\/it\/wp-json\/wp\/v2\/types\/post"}],"author":[{"embeddable":true,"href":"https:\/\/www.iemj.org\/it\/wp-json\/wp\/v2\/users\/5"}],"replies":[{"embeddable":true,"href":"https:\/\/www.iemj.org\/it\/wp-json\/wp\/v2\/comments?post=105764"}],"version-history":[{"count":0,"href":"https:\/\/www.iemj.org\/it\/wp-json\/wp\/v2\/posts\/105764\/revisions"}],"wp:featuredmedia":[{"embeddable":true,"href":"https:\/\/www.iemj.org\/it\/wp-json\/wp\/v2\/media\/105765"}],"wp:attachment":[{"href":"https:\/\/www.iemj.org\/it\/wp-json\/wp\/v2\/media?parent=105764"}],"wp:term":[{"taxonomy":"category","embeddable":true,"href":"https:\/\/www.iemj.org\/it\/wp-json\/wp\/v2\/categories?post=105764"},{"taxonomy":"post_tag","embeddable":true,"href":"https:\/\/www.iemj.org\/it\/wp-json\/wp\/v2\/tags?post=105764"},{"taxonomy":"technique","embeddable":true,"href":"https:\/\/www.iemj.org\/it\/wp-json\/wp\/v2\/technique?post=105764"},{"taxonomy":"squelettes","embeddable":true,"href":"https:\/\/www.iemj.org\/it\/wp-json\/wp\/v2\/squelettes?post=105764"},{"taxonomy":"sujet","embeddable":true,"href":"https:\/\/www.iemj.org\/it\/wp-json\/wp\/v2\/sujet?post=105764"},{"taxonomy":"formation","embeddable":true,"href":"https:\/\/www.iemj.org\/it\/wp-json\/wp\/v2\/formation?post=105764"},{"taxonomy":"genre","embeddable":true,"href":"https:\/\/www.iemj.org\/it\/wp-json\/wp\/v2\/genre?post=105764"},{"taxonomy":"fonds","embeddable":true,"href":"https:\/\/www.iemj.org\/it\/wp-json\/wp\/v2\/fonds?post=105764"},{"taxonomy":"tradition","embeddable":true,"href":"https:\/\/www.iemj.org\/it\/wp-json\/wp\/v2\/tradition?post=105764"},{"taxonomy":"type-de-contenu","embeddable":true,"href":"https:\/\/www.iemj.org\/it\/wp-json\/wp\/v2\/type-de-contenu?post=105764"},{"taxonomy":"interprete-compositeur","embeddable":true,"href":"https:\/\/www.iemj.org\/it\/wp-json\/wp\/v2\/interprete-compositeur?post=105764"},{"taxonomy":"frise","embeddable":true,"href":"https:\/\/www.iemj.org\/it\/wp-json\/wp\/v2\/frise?post=105764"},{"taxonomy":"type-devenement","embeddable":true,"href":"https:\/\/www.iemj.org\/it\/wp-json\/wp\/v2\/type-devenement?post=105764"},{"taxonomy":"tableaux-liens-externes","embeddable":true,"href":"https:\/\/www.iemj.org\/it\/wp-json\/wp\/v2\/tableaux-liens-externes?post=105764"}],"curies":[{"name":"wp","href":"https:\/\/api.w.org\/{rel}","templated":true}]}}