{"id":105983,"date":"2023-11-28T11:55:48","date_gmt":"2023-11-28T10:55:48","guid":{"rendered":"https:\/\/www.iemj.org\/camille-erlanger-1863-1919\/"},"modified":"2023-11-28T16:51:59","modified_gmt":"2023-11-28T15:51:59","slug":"camille-erlanger-1863-1919","status":"publish","type":"post","link":"https:\/\/www.iemj.org\/it\/camille-erlanger-1863-1919\/","title":{"rendered":"ERLANGER, CAMILLE (1863-1919)"},"content":{"rendered":"<p>Camille Erlanger \u00e8 uno dei compositori d&#8217;opera della \u201cbelle \u00e9poque\u201d, come Alfred Bruneau, Xavier Leroux, Georges H\u00fce o Henry F\u00e9vrier : conoscono tutti i dettagli della scrittura per il teatro, e la musica drammatica costituisce la maggior parte del loro catalogo. Tuttavia nessuno di loro lascier\u00e0 un\u2019impronta duratura nel panorama lirico del loro tempo, quando la qualit\u00e0 della loro musica meriterebbe loro di occupare un posto significativo nel repertorio teatrale.<\/p>\n<p>Il cognome Erlanger \u00e8 portato da molte famiglie ebraiche di origine tedesca ed alsaziana. \u00c8 comune a diversi musicisti non imparentati tra di loro : i compositori Jules e Gustav Erlanger cos\u00ec come Fr\u00e9d\u00e9ric d&#8217;Erlanger (1868-1943) la cui <img fetchpriority=\"high\" decoding=\"async\" class=\"size-medium wp-image-105937 alignright\" src=\"https:\/\/www.iemj.org\/wp-content\/uploads\/2023\/11\/Saint-Julien-lhospitalier-201x300.jpg\" alt=\"\" width=\"201\" height=\"300\" srcset=\"https:\/\/www.iemj.org\/wp-content\/uploads\/2023\/11\/Saint-Julien-lhospitalier-201x300.jpg 201w, https:\/\/www.iemj.org\/wp-content\/uploads\/2023\/11\/Saint-Julien-lhospitalier.jpg 325w\" sizes=\"(max-width: 201px) 100vw, 201px\" \/>carriera si svolge a Londra. Citeremo anche Rodolphe d&#8217;Erlanger (1872-1932), etnomusicologo, autore di un monumentale studio sulla musica araba.<\/p>\n<p>Nulla, a prima vista, predispone Camille Erlanger alla carriera musicale. I suoi genitori, che lasciano la natia Alsazia per Parigi, erano modesti commercianti lontani dal mondo artistico. Nato il 24 maggio 1863, il bambino mostra un&#8217;evidente predisposizione per la musica. Entra al Conservatorio nel 1881, dove \u00e8 ammesso nel 1886 nella classe di composizione di L\u00e9o Delibes; nel 1888, davanti a Paul Dukas, vince il primo Grand Prix de Rome con la cantata <em>Vell\u00e9da.<\/em> Nel 1895, la sua leggenda lirica <strong><em>Saint-Julien l&#8217;hospitalier<\/em><\/strong>, basata sull&#8217;omonimo racconto di Flaubert, fa grande impressione per la sua ampiezza e l&#8217;audacia armonica che testimoniano il suo fervore wagneriano.<\/p>\n<p>La prima opera lirica di Camille Erlanger, <strong><em>Kermaria<\/em><\/strong>, unisce il fantastico e il leggendario in un&#8217;ambientazione bretone. Creata all&#8217;Op\u00e9ra-Comique nel 1897, ottiene solo un successo mediocre. Il compositore sar\u00e0 pi\u00f9 felice con <strong><em>Le Juif polonais<\/em><\/strong>, tratto da un romanzo di Erckmann-Chatrian. Questo oscuro dramma di colpa e di rimorsi, ambientato in un villaggio alsaziano, si riallaccia all&#8217;estetica naturalista allora rappresentata da compositori come Alfred Bruneau o Gustave Charpentier. Rappresentata con grande successo all&#8217;Op\u00e9ra-Comique nel 1900, <strong><em>Le Juif polonais <\/em><\/strong>sar\u00e0 rappresentata con una certa regolarit\u00e0 fino alla fine degli anni &#8217;30.<\/p>\n\n\n<div class=\"wp-block-columns are-vertically-aligned-top wp-embed-aspect-16-9 wp-has-aspect-ratio is-layout-flex wp-container-core-columns-is-layout-9d6595d7 wp-block-columns-is-layout-flex\">\n<div class=\"wp-block-column is-vertically-aligned-top is-layout-flow wp-block-column-is-layout-flow\">\n<figure class=\"wp-block-image size-full\"><img decoding=\"async\" width=\"337\" height=\"500\" src=\"https:\/\/www.iemj.org\/wp-content\/uploads\/2023\/11\/Kermaria-1897.jpg\" alt=\"\" class=\"wp-image-105922\" srcset=\"https:\/\/www.iemj.org\/wp-content\/uploads\/2023\/11\/Kermaria-1897.jpg 337w, https:\/\/www.iemj.org\/wp-content\/uploads\/2023\/11\/Kermaria-1897-202x300.jpg 202w\" sizes=\"(max-width: 337px) 100vw, 337px\" \/><figcaption class=\"wp-element-caption\"><strong><em>Kermaria<\/em> (1897)<\/strong><\/figcaption><\/figure>\n<\/div>\n\n\n\n<div class=\"wp-block-column is-vertically-aligned-top is-layout-flow wp-block-column-is-layout-flow\">\n<figure class=\"wp-block-image size-full\"><img decoding=\"async\" width=\"310\" height=\"500\" src=\"https:\/\/www.iemj.org\/wp-content\/uploads\/2023\/11\/Le-Juif-Polonais-1900_1.jpg\" alt=\"\" class=\"wp-image-105927\" srcset=\"https:\/\/www.iemj.org\/wp-content\/uploads\/2023\/11\/Le-Juif-Polonais-1900_1.jpg 310w, https:\/\/www.iemj.org\/wp-content\/uploads\/2023\/11\/Le-Juif-Polonais-1900_1-186x300.jpg 186w\" sizes=\"(max-width: 310px) 100vw, 310px\" \/><figcaption class=\"wp-element-caption\"><em><strong>Le Juif Polonais (1900)<\/strong><\/em><\/figcaption><\/figure>\n<\/div>\n\n\n\n<div class=\"wp-block-column is-vertically-aligned-top is-layout-flow wp-block-column-is-layout-flow\">\n<figure class=\"wp-block-image size-full\"><img loading=\"lazy\" decoding=\"async\" width=\"327\" height=\"500\" src=\"https:\/\/www.iemj.org\/wp-content\/uploads\/2023\/11\/Le-Juif-Polonais-1900_2.jpg\" alt=\"\" class=\"wp-image-105932\" srcset=\"https:\/\/www.iemj.org\/wp-content\/uploads\/2023\/11\/Le-Juif-Polonais-1900_2.jpg 327w, https:\/\/www.iemj.org\/wp-content\/uploads\/2023\/11\/Le-Juif-Polonais-1900_2-196x300.jpg 196w\" sizes=\"(max-width: 327px) 100vw, 327px\" \/><figcaption class=\"wp-element-caption\"><em><strong>Le Juif Polonais (1900)<\/strong><\/em><\/figcaption><\/figure>\n<\/div>\n<\/div>\n\n\n<p>E&#8217; senza dubbio attraverso il suo maestro L\u00e9o Delibes che Erlanger entra nel salotto di Isaac de Camondo, banchiere, diplomatico, eminente collezionista d&#8217;arte e compositore dilettante la cui opera <em>Le Clown<\/em> sar\u00e0 rappresentata all&#8217;Op\u00e9ra-Comique nel 1906. Nel 1902 sposa una cuginetta di quest&#8217;ultimo, Ir\u00e8ne Hillel-Manoach (1878-1920) il cui romanzo iniziatico <em>Voyage en kaleidoscope<\/em> diventer\u00e0 un classico della letteratura esoterica e susciter\u00e0 l&#8217;interesse dei surrealisti. Il loro figlio, Philippe Erlanger (1903-1987), alto funzionario, scrittore e critico d&#8217;arte, sar\u00e0 uno degli iniziatori del festival di Cannes.<\/p>\n<p><em><strong><img loading=\"lazy\" decoding=\"async\" class=\"size-medium wp-image-105944 alignleft\" src=\"https:\/\/www.iemj.org\/wp-content\/uploads\/2023\/11\/Le-Fils-de-lEtoile-193x300.jpg\" alt=\"\" width=\"193\" height=\"300\" srcset=\"https:\/\/www.iemj.org\/wp-content\/uploads\/2023\/11\/Le-Fils-de-lEtoile-193x300.jpg 193w, https:\/\/www.iemj.org\/wp-content\/uploads\/2023\/11\/Le-Fils-de-lEtoile.jpg 322w\" sizes=\"(max-width: 193px) 100vw, 193px\" \/><\/strong><\/em><\/p>\n<p><strong><em>Le Fils de l\u2019Etoile<\/em><\/strong>, dramma lirico in cinque atti, vede la sua realizzazione all&#8217;Op\u00e9ra Garnier nel 1904. Il libretto di Catulle Mend\u00e8s raffigura la rivolta degli ebrei, provocata dalla decisione dell&#8217;imperatore Adriano di costruire una citt\u00e0 sull\u2019area del tempio di Gerusalemme. Questo vasto affresco di gusto epico-wagneriano, dove l&#8217;espressione fiammeggiante di Mend\u00e8s maschera difficilmente l\u2019opacit\u00e0 dell&#8217;azione, ottiene solo un successo di stima.<\/p>\n<p>Parallelamente al <em>Figlio della Stella<\/em>, il musicista compone l&#8217;opera che sarebbe stata il suo pi\u00f9 grande successo: <em>Afrodite,<\/em> per la quale Louis de Grammont, con il suo libretto, adatta per la scena il famoso romanzo di Pierre Lou\u00ffs. La carica erotica dell&#8217;argomento, lo splendore della messa in scena al momento della sua creazione all&#8217;Op\u00e9ra-Comique nel 1906 e la presenza di Mary Garden nel ruolo di Chrysis avranno la loro importanza nel grande successo ottenuto dall&#8217;opera. Ma la musica di Erlanger, con il suo innato senso del fondo sonoro, il suo personalissimo trattamento dei motivi principali e la fisionomia spesso inaspettata dei suoi motivi melodici, avranno altrettanta importanza per la riuscita di un&#8217;opera di cui giustamente la musicologa Leslie Wright dir\u00e0 che \u201c il suo carattere ibrido \u00e8 forse pi\u00f9 rivelatore degli inizi del modernismo che di altre partizioni pi\u00f9 uniformi\u201d.<\/p>\n<p>Nel 1909 Erlanger fa rappresentare a Bordeaux <em>Bacchus Triomphant<\/em>, un grande spettacolo popolare, poi, nel 1911 a Rouen, <em>L&#8217;Aube Rouge<\/em>, un dramma ambientato negli ambienti anarchici russi.<\/p>\n<figure id=\"attachment_105949\" aria-describedby=\"caption-attachment-105949\" style=\"width: 205px\" class=\"wp-caption alignright\"><img loading=\"lazy\" decoding=\"async\" class=\"wp-image-105949 size-medium\" src=\"https:\/\/www.iemj.org\/wp-content\/uploads\/2023\/11\/La-Sorciere-1912-205x300.jpg\" alt=\"\" width=\"205\" height=\"300\" srcset=\"https:\/\/www.iemj.org\/wp-content\/uploads\/2023\/11\/La-Sorciere-1912-205x300.jpg 205w, https:\/\/www.iemj.org\/wp-content\/uploads\/2023\/11\/La-Sorciere-1912.jpg 341w\" sizes=\"(max-width: 205px) 100vw, 205px\" \/><figcaption id=\"caption-attachment-105949\" class=\"wp-caption-text\"><strong>Camille Erlanger facendo lavorare Marthe Chenal nel ruolo di Zoraya<\/strong><\/figcaption><\/figure>\n<p>Le sue due opere successive sono composte contemporaneamente: <em>Hannele Mattern<\/em> e <strong><em>La Sorci\u00e8re<\/em><\/strong>, dramma musicale in 4 atti basato su di un dramma di Victorien Sardou. L&#8217;azione, tragica e violenta, narra la storia d&#8217;amore di un capitano degli arcieri di Toledo con una donna musulmana dotata di poteri soprannaturali che sceglieranno il suicidio per sfuggire ai roghi dell&#8217;inquisizione. La creazione, nel 1912 all&#8217;Op\u00e9ra-Comique, suscita, nonostante il suo successo, reazioni contrastanti: la spaventosa rappresentazione della chiesa \u00e8 accolta molto male da alcuni critici i cui commenti sono accompagnati da palesi sfumature antisemite. L&#8217;opera si avvale del soprano Marthe Chenal nel ruolo titolo. Vero e proprio \u201cmostro sacro\u201d, \u00e8 lei l&#8217;interprete prescelta da Erlanger, per la quale creer\u00e0 <em>Bacchus Triomphant, L&#8217;Aube rouge <\/em>e soprattutto <em>La Sorci\u00e8re<\/em> dove l&#8217;ampiezza della sua voce cos\u00ec come la sua presenza scenica faranno una grande impressione.<\/p>\n<p><em>La Sorci\u00e8re<\/em> \u00e8 l&#8217;ultima opera lirica di Erlanger creata da vivo ; alla sua morte lascia due opere incompiute.<\/p>\n<p>Rara trasposizione di un film in un&#8217;opera, <em>Forfaiture,<\/em> realizzata nel 1921, sconvolge per la violenza passionale e la crudezza del libretto. <em>Faublas<\/em>, dal canto suo, non vedr\u00e0 mai le luci della ribalta e lo spartito, completato da Paul Bastide, riposa nelle riserve della Biblioth\u00e8que Nationale de France.<\/p>\n<p><img loading=\"lazy\" decoding=\"async\" class=\"wp-image-105973  alignleft\" src=\"https:\/\/www.iemj.org\/wp-content\/uploads\/2023\/11\/Hanele-1.jpg\" alt=\"\" width=\"187\" height=\"254\" \/><\/p>\n<p>Nel 1913 Erlanger aveva completato <strong><em>Hannele Mattern<\/em><\/strong> che avrebbe dovuto essere rappresentata l&#8217;anno successivo all&#8217;Op\u00e9ra-Comique. Tuttavia, il libretto era basato sull&#8217;omonima opera teatrale di Gerhard Hauptmann e durante la guerra era impensabile eseguire a Parigi un&#8217;opera di un autore tedesco. Poco in sintonia con le rivoluzioni estetiche dei ruggenti anni Venti, la musica di Camille Erlanger, morto il 24 aprile 1919, cadr\u00e0 gradualmente nell&#8217;oblio e <em>Hannele<\/em> <em>Mattern<\/em> vedr\u00e0 diminuire le sue probabilit\u00e0 di essere rappresentata. L\u2019opera sar\u00e0 tuttavia creata a Strasburgo nel 1950 senza suscitare molto pi\u00f9 che una cortese indifferenza. Ed \u00e8 sicuramente questa l&#8217;ultima volta che un&#8217;opera di Erlanger viene rappresentata sulla scena.<\/p>\n<p>Se Camille Erlanger si afferma soprattutto come compositore lirico, il suo catalogo comprende numerose melodie, alcune pagine pianistiche e sinfoniche, nonch\u00e9 una musica per <em>La Supr\u00eame<\/em> <em>Epop\u00e9e<\/em>, film di propaganda patriottica di Henri Desfontaines, prodotto dal Service photographique et cin\u00e9matographique des Arm\u00e9es, nel 1919.<\/p>\n<p>Lo stile musicale di Erlanger \u00e8 caratterizzato dalla densit\u00e0 della scrittura, dall&#8217;abbondanza di motivi principali e dall&#8217;opulenza dell&#8217;orchestrazione. Il suo linguaggio armonico non si sottrae a delle audacie a volte sorprendenti che possono condurre brevemente alle frontiere della tonalit\u00e0. Eccezionale orchestratore, ha un evidente dono per la scena musicale sapendola ambientare in modo sorprendente ed in poche battute. Le grandi effusioni liriche, gli slanci melodici voluttuosi fanno raramente parte del suo vocabolario. Le sue qualit\u00e0 di drammaturgo si cristallizzano attorno al suo straordinario senso dello scenario sonoro. Attraverso la singolarit\u00e0 di un disegno melodico o di una sequenza armonica, riesce a creare un quadro musicale di notevole efficacia, dotato di una forza evocatrice che gli permette di caratterizzare i suoi personaggi, le loro personalit\u00e0 ed i loro stati d&#8217;animo. Questo approccio molto teatrale e allo stesso tempo non convenzionale sembra aver sconcertato all&#8217;epoca sia gli appassionati di un&#8217;arte operistica tradizionale radicata nella tradizione Gounod-Massenet sia gli appassionati di un\u2019\u201cart nouveau\u201d dell&#8217;opera rappresentata da compositori come Debussy, d&#8217;Indy o Dukas.<\/p>\n\n\n<div class=\"wp-block-columns is-layout-flex wp-container-core-columns-is-layout-9d6595d7 wp-block-columns-is-layout-flex\">\n<div class=\"wp-block-column is-layout-flow wp-block-column-is-layout-flow\">\n<figure class=\"wp-block-image size-full\"><img loading=\"lazy\" decoding=\"async\" width=\"500\" height=\"360\" src=\"https:\/\/www.iemj.org\/wp-content\/uploads\/2023\/11\/Camille-Erlanger-et-Catulle-Mendes-par-Leonetto-Cappiello-1904.jpg\" alt=\"\" class=\"wp-image-105960\" srcset=\"https:\/\/www.iemj.org\/wp-content\/uploads\/2023\/11\/Camille-Erlanger-et-Catulle-Mendes-par-Leonetto-Cappiello-1904.jpg 500w, https:\/\/www.iemj.org\/wp-content\/uploads\/2023\/11\/Camille-Erlanger-et-Catulle-Mendes-par-Leonetto-Cappiello-1904-300x216.jpg 300w\" sizes=\"(max-width: 500px) 100vw, 500px\" \/><figcaption class=\"wp-element-caption\"><strong>Camille Erlanger e Catulle Mend\u00e8s, di Leonetto Cappiello (1904)<\/strong><\/figcaption><\/figure>\n<\/div>\n\n\n\n<div class=\"wp-block-column is-layout-flow wp-block-column-is-layout-flow\">\n<figure class=\"wp-block-image size-full\"><img loading=\"lazy\" decoding=\"async\" width=\"500\" height=\"376\" src=\"https:\/\/www.iemj.org\/wp-content\/uploads\/2023\/11\/Theatre-National-La-Sorciere.jpg\" alt=\"\" class=\"wp-image-105965\" srcset=\"https:\/\/www.iemj.org\/wp-content\/uploads\/2023\/11\/Theatre-National-La-Sorciere.jpg 500w, https:\/\/www.iemj.org\/wp-content\/uploads\/2023\/11\/Theatre-National-La-Sorciere-300x226.jpg 300w\" sizes=\"(max-width: 500px) 100vw, 500px\" \/><figcaption class=\"wp-element-caption\"><strong>Th\u00e9\u00e2tre National de l&#8217;Op\u00e9ra-Comique &#8211; <em>La Sorci\u00e8re<\/em><\/strong> <strong>&#8211; Atto IV<\/strong><\/figcaption><\/figure>\n<\/div>\n<\/div>\n\n\n\n<figure class=\"wp-block-embed is-type-video is-provider-youtube wp-block-embed-youtube wp-embed-aspect-16-9 wp-has-aspect-ratio\"><div class=\"wp-block-embed__wrapper\">\n<iframe title=\"Aphrodite (Erlanger) Acte II - Partie 2 - Ch\u0153ur des courtisanes et Sc\u00e8ne des offrandes (dir. Aubin)\" width=\"640\" height=\"360\" src=\"https:\/\/www.youtube.com\/embed\/4ssE5_rybLA?list=PL2110Qqi0eq5FCG3cQ3Fijd_2_YgG-NHP\" frameborder=\"0\" allow=\"accelerometer; autoplay; clipboard-write; encrypted-media; gyroscope; picture-in-picture; web-share\" referrerpolicy=\"strict-origin-when-cross-origin\" allowfullscreen><\/iframe>\n<\/div><\/figure>\n","protected":false},"excerpt":{"rendered":"<p>Camille Erlanger \u00e8 uno dei compositori d&#8217;opera della \u201cbelle \u00e9poque\u201d, come Alfred Bruneau, Xavier Leroux, Georges H\u00fce o Henry F\u00e9vrier : conoscono tutti i dettagli della scrittura per il teatro,<\/p>\n","protected":false},"author":5,"featured_media":105920,"comment_status":"closed","ping_status":"closed","sticky":false,"template":"","format":"standard","meta":{"_acf_changed":false,"footnotes":""},"categories":[1416],"tags":[],"technique":[],"squelettes":[],"sujet":[],"formation":[],"genre":[],"fonds":[],"tradition":[],"type-de-contenu":[],"interprete-compositeur":[],"frise":[],"type-devenement":[],"tableaux-liens-externes":[],"class_list":["post-105983","post","type-post","status-publish","format-standard","has-post-thumbnail","hentry","category-biografie-it"],"acf":[],"yoast_head":"<!-- This site is optimized with the Yoast SEO plugin v27.3 - https:\/\/yoast.com\/product\/yoast-seo-wordpress\/ -->\n<title>ERLANGER, CAMILLE (1863-1919) - Institut Europ\u00e9en des Musiques Juives<\/title>\n<meta name=\"robots\" content=\"index, follow, max-snippet:-1, max-image-preview:large, max-video-preview:-1\" \/>\n<link rel=\"canonical\" href=\"https:\/\/www.iemj.org\/it\/camille-erlanger-1863-1919\/\" \/>\n<meta property=\"og:locale\" content=\"it_IT\" \/>\n<meta property=\"og:type\" content=\"article\" \/>\n<meta property=\"og:title\" content=\"ERLANGER, CAMILLE (1863-1919) - Institut Europ\u00e9en des Musiques Juives\" \/>\n<meta property=\"og:description\" content=\"Camille Erlanger \u00e8 uno dei compositori d&#8217;opera della \u201cbelle \u00e9poque\u201d, come Alfred Bruneau, Xavier Leroux, Georges H\u00fce o Henry F\u00e9vrier : conoscono tutti i dettagli della scrittura per il teatro,\" \/>\n<meta property=\"og:url\" content=\"https:\/\/www.iemj.org\/it\/camille-erlanger-1863-1919\/\" \/>\n<meta property=\"og:site_name\" content=\"Institut Europ\u00e9en des Musiques Juives\" \/>\n<meta property=\"article:publisher\" content=\"https:\/\/www.facebook.com\/MusiquesJuives\/\" \/>\n<meta property=\"article:published_time\" content=\"2023-11-28T10:55:48+00:00\" \/>\n<meta property=\"article:modified_time\" content=\"2023-11-28T15:51:59+00:00\" \/>\n<meta property=\"og:image\" content=\"https:\/\/www.iemj.org\/wp-content\/uploads\/2023\/11\/Logo-Bio.jpg\" \/>\n\t<meta property=\"og:image:width\" content=\"182\" \/>\n\t<meta property=\"og:image:height\" content=\"218\" \/>\n\t<meta property=\"og:image:type\" content=\"image\/jpeg\" \/>\n<meta name=\"author\" content=\"Jacqueline ROTEN\" \/>\n<meta name=\"twitter:card\" content=\"summary_large_image\" \/>\n<meta name=\"twitter:label1\" content=\"Scritto da\" \/>\n\t<meta name=\"twitter:data1\" content=\"Jacqueline ROTEN\" \/>\n\t<meta name=\"twitter:label2\" content=\"Tempo di lettura stimato\" \/>\n\t<meta name=\"twitter:data2\" content=\"8 minuti\" \/>\n<script type=\"application\/ld+json\" class=\"yoast-schema-graph\">{\"@context\":\"https:\\\/\\\/schema.org\",\"@graph\":[{\"@type\":\"Article\",\"@id\":\"https:\\\/\\\/www.iemj.org\\\/it\\\/camille-erlanger-1863-1919\\\/#article\",\"isPartOf\":{\"@id\":\"https:\\\/\\\/www.iemj.org\\\/it\\\/camille-erlanger-1863-1919\\\/\"},\"author\":{\"name\":\"Jacqueline ROTEN\",\"@id\":\"https:\\\/\\\/www.iemj.org\\\/it\\\/#\\\/schema\\\/person\\\/358e26c18aca017fcc4cc15437f7279c\"},\"headline\":\"ERLANGER, CAMILLE (1863-1919)\",\"datePublished\":\"2023-11-28T10:55:48+00:00\",\"dateModified\":\"2023-11-28T15:51:59+00:00\",\"mainEntityOfPage\":{\"@id\":\"https:\\\/\\\/www.iemj.org\\\/it\\\/camille-erlanger-1863-1919\\\/\"},\"wordCount\":1265,\"publisher\":{\"@id\":\"https:\\\/\\\/www.iemj.org\\\/it\\\/#organization\"},\"image\":{\"@id\":\"https:\\\/\\\/www.iemj.org\\\/it\\\/camille-erlanger-1863-1919\\\/#primaryimage\"},\"thumbnailUrl\":\"https:\\\/\\\/www.iemj.org\\\/wp-content\\\/uploads\\\/2023\\\/11\\\/Logo-Bio.jpg\",\"articleSection\":[\"Biografie\"],\"inLanguage\":\"it-IT\"},{\"@type\":\"WebPage\",\"@id\":\"https:\\\/\\\/www.iemj.org\\\/it\\\/camille-erlanger-1863-1919\\\/\",\"url\":\"https:\\\/\\\/www.iemj.org\\\/it\\\/camille-erlanger-1863-1919\\\/\",\"name\":\"ERLANGER, CAMILLE (1863-1919) - Institut Europ\u00e9en des Musiques Juives\",\"isPartOf\":{\"@id\":\"https:\\\/\\\/www.iemj.org\\\/it\\\/#website\"},\"primaryImageOfPage\":{\"@id\":\"https:\\\/\\\/www.iemj.org\\\/it\\\/camille-erlanger-1863-1919\\\/#primaryimage\"},\"image\":{\"@id\":\"https:\\\/\\\/www.iemj.org\\\/it\\\/camille-erlanger-1863-1919\\\/#primaryimage\"},\"thumbnailUrl\":\"https:\\\/\\\/www.iemj.org\\\/wp-content\\\/uploads\\\/2023\\\/11\\\/Logo-Bio.jpg\",\"datePublished\":\"2023-11-28T10:55:48+00:00\",\"dateModified\":\"2023-11-28T15:51:59+00:00\",\"breadcrumb\":{\"@id\":\"https:\\\/\\\/www.iemj.org\\\/it\\\/camille-erlanger-1863-1919\\\/#breadcrumb\"},\"inLanguage\":\"it-IT\",\"potentialAction\":[{\"@type\":\"ReadAction\",\"target\":[\"https:\\\/\\\/www.iemj.org\\\/it\\\/camille-erlanger-1863-1919\\\/\"]}]},{\"@type\":\"ImageObject\",\"inLanguage\":\"it-IT\",\"@id\":\"https:\\\/\\\/www.iemj.org\\\/it\\\/camille-erlanger-1863-1919\\\/#primaryimage\",\"url\":\"https:\\\/\\\/www.iemj.org\\\/wp-content\\\/uploads\\\/2023\\\/11\\\/Logo-Bio.jpg\",\"contentUrl\":\"https:\\\/\\\/www.iemj.org\\\/wp-content\\\/uploads\\\/2023\\\/11\\\/Logo-Bio.jpg\",\"width\":182,\"height\":218},{\"@type\":\"BreadcrumbList\",\"@id\":\"https:\\\/\\\/www.iemj.org\\\/it\\\/camille-erlanger-1863-1919\\\/#breadcrumb\",\"itemListElement\":[{\"@type\":\"ListItem\",\"position\":1,\"name\":\"Accueil\",\"item\":\"https:\\\/\\\/www.iemj.org\\\/it\\\/\"},{\"@type\":\"ListItem\",\"position\":2,\"name\":\"ERLANGER, CAMILLE (1863-1919)\"}]},{\"@type\":\"WebSite\",\"@id\":\"https:\\\/\\\/www.iemj.org\\\/it\\\/#website\",\"url\":\"https:\\\/\\\/www.iemj.org\\\/it\\\/\",\"name\":\"Institut Europ\u00e9en des Musiques Juives\",\"description\":\"Des traditions musicales \u00e0 la port\u00e9e de tous\",\"publisher\":{\"@id\":\"https:\\\/\\\/www.iemj.org\\\/it\\\/#organization\"},\"potentialAction\":[{\"@type\":\"SearchAction\",\"target\":{\"@type\":\"EntryPoint\",\"urlTemplate\":\"https:\\\/\\\/www.iemj.org\\\/it\\\/?s={search_term_string}\"},\"query-input\":{\"@type\":\"PropertyValueSpecification\",\"valueRequired\":true,\"valueName\":\"search_term_string\"}}],\"inLanguage\":\"it-IT\"},{\"@type\":\"Organization\",\"@id\":\"https:\\\/\\\/www.iemj.org\\\/it\\\/#organization\",\"name\":\"Institut Europ\u00e9en des Musiques Juives\",\"url\":\"https:\\\/\\\/www.iemj.org\\\/it\\\/\",\"logo\":{\"@type\":\"ImageObject\",\"inLanguage\":\"it-IT\",\"@id\":\"https:\\\/\\\/www.iemj.org\\\/it\\\/#\\\/schema\\\/logo\\\/image\\\/\",\"url\":\"https:\\\/\\\/www.iemj.org\\\/wp-content\\\/uploads\\\/2021\\\/09\\\/Logo-IEMJ-Paypal.jpg\",\"contentUrl\":\"https:\\\/\\\/www.iemj.org\\\/wp-content\\\/uploads\\\/2021\\\/09\\\/Logo-IEMJ-Paypal.jpg\",\"width\":150,\"height\":50,\"caption\":\"Institut Europ\u00e9en des Musiques Juives\"},\"image\":{\"@id\":\"https:\\\/\\\/www.iemj.org\\\/it\\\/#\\\/schema\\\/logo\\\/image\\\/\"},\"sameAs\":[\"https:\\\/\\\/www.facebook.com\\\/MusiquesJuives\\\/\",\"https:\\\/\\\/www.instagram.com\\\/musiquesjuives\\\/\",\"https:\\\/\\\/www.youtube.com\\\/user\\\/musiquesjuives\"]},{\"@type\":\"Person\",\"@id\":\"https:\\\/\\\/www.iemj.org\\\/it\\\/#\\\/schema\\\/person\\\/358e26c18aca017fcc4cc15437f7279c\",\"name\":\"Jacqueline ROTEN\",\"image\":{\"@type\":\"ImageObject\",\"inLanguage\":\"it-IT\",\"@id\":\"https:\\\/\\\/secure.gravatar.com\\\/avatar\\\/5964256d6c6957de3a3505278957e0fb2a35119ac47ea41827a65301213c810b?s=96&d=mm&r=g\",\"url\":\"https:\\\/\\\/secure.gravatar.com\\\/avatar\\\/5964256d6c6957de3a3505278957e0fb2a35119ac47ea41827a65301213c810b?s=96&d=mm&r=g\",\"contentUrl\":\"https:\\\/\\\/secure.gravatar.com\\\/avatar\\\/5964256d6c6957de3a3505278957e0fb2a35119ac47ea41827a65301213c810b?s=96&d=mm&r=g\",\"caption\":\"Jacqueline ROTEN\"}}]}<\/script>\n<!-- \/ Yoast SEO plugin. -->","yoast_head_json":{"title":"ERLANGER, CAMILLE (1863-1919) - Institut Europ\u00e9en des Musiques Juives","robots":{"index":"index","follow":"follow","max-snippet":"max-snippet:-1","max-image-preview":"max-image-preview:large","max-video-preview":"max-video-preview:-1"},"canonical":"https:\/\/www.iemj.org\/it\/camille-erlanger-1863-1919\/","og_locale":"it_IT","og_type":"article","og_title":"ERLANGER, CAMILLE (1863-1919) - Institut Europ\u00e9en des Musiques Juives","og_description":"Camille Erlanger \u00e8 uno dei compositori d&#8217;opera della \u201cbelle \u00e9poque\u201d, come Alfred Bruneau, Xavier Leroux, Georges H\u00fce o Henry F\u00e9vrier : conoscono tutti i dettagli della scrittura per il teatro,","og_url":"https:\/\/www.iemj.org\/it\/camille-erlanger-1863-1919\/","og_site_name":"Institut Europ\u00e9en des Musiques Juives","article_publisher":"https:\/\/www.facebook.com\/MusiquesJuives\/","article_published_time":"2023-11-28T10:55:48+00:00","article_modified_time":"2023-11-28T15:51:59+00:00","og_image":[{"width":182,"height":218,"url":"https:\/\/www.iemj.org\/wp-content\/uploads\/2023\/11\/Logo-Bio.jpg","type":"image\/jpeg"}],"author":"Jacqueline ROTEN","twitter_card":"summary_large_image","twitter_misc":{"Scritto da":"Jacqueline ROTEN","Tempo di lettura stimato":"8 minuti"},"schema":{"@context":"https:\/\/schema.org","@graph":[{"@type":"Article","@id":"https:\/\/www.iemj.org\/it\/camille-erlanger-1863-1919\/#article","isPartOf":{"@id":"https:\/\/www.iemj.org\/it\/camille-erlanger-1863-1919\/"},"author":{"name":"Jacqueline ROTEN","@id":"https:\/\/www.iemj.org\/it\/#\/schema\/person\/358e26c18aca017fcc4cc15437f7279c"},"headline":"ERLANGER, CAMILLE (1863-1919)","datePublished":"2023-11-28T10:55:48+00:00","dateModified":"2023-11-28T15:51:59+00:00","mainEntityOfPage":{"@id":"https:\/\/www.iemj.org\/it\/camille-erlanger-1863-1919\/"},"wordCount":1265,"publisher":{"@id":"https:\/\/www.iemj.org\/it\/#organization"},"image":{"@id":"https:\/\/www.iemj.org\/it\/camille-erlanger-1863-1919\/#primaryimage"},"thumbnailUrl":"https:\/\/www.iemj.org\/wp-content\/uploads\/2023\/11\/Logo-Bio.jpg","articleSection":["Biografie"],"inLanguage":"it-IT"},{"@type":"WebPage","@id":"https:\/\/www.iemj.org\/it\/camille-erlanger-1863-1919\/","url":"https:\/\/www.iemj.org\/it\/camille-erlanger-1863-1919\/","name":"ERLANGER, CAMILLE (1863-1919) - Institut Europ\u00e9en des Musiques Juives","isPartOf":{"@id":"https:\/\/www.iemj.org\/it\/#website"},"primaryImageOfPage":{"@id":"https:\/\/www.iemj.org\/it\/camille-erlanger-1863-1919\/#primaryimage"},"image":{"@id":"https:\/\/www.iemj.org\/it\/camille-erlanger-1863-1919\/#primaryimage"},"thumbnailUrl":"https:\/\/www.iemj.org\/wp-content\/uploads\/2023\/11\/Logo-Bio.jpg","datePublished":"2023-11-28T10:55:48+00:00","dateModified":"2023-11-28T15:51:59+00:00","breadcrumb":{"@id":"https:\/\/www.iemj.org\/it\/camille-erlanger-1863-1919\/#breadcrumb"},"inLanguage":"it-IT","potentialAction":[{"@type":"ReadAction","target":["https:\/\/www.iemj.org\/it\/camille-erlanger-1863-1919\/"]}]},{"@type":"ImageObject","inLanguage":"it-IT","@id":"https:\/\/www.iemj.org\/it\/camille-erlanger-1863-1919\/#primaryimage","url":"https:\/\/www.iemj.org\/wp-content\/uploads\/2023\/11\/Logo-Bio.jpg","contentUrl":"https:\/\/www.iemj.org\/wp-content\/uploads\/2023\/11\/Logo-Bio.jpg","width":182,"height":218},{"@type":"BreadcrumbList","@id":"https:\/\/www.iemj.org\/it\/camille-erlanger-1863-1919\/#breadcrumb","itemListElement":[{"@type":"ListItem","position":1,"name":"Accueil","item":"https:\/\/www.iemj.org\/it\/"},{"@type":"ListItem","position":2,"name":"ERLANGER, CAMILLE (1863-1919)"}]},{"@type":"WebSite","@id":"https:\/\/www.iemj.org\/it\/#website","url":"https:\/\/www.iemj.org\/it\/","name":"Institut Europ\u00e9en des Musiques Juives","description":"Des traditions musicales \u00e0 la port\u00e9e de tous","publisher":{"@id":"https:\/\/www.iemj.org\/it\/#organization"},"potentialAction":[{"@type":"SearchAction","target":{"@type":"EntryPoint","urlTemplate":"https:\/\/www.iemj.org\/it\/?s={search_term_string}"},"query-input":{"@type":"PropertyValueSpecification","valueRequired":true,"valueName":"search_term_string"}}],"inLanguage":"it-IT"},{"@type":"Organization","@id":"https:\/\/www.iemj.org\/it\/#organization","name":"Institut Europ\u00e9en des Musiques Juives","url":"https:\/\/www.iemj.org\/it\/","logo":{"@type":"ImageObject","inLanguage":"it-IT","@id":"https:\/\/www.iemj.org\/it\/#\/schema\/logo\/image\/","url":"https:\/\/www.iemj.org\/wp-content\/uploads\/2021\/09\/Logo-IEMJ-Paypal.jpg","contentUrl":"https:\/\/www.iemj.org\/wp-content\/uploads\/2021\/09\/Logo-IEMJ-Paypal.jpg","width":150,"height":50,"caption":"Institut Europ\u00e9en des Musiques Juives"},"image":{"@id":"https:\/\/www.iemj.org\/it\/#\/schema\/logo\/image\/"},"sameAs":["https:\/\/www.facebook.com\/MusiquesJuives\/","https:\/\/www.instagram.com\/musiquesjuives\/","https:\/\/www.youtube.com\/user\/musiquesjuives"]},{"@type":"Person","@id":"https:\/\/www.iemj.org\/it\/#\/schema\/person\/358e26c18aca017fcc4cc15437f7279c","name":"Jacqueline ROTEN","image":{"@type":"ImageObject","inLanguage":"it-IT","@id":"https:\/\/secure.gravatar.com\/avatar\/5964256d6c6957de3a3505278957e0fb2a35119ac47ea41827a65301213c810b?s=96&d=mm&r=g","url":"https:\/\/secure.gravatar.com\/avatar\/5964256d6c6957de3a3505278957e0fb2a35119ac47ea41827a65301213c810b?s=96&d=mm&r=g","contentUrl":"https:\/\/secure.gravatar.com\/avatar\/5964256d6c6957de3a3505278957e0fb2a35119ac47ea41827a65301213c810b?s=96&d=mm&r=g","caption":"Jacqueline ROTEN"}}]}},"_links":{"self":[{"href":"https:\/\/www.iemj.org\/it\/wp-json\/wp\/v2\/posts\/105983","targetHints":{"allow":["GET"]}}],"collection":[{"href":"https:\/\/www.iemj.org\/it\/wp-json\/wp\/v2\/posts"}],"about":[{"href":"https:\/\/www.iemj.org\/it\/wp-json\/wp\/v2\/types\/post"}],"author":[{"embeddable":true,"href":"https:\/\/www.iemj.org\/it\/wp-json\/wp\/v2\/users\/5"}],"replies":[{"embeddable":true,"href":"https:\/\/www.iemj.org\/it\/wp-json\/wp\/v2\/comments?post=105983"}],"version-history":[{"count":0,"href":"https:\/\/www.iemj.org\/it\/wp-json\/wp\/v2\/posts\/105983\/revisions"}],"wp:featuredmedia":[{"embeddable":true,"href":"https:\/\/www.iemj.org\/it\/wp-json\/wp\/v2\/media\/105920"}],"wp:attachment":[{"href":"https:\/\/www.iemj.org\/it\/wp-json\/wp\/v2\/media?parent=105983"}],"wp:term":[{"taxonomy":"category","embeddable":true,"href":"https:\/\/www.iemj.org\/it\/wp-json\/wp\/v2\/categories?post=105983"},{"taxonomy":"post_tag","embeddable":true,"href":"https:\/\/www.iemj.org\/it\/wp-json\/wp\/v2\/tags?post=105983"},{"taxonomy":"technique","embeddable":true,"href":"https:\/\/www.iemj.org\/it\/wp-json\/wp\/v2\/technique?post=105983"},{"taxonomy":"squelettes","embeddable":true,"href":"https:\/\/www.iemj.org\/it\/wp-json\/wp\/v2\/squelettes?post=105983"},{"taxonomy":"sujet","embeddable":true,"href":"https:\/\/www.iemj.org\/it\/wp-json\/wp\/v2\/sujet?post=105983"},{"taxonomy":"formation","embeddable":true,"href":"https:\/\/www.iemj.org\/it\/wp-json\/wp\/v2\/formation?post=105983"},{"taxonomy":"genre","embeddable":true,"href":"https:\/\/www.iemj.org\/it\/wp-json\/wp\/v2\/genre?post=105983"},{"taxonomy":"fonds","embeddable":true,"href":"https:\/\/www.iemj.org\/it\/wp-json\/wp\/v2\/fonds?post=105983"},{"taxonomy":"tradition","embeddable":true,"href":"https:\/\/www.iemj.org\/it\/wp-json\/wp\/v2\/tradition?post=105983"},{"taxonomy":"type-de-contenu","embeddable":true,"href":"https:\/\/www.iemj.org\/it\/wp-json\/wp\/v2\/type-de-contenu?post=105983"},{"taxonomy":"interprete-compositeur","embeddable":true,"href":"https:\/\/www.iemj.org\/it\/wp-json\/wp\/v2\/interprete-compositeur?post=105983"},{"taxonomy":"frise","embeddable":true,"href":"https:\/\/www.iemj.org\/it\/wp-json\/wp\/v2\/frise?post=105983"},{"taxonomy":"type-devenement","embeddable":true,"href":"https:\/\/www.iemj.org\/it\/wp-json\/wp\/v2\/type-devenement?post=105983"},{"taxonomy":"tableaux-liens-externes","embeddable":true,"href":"https:\/\/www.iemj.org\/it\/wp-json\/wp\/v2\/tableaux-liens-externes?post=105983"}],"curies":[{"name":"wp","href":"https:\/\/api.w.org\/{rel}","templated":true}]}}