{"id":106261,"date":"2016-02-04T09:55:10","date_gmt":"2016-02-04T08:55:10","guid":{"rendered":"https:\/\/www.iemj.org\/fernand-halphen-un-compositeur-dans-la-grande-guerre-2\/"},"modified":"2025-10-01T13:03:06","modified_gmt":"2025-10-01T11:03:06","slug":"fernand-halphen-un-compositeur-dans-la-grande-guerre-2","status":"publish","type":"post","link":"https:\/\/www.iemj.org\/it\/fernand-halphen-un-compositeur-dans-la-grande-guerre-2\/","title":{"rendered":"Fernand Halphen, un compositore nella Grande Guerra"},"content":{"rendered":"<p>Guarda alcuni estratti del concerto del 6 aprile 2014, organizzato dall&#8217;Institut Europ\u00e9en des Musiques Juives e dal Mus\u00e9e d&#8217;Art et d&#8217;Histoire du Juda\u00efsme, con opere di Fernand Halphen, Gabriel Faur\u00e9, Reynaldo Hahn, Jules Massenet e Claude Debussy, in occasione del centenario della guerra 1914-1918.<\/p>\n<p><!--more-->Il concerto \u00e8 stato introdotto dalla musicologa Laure Schnapper, presidente dell&#8217;IEMJ. Gli interpreti erano Marie-Laure Garnier (soprano), C\u00e9lia Oneto Bensa\u00efd (pianoforte) e C\u00e9lia Triplet (violino).<\/p>\n<p><a href=\"https:\/\/www.mahj.org\/fr\/programme\/fernand-halphen-un-compositeur-dans-la-grande-guerre-17331\" target=\"_blank\" rel=\"noopener\">Scopri il programma del concerto&#8230;<\/a><\/p>\n<p><a href=\"https:\/\/www.iemj.org\/it\/produit\/fernand-halphen-melodies-pour-piano-et-musique-de-chambre\/\" target=\"_blank\" rel=\"noopener\">Ordinare il doppio CD di Fernand Halphen<\/a><br \/><a href=\"https:\/\/www.iemj.org\/?search_type=product&amp;s=halphen&amp;submit=Rechercher\" target=\"_blank\" rel=\"noopener\">Ordinare gli spartiti di Fernand Halphen<\/a><br \/><a href=\"https:\/\/www.iemj.org\/?search_type=product&amp;s=hahn&amp;submit=Rechercher\" target=\"_blank\" rel=\"noopener\">Ordinare gli spartiti di Reynaldo Hahn<\/a><\/p>\n<p><a href=\"https:\/\/www.iemj.org\/it\/fernand-halphen-un-musicien-israelite-dans-la-grande-guerre-conference-de-laure-schnapper\/\" target=\"_blank\" rel=\"noopener\">Guarda la conferenza di Laure Schnapper: Fernand Halphen &#8211; Un musicista israelita nella Grande Guerra<\/a><\/p>\n\n\n<figure class=\"wp-block-embed is-type-video is-provider-youtube wp-block-embed-youtube wp-embed-aspect-4-3 wp-has-aspect-ratio\"><div class=\"wp-block-embed__wrapper\">\n<iframe title=\"Fernand Halphen - Un compositeur dans la grande guerre\" width=\"640\" height=\"480\" src=\"https:\/\/www.youtube.com\/embed\/Harfbc-6fsI?feature=oembed\" frameborder=\"0\" allow=\"accelerometer; autoplay; clipboard-write; encrypted-media; gyroscope; picture-in-picture; web-share\" referrerpolicy=\"strict-origin-when-cross-origin\" allowfullscreen><\/iframe>\n<\/div><figcaption class=\"wp-element-caption\">FERNAND HALPHEN<br>&#8211; Les gnomes (Paul Reboux), 1906<br>REYNALDO HAHN<br>&#8211; L\u2019enamour\u00e9e (Th\u00e9odore de Banville), 1891<br>&#8211; Nocturne (in\u00e9dit) pour violon et piano, 1889<br>FERNAND HALPHEN<br>&#8211; Sicilienne, pour violon et piano, 1898<br>&#8211; Nocturne, pour piano, 1898<br>&#8211; Les tranch\u00e9es, m\u00e9lodie (Capitaine de L\u00e9cluse) \u00e0 la m\u00e9moire du Lieutenant Paul Levylier<br> tomb\u00e9 glorieusement au champ d\u2019honneur), 25 mai 1916<br>&#8211; Vieille chanson, m\u00e9lodie (Jacques H\u00e9bertot), 18 nov. 1916, d\u00e9di\u00e9 \u00e0 Melle de Fleury [infirmi\u00e8re aux arm\u00e9es]<br>&#8211; Amour pur, pour chant, violon et piano (Gaston Habrehorn), (in\u00e9dit), 1898<\/figcaption><\/figure>\n\n\n<div class=\"wp-block-image\">\n<figure class=\"aligncenter size-large\"><img fetchpriority=\"high\" decoding=\"async\" width=\"1024\" height=\"133\" src=\"https:\/\/www.iemj.org\/wp-content\/uploads\/2024\/03\/AUDIO-PLAYER-1024x133.png\" alt=\"\" class=\"wp-image-110609\" srcset=\"https:\/\/www.iemj.org\/wp-content\/uploads\/2024\/03\/AUDIO-PLAYER-1024x133.png 1024w, https:\/\/www.iemj.org\/wp-content\/uploads\/2024\/03\/AUDIO-PLAYER-300x39.png 300w, https:\/\/www.iemj.org\/wp-content\/uploads\/2024\/03\/AUDIO-PLAYER-768x100.png 768w, https:\/\/www.iemj.org\/wp-content\/uploads\/2024\/03\/AUDIO-PLAYER-600x78.png 600w, https:\/\/www.iemj.org\/wp-content\/uploads\/2024\/03\/AUDIO-PLAYER.png 1210w\" sizes=\"(max-width: 1024px) 100vw, 1024px\" \/><\/figure>\n<\/div>\n\n\n<div class=\"wp-block-file\"><a id=\"wp-block-file--media-701f0941-12e9-445a-8f32-12932f335cef\" href=\"https:\/\/www.iemj.org\/wp-content\/uploads\/2016\/02\/les_gnomes_-_fernand_halphen.mp3\">Les gnomes &#8211; Fernand HALPHEN<\/a><\/div>\n\n\n\n<div class=\"wp-block-file\"><a id=\"wp-block-file--media-5ba29146-de65-487e-b81d-e91e65fb1af4\" href=\"https:\/\/www.iemj.org\/wp-content\/uploads\/2016\/02\/l_enamouree_-_reynaldo_hahn.mp3\">L&#8217;\u00e9namour\u00e9e &#8211; Reynaldo HAHN<\/a><\/div>\n\n\n\n<div class=\"wp-block-file\"><a id=\"wp-block-file--media-17fb3a90-a87d-4ddc-9da2-72f62ca5c38c\" href=\"https:\/\/www.iemj.org\/wp-content\/uploads\/2016\/02\/nocturne_pour_piano_-_fernand_halphen.mp3\">Nocturne pour piano &#8211; Fernand HALPHEN<\/a><\/div>\n\n\n\n<div class=\"wp-block-file\"><a id=\"wp-block-file--media-28f3c43f-3cac-4f9d-865a-d7475df2913b\" href=\"https:\/\/www.iemj.org\/wp-content\/uploads\/2016\/02\/les_tranchees_-_fernand_halphen.mp3\">Les tranch\u00e9es &#8211; Fernand HALPHEN<\/a><\/div>\n\n\n\n<div class=\"wp-block-file\"><a id=\"wp-block-file--media-371e0e38-0124-45ae-a388-e980890808b9\" href=\"https:\/\/www.iemj.org\/wp-content\/uploads\/2016\/02\/vieille_chanson_-_fernand_halphen.mp3\">Vieille chanson &#8211; Fernand HALPHEN<\/a><\/div>\n\n\n\n<div class=\"wp-block-file\"><a id=\"wp-block-file--media-7846cfb1-56cf-4824-8522-da0d688fc622\" href=\"https:\/\/www.iemj.org\/wp-content\/uploads\/2016\/02\/amour_pur_-_fernand_halphen.mp3\">Amour pur &#8211; Fernand HALPHEN<\/a><\/div>\n\n\n\n<div class=\"wp-block-file\"><a id=\"wp-block-file--media-8c84d329-ee3c-45bb-80be-08325f284e5a\" href=\"https:\/\/www.iemj.org\/wp-content\/uploads\/2016\/02\/nocturne_pour_violon_et_piano_-_reynaldo_hahn.mp3\">Nocturne pour violon et piano &#8211; Reynaldo HAHN<\/a><\/div>\n\n\n\n<div class=\"wp-block-file\"><a id=\"wp-block-file--media-fa28570f-bfb1-4765-8b7d-63b3c73dba4d\" href=\"https:\/\/www.iemj.org\/wp-content\/uploads\/2016\/02\/sicilienne_pour_violon_et_piano_-_fernand_halphen.mp3\">Sicilienne pour violon et piano &#8211; Fernand HALPHEN<\/a><\/div>\n","protected":false},"excerpt":{"rendered":"<p>Guarda alcuni estratti del concerto del 6 aprile 2014, organizzato dall&#8217;Institut Europ\u00e9en des Musiques Juives e dal Mus\u00e9e d&#8217;Art et d&#8217;Histoire du Juda\u00efsme, con opere di Fernand Halphen, Gabriel Faur\u00e9,<\/p>\n","protected":false},"author":1052,"featured_media":106262,"comment_status":"closed","ping_status":"closed","sticky":false,"template":"","format":"standard","meta":{"_acf_changed":false,"footnotes":""},"categories":[1518],"tags":[3421],"technique":[],"squelettes":[],"sujet":[],"formation":[],"genre":[1901],"fonds":[],"tradition":[],"type-de-contenu":[],"interprete-compositeur":[3160],"frise":[],"type-devenement":[],"tableaux-liens-externes":[],"class_list":["post-106261","post","type-post","status-publish","format-standard","has-post-thumbnail","hentry","category-concerti-film-it","tag-eventi-partner-it","genre-musica-classica-it","interprete-compositeur-fernand-halphen-it"],"acf":[],"yoast_head":"<!-- This site is optimized with the Yoast SEO plugin v27.3 - https:\/\/yoast.com\/product\/yoast-seo-wordpress\/ -->\n<title>Fernand Halphen, un compositore nella Grande Guerra - Institut Europ\u00e9en des Musiques Juives<\/title>\n<meta name=\"robots\" content=\"index, follow, max-snippet:-1, max-image-preview:large, max-video-preview:-1\" \/>\n<link rel=\"canonical\" href=\"https:\/\/www.iemj.org\/it\/fernand-halphen-un-compositeur-dans-la-grande-guerre-2\/\" \/>\n<meta property=\"og:locale\" content=\"it_IT\" \/>\n<meta property=\"og:type\" content=\"article\" \/>\n<meta property=\"og:title\" content=\"Fernand Halphen, un compositore nella Grande Guerra - Institut Europ\u00e9en des Musiques Juives\" \/>\n<meta property=\"og:description\" content=\"Guarda alcuni estratti del concerto del 6 aprile 2014, organizzato dall&#8217;Institut Europ\u00e9en des Musiques Juives e dal Mus\u00e9e d&#8217;Art et d&#8217;Histoire du Juda\u00efsme, con opere di Fernand Halphen, Gabriel Faur\u00e9,\" \/>\n<meta property=\"og:url\" content=\"https:\/\/www.iemj.org\/it\/fernand-halphen-un-compositeur-dans-la-grande-guerre-2\/\" \/>\n<meta property=\"og:site_name\" content=\"Institut Europ\u00e9en des Musiques Juives\" \/>\n<meta property=\"article:publisher\" content=\"https:\/\/www.facebook.com\/MusiquesJuives\/\" \/>\n<meta property=\"article:published_time\" content=\"2016-02-04T08:55:10+00:00\" \/>\n<meta property=\"article:modified_time\" content=\"2025-10-01T11:03:06+00:00\" \/>\n<meta property=\"og:image\" content=\"https:\/\/www.iemj.org\/wp-content\/uploads\/2016\/02\/arton1456-e1618215304495.jpg\" \/>\n\t<meta property=\"og:image:width\" content=\"350\" \/>\n\t<meta property=\"og:image:height\" content=\"181\" \/>\n\t<meta property=\"og:image:type\" content=\"image\/jpeg\" \/>\n<meta name=\"author\" content=\"Lea Couderc\" \/>\n<meta name=\"twitter:card\" content=\"summary_large_image\" \/>\n<meta name=\"twitter:label1\" content=\"Scritto da\" \/>\n\t<meta name=\"twitter:data1\" content=\"Lea Couderc\" \/>\n\t<meta name=\"twitter:label2\" content=\"Tempo di lettura stimato\" \/>\n\t<meta name=\"twitter:data2\" content=\"2 minuti\" \/>\n<script type=\"application\/ld+json\" class=\"yoast-schema-graph\">{\"@context\":\"https:\\\/\\\/schema.org\",\"@graph\":[{\"@type\":\"Article\",\"@id\":\"https:\\\/\\\/www.iemj.org\\\/it\\\/fernand-halphen-un-compositeur-dans-la-grande-guerre-2\\\/#article\",\"isPartOf\":{\"@id\":\"https:\\\/\\\/www.iemj.org\\\/it\\\/fernand-halphen-un-compositeur-dans-la-grande-guerre-2\\\/\"},\"author\":{\"name\":\"Lea Couderc\",\"@id\":\"https:\\\/\\\/www.iemj.org\\\/it\\\/#\\\/schema\\\/person\\\/e2ad57f2c4be119c7ed8ab79036807a9\"},\"headline\":\"Fernand Halphen, un compositore nella Grande Guerra\",\"datePublished\":\"2016-02-04T08:55:10+00:00\",\"dateModified\":\"2025-10-01T11:03:06+00:00\",\"mainEntityOfPage\":{\"@id\":\"https:\\\/\\\/www.iemj.org\\\/it\\\/fernand-halphen-un-compositeur-dans-la-grande-guerre-2\\\/\"},\"wordCount\":265,\"publisher\":{\"@id\":\"https:\\\/\\\/www.iemj.org\\\/it\\\/#organization\"},\"image\":{\"@id\":\"https:\\\/\\\/www.iemj.org\\\/it\\\/fernand-halphen-un-compositeur-dans-la-grande-guerre-2\\\/#primaryimage\"},\"thumbnailUrl\":\"https:\\\/\\\/www.iemj.org\\\/wp-content\\\/uploads\\\/2016\\\/02\\\/arton1456-e1618215304495.jpg\",\"keywords\":[\"Eventi partner\"],\"articleSection\":[\"Concerti\"],\"inLanguage\":\"it-IT\"},{\"@type\":\"WebPage\",\"@id\":\"https:\\\/\\\/www.iemj.org\\\/it\\\/fernand-halphen-un-compositeur-dans-la-grande-guerre-2\\\/\",\"url\":\"https:\\\/\\\/www.iemj.org\\\/it\\\/fernand-halphen-un-compositeur-dans-la-grande-guerre-2\\\/\",\"name\":\"Fernand Halphen, un compositore nella Grande Guerra - Institut Europ\u00e9en des Musiques Juives\",\"isPartOf\":{\"@id\":\"https:\\\/\\\/www.iemj.org\\\/it\\\/#website\"},\"primaryImageOfPage\":{\"@id\":\"https:\\\/\\\/www.iemj.org\\\/it\\\/fernand-halphen-un-compositeur-dans-la-grande-guerre-2\\\/#primaryimage\"},\"image\":{\"@id\":\"https:\\\/\\\/www.iemj.org\\\/it\\\/fernand-halphen-un-compositeur-dans-la-grande-guerre-2\\\/#primaryimage\"},\"thumbnailUrl\":\"https:\\\/\\\/www.iemj.org\\\/wp-content\\\/uploads\\\/2016\\\/02\\\/arton1456-e1618215304495.jpg\",\"datePublished\":\"2016-02-04T08:55:10+00:00\",\"dateModified\":\"2025-10-01T11:03:06+00:00\",\"breadcrumb\":{\"@id\":\"https:\\\/\\\/www.iemj.org\\\/it\\\/fernand-halphen-un-compositeur-dans-la-grande-guerre-2\\\/#breadcrumb\"},\"inLanguage\":\"it-IT\",\"potentialAction\":[{\"@type\":\"ReadAction\",\"target\":[\"https:\\\/\\\/www.iemj.org\\\/it\\\/fernand-halphen-un-compositeur-dans-la-grande-guerre-2\\\/\"]}]},{\"@type\":\"ImageObject\",\"inLanguage\":\"it-IT\",\"@id\":\"https:\\\/\\\/www.iemj.org\\\/it\\\/fernand-halphen-un-compositeur-dans-la-grande-guerre-2\\\/#primaryimage\",\"url\":\"https:\\\/\\\/www.iemj.org\\\/wp-content\\\/uploads\\\/2016\\\/02\\\/arton1456-e1618215304495.jpg\",\"contentUrl\":\"https:\\\/\\\/www.iemj.org\\\/wp-content\\\/uploads\\\/2016\\\/02\\\/arton1456-e1618215304495.jpg\",\"width\":350,\"height\":181},{\"@type\":\"BreadcrumbList\",\"@id\":\"https:\\\/\\\/www.iemj.org\\\/it\\\/fernand-halphen-un-compositeur-dans-la-grande-guerre-2\\\/#breadcrumb\",\"itemListElement\":[{\"@type\":\"ListItem\",\"position\":1,\"name\":\"Accueil\",\"item\":\"https:\\\/\\\/www.iemj.org\\\/it\\\/\"},{\"@type\":\"ListItem\",\"position\":2,\"name\":\"Fernand Halphen, un compositore nella Grande Guerra\"}]},{\"@type\":\"WebSite\",\"@id\":\"https:\\\/\\\/www.iemj.org\\\/it\\\/#website\",\"url\":\"https:\\\/\\\/www.iemj.org\\\/it\\\/\",\"name\":\"Institut Europ\u00e9en des Musiques Juives\",\"description\":\"Des traditions musicales \u00e0 la port\u00e9e de tous\",\"publisher\":{\"@id\":\"https:\\\/\\\/www.iemj.org\\\/it\\\/#organization\"},\"potentialAction\":[{\"@type\":\"SearchAction\",\"target\":{\"@type\":\"EntryPoint\",\"urlTemplate\":\"https:\\\/\\\/www.iemj.org\\\/it\\\/?s={search_term_string}\"},\"query-input\":{\"@type\":\"PropertyValueSpecification\",\"valueRequired\":true,\"valueName\":\"search_term_string\"}}],\"inLanguage\":\"it-IT\"},{\"@type\":\"Organization\",\"@id\":\"https:\\\/\\\/www.iemj.org\\\/it\\\/#organization\",\"name\":\"Institut Europ\u00e9en des Musiques Juives\",\"url\":\"https:\\\/\\\/www.iemj.org\\\/it\\\/\",\"logo\":{\"@type\":\"ImageObject\",\"inLanguage\":\"it-IT\",\"@id\":\"https:\\\/\\\/www.iemj.org\\\/it\\\/#\\\/schema\\\/logo\\\/image\\\/\",\"url\":\"https:\\\/\\\/www.iemj.org\\\/wp-content\\\/uploads\\\/2021\\\/09\\\/Logo-IEMJ-Paypal.jpg\",\"contentUrl\":\"https:\\\/\\\/www.iemj.org\\\/wp-content\\\/uploads\\\/2021\\\/09\\\/Logo-IEMJ-Paypal.jpg\",\"width\":150,\"height\":50,\"caption\":\"Institut Europ\u00e9en des Musiques Juives\"},\"image\":{\"@id\":\"https:\\\/\\\/www.iemj.org\\\/it\\\/#\\\/schema\\\/logo\\\/image\\\/\"},\"sameAs\":[\"https:\\\/\\\/www.facebook.com\\\/MusiquesJuives\\\/\",\"https:\\\/\\\/www.instagram.com\\\/musiquesjuives\\\/\",\"https:\\\/\\\/www.youtube.com\\\/user\\\/musiquesjuives\"]},{\"@type\":\"Person\",\"@id\":\"https:\\\/\\\/www.iemj.org\\\/it\\\/#\\\/schema\\\/person\\\/e2ad57f2c4be119c7ed8ab79036807a9\",\"name\":\"Lea Couderc\",\"image\":{\"@type\":\"ImageObject\",\"inLanguage\":\"it-IT\",\"@id\":\"https:\\\/\\\/secure.gravatar.com\\\/avatar\\\/46ee021475d60aeff17a7e490b79dea5a5684bb392ab7fd1494027411df8ba23?s=96&d=mm&r=g\",\"url\":\"https:\\\/\\\/secure.gravatar.com\\\/avatar\\\/46ee021475d60aeff17a7e490b79dea5a5684bb392ab7fd1494027411df8ba23?s=96&d=mm&r=g\",\"contentUrl\":\"https:\\\/\\\/secure.gravatar.com\\\/avatar\\\/46ee021475d60aeff17a7e490b79dea5a5684bb392ab7fd1494027411df8ba23?s=96&d=mm&r=g\",\"caption\":\"Lea Couderc\"}}]}<\/script>\n<!-- \/ Yoast SEO plugin. -->","yoast_head_json":{"title":"Fernand Halphen, un compositore nella Grande Guerra - Institut Europ\u00e9en des Musiques Juives","robots":{"index":"index","follow":"follow","max-snippet":"max-snippet:-1","max-image-preview":"max-image-preview:large","max-video-preview":"max-video-preview:-1"},"canonical":"https:\/\/www.iemj.org\/it\/fernand-halphen-un-compositeur-dans-la-grande-guerre-2\/","og_locale":"it_IT","og_type":"article","og_title":"Fernand Halphen, un compositore nella Grande Guerra - Institut Europ\u00e9en des Musiques Juives","og_description":"Guarda alcuni estratti del concerto del 6 aprile 2014, organizzato dall&#8217;Institut Europ\u00e9en des Musiques Juives e dal Mus\u00e9e d&#8217;Art et d&#8217;Histoire du Juda\u00efsme, con opere di Fernand Halphen, Gabriel Faur\u00e9,","og_url":"https:\/\/www.iemj.org\/it\/fernand-halphen-un-compositeur-dans-la-grande-guerre-2\/","og_site_name":"Institut Europ\u00e9en des Musiques Juives","article_publisher":"https:\/\/www.facebook.com\/MusiquesJuives\/","article_published_time":"2016-02-04T08:55:10+00:00","article_modified_time":"2025-10-01T11:03:06+00:00","og_image":[{"width":350,"height":181,"url":"https:\/\/www.iemj.org\/wp-content\/uploads\/2016\/02\/arton1456-e1618215304495.jpg","type":"image\/jpeg"}],"author":"Lea Couderc","twitter_card":"summary_large_image","twitter_misc":{"Scritto da":"Lea Couderc","Tempo di lettura stimato":"2 minuti"},"schema":{"@context":"https:\/\/schema.org","@graph":[{"@type":"Article","@id":"https:\/\/www.iemj.org\/it\/fernand-halphen-un-compositeur-dans-la-grande-guerre-2\/#article","isPartOf":{"@id":"https:\/\/www.iemj.org\/it\/fernand-halphen-un-compositeur-dans-la-grande-guerre-2\/"},"author":{"name":"Lea Couderc","@id":"https:\/\/www.iemj.org\/it\/#\/schema\/person\/e2ad57f2c4be119c7ed8ab79036807a9"},"headline":"Fernand Halphen, un compositore nella Grande Guerra","datePublished":"2016-02-04T08:55:10+00:00","dateModified":"2025-10-01T11:03:06+00:00","mainEntityOfPage":{"@id":"https:\/\/www.iemj.org\/it\/fernand-halphen-un-compositeur-dans-la-grande-guerre-2\/"},"wordCount":265,"publisher":{"@id":"https:\/\/www.iemj.org\/it\/#organization"},"image":{"@id":"https:\/\/www.iemj.org\/it\/fernand-halphen-un-compositeur-dans-la-grande-guerre-2\/#primaryimage"},"thumbnailUrl":"https:\/\/www.iemj.org\/wp-content\/uploads\/2016\/02\/arton1456-e1618215304495.jpg","keywords":["Eventi partner"],"articleSection":["Concerti"],"inLanguage":"it-IT"},{"@type":"WebPage","@id":"https:\/\/www.iemj.org\/it\/fernand-halphen-un-compositeur-dans-la-grande-guerre-2\/","url":"https:\/\/www.iemj.org\/it\/fernand-halphen-un-compositeur-dans-la-grande-guerre-2\/","name":"Fernand Halphen, un compositore nella Grande Guerra - Institut Europ\u00e9en des Musiques Juives","isPartOf":{"@id":"https:\/\/www.iemj.org\/it\/#website"},"primaryImageOfPage":{"@id":"https:\/\/www.iemj.org\/it\/fernand-halphen-un-compositeur-dans-la-grande-guerre-2\/#primaryimage"},"image":{"@id":"https:\/\/www.iemj.org\/it\/fernand-halphen-un-compositeur-dans-la-grande-guerre-2\/#primaryimage"},"thumbnailUrl":"https:\/\/www.iemj.org\/wp-content\/uploads\/2016\/02\/arton1456-e1618215304495.jpg","datePublished":"2016-02-04T08:55:10+00:00","dateModified":"2025-10-01T11:03:06+00:00","breadcrumb":{"@id":"https:\/\/www.iemj.org\/it\/fernand-halphen-un-compositeur-dans-la-grande-guerre-2\/#breadcrumb"},"inLanguage":"it-IT","potentialAction":[{"@type":"ReadAction","target":["https:\/\/www.iemj.org\/it\/fernand-halphen-un-compositeur-dans-la-grande-guerre-2\/"]}]},{"@type":"ImageObject","inLanguage":"it-IT","@id":"https:\/\/www.iemj.org\/it\/fernand-halphen-un-compositeur-dans-la-grande-guerre-2\/#primaryimage","url":"https:\/\/www.iemj.org\/wp-content\/uploads\/2016\/02\/arton1456-e1618215304495.jpg","contentUrl":"https:\/\/www.iemj.org\/wp-content\/uploads\/2016\/02\/arton1456-e1618215304495.jpg","width":350,"height":181},{"@type":"BreadcrumbList","@id":"https:\/\/www.iemj.org\/it\/fernand-halphen-un-compositeur-dans-la-grande-guerre-2\/#breadcrumb","itemListElement":[{"@type":"ListItem","position":1,"name":"Accueil","item":"https:\/\/www.iemj.org\/it\/"},{"@type":"ListItem","position":2,"name":"Fernand Halphen, un compositore nella Grande Guerra"}]},{"@type":"WebSite","@id":"https:\/\/www.iemj.org\/it\/#website","url":"https:\/\/www.iemj.org\/it\/","name":"Institut Europ\u00e9en des Musiques Juives","description":"Des traditions musicales \u00e0 la port\u00e9e de tous","publisher":{"@id":"https:\/\/www.iemj.org\/it\/#organization"},"potentialAction":[{"@type":"SearchAction","target":{"@type":"EntryPoint","urlTemplate":"https:\/\/www.iemj.org\/it\/?s={search_term_string}"},"query-input":{"@type":"PropertyValueSpecification","valueRequired":true,"valueName":"search_term_string"}}],"inLanguage":"it-IT"},{"@type":"Organization","@id":"https:\/\/www.iemj.org\/it\/#organization","name":"Institut Europ\u00e9en des Musiques Juives","url":"https:\/\/www.iemj.org\/it\/","logo":{"@type":"ImageObject","inLanguage":"it-IT","@id":"https:\/\/www.iemj.org\/it\/#\/schema\/logo\/image\/","url":"https:\/\/www.iemj.org\/wp-content\/uploads\/2021\/09\/Logo-IEMJ-Paypal.jpg","contentUrl":"https:\/\/www.iemj.org\/wp-content\/uploads\/2021\/09\/Logo-IEMJ-Paypal.jpg","width":150,"height":50,"caption":"Institut Europ\u00e9en des Musiques Juives"},"image":{"@id":"https:\/\/www.iemj.org\/it\/#\/schema\/logo\/image\/"},"sameAs":["https:\/\/www.facebook.com\/MusiquesJuives\/","https:\/\/www.instagram.com\/musiquesjuives\/","https:\/\/www.youtube.com\/user\/musiquesjuives"]},{"@type":"Person","@id":"https:\/\/www.iemj.org\/it\/#\/schema\/person\/e2ad57f2c4be119c7ed8ab79036807a9","name":"Lea Couderc","image":{"@type":"ImageObject","inLanguage":"it-IT","@id":"https:\/\/secure.gravatar.com\/avatar\/46ee021475d60aeff17a7e490b79dea5a5684bb392ab7fd1494027411df8ba23?s=96&d=mm&r=g","url":"https:\/\/secure.gravatar.com\/avatar\/46ee021475d60aeff17a7e490b79dea5a5684bb392ab7fd1494027411df8ba23?s=96&d=mm&r=g","contentUrl":"https:\/\/secure.gravatar.com\/avatar\/46ee021475d60aeff17a7e490b79dea5a5684bb392ab7fd1494027411df8ba23?s=96&d=mm&r=g","caption":"Lea Couderc"}}]}},"_links":{"self":[{"href":"https:\/\/www.iemj.org\/it\/wp-json\/wp\/v2\/posts\/106261","targetHints":{"allow":["GET"]}}],"collection":[{"href":"https:\/\/www.iemj.org\/it\/wp-json\/wp\/v2\/posts"}],"about":[{"href":"https:\/\/www.iemj.org\/it\/wp-json\/wp\/v2\/types\/post"}],"author":[{"embeddable":true,"href":"https:\/\/www.iemj.org\/it\/wp-json\/wp\/v2\/users\/1052"}],"replies":[{"embeddable":true,"href":"https:\/\/www.iemj.org\/it\/wp-json\/wp\/v2\/comments?post=106261"}],"version-history":[{"count":1,"href":"https:\/\/www.iemj.org\/it\/wp-json\/wp\/v2\/posts\/106261\/revisions"}],"predecessor-version":[{"id":126237,"href":"https:\/\/www.iemj.org\/it\/wp-json\/wp\/v2\/posts\/106261\/revisions\/126237"}],"wp:featuredmedia":[{"embeddable":true,"href":"https:\/\/www.iemj.org\/it\/wp-json\/wp\/v2\/media\/106262"}],"wp:attachment":[{"href":"https:\/\/www.iemj.org\/it\/wp-json\/wp\/v2\/media?parent=106261"}],"wp:term":[{"taxonomy":"category","embeddable":true,"href":"https:\/\/www.iemj.org\/it\/wp-json\/wp\/v2\/categories?post=106261"},{"taxonomy":"post_tag","embeddable":true,"href":"https:\/\/www.iemj.org\/it\/wp-json\/wp\/v2\/tags?post=106261"},{"taxonomy":"technique","embeddable":true,"href":"https:\/\/www.iemj.org\/it\/wp-json\/wp\/v2\/technique?post=106261"},{"taxonomy":"squelettes","embeddable":true,"href":"https:\/\/www.iemj.org\/it\/wp-json\/wp\/v2\/squelettes?post=106261"},{"taxonomy":"sujet","embeddable":true,"href":"https:\/\/www.iemj.org\/it\/wp-json\/wp\/v2\/sujet?post=106261"},{"taxonomy":"formation","embeddable":true,"href":"https:\/\/www.iemj.org\/it\/wp-json\/wp\/v2\/formation?post=106261"},{"taxonomy":"genre","embeddable":true,"href":"https:\/\/www.iemj.org\/it\/wp-json\/wp\/v2\/genre?post=106261"},{"taxonomy":"fonds","embeddable":true,"href":"https:\/\/www.iemj.org\/it\/wp-json\/wp\/v2\/fonds?post=106261"},{"taxonomy":"tradition","embeddable":true,"href":"https:\/\/www.iemj.org\/it\/wp-json\/wp\/v2\/tradition?post=106261"},{"taxonomy":"type-de-contenu","embeddable":true,"href":"https:\/\/www.iemj.org\/it\/wp-json\/wp\/v2\/type-de-contenu?post=106261"},{"taxonomy":"interprete-compositeur","embeddable":true,"href":"https:\/\/www.iemj.org\/it\/wp-json\/wp\/v2\/interprete-compositeur?post=106261"},{"taxonomy":"frise","embeddable":true,"href":"https:\/\/www.iemj.org\/it\/wp-json\/wp\/v2\/frise?post=106261"},{"taxonomy":"type-devenement","embeddable":true,"href":"https:\/\/www.iemj.org\/it\/wp-json\/wp\/v2\/type-devenement?post=106261"},{"taxonomy":"tableaux-liens-externes","embeddable":true,"href":"https:\/\/www.iemj.org\/it\/wp-json\/wp\/v2\/tableaux-liens-externes?post=106261"}],"curies":[{"name":"wp","href":"https:\/\/api.w.org\/{rel}","templated":true}]}}