{"id":106329,"date":"2008-10-23T13:56:00","date_gmt":"2008-10-23T11:56:00","guid":{"rendered":"https:\/\/www.iemj.org\/concert-hommage-a-jacques-grober\/"},"modified":"2023-12-13T10:42:23","modified_gmt":"2023-12-13T09:42:23","slug":"concert-hommage-a-jacques-grober","status":"publish","type":"post","link":"https:\/\/www.iemj.org\/it\/concert-hommage-a-jacques-grober\/","title":{"rendered":"Concerto in omaggio a Jacques Grober"},"content":{"rendered":"<p class=\"post_excerpt\"><strong>Marted\u00ec 23 settembre 2008 alle ore 20.30 presso la Salle Cortot &#8211; Ecole Normale de Musique.<\/strong><\/p>\n<h3>Guardare il concerto qui sotto<\/h3>\n<p><!--more--><br \/>In occasione dell&#8217;uscita del <strong>CD <a href=\"https:\/\/www.iemj.org\/it\/jacques-grober-chansons-yiddish-dhier-et-daujourdhui\/\">Jacques Grober &#8211; Chansons yiddish d\u2019hier et d\u2019aujourd\u2019hui<\/a><\/strong>, settimo volume della collezione Patrimoines musicaux des Juifs de France, la Fondation du Juda\u00efsme Fran\u00e7ais \u00e8 lieta di invitarvi ad un concerto di musica yiddish dell&#8217;Europa orientale e meridionale.<\/p>\n<p>Con la partecipazione eccezionale di Mich\u00e8le Tauber, Laurent Grynszpan, Misha Nisimov, Efim Zoubritski, Yuri Morar, Simon Elbaz, Batia Baum e Yitskhok Niborski, Jose Ponzone e i Balkansambl, Les Jacintas Zingers, Les Gefilte Swing e Le groupe Azad.<\/p>\n\n\n<figure class=\"wp-block-video\"><video height=\"366\" style=\"aspect-ratio: 640 \/ 366;\" width=\"640\" controls poster=\"https:\/\/www.iemj.org\/wp-content\/uploads\/2008\/10\/Concert-Grober.png\" src=\"https:\/\/www.iemj.org\/wp-content\/uploads\/2016\/04\/montage_grober_2.mp4\"><\/video><figcaption class=\"wp-element-caption\"><strong>Guardare il video del concerto<\/strong><\/figcaption><\/figure>\n","protected":false},"excerpt":{"rendered":"<p>Marted\u00ec 23 settembre 2008 alle ore 20.30 presso la Salle Cortot &#8211; Ecole Normale de Musique. Guardare il concerto qui sotto<\/p>\n","protected":false},"author":1046,"featured_media":38343,"comment_status":"closed","ping_status":"open","sticky":false,"template":"","format":"standard","meta":{"_acf_changed":false,"footnotes":""},"categories":[1518],"tags":[],"technique":[],"squelettes":[],"sujet":[],"formation":[],"genre":[],"fonds":[],"tradition":[],"type-de-contenu":[],"interprete-compositeur":[3199],"frise":[],"type-devenement":[],"tableaux-liens-externes":[],"class_list":["post-106329","post","type-post","status-publish","format-standard","has-post-thumbnail","hentry","category-concerti-film-it","interprete-compositeur-jacques-grober-it"],"acf":[],"yoast_head":"<!-- This site is optimized with the Yoast SEO plugin v27.3 - https:\/\/yoast.com\/product\/yoast-seo-wordpress\/ -->\n<title>Concerto in omaggio a Jacques Grober - Institut Europ\u00e9en des Musiques Juives<\/title>\n<meta name=\"robots\" content=\"index, follow, max-snippet:-1, max-image-preview:large, max-video-preview:-1\" \/>\n<link rel=\"canonical\" href=\"https:\/\/www.iemj.org\/it\/concert-hommage-a-jacques-grober\/\" \/>\n<meta property=\"og:locale\" content=\"it_IT\" \/>\n<meta property=\"og:type\" content=\"article\" \/>\n<meta property=\"og:title\" content=\"Concerto in omaggio a Jacques Grober - Institut Europ\u00e9en des Musiques Juives\" \/>\n<meta property=\"og:description\" content=\"Marted\u00ec 23 settembre 2008 alle ore 20.30 presso la Salle Cortot &#8211; Ecole Normale de Musique. Guardare il concerto qui sotto\" \/>\n<meta property=\"og:url\" content=\"https:\/\/www.iemj.org\/it\/concert-hommage-a-jacques-grober\/\" \/>\n<meta property=\"og:site_name\" content=\"Institut Europ\u00e9en des Musiques Juives\" \/>\n<meta property=\"article:publisher\" content=\"https:\/\/www.facebook.com\/MusiquesJuives\/\" \/>\n<meta property=\"article:published_time\" content=\"2008-10-23T11:56:00+00:00\" \/>\n<meta property=\"article:modified_time\" content=\"2023-12-13T09:42:23+00:00\" \/>\n<meta property=\"og:image\" content=\"https:\/\/www.iemj.org\/wp-content\/uploads\/2021\/04\/CONCERT-HOMMAGE-A-JACQUES-GROBER-e1619615204674.png\" \/>\n\t<meta property=\"og:image:width\" content=\"647\" \/>\n\t<meta property=\"og:image:height\" content=\"369\" \/>\n\t<meta property=\"og:image:type\" content=\"image\/png\" \/>\n<meta name=\"author\" content=\"Isabelle Jouve\" \/>\n<meta name=\"twitter:card\" content=\"summary_large_image\" \/>\n<meta name=\"twitter:label1\" content=\"Scritto da\" \/>\n\t<meta name=\"twitter:data1\" content=\"Isabelle Jouve\" \/>\n\t<meta name=\"twitter:label2\" content=\"Tempo di lettura stimato\" \/>\n\t<meta name=\"twitter:data2\" content=\"1 minuto\" \/>\n<script type=\"application\/ld+json\" class=\"yoast-schema-graph\">{\"@context\":\"https:\\\/\\\/schema.org\",\"@graph\":[{\"@type\":\"Article\",\"@id\":\"https:\\\/\\\/www.iemj.org\\\/it\\\/concert-hommage-a-jacques-grober\\\/#article\",\"isPartOf\":{\"@id\":\"https:\\\/\\\/www.iemj.org\\\/it\\\/concert-hommage-a-jacques-grober\\\/\"},\"author\":{\"name\":\"Isabelle Jouve\",\"@id\":\"https:\\\/\\\/www.iemj.org\\\/it\\\/#\\\/schema\\\/person\\\/94283a7f5a8b28a85fdab0ae54777472\"},\"headline\":\"Concerto in omaggio a Jacques Grober\",\"datePublished\":\"2008-10-23T11:56:00+00:00\",\"dateModified\":\"2023-12-13T09:42:23+00:00\",\"mainEntityOfPage\":{\"@id\":\"https:\\\/\\\/www.iemj.org\\\/it\\\/concert-hommage-a-jacques-grober\\\/\"},\"wordCount\":115,\"publisher\":{\"@id\":\"https:\\\/\\\/www.iemj.org\\\/it\\\/#organization\"},\"image\":{\"@id\":\"https:\\\/\\\/www.iemj.org\\\/it\\\/concert-hommage-a-jacques-grober\\\/#primaryimage\"},\"thumbnailUrl\":\"https:\\\/\\\/www.iemj.org\\\/wp-content\\\/uploads\\\/2021\\\/04\\\/CONCERT-HOMMAGE-A-JACQUES-GROBER-e1619615204674.png\",\"articleSection\":[\"Concerti\"],\"inLanguage\":\"it-IT\"},{\"@type\":\"WebPage\",\"@id\":\"https:\\\/\\\/www.iemj.org\\\/it\\\/concert-hommage-a-jacques-grober\\\/\",\"url\":\"https:\\\/\\\/www.iemj.org\\\/it\\\/concert-hommage-a-jacques-grober\\\/\",\"name\":\"Concerto in omaggio a Jacques Grober - Institut Europ\u00e9en des Musiques Juives\",\"isPartOf\":{\"@id\":\"https:\\\/\\\/www.iemj.org\\\/it\\\/#website\"},\"primaryImageOfPage\":{\"@id\":\"https:\\\/\\\/www.iemj.org\\\/it\\\/concert-hommage-a-jacques-grober\\\/#primaryimage\"},\"image\":{\"@id\":\"https:\\\/\\\/www.iemj.org\\\/it\\\/concert-hommage-a-jacques-grober\\\/#primaryimage\"},\"thumbnailUrl\":\"https:\\\/\\\/www.iemj.org\\\/wp-content\\\/uploads\\\/2021\\\/04\\\/CONCERT-HOMMAGE-A-JACQUES-GROBER-e1619615204674.png\",\"datePublished\":\"2008-10-23T11:56:00+00:00\",\"dateModified\":\"2023-12-13T09:42:23+00:00\",\"breadcrumb\":{\"@id\":\"https:\\\/\\\/www.iemj.org\\\/it\\\/concert-hommage-a-jacques-grober\\\/#breadcrumb\"},\"inLanguage\":\"it-IT\",\"potentialAction\":[{\"@type\":\"ReadAction\",\"target\":[\"https:\\\/\\\/www.iemj.org\\\/it\\\/concert-hommage-a-jacques-grober\\\/\"]}]},{\"@type\":\"ImageObject\",\"inLanguage\":\"it-IT\",\"@id\":\"https:\\\/\\\/www.iemj.org\\\/it\\\/concert-hommage-a-jacques-grober\\\/#primaryimage\",\"url\":\"https:\\\/\\\/www.iemj.org\\\/wp-content\\\/uploads\\\/2021\\\/04\\\/CONCERT-HOMMAGE-A-JACQUES-GROBER-e1619615204674.png\",\"contentUrl\":\"https:\\\/\\\/www.iemj.org\\\/wp-content\\\/uploads\\\/2021\\\/04\\\/CONCERT-HOMMAGE-A-JACQUES-GROBER-e1619615204674.png\",\"width\":647,\"height\":369},{\"@type\":\"BreadcrumbList\",\"@id\":\"https:\\\/\\\/www.iemj.org\\\/it\\\/concert-hommage-a-jacques-grober\\\/#breadcrumb\",\"itemListElement\":[{\"@type\":\"ListItem\",\"position\":1,\"name\":\"Accueil\",\"item\":\"https:\\\/\\\/www.iemj.org\\\/it\\\/\"},{\"@type\":\"ListItem\",\"position\":2,\"name\":\"Concerto in omaggio a Jacques Grober\"}]},{\"@type\":\"WebSite\",\"@id\":\"https:\\\/\\\/www.iemj.org\\\/it\\\/#website\",\"url\":\"https:\\\/\\\/www.iemj.org\\\/it\\\/\",\"name\":\"Institut Europ\u00e9en des Musiques Juives\",\"description\":\"Des traditions musicales \u00e0 la port\u00e9e de tous\",\"publisher\":{\"@id\":\"https:\\\/\\\/www.iemj.org\\\/it\\\/#organization\"},\"potentialAction\":[{\"@type\":\"SearchAction\",\"target\":{\"@type\":\"EntryPoint\",\"urlTemplate\":\"https:\\\/\\\/www.iemj.org\\\/it\\\/?s={search_term_string}\"},\"query-input\":{\"@type\":\"PropertyValueSpecification\",\"valueRequired\":true,\"valueName\":\"search_term_string\"}}],\"inLanguage\":\"it-IT\"},{\"@type\":\"Organization\",\"@id\":\"https:\\\/\\\/www.iemj.org\\\/it\\\/#organization\",\"name\":\"Institut Europ\u00e9en des Musiques Juives\",\"url\":\"https:\\\/\\\/www.iemj.org\\\/it\\\/\",\"logo\":{\"@type\":\"ImageObject\",\"inLanguage\":\"it-IT\",\"@id\":\"https:\\\/\\\/www.iemj.org\\\/it\\\/#\\\/schema\\\/logo\\\/image\\\/\",\"url\":\"https:\\\/\\\/www.iemj.org\\\/wp-content\\\/uploads\\\/2021\\\/09\\\/Logo-IEMJ-Paypal.jpg\",\"contentUrl\":\"https:\\\/\\\/www.iemj.org\\\/wp-content\\\/uploads\\\/2021\\\/09\\\/Logo-IEMJ-Paypal.jpg\",\"width\":150,\"height\":50,\"caption\":\"Institut Europ\u00e9en des Musiques Juives\"},\"image\":{\"@id\":\"https:\\\/\\\/www.iemj.org\\\/it\\\/#\\\/schema\\\/logo\\\/image\\\/\"},\"sameAs\":[\"https:\\\/\\\/www.facebook.com\\\/MusiquesJuives\\\/\",\"https:\\\/\\\/www.instagram.com\\\/musiquesjuives\\\/\",\"https:\\\/\\\/www.youtube.com\\\/user\\\/musiquesjuives\"]},{\"@type\":\"Person\",\"@id\":\"https:\\\/\\\/www.iemj.org\\\/it\\\/#\\\/schema\\\/person\\\/94283a7f5a8b28a85fdab0ae54777472\",\"name\":\"Isabelle Jouve\",\"image\":{\"@type\":\"ImageObject\",\"inLanguage\":\"it-IT\",\"@id\":\"https:\\\/\\\/secure.gravatar.com\\\/avatar\\\/bc547a31cb8a12b3ffc0f7fcf1f2dbd4fc06e95ad13a451095d8316a6d5a59a6?s=96&d=mm&r=g\",\"url\":\"https:\\\/\\\/secure.gravatar.com\\\/avatar\\\/bc547a31cb8a12b3ffc0f7fcf1f2dbd4fc06e95ad13a451095d8316a6d5a59a6?s=96&d=mm&r=g\",\"contentUrl\":\"https:\\\/\\\/secure.gravatar.com\\\/avatar\\\/bc547a31cb8a12b3ffc0f7fcf1f2dbd4fc06e95ad13a451095d8316a6d5a59a6?s=96&d=mm&r=g\",\"caption\":\"Isabelle Jouve\"}}]}<\/script>\n<!-- \/ Yoast SEO plugin. -->","yoast_head_json":{"title":"Concerto in omaggio a Jacques Grober - Institut Europ\u00e9en des Musiques Juives","robots":{"index":"index","follow":"follow","max-snippet":"max-snippet:-1","max-image-preview":"max-image-preview:large","max-video-preview":"max-video-preview:-1"},"canonical":"https:\/\/www.iemj.org\/it\/concert-hommage-a-jacques-grober\/","og_locale":"it_IT","og_type":"article","og_title":"Concerto in omaggio a Jacques Grober - Institut Europ\u00e9en des Musiques Juives","og_description":"Marted\u00ec 23 settembre 2008 alle ore 20.30 presso la Salle Cortot &#8211; Ecole Normale de Musique. Guardare il concerto qui sotto","og_url":"https:\/\/www.iemj.org\/it\/concert-hommage-a-jacques-grober\/","og_site_name":"Institut Europ\u00e9en des Musiques Juives","article_publisher":"https:\/\/www.facebook.com\/MusiquesJuives\/","article_published_time":"2008-10-23T11:56:00+00:00","article_modified_time":"2023-12-13T09:42:23+00:00","og_image":[{"width":647,"height":369,"url":"https:\/\/www.iemj.org\/wp-content\/uploads\/2021\/04\/CONCERT-HOMMAGE-A-JACQUES-GROBER-e1619615204674.png","type":"image\/png"}],"author":"Isabelle Jouve","twitter_card":"summary_large_image","twitter_misc":{"Scritto da":"Isabelle Jouve","Tempo di lettura stimato":"1 minuto"},"schema":{"@context":"https:\/\/schema.org","@graph":[{"@type":"Article","@id":"https:\/\/www.iemj.org\/it\/concert-hommage-a-jacques-grober\/#article","isPartOf":{"@id":"https:\/\/www.iemj.org\/it\/concert-hommage-a-jacques-grober\/"},"author":{"name":"Isabelle Jouve","@id":"https:\/\/www.iemj.org\/it\/#\/schema\/person\/94283a7f5a8b28a85fdab0ae54777472"},"headline":"Concerto in omaggio a Jacques Grober","datePublished":"2008-10-23T11:56:00+00:00","dateModified":"2023-12-13T09:42:23+00:00","mainEntityOfPage":{"@id":"https:\/\/www.iemj.org\/it\/concert-hommage-a-jacques-grober\/"},"wordCount":115,"publisher":{"@id":"https:\/\/www.iemj.org\/it\/#organization"},"image":{"@id":"https:\/\/www.iemj.org\/it\/concert-hommage-a-jacques-grober\/#primaryimage"},"thumbnailUrl":"https:\/\/www.iemj.org\/wp-content\/uploads\/2021\/04\/CONCERT-HOMMAGE-A-JACQUES-GROBER-e1619615204674.png","articleSection":["Concerti"],"inLanguage":"it-IT"},{"@type":"WebPage","@id":"https:\/\/www.iemj.org\/it\/concert-hommage-a-jacques-grober\/","url":"https:\/\/www.iemj.org\/it\/concert-hommage-a-jacques-grober\/","name":"Concerto in omaggio a Jacques Grober - Institut Europ\u00e9en des Musiques Juives","isPartOf":{"@id":"https:\/\/www.iemj.org\/it\/#website"},"primaryImageOfPage":{"@id":"https:\/\/www.iemj.org\/it\/concert-hommage-a-jacques-grober\/#primaryimage"},"image":{"@id":"https:\/\/www.iemj.org\/it\/concert-hommage-a-jacques-grober\/#primaryimage"},"thumbnailUrl":"https:\/\/www.iemj.org\/wp-content\/uploads\/2021\/04\/CONCERT-HOMMAGE-A-JACQUES-GROBER-e1619615204674.png","datePublished":"2008-10-23T11:56:00+00:00","dateModified":"2023-12-13T09:42:23+00:00","breadcrumb":{"@id":"https:\/\/www.iemj.org\/it\/concert-hommage-a-jacques-grober\/#breadcrumb"},"inLanguage":"it-IT","potentialAction":[{"@type":"ReadAction","target":["https:\/\/www.iemj.org\/it\/concert-hommage-a-jacques-grober\/"]}]},{"@type":"ImageObject","inLanguage":"it-IT","@id":"https:\/\/www.iemj.org\/it\/concert-hommage-a-jacques-grober\/#primaryimage","url":"https:\/\/www.iemj.org\/wp-content\/uploads\/2021\/04\/CONCERT-HOMMAGE-A-JACQUES-GROBER-e1619615204674.png","contentUrl":"https:\/\/www.iemj.org\/wp-content\/uploads\/2021\/04\/CONCERT-HOMMAGE-A-JACQUES-GROBER-e1619615204674.png","width":647,"height":369},{"@type":"BreadcrumbList","@id":"https:\/\/www.iemj.org\/it\/concert-hommage-a-jacques-grober\/#breadcrumb","itemListElement":[{"@type":"ListItem","position":1,"name":"Accueil","item":"https:\/\/www.iemj.org\/it\/"},{"@type":"ListItem","position":2,"name":"Concerto in omaggio a Jacques Grober"}]},{"@type":"WebSite","@id":"https:\/\/www.iemj.org\/it\/#website","url":"https:\/\/www.iemj.org\/it\/","name":"Institut Europ\u00e9en des Musiques Juives","description":"Des traditions musicales \u00e0 la port\u00e9e de tous","publisher":{"@id":"https:\/\/www.iemj.org\/it\/#organization"},"potentialAction":[{"@type":"SearchAction","target":{"@type":"EntryPoint","urlTemplate":"https:\/\/www.iemj.org\/it\/?s={search_term_string}"},"query-input":{"@type":"PropertyValueSpecification","valueRequired":true,"valueName":"search_term_string"}}],"inLanguage":"it-IT"},{"@type":"Organization","@id":"https:\/\/www.iemj.org\/it\/#organization","name":"Institut Europ\u00e9en des Musiques Juives","url":"https:\/\/www.iemj.org\/it\/","logo":{"@type":"ImageObject","inLanguage":"it-IT","@id":"https:\/\/www.iemj.org\/it\/#\/schema\/logo\/image\/","url":"https:\/\/www.iemj.org\/wp-content\/uploads\/2021\/09\/Logo-IEMJ-Paypal.jpg","contentUrl":"https:\/\/www.iemj.org\/wp-content\/uploads\/2021\/09\/Logo-IEMJ-Paypal.jpg","width":150,"height":50,"caption":"Institut Europ\u00e9en des Musiques Juives"},"image":{"@id":"https:\/\/www.iemj.org\/it\/#\/schema\/logo\/image\/"},"sameAs":["https:\/\/www.facebook.com\/MusiquesJuives\/","https:\/\/www.instagram.com\/musiquesjuives\/","https:\/\/www.youtube.com\/user\/musiquesjuives"]},{"@type":"Person","@id":"https:\/\/www.iemj.org\/it\/#\/schema\/person\/94283a7f5a8b28a85fdab0ae54777472","name":"Isabelle Jouve","image":{"@type":"ImageObject","inLanguage":"it-IT","@id":"https:\/\/secure.gravatar.com\/avatar\/bc547a31cb8a12b3ffc0f7fcf1f2dbd4fc06e95ad13a451095d8316a6d5a59a6?s=96&d=mm&r=g","url":"https:\/\/secure.gravatar.com\/avatar\/bc547a31cb8a12b3ffc0f7fcf1f2dbd4fc06e95ad13a451095d8316a6d5a59a6?s=96&d=mm&r=g","contentUrl":"https:\/\/secure.gravatar.com\/avatar\/bc547a31cb8a12b3ffc0f7fcf1f2dbd4fc06e95ad13a451095d8316a6d5a59a6?s=96&d=mm&r=g","caption":"Isabelle Jouve"}}]}},"_links":{"self":[{"href":"https:\/\/www.iemj.org\/it\/wp-json\/wp\/v2\/posts\/106329","targetHints":{"allow":["GET"]}}],"collection":[{"href":"https:\/\/www.iemj.org\/it\/wp-json\/wp\/v2\/posts"}],"about":[{"href":"https:\/\/www.iemj.org\/it\/wp-json\/wp\/v2\/types\/post"}],"author":[{"embeddable":true,"href":"https:\/\/www.iemj.org\/it\/wp-json\/wp\/v2\/users\/1046"}],"replies":[{"embeddable":true,"href":"https:\/\/www.iemj.org\/it\/wp-json\/wp\/v2\/comments?post=106329"}],"version-history":[{"count":0,"href":"https:\/\/www.iemj.org\/it\/wp-json\/wp\/v2\/posts\/106329\/revisions"}],"wp:featuredmedia":[{"embeddable":true,"href":"https:\/\/www.iemj.org\/it\/wp-json\/wp\/v2\/media\/38343"}],"wp:attachment":[{"href":"https:\/\/www.iemj.org\/it\/wp-json\/wp\/v2\/media?parent=106329"}],"wp:term":[{"taxonomy":"category","embeddable":true,"href":"https:\/\/www.iemj.org\/it\/wp-json\/wp\/v2\/categories?post=106329"},{"taxonomy":"post_tag","embeddable":true,"href":"https:\/\/www.iemj.org\/it\/wp-json\/wp\/v2\/tags?post=106329"},{"taxonomy":"technique","embeddable":true,"href":"https:\/\/www.iemj.org\/it\/wp-json\/wp\/v2\/technique?post=106329"},{"taxonomy":"squelettes","embeddable":true,"href":"https:\/\/www.iemj.org\/it\/wp-json\/wp\/v2\/squelettes?post=106329"},{"taxonomy":"sujet","embeddable":true,"href":"https:\/\/www.iemj.org\/it\/wp-json\/wp\/v2\/sujet?post=106329"},{"taxonomy":"formation","embeddable":true,"href":"https:\/\/www.iemj.org\/it\/wp-json\/wp\/v2\/formation?post=106329"},{"taxonomy":"genre","embeddable":true,"href":"https:\/\/www.iemj.org\/it\/wp-json\/wp\/v2\/genre?post=106329"},{"taxonomy":"fonds","embeddable":true,"href":"https:\/\/www.iemj.org\/it\/wp-json\/wp\/v2\/fonds?post=106329"},{"taxonomy":"tradition","embeddable":true,"href":"https:\/\/www.iemj.org\/it\/wp-json\/wp\/v2\/tradition?post=106329"},{"taxonomy":"type-de-contenu","embeddable":true,"href":"https:\/\/www.iemj.org\/it\/wp-json\/wp\/v2\/type-de-contenu?post=106329"},{"taxonomy":"interprete-compositeur","embeddable":true,"href":"https:\/\/www.iemj.org\/it\/wp-json\/wp\/v2\/interprete-compositeur?post=106329"},{"taxonomy":"frise","embeddable":true,"href":"https:\/\/www.iemj.org\/it\/wp-json\/wp\/v2\/frise?post=106329"},{"taxonomy":"type-devenement","embeddable":true,"href":"https:\/\/www.iemj.org\/it\/wp-json\/wp\/v2\/type-devenement?post=106329"},{"taxonomy":"tableaux-liens-externes","embeddable":true,"href":"https:\/\/www.iemj.org\/it\/wp-json\/wp\/v2\/tableaux-liens-externes?post=106329"}],"curies":[{"name":"wp","href":"https:\/\/api.w.org\/{rel}","templated":true}]}}