{"id":106376,"date":"2020-01-09T16:46:59","date_gmt":"2020-01-09T15:46:59","guid":{"rendered":"https:\/\/www.iemj.org\/georges-enescu-musica-de-camera-vol-viii\/"},"modified":"2023-12-13T12:51:03","modified_gmt":"2023-12-13T11:51:03","slug":"georges-enescu-musica-de-camera-vol-viii","status":"publish","type":"post","link":"https:\/\/www.iemj.org\/it\/georges-enescu-musica-de-camera-vol-viii\/","title":{"rendered":"Georges Enescu &#8211; Musica de Camera, vol. VIII"},"content":{"rendered":"<p>Ottavo volume dell&#8217;edizione completa delle opere di Georges Enesco (&#8220;Enescu&#8221; in rumeno), questo volume di spartiti \u00e8 dedicato alla musica da camera del compositore. Pubblicata dalle Edizioni Salabert nel 2014 dall&#8217;Istituto Culturale Romeno &#8211; Museo Nazionale Georges Enesco, questa raccolta presenta tre opere di Enesco:<br \/>\n&#8211; la <em>S\u00e9r\u00e9nade en sourdine<\/em> per violino e violoncello<br \/>\n&#8211; il <em>Pr\u00e9lude et Gavotte<\/em> per violino, violoncello e due pianoforti<br \/>\n&#8211; il <em>Notturno Ville d&#8217;Avrayen<\/em> per pianoforte, violino, viola e violoncello<\/p>\n<p>Sebbene il compositore abbia lasciato ufficialmente solo trentatr\u00e9 numeri d&#8217;opera, il suo catalogo completo comprende diverse centinaia di opere, compresi gli schizzi. Enesco si \u00e8 cimentato in tutti i generi: pianoforte solo, musica da camera (un campo prediletto), sinfonie, canzoni (soprattutto in giovent\u00f9) ed opera, con il suo <em>\u0152dipe<\/em> salutato come un capolavoro dalla prima all&#8217;Op\u00e9ra Garnier nel 1936.<\/p>\n<p>Secondo Sherban Lupu, specialista di Enesco e artefice di questa edizione delle opere complete del Maestro, la <em>S\u00e9r\u00e9nade en sourdine<\/em> per violino e violoncello fu composta tra il 1915 e il 1920. L&#8217;unico manoscritto conosciuto conteneva una serie di errori, il che spiega perch\u00e9 l&#8217;opera non \u00e8 mai stata eseguita. Sherban Lupu ha trovato il manoscritto originale, scritto di proprio pugno da Enesco, e ha potuto apportare le necessarie correzioni per confronto.<\/p>\n<p>Il <em>Pr\u00e9lude et Gavotte<\/em> risale al 1898, quando Enesco era studente al Conservatorio di Parigi. L&#8217;opera \u00e8 stata scritta per violino, violoncello e due pianoforti, una formazione a dir poco insolita. Secondo Sheran Lupu, l&#8217;opera potrebbe essere derivata da un tema di composizione datogli dai suoi insegnanti Andr\u00e9 G\u00e9dalge e Gabriel Faur\u00e9. &#8220;L&#8217;opera sembra in qualche modo parodiare il barocco, soprattutto nella gavotta, dove Enesco introduce elementi di musica klezmer, cos\u00ec caratteristici del folklore moldavo dell&#8217;epoca.&#8221;<\/p>\n<p>Secondo Sherban Lupu, il <em>Nocturne Ville d&#8217;Avrayen<\/em> per pianoforte, violino, viola e violoncello fu scritto tra il 1931 ed il 1936, ed \u00e8 una commovente testimonianza del rapporto instauratosi tra Enesco ed il suo allievo Yehudi Menuhin, al quale il compositore aveva iniziato ad insegnare nel 1927. Nel 1931, la famiglia Menuhin si era trasferita a Ville d&#8217;Avray, un comune vicino a Versailles, dove Enesco si recava spesso per suonare musica da camera. Nel 2005, la scoperta di un manoscritto di questa stessa opera negli archivi del compositore Fernand Halphen (1872-1917), compagno di studi di Enesco al Conservatorio, ha invalidato questa ipotesi. Il <em>Nocturne Ville d&#8217;Avrayen<\/em>, dedicato a Fernand Halphen, \u00e8 un&#8217;opera giovanile di Enesco, composta da quest&#8217;ultimo il 5 luglio 1898, quando soggiornava a casa Halphen, anch&#8217;essa a Ville d&#8217;Avray! Questo manoscritto, donato dalla famiglia Halphen all&#8217;Istituto Europeo di Musica Ebraica, \u00e8 in parte consultabile sul catalogo Rachel.<\/p>\n<p><a href=\"https:\/\/www.iemj.org\/it\/le-nocturne-ville-davrayen-de-georges-enesco-1881-1955\/\" target=\"_blank\" rel=\"noopener\">Per saperne di pi\u00f9 sul<\/a><a href=\"https:\/\/www.iemj.org\/it\/le-nocturne-ville-davrayen-de-georges-enesco-1881-1955\/\" target=\"_blank\" rel=\"noopener\">\u00a0<em>Nocturne Ville d\u2019Avrayen<\/em><\/a><br \/>\n<a href=\"https:\/\/www.iemj.org\/it\/videos-du-concert-de-gala-de-linstitut-europeen-des-musiques-juives-edition-2015\/\" target=\"_blank\" rel=\"noopener\">Vedere il video del concerto di gala dell&#8217;IEMJ 2015 nella la versione originale del <em>Nocturne Ville d&#8217;Avrayen<\/em><\/a><br \/>\n<a href=\"https:\/\/www.iemj.org\/it\/viniciu-moroianu-joue-georges-enesco\/\">Ascoltare estratti dal\u00a0CD Viniciu Moroianu joue Georges Enesco &#8211; Pi\u00e8ces pour piano et musique de chambre<\/a><\/p>\n<p><center><br \/>\n<img fetchpriority=\"high\" decoding=\"async\" class=\" aligncenter  wp-image-26528\" src=\"https:\/\/www.iemj.org\/wp-content\/uploads\/2020\/01\/p_enescu_serenade_032_a_inserer_680px_horiz.jpg\" alt=\"p_enescu_serenade_032_a_inserer_680px_horiz.jpg\" width=\"628\" height=\"832\" align=\"center\" srcset=\"https:\/\/www.iemj.org\/wp-content\/uploads\/2020\/01\/p_enescu_serenade_032_a_inserer_680px_horiz.jpg 680w, https:\/\/www.iemj.org\/wp-content\/uploads\/2020\/01\/p_enescu_serenade_032_a_inserer_680px_horiz-226x300.jpg 226w, https:\/\/www.iemj.org\/wp-content\/uploads\/2020\/01\/p_enescu_serenade_032_a_inserer_680px_horiz-600x795.jpg 600w\" sizes=\"(max-width: 628px) 100vw, 628px\" \/><\/center><\/p>\n","protected":false},"excerpt":{"rendered":"<p>Ottavo volume dell&#8217;edizione completa delle opere di Georges Enesco (&#8220;Enescu&#8221; in rumeno), questo volume di spartiti \u00e8 dedicato alla musica da camera del compositore. Pubblicata dalle Edizioni Salabert nel 2014<\/p>\n","protected":false},"author":1045,"featured_media":106377,"comment_status":"closed","ping_status":"closed","sticky":false,"template":"","format":"standard","meta":{"_acf_changed":false,"footnotes":""},"categories":[1582,1564],"tags":[],"technique":[],"squelettes":[],"sujet":[],"formation":[],"genre":[],"fonds":[],"tradition":[],"type-de-contenu":[],"interprete-compositeur":[],"frise":[],"type-devenement":[],"tableaux-liens-externes":[],"class_list":["post-106376","post","type-post","status-publish","format-standard","has-post-thumbnail","hentry","category-spartiti-it","category-ultimi-acquisti-it"],"acf":[],"yoast_head":"<!-- This site is optimized with the Yoast SEO plugin v27.3 - https:\/\/yoast.com\/product\/yoast-seo-wordpress\/ -->\n<title>Georges Enescu - Musica de Camera, vol. VIII - Institut Europ\u00e9en des Musiques Juives<\/title>\n<meta name=\"robots\" content=\"index, follow, max-snippet:-1, max-image-preview:large, max-video-preview:-1\" \/>\n<link rel=\"canonical\" href=\"https:\/\/www.iemj.org\/it\/georges-enescu-musica-de-camera-vol-viii\/\" \/>\n<meta property=\"og:locale\" content=\"it_IT\" \/>\n<meta property=\"og:type\" content=\"article\" \/>\n<meta property=\"og:title\" content=\"Georges Enescu - Musica de Camera, vol. VIII - Institut Europ\u00e9en des Musiques Juives\" \/>\n<meta property=\"og:description\" content=\"Ottavo volume dell&#8217;edizione completa delle opere di Georges Enesco (&#8220;Enescu&#8221; in rumeno), questo volume di spartiti \u00e8 dedicato alla musica da camera del compositore. Pubblicata dalle Edizioni Salabert nel 2014\" \/>\n<meta property=\"og:url\" content=\"https:\/\/www.iemj.org\/it\/georges-enescu-musica-de-camera-vol-viii\/\" \/>\n<meta property=\"og:site_name\" content=\"Institut Europ\u00e9en des Musiques Juives\" \/>\n<meta property=\"article:publisher\" content=\"https:\/\/www.facebook.com\/MusiquesJuives\/\" \/>\n<meta property=\"article:published_time\" content=\"2020-01-09T15:46:59+00:00\" \/>\n<meta property=\"article:modified_time\" content=\"2023-12-13T11:51:03+00:00\" \/>\n<meta property=\"og:image\" content=\"https:\/\/www.iemj.org\/wp-content\/uploads\/2020\/01\/arton4465-e1619084611124.jpg\" \/>\n\t<meta property=\"og:image:width\" content=\"350\" \/>\n\t<meta property=\"og:image:height\" content=\"467\" \/>\n\t<meta property=\"og:image:type\" content=\"image\/jpeg\" \/>\n<meta name=\"author\" content=\"Herv\u00e9 Roten\" \/>\n<meta name=\"twitter:card\" content=\"summary_large_image\" \/>\n<meta name=\"twitter:label1\" content=\"Scritto da\" \/>\n\t<meta name=\"twitter:data1\" content=\"Herv\u00e9 Roten\" \/>\n\t<meta name=\"twitter:label2\" content=\"Tempo di lettura stimato\" \/>\n\t<meta name=\"twitter:data2\" content=\"3 minuti\" \/>\n<script type=\"application\/ld+json\" class=\"yoast-schema-graph\">{\"@context\":\"https:\\\/\\\/schema.org\",\"@graph\":[{\"@type\":\"Article\",\"@id\":\"https:\\\/\\\/www.iemj.org\\\/it\\\/georges-enescu-musica-de-camera-vol-viii\\\/#article\",\"isPartOf\":{\"@id\":\"https:\\\/\\\/www.iemj.org\\\/it\\\/georges-enescu-musica-de-camera-vol-viii\\\/\"},\"author\":{\"name\":\"Herv\u00e9 Roten\",\"@id\":\"https:\\\/\\\/www.iemj.org\\\/it\\\/#\\\/schema\\\/person\\\/906134402c29d5c76e7b726261dd4bbd\"},\"headline\":\"Georges Enescu &#8211; Musica de Camera, vol. VIII\",\"datePublished\":\"2020-01-09T15:46:59+00:00\",\"dateModified\":\"2023-12-13T11:51:03+00:00\",\"mainEntityOfPage\":{\"@id\":\"https:\\\/\\\/www.iemj.org\\\/it\\\/georges-enescu-musica-de-camera-vol-viii\\\/\"},\"wordCount\":493,\"publisher\":{\"@id\":\"https:\\\/\\\/www.iemj.org\\\/it\\\/#organization\"},\"image\":{\"@id\":\"https:\\\/\\\/www.iemj.org\\\/it\\\/georges-enescu-musica-de-camera-vol-viii\\\/#primaryimage\"},\"thumbnailUrl\":\"https:\\\/\\\/www.iemj.org\\\/wp-content\\\/uploads\\\/2020\\\/01\\\/arton4465-e1619084611124.jpg\",\"articleSection\":[\"Spartiti\",\"Ultimi acquisti\"],\"inLanguage\":\"it-IT\"},{\"@type\":\"WebPage\",\"@id\":\"https:\\\/\\\/www.iemj.org\\\/it\\\/georges-enescu-musica-de-camera-vol-viii\\\/\",\"url\":\"https:\\\/\\\/www.iemj.org\\\/it\\\/georges-enescu-musica-de-camera-vol-viii\\\/\",\"name\":\"Georges Enescu - Musica de Camera, vol. VIII - Institut Europ\u00e9en des Musiques Juives\",\"isPartOf\":{\"@id\":\"https:\\\/\\\/www.iemj.org\\\/it\\\/#website\"},\"primaryImageOfPage\":{\"@id\":\"https:\\\/\\\/www.iemj.org\\\/it\\\/georges-enescu-musica-de-camera-vol-viii\\\/#primaryimage\"},\"image\":{\"@id\":\"https:\\\/\\\/www.iemj.org\\\/it\\\/georges-enescu-musica-de-camera-vol-viii\\\/#primaryimage\"},\"thumbnailUrl\":\"https:\\\/\\\/www.iemj.org\\\/wp-content\\\/uploads\\\/2020\\\/01\\\/arton4465-e1619084611124.jpg\",\"datePublished\":\"2020-01-09T15:46:59+00:00\",\"dateModified\":\"2023-12-13T11:51:03+00:00\",\"breadcrumb\":{\"@id\":\"https:\\\/\\\/www.iemj.org\\\/it\\\/georges-enescu-musica-de-camera-vol-viii\\\/#breadcrumb\"},\"inLanguage\":\"it-IT\",\"potentialAction\":[{\"@type\":\"ReadAction\",\"target\":[\"https:\\\/\\\/www.iemj.org\\\/it\\\/georges-enescu-musica-de-camera-vol-viii\\\/\"]}]},{\"@type\":\"ImageObject\",\"inLanguage\":\"it-IT\",\"@id\":\"https:\\\/\\\/www.iemj.org\\\/it\\\/georges-enescu-musica-de-camera-vol-viii\\\/#primaryimage\",\"url\":\"https:\\\/\\\/www.iemj.org\\\/wp-content\\\/uploads\\\/2020\\\/01\\\/arton4465-e1619084611124.jpg\",\"contentUrl\":\"https:\\\/\\\/www.iemj.org\\\/wp-content\\\/uploads\\\/2020\\\/01\\\/arton4465-e1619084611124.jpg\",\"width\":350,\"height\":467},{\"@type\":\"BreadcrumbList\",\"@id\":\"https:\\\/\\\/www.iemj.org\\\/it\\\/georges-enescu-musica-de-camera-vol-viii\\\/#breadcrumb\",\"itemListElement\":[{\"@type\":\"ListItem\",\"position\":1,\"name\":\"Accueil\",\"item\":\"https:\\\/\\\/www.iemj.org\\\/it\\\/\"},{\"@type\":\"ListItem\",\"position\":2,\"name\":\"Georges Enescu &#8211; Musica de Camera, vol. VIII\"}]},{\"@type\":\"WebSite\",\"@id\":\"https:\\\/\\\/www.iemj.org\\\/it\\\/#website\",\"url\":\"https:\\\/\\\/www.iemj.org\\\/it\\\/\",\"name\":\"Institut Europ\u00e9en des Musiques Juives\",\"description\":\"Des traditions musicales \u00e0 la port\u00e9e de tous\",\"publisher\":{\"@id\":\"https:\\\/\\\/www.iemj.org\\\/it\\\/#organization\"},\"potentialAction\":[{\"@type\":\"SearchAction\",\"target\":{\"@type\":\"EntryPoint\",\"urlTemplate\":\"https:\\\/\\\/www.iemj.org\\\/it\\\/?s={search_term_string}\"},\"query-input\":{\"@type\":\"PropertyValueSpecification\",\"valueRequired\":true,\"valueName\":\"search_term_string\"}}],\"inLanguage\":\"it-IT\"},{\"@type\":\"Organization\",\"@id\":\"https:\\\/\\\/www.iemj.org\\\/it\\\/#organization\",\"name\":\"Institut Europ\u00e9en des Musiques Juives\",\"url\":\"https:\\\/\\\/www.iemj.org\\\/it\\\/\",\"logo\":{\"@type\":\"ImageObject\",\"inLanguage\":\"it-IT\",\"@id\":\"https:\\\/\\\/www.iemj.org\\\/it\\\/#\\\/schema\\\/logo\\\/image\\\/\",\"url\":\"https:\\\/\\\/www.iemj.org\\\/wp-content\\\/uploads\\\/2021\\\/09\\\/Logo-IEMJ-Paypal.jpg\",\"contentUrl\":\"https:\\\/\\\/www.iemj.org\\\/wp-content\\\/uploads\\\/2021\\\/09\\\/Logo-IEMJ-Paypal.jpg\",\"width\":150,\"height\":50,\"caption\":\"Institut Europ\u00e9en des Musiques Juives\"},\"image\":{\"@id\":\"https:\\\/\\\/www.iemj.org\\\/it\\\/#\\\/schema\\\/logo\\\/image\\\/\"},\"sameAs\":[\"https:\\\/\\\/www.facebook.com\\\/MusiquesJuives\\\/\",\"https:\\\/\\\/www.instagram.com\\\/musiquesjuives\\\/\",\"https:\\\/\\\/www.youtube.com\\\/user\\\/musiquesjuives\"]},{\"@type\":\"Person\",\"@id\":\"https:\\\/\\\/www.iemj.org\\\/it\\\/#\\\/schema\\\/person\\\/906134402c29d5c76e7b726261dd4bbd\",\"name\":\"Herv\u00e9 Roten\",\"image\":{\"@type\":\"ImageObject\",\"inLanguage\":\"it-IT\",\"@id\":\"https:\\\/\\\/secure.gravatar.com\\\/avatar\\\/f96ad2db538a26481f18384936b5cd0610c92d390c4dc382209216d455f685ff?s=96&d=mm&r=g\",\"url\":\"https:\\\/\\\/secure.gravatar.com\\\/avatar\\\/f96ad2db538a26481f18384936b5cd0610c92d390c4dc382209216d455f685ff?s=96&d=mm&r=g\",\"contentUrl\":\"https:\\\/\\\/secure.gravatar.com\\\/avatar\\\/f96ad2db538a26481f18384936b5cd0610c92d390c4dc382209216d455f685ff?s=96&d=mm&r=g\",\"caption\":\"Herv\u00e9 Roten\"}}]}<\/script>\n<!-- \/ Yoast SEO plugin. -->","yoast_head_json":{"title":"Georges Enescu - Musica de Camera, vol. VIII - Institut Europ\u00e9en des Musiques Juives","robots":{"index":"index","follow":"follow","max-snippet":"max-snippet:-1","max-image-preview":"max-image-preview:large","max-video-preview":"max-video-preview:-1"},"canonical":"https:\/\/www.iemj.org\/it\/georges-enescu-musica-de-camera-vol-viii\/","og_locale":"it_IT","og_type":"article","og_title":"Georges Enescu - Musica de Camera, vol. VIII - Institut Europ\u00e9en des Musiques Juives","og_description":"Ottavo volume dell&#8217;edizione completa delle opere di Georges Enesco (&#8220;Enescu&#8221; in rumeno), questo volume di spartiti \u00e8 dedicato alla musica da camera del compositore. Pubblicata dalle Edizioni Salabert nel 2014","og_url":"https:\/\/www.iemj.org\/it\/georges-enescu-musica-de-camera-vol-viii\/","og_site_name":"Institut Europ\u00e9en des Musiques Juives","article_publisher":"https:\/\/www.facebook.com\/MusiquesJuives\/","article_published_time":"2020-01-09T15:46:59+00:00","article_modified_time":"2023-12-13T11:51:03+00:00","og_image":[{"width":350,"height":467,"url":"https:\/\/www.iemj.org\/wp-content\/uploads\/2020\/01\/arton4465-e1619084611124.jpg","type":"image\/jpeg"}],"author":"Herv\u00e9 Roten","twitter_card":"summary_large_image","twitter_misc":{"Scritto da":"Herv\u00e9 Roten","Tempo di lettura stimato":"3 minuti"},"schema":{"@context":"https:\/\/schema.org","@graph":[{"@type":"Article","@id":"https:\/\/www.iemj.org\/it\/georges-enescu-musica-de-camera-vol-viii\/#article","isPartOf":{"@id":"https:\/\/www.iemj.org\/it\/georges-enescu-musica-de-camera-vol-viii\/"},"author":{"name":"Herv\u00e9 Roten","@id":"https:\/\/www.iemj.org\/it\/#\/schema\/person\/906134402c29d5c76e7b726261dd4bbd"},"headline":"Georges Enescu &#8211; Musica de Camera, vol. VIII","datePublished":"2020-01-09T15:46:59+00:00","dateModified":"2023-12-13T11:51:03+00:00","mainEntityOfPage":{"@id":"https:\/\/www.iemj.org\/it\/georges-enescu-musica-de-camera-vol-viii\/"},"wordCount":493,"publisher":{"@id":"https:\/\/www.iemj.org\/it\/#organization"},"image":{"@id":"https:\/\/www.iemj.org\/it\/georges-enescu-musica-de-camera-vol-viii\/#primaryimage"},"thumbnailUrl":"https:\/\/www.iemj.org\/wp-content\/uploads\/2020\/01\/arton4465-e1619084611124.jpg","articleSection":["Spartiti","Ultimi acquisti"],"inLanguage":"it-IT"},{"@type":"WebPage","@id":"https:\/\/www.iemj.org\/it\/georges-enescu-musica-de-camera-vol-viii\/","url":"https:\/\/www.iemj.org\/it\/georges-enescu-musica-de-camera-vol-viii\/","name":"Georges Enescu - Musica de Camera, vol. VIII - Institut Europ\u00e9en des Musiques Juives","isPartOf":{"@id":"https:\/\/www.iemj.org\/it\/#website"},"primaryImageOfPage":{"@id":"https:\/\/www.iemj.org\/it\/georges-enescu-musica-de-camera-vol-viii\/#primaryimage"},"image":{"@id":"https:\/\/www.iemj.org\/it\/georges-enescu-musica-de-camera-vol-viii\/#primaryimage"},"thumbnailUrl":"https:\/\/www.iemj.org\/wp-content\/uploads\/2020\/01\/arton4465-e1619084611124.jpg","datePublished":"2020-01-09T15:46:59+00:00","dateModified":"2023-12-13T11:51:03+00:00","breadcrumb":{"@id":"https:\/\/www.iemj.org\/it\/georges-enescu-musica-de-camera-vol-viii\/#breadcrumb"},"inLanguage":"it-IT","potentialAction":[{"@type":"ReadAction","target":["https:\/\/www.iemj.org\/it\/georges-enescu-musica-de-camera-vol-viii\/"]}]},{"@type":"ImageObject","inLanguage":"it-IT","@id":"https:\/\/www.iemj.org\/it\/georges-enescu-musica-de-camera-vol-viii\/#primaryimage","url":"https:\/\/www.iemj.org\/wp-content\/uploads\/2020\/01\/arton4465-e1619084611124.jpg","contentUrl":"https:\/\/www.iemj.org\/wp-content\/uploads\/2020\/01\/arton4465-e1619084611124.jpg","width":350,"height":467},{"@type":"BreadcrumbList","@id":"https:\/\/www.iemj.org\/it\/georges-enescu-musica-de-camera-vol-viii\/#breadcrumb","itemListElement":[{"@type":"ListItem","position":1,"name":"Accueil","item":"https:\/\/www.iemj.org\/it\/"},{"@type":"ListItem","position":2,"name":"Georges Enescu &#8211; Musica de Camera, vol. VIII"}]},{"@type":"WebSite","@id":"https:\/\/www.iemj.org\/it\/#website","url":"https:\/\/www.iemj.org\/it\/","name":"Institut Europ\u00e9en des Musiques Juives","description":"Des traditions musicales \u00e0 la port\u00e9e de tous","publisher":{"@id":"https:\/\/www.iemj.org\/it\/#organization"},"potentialAction":[{"@type":"SearchAction","target":{"@type":"EntryPoint","urlTemplate":"https:\/\/www.iemj.org\/it\/?s={search_term_string}"},"query-input":{"@type":"PropertyValueSpecification","valueRequired":true,"valueName":"search_term_string"}}],"inLanguage":"it-IT"},{"@type":"Organization","@id":"https:\/\/www.iemj.org\/it\/#organization","name":"Institut Europ\u00e9en des Musiques Juives","url":"https:\/\/www.iemj.org\/it\/","logo":{"@type":"ImageObject","inLanguage":"it-IT","@id":"https:\/\/www.iemj.org\/it\/#\/schema\/logo\/image\/","url":"https:\/\/www.iemj.org\/wp-content\/uploads\/2021\/09\/Logo-IEMJ-Paypal.jpg","contentUrl":"https:\/\/www.iemj.org\/wp-content\/uploads\/2021\/09\/Logo-IEMJ-Paypal.jpg","width":150,"height":50,"caption":"Institut Europ\u00e9en des Musiques Juives"},"image":{"@id":"https:\/\/www.iemj.org\/it\/#\/schema\/logo\/image\/"},"sameAs":["https:\/\/www.facebook.com\/MusiquesJuives\/","https:\/\/www.instagram.com\/musiquesjuives\/","https:\/\/www.youtube.com\/user\/musiquesjuives"]},{"@type":"Person","@id":"https:\/\/www.iemj.org\/it\/#\/schema\/person\/906134402c29d5c76e7b726261dd4bbd","name":"Herv\u00e9 Roten","image":{"@type":"ImageObject","inLanguage":"it-IT","@id":"https:\/\/secure.gravatar.com\/avatar\/f96ad2db538a26481f18384936b5cd0610c92d390c4dc382209216d455f685ff?s=96&d=mm&r=g","url":"https:\/\/secure.gravatar.com\/avatar\/f96ad2db538a26481f18384936b5cd0610c92d390c4dc382209216d455f685ff?s=96&d=mm&r=g","contentUrl":"https:\/\/secure.gravatar.com\/avatar\/f96ad2db538a26481f18384936b5cd0610c92d390c4dc382209216d455f685ff?s=96&d=mm&r=g","caption":"Herv\u00e9 Roten"}}]}},"_links":{"self":[{"href":"https:\/\/www.iemj.org\/it\/wp-json\/wp\/v2\/posts\/106376","targetHints":{"allow":["GET"]}}],"collection":[{"href":"https:\/\/www.iemj.org\/it\/wp-json\/wp\/v2\/posts"}],"about":[{"href":"https:\/\/www.iemj.org\/it\/wp-json\/wp\/v2\/types\/post"}],"author":[{"embeddable":true,"href":"https:\/\/www.iemj.org\/it\/wp-json\/wp\/v2\/users\/1045"}],"replies":[{"embeddable":true,"href":"https:\/\/www.iemj.org\/it\/wp-json\/wp\/v2\/comments?post=106376"}],"version-history":[{"count":0,"href":"https:\/\/www.iemj.org\/it\/wp-json\/wp\/v2\/posts\/106376\/revisions"}],"wp:featuredmedia":[{"embeddable":true,"href":"https:\/\/www.iemj.org\/it\/wp-json\/wp\/v2\/media\/106377"}],"wp:attachment":[{"href":"https:\/\/www.iemj.org\/it\/wp-json\/wp\/v2\/media?parent=106376"}],"wp:term":[{"taxonomy":"category","embeddable":true,"href":"https:\/\/www.iemj.org\/it\/wp-json\/wp\/v2\/categories?post=106376"},{"taxonomy":"post_tag","embeddable":true,"href":"https:\/\/www.iemj.org\/it\/wp-json\/wp\/v2\/tags?post=106376"},{"taxonomy":"technique","embeddable":true,"href":"https:\/\/www.iemj.org\/it\/wp-json\/wp\/v2\/technique?post=106376"},{"taxonomy":"squelettes","embeddable":true,"href":"https:\/\/www.iemj.org\/it\/wp-json\/wp\/v2\/squelettes?post=106376"},{"taxonomy":"sujet","embeddable":true,"href":"https:\/\/www.iemj.org\/it\/wp-json\/wp\/v2\/sujet?post=106376"},{"taxonomy":"formation","embeddable":true,"href":"https:\/\/www.iemj.org\/it\/wp-json\/wp\/v2\/formation?post=106376"},{"taxonomy":"genre","embeddable":true,"href":"https:\/\/www.iemj.org\/it\/wp-json\/wp\/v2\/genre?post=106376"},{"taxonomy":"fonds","embeddable":true,"href":"https:\/\/www.iemj.org\/it\/wp-json\/wp\/v2\/fonds?post=106376"},{"taxonomy":"tradition","embeddable":true,"href":"https:\/\/www.iemj.org\/it\/wp-json\/wp\/v2\/tradition?post=106376"},{"taxonomy":"type-de-contenu","embeddable":true,"href":"https:\/\/www.iemj.org\/it\/wp-json\/wp\/v2\/type-de-contenu?post=106376"},{"taxonomy":"interprete-compositeur","embeddable":true,"href":"https:\/\/www.iemj.org\/it\/wp-json\/wp\/v2\/interprete-compositeur?post=106376"},{"taxonomy":"frise","embeddable":true,"href":"https:\/\/www.iemj.org\/it\/wp-json\/wp\/v2\/frise?post=106376"},{"taxonomy":"type-devenement","embeddable":true,"href":"https:\/\/www.iemj.org\/it\/wp-json\/wp\/v2\/type-devenement?post=106376"},{"taxonomy":"tableaux-liens-externes","embeddable":true,"href":"https:\/\/www.iemj.org\/it\/wp-json\/wp\/v2\/tableaux-liens-externes?post=106376"}],"curies":[{"name":"wp","href":"https:\/\/api.w.org\/{rel}","templated":true}]}}