{"id":106426,"date":"2014-11-06T15:08:12","date_gmt":"2014-11-06T14:08:12","guid":{"rendered":"https:\/\/www.iemj.org\/fernand-halphen-andante-religioso\/"},"modified":"2023-12-13T16:57:14","modified_gmt":"2023-12-13T15:57:14","slug":"fernand-halphen-andante-religioso","status":"publish","type":"post","link":"https:\/\/www.iemj.org\/it\/fernand-halphen-andante-religioso\/","title":{"rendered":"Fernand Halphen &#8211; Andante religioso"},"content":{"rendered":"<p>Dedicata all&#8217;avvocato Pierre Gaston-Mayer (1884-1914), quest&#8217;opera per violino o violoncello e tastiera (organo o pianoforte) di Fernand Halphen fu composta a Deauville il 31 agosto 1913. Cosa la rende speciale? La melodia principale \u00e8 modellata su quella della preghiera <em>Veshomerou<\/em> del venerd\u00ec sera cantata nelle sinagoghe concistoriali ashkenazite.<\/p>\n<p>L&#8217;<em>Andante religioso<\/em> fu pubblicato postumo da Senart nel 1919, poi dalla collezione Salabert &#8211; Mizmor nel 1933.<\/p>\n<p><a href=\"https:\/\/www.iemj.org\/it\/halphen-fernand-1872-1917\/\" target=\"_blank\" rel=\"noopener\">Per saperne di pi\u00f9 su Fernand Halphen<\/a><\/p>\n<p><a href=\"https:\/\/www.iemj.org\/it\/fonds-halphen\/\" target=\"_blank\" rel=\"noopener\">Consultare gli archivi Halphen<\/a><\/p>\n<p><a href=\"https:\/\/www.iemj.org\/it\/fernand-halphen\/\" target=\"_blank\" rel=\"noopener\">Ascoltare un estratto dell&#8217;Andante religioso<\/a><\/p>\n<p><a href=\"https:\/\/www.iemj.org\/it\/produit\/fernand-halphen-melodies-pour-piano-et-musique-de-chambre\/\" target=\"_blank\" rel=\"noopener\">Ordinare il CD di Fernand Halphen pubblicato dall&#8217;IEMJ<\/a><\/p>\n<p><img fetchpriority=\"high\" decoding=\"async\" class=\"wp-image-38149 aligncenter\" src=\"https:\/\/www.iemj.org\/wp-content\/uploads\/2014\/11\/Andante-religioso_Halphen_EX-244x300.jpg\" alt=\"\" width=\"464\" height=\"570\" srcset=\"https:\/\/www.iemj.org\/wp-content\/uploads\/2014\/11\/Andante-religioso_Halphen_EX-244x300.jpg 244w, https:\/\/www.iemj.org\/wp-content\/uploads\/2014\/11\/Andante-religioso_Halphen_EX-600x737.jpg 600w, https:\/\/www.iemj.org\/wp-content\/uploads\/2014\/11\/Andante-religioso_Halphen_EX.jpg 700w\" sizes=\"(max-width: 464px) 100vw, 464px\" \/><\/p>\n","protected":false},"excerpt":{"rendered":"<p>Dedicata all&#8217;avvocato Pierre Gaston-Mayer (1884-1914), quest&#8217;opera per violino o violoncello e tastiera (organo o pianoforte) di Fernand Halphen fu composta a Deauville il 31 agosto 1913. Cosa la rende speciale?<\/p>\n","protected":false},"author":1045,"featured_media":38139,"comment_status":"closed","ping_status":"open","sticky":false,"template":"","format":"standard","meta":{"_acf_changed":false,"footnotes":""},"categories":[1582,1564],"tags":[],"technique":[],"squelettes":[],"sujet":[],"formation":[1671],"genre":[],"fonds":[],"tradition":[],"type-de-contenu":[],"interprete-compositeur":[3160],"frise":[],"type-devenement":[],"tableaux-liens-externes":[],"class_list":["post-106426","post","type-post","status-publish","format-standard","has-post-thumbnail","hentry","category-spartiti-it","category-ultimi-acquisti-it","formation-strumentale-it","interprete-compositeur-fernand-halphen-it"],"acf":[],"yoast_head":"<!-- This site is optimized with the Yoast SEO plugin v27.3 - https:\/\/yoast.com\/product\/yoast-seo-wordpress\/ -->\n<title>Fernand Halphen - Andante religioso - Institut Europ\u00e9en des Musiques Juives<\/title>\n<meta name=\"robots\" content=\"index, follow, max-snippet:-1, max-image-preview:large, max-video-preview:-1\" \/>\n<link rel=\"canonical\" href=\"https:\/\/www.iemj.org\/it\/fernand-halphen-andante-religioso\/\" \/>\n<meta property=\"og:locale\" content=\"it_IT\" \/>\n<meta property=\"og:type\" content=\"article\" \/>\n<meta property=\"og:title\" content=\"Fernand Halphen - Andante religioso - Institut Europ\u00e9en des Musiques Juives\" \/>\n<meta property=\"og:description\" content=\"Dedicata all&#8217;avvocato Pierre Gaston-Mayer (1884-1914), quest&#8217;opera per violino o violoncello e tastiera (organo o pianoforte) di Fernand Halphen fu composta a Deauville il 31 agosto 1913. Cosa la rende speciale?\" \/>\n<meta property=\"og:url\" content=\"https:\/\/www.iemj.org\/it\/fernand-halphen-andante-religioso\/\" \/>\n<meta property=\"og:site_name\" content=\"Institut Europ\u00e9en des Musiques Juives\" \/>\n<meta property=\"article:publisher\" content=\"https:\/\/www.facebook.com\/MusiquesJuives\/\" \/>\n<meta property=\"article:published_time\" content=\"2014-11-06T14:08:12+00:00\" \/>\n<meta property=\"article:modified_time\" content=\"2023-12-13T15:57:14+00:00\" \/>\n<meta property=\"og:image\" content=\"https:\/\/www.iemj.org\/wp-content\/uploads\/2014\/11\/Andante-religioso_Halphen_COUV-e1619541955470.jpg\" \/>\n\t<meta property=\"og:image:width\" content=\"350\" \/>\n\t<meta property=\"og:image:height\" content=\"442\" \/>\n\t<meta property=\"og:image:type\" content=\"image\/jpeg\" \/>\n<meta name=\"author\" content=\"Herv\u00e9 Roten\" \/>\n<meta name=\"twitter:card\" content=\"summary_large_image\" \/>\n<meta name=\"twitter:label1\" content=\"Scritto da\" \/>\n\t<meta name=\"twitter:data1\" content=\"Herv\u00e9 Roten\" \/>\n\t<meta name=\"twitter:label2\" content=\"Tempo di lettura stimato\" \/>\n\t<meta name=\"twitter:data2\" content=\"1 minuto\" \/>\n<script type=\"application\/ld+json\" class=\"yoast-schema-graph\">{\"@context\":\"https:\\\/\\\/schema.org\",\"@graph\":[{\"@type\":\"Article\",\"@id\":\"https:\\\/\\\/www.iemj.org\\\/it\\\/fernand-halphen-andante-religioso\\\/#article\",\"isPartOf\":{\"@id\":\"https:\\\/\\\/www.iemj.org\\\/it\\\/fernand-halphen-andante-religioso\\\/\"},\"author\":{\"name\":\"Herv\u00e9 Roten\",\"@id\":\"https:\\\/\\\/www.iemj.org\\\/it\\\/#\\\/schema\\\/person\\\/906134402c29d5c76e7b726261dd4bbd\"},\"headline\":\"Fernand Halphen &#8211; Andante religioso\",\"datePublished\":\"2014-11-06T14:08:12+00:00\",\"dateModified\":\"2023-12-13T15:57:14+00:00\",\"mainEntityOfPage\":{\"@id\":\"https:\\\/\\\/www.iemj.org\\\/it\\\/fernand-halphen-andante-religioso\\\/\"},\"wordCount\":94,\"publisher\":{\"@id\":\"https:\\\/\\\/www.iemj.org\\\/it\\\/#organization\"},\"image\":{\"@id\":\"https:\\\/\\\/www.iemj.org\\\/it\\\/fernand-halphen-andante-religioso\\\/#primaryimage\"},\"thumbnailUrl\":\"https:\\\/\\\/www.iemj.org\\\/wp-content\\\/uploads\\\/2014\\\/11\\\/Andante-religioso_Halphen_COUV-e1619541955470.jpg\",\"articleSection\":[\"Spartiti\",\"Ultimi acquisti\"],\"inLanguage\":\"it-IT\"},{\"@type\":\"WebPage\",\"@id\":\"https:\\\/\\\/www.iemj.org\\\/it\\\/fernand-halphen-andante-religioso\\\/\",\"url\":\"https:\\\/\\\/www.iemj.org\\\/it\\\/fernand-halphen-andante-religioso\\\/\",\"name\":\"Fernand Halphen - Andante religioso - Institut Europ\u00e9en des Musiques Juives\",\"isPartOf\":{\"@id\":\"https:\\\/\\\/www.iemj.org\\\/it\\\/#website\"},\"primaryImageOfPage\":{\"@id\":\"https:\\\/\\\/www.iemj.org\\\/it\\\/fernand-halphen-andante-religioso\\\/#primaryimage\"},\"image\":{\"@id\":\"https:\\\/\\\/www.iemj.org\\\/it\\\/fernand-halphen-andante-religioso\\\/#primaryimage\"},\"thumbnailUrl\":\"https:\\\/\\\/www.iemj.org\\\/wp-content\\\/uploads\\\/2014\\\/11\\\/Andante-religioso_Halphen_COUV-e1619541955470.jpg\",\"datePublished\":\"2014-11-06T14:08:12+00:00\",\"dateModified\":\"2023-12-13T15:57:14+00:00\",\"breadcrumb\":{\"@id\":\"https:\\\/\\\/www.iemj.org\\\/it\\\/fernand-halphen-andante-religioso\\\/#breadcrumb\"},\"inLanguage\":\"it-IT\",\"potentialAction\":[{\"@type\":\"ReadAction\",\"target\":[\"https:\\\/\\\/www.iemj.org\\\/it\\\/fernand-halphen-andante-religioso\\\/\"]}]},{\"@type\":\"ImageObject\",\"inLanguage\":\"it-IT\",\"@id\":\"https:\\\/\\\/www.iemj.org\\\/it\\\/fernand-halphen-andante-religioso\\\/#primaryimage\",\"url\":\"https:\\\/\\\/www.iemj.org\\\/wp-content\\\/uploads\\\/2014\\\/11\\\/Andante-religioso_Halphen_COUV-e1619541955470.jpg\",\"contentUrl\":\"https:\\\/\\\/www.iemj.org\\\/wp-content\\\/uploads\\\/2014\\\/11\\\/Andante-religioso_Halphen_COUV-e1619541955470.jpg\",\"width\":350,\"height\":442},{\"@type\":\"BreadcrumbList\",\"@id\":\"https:\\\/\\\/www.iemj.org\\\/it\\\/fernand-halphen-andante-religioso\\\/#breadcrumb\",\"itemListElement\":[{\"@type\":\"ListItem\",\"position\":1,\"name\":\"Accueil\",\"item\":\"https:\\\/\\\/www.iemj.org\\\/it\\\/\"},{\"@type\":\"ListItem\",\"position\":2,\"name\":\"Fernand Halphen &#8211; Andante religioso\"}]},{\"@type\":\"WebSite\",\"@id\":\"https:\\\/\\\/www.iemj.org\\\/it\\\/#website\",\"url\":\"https:\\\/\\\/www.iemj.org\\\/it\\\/\",\"name\":\"Institut Europ\u00e9en des Musiques Juives\",\"description\":\"Des traditions musicales \u00e0 la port\u00e9e de tous\",\"publisher\":{\"@id\":\"https:\\\/\\\/www.iemj.org\\\/it\\\/#organization\"},\"potentialAction\":[{\"@type\":\"SearchAction\",\"target\":{\"@type\":\"EntryPoint\",\"urlTemplate\":\"https:\\\/\\\/www.iemj.org\\\/it\\\/?s={search_term_string}\"},\"query-input\":{\"@type\":\"PropertyValueSpecification\",\"valueRequired\":true,\"valueName\":\"search_term_string\"}}],\"inLanguage\":\"it-IT\"},{\"@type\":\"Organization\",\"@id\":\"https:\\\/\\\/www.iemj.org\\\/it\\\/#organization\",\"name\":\"Institut Europ\u00e9en des Musiques Juives\",\"url\":\"https:\\\/\\\/www.iemj.org\\\/it\\\/\",\"logo\":{\"@type\":\"ImageObject\",\"inLanguage\":\"it-IT\",\"@id\":\"https:\\\/\\\/www.iemj.org\\\/it\\\/#\\\/schema\\\/logo\\\/image\\\/\",\"url\":\"https:\\\/\\\/www.iemj.org\\\/wp-content\\\/uploads\\\/2021\\\/09\\\/Logo-IEMJ-Paypal.jpg\",\"contentUrl\":\"https:\\\/\\\/www.iemj.org\\\/wp-content\\\/uploads\\\/2021\\\/09\\\/Logo-IEMJ-Paypal.jpg\",\"width\":150,\"height\":50,\"caption\":\"Institut Europ\u00e9en des Musiques Juives\"},\"image\":{\"@id\":\"https:\\\/\\\/www.iemj.org\\\/it\\\/#\\\/schema\\\/logo\\\/image\\\/\"},\"sameAs\":[\"https:\\\/\\\/www.facebook.com\\\/MusiquesJuives\\\/\",\"https:\\\/\\\/www.instagram.com\\\/musiquesjuives\\\/\",\"https:\\\/\\\/www.youtube.com\\\/user\\\/musiquesjuives\"]},{\"@type\":\"Person\",\"@id\":\"https:\\\/\\\/www.iemj.org\\\/it\\\/#\\\/schema\\\/person\\\/906134402c29d5c76e7b726261dd4bbd\",\"name\":\"Herv\u00e9 Roten\",\"image\":{\"@type\":\"ImageObject\",\"inLanguage\":\"it-IT\",\"@id\":\"https:\\\/\\\/secure.gravatar.com\\\/avatar\\\/f96ad2db538a26481f18384936b5cd0610c92d390c4dc382209216d455f685ff?s=96&d=mm&r=g\",\"url\":\"https:\\\/\\\/secure.gravatar.com\\\/avatar\\\/f96ad2db538a26481f18384936b5cd0610c92d390c4dc382209216d455f685ff?s=96&d=mm&r=g\",\"contentUrl\":\"https:\\\/\\\/secure.gravatar.com\\\/avatar\\\/f96ad2db538a26481f18384936b5cd0610c92d390c4dc382209216d455f685ff?s=96&d=mm&r=g\",\"caption\":\"Herv\u00e9 Roten\"}}]}<\/script>\n<!-- \/ Yoast SEO plugin. -->","yoast_head_json":{"title":"Fernand Halphen - Andante religioso - Institut Europ\u00e9en des Musiques Juives","robots":{"index":"index","follow":"follow","max-snippet":"max-snippet:-1","max-image-preview":"max-image-preview:large","max-video-preview":"max-video-preview:-1"},"canonical":"https:\/\/www.iemj.org\/it\/fernand-halphen-andante-religioso\/","og_locale":"it_IT","og_type":"article","og_title":"Fernand Halphen - Andante religioso - Institut Europ\u00e9en des Musiques Juives","og_description":"Dedicata all&#8217;avvocato Pierre Gaston-Mayer (1884-1914), quest&#8217;opera per violino o violoncello e tastiera (organo o pianoforte) di Fernand Halphen fu composta a Deauville il 31 agosto 1913. Cosa la rende speciale?","og_url":"https:\/\/www.iemj.org\/it\/fernand-halphen-andante-religioso\/","og_site_name":"Institut Europ\u00e9en des Musiques Juives","article_publisher":"https:\/\/www.facebook.com\/MusiquesJuives\/","article_published_time":"2014-11-06T14:08:12+00:00","article_modified_time":"2023-12-13T15:57:14+00:00","og_image":[{"width":350,"height":442,"url":"https:\/\/www.iemj.org\/wp-content\/uploads\/2014\/11\/Andante-religioso_Halphen_COUV-e1619541955470.jpg","type":"image\/jpeg"}],"author":"Herv\u00e9 Roten","twitter_card":"summary_large_image","twitter_misc":{"Scritto da":"Herv\u00e9 Roten","Tempo di lettura stimato":"1 minuto"},"schema":{"@context":"https:\/\/schema.org","@graph":[{"@type":"Article","@id":"https:\/\/www.iemj.org\/it\/fernand-halphen-andante-religioso\/#article","isPartOf":{"@id":"https:\/\/www.iemj.org\/it\/fernand-halphen-andante-religioso\/"},"author":{"name":"Herv\u00e9 Roten","@id":"https:\/\/www.iemj.org\/it\/#\/schema\/person\/906134402c29d5c76e7b726261dd4bbd"},"headline":"Fernand Halphen &#8211; Andante religioso","datePublished":"2014-11-06T14:08:12+00:00","dateModified":"2023-12-13T15:57:14+00:00","mainEntityOfPage":{"@id":"https:\/\/www.iemj.org\/it\/fernand-halphen-andante-religioso\/"},"wordCount":94,"publisher":{"@id":"https:\/\/www.iemj.org\/it\/#organization"},"image":{"@id":"https:\/\/www.iemj.org\/it\/fernand-halphen-andante-religioso\/#primaryimage"},"thumbnailUrl":"https:\/\/www.iemj.org\/wp-content\/uploads\/2014\/11\/Andante-religioso_Halphen_COUV-e1619541955470.jpg","articleSection":["Spartiti","Ultimi acquisti"],"inLanguage":"it-IT"},{"@type":"WebPage","@id":"https:\/\/www.iemj.org\/it\/fernand-halphen-andante-religioso\/","url":"https:\/\/www.iemj.org\/it\/fernand-halphen-andante-religioso\/","name":"Fernand Halphen - Andante religioso - Institut Europ\u00e9en des Musiques Juives","isPartOf":{"@id":"https:\/\/www.iemj.org\/it\/#website"},"primaryImageOfPage":{"@id":"https:\/\/www.iemj.org\/it\/fernand-halphen-andante-religioso\/#primaryimage"},"image":{"@id":"https:\/\/www.iemj.org\/it\/fernand-halphen-andante-religioso\/#primaryimage"},"thumbnailUrl":"https:\/\/www.iemj.org\/wp-content\/uploads\/2014\/11\/Andante-religioso_Halphen_COUV-e1619541955470.jpg","datePublished":"2014-11-06T14:08:12+00:00","dateModified":"2023-12-13T15:57:14+00:00","breadcrumb":{"@id":"https:\/\/www.iemj.org\/it\/fernand-halphen-andante-religioso\/#breadcrumb"},"inLanguage":"it-IT","potentialAction":[{"@type":"ReadAction","target":["https:\/\/www.iemj.org\/it\/fernand-halphen-andante-religioso\/"]}]},{"@type":"ImageObject","inLanguage":"it-IT","@id":"https:\/\/www.iemj.org\/it\/fernand-halphen-andante-religioso\/#primaryimage","url":"https:\/\/www.iemj.org\/wp-content\/uploads\/2014\/11\/Andante-religioso_Halphen_COUV-e1619541955470.jpg","contentUrl":"https:\/\/www.iemj.org\/wp-content\/uploads\/2014\/11\/Andante-religioso_Halphen_COUV-e1619541955470.jpg","width":350,"height":442},{"@type":"BreadcrumbList","@id":"https:\/\/www.iemj.org\/it\/fernand-halphen-andante-religioso\/#breadcrumb","itemListElement":[{"@type":"ListItem","position":1,"name":"Accueil","item":"https:\/\/www.iemj.org\/it\/"},{"@type":"ListItem","position":2,"name":"Fernand Halphen &#8211; Andante religioso"}]},{"@type":"WebSite","@id":"https:\/\/www.iemj.org\/it\/#website","url":"https:\/\/www.iemj.org\/it\/","name":"Institut Europ\u00e9en des Musiques Juives","description":"Des traditions musicales \u00e0 la port\u00e9e de tous","publisher":{"@id":"https:\/\/www.iemj.org\/it\/#organization"},"potentialAction":[{"@type":"SearchAction","target":{"@type":"EntryPoint","urlTemplate":"https:\/\/www.iemj.org\/it\/?s={search_term_string}"},"query-input":{"@type":"PropertyValueSpecification","valueRequired":true,"valueName":"search_term_string"}}],"inLanguage":"it-IT"},{"@type":"Organization","@id":"https:\/\/www.iemj.org\/it\/#organization","name":"Institut Europ\u00e9en des Musiques Juives","url":"https:\/\/www.iemj.org\/it\/","logo":{"@type":"ImageObject","inLanguage":"it-IT","@id":"https:\/\/www.iemj.org\/it\/#\/schema\/logo\/image\/","url":"https:\/\/www.iemj.org\/wp-content\/uploads\/2021\/09\/Logo-IEMJ-Paypal.jpg","contentUrl":"https:\/\/www.iemj.org\/wp-content\/uploads\/2021\/09\/Logo-IEMJ-Paypal.jpg","width":150,"height":50,"caption":"Institut Europ\u00e9en des Musiques Juives"},"image":{"@id":"https:\/\/www.iemj.org\/it\/#\/schema\/logo\/image\/"},"sameAs":["https:\/\/www.facebook.com\/MusiquesJuives\/","https:\/\/www.instagram.com\/musiquesjuives\/","https:\/\/www.youtube.com\/user\/musiquesjuives"]},{"@type":"Person","@id":"https:\/\/www.iemj.org\/it\/#\/schema\/person\/906134402c29d5c76e7b726261dd4bbd","name":"Herv\u00e9 Roten","image":{"@type":"ImageObject","inLanguage":"it-IT","@id":"https:\/\/secure.gravatar.com\/avatar\/f96ad2db538a26481f18384936b5cd0610c92d390c4dc382209216d455f685ff?s=96&d=mm&r=g","url":"https:\/\/secure.gravatar.com\/avatar\/f96ad2db538a26481f18384936b5cd0610c92d390c4dc382209216d455f685ff?s=96&d=mm&r=g","contentUrl":"https:\/\/secure.gravatar.com\/avatar\/f96ad2db538a26481f18384936b5cd0610c92d390c4dc382209216d455f685ff?s=96&d=mm&r=g","caption":"Herv\u00e9 Roten"}}]}},"_links":{"self":[{"href":"https:\/\/www.iemj.org\/it\/wp-json\/wp\/v2\/posts\/106426","targetHints":{"allow":["GET"]}}],"collection":[{"href":"https:\/\/www.iemj.org\/it\/wp-json\/wp\/v2\/posts"}],"about":[{"href":"https:\/\/www.iemj.org\/it\/wp-json\/wp\/v2\/types\/post"}],"author":[{"embeddable":true,"href":"https:\/\/www.iemj.org\/it\/wp-json\/wp\/v2\/users\/1045"}],"replies":[{"embeddable":true,"href":"https:\/\/www.iemj.org\/it\/wp-json\/wp\/v2\/comments?post=106426"}],"version-history":[{"count":0,"href":"https:\/\/www.iemj.org\/it\/wp-json\/wp\/v2\/posts\/106426\/revisions"}],"wp:featuredmedia":[{"embeddable":true,"href":"https:\/\/www.iemj.org\/it\/wp-json\/wp\/v2\/media\/38139"}],"wp:attachment":[{"href":"https:\/\/www.iemj.org\/it\/wp-json\/wp\/v2\/media?parent=106426"}],"wp:term":[{"taxonomy":"category","embeddable":true,"href":"https:\/\/www.iemj.org\/it\/wp-json\/wp\/v2\/categories?post=106426"},{"taxonomy":"post_tag","embeddable":true,"href":"https:\/\/www.iemj.org\/it\/wp-json\/wp\/v2\/tags?post=106426"},{"taxonomy":"technique","embeddable":true,"href":"https:\/\/www.iemj.org\/it\/wp-json\/wp\/v2\/technique?post=106426"},{"taxonomy":"squelettes","embeddable":true,"href":"https:\/\/www.iemj.org\/it\/wp-json\/wp\/v2\/squelettes?post=106426"},{"taxonomy":"sujet","embeddable":true,"href":"https:\/\/www.iemj.org\/it\/wp-json\/wp\/v2\/sujet?post=106426"},{"taxonomy":"formation","embeddable":true,"href":"https:\/\/www.iemj.org\/it\/wp-json\/wp\/v2\/formation?post=106426"},{"taxonomy":"genre","embeddable":true,"href":"https:\/\/www.iemj.org\/it\/wp-json\/wp\/v2\/genre?post=106426"},{"taxonomy":"fonds","embeddable":true,"href":"https:\/\/www.iemj.org\/it\/wp-json\/wp\/v2\/fonds?post=106426"},{"taxonomy":"tradition","embeddable":true,"href":"https:\/\/www.iemj.org\/it\/wp-json\/wp\/v2\/tradition?post=106426"},{"taxonomy":"type-de-contenu","embeddable":true,"href":"https:\/\/www.iemj.org\/it\/wp-json\/wp\/v2\/type-de-contenu?post=106426"},{"taxonomy":"interprete-compositeur","embeddable":true,"href":"https:\/\/www.iemj.org\/it\/wp-json\/wp\/v2\/interprete-compositeur?post=106426"},{"taxonomy":"frise","embeddable":true,"href":"https:\/\/www.iemj.org\/it\/wp-json\/wp\/v2\/frise?post=106426"},{"taxonomy":"type-devenement","embeddable":true,"href":"https:\/\/www.iemj.org\/it\/wp-json\/wp\/v2\/type-devenement?post=106426"},{"taxonomy":"tableaux-liens-externes","embeddable":true,"href":"https:\/\/www.iemj.org\/it\/wp-json\/wp\/v2\/tableaux-liens-externes?post=106426"}],"curies":[{"name":"wp","href":"https:\/\/api.w.org\/{rel}","templated":true}]}}