{"id":106577,"date":"2016-02-10T16:22:00","date_gmt":"2016-02-10T15:22:00","guid":{"rendered":"https:\/\/www.iemj.org\/limportance-du-chant-dans-la-tradition-juive-herve-roten\/"},"modified":"2025-10-04T18:09:59","modified_gmt":"2025-10-04T16:09:59","slug":"limportance-du-chant-dans-la-tradition-juive-herve-roten","status":"publish","type":"post","link":"https:\/\/www.iemj.org\/it\/limportance-du-chant-dans-la-tradition-juive-herve-roten\/","title":{"rendered":"L&#8217;importanza del canto nella tradizione ebraica &#8211; Herv\u00e9 Roten"},"content":{"rendered":"\n<p><strong>Nell\u2019ambito della&nbsp;<\/strong><a href=\"https:\/\/www.iemj.org\/it\/colloque-et-concerts-vox-aurea-via-sacra-2014-la-musique-sacree-juive\/\" target=\"_blank\" rel=\"noreferrer noopener\"><strong>giornata di studi Vox Aurea-Via Sacra 2014<\/strong><\/a><strong>, dedicata alla musica sacra ebraica, Herv\u00e9 Roten, Etnomusicologo e direttore dell&#8217;Istituto Europeo di Musiche Ebraiche, ci presenta un panorama vocale della tradizione ebraica attraverso il tempo e lo spazio<\/strong><\/p>\n\n\n\n<!--more-->\n\n\n<h2><span style=\"color: #3c4b98;\">Ascoltare la conferenza in fondo alla pagina<\/span><\/h2>\n<p>Il canto \u00e8 onnipresente nell&#8217;ebraismo, naturalmente nella sinagoga, ma anche nella casa di famiglia. Scandisce le feste dell&#8217;anno ebraico ed i momenti salienti della vita, dalla nascita alla morte, tra cui la circoncisione, la comunione (Bar mitzvah) ed il matrimonio.<\/p>\n<p>Fin da piccolo, ogni bambino ebreo religioso impara le lettere dell&#8217;alfabeto ebraico cantando i loro nomi. Questo uso del canto continua nello studio dei testi biblici e nella recita delle preghiere. Il canto serve quindi come aiuto alla memoria e come punteggiatura sintattica, permettendo di sviluppare la liturgia secondo la tradizione.<\/p>\n<p>Ma il canto \u00e8 anche un vettore di identit\u00e0. Ogni ebreo si identifica con le canzoni della propria comunit\u00e0 e tradizione. Infatti, mentre l&#8217;ebraico \u00e8 un denominatore comune a tutte, o quasi, le comunit\u00e0 ebraiche, le melodie e gli stili vocali differiscono da una tradizione all&#8217;altra. Duemila anni di diaspora sono passati in questo modo.<\/p>\n<p>Tra le sue pubblicazioni, Musiques liturgiques juives : parcours et escales, Paris, cit\u00e9 de la musique\/Arles, Actes 1998; <a href=\"https:\/\/www.iemj.org\/it\/les-traditions-musicales-judeo-portugaises-en-france\/\" target=\"_blank\" rel=\"noopener\">Les traditions musicales judeo-portugaises en France, Paris, Maisonneuve&amp;Larose, 2000<\/a>.<\/p>\n<p><a href=\"https:\/\/www.iemj.org\/it\/colloque-et-concerts-vox-aurea-via-sacra-2014-la-musique-sacree-juive\/\" target=\"_blank\" rel=\"noopener\">Per saperne di pi\u00f9 sul programma delle conferenze e dei concerti della terza edizione di Vox Aurea-Via Sacra dedicata alla musica sacra ebraica.<\/a><\/p>\n\n<div class=\"wp-block-image\">\n<figure class=\"aligncenter size-large\"><img fetchpriority=\"high\" decoding=\"async\" width=\"1024\" height=\"133\" src=\"https:\/\/www.iemj.org\/wp-content\/uploads\/2024\/03\/AUDIO-PLAYER-1024x133.png\" alt=\"\" class=\"wp-image-110609\" srcset=\"https:\/\/www.iemj.org\/wp-content\/uploads\/2024\/03\/AUDIO-PLAYER-1024x133.png 1024w, https:\/\/www.iemj.org\/wp-content\/uploads\/2024\/03\/AUDIO-PLAYER-300x39.png 300w, https:\/\/www.iemj.org\/wp-content\/uploads\/2024\/03\/AUDIO-PLAYER-768x100.png 768w, https:\/\/www.iemj.org\/wp-content\/uploads\/2024\/03\/AUDIO-PLAYER-600x78.png 600w, https:\/\/www.iemj.org\/wp-content\/uploads\/2024\/03\/AUDIO-PLAYER.png 1210w\" sizes=\"(max-width: 1024px) 100vw, 1024px\" \/><\/figure>\n<\/div>\n\n\n<div class=\"wp-block-file\"><a id=\"wp-block-file--media-288a1bb4-160c-439d-acff-43a0cb7d8a88\" href=\"https:\/\/www.iemj.org\/wp-content\/uploads\/2016\/02\/mix_def_vox_aurea_herve.mp3\">L&#8217;importance du chant dans la tradition juive &#8211; Herv\u00e9 Roten<\/a><\/div>\n","protected":false},"excerpt":{"rendered":"<p>Nell\u2019ambito della&nbsp;giornata di studi Vox Aurea-Via Sacra 2014, dedicata alla musica sacra ebraica, Herv\u00e9 Roten, Etnomusicologo e direttore dell&#8217;Istituto Europeo di Musiche Ebraiche, ci presenta un panorama vocale della tradizione<\/p>\n","protected":false},"author":1052,"featured_media":106578,"comment_status":"closed","ping_status":"closed","sticky":false,"template":"","format":"standard","meta":{"_acf_changed":false,"footnotes":""},"categories":[1419],"tags":[3421],"technique":[],"squelettes":[],"sujet":[],"formation":[],"genre":[1892],"fonds":[],"tradition":[],"type-de-contenu":[],"interprete-compositeur":[],"frise":[],"type-devenement":[],"tableaux-liens-externes":[],"class_list":["post-106577","post","type-post","status-publish","format-standard","has-post-thumbnail","hentry","category-corsi-conferenze-2-it","tag-eventi-partner-it","genre-liturgia-it"],"acf":[],"yoast_head":"<!-- This site is optimized with the Yoast SEO plugin v27.3 - https:\/\/yoast.com\/product\/yoast-seo-wordpress\/ -->\n<title>L&#039;importanza del canto nella tradizione ebraica - Herv\u00e9 Roten - Institut Europ\u00e9en des Musiques Juives<\/title>\n<meta name=\"robots\" content=\"index, follow, max-snippet:-1, max-image-preview:large, max-video-preview:-1\" \/>\n<link rel=\"canonical\" href=\"https:\/\/www.iemj.org\/it\/limportance-du-chant-dans-la-tradition-juive-herve-roten\/\" \/>\n<meta property=\"og:locale\" content=\"it_IT\" \/>\n<meta property=\"og:type\" content=\"article\" \/>\n<meta property=\"og:title\" content=\"L&#039;importanza del canto nella tradizione ebraica - Herv\u00e9 Roten - Institut Europ\u00e9en des Musiques Juives\" \/>\n<meta property=\"og:description\" content=\"Nell\u2019ambito della&nbsp;giornata di studi Vox Aurea-Via Sacra 2014, dedicata alla musica sacra ebraica, Herv\u00e9 Roten, Etnomusicologo e direttore dell&#8217;Istituto Europeo di Musiche Ebraiche, ci presenta un panorama vocale della tradizione\" \/>\n<meta property=\"og:url\" content=\"https:\/\/www.iemj.org\/it\/limportance-du-chant-dans-la-tradition-juive-herve-roten\/\" \/>\n<meta property=\"og:site_name\" content=\"Institut Europ\u00e9en des Musiques Juives\" \/>\n<meta property=\"article:publisher\" content=\"https:\/\/www.facebook.com\/MusiquesJuives\/\" \/>\n<meta property=\"article:published_time\" content=\"2016-02-10T15:22:00+00:00\" \/>\n<meta property=\"article:modified_time\" content=\"2025-10-04T16:09:59+00:00\" \/>\n<meta property=\"og:image\" content=\"https:\/\/www.iemj.org\/wp-content\/uploads\/2016\/02\/arton1460.jpg\" \/>\n\t<meta property=\"og:image:width\" content=\"171\" \/>\n\t<meta property=\"og:image:height\" content=\"173\" \/>\n\t<meta property=\"og:image:type\" content=\"image\/jpeg\" \/>\n<meta name=\"author\" content=\"Lea Couderc\" \/>\n<meta name=\"twitter:card\" content=\"summary_large_image\" \/>\n<meta name=\"twitter:label1\" content=\"Scritto da\" \/>\n\t<meta name=\"twitter:data1\" content=\"Lea Couderc\" \/>\n\t<meta name=\"twitter:label2\" content=\"Tempo di lettura stimato\" \/>\n\t<meta name=\"twitter:data2\" content=\"2 minuti\" \/>\n<script type=\"application\/ld+json\" class=\"yoast-schema-graph\">{\"@context\":\"https:\\\/\\\/schema.org\",\"@graph\":[{\"@type\":\"Article\",\"@id\":\"https:\\\/\\\/www.iemj.org\\\/it\\\/limportance-du-chant-dans-la-tradition-juive-herve-roten\\\/#article\",\"isPartOf\":{\"@id\":\"https:\\\/\\\/www.iemj.org\\\/it\\\/limportance-du-chant-dans-la-tradition-juive-herve-roten\\\/\"},\"author\":{\"name\":\"Lea Couderc\",\"@id\":\"https:\\\/\\\/www.iemj.org\\\/it\\\/#\\\/schema\\\/person\\\/e2ad57f2c4be119c7ed8ab79036807a9\"},\"headline\":\"L&#8217;importanza del canto nella tradizione ebraica &#8211; Herv\u00e9 Roten\",\"datePublished\":\"2016-02-10T15:22:00+00:00\",\"dateModified\":\"2025-10-04T16:09:59+00:00\",\"mainEntityOfPage\":{\"@id\":\"https:\\\/\\\/www.iemj.org\\\/it\\\/limportance-du-chant-dans-la-tradition-juive-herve-roten\\\/\"},\"wordCount\":266,\"publisher\":{\"@id\":\"https:\\\/\\\/www.iemj.org\\\/it\\\/#organization\"},\"image\":{\"@id\":\"https:\\\/\\\/www.iemj.org\\\/it\\\/limportance-du-chant-dans-la-tradition-juive-herve-roten\\\/#primaryimage\"},\"thumbnailUrl\":\"https:\\\/\\\/www.iemj.org\\\/wp-content\\\/uploads\\\/2016\\\/02\\\/arton1460.jpg\",\"keywords\":[\"Eventi partner\"],\"articleSection\":[\"Corsi \\\/ Conferenze\"],\"inLanguage\":\"it-IT\"},{\"@type\":\"WebPage\",\"@id\":\"https:\\\/\\\/www.iemj.org\\\/it\\\/limportance-du-chant-dans-la-tradition-juive-herve-roten\\\/\",\"url\":\"https:\\\/\\\/www.iemj.org\\\/it\\\/limportance-du-chant-dans-la-tradition-juive-herve-roten\\\/\",\"name\":\"L'importanza del canto nella tradizione ebraica - Herv\u00e9 Roten - Institut Europ\u00e9en des Musiques Juives\",\"isPartOf\":{\"@id\":\"https:\\\/\\\/www.iemj.org\\\/it\\\/#website\"},\"primaryImageOfPage\":{\"@id\":\"https:\\\/\\\/www.iemj.org\\\/it\\\/limportance-du-chant-dans-la-tradition-juive-herve-roten\\\/#primaryimage\"},\"image\":{\"@id\":\"https:\\\/\\\/www.iemj.org\\\/it\\\/limportance-du-chant-dans-la-tradition-juive-herve-roten\\\/#primaryimage\"},\"thumbnailUrl\":\"https:\\\/\\\/www.iemj.org\\\/wp-content\\\/uploads\\\/2016\\\/02\\\/arton1460.jpg\",\"datePublished\":\"2016-02-10T15:22:00+00:00\",\"dateModified\":\"2025-10-04T16:09:59+00:00\",\"breadcrumb\":{\"@id\":\"https:\\\/\\\/www.iemj.org\\\/it\\\/limportance-du-chant-dans-la-tradition-juive-herve-roten\\\/#breadcrumb\"},\"inLanguage\":\"it-IT\",\"potentialAction\":[{\"@type\":\"ReadAction\",\"target\":[\"https:\\\/\\\/www.iemj.org\\\/it\\\/limportance-du-chant-dans-la-tradition-juive-herve-roten\\\/\"]}]},{\"@type\":\"ImageObject\",\"inLanguage\":\"it-IT\",\"@id\":\"https:\\\/\\\/www.iemj.org\\\/it\\\/limportance-du-chant-dans-la-tradition-juive-herve-roten\\\/#primaryimage\",\"url\":\"https:\\\/\\\/www.iemj.org\\\/wp-content\\\/uploads\\\/2016\\\/02\\\/arton1460.jpg\",\"contentUrl\":\"https:\\\/\\\/www.iemj.org\\\/wp-content\\\/uploads\\\/2016\\\/02\\\/arton1460.jpg\",\"width\":171,\"height\":173},{\"@type\":\"BreadcrumbList\",\"@id\":\"https:\\\/\\\/www.iemj.org\\\/it\\\/limportance-du-chant-dans-la-tradition-juive-herve-roten\\\/#breadcrumb\",\"itemListElement\":[{\"@type\":\"ListItem\",\"position\":1,\"name\":\"Accueil\",\"item\":\"https:\\\/\\\/www.iemj.org\\\/it\\\/\"},{\"@type\":\"ListItem\",\"position\":2,\"name\":\"L&rsquo;importanza del canto nella tradizione ebraica &#8211; Herv\u00e9 Roten\"}]},{\"@type\":\"WebSite\",\"@id\":\"https:\\\/\\\/www.iemj.org\\\/it\\\/#website\",\"url\":\"https:\\\/\\\/www.iemj.org\\\/it\\\/\",\"name\":\"Institut Europ\u00e9en des Musiques Juives\",\"description\":\"Des traditions musicales \u00e0 la port\u00e9e de tous\",\"publisher\":{\"@id\":\"https:\\\/\\\/www.iemj.org\\\/it\\\/#organization\"},\"potentialAction\":[{\"@type\":\"SearchAction\",\"target\":{\"@type\":\"EntryPoint\",\"urlTemplate\":\"https:\\\/\\\/www.iemj.org\\\/it\\\/?s={search_term_string}\"},\"query-input\":{\"@type\":\"PropertyValueSpecification\",\"valueRequired\":true,\"valueName\":\"search_term_string\"}}],\"inLanguage\":\"it-IT\"},{\"@type\":\"Organization\",\"@id\":\"https:\\\/\\\/www.iemj.org\\\/it\\\/#organization\",\"name\":\"Institut Europ\u00e9en des Musiques Juives\",\"url\":\"https:\\\/\\\/www.iemj.org\\\/it\\\/\",\"logo\":{\"@type\":\"ImageObject\",\"inLanguage\":\"it-IT\",\"@id\":\"https:\\\/\\\/www.iemj.org\\\/it\\\/#\\\/schema\\\/logo\\\/image\\\/\",\"url\":\"https:\\\/\\\/www.iemj.org\\\/wp-content\\\/uploads\\\/2021\\\/09\\\/Logo-IEMJ-Paypal.jpg\",\"contentUrl\":\"https:\\\/\\\/www.iemj.org\\\/wp-content\\\/uploads\\\/2021\\\/09\\\/Logo-IEMJ-Paypal.jpg\",\"width\":150,\"height\":50,\"caption\":\"Institut Europ\u00e9en des Musiques Juives\"},\"image\":{\"@id\":\"https:\\\/\\\/www.iemj.org\\\/it\\\/#\\\/schema\\\/logo\\\/image\\\/\"},\"sameAs\":[\"https:\\\/\\\/www.facebook.com\\\/MusiquesJuives\\\/\",\"https:\\\/\\\/www.instagram.com\\\/musiquesjuives\\\/\",\"https:\\\/\\\/www.youtube.com\\\/user\\\/musiquesjuives\"]},{\"@type\":\"Person\",\"@id\":\"https:\\\/\\\/www.iemj.org\\\/it\\\/#\\\/schema\\\/person\\\/e2ad57f2c4be119c7ed8ab79036807a9\",\"name\":\"Lea Couderc\",\"image\":{\"@type\":\"ImageObject\",\"inLanguage\":\"it-IT\",\"@id\":\"https:\\\/\\\/secure.gravatar.com\\\/avatar\\\/46ee021475d60aeff17a7e490b79dea5a5684bb392ab7fd1494027411df8ba23?s=96&d=mm&r=g\",\"url\":\"https:\\\/\\\/secure.gravatar.com\\\/avatar\\\/46ee021475d60aeff17a7e490b79dea5a5684bb392ab7fd1494027411df8ba23?s=96&d=mm&r=g\",\"contentUrl\":\"https:\\\/\\\/secure.gravatar.com\\\/avatar\\\/46ee021475d60aeff17a7e490b79dea5a5684bb392ab7fd1494027411df8ba23?s=96&d=mm&r=g\",\"caption\":\"Lea Couderc\"}}]}<\/script>\n<!-- \/ Yoast SEO plugin. -->","yoast_head_json":{"title":"L'importanza del canto nella tradizione ebraica - Herv\u00e9 Roten - Institut Europ\u00e9en des Musiques Juives","robots":{"index":"index","follow":"follow","max-snippet":"max-snippet:-1","max-image-preview":"max-image-preview:large","max-video-preview":"max-video-preview:-1"},"canonical":"https:\/\/www.iemj.org\/it\/limportance-du-chant-dans-la-tradition-juive-herve-roten\/","og_locale":"it_IT","og_type":"article","og_title":"L'importanza del canto nella tradizione ebraica - Herv\u00e9 Roten - Institut Europ\u00e9en des Musiques Juives","og_description":"Nell\u2019ambito della&nbsp;giornata di studi Vox Aurea-Via Sacra 2014, dedicata alla musica sacra ebraica, Herv\u00e9 Roten, Etnomusicologo e direttore dell&#8217;Istituto Europeo di Musiche Ebraiche, ci presenta un panorama vocale della tradizione","og_url":"https:\/\/www.iemj.org\/it\/limportance-du-chant-dans-la-tradition-juive-herve-roten\/","og_site_name":"Institut Europ\u00e9en des Musiques Juives","article_publisher":"https:\/\/www.facebook.com\/MusiquesJuives\/","article_published_time":"2016-02-10T15:22:00+00:00","article_modified_time":"2025-10-04T16:09:59+00:00","og_image":[{"width":171,"height":173,"url":"https:\/\/www.iemj.org\/wp-content\/uploads\/2016\/02\/arton1460.jpg","type":"image\/jpeg"}],"author":"Lea Couderc","twitter_card":"summary_large_image","twitter_misc":{"Scritto da":"Lea Couderc","Tempo di lettura stimato":"2 minuti"},"schema":{"@context":"https:\/\/schema.org","@graph":[{"@type":"Article","@id":"https:\/\/www.iemj.org\/it\/limportance-du-chant-dans-la-tradition-juive-herve-roten\/#article","isPartOf":{"@id":"https:\/\/www.iemj.org\/it\/limportance-du-chant-dans-la-tradition-juive-herve-roten\/"},"author":{"name":"Lea Couderc","@id":"https:\/\/www.iemj.org\/it\/#\/schema\/person\/e2ad57f2c4be119c7ed8ab79036807a9"},"headline":"L&#8217;importanza del canto nella tradizione ebraica &#8211; Herv\u00e9 Roten","datePublished":"2016-02-10T15:22:00+00:00","dateModified":"2025-10-04T16:09:59+00:00","mainEntityOfPage":{"@id":"https:\/\/www.iemj.org\/it\/limportance-du-chant-dans-la-tradition-juive-herve-roten\/"},"wordCount":266,"publisher":{"@id":"https:\/\/www.iemj.org\/it\/#organization"},"image":{"@id":"https:\/\/www.iemj.org\/it\/limportance-du-chant-dans-la-tradition-juive-herve-roten\/#primaryimage"},"thumbnailUrl":"https:\/\/www.iemj.org\/wp-content\/uploads\/2016\/02\/arton1460.jpg","keywords":["Eventi partner"],"articleSection":["Corsi \/ Conferenze"],"inLanguage":"it-IT"},{"@type":"WebPage","@id":"https:\/\/www.iemj.org\/it\/limportance-du-chant-dans-la-tradition-juive-herve-roten\/","url":"https:\/\/www.iemj.org\/it\/limportance-du-chant-dans-la-tradition-juive-herve-roten\/","name":"L'importanza del canto nella tradizione ebraica - Herv\u00e9 Roten - Institut Europ\u00e9en des Musiques Juives","isPartOf":{"@id":"https:\/\/www.iemj.org\/it\/#website"},"primaryImageOfPage":{"@id":"https:\/\/www.iemj.org\/it\/limportance-du-chant-dans-la-tradition-juive-herve-roten\/#primaryimage"},"image":{"@id":"https:\/\/www.iemj.org\/it\/limportance-du-chant-dans-la-tradition-juive-herve-roten\/#primaryimage"},"thumbnailUrl":"https:\/\/www.iemj.org\/wp-content\/uploads\/2016\/02\/arton1460.jpg","datePublished":"2016-02-10T15:22:00+00:00","dateModified":"2025-10-04T16:09:59+00:00","breadcrumb":{"@id":"https:\/\/www.iemj.org\/it\/limportance-du-chant-dans-la-tradition-juive-herve-roten\/#breadcrumb"},"inLanguage":"it-IT","potentialAction":[{"@type":"ReadAction","target":["https:\/\/www.iemj.org\/it\/limportance-du-chant-dans-la-tradition-juive-herve-roten\/"]}]},{"@type":"ImageObject","inLanguage":"it-IT","@id":"https:\/\/www.iemj.org\/it\/limportance-du-chant-dans-la-tradition-juive-herve-roten\/#primaryimage","url":"https:\/\/www.iemj.org\/wp-content\/uploads\/2016\/02\/arton1460.jpg","contentUrl":"https:\/\/www.iemj.org\/wp-content\/uploads\/2016\/02\/arton1460.jpg","width":171,"height":173},{"@type":"BreadcrumbList","@id":"https:\/\/www.iemj.org\/it\/limportance-du-chant-dans-la-tradition-juive-herve-roten\/#breadcrumb","itemListElement":[{"@type":"ListItem","position":1,"name":"Accueil","item":"https:\/\/www.iemj.org\/it\/"},{"@type":"ListItem","position":2,"name":"L&rsquo;importanza del canto nella tradizione ebraica &#8211; Herv\u00e9 Roten"}]},{"@type":"WebSite","@id":"https:\/\/www.iemj.org\/it\/#website","url":"https:\/\/www.iemj.org\/it\/","name":"Institut Europ\u00e9en des Musiques Juives","description":"Des traditions musicales \u00e0 la port\u00e9e de tous","publisher":{"@id":"https:\/\/www.iemj.org\/it\/#organization"},"potentialAction":[{"@type":"SearchAction","target":{"@type":"EntryPoint","urlTemplate":"https:\/\/www.iemj.org\/it\/?s={search_term_string}"},"query-input":{"@type":"PropertyValueSpecification","valueRequired":true,"valueName":"search_term_string"}}],"inLanguage":"it-IT"},{"@type":"Organization","@id":"https:\/\/www.iemj.org\/it\/#organization","name":"Institut Europ\u00e9en des Musiques Juives","url":"https:\/\/www.iemj.org\/it\/","logo":{"@type":"ImageObject","inLanguage":"it-IT","@id":"https:\/\/www.iemj.org\/it\/#\/schema\/logo\/image\/","url":"https:\/\/www.iemj.org\/wp-content\/uploads\/2021\/09\/Logo-IEMJ-Paypal.jpg","contentUrl":"https:\/\/www.iemj.org\/wp-content\/uploads\/2021\/09\/Logo-IEMJ-Paypal.jpg","width":150,"height":50,"caption":"Institut Europ\u00e9en des Musiques Juives"},"image":{"@id":"https:\/\/www.iemj.org\/it\/#\/schema\/logo\/image\/"},"sameAs":["https:\/\/www.facebook.com\/MusiquesJuives\/","https:\/\/www.instagram.com\/musiquesjuives\/","https:\/\/www.youtube.com\/user\/musiquesjuives"]},{"@type":"Person","@id":"https:\/\/www.iemj.org\/it\/#\/schema\/person\/e2ad57f2c4be119c7ed8ab79036807a9","name":"Lea Couderc","image":{"@type":"ImageObject","inLanguage":"it-IT","@id":"https:\/\/secure.gravatar.com\/avatar\/46ee021475d60aeff17a7e490b79dea5a5684bb392ab7fd1494027411df8ba23?s=96&d=mm&r=g","url":"https:\/\/secure.gravatar.com\/avatar\/46ee021475d60aeff17a7e490b79dea5a5684bb392ab7fd1494027411df8ba23?s=96&d=mm&r=g","contentUrl":"https:\/\/secure.gravatar.com\/avatar\/46ee021475d60aeff17a7e490b79dea5a5684bb392ab7fd1494027411df8ba23?s=96&d=mm&r=g","caption":"Lea Couderc"}}]}},"_links":{"self":[{"href":"https:\/\/www.iemj.org\/it\/wp-json\/wp\/v2\/posts\/106577","targetHints":{"allow":["GET"]}}],"collection":[{"href":"https:\/\/www.iemj.org\/it\/wp-json\/wp\/v2\/posts"}],"about":[{"href":"https:\/\/www.iemj.org\/it\/wp-json\/wp\/v2\/types\/post"}],"author":[{"embeddable":true,"href":"https:\/\/www.iemj.org\/it\/wp-json\/wp\/v2\/users\/1052"}],"replies":[{"embeddable":true,"href":"https:\/\/www.iemj.org\/it\/wp-json\/wp\/v2\/comments?post=106577"}],"version-history":[{"count":1,"href":"https:\/\/www.iemj.org\/it\/wp-json\/wp\/v2\/posts\/106577\/revisions"}],"predecessor-version":[{"id":126307,"href":"https:\/\/www.iemj.org\/it\/wp-json\/wp\/v2\/posts\/106577\/revisions\/126307"}],"wp:featuredmedia":[{"embeddable":true,"href":"https:\/\/www.iemj.org\/it\/wp-json\/wp\/v2\/media\/106578"}],"wp:attachment":[{"href":"https:\/\/www.iemj.org\/it\/wp-json\/wp\/v2\/media?parent=106577"}],"wp:term":[{"taxonomy":"category","embeddable":true,"href":"https:\/\/www.iemj.org\/it\/wp-json\/wp\/v2\/categories?post=106577"},{"taxonomy":"post_tag","embeddable":true,"href":"https:\/\/www.iemj.org\/it\/wp-json\/wp\/v2\/tags?post=106577"},{"taxonomy":"technique","embeddable":true,"href":"https:\/\/www.iemj.org\/it\/wp-json\/wp\/v2\/technique?post=106577"},{"taxonomy":"squelettes","embeddable":true,"href":"https:\/\/www.iemj.org\/it\/wp-json\/wp\/v2\/squelettes?post=106577"},{"taxonomy":"sujet","embeddable":true,"href":"https:\/\/www.iemj.org\/it\/wp-json\/wp\/v2\/sujet?post=106577"},{"taxonomy":"formation","embeddable":true,"href":"https:\/\/www.iemj.org\/it\/wp-json\/wp\/v2\/formation?post=106577"},{"taxonomy":"genre","embeddable":true,"href":"https:\/\/www.iemj.org\/it\/wp-json\/wp\/v2\/genre?post=106577"},{"taxonomy":"fonds","embeddable":true,"href":"https:\/\/www.iemj.org\/it\/wp-json\/wp\/v2\/fonds?post=106577"},{"taxonomy":"tradition","embeddable":true,"href":"https:\/\/www.iemj.org\/it\/wp-json\/wp\/v2\/tradition?post=106577"},{"taxonomy":"type-de-contenu","embeddable":true,"href":"https:\/\/www.iemj.org\/it\/wp-json\/wp\/v2\/type-de-contenu?post=106577"},{"taxonomy":"interprete-compositeur","embeddable":true,"href":"https:\/\/www.iemj.org\/it\/wp-json\/wp\/v2\/interprete-compositeur?post=106577"},{"taxonomy":"frise","embeddable":true,"href":"https:\/\/www.iemj.org\/it\/wp-json\/wp\/v2\/frise?post=106577"},{"taxonomy":"type-devenement","embeddable":true,"href":"https:\/\/www.iemj.org\/it\/wp-json\/wp\/v2\/type-devenement?post=106577"},{"taxonomy":"tableaux-liens-externes","embeddable":true,"href":"https:\/\/www.iemj.org\/it\/wp-json\/wp\/v2\/tableaux-liens-externes?post=106577"}],"curies":[{"name":"wp","href":"https:\/\/api.w.org\/{rel}","templated":true}]}}